{"id":278,"date":"2012-10-06T00:00:00","date_gmt":"2012-10-06T00:00:00","guid":{"rendered":"http:\/\/psol50.org.br\/arquivo\/2012\/10\/06\/sob-forte-calor-freixo-encerra-campanha-com-abraco-no-maracana\/"},"modified":"2012-10-06T00:00:00","modified_gmt":"2012-10-06T00:00:00","slug":"sob-forte-calor-freixo-encerra-campanha-com-abraco-no-maracana","status":"publish","type":"post","link":"https:\/\/psol50.org.br\/sob-forte-calor-freixo-encerra-campanha-com-abraco-no-maracana\/","title":{"rendered":"Sob forte calor, Freixo encerra campanha com abra\u00e7o no Maracan\u00e3"},"content":{"rendered":"<p><a href=\"http:\/\/psol50.org.br\/blog\/2012\/10\/06\/sob-forte-calor-freixo-encerra-campanha-com-abraco-no-maracana\/abracomaraca\/\" rel=\"attachment wp-att-16408\"><img loading=\"lazy\" decoding=\"async\" class=\"alignnone size-full wp-image-16408\" src=\"http:\/\/psol50.org.br\/files\/2012\/10\/abracomaraca.jpg\" alt=\"\" width=\"610\" height=\"415\" \/><\/a><\/p>\n<p>&nbsp;<\/p>\n<p>Sob um sol forte, que chegou a fazer com que sua m\u00e3e tivesse uma queda de press\u00e3o e precisasse ser amparada, o candidato do PSOL \u00e0 Prefeitura do Rio, Marcelo Freixo, encerrou sua campanha na manh\u00e3 deste s\u00e1bado (6) reunindo partid\u00e1rios para um abra\u00e7o coletivo ao est\u00e1dio do Maracan\u00e3, na zona norte.<\/p>\n<p>A manifesta\u00e7\u00e3o atraiu gente suficiente para cobrir com folga toda a circunfer\u00eancia do est\u00e1dio (cerca de 3 km) num abra\u00e7o coletivo. A maior parte dos participantes era jovem e v\u00e1rios vestiam camisetas de times de futebol e bradavam vers\u00f5es adaptadas de gritos de torcida organizada em prol da candidatura Freixo.<\/p>\n<p>O candidato chegou ao local \u00e0s 11h25, vestindo bermuda e uma camiseta preta com a frase de Bertold Brecht que adotou como slogan de campanha (&#8220;Nada deve parecer imposs\u00edvel de mudar&#8221;). Antes de puxar uma volta em torno do est\u00e1dio, discursou para seus seguidores. &#8220;Na sexta [21], na Lapa, n\u00f3s tivemos muita chuva, e hoje, muito sol, mas \u00e9 assim que a gente faz a primavera carioca. Parab\u00e9ns a todos.&#8221;<\/p>\n<p>Freixo criticou as sucessivas reformas do Maracan\u00e3 e disse que o abra\u00e7o ao est\u00e1dio era para mostrar que &#8220;o Maracan\u00e3 \u00e9 nosso, n\u00e3o das empreiteiras&#8221;. &#8220;Esse ato de hoje \u00e9 muito significativo. \u00c9 muito simb\u00f3lico que aconte\u00e7a isso aqui. Essa \u00e9 uma campanha que desafiou a tudo e a todos. \u00c9 nesse Rio que a gente acredita. N\u00f3s n\u00e3o somos um Rio, somos muitos. O Rio da toler\u00e2ncia, da paz.&#8221;<\/p>\n<p>Ele tamb\u00e9m elogiou os jovens (muitos com camiseta onde se lia &#8220;N\u00e3o ganho 1 real, t\u00f4 na rua por ideal&#8221;) por sua participa\u00e7\u00e3o ativa. &#8220;Essa foi uma campanha que teve na juventude seu combust\u00edvel maior. Foi uma campanha que mostrou que elei\u00e7\u00e3o n\u00e3o \u00e9 neg\u00f3cio, que campanha eleitoral a gente faz com valores.&#8221;<\/p>\n<p>Seus partid\u00e1rios e o pr\u00f3prio candidato demonstravam confian\u00e7a em um segundo turno (segundo o \u00faltimo Datafolha, Eduardo Paes, do PMDB, lidera com 57%; Freixo tem 20%), mas o representante do PSOL procurou mobilizar o apoio do p\u00fablico independentemente do resultado.<\/p>\n<p>&#8220;Se ganharmos a elei\u00e7\u00e3o, vamos governar juntos. Se n\u00e3o ganharmos, a resist\u00eancia vai come\u00e7ar no dia seguinte.&#8221;<\/p>\n<p>Fonte: http:\/\/www1.folha.uol.com.br: 06\/10\/2012 &#8211; 13h46<\/p>\n<p>Foto:\u00a0GUITO MORETO\/O GLOBO<\/p>\n","protected":false},"excerpt":{"rendered":"<p>&nbsp; Sob um sol forte, que chegou a fazer com que sua m\u00e3e tivesse uma queda de press\u00e3o e precisasse ser amparada, o candidato do PSOL \u00e0 Prefeitura do Rio, Marcelo Freixo, encerrou sua campanha na manh\u00e3 deste s\u00e1bado (6) reunindo partid\u00e1rios para um abra\u00e7o coletivo ao est\u00e1dio do Maracan\u00e3, na zona norte. A manifesta\u00e7\u00e3o [&hellip;]<\/p>\n","protected":false},"author":2,"featured_media":0,"comment_status":"open","ping_status":"open","sticky":false,"template":"","format":"standard","meta":{"_acf_changed":false,"footnotes":""},"categories":[4766,4974],"tags":[4975],"class_list":{"0":"post-278","1":"post","2":"type-post","3":"status-publish","4":"format-standard","6":"category-arquivo","7":"category-eleicoes-2012","8":"tag-eleicoes-2012"},"acf":[],"yoast_head":"<!-- This site is optimized with the Yoast SEO plugin v26.5 - https:\/\/yoast.com\/wordpress\/plugins\/seo\/ -->\n<title>Sob forte calor, Freixo encerra campanha com abra\u00e7o no Maracan\u00e3 - PSOL 50<\/title>\n<meta name=\"robots\" content=\"index, follow, max-snippet:-1, max-image-preview:large, max-video-preview:-1\" \/>\n<link rel=\"canonical\" href=\"https:\/\/psol50.org.br\/sob-forte-calor-freixo-encerra-campanha-com-abraco-no-maracana\/\" \/>\n<meta property=\"og:locale\" content=\"pt_BR\" \/>\n<meta property=\"og:type\" content=\"article\" \/>\n<meta property=\"og:title\" content=\"Sob forte calor, Freixo encerra campanha com abra\u00e7o no Maracan\u00e3 - PSOL 50\" \/>\n<meta property=\"og:description\" content=\"&nbsp; Sob um sol forte, que chegou a fazer com que sua m\u00e3e tivesse uma queda de press\u00e3o e precisasse ser amparada, o candidato do PSOL \u00e0 Prefeitura do Rio, Marcelo Freixo, encerrou sua campanha na manh\u00e3 deste s\u00e1bado (6) reunindo partid\u00e1rios para um abra\u00e7o coletivo ao est\u00e1dio do Maracan\u00e3, na zona norte. A manifesta\u00e7\u00e3o [&hellip;]\" \/>\n<meta property=\"og:url\" content=\"https:\/\/psol50.org.br\/sob-forte-calor-freixo-encerra-campanha-com-abraco-no-maracana\/\" \/>\n<meta property=\"og:site_name\" content=\"PSOL 50\" \/>\n<meta property=\"article:publisher\" content=\"https:\/\/www.facebook.com\/psol50\" \/>\n<meta property=\"article:published_time\" content=\"2012-10-06T00:00:00+00:00\" \/>\n<meta property=\"og:image\" content=\"http:\/\/psol50.org.br\/files\/2012\/10\/abracomaraca.jpg\" \/>\n<meta name=\"author\" content=\"Comunica\u00e7\u00e3o PSOL\" \/>\n<meta name=\"twitter:card\" content=\"summary_large_image\" \/>\n<meta name=\"twitter:creator\" content=\"@psol50\" \/>\n<meta name=\"twitter:site\" content=\"@psol50\" \/>\n<meta name=\"twitter:label1\" content=\"Escrito por\" \/>\n\t<meta name=\"twitter:data1\" content=\"Comunica\u00e7\u00e3o PSOL\" \/>\n\t<meta name=\"twitter:label2\" content=\"Est. tempo de leitura\" \/>\n\t<meta name=\"twitter:data2\" content=\"2 minutos\" \/>\n<script type=\"application\/ld+json\" class=\"yoast-schema-graph\">{\"@context\":\"https:\/\/schema.org\",\"@graph\":[{\"@type\":\"Article\",\"@id\":\"https:\/\/psol50.org.br\/sob-forte-calor-freixo-encerra-campanha-com-abraco-no-maracana\/#article\",\"isPartOf\":{\"@id\":\"https:\/\/psol50.org.br\/sob-forte-calor-freixo-encerra-campanha-com-abraco-no-maracana\/\"},\"author\":{\"name\":\"Comunica\u00e7\u00e3o PSOL\",\"@id\":\"https:\/\/psol50.org.br\/#\/schema\/person\/475dfa57d0b815993c714c2e96491fcd\"},\"headline\":\"Sob forte calor, Freixo encerra campanha com abra\u00e7o no Maracan\u00e3\",\"datePublished\":\"2012-10-06T00:00:00+00:00\",\"mainEntityOfPage\":{\"@id\":\"https:\/\/psol50.org.br\/sob-forte-calor-freixo-encerra-campanha-com-abraco-no-maracana\/\"},\"wordCount\":403,\"commentCount\":0,\"publisher\":{\"@id\":\"https:\/\/psol50.org.br\/#organization\"},\"image\":{\"@id\":\"https:\/\/psol50.org.br\/sob-forte-calor-freixo-encerra-campanha-com-abraco-no-maracana\/#primaryimage\"},\"thumbnailUrl\":\"http:\/\/psol50.org.br\/files\/2012\/10\/abracomaraca.jpg\",\"keywords\":[\"Elei\u00e7\u00f5es 2012\"],\"articleSection\":[\"Arquivo\",\"ELEI\u00c7\u00d5ES 2012\"],\"inLanguage\":\"pt-BR\",\"potentialAction\":[{\"@type\":\"CommentAction\",\"name\":\"Comment\",\"target\":[\"https:\/\/psol50.org.br\/sob-forte-calor-freixo-encerra-campanha-com-abraco-no-maracana\/#respond\"]}]},{\"@type\":\"WebPage\",\"@id\":\"https:\/\/psol50.org.br\/sob-forte-calor-freixo-encerra-campanha-com-abraco-no-maracana\/\",\"url\":\"https:\/\/psol50.org.br\/sob-forte-calor-freixo-encerra-campanha-com-abraco-no-maracana\/\",\"name\":\"Sob forte calor, Freixo encerra campanha com abra\u00e7o no Maracan\u00e3 - PSOL 50\",\"isPartOf\":{\"@id\":\"https:\/\/psol50.org.br\/#website\"},\"primaryImageOfPage\":{\"@id\":\"https:\/\/psol50.org.br\/sob-forte-calor-freixo-encerra-campanha-com-abraco-no-maracana\/#primaryimage\"},\"image\":{\"@id\":\"https:\/\/psol50.org.br\/sob-forte-calor-freixo-encerra-campanha-com-abraco-no-maracana\/#primaryimage\"},\"thumbnailUrl\":\"http:\/\/psol50.org.br\/files\/2012\/10\/abracomaraca.jpg\",\"datePublished\":\"2012-10-06T00:00:00+00:00\",\"breadcrumb\":{\"@id\":\"https:\/\/psol50.org.br\/sob-forte-calor-freixo-encerra-campanha-com-abraco-no-maracana\/#breadcrumb\"},\"inLanguage\":\"pt-BR\",\"potentialAction\":[{\"@type\":\"ReadAction\",\"target\":[\"https:\/\/psol50.org.br\/sob-forte-calor-freixo-encerra-campanha-com-abraco-no-maracana\/\"]}]},{\"@type\":\"ImageObject\",\"inLanguage\":\"pt-BR\",\"@id\":\"https:\/\/psol50.org.br\/sob-forte-calor-freixo-encerra-campanha-com-abraco-no-maracana\/#primaryimage\",\"url\":\"http:\/\/psol50.org.br\/files\/2012\/10\/abracomaraca.jpg\",\"contentUrl\":\"http:\/\/psol50.org.br\/files\/2012\/10\/abracomaraca.jpg\"},{\"@type\":\"BreadcrumbList\",\"@id\":\"https:\/\/psol50.org.br\/sob-forte-calor-freixo-encerra-campanha-com-abraco-no-maracana\/#breadcrumb\",\"itemListElement\":[{\"@type\":\"ListItem\",\"position\":1,\"name\":\"In\u00edcio\",\"item\":\"https:\/\/psol50.org.br\/\"},{\"@type\":\"ListItem\",\"position\":2,\"name\":\"Sob forte calor, Freixo encerra campanha com abra\u00e7o no Maracan\u00e3\"}]},{\"@type\":\"WebSite\",\"@id\":\"https:\/\/psol50.org.br\/#website\",\"url\":\"https:\/\/psol50.org.br\/\",\"name\":\"PSOL 50\",\"description\":\"Site oficial do Partido Socialismo e Liberdade\",\"publisher\":{\"@id\":\"https:\/\/psol50.org.br\/#organization\"},\"alternateName\":\"PSOL50\",\"potentialAction\":[{\"@type\":\"SearchAction\",\"target\":{\"@type\":\"EntryPoint\",\"urlTemplate\":\"https:\/\/psol50.org.br\/?s={search_term_string}\"},\"query-input\":{\"@type\":\"PropertyValueSpecification\",\"valueRequired\":true,\"valueName\":\"search_term_string\"}}],\"inLanguage\":\"pt-BR\"},{\"@type\":\"Organization\",\"@id\":\"https:\/\/psol50.org.br\/#organization\",\"name\":\"PSOL 50\",\"alternateName\":\"PSOL 50\",\"url\":\"https:\/\/psol50.org.br\/\",\"logo\":{\"@type\":\"ImageObject\",\"inLanguage\":\"pt-BR\",\"@id\":\"https:\/\/psol50.org.br\/#\/schema\/logo\/image\/\",\"url\":\"https:\/\/psol50.org.br\/inc\/uploads\/2018\/07\/capa.png\",\"contentUrl\":\"https:\/\/psol50.org.br\/inc\/uploads\/2018\/07\/capa.png\",\"width\":1350,\"height\":900,\"caption\":\"PSOL 50\"},\"image\":{\"@id\":\"https:\/\/psol50.org.br\/#\/schema\/logo\/image\/\"},\"sameAs\":[\"https:\/\/www.facebook.com\/psol50\",\"https:\/\/x.com\/psol50\",\"https:\/\/www.instagram.com\/psol50\/\",\"https:\/\/www.youtube.com\/channel\/UC7SnJS5o1os7a6CaiNabzcg\"]},{\"@type\":\"Person\",\"@id\":\"https:\/\/psol50.org.br\/#\/schema\/person\/475dfa57d0b815993c714c2e96491fcd\",\"name\":\"Comunica\u00e7\u00e3o PSOL\",\"image\":{\"@type\":\"ImageObject\",\"inLanguage\":\"pt-BR\",\"@id\":\"https:\/\/psol50.org.br\/#\/schema\/person\/image\/\",\"url\":\"https:\/\/secure.gravatar.com\/avatar\/b34fc4f4e468a4e51785917065a3db57b841f5c95dba6ad8c73aaf8f66f8f9bf?s=96&d=mm&r=g\",\"contentUrl\":\"https:\/\/secure.gravatar.com\/avatar\/b34fc4f4e468a4e51785917065a3db57b841f5c95dba6ad8c73aaf8f66f8f9bf?s=96&d=mm&r=g\",\"caption\":\"Comunica\u00e7\u00e3o PSOL\"}}]}<\/script>\n<!-- \/ Yoast SEO plugin. -->","yoast_head_json":{"title":"Sob forte calor, Freixo encerra campanha com abra\u00e7o no Maracan\u00e3 - PSOL 50","robots":{"index":"index","follow":"follow","max-snippet":"max-snippet:-1","max-image-preview":"max-image-preview:large","max-video-preview":"max-video-preview:-1"},"canonical":"https:\/\/psol50.org.br\/sob-forte-calor-freixo-encerra-campanha-com-abraco-no-maracana\/","og_locale":"pt_BR","og_type":"article","og_title":"Sob forte calor, Freixo encerra campanha com abra\u00e7o no Maracan\u00e3 - PSOL 50","og_description":"&nbsp; Sob um sol forte, que chegou a fazer com que sua m\u00e3e tivesse uma queda de press\u00e3o e precisasse ser amparada, o candidato do PSOL \u00e0 Prefeitura do Rio, Marcelo Freixo, encerrou sua campanha na manh\u00e3 deste s\u00e1bado (6) reunindo partid\u00e1rios para um abra\u00e7o coletivo ao est\u00e1dio do Maracan\u00e3, na zona norte. A manifesta\u00e7\u00e3o [&hellip;]","og_url":"https:\/\/psol50.org.br\/sob-forte-calor-freixo-encerra-campanha-com-abraco-no-maracana\/","og_site_name":"PSOL 50","article_publisher":"https:\/\/www.facebook.com\/psol50","article_published_time":"2012-10-06T00:00:00+00:00","og_image":[{"url":"http:\/\/psol50.org.br\/files\/2012\/10\/abracomaraca.jpg","type":"","width":"","height":""}],"author":"Comunica\u00e7\u00e3o PSOL","twitter_card":"summary_large_image","twitter_creator":"@psol50","twitter_site":"@psol50","twitter_misc":{"Escrito por":"Comunica\u00e7\u00e3o PSOL","Est. tempo de leitura":"2 minutos"},"schema":{"@context":"https:\/\/schema.org","@graph":[{"@type":"Article","@id":"https:\/\/psol50.org.br\/sob-forte-calor-freixo-encerra-campanha-com-abraco-no-maracana\/#article","isPartOf":{"@id":"https:\/\/psol50.org.br\/sob-forte-calor-freixo-encerra-campanha-com-abraco-no-maracana\/"},"author":{"name":"Comunica\u00e7\u00e3o PSOL","@id":"https:\/\/psol50.org.br\/#\/schema\/person\/475dfa57d0b815993c714c2e96491fcd"},"headline":"Sob forte calor, Freixo encerra campanha com abra\u00e7o no Maracan\u00e3","datePublished":"2012-10-06T00:00:00+00:00","mainEntityOfPage":{"@id":"https:\/\/psol50.org.br\/sob-forte-calor-freixo-encerra-campanha-com-abraco-no-maracana\/"},"wordCount":403,"commentCount":0,"publisher":{"@id":"https:\/\/psol50.org.br\/#organization"},"image":{"@id":"https:\/\/psol50.org.br\/sob-forte-calor-freixo-encerra-campanha-com-abraco-no-maracana\/#primaryimage"},"thumbnailUrl":"http:\/\/psol50.org.br\/files\/2012\/10\/abracomaraca.jpg","keywords":["Elei\u00e7\u00f5es 2012"],"articleSection":["Arquivo","ELEI\u00c7\u00d5ES 2012"],"inLanguage":"pt-BR","potentialAction":[{"@type":"CommentAction","name":"Comment","target":["https:\/\/psol50.org.br\/sob-forte-calor-freixo-encerra-campanha-com-abraco-no-maracana\/#respond"]}]},{"@type":"WebPage","@id":"https:\/\/psol50.org.br\/sob-forte-calor-freixo-encerra-campanha-com-abraco-no-maracana\/","url":"https:\/\/psol50.org.br\/sob-forte-calor-freixo-encerra-campanha-com-abraco-no-maracana\/","name":"Sob forte calor, Freixo encerra campanha com abra\u00e7o no Maracan\u00e3 - PSOL 50","isPartOf":{"@id":"https:\/\/psol50.org.br\/#website"},"primaryImageOfPage":{"@id":"https:\/\/psol50.org.br\/sob-forte-calor-freixo-encerra-campanha-com-abraco-no-maracana\/#primaryimage"},"image":{"@id":"https:\/\/psol50.org.br\/sob-forte-calor-freixo-encerra-campanha-com-abraco-no-maracana\/#primaryimage"},"thumbnailUrl":"http:\/\/psol50.org.br\/files\/2012\/10\/abracomaraca.jpg","datePublished":"2012-10-06T00:00:00+00:00","breadcrumb":{"@id":"https:\/\/psol50.org.br\/sob-forte-calor-freixo-encerra-campanha-com-abraco-no-maracana\/#breadcrumb"},"inLanguage":"pt-BR","potentialAction":[{"@type":"ReadAction","target":["https:\/\/psol50.org.br\/sob-forte-calor-freixo-encerra-campanha-com-abraco-no-maracana\/"]}]},{"@type":"ImageObject","inLanguage":"pt-BR","@id":"https:\/\/psol50.org.br\/sob-forte-calor-freixo-encerra-campanha-com-abraco-no-maracana\/#primaryimage","url":"http:\/\/psol50.org.br\/files\/2012\/10\/abracomaraca.jpg","contentUrl":"http:\/\/psol50.org.br\/files\/2012\/10\/abracomaraca.jpg"},{"@type":"BreadcrumbList","@id":"https:\/\/psol50.org.br\/sob-forte-calor-freixo-encerra-campanha-com-abraco-no-maracana\/#breadcrumb","itemListElement":[{"@type":"ListItem","position":1,"name":"In\u00edcio","item":"https:\/\/psol50.org.br\/"},{"@type":"ListItem","position":2,"name":"Sob forte calor, Freixo encerra campanha com abra\u00e7o no Maracan\u00e3"}]},{"@type":"WebSite","@id":"https:\/\/psol50.org.br\/#website","url":"https:\/\/psol50.org.br\/","name":"PSOL 50","description":"Site oficial do Partido Socialismo e Liberdade","publisher":{"@id":"https:\/\/psol50.org.br\/#organization"},"alternateName":"PSOL50","potentialAction":[{"@type":"SearchAction","target":{"@type":"EntryPoint","urlTemplate":"https:\/\/psol50.org.br\/?s={search_term_string}"},"query-input":{"@type":"PropertyValueSpecification","valueRequired":true,"valueName":"search_term_string"}}],"inLanguage":"pt-BR"},{"@type":"Organization","@id":"https:\/\/psol50.org.br\/#organization","name":"PSOL 50","alternateName":"PSOL 50","url":"https:\/\/psol50.org.br\/","logo":{"@type":"ImageObject","inLanguage":"pt-BR","@id":"https:\/\/psol50.org.br\/#\/schema\/logo\/image\/","url":"https:\/\/psol50.org.br\/inc\/uploads\/2018\/07\/capa.png","contentUrl":"https:\/\/psol50.org.br\/inc\/uploads\/2018\/07\/capa.png","width":1350,"height":900,"caption":"PSOL 50"},"image":{"@id":"https:\/\/psol50.org.br\/#\/schema\/logo\/image\/"},"sameAs":["https:\/\/www.facebook.com\/psol50","https:\/\/x.com\/psol50","https:\/\/www.instagram.com\/psol50\/","https:\/\/www.youtube.com\/channel\/UC7SnJS5o1os7a6CaiNabzcg"]},{"@type":"Person","@id":"https:\/\/psol50.org.br\/#\/schema\/person\/475dfa57d0b815993c714c2e96491fcd","name":"Comunica\u00e7\u00e3o PSOL","image":{"@type":"ImageObject","inLanguage":"pt-BR","@id":"https:\/\/psol50.org.br\/#\/schema\/person\/image\/","url":"https:\/\/secure.gravatar.com\/avatar\/b34fc4f4e468a4e51785917065a3db57b841f5c95dba6ad8c73aaf8f66f8f9bf?s=96&d=mm&r=g","contentUrl":"https:\/\/secure.gravatar.com\/avatar\/b34fc4f4e468a4e51785917065a3db57b841f5c95dba6ad8c73aaf8f66f8f9bf?s=96&d=mm&r=g","caption":"Comunica\u00e7\u00e3o PSOL"}}]}},"_links":{"self":[{"href":"https:\/\/psol50.org.br\/rest\/wp\/v2\/posts\/278","targetHints":{"allow":["GET"]}}],"collection":[{"href":"https:\/\/psol50.org.br\/rest\/wp\/v2\/posts"}],"about":[{"href":"https:\/\/psol50.org.br\/rest\/wp\/v2\/types\/post"}],"author":[{"embeddable":true,"href":"https:\/\/psol50.org.br\/rest\/wp\/v2\/users\/2"}],"replies":[{"embeddable":true,"href":"https:\/\/psol50.org.br\/rest\/wp\/v2\/comments?post=278"}],"version-history":[{"count":0,"href":"https:\/\/psol50.org.br\/rest\/wp\/v2\/posts\/278\/revisions"}],"wp:attachment":[{"href":"https:\/\/psol50.org.br\/rest\/wp\/v2\/media?parent=278"}],"wp:term":[{"taxonomy":"category","embeddable":true,"href":"https:\/\/psol50.org.br\/rest\/wp\/v2\/categories?post=278"},{"taxonomy":"post_tag","embeddable":true,"href":"https:\/\/psol50.org.br\/rest\/wp\/v2\/tags?post=278"}],"curies":[{"name":"wp","href":"https:\/\/api.w.org\/{rel}","templated":true}]}}