{"id":27805,"date":"2020-03-19T15:59:56","date_gmt":"2020-03-19T18:59:56","guid":{"rendered":"https:\/\/psol50.org.br\/?p=27805"},"modified":"2020-03-19T15:59:56","modified_gmt":"2020-03-19T18:59:56","slug":"psol-propoe-alteracao-no-codigo-de-defesa-do-consumir-para-aliviar-cobranca-de-dividas-durante-pandemias","status":"publish","type":"post","link":"https:\/\/psol50.org.br\/psol-propoe-alteracao-no-codigo-de-defesa-do-consumir-para-aliviar-cobranca-de-dividas-durante-pandemias\/","title":{"rendered":"PSOL prop\u00f5e altera\u00e7\u00e3o no C\u00f3digo de Defesa do Consumidor para aliviar cobran\u00e7a de d\u00edvidas durante pandemias"},"content":{"rendered":"<p><a href=\"https:\/\/psol50.org.br\/coronavirus\/\" target=\"_blank\" rel=\"noopener noreferrer\"><img loading=\"lazy\" decoding=\"async\" class=\"alignnone size-full wp-image-27838\" src=\"https:\/\/psol50.org.br\/inc\/uploads\/2020\/03\/Banner-Site_3.png\" alt=\"\" width=\"1240\" height=\"331\" srcset=\"https:\/\/psol50.org.br\/inc\/uploads\/2020\/03\/Banner-Site_3.png 1240w, https:\/\/psol50.org.br\/inc\/uploads\/2020\/03\/Banner-Site_3-300x80.png 300w, https:\/\/psol50.org.br\/inc\/uploads\/2020\/03\/Banner-Site_3-1024x273.png 1024w, https:\/\/psol50.org.br\/inc\/uploads\/2020\/03\/Banner-Site_3-768x205.png 768w, https:\/\/psol50.org.br\/inc\/uploads\/2020\/03\/Banner-Site_3-150x40.png 150w, https:\/\/psol50.org.br\/inc\/uploads\/2020\/03\/Banner-Site_3-696x186.png 696w, https:\/\/psol50.org.br\/inc\/uploads\/2020\/03\/Banner-Site_3-1068x285.png 1068w\" sizes=\"auto, (max-width: 1240px) 100vw, 1240px\" \/><\/a><\/p>\n<p>Tal\u00edria Petrone e Glauber Braga, deputados federais pelo PSOL-RJ, apresentaram o projeto de lei 708\/2020, que prev\u00ea a altera\u00e7\u00e3o do C\u00f3digo de Defesa do Consumidor (Lei 8078\/1990) para que d\u00edvidas decorrentes de inadimpl\u00eancia por caso fortuito ou for\u00e7a maior de alcance nacional sejam suspensas , temporariamente, sem a cobran\u00e7a de multa, juros e outras san\u00e7\u00f5es. Se o projeto for aprovado, a suspens\u00e3o da cobran\u00e7a ser\u00e1 por 120 dias ou por at\u00e9 30 dias ap\u00f3s o t\u00e9rmino das medidas de restri\u00e7\u00e3o de circula\u00e7\u00e3o.<\/p>\n<p>A autora do projeto lembra que as restri\u00e7\u00f5es para grande n\u00famero de profissionais \u2013 o Brasil possui hoje mais de 40 milh\u00f5es de trabalhadores informais \u2013 geram perda significativa de recursos financeiros. Al\u00e9m disso, milhares de pessoas, especialmente aqueles no grupo de maior risco \u2013 os idosos \u2013 n\u00e3o conseguem realizar pagamentos por telefone ou por meio de recursos eletr\u00f4nicos.<\/p>\n<p>\u201cExigir que estas pessoas se dirijam a bancos e casas lot\u00e9ricas neste momento para que n\u00e3o tenham servi\u00e7os cortados seria desobedecer \u00e0s recomenda\u00e7\u00f5es da OMS\u201d, destacam Tal\u00edria e Glauber.<\/p>\n","protected":false},"excerpt":{"rendered":"<p>Tal\u00edria Petrone e Glauber Braga, deputados federais pelo PSOL-RJ, apresentaram o projeto de lei 708\/2020, que prev\u00ea a altera\u00e7\u00e3o do C\u00f3digo de Defesa do Consumidor (Lei 8078\/1990) para que d\u00edvidas decorrentes de inadimpl\u00eancia por caso fortuito ou for\u00e7a maior de alcance nacional sejam suspensas , temporariamente, sem a cobran\u00e7a de multa, juros e outras san\u00e7\u00f5es. [&hellip;]<\/p>\n","protected":false},"author":2,"featured_media":27807,"comment_status":"closed","ping_status":"open","sticky":false,"template":"","format":"standard","meta":{"_acf_changed":false,"footnotes":""},"categories":[10,6],"tags":[376,377,171,378,367,22,366],"class_list":{"0":"post-27805","1":"post","2":"type-post","3":"status-publish","4":"format-standard","5":"has-post-thumbnail","7":"category-acao-parlamentares","8":"category-noticias","9":"tag-cobranca","10":"tag-codigo-de-defesa-do-consumidor","11":"tag-coronavirus","12":"tag-dividas","13":"tag-pandemia","14":"tag-psol","15":"tag-psolcontraocoronavirus"},"acf":[],"yoast_head":"<!-- This site is optimized with the Yoast SEO plugin v26.5 - https:\/\/yoast.com\/wordpress\/plugins\/seo\/ -->\n<title>PSOL prop\u00f5e altera\u00e7\u00e3o no C\u00f3digo de Defesa do Consumidor para aliviar cobran\u00e7a de d\u00edvidas durante pandemias<\/title>\n<meta name=\"description\" content=\"Se o projeto for aprovado, a suspens\u00e3o da cobran\u00e7a ser\u00e1 por 120 dias ou por at\u00e9 30 dias ap\u00f3s o t\u00e9rmino das medidas de restri\u00e7\u00e3o de circula\u00e7\u00e3o.\" \/>\n<meta name=\"robots\" content=\"index, follow, max-snippet:-1, max-image-preview:large, max-video-preview:-1\" \/>\n<link rel=\"canonical\" href=\"https:\/\/psol50.org.br\/psol-propoe-alteracao-no-codigo-de-defesa-do-consumir-para-aliviar-cobranca-de-dividas-durante-pandemias\/\" \/>\n<meta property=\"og:locale\" content=\"pt_BR\" \/>\n<meta property=\"og:type\" content=\"article\" \/>\n<meta property=\"og:title\" content=\"PSOL prop\u00f5e altera\u00e7\u00e3o no C\u00f3digo de Defesa do Consumidor para aliviar cobran\u00e7a de d\u00edvidas durante pandemias\" \/>\n<meta property=\"og:description\" content=\"Se o projeto for aprovado, a suspens\u00e3o da cobran\u00e7a ser\u00e1 por 120 dias ou por at\u00e9 30 dias ap\u00f3s o t\u00e9rmino das medidas de restri\u00e7\u00e3o de circula\u00e7\u00e3o.\" \/>\n<meta property=\"og:url\" content=\"https:\/\/psol50.org.br\/psol-propoe-alteracao-no-codigo-de-defesa-do-consumir-para-aliviar-cobranca-de-dividas-durante-pandemias\/\" \/>\n<meta property=\"og:site_name\" content=\"PSOL 50\" \/>\n<meta property=\"article:publisher\" content=\"https:\/\/www.facebook.com\/psol50\" \/>\n<meta property=\"article:published_time\" content=\"2020-03-19T18:59:56+00:00\" \/>\n<meta property=\"og:image\" content=\"https:\/\/psol50.org.br\/inc\/uploads\/2020\/03\/mega-sena_acumula_105-milhoes_30112015_001.jpg\" \/>\n\t<meta property=\"og:image:width\" content=\"1600\" \/>\n\t<meta property=\"og:image:height\" content=\"1200\" \/>\n\t<meta property=\"og:image:type\" content=\"image\/jpeg\" \/>\n<meta name=\"author\" content=\"Comunica\u00e7\u00e3o PSOL\" \/>\n<meta name=\"twitter:card\" content=\"summary_large_image\" \/>\n<meta name=\"twitter:title\" content=\"PSOL prop\u00f5e altera\u00e7\u00e3o no C\u00f3digo de Defesa do Consumidor para aliviar cobran\u00e7a de d\u00edvidas durante pandemias\" \/>\n<meta name=\"twitter:description\" content=\"Se o projeto for aprovado, a suspens\u00e3o da cobran\u00e7a ser\u00e1 por 120 dias ou por at\u00e9 30 dias ap\u00f3s o t\u00e9rmino das medidas de restri\u00e7\u00e3o de circula\u00e7\u00e3o.\" \/>\n<meta name=\"twitter:image\" content=\"https:\/\/psol50.org.br\/inc\/uploads\/2020\/03\/mega-sena_acumula_105-milhoes_30112015_001.jpg\" \/>\n<meta name=\"twitter:creator\" content=\"@psol50\" \/>\n<meta name=\"twitter:site\" content=\"@psol50\" \/>\n<meta name=\"twitter:label1\" content=\"Escrito por\" \/>\n\t<meta name=\"twitter:data1\" content=\"Comunica\u00e7\u00e3o PSOL\" \/>\n\t<meta name=\"twitter:label2\" content=\"Est. tempo de leitura\" \/>\n\t<meta name=\"twitter:data2\" content=\"1 minuto\" \/>\n<script type=\"application\/ld+json\" class=\"yoast-schema-graph\">{\"@context\":\"https:\/\/schema.org\",\"@graph\":[{\"@type\":\"Article\",\"@id\":\"https:\/\/psol50.org.br\/psol-propoe-alteracao-no-codigo-de-defesa-do-consumir-para-aliviar-cobranca-de-dividas-durante-pandemias\/#article\",\"isPartOf\":{\"@id\":\"https:\/\/psol50.org.br\/psol-propoe-alteracao-no-codigo-de-defesa-do-consumir-para-aliviar-cobranca-de-dividas-durante-pandemias\/\"},\"author\":{\"name\":\"Comunica\u00e7\u00e3o PSOL\",\"@id\":\"https:\/\/psol50.org.br\/#\/schema\/person\/475dfa57d0b815993c714c2e96491fcd\"},\"headline\":\"PSOL prop\u00f5e altera\u00e7\u00e3o no C\u00f3digo de Defesa do Consumidor para aliviar cobran\u00e7a de d\u00edvidas durante pandemias\",\"datePublished\":\"2020-03-19T18:59:56+00:00\",\"mainEntityOfPage\":{\"@id\":\"https:\/\/psol50.org.br\/psol-propoe-alteracao-no-codigo-de-defesa-do-consumir-para-aliviar-cobranca-de-dividas-durante-pandemias\/\"},\"wordCount\":207,\"publisher\":{\"@id\":\"https:\/\/psol50.org.br\/#organization\"},\"image\":{\"@id\":\"https:\/\/psol50.org.br\/psol-propoe-alteracao-no-codigo-de-defesa-do-consumir-para-aliviar-cobranca-de-dividas-durante-pandemias\/#primaryimage\"},\"thumbnailUrl\":\"https:\/\/psol50.org.br\/inc\/uploads\/2020\/03\/mega-sena_acumula_105-milhoes_30112015_001.jpg\",\"keywords\":[\"cobran\u00e7a\",\"c\u00f3digo de defesa do consumidor\",\"coronav\u00edrus\",\"d\u00edvidas\",\"pandemia\",\"PSOL\",\"psolcontraocoronavirus\"],\"articleSection\":[\"A\u00e7\u00e3o Parlamentar\",\"Not\u00edcias\"],\"inLanguage\":\"pt-BR\"},{\"@type\":\"WebPage\",\"@id\":\"https:\/\/psol50.org.br\/psol-propoe-alteracao-no-codigo-de-defesa-do-consumir-para-aliviar-cobranca-de-dividas-durante-pandemias\/\",\"url\":\"https:\/\/psol50.org.br\/psol-propoe-alteracao-no-codigo-de-defesa-do-consumir-para-aliviar-cobranca-de-dividas-durante-pandemias\/\",\"name\":\"PSOL prop\u00f5e altera\u00e7\u00e3o no C\u00f3digo de Defesa do Consumidor para aliviar cobran\u00e7a de d\u00edvidas durante pandemias\",\"isPartOf\":{\"@id\":\"https:\/\/psol50.org.br\/#website\"},\"primaryImageOfPage\":{\"@id\":\"https:\/\/psol50.org.br\/psol-propoe-alteracao-no-codigo-de-defesa-do-consumir-para-aliviar-cobranca-de-dividas-durante-pandemias\/#primaryimage\"},\"image\":{\"@id\":\"https:\/\/psol50.org.br\/psol-propoe-alteracao-no-codigo-de-defesa-do-consumir-para-aliviar-cobranca-de-dividas-durante-pandemias\/#primaryimage\"},\"thumbnailUrl\":\"https:\/\/psol50.org.br\/inc\/uploads\/2020\/03\/mega-sena_acumula_105-milhoes_30112015_001.jpg\",\"datePublished\":\"2020-03-19T18:59:56+00:00\",\"description\":\"Se o projeto for aprovado, a suspens\u00e3o da cobran\u00e7a ser\u00e1 por 120 dias ou por at\u00e9 30 dias ap\u00f3s o t\u00e9rmino das medidas de restri\u00e7\u00e3o de circula\u00e7\u00e3o.\",\"breadcrumb\":{\"@id\":\"https:\/\/psol50.org.br\/psol-propoe-alteracao-no-codigo-de-defesa-do-consumir-para-aliviar-cobranca-de-dividas-durante-pandemias\/#breadcrumb\"},\"inLanguage\":\"pt-BR\",\"potentialAction\":[{\"@type\":\"ReadAction\",\"target\":[\"https:\/\/psol50.org.br\/psol-propoe-alteracao-no-codigo-de-defesa-do-consumir-para-aliviar-cobranca-de-dividas-durante-pandemias\/\"]}]},{\"@type\":\"ImageObject\",\"inLanguage\":\"pt-BR\",\"@id\":\"https:\/\/psol50.org.br\/psol-propoe-alteracao-no-codigo-de-defesa-do-consumir-para-aliviar-cobranca-de-dividas-durante-pandemias\/#primaryimage\",\"url\":\"https:\/\/psol50.org.br\/inc\/uploads\/2020\/03\/mega-sena_acumula_105-milhoes_30112015_001.jpg\",\"contentUrl\":\"https:\/\/psol50.org.br\/inc\/uploads\/2020\/03\/mega-sena_acumula_105-milhoes_30112015_001.jpg\",\"width\":1600,\"height\":1200,\"caption\":\"Foto: Andr\u00e9 Tambucci\/ Fotos P\u00fablicas\"},{\"@type\":\"BreadcrumbList\",\"@id\":\"https:\/\/psol50.org.br\/psol-propoe-alteracao-no-codigo-de-defesa-do-consumir-para-aliviar-cobranca-de-dividas-durante-pandemias\/#breadcrumb\",\"itemListElement\":[{\"@type\":\"ListItem\",\"position\":1,\"name\":\"In\u00edcio\",\"item\":\"https:\/\/psol50.org.br\/\"},{\"@type\":\"ListItem\",\"position\":2,\"name\":\"PSOL prop\u00f5e altera\u00e7\u00e3o no C\u00f3digo de Defesa do Consumidor para aliviar cobran\u00e7a de d\u00edvidas durante pandemias\"}]},{\"@type\":\"WebSite\",\"@id\":\"https:\/\/psol50.org.br\/#website\",\"url\":\"https:\/\/psol50.org.br\/\",\"name\":\"PSOL 50\",\"description\":\"Site oficial do Partido Socialismo e Liberdade\",\"publisher\":{\"@id\":\"https:\/\/psol50.org.br\/#organization\"},\"alternateName\":\"PSOL50\",\"potentialAction\":[{\"@type\":\"SearchAction\",\"target\":{\"@type\":\"EntryPoint\",\"urlTemplate\":\"https:\/\/psol50.org.br\/?s={search_term_string}\"},\"query-input\":{\"@type\":\"PropertyValueSpecification\",\"valueRequired\":true,\"valueName\":\"search_term_string\"}}],\"inLanguage\":\"pt-BR\"},{\"@type\":\"Organization\",\"@id\":\"https:\/\/psol50.org.br\/#organization\",\"name\":\"PSOL 50\",\"alternateName\":\"PSOL 50\",\"url\":\"https:\/\/psol50.org.br\/\",\"logo\":{\"@type\":\"ImageObject\",\"inLanguage\":\"pt-BR\",\"@id\":\"https:\/\/psol50.org.br\/#\/schema\/logo\/image\/\",\"url\":\"https:\/\/psol50.org.br\/inc\/uploads\/2018\/07\/capa.png\",\"contentUrl\":\"https:\/\/psol50.org.br\/inc\/uploads\/2018\/07\/capa.png\",\"width\":1350,\"height\":900,\"caption\":\"PSOL 50\"},\"image\":{\"@id\":\"https:\/\/psol50.org.br\/#\/schema\/logo\/image\/\"},\"sameAs\":[\"https:\/\/www.facebook.com\/psol50\",\"https:\/\/x.com\/psol50\",\"https:\/\/www.instagram.com\/psol50\/\",\"https:\/\/www.youtube.com\/channel\/UC7SnJS5o1os7a6CaiNabzcg\"]},{\"@type\":\"Person\",\"@id\":\"https:\/\/psol50.org.br\/#\/schema\/person\/475dfa57d0b815993c714c2e96491fcd\",\"name\":\"Comunica\u00e7\u00e3o PSOL\",\"image\":{\"@type\":\"ImageObject\",\"inLanguage\":\"pt-BR\",\"@id\":\"https:\/\/psol50.org.br\/#\/schema\/person\/image\/\",\"url\":\"https:\/\/secure.gravatar.com\/avatar\/b34fc4f4e468a4e51785917065a3db57b841f5c95dba6ad8c73aaf8f66f8f9bf?s=96&d=mm&r=g\",\"contentUrl\":\"https:\/\/secure.gravatar.com\/avatar\/b34fc4f4e468a4e51785917065a3db57b841f5c95dba6ad8c73aaf8f66f8f9bf?s=96&d=mm&r=g\",\"caption\":\"Comunica\u00e7\u00e3o PSOL\"}}]}<\/script>\n<!-- \/ Yoast SEO plugin. -->","yoast_head_json":{"title":"PSOL prop\u00f5e altera\u00e7\u00e3o no C\u00f3digo de Defesa do Consumidor para aliviar cobran\u00e7a de d\u00edvidas durante pandemias","description":"Se o projeto for aprovado, a suspens\u00e3o da cobran\u00e7a ser\u00e1 por 120 dias ou por at\u00e9 30 dias ap\u00f3s o t\u00e9rmino das medidas de restri\u00e7\u00e3o de circula\u00e7\u00e3o.","robots":{"index":"index","follow":"follow","max-snippet":"max-snippet:-1","max-image-preview":"max-image-preview:large","max-video-preview":"max-video-preview:-1"},"canonical":"https:\/\/psol50.org.br\/psol-propoe-alteracao-no-codigo-de-defesa-do-consumir-para-aliviar-cobranca-de-dividas-durante-pandemias\/","og_locale":"pt_BR","og_type":"article","og_title":"PSOL prop\u00f5e altera\u00e7\u00e3o no C\u00f3digo de Defesa do Consumidor para aliviar cobran\u00e7a de d\u00edvidas durante pandemias","og_description":"Se o projeto for aprovado, a suspens\u00e3o da cobran\u00e7a ser\u00e1 por 120 dias ou por at\u00e9 30 dias ap\u00f3s o t\u00e9rmino das medidas de restri\u00e7\u00e3o de circula\u00e7\u00e3o.","og_url":"https:\/\/psol50.org.br\/psol-propoe-alteracao-no-codigo-de-defesa-do-consumir-para-aliviar-cobranca-de-dividas-durante-pandemias\/","og_site_name":"PSOL 50","article_publisher":"https:\/\/www.facebook.com\/psol50","article_published_time":"2020-03-19T18:59:56+00:00","og_image":[{"width":1600,"height":1200,"url":"https:\/\/psol50.org.br\/inc\/uploads\/2020\/03\/mega-sena_acumula_105-milhoes_30112015_001.jpg","type":"image\/jpeg"}],"author":"Comunica\u00e7\u00e3o PSOL","twitter_card":"summary_large_image","twitter_title":"PSOL prop\u00f5e altera\u00e7\u00e3o no C\u00f3digo de Defesa do Consumidor para aliviar cobran\u00e7a de d\u00edvidas durante pandemias","twitter_description":"Se o projeto for aprovado, a suspens\u00e3o da cobran\u00e7a ser\u00e1 por 120 dias ou por at\u00e9 30 dias ap\u00f3s o t\u00e9rmino das medidas de restri\u00e7\u00e3o de circula\u00e7\u00e3o.","twitter_image":"https:\/\/psol50.org.br\/inc\/uploads\/2020\/03\/mega-sena_acumula_105-milhoes_30112015_001.jpg","twitter_creator":"@psol50","twitter_site":"@psol50","twitter_misc":{"Escrito por":"Comunica\u00e7\u00e3o PSOL","Est. tempo de leitura":"1 minuto"},"schema":{"@context":"https:\/\/schema.org","@graph":[{"@type":"Article","@id":"https:\/\/psol50.org.br\/psol-propoe-alteracao-no-codigo-de-defesa-do-consumir-para-aliviar-cobranca-de-dividas-durante-pandemias\/#article","isPartOf":{"@id":"https:\/\/psol50.org.br\/psol-propoe-alteracao-no-codigo-de-defesa-do-consumir-para-aliviar-cobranca-de-dividas-durante-pandemias\/"},"author":{"name":"Comunica\u00e7\u00e3o PSOL","@id":"https:\/\/psol50.org.br\/#\/schema\/person\/475dfa57d0b815993c714c2e96491fcd"},"headline":"PSOL prop\u00f5e altera\u00e7\u00e3o no C\u00f3digo de Defesa do Consumidor para aliviar cobran\u00e7a de d\u00edvidas durante pandemias","datePublished":"2020-03-19T18:59:56+00:00","mainEntityOfPage":{"@id":"https:\/\/psol50.org.br\/psol-propoe-alteracao-no-codigo-de-defesa-do-consumir-para-aliviar-cobranca-de-dividas-durante-pandemias\/"},"wordCount":207,"publisher":{"@id":"https:\/\/psol50.org.br\/#organization"},"image":{"@id":"https:\/\/psol50.org.br\/psol-propoe-alteracao-no-codigo-de-defesa-do-consumir-para-aliviar-cobranca-de-dividas-durante-pandemias\/#primaryimage"},"thumbnailUrl":"https:\/\/psol50.org.br\/inc\/uploads\/2020\/03\/mega-sena_acumula_105-milhoes_30112015_001.jpg","keywords":["cobran\u00e7a","c\u00f3digo de defesa do consumidor","coronav\u00edrus","d\u00edvidas","pandemia","PSOL","psolcontraocoronavirus"],"articleSection":["A\u00e7\u00e3o Parlamentar","Not\u00edcias"],"inLanguage":"pt-BR"},{"@type":"WebPage","@id":"https:\/\/psol50.org.br\/psol-propoe-alteracao-no-codigo-de-defesa-do-consumir-para-aliviar-cobranca-de-dividas-durante-pandemias\/","url":"https:\/\/psol50.org.br\/psol-propoe-alteracao-no-codigo-de-defesa-do-consumir-para-aliviar-cobranca-de-dividas-durante-pandemias\/","name":"PSOL prop\u00f5e altera\u00e7\u00e3o no C\u00f3digo de Defesa do Consumidor para aliviar cobran\u00e7a de d\u00edvidas durante pandemias","isPartOf":{"@id":"https:\/\/psol50.org.br\/#website"},"primaryImageOfPage":{"@id":"https:\/\/psol50.org.br\/psol-propoe-alteracao-no-codigo-de-defesa-do-consumir-para-aliviar-cobranca-de-dividas-durante-pandemias\/#primaryimage"},"image":{"@id":"https:\/\/psol50.org.br\/psol-propoe-alteracao-no-codigo-de-defesa-do-consumir-para-aliviar-cobranca-de-dividas-durante-pandemias\/#primaryimage"},"thumbnailUrl":"https:\/\/psol50.org.br\/inc\/uploads\/2020\/03\/mega-sena_acumula_105-milhoes_30112015_001.jpg","datePublished":"2020-03-19T18:59:56+00:00","description":"Se o projeto for aprovado, a suspens\u00e3o da cobran\u00e7a ser\u00e1 por 120 dias ou por at\u00e9 30 dias ap\u00f3s o t\u00e9rmino das medidas de restri\u00e7\u00e3o de circula\u00e7\u00e3o.","breadcrumb":{"@id":"https:\/\/psol50.org.br\/psol-propoe-alteracao-no-codigo-de-defesa-do-consumir-para-aliviar-cobranca-de-dividas-durante-pandemias\/#breadcrumb"},"inLanguage":"pt-BR","potentialAction":[{"@type":"ReadAction","target":["https:\/\/psol50.org.br\/psol-propoe-alteracao-no-codigo-de-defesa-do-consumir-para-aliviar-cobranca-de-dividas-durante-pandemias\/"]}]},{"@type":"ImageObject","inLanguage":"pt-BR","@id":"https:\/\/psol50.org.br\/psol-propoe-alteracao-no-codigo-de-defesa-do-consumir-para-aliviar-cobranca-de-dividas-durante-pandemias\/#primaryimage","url":"https:\/\/psol50.org.br\/inc\/uploads\/2020\/03\/mega-sena_acumula_105-milhoes_30112015_001.jpg","contentUrl":"https:\/\/psol50.org.br\/inc\/uploads\/2020\/03\/mega-sena_acumula_105-milhoes_30112015_001.jpg","width":1600,"height":1200,"caption":"Foto: Andr\u00e9 Tambucci\/ Fotos P\u00fablicas"},{"@type":"BreadcrumbList","@id":"https:\/\/psol50.org.br\/psol-propoe-alteracao-no-codigo-de-defesa-do-consumir-para-aliviar-cobranca-de-dividas-durante-pandemias\/#breadcrumb","itemListElement":[{"@type":"ListItem","position":1,"name":"In\u00edcio","item":"https:\/\/psol50.org.br\/"},{"@type":"ListItem","position":2,"name":"PSOL prop\u00f5e altera\u00e7\u00e3o no C\u00f3digo de Defesa do Consumidor para aliviar cobran\u00e7a de d\u00edvidas durante pandemias"}]},{"@type":"WebSite","@id":"https:\/\/psol50.org.br\/#website","url":"https:\/\/psol50.org.br\/","name":"PSOL 50","description":"Site oficial do Partido Socialismo e Liberdade","publisher":{"@id":"https:\/\/psol50.org.br\/#organization"},"alternateName":"PSOL50","potentialAction":[{"@type":"SearchAction","target":{"@type":"EntryPoint","urlTemplate":"https:\/\/psol50.org.br\/?s={search_term_string}"},"query-input":{"@type":"PropertyValueSpecification","valueRequired":true,"valueName":"search_term_string"}}],"inLanguage":"pt-BR"},{"@type":"Organization","@id":"https:\/\/psol50.org.br\/#organization","name":"PSOL 50","alternateName":"PSOL 50","url":"https:\/\/psol50.org.br\/","logo":{"@type":"ImageObject","inLanguage":"pt-BR","@id":"https:\/\/psol50.org.br\/#\/schema\/logo\/image\/","url":"https:\/\/psol50.org.br\/inc\/uploads\/2018\/07\/capa.png","contentUrl":"https:\/\/psol50.org.br\/inc\/uploads\/2018\/07\/capa.png","width":1350,"height":900,"caption":"PSOL 50"},"image":{"@id":"https:\/\/psol50.org.br\/#\/schema\/logo\/image\/"},"sameAs":["https:\/\/www.facebook.com\/psol50","https:\/\/x.com\/psol50","https:\/\/www.instagram.com\/psol50\/","https:\/\/www.youtube.com\/channel\/UC7SnJS5o1os7a6CaiNabzcg"]},{"@type":"Person","@id":"https:\/\/psol50.org.br\/#\/schema\/person\/475dfa57d0b815993c714c2e96491fcd","name":"Comunica\u00e7\u00e3o PSOL","image":{"@type":"ImageObject","inLanguage":"pt-BR","@id":"https:\/\/psol50.org.br\/#\/schema\/person\/image\/","url":"https:\/\/secure.gravatar.com\/avatar\/b34fc4f4e468a4e51785917065a3db57b841f5c95dba6ad8c73aaf8f66f8f9bf?s=96&d=mm&r=g","contentUrl":"https:\/\/secure.gravatar.com\/avatar\/b34fc4f4e468a4e51785917065a3db57b841f5c95dba6ad8c73aaf8f66f8f9bf?s=96&d=mm&r=g","caption":"Comunica\u00e7\u00e3o PSOL"}}]}},"_links":{"self":[{"href":"https:\/\/psol50.org.br\/rest\/wp\/v2\/posts\/27805","targetHints":{"allow":["GET"]}}],"collection":[{"href":"https:\/\/psol50.org.br\/rest\/wp\/v2\/posts"}],"about":[{"href":"https:\/\/psol50.org.br\/rest\/wp\/v2\/types\/post"}],"author":[{"embeddable":true,"href":"https:\/\/psol50.org.br\/rest\/wp\/v2\/users\/2"}],"replies":[{"embeddable":true,"href":"https:\/\/psol50.org.br\/rest\/wp\/v2\/comments?post=27805"}],"version-history":[{"count":0,"href":"https:\/\/psol50.org.br\/rest\/wp\/v2\/posts\/27805\/revisions"}],"wp:featuredmedia":[{"embeddable":true,"href":"https:\/\/psol50.org.br\/rest\/wp\/v2\/media\/27807"}],"wp:attachment":[{"href":"https:\/\/psol50.org.br\/rest\/wp\/v2\/media?parent=27805"}],"wp:term":[{"taxonomy":"category","embeddable":true,"href":"https:\/\/psol50.org.br\/rest\/wp\/v2\/categories?post=27805"},{"taxonomy":"post_tag","embeddable":true,"href":"https:\/\/psol50.org.br\/rest\/wp\/v2\/tags?post=27805"}],"curies":[{"name":"wp","href":"https:\/\/api.w.org\/{rel}","templated":true}]}}