{"id":2784,"date":"2014-06-03T00:00:00","date_gmt":"2014-06-03T16:12:22","guid":{"rendered":"http:\/\/psol50.org.br\/arquivo\/2014\/06\/03\/contra-especulacao-imobiliaria-centro-de-recife-e-ocupado\/"},"modified":"2014-06-03T00:00:00","modified_gmt":"2014-06-03T16:12:22","slug":"contra-especulacao-imobiliaria-centro-de-recife-e-ocupado","status":"publish","type":"post","link":"https:\/\/psol50.org.br\/contra-especulacao-imobiliaria-centro-de-recife-e-ocupado\/","title":{"rendered":"Contra especula\u00e7\u00e3o imobili\u00e1ria, centro de Recife \u00e9 ocupado"},"content":{"rendered":"<p style=\"margin-bottom: 0cm; text-align: justify;\">\n\t<span style=\"font-size:12px;\"><span style=\"font-family: arial,helvetica,sans-serif;\"><em>M\u00eddia Ninja<\/em><\/p>\n<p>\tUma outra cidade \u00e9 poss\u00edvel. O Cais Jos\u00e9 Estelita, no centro do Recife, abrigou no \u00faltimo domingo (01\/06) cerca de 10 mil pessoas em atividades culturais diversas. O terreno foi vendido ao Cons\u00f3rcio Novo Recife \u2013 um grupo de construtoras que em 2013 aprovou o projeto Novo Recife \u2013 e pretende ser usado para a constru\u00e7\u00e3o de 12 torres de at\u00e9 45 andares que destruir\u00e3o a paisagem e trar\u00e3o consequ\u00eancias graves ao bairro hist\u00f3rico de S\u00e3o Jos\u00e9 e seu entorno.<\/p>\n<p>\tDepois de um processo inteiramente ilegal, que envolve um leil\u00e3o fraudulento e a aus\u00eancia de estudos pr\u00e9vios de impacto, o grupo de construtoras conseguiu na Justi\u00e7a o mandado de reintegra\u00e7\u00e3o de posse, que j\u00e1 foi questionado nas inst\u00e2ncias competentes pela Comiss\u00e3o Jur\u00eddica da ocupa\u00e7\u00e3o. Apesar da imin\u00eancia de uma tentativa de desocupa\u00e7\u00e3o, a decis\u00e3o do grupo foi de permanecer no espa\u00e7o e continuar dando vida e democratizando um local importante da cidade que ficar\u00e1 privatizado na m\u00e3o de um pequeno grupo de pessoas.<\/span><\/span><\/p>\n<p>\t<span style=\"font-size:12px;\"><span style=\"font-family: arial,helvetica,sans-serif;\">Em resist\u00eancia, o dia foi de programa\u00e7\u00e3o intensa, juntando atra\u00e7\u00f5es culturais e educativas que garantiram um p\u00fablico amplo. A presen\u00e7a das crian\u00e7as dentro deste espa\u00e7o pol\u00edtico, por exemplo, tem sido buscada desde o princ\u00edpio e ficou evidente nas atividades de domingo, no que foi chamado de \u201cOcupinho\u201d. Para elas foram organizadas uma s\u00e9rie de atividades, como feira de livros, oficina de pipa, conta\u00e7\u00e3o de hist\u00f3rias, brincadeiras de rua e malabares. Artistas e criadores garantiam um lugar mais bonito e funcional: as paredes mal cuidadas davam lugar ao colorido dos grafites, instrumentos de sopro, DJ\u2019s e rodas de c\u00f4co forneciam a trilha e horticultores e oficinas de orqu\u00eddea capacitavam os interessados.<\/span><\/span><\/p>\n<p>\t<span style=\"font-size:12px;\"><span style=\"font-family: arial,helvetica,sans-serif;\">Um dos locais que garantiu maior participa\u00e7\u00e3o foi o Som na Rural, projeto cultural que leva m\u00fasica a espa\u00e7os p\u00fablicos com instala\u00e7\u00e3o t\u00e9cnica dentro de um carro. A Rural estacionou em frente \u00e0 ocupa\u00e7\u00e3o e sonorizou a participa\u00e7\u00e3o de artistas como Cannibal, Siba, Lia de Itamarac\u00e1 e ainda um show \u00e9pico de Karina Buhr, que usou o furg\u00e3o de palco e convidou o p\u00fablico a pensar de forma cr\u00edtica sobre a cidade.<\/span><\/span><\/p>\n<p>\t<span style=\"font-size:12px;\"><span style=\"font-family: arial,helvetica,sans-serif;\">As atividades, que surgiram de forma organizada e espont\u00e2nea, aconteceram simultaneamente e espalhadas ao longo do dia. Uma \u00e1rea de mais de 100 mil m\u00b2 completamente tomada por uma nova civilidade, implicada em viver diferentes utopias: \u201cVamos sonhar com o imposs\u00edvel mesmo. Que esse espa\u00e7o inteiro seja uma comunidade popular, moradia. Vai implicar uma s\u00e9rie de intera\u00e7\u00f5es e novas formas de fazer pol\u00edtica\u201d diz Bernardo, um dos ocupantes do Estelita.<\/span><\/span><\/p>\n<p>\t<span style=\"font-size:12px;\"><span style=\"font-family: arial,helvetica,sans-serif;\">A discuss\u00e3o do que ser\u00e1 feito no espa\u00e7o \u00e9 um dos pontos centrais nas assembleias, ambientes de avalia\u00e7\u00f5es permanentes sobre o movimento. Fica clara a vontade de repensar o nosso olhar sobre a cidade, e sobre n\u00f3s mesmos.<\/span><\/span><\/p>\n<p>\t<span style=\"font-size:12px;\"><span style=\"font-family: arial,helvetica,sans-serif;\">A busca por cidades que sejam mais inclusivas, que re\u00fanam as pessoas, que ofere\u00e7am espa\u00e7os p\u00fablicos, que n\u00e3o concedam os melhores locais para quem tem mais dinheiro. Cidades que consigam fazer uma interlocu\u00e7\u00e3o do seu passado com o seu presente, sem deixar de respeitar sua identidade e mem\u00f3ria.<\/span><\/span><\/p>\n<p style=\"margin-bottom: 0cm\">\n\t&nbsp;<\/p>\n","protected":false},"excerpt":{"rendered":"<p>Conhe\u00e7a o Ocupa Estelita, movimento que contou com 10 mil pessoas realizando atividades culturais em terreno vendido para construtoras <\/p>\n","protected":false},"author":2,"featured_media":0,"comment_status":"open","ping_status":"open","sticky":false,"template":"","format":"standard","meta":{"_acf_changed":false,"footnotes":""},"categories":[4766,6],"tags":[],"class_list":{"0":"post-2784","1":"post","2":"type-post","3":"status-publish","4":"format-standard","6":"category-arquivo","7":"category-noticias"},"acf":[],"yoast_head":"<!-- This site is optimized with the Yoast SEO plugin v26.5 - https:\/\/yoast.com\/wordpress\/plugins\/seo\/ -->\n<title>Contra especula\u00e7\u00e3o imobili\u00e1ria, centro de Recife \u00e9 ocupado - PSOL 50<\/title>\n<meta name=\"robots\" content=\"index, follow, max-snippet:-1, max-image-preview:large, max-video-preview:-1\" \/>\n<link rel=\"canonical\" href=\"https:\/\/psol50.org.br\/contra-especulacao-imobiliaria-centro-de-recife-e-ocupado\/\" \/>\n<meta property=\"og:locale\" content=\"pt_BR\" \/>\n<meta property=\"og:type\" content=\"article\" \/>\n<meta property=\"og:title\" content=\"Contra especula\u00e7\u00e3o imobili\u00e1ria, centro de Recife \u00e9 ocupado - PSOL 50\" \/>\n<meta property=\"og:description\" content=\"Conhe\u00e7a o Ocupa Estelita, movimento que contou com 10 mil pessoas realizando atividades culturais em terreno vendido para construtoras\" \/>\n<meta property=\"og:url\" content=\"https:\/\/psol50.org.br\/contra-especulacao-imobiliaria-centro-de-recife-e-ocupado\/\" \/>\n<meta property=\"og:site_name\" content=\"PSOL 50\" \/>\n<meta property=\"article:publisher\" content=\"https:\/\/www.facebook.com\/psol50\" \/>\n<meta property=\"article:published_time\" content=\"2014-06-03T16:12:22+00:00\" \/>\n<meta property=\"og:image\" content=\"https:\/\/psol50.org.br\/inc\/uploads\/2018\/07\/capa.png\" \/>\n\t<meta property=\"og:image:width\" content=\"1350\" \/>\n\t<meta property=\"og:image:height\" content=\"900\" \/>\n\t<meta property=\"og:image:type\" content=\"image\/png\" \/>\n<meta name=\"author\" content=\"Comunica\u00e7\u00e3o PSOL\" \/>\n<meta name=\"twitter:card\" content=\"summary_large_image\" \/>\n<meta name=\"twitter:creator\" content=\"@psol50\" \/>\n<meta name=\"twitter:site\" content=\"@psol50\" \/>\n<meta name=\"twitter:label1\" content=\"Escrito por\" \/>\n\t<meta name=\"twitter:data1\" content=\"Comunica\u00e7\u00e3o PSOL\" \/>\n\t<meta name=\"twitter:label2\" content=\"Est. tempo de leitura\" \/>\n\t<meta name=\"twitter:data2\" content=\"3 minutos\" \/>\n<script type=\"application\/ld+json\" class=\"yoast-schema-graph\">{\"@context\":\"https:\/\/schema.org\",\"@graph\":[{\"@type\":\"Article\",\"@id\":\"https:\/\/psol50.org.br\/contra-especulacao-imobiliaria-centro-de-recife-e-ocupado\/#article\",\"isPartOf\":{\"@id\":\"https:\/\/psol50.org.br\/contra-especulacao-imobiliaria-centro-de-recife-e-ocupado\/\"},\"author\":{\"name\":\"Comunica\u00e7\u00e3o PSOL\",\"@id\":\"https:\/\/psol50.org.br\/#\/schema\/person\/475dfa57d0b815993c714c2e96491fcd\"},\"headline\":\"Contra especula\u00e7\u00e3o imobili\u00e1ria, centro de Recife \u00e9 ocupado\",\"datePublished\":\"2014-06-03T16:12:22+00:00\",\"mainEntityOfPage\":{\"@id\":\"https:\/\/psol50.org.br\/contra-especulacao-imobiliaria-centro-de-recife-e-ocupado\/\"},\"wordCount\":568,\"commentCount\":0,\"publisher\":{\"@id\":\"https:\/\/psol50.org.br\/#organization\"},\"articleSection\":[\"Arquivo\",\"Not\u00edcias\"],\"inLanguage\":\"pt-BR\",\"potentialAction\":[{\"@type\":\"CommentAction\",\"name\":\"Comment\",\"target\":[\"https:\/\/psol50.org.br\/contra-especulacao-imobiliaria-centro-de-recife-e-ocupado\/#respond\"]}]},{\"@type\":\"WebPage\",\"@id\":\"https:\/\/psol50.org.br\/contra-especulacao-imobiliaria-centro-de-recife-e-ocupado\/\",\"url\":\"https:\/\/psol50.org.br\/contra-especulacao-imobiliaria-centro-de-recife-e-ocupado\/\",\"name\":\"Contra especula\u00e7\u00e3o imobili\u00e1ria, centro de Recife \u00e9 ocupado - PSOL 50\",\"isPartOf\":{\"@id\":\"https:\/\/psol50.org.br\/#website\"},\"datePublished\":\"2014-06-03T16:12:22+00:00\",\"breadcrumb\":{\"@id\":\"https:\/\/psol50.org.br\/contra-especulacao-imobiliaria-centro-de-recife-e-ocupado\/#breadcrumb\"},\"inLanguage\":\"pt-BR\",\"potentialAction\":[{\"@type\":\"ReadAction\",\"target\":[\"https:\/\/psol50.org.br\/contra-especulacao-imobiliaria-centro-de-recife-e-ocupado\/\"]}]},{\"@type\":\"BreadcrumbList\",\"@id\":\"https:\/\/psol50.org.br\/contra-especulacao-imobiliaria-centro-de-recife-e-ocupado\/#breadcrumb\",\"itemListElement\":[{\"@type\":\"ListItem\",\"position\":1,\"name\":\"In\u00edcio\",\"item\":\"https:\/\/psol50.org.br\/\"},{\"@type\":\"ListItem\",\"position\":2,\"name\":\"Contra especula\u00e7\u00e3o imobili\u00e1ria, centro de Recife \u00e9 ocupado\"}]},{\"@type\":\"WebSite\",\"@id\":\"https:\/\/psol50.org.br\/#website\",\"url\":\"https:\/\/psol50.org.br\/\",\"name\":\"PSOL 50\",\"description\":\"Site oficial do Partido Socialismo e Liberdade\",\"publisher\":{\"@id\":\"https:\/\/psol50.org.br\/#organization\"},\"alternateName\":\"PSOL50\",\"potentialAction\":[{\"@type\":\"SearchAction\",\"target\":{\"@type\":\"EntryPoint\",\"urlTemplate\":\"https:\/\/psol50.org.br\/?s={search_term_string}\"},\"query-input\":{\"@type\":\"PropertyValueSpecification\",\"valueRequired\":true,\"valueName\":\"search_term_string\"}}],\"inLanguage\":\"pt-BR\"},{\"@type\":\"Organization\",\"@id\":\"https:\/\/psol50.org.br\/#organization\",\"name\":\"PSOL 50\",\"alternateName\":\"PSOL 50\",\"url\":\"https:\/\/psol50.org.br\/\",\"logo\":{\"@type\":\"ImageObject\",\"inLanguage\":\"pt-BR\",\"@id\":\"https:\/\/psol50.org.br\/#\/schema\/logo\/image\/\",\"url\":\"https:\/\/psol50.org.br\/inc\/uploads\/2018\/07\/capa.png\",\"contentUrl\":\"https:\/\/psol50.org.br\/inc\/uploads\/2018\/07\/capa.png\",\"width\":1350,\"height\":900,\"caption\":\"PSOL 50\"},\"image\":{\"@id\":\"https:\/\/psol50.org.br\/#\/schema\/logo\/image\/\"},\"sameAs\":[\"https:\/\/www.facebook.com\/psol50\",\"https:\/\/x.com\/psol50\",\"https:\/\/www.instagram.com\/psol50\/\",\"https:\/\/www.youtube.com\/channel\/UC7SnJS5o1os7a6CaiNabzcg\"]},{\"@type\":\"Person\",\"@id\":\"https:\/\/psol50.org.br\/#\/schema\/person\/475dfa57d0b815993c714c2e96491fcd\",\"name\":\"Comunica\u00e7\u00e3o PSOL\",\"image\":{\"@type\":\"ImageObject\",\"inLanguage\":\"pt-BR\",\"@id\":\"https:\/\/psol50.org.br\/#\/schema\/person\/image\/\",\"url\":\"https:\/\/secure.gravatar.com\/avatar\/b34fc4f4e468a4e51785917065a3db57b841f5c95dba6ad8c73aaf8f66f8f9bf?s=96&d=mm&r=g\",\"contentUrl\":\"https:\/\/secure.gravatar.com\/avatar\/b34fc4f4e468a4e51785917065a3db57b841f5c95dba6ad8c73aaf8f66f8f9bf?s=96&d=mm&r=g\",\"caption\":\"Comunica\u00e7\u00e3o PSOL\"}}]}<\/script>\n<!-- \/ Yoast SEO plugin. -->","yoast_head_json":{"title":"Contra especula\u00e7\u00e3o imobili\u00e1ria, centro de Recife \u00e9 ocupado - PSOL 50","robots":{"index":"index","follow":"follow","max-snippet":"max-snippet:-1","max-image-preview":"max-image-preview:large","max-video-preview":"max-video-preview:-1"},"canonical":"https:\/\/psol50.org.br\/contra-especulacao-imobiliaria-centro-de-recife-e-ocupado\/","og_locale":"pt_BR","og_type":"article","og_title":"Contra especula\u00e7\u00e3o imobili\u00e1ria, centro de Recife \u00e9 ocupado - PSOL 50","og_description":"Conhe\u00e7a o Ocupa Estelita, movimento que contou com 10 mil pessoas realizando atividades culturais em terreno vendido para construtoras","og_url":"https:\/\/psol50.org.br\/contra-especulacao-imobiliaria-centro-de-recife-e-ocupado\/","og_site_name":"PSOL 50","article_publisher":"https:\/\/www.facebook.com\/psol50","article_published_time":"2014-06-03T16:12:22+00:00","og_image":[{"width":1350,"height":900,"url":"https:\/\/psol50.org.br\/inc\/uploads\/2018\/07\/capa.png","type":"image\/png"}],"author":"Comunica\u00e7\u00e3o PSOL","twitter_card":"summary_large_image","twitter_creator":"@psol50","twitter_site":"@psol50","twitter_misc":{"Escrito por":"Comunica\u00e7\u00e3o PSOL","Est. tempo de leitura":"3 minutos"},"schema":{"@context":"https:\/\/schema.org","@graph":[{"@type":"Article","@id":"https:\/\/psol50.org.br\/contra-especulacao-imobiliaria-centro-de-recife-e-ocupado\/#article","isPartOf":{"@id":"https:\/\/psol50.org.br\/contra-especulacao-imobiliaria-centro-de-recife-e-ocupado\/"},"author":{"name":"Comunica\u00e7\u00e3o PSOL","@id":"https:\/\/psol50.org.br\/#\/schema\/person\/475dfa57d0b815993c714c2e96491fcd"},"headline":"Contra especula\u00e7\u00e3o imobili\u00e1ria, centro de Recife \u00e9 ocupado","datePublished":"2014-06-03T16:12:22+00:00","mainEntityOfPage":{"@id":"https:\/\/psol50.org.br\/contra-especulacao-imobiliaria-centro-de-recife-e-ocupado\/"},"wordCount":568,"commentCount":0,"publisher":{"@id":"https:\/\/psol50.org.br\/#organization"},"articleSection":["Arquivo","Not\u00edcias"],"inLanguage":"pt-BR","potentialAction":[{"@type":"CommentAction","name":"Comment","target":["https:\/\/psol50.org.br\/contra-especulacao-imobiliaria-centro-de-recife-e-ocupado\/#respond"]}]},{"@type":"WebPage","@id":"https:\/\/psol50.org.br\/contra-especulacao-imobiliaria-centro-de-recife-e-ocupado\/","url":"https:\/\/psol50.org.br\/contra-especulacao-imobiliaria-centro-de-recife-e-ocupado\/","name":"Contra especula\u00e7\u00e3o imobili\u00e1ria, centro de Recife \u00e9 ocupado - PSOL 50","isPartOf":{"@id":"https:\/\/psol50.org.br\/#website"},"datePublished":"2014-06-03T16:12:22+00:00","breadcrumb":{"@id":"https:\/\/psol50.org.br\/contra-especulacao-imobiliaria-centro-de-recife-e-ocupado\/#breadcrumb"},"inLanguage":"pt-BR","potentialAction":[{"@type":"ReadAction","target":["https:\/\/psol50.org.br\/contra-especulacao-imobiliaria-centro-de-recife-e-ocupado\/"]}]},{"@type":"BreadcrumbList","@id":"https:\/\/psol50.org.br\/contra-especulacao-imobiliaria-centro-de-recife-e-ocupado\/#breadcrumb","itemListElement":[{"@type":"ListItem","position":1,"name":"In\u00edcio","item":"https:\/\/psol50.org.br\/"},{"@type":"ListItem","position":2,"name":"Contra especula\u00e7\u00e3o imobili\u00e1ria, centro de Recife \u00e9 ocupado"}]},{"@type":"WebSite","@id":"https:\/\/psol50.org.br\/#website","url":"https:\/\/psol50.org.br\/","name":"PSOL 50","description":"Site oficial do Partido Socialismo e Liberdade","publisher":{"@id":"https:\/\/psol50.org.br\/#organization"},"alternateName":"PSOL50","potentialAction":[{"@type":"SearchAction","target":{"@type":"EntryPoint","urlTemplate":"https:\/\/psol50.org.br\/?s={search_term_string}"},"query-input":{"@type":"PropertyValueSpecification","valueRequired":true,"valueName":"search_term_string"}}],"inLanguage":"pt-BR"},{"@type":"Organization","@id":"https:\/\/psol50.org.br\/#organization","name":"PSOL 50","alternateName":"PSOL 50","url":"https:\/\/psol50.org.br\/","logo":{"@type":"ImageObject","inLanguage":"pt-BR","@id":"https:\/\/psol50.org.br\/#\/schema\/logo\/image\/","url":"https:\/\/psol50.org.br\/inc\/uploads\/2018\/07\/capa.png","contentUrl":"https:\/\/psol50.org.br\/inc\/uploads\/2018\/07\/capa.png","width":1350,"height":900,"caption":"PSOL 50"},"image":{"@id":"https:\/\/psol50.org.br\/#\/schema\/logo\/image\/"},"sameAs":["https:\/\/www.facebook.com\/psol50","https:\/\/x.com\/psol50","https:\/\/www.instagram.com\/psol50\/","https:\/\/www.youtube.com\/channel\/UC7SnJS5o1os7a6CaiNabzcg"]},{"@type":"Person","@id":"https:\/\/psol50.org.br\/#\/schema\/person\/475dfa57d0b815993c714c2e96491fcd","name":"Comunica\u00e7\u00e3o PSOL","image":{"@type":"ImageObject","inLanguage":"pt-BR","@id":"https:\/\/psol50.org.br\/#\/schema\/person\/image\/","url":"https:\/\/secure.gravatar.com\/avatar\/b34fc4f4e468a4e51785917065a3db57b841f5c95dba6ad8c73aaf8f66f8f9bf?s=96&d=mm&r=g","contentUrl":"https:\/\/secure.gravatar.com\/avatar\/b34fc4f4e468a4e51785917065a3db57b841f5c95dba6ad8c73aaf8f66f8f9bf?s=96&d=mm&r=g","caption":"Comunica\u00e7\u00e3o PSOL"}}]}},"_links":{"self":[{"href":"https:\/\/psol50.org.br\/rest\/wp\/v2\/posts\/2784","targetHints":{"allow":["GET"]}}],"collection":[{"href":"https:\/\/psol50.org.br\/rest\/wp\/v2\/posts"}],"about":[{"href":"https:\/\/psol50.org.br\/rest\/wp\/v2\/types\/post"}],"author":[{"embeddable":true,"href":"https:\/\/psol50.org.br\/rest\/wp\/v2\/users\/2"}],"replies":[{"embeddable":true,"href":"https:\/\/psol50.org.br\/rest\/wp\/v2\/comments?post=2784"}],"version-history":[{"count":0,"href":"https:\/\/psol50.org.br\/rest\/wp\/v2\/posts\/2784\/revisions"}],"wp:attachment":[{"href":"https:\/\/psol50.org.br\/rest\/wp\/v2\/media?parent=2784"}],"wp:term":[{"taxonomy":"category","embeddable":true,"href":"https:\/\/psol50.org.br\/rest\/wp\/v2\/categories?post=2784"},{"taxonomy":"post_tag","embeddable":true,"href":"https:\/\/psol50.org.br\/rest\/wp\/v2\/tags?post=2784"}],"curies":[{"name":"wp","href":"https:\/\/api.w.org\/{rel}","templated":true}]}}