{"id":27851,"date":"2020-03-20T11:29:06","date_gmt":"2020-03-20T14:29:06","guid":{"rendered":"https:\/\/psol50.org.br\/?p=27851"},"modified":"2020-03-20T11:29:06","modified_gmt":"2020-03-20T14:29:06","slug":"enquanto-bolsonaro-corta-158-mil-beneficios-do-bolsa-familia-psol-quer-zerar-fila-e-aumentar-faixa-de-renda","status":"publish","type":"post","link":"https:\/\/psol50.org.br\/enquanto-bolsonaro-corta-158-mil-beneficios-do-bolsa-familia-psol-quer-zerar-fila-e-aumentar-faixa-de-renda\/","title":{"rendered":"Enquanto Bolsonaro corta 158 mil benef\u00edcios do Bolsa Fam\u00edlia, PSOL quer zerar fila e aumentar faixa de renda"},"content":{"rendered":"<p><a href=\"https:\/\/psol50.org.br\/coronavirus\/\" target=\"_blank\" rel=\"noopener noreferrer\"><img loading=\"lazy\" decoding=\"async\" class=\"alignnone size-full wp-image-27838\" src=\"https:\/\/psol50.org.br\/inc\/uploads\/2020\/03\/Banner-Site_3.png\" alt=\"\" width=\"1240\" height=\"331\" srcset=\"https:\/\/psol50.org.br\/inc\/uploads\/2020\/03\/Banner-Site_3.png 1240w, https:\/\/psol50.org.br\/inc\/uploads\/2020\/03\/Banner-Site_3-300x80.png 300w, https:\/\/psol50.org.br\/inc\/uploads\/2020\/03\/Banner-Site_3-1024x273.png 1024w, https:\/\/psol50.org.br\/inc\/uploads\/2020\/03\/Banner-Site_3-768x205.png 768w, https:\/\/psol50.org.br\/inc\/uploads\/2020\/03\/Banner-Site_3-150x40.png 150w, https:\/\/psol50.org.br\/inc\/uploads\/2020\/03\/Banner-Site_3-696x186.png 696w, https:\/\/psol50.org.br\/inc\/uploads\/2020\/03\/Banner-Site_3-1068x285.png 1068w\" sizes=\"auto, (max-width: 1240px) 100vw, 1240px\" \/><\/a><\/p>\n<p>O Minist\u00e9rio da Cidadania come\u00e7ou a pagar os benef\u00edcios do Bolsa Fam\u00edlia do m\u00eas de mar\u00e7o na \u00faltima quinta-feira (19), e diferente do prometido pelo governo Bolsonaro, de que ampliaria o programa, j\u00e1 foram identificados ao menos 158.452 benef\u00edcios cortados apenas neste m\u00eas.<\/p>\n<p>O Nordeste voltou a ser a regi\u00e3o mais afetada. Dos 158,4 mil benef\u00edcios a menos em mar\u00e7o, 96.861 (ou 61,1% do total) foram retirados justamente da regi\u00e3o que responde por metade dos benef\u00edcios totais do pa\u00eds.<\/p>\n<p>Em janeiro, das fam\u00edlias que ingressaram no programa, apenas 3% eram do Nordeste, o que gerou uma s\u00e9rie de cr\u00edticas. O n\u00famero de benefici\u00e1rios em mar\u00e7o \u00e9 o menor do governo Jair Bolsonaro desde seu in\u00edcio.<\/p>\n<p>Enquanto isso, <strong><a href=\"https:\/\/psol50.org.br\/psol-apresenta-plano-emergencial-de-combate-a-crise-sanitaria-economica-social\/\">o PSOL apresentou uma s\u00e9rie de propostas nesta semana para combater emergencialmente a pandemia do novo coronav\u00edrus<\/a><\/strong>. Entre elas est\u00e1 a abertura de cr\u00e9dito extraordin\u00e1rio para zerar a fila de programas sociais como o Bolsa Fam\u00edlia e o INSS. O projeto do PSOL tamb\u00e9m aumenta a abrang\u00eancia do programa de transfer\u00eancia de renda, fundamental para garantir a dignidade de toda a popula\u00e7\u00e3o e fortalecer a economia do pa\u00eds durante a crise sanit\u00e1ria, econ\u00f4mica e social causada pela pandemia de Covid-19.<\/p>\n","protected":false},"excerpt":{"rendered":"<p>O Minist\u00e9rio da Cidadania come\u00e7ou a pagar os benef\u00edcios do Bolsa Fam\u00edlia do m\u00eas de mar\u00e7o na \u00faltima quinta-feira (19), e diferente do prometido pelo governo Bolsonaro, de que ampliaria o programa, j\u00e1 foram identificados ao menos 158.452 benef\u00edcios cortados apenas neste m\u00eas. O Nordeste voltou a ser a regi\u00e3o mais afetada. Dos 158,4 mil [&hellip;]<\/p>\n","protected":false},"author":2,"featured_media":27853,"comment_status":"closed","ping_status":"open","sticky":false,"template":"","format":"standard","meta":{"_acf_changed":false,"footnotes":""},"categories":[6],"tags":[329,56,171,383,384,331,385,370,22,366],"class_list":{"0":"post-27851","1":"post","2":"type-post","3":"status-publish","4":"format-standard","5":"has-post-thumbnail","7":"category-noticias","8":"tag-bolsa-familia","9":"tag-bolsonaro","10":"tag-coronavirus","11":"tag-cortes","12":"tag-fila","13":"tag-nordeste","14":"tag-plataforma","15":"tag-propostas","16":"tag-psol","17":"tag-psolcontraocoronavirus"},"acf":[],"yoast_head":"<!-- This site is optimized with the Yoast SEO plugin v26.5 - https:\/\/yoast.com\/wordpress\/plugins\/seo\/ -->\n<title>Enquanto Bolsonaro corta 158 mil benef\u00edcios do Bolsa Fam\u00edlia, PSOL quer zerar fila e aumentar faixa de renda - PSOL 50<\/title>\n<meta name=\"description\" content=\"61% dos cortes foi na regi\u00e3o Nordeste. Nesta semana, PSOL lan\u00e7ou plataforma de propostas para combater a crise da pandemia do novo coronav\u00edrus.\" \/>\n<meta name=\"robots\" content=\"index, follow, max-snippet:-1, max-image-preview:large, max-video-preview:-1\" \/>\n<link rel=\"canonical\" href=\"https:\/\/psol50.org.br\/enquanto-bolsonaro-corta-158-mil-beneficios-do-bolsa-familia-psol-quer-zerar-fila-e-aumentar-faixa-de-renda\/\" \/>\n<meta property=\"og:locale\" content=\"pt_BR\" \/>\n<meta property=\"og:type\" content=\"article\" \/>\n<meta property=\"og:title\" content=\"Enquanto Bolsonaro corta 158 mil benef\u00edcios do Bolsa Fam\u00edlia, PSOL quer zerar fila e aumentar faixa de renda\" \/>\n<meta property=\"og:description\" content=\"61% dos cortes foi na regi\u00e3o Nordeste. Nesta semana, PSOL lan\u00e7ou plataforma de propostas para combater a crise da pandemia do novo coronav\u00edrus.\" \/>\n<meta property=\"og:url\" content=\"https:\/\/psol50.org.br\/enquanto-bolsonaro-corta-158-mil-beneficios-do-bolsa-familia-psol-quer-zerar-fila-e-aumentar-faixa-de-renda\/\" \/>\n<meta property=\"og:site_name\" content=\"PSOL 50\" \/>\n<meta property=\"article:publisher\" content=\"https:\/\/www.facebook.com\/psol50\" \/>\n<meta property=\"article:published_time\" content=\"2020-03-20T14:29:06+00:00\" \/>\n<meta property=\"og:image\" content=\"https:\/\/psol50.org.br\/inc\/uploads\/2020\/03\/photo5157052749857269817-868x644-1.jpg\" \/>\n\t<meta property=\"og:image:width\" content=\"868\" \/>\n\t<meta property=\"og:image:height\" content=\"644\" \/>\n\t<meta property=\"og:image:type\" content=\"image\/jpeg\" \/>\n<meta name=\"author\" content=\"Comunica\u00e7\u00e3o PSOL\" \/>\n<meta name=\"twitter:card\" content=\"summary_large_image\" \/>\n<meta name=\"twitter:title\" content=\"Enquanto Bolsonaro corta 158 mil benef\u00edcios do Bolsa Fam\u00edlia, PSOL quer zerar fila e aumentar faixa de renda\" \/>\n<meta name=\"twitter:description\" content=\"61% dos cortes foi na regi\u00e3o Nordeste. Nesta semana, PSOL lan\u00e7ou plataforma de propostas para combater a crise da pandemia do novo coronav\u00edrus.\" \/>\n<meta name=\"twitter:image\" content=\"https:\/\/psol50.org.br\/inc\/uploads\/2020\/03\/photo5157052749857269817-868x644-1.jpg\" \/>\n<meta name=\"twitter:creator\" content=\"@psol50\" \/>\n<meta name=\"twitter:site\" content=\"@psol50\" \/>\n<meta name=\"twitter:label1\" content=\"Escrito por\" \/>\n\t<meta name=\"twitter:data1\" content=\"Comunica\u00e7\u00e3o PSOL\" \/>\n\t<meta name=\"twitter:label2\" content=\"Est. tempo de leitura\" \/>\n\t<meta name=\"twitter:data2\" content=\"1 minuto\" \/>\n<script type=\"application\/ld+json\" class=\"yoast-schema-graph\">{\"@context\":\"https:\/\/schema.org\",\"@graph\":[{\"@type\":\"Article\",\"@id\":\"https:\/\/psol50.org.br\/enquanto-bolsonaro-corta-158-mil-beneficios-do-bolsa-familia-psol-quer-zerar-fila-e-aumentar-faixa-de-renda\/#article\",\"isPartOf\":{\"@id\":\"https:\/\/psol50.org.br\/enquanto-bolsonaro-corta-158-mil-beneficios-do-bolsa-familia-psol-quer-zerar-fila-e-aumentar-faixa-de-renda\/\"},\"author\":{\"name\":\"Comunica\u00e7\u00e3o PSOL\",\"@id\":\"https:\/\/psol50.org.br\/#\/schema\/person\/475dfa57d0b815993c714c2e96491fcd\"},\"headline\":\"Enquanto Bolsonaro corta 158 mil benef\u00edcios do Bolsa Fam\u00edlia, PSOL quer zerar fila e aumentar faixa de renda\",\"datePublished\":\"2020-03-20T14:29:06+00:00\",\"mainEntityOfPage\":{\"@id\":\"https:\/\/psol50.org.br\/enquanto-bolsonaro-corta-158-mil-beneficios-do-bolsa-familia-psol-quer-zerar-fila-e-aumentar-faixa-de-renda\/\"},\"wordCount\":242,\"publisher\":{\"@id\":\"https:\/\/psol50.org.br\/#organization\"},\"image\":{\"@id\":\"https:\/\/psol50.org.br\/enquanto-bolsonaro-corta-158-mil-beneficios-do-bolsa-familia-psol-quer-zerar-fila-e-aumentar-faixa-de-renda\/#primaryimage\"},\"thumbnailUrl\":\"https:\/\/psol50.org.br\/inc\/uploads\/2020\/03\/photo5157052749857269817-868x644-1.jpg\",\"keywords\":[\"bolsa fam\u00edlia\",\"Bolsonaro\",\"coronav\u00edrus\",\"cortes\",\"fila\",\"Nordeste\",\"plataforma\",\"propostas\",\"PSOL\",\"psolcontraocoronavirus\"],\"articleSection\":[\"Not\u00edcias\"],\"inLanguage\":\"pt-BR\"},{\"@type\":\"WebPage\",\"@id\":\"https:\/\/psol50.org.br\/enquanto-bolsonaro-corta-158-mil-beneficios-do-bolsa-familia-psol-quer-zerar-fila-e-aumentar-faixa-de-renda\/\",\"url\":\"https:\/\/psol50.org.br\/enquanto-bolsonaro-corta-158-mil-beneficios-do-bolsa-familia-psol-quer-zerar-fila-e-aumentar-faixa-de-renda\/\",\"name\":\"Enquanto Bolsonaro corta 158 mil benef\u00edcios do Bolsa Fam\u00edlia, PSOL quer zerar fila e aumentar faixa de renda - PSOL 50\",\"isPartOf\":{\"@id\":\"https:\/\/psol50.org.br\/#website\"},\"primaryImageOfPage\":{\"@id\":\"https:\/\/psol50.org.br\/enquanto-bolsonaro-corta-158-mil-beneficios-do-bolsa-familia-psol-quer-zerar-fila-e-aumentar-faixa-de-renda\/#primaryimage\"},\"image\":{\"@id\":\"https:\/\/psol50.org.br\/enquanto-bolsonaro-corta-158-mil-beneficios-do-bolsa-familia-psol-quer-zerar-fila-e-aumentar-faixa-de-renda\/#primaryimage\"},\"thumbnailUrl\":\"https:\/\/psol50.org.br\/inc\/uploads\/2020\/03\/photo5157052749857269817-868x644-1.jpg\",\"datePublished\":\"2020-03-20T14:29:06+00:00\",\"description\":\"61% dos cortes foi na regi\u00e3o Nordeste. Nesta semana, PSOL lan\u00e7ou plataforma de propostas para combater a crise da pandemia do novo coronav\u00edrus.\",\"breadcrumb\":{\"@id\":\"https:\/\/psol50.org.br\/enquanto-bolsonaro-corta-158-mil-beneficios-do-bolsa-familia-psol-quer-zerar-fila-e-aumentar-faixa-de-renda\/#breadcrumb\"},\"inLanguage\":\"pt-BR\",\"potentialAction\":[{\"@type\":\"ReadAction\",\"target\":[\"https:\/\/psol50.org.br\/enquanto-bolsonaro-corta-158-mil-beneficios-do-bolsa-familia-psol-quer-zerar-fila-e-aumentar-faixa-de-renda\/\"]}]},{\"@type\":\"ImageObject\",\"inLanguage\":\"pt-BR\",\"@id\":\"https:\/\/psol50.org.br\/enquanto-bolsonaro-corta-158-mil-beneficios-do-bolsa-familia-psol-quer-zerar-fila-e-aumentar-faixa-de-renda\/#primaryimage\",\"url\":\"https:\/\/psol50.org.br\/inc\/uploads\/2020\/03\/photo5157052749857269817-868x644-1.jpg\",\"contentUrl\":\"https:\/\/psol50.org.br\/inc\/uploads\/2020\/03\/photo5157052749857269817-868x644-1.jpg\",\"width\":868,\"height\":644,\"caption\":\"Foto: S\u00e9rgio Lima \/ Poder 360\"},{\"@type\":\"BreadcrumbList\",\"@id\":\"https:\/\/psol50.org.br\/enquanto-bolsonaro-corta-158-mil-beneficios-do-bolsa-familia-psol-quer-zerar-fila-e-aumentar-faixa-de-renda\/#breadcrumb\",\"itemListElement\":[{\"@type\":\"ListItem\",\"position\":1,\"name\":\"In\u00edcio\",\"item\":\"https:\/\/psol50.org.br\/\"},{\"@type\":\"ListItem\",\"position\":2,\"name\":\"Enquanto Bolsonaro corta 158 mil benef\u00edcios do Bolsa Fam\u00edlia, PSOL quer zerar fila e aumentar faixa de renda\"}]},{\"@type\":\"WebSite\",\"@id\":\"https:\/\/psol50.org.br\/#website\",\"url\":\"https:\/\/psol50.org.br\/\",\"name\":\"PSOL 50\",\"description\":\"Site oficial do Partido Socialismo e Liberdade\",\"publisher\":{\"@id\":\"https:\/\/psol50.org.br\/#organization\"},\"alternateName\":\"PSOL50\",\"potentialAction\":[{\"@type\":\"SearchAction\",\"target\":{\"@type\":\"EntryPoint\",\"urlTemplate\":\"https:\/\/psol50.org.br\/?s={search_term_string}\"},\"query-input\":{\"@type\":\"PropertyValueSpecification\",\"valueRequired\":true,\"valueName\":\"search_term_string\"}}],\"inLanguage\":\"pt-BR\"},{\"@type\":\"Organization\",\"@id\":\"https:\/\/psol50.org.br\/#organization\",\"name\":\"PSOL 50\",\"alternateName\":\"PSOL 50\",\"url\":\"https:\/\/psol50.org.br\/\",\"logo\":{\"@type\":\"ImageObject\",\"inLanguage\":\"pt-BR\",\"@id\":\"https:\/\/psol50.org.br\/#\/schema\/logo\/image\/\",\"url\":\"https:\/\/psol50.org.br\/inc\/uploads\/2018\/07\/capa.png\",\"contentUrl\":\"https:\/\/psol50.org.br\/inc\/uploads\/2018\/07\/capa.png\",\"width\":1350,\"height\":900,\"caption\":\"PSOL 50\"},\"image\":{\"@id\":\"https:\/\/psol50.org.br\/#\/schema\/logo\/image\/\"},\"sameAs\":[\"https:\/\/www.facebook.com\/psol50\",\"https:\/\/x.com\/psol50\",\"https:\/\/www.instagram.com\/psol50\/\",\"https:\/\/www.youtube.com\/channel\/UC7SnJS5o1os7a6CaiNabzcg\"]},{\"@type\":\"Person\",\"@id\":\"https:\/\/psol50.org.br\/#\/schema\/person\/475dfa57d0b815993c714c2e96491fcd\",\"name\":\"Comunica\u00e7\u00e3o PSOL\",\"image\":{\"@type\":\"ImageObject\",\"inLanguage\":\"pt-BR\",\"@id\":\"https:\/\/psol50.org.br\/#\/schema\/person\/image\/\",\"url\":\"https:\/\/secure.gravatar.com\/avatar\/b34fc4f4e468a4e51785917065a3db57b841f5c95dba6ad8c73aaf8f66f8f9bf?s=96&d=mm&r=g\",\"contentUrl\":\"https:\/\/secure.gravatar.com\/avatar\/b34fc4f4e468a4e51785917065a3db57b841f5c95dba6ad8c73aaf8f66f8f9bf?s=96&d=mm&r=g\",\"caption\":\"Comunica\u00e7\u00e3o PSOL\"}}]}<\/script>\n<!-- \/ Yoast SEO plugin. -->","yoast_head_json":{"title":"Enquanto Bolsonaro corta 158 mil benef\u00edcios do Bolsa Fam\u00edlia, PSOL quer zerar fila e aumentar faixa de renda - PSOL 50","description":"61% dos cortes foi na regi\u00e3o Nordeste. Nesta semana, PSOL lan\u00e7ou plataforma de propostas para combater a crise da pandemia do novo coronav\u00edrus.","robots":{"index":"index","follow":"follow","max-snippet":"max-snippet:-1","max-image-preview":"max-image-preview:large","max-video-preview":"max-video-preview:-1"},"canonical":"https:\/\/psol50.org.br\/enquanto-bolsonaro-corta-158-mil-beneficios-do-bolsa-familia-psol-quer-zerar-fila-e-aumentar-faixa-de-renda\/","og_locale":"pt_BR","og_type":"article","og_title":"Enquanto Bolsonaro corta 158 mil benef\u00edcios do Bolsa Fam\u00edlia, PSOL quer zerar fila e aumentar faixa de renda","og_description":"61% dos cortes foi na regi\u00e3o Nordeste. Nesta semana, PSOL lan\u00e7ou plataforma de propostas para combater a crise da pandemia do novo coronav\u00edrus.","og_url":"https:\/\/psol50.org.br\/enquanto-bolsonaro-corta-158-mil-beneficios-do-bolsa-familia-psol-quer-zerar-fila-e-aumentar-faixa-de-renda\/","og_site_name":"PSOL 50","article_publisher":"https:\/\/www.facebook.com\/psol50","article_published_time":"2020-03-20T14:29:06+00:00","og_image":[{"width":868,"height":644,"url":"https:\/\/psol50.org.br\/inc\/uploads\/2020\/03\/photo5157052749857269817-868x644-1.jpg","type":"image\/jpeg"}],"author":"Comunica\u00e7\u00e3o PSOL","twitter_card":"summary_large_image","twitter_title":"Enquanto Bolsonaro corta 158 mil benef\u00edcios do Bolsa Fam\u00edlia, PSOL quer zerar fila e aumentar faixa de renda","twitter_description":"61% dos cortes foi na regi\u00e3o Nordeste. Nesta semana, PSOL lan\u00e7ou plataforma de propostas para combater a crise da pandemia do novo coronav\u00edrus.","twitter_image":"https:\/\/psol50.org.br\/inc\/uploads\/2020\/03\/photo5157052749857269817-868x644-1.jpg","twitter_creator":"@psol50","twitter_site":"@psol50","twitter_misc":{"Escrito por":"Comunica\u00e7\u00e3o PSOL","Est. tempo de leitura":"1 minuto"},"schema":{"@context":"https:\/\/schema.org","@graph":[{"@type":"Article","@id":"https:\/\/psol50.org.br\/enquanto-bolsonaro-corta-158-mil-beneficios-do-bolsa-familia-psol-quer-zerar-fila-e-aumentar-faixa-de-renda\/#article","isPartOf":{"@id":"https:\/\/psol50.org.br\/enquanto-bolsonaro-corta-158-mil-beneficios-do-bolsa-familia-psol-quer-zerar-fila-e-aumentar-faixa-de-renda\/"},"author":{"name":"Comunica\u00e7\u00e3o PSOL","@id":"https:\/\/psol50.org.br\/#\/schema\/person\/475dfa57d0b815993c714c2e96491fcd"},"headline":"Enquanto Bolsonaro corta 158 mil benef\u00edcios do Bolsa Fam\u00edlia, PSOL quer zerar fila e aumentar faixa de renda","datePublished":"2020-03-20T14:29:06+00:00","mainEntityOfPage":{"@id":"https:\/\/psol50.org.br\/enquanto-bolsonaro-corta-158-mil-beneficios-do-bolsa-familia-psol-quer-zerar-fila-e-aumentar-faixa-de-renda\/"},"wordCount":242,"publisher":{"@id":"https:\/\/psol50.org.br\/#organization"},"image":{"@id":"https:\/\/psol50.org.br\/enquanto-bolsonaro-corta-158-mil-beneficios-do-bolsa-familia-psol-quer-zerar-fila-e-aumentar-faixa-de-renda\/#primaryimage"},"thumbnailUrl":"https:\/\/psol50.org.br\/inc\/uploads\/2020\/03\/photo5157052749857269817-868x644-1.jpg","keywords":["bolsa fam\u00edlia","Bolsonaro","coronav\u00edrus","cortes","fila","Nordeste","plataforma","propostas","PSOL","psolcontraocoronavirus"],"articleSection":["Not\u00edcias"],"inLanguage":"pt-BR"},{"@type":"WebPage","@id":"https:\/\/psol50.org.br\/enquanto-bolsonaro-corta-158-mil-beneficios-do-bolsa-familia-psol-quer-zerar-fila-e-aumentar-faixa-de-renda\/","url":"https:\/\/psol50.org.br\/enquanto-bolsonaro-corta-158-mil-beneficios-do-bolsa-familia-psol-quer-zerar-fila-e-aumentar-faixa-de-renda\/","name":"Enquanto Bolsonaro corta 158 mil benef\u00edcios do Bolsa Fam\u00edlia, PSOL quer zerar fila e aumentar faixa de renda - PSOL 50","isPartOf":{"@id":"https:\/\/psol50.org.br\/#website"},"primaryImageOfPage":{"@id":"https:\/\/psol50.org.br\/enquanto-bolsonaro-corta-158-mil-beneficios-do-bolsa-familia-psol-quer-zerar-fila-e-aumentar-faixa-de-renda\/#primaryimage"},"image":{"@id":"https:\/\/psol50.org.br\/enquanto-bolsonaro-corta-158-mil-beneficios-do-bolsa-familia-psol-quer-zerar-fila-e-aumentar-faixa-de-renda\/#primaryimage"},"thumbnailUrl":"https:\/\/psol50.org.br\/inc\/uploads\/2020\/03\/photo5157052749857269817-868x644-1.jpg","datePublished":"2020-03-20T14:29:06+00:00","description":"61% dos cortes foi na regi\u00e3o Nordeste. Nesta semana, PSOL lan\u00e7ou plataforma de propostas para combater a crise da pandemia do novo coronav\u00edrus.","breadcrumb":{"@id":"https:\/\/psol50.org.br\/enquanto-bolsonaro-corta-158-mil-beneficios-do-bolsa-familia-psol-quer-zerar-fila-e-aumentar-faixa-de-renda\/#breadcrumb"},"inLanguage":"pt-BR","potentialAction":[{"@type":"ReadAction","target":["https:\/\/psol50.org.br\/enquanto-bolsonaro-corta-158-mil-beneficios-do-bolsa-familia-psol-quer-zerar-fila-e-aumentar-faixa-de-renda\/"]}]},{"@type":"ImageObject","inLanguage":"pt-BR","@id":"https:\/\/psol50.org.br\/enquanto-bolsonaro-corta-158-mil-beneficios-do-bolsa-familia-psol-quer-zerar-fila-e-aumentar-faixa-de-renda\/#primaryimage","url":"https:\/\/psol50.org.br\/inc\/uploads\/2020\/03\/photo5157052749857269817-868x644-1.jpg","contentUrl":"https:\/\/psol50.org.br\/inc\/uploads\/2020\/03\/photo5157052749857269817-868x644-1.jpg","width":868,"height":644,"caption":"Foto: S\u00e9rgio Lima \/ Poder 360"},{"@type":"BreadcrumbList","@id":"https:\/\/psol50.org.br\/enquanto-bolsonaro-corta-158-mil-beneficios-do-bolsa-familia-psol-quer-zerar-fila-e-aumentar-faixa-de-renda\/#breadcrumb","itemListElement":[{"@type":"ListItem","position":1,"name":"In\u00edcio","item":"https:\/\/psol50.org.br\/"},{"@type":"ListItem","position":2,"name":"Enquanto Bolsonaro corta 158 mil benef\u00edcios do Bolsa Fam\u00edlia, PSOL quer zerar fila e aumentar faixa de renda"}]},{"@type":"WebSite","@id":"https:\/\/psol50.org.br\/#website","url":"https:\/\/psol50.org.br\/","name":"PSOL 50","description":"Site oficial do Partido Socialismo e Liberdade","publisher":{"@id":"https:\/\/psol50.org.br\/#organization"},"alternateName":"PSOL50","potentialAction":[{"@type":"SearchAction","target":{"@type":"EntryPoint","urlTemplate":"https:\/\/psol50.org.br\/?s={search_term_string}"},"query-input":{"@type":"PropertyValueSpecification","valueRequired":true,"valueName":"search_term_string"}}],"inLanguage":"pt-BR"},{"@type":"Organization","@id":"https:\/\/psol50.org.br\/#organization","name":"PSOL 50","alternateName":"PSOL 50","url":"https:\/\/psol50.org.br\/","logo":{"@type":"ImageObject","inLanguage":"pt-BR","@id":"https:\/\/psol50.org.br\/#\/schema\/logo\/image\/","url":"https:\/\/psol50.org.br\/inc\/uploads\/2018\/07\/capa.png","contentUrl":"https:\/\/psol50.org.br\/inc\/uploads\/2018\/07\/capa.png","width":1350,"height":900,"caption":"PSOL 50"},"image":{"@id":"https:\/\/psol50.org.br\/#\/schema\/logo\/image\/"},"sameAs":["https:\/\/www.facebook.com\/psol50","https:\/\/x.com\/psol50","https:\/\/www.instagram.com\/psol50\/","https:\/\/www.youtube.com\/channel\/UC7SnJS5o1os7a6CaiNabzcg"]},{"@type":"Person","@id":"https:\/\/psol50.org.br\/#\/schema\/person\/475dfa57d0b815993c714c2e96491fcd","name":"Comunica\u00e7\u00e3o PSOL","image":{"@type":"ImageObject","inLanguage":"pt-BR","@id":"https:\/\/psol50.org.br\/#\/schema\/person\/image\/","url":"https:\/\/secure.gravatar.com\/avatar\/b34fc4f4e468a4e51785917065a3db57b841f5c95dba6ad8c73aaf8f66f8f9bf?s=96&d=mm&r=g","contentUrl":"https:\/\/secure.gravatar.com\/avatar\/b34fc4f4e468a4e51785917065a3db57b841f5c95dba6ad8c73aaf8f66f8f9bf?s=96&d=mm&r=g","caption":"Comunica\u00e7\u00e3o PSOL"}}]}},"_links":{"self":[{"href":"https:\/\/psol50.org.br\/rest\/wp\/v2\/posts\/27851","targetHints":{"allow":["GET"]}}],"collection":[{"href":"https:\/\/psol50.org.br\/rest\/wp\/v2\/posts"}],"about":[{"href":"https:\/\/psol50.org.br\/rest\/wp\/v2\/types\/post"}],"author":[{"embeddable":true,"href":"https:\/\/psol50.org.br\/rest\/wp\/v2\/users\/2"}],"replies":[{"embeddable":true,"href":"https:\/\/psol50.org.br\/rest\/wp\/v2\/comments?post=27851"}],"version-history":[{"count":0,"href":"https:\/\/psol50.org.br\/rest\/wp\/v2\/posts\/27851\/revisions"}],"wp:featuredmedia":[{"embeddable":true,"href":"https:\/\/psol50.org.br\/rest\/wp\/v2\/media\/27853"}],"wp:attachment":[{"href":"https:\/\/psol50.org.br\/rest\/wp\/v2\/media?parent=27851"}],"wp:term":[{"taxonomy":"category","embeddable":true,"href":"https:\/\/psol50.org.br\/rest\/wp\/v2\/categories?post=27851"},{"taxonomy":"post_tag","embeddable":true,"href":"https:\/\/psol50.org.br\/rest\/wp\/v2\/tags?post=27851"}],"curies":[{"name":"wp","href":"https:\/\/api.w.org\/{rel}","templated":true}]}}