{"id":2787,"date":"2014-06-03T00:00:00","date_gmt":"2014-06-03T18:10:57","guid":{"rendered":"http:\/\/psol50.org.br\/arquivo\/2014\/06\/03\/para-receber-contribuicoes-ao-programa-de-governo-psol-lanca-na-proxima-semana-o-site-plataforma-50\/"},"modified":"2014-06-03T00:00:00","modified_gmt":"2014-06-03T18:10:57","slug":"para-receber-contribuicoes-ao-programa-de-governo-psol-lanca-na-proxima-semana-o-site-plataforma-50","status":"publish","type":"post","link":"https:\/\/psol50.org.br\/para-receber-contribuicoes-ao-programa-de-governo-psol-lanca-na-proxima-semana-o-site-plataforma-50\/","title":{"rendered":"Para receber contribui\u00e7\u00f5es ao programa de governo, PSOL lan\u00e7a, na pr\u00f3xima semana, o site Plataforma 50"},"content":{"rendered":"<div style=\"text-align: justify;\">\n\t<span style=\"font-size:12px;\"><font face=\"Arial, sans-serif\"><em><font color=\"#000000\"><span style=\"font-style: normal;\">A partir da pr\u00f3xima ter\u00e7a-feira (10), militantes e apoiadores do PSOL poder\u00e3o apresentar, virtualmente, contribui\u00e7\u00f5es sobre diversos temas que poder\u00e3o ser incorporadas ao programa de governo que o partido apresentar\u00e1 ao pa\u00eds na elei\u00e7\u00e3o presidencial de outubro pr\u00f3ximo. Isso porque ser\u00e1 lan\u00e7ado o site Plataforma 50, uma iniciativa que a Secretaria Nacional de Comunica\u00e7\u00e3o do PSOL decidiu implementar para receber contribui\u00e7\u00f5es ao programa de governo. <\/span><\/font><\/em><\/font><\/p>\n<p>\t<em><font color=\"#000000\">\u201c<\/font><\/em><font face=\"Arial, sans-serif\"><em><font color=\"#000000\"><span style=\"font-style: normal;\">Queremos fazer deste um espa\u00e7o interativo para colher as contribui\u00e7\u00f5es de todos aqueles e aquelas que querem mudan\u00e7as profundas no Brasil. As mobiliza\u00e7\u00f5es populares que sacudiram o pa\u00eds em junho de 2013 &#8211; e que prosseguem desde ent\u00e3o em menor grau &#8211; mudaram a agenda da pol\u00edtica: j\u00e1 n\u00e3o \u00e9 poss\u00edvel aos velhos partidos continuarem alheios \u00e0 voz das ruas\u201d, ressalta texto de apresenta\u00e7\u00e3o do Plataforma 50.<\/span><\/font><\/em><\/font><\/p>\n<p>\t<font face=\"Arial, sans-serif\"><em><font color=\"#000000\"><span style=\"font-style: normal;\">No site, ser\u00e3o apresentados 30 temas, que s\u00e3o: Acesso \u00e0 Justi\u00e7a; Ci\u00eancia, tecnologia e inova\u00e7\u00e3o; Cultura; Defesa Nacional; Democracia, participa\u00e7\u00e3o popular e reforma pol\u00edtica; Democratiza\u00e7\u00e3o dos meios de comunica\u00e7\u00e3o; Desenvolvimento regional; Desigualdade social; Direitos humanos; Educa\u00e7\u00e3o; Esporte e lazer; Juventude; Meio ambiente e desenvolvimento; Mulheres; Negros e negras; Or\u00e7amento e finan\u00e7as; Pol\u00edtica econ\u00f4mica; Pol\u00edtica energ\u00e9tica; Pol\u00edtica exterior; Pol\u00edtica tribut\u00e1ria; Reforma urbana e habita\u00e7\u00e3o; Saneamento; Sa\u00fade; Seguran\u00e7a p\u00fablica; Seguridade social; Valoriza\u00e7\u00e3o dos servidores p\u00fablicos; Trabalho, emprego e renda; Transpar\u00eancia e combate \u00e0 corrup\u00e7\u00e3o; e Transporte e mobilidade urbana. Para cada um deles, o internauta poder\u00e1 escrever sua proposta e, com apenas um <\/span><\/font><\/em><em><font color=\"#000000\"><i>clic<\/i><\/font><\/em><em><font color=\"#000000\"><span style=\"font-style: normal;\">, enviar virtualmente <\/span><\/font><\/em><em><font color=\"#000000\"><span style=\"font-style: normal;\">a sugest\u00e3o para a equipe de sistematiza\u00e7\u00e3o.<\/span><\/font><\/em><\/font><\/p>\n<p>\t<font face=\"Arial, sans-serif\"><em><font color=\"#000000\"><span style=\"font-style: normal;\">Al\u00e9m de um espa\u00e7o de intera\u00e7\u00e3o, o Plataforma 50 tamb\u00e9m trar\u00e1 v\u00eddeos, not\u00edcias e agenda dos pr\u00e9-candidatos do PSOL \u00e0 Presid\u00eancia da Rep\u00fablica, senador Randolfe Rodrigues; e \u00e0 vice-presid\u00eancia, a ex-deputada federal Luciana Genro.<\/span><\/font><\/em><\/font><\/p>\n<p>\t<font face=\"Arial, sans-serif\"><em><font color=\"#000000\"><span style=\"font-style: normal;\">Segundo Luiz Ara\u00fajo, presidente nacional do partido, o<\/span><\/font><\/em><em><font color=\"#000000\"><span style=\"font-style: normal;\"> portal Plataforma 50 <\/span><\/font><\/em><em><font color=\"#000000\"><span style=\"font-style: normal;\">ter\u00e1 o objetivo de<\/span><\/font><\/em><em><font color=\"#000000\"><span style=\"font-style: normal;\"> receber contribui\u00e7\u00f5es de todas as pessoas interessadas em contribuir com o programa <\/span><\/font><\/em><em><font color=\"#000000\"><span style=\"font-style: normal;\">e de apresentar propostas efetivas de transforma\u00e7\u00e3o<\/span><\/font><\/em><em><font color=\"#000000\"><span style=\"font-style: normal;\">. \u201cVamos construir um programa que mobilize a milit\u00e2ncia. <\/span><\/font><\/em><em><font color=\"#000000\"><span style=\"font-style: normal;\">D<\/span><\/font><\/em><em><font color=\"#000000\"><span style=\"font-style: normal;\">a mesma forma que a campanha, certamente esse ser\u00e1 um instrumento <\/span><\/font><\/em><em><font color=\"#000000\"><span style=\"font-style: normal;\">amplo <\/span><\/font><\/em><em><font color=\"#000000\"><span style=\"font-style: normal;\">de mobiliza\u00e7\u00e3o <\/span><\/font><\/em><em><font color=\"#000000\"><span style=\"font-style: normal;\">e participa\u00e7\u00e3o\u201d. <\/span><\/font><\/em><\/font><\/span><\/div>\n<p style=\"margin-bottom: 0cm\">\n\t&nbsp;<\/p>\n<p style=\"margin-bottom: 0cm\">\n\t&nbsp;<\/p>\n","protected":false},"excerpt":{"rendered":"<p>Militantes e apoiadores poder\u00e3o opinar sobre 30 temas, como reforma agr\u00e1ria, sa\u00fade, educa\u00e7\u00e3o, reforma urbana, comunica\u00e7\u00e3o, transporte e mobilidade urbana, direitos humanos, meio ambiente, esporte e lazer, mulheres, negros, juventude, entre outros<\/p>\n","protected":false},"author":2,"featured_media":0,"comment_status":"open","ping_status":"open","sticky":false,"template":"","format":"standard","meta":{"_acf_changed":false,"footnotes":""},"categories":[4766,4960,6],"tags":[2506,22],"class_list":{"0":"post-2787","1":"post","2":"type-post","3":"status-publish","4":"format-standard","6":"category-arquivo","7":"category-eleicoes-2014","8":"category-noticias","9":"tag-eleicoes-2014","10":"tag-psol"},"acf":[],"yoast_head":"<!-- This site is optimized with the Yoast SEO plugin v26.5 - https:\/\/yoast.com\/wordpress\/plugins\/seo\/ -->\n<title>Para receber contribui\u00e7\u00f5es ao programa de governo, PSOL lan\u00e7a, na pr\u00f3xima semana, o site Plataforma 50 - PSOL 50<\/title>\n<meta name=\"robots\" content=\"index, follow, max-snippet:-1, max-image-preview:large, max-video-preview:-1\" \/>\n<link rel=\"canonical\" href=\"https:\/\/psol50.org.br\/para-receber-contribuicoes-ao-programa-de-governo-psol-lanca-na-proxima-semana-o-site-plataforma-50\/\" \/>\n<meta property=\"og:locale\" content=\"pt_BR\" \/>\n<meta property=\"og:type\" content=\"article\" \/>\n<meta property=\"og:title\" content=\"Para receber contribui\u00e7\u00f5es ao programa de governo, PSOL lan\u00e7a, na pr\u00f3xima semana, o site Plataforma 50 - PSOL 50\" \/>\n<meta property=\"og:description\" content=\"Militantes e apoiadores poder\u00e3o opinar sobre 30 temas, como reforma agr\u00e1ria, sa\u00fade, educa\u00e7\u00e3o, reforma urbana, comunica\u00e7\u00e3o, transporte e mobilidade urbana, direitos humanos, meio ambiente, esporte e lazer, mulheres, negros, juventude, entre outros\" \/>\n<meta property=\"og:url\" content=\"https:\/\/psol50.org.br\/para-receber-contribuicoes-ao-programa-de-governo-psol-lanca-na-proxima-semana-o-site-plataforma-50\/\" \/>\n<meta property=\"og:site_name\" content=\"PSOL 50\" \/>\n<meta property=\"article:publisher\" content=\"https:\/\/www.facebook.com\/psol50\" \/>\n<meta property=\"article:published_time\" content=\"2014-06-03T18:10:57+00:00\" \/>\n<meta property=\"og:image\" content=\"https:\/\/psol50.org.br\/inc\/uploads\/2018\/07\/capa.png\" \/>\n\t<meta property=\"og:image:width\" content=\"1350\" \/>\n\t<meta property=\"og:image:height\" content=\"900\" \/>\n\t<meta property=\"og:image:type\" content=\"image\/png\" \/>\n<meta name=\"author\" content=\"Comunica\u00e7\u00e3o PSOL\" \/>\n<meta name=\"twitter:card\" content=\"summary_large_image\" \/>\n<meta name=\"twitter:creator\" content=\"@psol50\" \/>\n<meta name=\"twitter:site\" content=\"@psol50\" \/>\n<meta name=\"twitter:label1\" content=\"Escrito por\" \/>\n\t<meta name=\"twitter:data1\" content=\"Comunica\u00e7\u00e3o PSOL\" \/>\n\t<meta name=\"twitter:label2\" content=\"Est. tempo de leitura\" \/>\n\t<meta name=\"twitter:data2\" content=\"2 minutos\" \/>\n<script type=\"application\/ld+json\" class=\"yoast-schema-graph\">{\"@context\":\"https:\/\/schema.org\",\"@graph\":[{\"@type\":\"Article\",\"@id\":\"https:\/\/psol50.org.br\/para-receber-contribuicoes-ao-programa-de-governo-psol-lanca-na-proxima-semana-o-site-plataforma-50\/#article\",\"isPartOf\":{\"@id\":\"https:\/\/psol50.org.br\/para-receber-contribuicoes-ao-programa-de-governo-psol-lanca-na-proxima-semana-o-site-plataforma-50\/\"},\"author\":{\"name\":\"Comunica\u00e7\u00e3o PSOL\",\"@id\":\"https:\/\/psol50.org.br\/#\/schema\/person\/475dfa57d0b815993c714c2e96491fcd\"},\"headline\":\"Para receber contribui\u00e7\u00f5es ao programa de governo, PSOL lan\u00e7a, na pr\u00f3xima semana, o site Plataforma 50\",\"datePublished\":\"2014-06-03T18:10:57+00:00\",\"mainEntityOfPage\":{\"@id\":\"https:\/\/psol50.org.br\/para-receber-contribuicoes-ao-programa-de-governo-psol-lanca-na-proxima-semana-o-site-plataforma-50\/\"},\"wordCount\":409,\"commentCount\":0,\"publisher\":{\"@id\":\"https:\/\/psol50.org.br\/#organization\"},\"keywords\":[\"elei\u00e7\u00f5es 2014\",\"PSOL\"],\"articleSection\":[\"Arquivo\",\"ELEI\u00c7\u00d5ES 2014\",\"Not\u00edcias\"],\"inLanguage\":\"pt-BR\",\"potentialAction\":[{\"@type\":\"CommentAction\",\"name\":\"Comment\",\"target\":[\"https:\/\/psol50.org.br\/para-receber-contribuicoes-ao-programa-de-governo-psol-lanca-na-proxima-semana-o-site-plataforma-50\/#respond\"]}]},{\"@type\":\"WebPage\",\"@id\":\"https:\/\/psol50.org.br\/para-receber-contribuicoes-ao-programa-de-governo-psol-lanca-na-proxima-semana-o-site-plataforma-50\/\",\"url\":\"https:\/\/psol50.org.br\/para-receber-contribuicoes-ao-programa-de-governo-psol-lanca-na-proxima-semana-o-site-plataforma-50\/\",\"name\":\"Para receber contribui\u00e7\u00f5es ao programa de governo, PSOL lan\u00e7a, na pr\u00f3xima semana, o site Plataforma 50 - PSOL 50\",\"isPartOf\":{\"@id\":\"https:\/\/psol50.org.br\/#website\"},\"datePublished\":\"2014-06-03T18:10:57+00:00\",\"breadcrumb\":{\"@id\":\"https:\/\/psol50.org.br\/para-receber-contribuicoes-ao-programa-de-governo-psol-lanca-na-proxima-semana-o-site-plataforma-50\/#breadcrumb\"},\"inLanguage\":\"pt-BR\",\"potentialAction\":[{\"@type\":\"ReadAction\",\"target\":[\"https:\/\/psol50.org.br\/para-receber-contribuicoes-ao-programa-de-governo-psol-lanca-na-proxima-semana-o-site-plataforma-50\/\"]}]},{\"@type\":\"BreadcrumbList\",\"@id\":\"https:\/\/psol50.org.br\/para-receber-contribuicoes-ao-programa-de-governo-psol-lanca-na-proxima-semana-o-site-plataforma-50\/#breadcrumb\",\"itemListElement\":[{\"@type\":\"ListItem\",\"position\":1,\"name\":\"In\u00edcio\",\"item\":\"https:\/\/psol50.org.br\/\"},{\"@type\":\"ListItem\",\"position\":2,\"name\":\"Para receber contribui\u00e7\u00f5es ao programa de governo, PSOL lan\u00e7a, na pr\u00f3xima semana, o site Plataforma 50\"}]},{\"@type\":\"WebSite\",\"@id\":\"https:\/\/psol50.org.br\/#website\",\"url\":\"https:\/\/psol50.org.br\/\",\"name\":\"PSOL 50\",\"description\":\"Site oficial do Partido Socialismo e Liberdade\",\"publisher\":{\"@id\":\"https:\/\/psol50.org.br\/#organization\"},\"alternateName\":\"PSOL50\",\"potentialAction\":[{\"@type\":\"SearchAction\",\"target\":{\"@type\":\"EntryPoint\",\"urlTemplate\":\"https:\/\/psol50.org.br\/?s={search_term_string}\"},\"query-input\":{\"@type\":\"PropertyValueSpecification\",\"valueRequired\":true,\"valueName\":\"search_term_string\"}}],\"inLanguage\":\"pt-BR\"},{\"@type\":\"Organization\",\"@id\":\"https:\/\/psol50.org.br\/#organization\",\"name\":\"PSOL 50\",\"alternateName\":\"PSOL 50\",\"url\":\"https:\/\/psol50.org.br\/\",\"logo\":{\"@type\":\"ImageObject\",\"inLanguage\":\"pt-BR\",\"@id\":\"https:\/\/psol50.org.br\/#\/schema\/logo\/image\/\",\"url\":\"https:\/\/psol50.org.br\/inc\/uploads\/2018\/07\/capa.png\",\"contentUrl\":\"https:\/\/psol50.org.br\/inc\/uploads\/2018\/07\/capa.png\",\"width\":1350,\"height\":900,\"caption\":\"PSOL 50\"},\"image\":{\"@id\":\"https:\/\/psol50.org.br\/#\/schema\/logo\/image\/\"},\"sameAs\":[\"https:\/\/www.facebook.com\/psol50\",\"https:\/\/x.com\/psol50\",\"https:\/\/www.instagram.com\/psol50\/\",\"https:\/\/www.youtube.com\/channel\/UC7SnJS5o1os7a6CaiNabzcg\"]},{\"@type\":\"Person\",\"@id\":\"https:\/\/psol50.org.br\/#\/schema\/person\/475dfa57d0b815993c714c2e96491fcd\",\"name\":\"Comunica\u00e7\u00e3o PSOL\",\"image\":{\"@type\":\"ImageObject\",\"inLanguage\":\"pt-BR\",\"@id\":\"https:\/\/psol50.org.br\/#\/schema\/person\/image\/\",\"url\":\"https:\/\/secure.gravatar.com\/avatar\/b34fc4f4e468a4e51785917065a3db57b841f5c95dba6ad8c73aaf8f66f8f9bf?s=96&d=mm&r=g\",\"contentUrl\":\"https:\/\/secure.gravatar.com\/avatar\/b34fc4f4e468a4e51785917065a3db57b841f5c95dba6ad8c73aaf8f66f8f9bf?s=96&d=mm&r=g\",\"caption\":\"Comunica\u00e7\u00e3o PSOL\"}}]}<\/script>\n<!-- \/ Yoast SEO plugin. -->","yoast_head_json":{"title":"Para receber contribui\u00e7\u00f5es ao programa de governo, PSOL lan\u00e7a, na pr\u00f3xima semana, o site Plataforma 50 - PSOL 50","robots":{"index":"index","follow":"follow","max-snippet":"max-snippet:-1","max-image-preview":"max-image-preview:large","max-video-preview":"max-video-preview:-1"},"canonical":"https:\/\/psol50.org.br\/para-receber-contribuicoes-ao-programa-de-governo-psol-lanca-na-proxima-semana-o-site-plataforma-50\/","og_locale":"pt_BR","og_type":"article","og_title":"Para receber contribui\u00e7\u00f5es ao programa de governo, PSOL lan\u00e7a, na pr\u00f3xima semana, o site Plataforma 50 - PSOL 50","og_description":"Militantes e apoiadores poder\u00e3o opinar sobre 30 temas, como reforma agr\u00e1ria, sa\u00fade, educa\u00e7\u00e3o, reforma urbana, comunica\u00e7\u00e3o, transporte e mobilidade urbana, direitos humanos, meio ambiente, esporte e lazer, mulheres, negros, juventude, entre outros","og_url":"https:\/\/psol50.org.br\/para-receber-contribuicoes-ao-programa-de-governo-psol-lanca-na-proxima-semana-o-site-plataforma-50\/","og_site_name":"PSOL 50","article_publisher":"https:\/\/www.facebook.com\/psol50","article_published_time":"2014-06-03T18:10:57+00:00","og_image":[{"width":1350,"height":900,"url":"https:\/\/psol50.org.br\/inc\/uploads\/2018\/07\/capa.png","type":"image\/png"}],"author":"Comunica\u00e7\u00e3o PSOL","twitter_card":"summary_large_image","twitter_creator":"@psol50","twitter_site":"@psol50","twitter_misc":{"Escrito por":"Comunica\u00e7\u00e3o PSOL","Est. tempo de leitura":"2 minutos"},"schema":{"@context":"https:\/\/schema.org","@graph":[{"@type":"Article","@id":"https:\/\/psol50.org.br\/para-receber-contribuicoes-ao-programa-de-governo-psol-lanca-na-proxima-semana-o-site-plataforma-50\/#article","isPartOf":{"@id":"https:\/\/psol50.org.br\/para-receber-contribuicoes-ao-programa-de-governo-psol-lanca-na-proxima-semana-o-site-plataforma-50\/"},"author":{"name":"Comunica\u00e7\u00e3o PSOL","@id":"https:\/\/psol50.org.br\/#\/schema\/person\/475dfa57d0b815993c714c2e96491fcd"},"headline":"Para receber contribui\u00e7\u00f5es ao programa de governo, PSOL lan\u00e7a, na pr\u00f3xima semana, o site Plataforma 50","datePublished":"2014-06-03T18:10:57+00:00","mainEntityOfPage":{"@id":"https:\/\/psol50.org.br\/para-receber-contribuicoes-ao-programa-de-governo-psol-lanca-na-proxima-semana-o-site-plataforma-50\/"},"wordCount":409,"commentCount":0,"publisher":{"@id":"https:\/\/psol50.org.br\/#organization"},"keywords":["elei\u00e7\u00f5es 2014","PSOL"],"articleSection":["Arquivo","ELEI\u00c7\u00d5ES 2014","Not\u00edcias"],"inLanguage":"pt-BR","potentialAction":[{"@type":"CommentAction","name":"Comment","target":["https:\/\/psol50.org.br\/para-receber-contribuicoes-ao-programa-de-governo-psol-lanca-na-proxima-semana-o-site-plataforma-50\/#respond"]}]},{"@type":"WebPage","@id":"https:\/\/psol50.org.br\/para-receber-contribuicoes-ao-programa-de-governo-psol-lanca-na-proxima-semana-o-site-plataforma-50\/","url":"https:\/\/psol50.org.br\/para-receber-contribuicoes-ao-programa-de-governo-psol-lanca-na-proxima-semana-o-site-plataforma-50\/","name":"Para receber contribui\u00e7\u00f5es ao programa de governo, PSOL lan\u00e7a, na pr\u00f3xima semana, o site Plataforma 50 - PSOL 50","isPartOf":{"@id":"https:\/\/psol50.org.br\/#website"},"datePublished":"2014-06-03T18:10:57+00:00","breadcrumb":{"@id":"https:\/\/psol50.org.br\/para-receber-contribuicoes-ao-programa-de-governo-psol-lanca-na-proxima-semana-o-site-plataforma-50\/#breadcrumb"},"inLanguage":"pt-BR","potentialAction":[{"@type":"ReadAction","target":["https:\/\/psol50.org.br\/para-receber-contribuicoes-ao-programa-de-governo-psol-lanca-na-proxima-semana-o-site-plataforma-50\/"]}]},{"@type":"BreadcrumbList","@id":"https:\/\/psol50.org.br\/para-receber-contribuicoes-ao-programa-de-governo-psol-lanca-na-proxima-semana-o-site-plataforma-50\/#breadcrumb","itemListElement":[{"@type":"ListItem","position":1,"name":"In\u00edcio","item":"https:\/\/psol50.org.br\/"},{"@type":"ListItem","position":2,"name":"Para receber contribui\u00e7\u00f5es ao programa de governo, PSOL lan\u00e7a, na pr\u00f3xima semana, o site Plataforma 50"}]},{"@type":"WebSite","@id":"https:\/\/psol50.org.br\/#website","url":"https:\/\/psol50.org.br\/","name":"PSOL 50","description":"Site oficial do Partido Socialismo e Liberdade","publisher":{"@id":"https:\/\/psol50.org.br\/#organization"},"alternateName":"PSOL50","potentialAction":[{"@type":"SearchAction","target":{"@type":"EntryPoint","urlTemplate":"https:\/\/psol50.org.br\/?s={search_term_string}"},"query-input":{"@type":"PropertyValueSpecification","valueRequired":true,"valueName":"search_term_string"}}],"inLanguage":"pt-BR"},{"@type":"Organization","@id":"https:\/\/psol50.org.br\/#organization","name":"PSOL 50","alternateName":"PSOL 50","url":"https:\/\/psol50.org.br\/","logo":{"@type":"ImageObject","inLanguage":"pt-BR","@id":"https:\/\/psol50.org.br\/#\/schema\/logo\/image\/","url":"https:\/\/psol50.org.br\/inc\/uploads\/2018\/07\/capa.png","contentUrl":"https:\/\/psol50.org.br\/inc\/uploads\/2018\/07\/capa.png","width":1350,"height":900,"caption":"PSOL 50"},"image":{"@id":"https:\/\/psol50.org.br\/#\/schema\/logo\/image\/"},"sameAs":["https:\/\/www.facebook.com\/psol50","https:\/\/x.com\/psol50","https:\/\/www.instagram.com\/psol50\/","https:\/\/www.youtube.com\/channel\/UC7SnJS5o1os7a6CaiNabzcg"]},{"@type":"Person","@id":"https:\/\/psol50.org.br\/#\/schema\/person\/475dfa57d0b815993c714c2e96491fcd","name":"Comunica\u00e7\u00e3o PSOL","image":{"@type":"ImageObject","inLanguage":"pt-BR","@id":"https:\/\/psol50.org.br\/#\/schema\/person\/image\/","url":"https:\/\/secure.gravatar.com\/avatar\/b34fc4f4e468a4e51785917065a3db57b841f5c95dba6ad8c73aaf8f66f8f9bf?s=96&d=mm&r=g","contentUrl":"https:\/\/secure.gravatar.com\/avatar\/b34fc4f4e468a4e51785917065a3db57b841f5c95dba6ad8c73aaf8f66f8f9bf?s=96&d=mm&r=g","caption":"Comunica\u00e7\u00e3o PSOL"}}]}},"_links":{"self":[{"href":"https:\/\/psol50.org.br\/rest\/wp\/v2\/posts\/2787","targetHints":{"allow":["GET"]}}],"collection":[{"href":"https:\/\/psol50.org.br\/rest\/wp\/v2\/posts"}],"about":[{"href":"https:\/\/psol50.org.br\/rest\/wp\/v2\/types\/post"}],"author":[{"embeddable":true,"href":"https:\/\/psol50.org.br\/rest\/wp\/v2\/users\/2"}],"replies":[{"embeddable":true,"href":"https:\/\/psol50.org.br\/rest\/wp\/v2\/comments?post=2787"}],"version-history":[{"count":0,"href":"https:\/\/psol50.org.br\/rest\/wp\/v2\/posts\/2787\/revisions"}],"wp:attachment":[{"href":"https:\/\/psol50.org.br\/rest\/wp\/v2\/media?parent=2787"}],"wp:term":[{"taxonomy":"category","embeddable":true,"href":"https:\/\/psol50.org.br\/rest\/wp\/v2\/categories?post=2787"},{"taxonomy":"post_tag","embeddable":true,"href":"https:\/\/psol50.org.br\/rest\/wp\/v2\/tags?post=2787"}],"curies":[{"name":"wp","href":"https:\/\/api.w.org\/{rel}","templated":true}]}}