{"id":2788,"date":"2014-06-04T00:00:00","date_gmt":"2014-06-04T15:18:37","guid":{"rendered":"http:\/\/psol50.org.br\/arquivo\/2014\/06\/04\/para-jean-wyllys-houve-afrouxamento-das-politicas-publicas-de-prevencao-as-dst-e-aids\/"},"modified":"2014-06-04T00:00:00","modified_gmt":"2014-06-04T15:18:37","slug":"para-jean-wyllys-houve-afrouxamento-das-politicas-publicas-de-prevencao-as-dst-e-aids","status":"publish","type":"post","link":"https:\/\/psol50.org.br\/para-jean-wyllys-houve-afrouxamento-das-politicas-publicas-de-prevencao-as-dst-e-aids\/","title":{"rendered":"Para Jean Wyllys, houve afrouxamento das pol\u00edticas p\u00fablicas de preven\u00e7\u00e3o \u00e0s DST e Aids"},"content":{"rendered":"<div style=\"margin-bottom: 0cm; text-align: justify;\">\n\t<span style=\"font-size:12px;\">Promover o di\u00e1logo e gerar subs\u00eddios legislativos e conte\u00fados para a m\u00eddia p\u00fablica do Congresso Nacional sobre caminhos para o enfrentamento das DST\/HIV\/AIDS, com \u00eanfase na efic\u00e1cia das leis contra a discrimina\u00e7\u00e3o e a viol\u00eancia contra popula\u00e7\u00f5es de maior risco, na implementa\u00e7\u00e3o de pol\u00edticas p\u00fablicas eficazes e campanhas de cunho preventivo. Com este objetivo foi realizado, nesta ter\u00e7a-feira (03), no Congresso Nacional, o XI Semin\u00e1rio Nacional de L\u00e9sbicas, Gays, Bissexuais, Travestis e Transexuais \u2013 \u201cFormas de saber, formas de adoecer \u2013 uma discuss\u00e3o sobre quest\u00f5es relacionadas \u00e0s DST\/HIV\/AIDS\u201d.<\/p>\n<p>\tO deputado Jean Wyllys, do PSOL do Rio de Janeiro e um dos organizadores do evento, destacou que o tema Aids passa por um novo momento, em que vitima a sexualidade dos infectados e atinge grupos estigmatizados. \u201cTemos o desafio de fortalecer a nossa luta por pol\u00edticas p\u00fablicas de preven\u00e7\u00e3o e de aten\u00e7\u00e3o \u00e0s pessoas que vivem com HIV\/AIDS e de produzir um discurso que n\u00e3o as estigmatize\u201d.<\/p>\n<p>\tDe acordo com o deputado, estudiosos apontam que a Aids apresenta atualmente quatro faces: a pauperiza\u00e7\u00e3o \u2013 quando os infectados s\u00e3o pobres, com pouco ou nenhum acesso em atendimento \u00e0 sa\u00fade e s\u00f3 descobrem que est\u00e3o doentes em est\u00e1gio avan\u00e7ado da doen\u00e7a; a feminiliza\u00e7\u00e3o, h\u00e1 30 anos, eram 30 homens infectados para uma mulher, hoje a propor\u00e7\u00e3o \u00e9 de 1 pra 1; a interioriza\u00e7\u00e3o, a doen\u00e7a \u201cmigrou\u201d dos grandes centros urbanos para cidades menores do pa\u00eds; e a juveniliza\u00e7\u00e3o, a Aids atinge um n\u00famero maior de jovens, sendo que o homossexual masculino, entre 15 e 25 anos, voltou a ser a v\u00edtima preferencial.<\/p>\n<p>\t\u201cA quest\u00e3o \u00e9 que com todos esses cen\u00e1rios n\u00e3o se alterou a pol\u00edtica p\u00fablica de preven\u00e7\u00e3o. O pr\u00f3prio Minist\u00e9rio da Sa\u00fade aponta a propaga\u00e7\u00e3o da doen\u00e7a\u201d, criticou Jean Wyllys. \u201cE o afrouxamento dessas <font color=\"#000000\">pol\u00edticas coincide com o crescimento do fundamentalismo religioso no Estado e a homofobia\u201d.<\/p>\n<p>\t<b>Amplo debate<\/b><\/font><br \/>\n\t<font color=\"#000000\">O XI Semin\u00e1rio Nacional de L\u00e9sbicas, Gays, Bissexuais, Travestis e Transexuais foi uma realiza\u00e7\u00e3o das comiss\u00f5es de Direitos Humanos e Minorias, de Legisla\u00e7\u00e3o Participativa, e de Seguridade Social e Fam\u00edlia da C\u00e2mara dos Deputados; e da Comiss\u00e3o de Direitos Humanos e Legisla\u00e7\u00e3o Participativa do Senado Federal.<\/font><\/p>\n<p>\t<font color=\"#000000\">Reuniu representantes da Associa\u00e7\u00e3o Brasileira Interdisciplinar de Aids (ABIA); da Ficocruz; do Departamento de Vigil\u00e2ncia, Preven\u00e7\u00e3o e Controle das DST, AIDS e Hepatites Virais do Minist\u00e9rio da Sa\u00fade; do Programa de Mestrado em DST\/Aids e Hepatites Virais da Faculdade de Medicina da Universidade Federal do Estado do Rio de Janeiro; do Centro de Refer\u00eancia e Defesa da Diversidade de S\u00e3o Paulo; da Coordenadoria Especial da Diversidade Sexual; da Assessoria de Direitos Humanos Das Na\u00e7\u00f5es Unidas no Brasil; e do Grupo Vitamore.<\/font><\/span><\/div>\n<p style=\"margin-bottom: 0cm\">\n\t&nbsp;<\/p>\n","protected":false},"excerpt":{"rendered":"<p>Posicionamento do deputado do PSOL foi durante o XI Semin\u00e1rio Nacional de L\u00e9sbicas, Gays, Bissexuais, Travestis e Transexuais. De acordo com ele, retrocesso coincide com o crescimento do fundamentalismo religioso<\/p>\n","protected":false},"author":2,"featured_media":0,"comment_status":"open","ping_status":"open","sticky":false,"template":"","format":"standard","meta":{"_acf_changed":false,"footnotes":""},"categories":[10,4766,6],"tags":[],"class_list":{"0":"post-2788","1":"post","2":"type-post","3":"status-publish","4":"format-standard","6":"category-acao-parlamentares","7":"category-arquivo","8":"category-noticias"},"acf":[],"yoast_head":"<!-- This site is optimized with the Yoast SEO plugin v26.5 - https:\/\/yoast.com\/wordpress\/plugins\/seo\/ -->\n<title>Para Jean Wyllys, houve afrouxamento das pol\u00edticas p\u00fablicas de preven\u00e7\u00e3o \u00e0s DST e Aids - PSOL 50<\/title>\n<meta name=\"robots\" content=\"index, follow, max-snippet:-1, max-image-preview:large, max-video-preview:-1\" \/>\n<link rel=\"canonical\" href=\"https:\/\/psol50.org.br\/para-jean-wyllys-houve-afrouxamento-das-politicas-publicas-de-prevencao-as-dst-e-aids\/\" \/>\n<meta property=\"og:locale\" content=\"pt_BR\" \/>\n<meta property=\"og:type\" content=\"article\" \/>\n<meta property=\"og:title\" content=\"Para Jean Wyllys, houve afrouxamento das pol\u00edticas p\u00fablicas de preven\u00e7\u00e3o \u00e0s DST e Aids - PSOL 50\" \/>\n<meta property=\"og:description\" content=\"Posicionamento do deputado do PSOL foi durante o XI Semin\u00e1rio Nacional de L\u00e9sbicas, Gays, Bissexuais, Travestis e Transexuais. De acordo com ele, retrocesso coincide com o crescimento do fundamentalismo religioso\" \/>\n<meta property=\"og:url\" content=\"https:\/\/psol50.org.br\/para-jean-wyllys-houve-afrouxamento-das-politicas-publicas-de-prevencao-as-dst-e-aids\/\" \/>\n<meta property=\"og:site_name\" content=\"PSOL 50\" \/>\n<meta property=\"article:publisher\" content=\"https:\/\/www.facebook.com\/psol50\" \/>\n<meta property=\"article:published_time\" content=\"2014-06-04T15:18:37+00:00\" \/>\n<meta property=\"og:image\" content=\"https:\/\/psol50.org.br\/inc\/uploads\/2018\/07\/capa.png\" \/>\n\t<meta property=\"og:image:width\" content=\"1350\" \/>\n\t<meta property=\"og:image:height\" content=\"900\" \/>\n\t<meta property=\"og:image:type\" content=\"image\/png\" \/>\n<meta name=\"author\" content=\"Comunica\u00e7\u00e3o PSOL\" \/>\n<meta name=\"twitter:card\" content=\"summary_large_image\" \/>\n<meta name=\"twitter:creator\" content=\"@psol50\" \/>\n<meta name=\"twitter:site\" content=\"@psol50\" \/>\n<meta name=\"twitter:label1\" content=\"Escrito por\" \/>\n\t<meta name=\"twitter:data1\" content=\"Comunica\u00e7\u00e3o PSOL\" \/>\n\t<meta name=\"twitter:label2\" content=\"Est. tempo de leitura\" \/>\n\t<meta name=\"twitter:data2\" content=\"2 minutos\" \/>\n<script type=\"application\/ld+json\" class=\"yoast-schema-graph\">{\"@context\":\"https:\/\/schema.org\",\"@graph\":[{\"@type\":\"Article\",\"@id\":\"https:\/\/psol50.org.br\/para-jean-wyllys-houve-afrouxamento-das-politicas-publicas-de-prevencao-as-dst-e-aids\/#article\",\"isPartOf\":{\"@id\":\"https:\/\/psol50.org.br\/para-jean-wyllys-houve-afrouxamento-das-politicas-publicas-de-prevencao-as-dst-e-aids\/\"},\"author\":{\"name\":\"Comunica\u00e7\u00e3o PSOL\",\"@id\":\"https:\/\/psol50.org.br\/#\/schema\/person\/475dfa57d0b815993c714c2e96491fcd\"},\"headline\":\"Para Jean Wyllys, houve afrouxamento das pol\u00edticas p\u00fablicas de preven\u00e7\u00e3o \u00e0s DST e Aids\",\"datePublished\":\"2014-06-04T15:18:37+00:00\",\"mainEntityOfPage\":{\"@id\":\"https:\/\/psol50.org.br\/para-jean-wyllys-houve-afrouxamento-das-politicas-publicas-de-prevencao-as-dst-e-aids\/\"},\"wordCount\":511,\"commentCount\":0,\"publisher\":{\"@id\":\"https:\/\/psol50.org.br\/#organization\"},\"articleSection\":[\"A\u00e7\u00e3o Parlamentar\",\"Arquivo\",\"Not\u00edcias\"],\"inLanguage\":\"pt-BR\",\"potentialAction\":[{\"@type\":\"CommentAction\",\"name\":\"Comment\",\"target\":[\"https:\/\/psol50.org.br\/para-jean-wyllys-houve-afrouxamento-das-politicas-publicas-de-prevencao-as-dst-e-aids\/#respond\"]}]},{\"@type\":\"WebPage\",\"@id\":\"https:\/\/psol50.org.br\/para-jean-wyllys-houve-afrouxamento-das-politicas-publicas-de-prevencao-as-dst-e-aids\/\",\"url\":\"https:\/\/psol50.org.br\/para-jean-wyllys-houve-afrouxamento-das-politicas-publicas-de-prevencao-as-dst-e-aids\/\",\"name\":\"Para Jean Wyllys, houve afrouxamento das pol\u00edticas p\u00fablicas de preven\u00e7\u00e3o \u00e0s DST e Aids - PSOL 50\",\"isPartOf\":{\"@id\":\"https:\/\/psol50.org.br\/#website\"},\"datePublished\":\"2014-06-04T15:18:37+00:00\",\"breadcrumb\":{\"@id\":\"https:\/\/psol50.org.br\/para-jean-wyllys-houve-afrouxamento-das-politicas-publicas-de-prevencao-as-dst-e-aids\/#breadcrumb\"},\"inLanguage\":\"pt-BR\",\"potentialAction\":[{\"@type\":\"ReadAction\",\"target\":[\"https:\/\/psol50.org.br\/para-jean-wyllys-houve-afrouxamento-das-politicas-publicas-de-prevencao-as-dst-e-aids\/\"]}]},{\"@type\":\"BreadcrumbList\",\"@id\":\"https:\/\/psol50.org.br\/para-jean-wyllys-houve-afrouxamento-das-politicas-publicas-de-prevencao-as-dst-e-aids\/#breadcrumb\",\"itemListElement\":[{\"@type\":\"ListItem\",\"position\":1,\"name\":\"In\u00edcio\",\"item\":\"https:\/\/psol50.org.br\/\"},{\"@type\":\"ListItem\",\"position\":2,\"name\":\"Para Jean Wyllys, houve afrouxamento das pol\u00edticas p\u00fablicas de preven\u00e7\u00e3o \u00e0s DST e Aids\"}]},{\"@type\":\"WebSite\",\"@id\":\"https:\/\/psol50.org.br\/#website\",\"url\":\"https:\/\/psol50.org.br\/\",\"name\":\"PSOL 50\",\"description\":\"Site oficial do Partido Socialismo e Liberdade\",\"publisher\":{\"@id\":\"https:\/\/psol50.org.br\/#organization\"},\"alternateName\":\"PSOL50\",\"potentialAction\":[{\"@type\":\"SearchAction\",\"target\":{\"@type\":\"EntryPoint\",\"urlTemplate\":\"https:\/\/psol50.org.br\/?s={search_term_string}\"},\"query-input\":{\"@type\":\"PropertyValueSpecification\",\"valueRequired\":true,\"valueName\":\"search_term_string\"}}],\"inLanguage\":\"pt-BR\"},{\"@type\":\"Organization\",\"@id\":\"https:\/\/psol50.org.br\/#organization\",\"name\":\"PSOL 50\",\"alternateName\":\"PSOL 50\",\"url\":\"https:\/\/psol50.org.br\/\",\"logo\":{\"@type\":\"ImageObject\",\"inLanguage\":\"pt-BR\",\"@id\":\"https:\/\/psol50.org.br\/#\/schema\/logo\/image\/\",\"url\":\"https:\/\/psol50.org.br\/inc\/uploads\/2018\/07\/capa.png\",\"contentUrl\":\"https:\/\/psol50.org.br\/inc\/uploads\/2018\/07\/capa.png\",\"width\":1350,\"height\":900,\"caption\":\"PSOL 50\"},\"image\":{\"@id\":\"https:\/\/psol50.org.br\/#\/schema\/logo\/image\/\"},\"sameAs\":[\"https:\/\/www.facebook.com\/psol50\",\"https:\/\/x.com\/psol50\",\"https:\/\/www.instagram.com\/psol50\/\",\"https:\/\/www.youtube.com\/channel\/UC7SnJS5o1os7a6CaiNabzcg\"]},{\"@type\":\"Person\",\"@id\":\"https:\/\/psol50.org.br\/#\/schema\/person\/475dfa57d0b815993c714c2e96491fcd\",\"name\":\"Comunica\u00e7\u00e3o PSOL\",\"image\":{\"@type\":\"ImageObject\",\"inLanguage\":\"pt-BR\",\"@id\":\"https:\/\/psol50.org.br\/#\/schema\/person\/image\/\",\"url\":\"https:\/\/secure.gravatar.com\/avatar\/b34fc4f4e468a4e51785917065a3db57b841f5c95dba6ad8c73aaf8f66f8f9bf?s=96&d=mm&r=g\",\"contentUrl\":\"https:\/\/secure.gravatar.com\/avatar\/b34fc4f4e468a4e51785917065a3db57b841f5c95dba6ad8c73aaf8f66f8f9bf?s=96&d=mm&r=g\",\"caption\":\"Comunica\u00e7\u00e3o PSOL\"}}]}<\/script>\n<!-- \/ Yoast SEO plugin. -->","yoast_head_json":{"title":"Para Jean Wyllys, houve afrouxamento das pol\u00edticas p\u00fablicas de preven\u00e7\u00e3o \u00e0s DST e Aids - PSOL 50","robots":{"index":"index","follow":"follow","max-snippet":"max-snippet:-1","max-image-preview":"max-image-preview:large","max-video-preview":"max-video-preview:-1"},"canonical":"https:\/\/psol50.org.br\/para-jean-wyllys-houve-afrouxamento-das-politicas-publicas-de-prevencao-as-dst-e-aids\/","og_locale":"pt_BR","og_type":"article","og_title":"Para Jean Wyllys, houve afrouxamento das pol\u00edticas p\u00fablicas de preven\u00e7\u00e3o \u00e0s DST e Aids - PSOL 50","og_description":"Posicionamento do deputado do PSOL foi durante o XI Semin\u00e1rio Nacional de L\u00e9sbicas, Gays, Bissexuais, Travestis e Transexuais. De acordo com ele, retrocesso coincide com o crescimento do fundamentalismo religioso","og_url":"https:\/\/psol50.org.br\/para-jean-wyllys-houve-afrouxamento-das-politicas-publicas-de-prevencao-as-dst-e-aids\/","og_site_name":"PSOL 50","article_publisher":"https:\/\/www.facebook.com\/psol50","article_published_time":"2014-06-04T15:18:37+00:00","og_image":[{"width":1350,"height":900,"url":"https:\/\/psol50.org.br\/inc\/uploads\/2018\/07\/capa.png","type":"image\/png"}],"author":"Comunica\u00e7\u00e3o PSOL","twitter_card":"summary_large_image","twitter_creator":"@psol50","twitter_site":"@psol50","twitter_misc":{"Escrito por":"Comunica\u00e7\u00e3o PSOL","Est. tempo de leitura":"2 minutos"},"schema":{"@context":"https:\/\/schema.org","@graph":[{"@type":"Article","@id":"https:\/\/psol50.org.br\/para-jean-wyllys-houve-afrouxamento-das-politicas-publicas-de-prevencao-as-dst-e-aids\/#article","isPartOf":{"@id":"https:\/\/psol50.org.br\/para-jean-wyllys-houve-afrouxamento-das-politicas-publicas-de-prevencao-as-dst-e-aids\/"},"author":{"name":"Comunica\u00e7\u00e3o PSOL","@id":"https:\/\/psol50.org.br\/#\/schema\/person\/475dfa57d0b815993c714c2e96491fcd"},"headline":"Para Jean Wyllys, houve afrouxamento das pol\u00edticas p\u00fablicas de preven\u00e7\u00e3o \u00e0s DST e Aids","datePublished":"2014-06-04T15:18:37+00:00","mainEntityOfPage":{"@id":"https:\/\/psol50.org.br\/para-jean-wyllys-houve-afrouxamento-das-politicas-publicas-de-prevencao-as-dst-e-aids\/"},"wordCount":511,"commentCount":0,"publisher":{"@id":"https:\/\/psol50.org.br\/#organization"},"articleSection":["A\u00e7\u00e3o Parlamentar","Arquivo","Not\u00edcias"],"inLanguage":"pt-BR","potentialAction":[{"@type":"CommentAction","name":"Comment","target":["https:\/\/psol50.org.br\/para-jean-wyllys-houve-afrouxamento-das-politicas-publicas-de-prevencao-as-dst-e-aids\/#respond"]}]},{"@type":"WebPage","@id":"https:\/\/psol50.org.br\/para-jean-wyllys-houve-afrouxamento-das-politicas-publicas-de-prevencao-as-dst-e-aids\/","url":"https:\/\/psol50.org.br\/para-jean-wyllys-houve-afrouxamento-das-politicas-publicas-de-prevencao-as-dst-e-aids\/","name":"Para Jean Wyllys, houve afrouxamento das pol\u00edticas p\u00fablicas de preven\u00e7\u00e3o \u00e0s DST e Aids - PSOL 50","isPartOf":{"@id":"https:\/\/psol50.org.br\/#website"},"datePublished":"2014-06-04T15:18:37+00:00","breadcrumb":{"@id":"https:\/\/psol50.org.br\/para-jean-wyllys-houve-afrouxamento-das-politicas-publicas-de-prevencao-as-dst-e-aids\/#breadcrumb"},"inLanguage":"pt-BR","potentialAction":[{"@type":"ReadAction","target":["https:\/\/psol50.org.br\/para-jean-wyllys-houve-afrouxamento-das-politicas-publicas-de-prevencao-as-dst-e-aids\/"]}]},{"@type":"BreadcrumbList","@id":"https:\/\/psol50.org.br\/para-jean-wyllys-houve-afrouxamento-das-politicas-publicas-de-prevencao-as-dst-e-aids\/#breadcrumb","itemListElement":[{"@type":"ListItem","position":1,"name":"In\u00edcio","item":"https:\/\/psol50.org.br\/"},{"@type":"ListItem","position":2,"name":"Para Jean Wyllys, houve afrouxamento das pol\u00edticas p\u00fablicas de preven\u00e7\u00e3o \u00e0s DST e Aids"}]},{"@type":"WebSite","@id":"https:\/\/psol50.org.br\/#website","url":"https:\/\/psol50.org.br\/","name":"PSOL 50","description":"Site oficial do Partido Socialismo e Liberdade","publisher":{"@id":"https:\/\/psol50.org.br\/#organization"},"alternateName":"PSOL50","potentialAction":[{"@type":"SearchAction","target":{"@type":"EntryPoint","urlTemplate":"https:\/\/psol50.org.br\/?s={search_term_string}"},"query-input":{"@type":"PropertyValueSpecification","valueRequired":true,"valueName":"search_term_string"}}],"inLanguage":"pt-BR"},{"@type":"Organization","@id":"https:\/\/psol50.org.br\/#organization","name":"PSOL 50","alternateName":"PSOL 50","url":"https:\/\/psol50.org.br\/","logo":{"@type":"ImageObject","inLanguage":"pt-BR","@id":"https:\/\/psol50.org.br\/#\/schema\/logo\/image\/","url":"https:\/\/psol50.org.br\/inc\/uploads\/2018\/07\/capa.png","contentUrl":"https:\/\/psol50.org.br\/inc\/uploads\/2018\/07\/capa.png","width":1350,"height":900,"caption":"PSOL 50"},"image":{"@id":"https:\/\/psol50.org.br\/#\/schema\/logo\/image\/"},"sameAs":["https:\/\/www.facebook.com\/psol50","https:\/\/x.com\/psol50","https:\/\/www.instagram.com\/psol50\/","https:\/\/www.youtube.com\/channel\/UC7SnJS5o1os7a6CaiNabzcg"]},{"@type":"Person","@id":"https:\/\/psol50.org.br\/#\/schema\/person\/475dfa57d0b815993c714c2e96491fcd","name":"Comunica\u00e7\u00e3o PSOL","image":{"@type":"ImageObject","inLanguage":"pt-BR","@id":"https:\/\/psol50.org.br\/#\/schema\/person\/image\/","url":"https:\/\/secure.gravatar.com\/avatar\/b34fc4f4e468a4e51785917065a3db57b841f5c95dba6ad8c73aaf8f66f8f9bf?s=96&d=mm&r=g","contentUrl":"https:\/\/secure.gravatar.com\/avatar\/b34fc4f4e468a4e51785917065a3db57b841f5c95dba6ad8c73aaf8f66f8f9bf?s=96&d=mm&r=g","caption":"Comunica\u00e7\u00e3o PSOL"}}]}},"_links":{"self":[{"href":"https:\/\/psol50.org.br\/rest\/wp\/v2\/posts\/2788","targetHints":{"allow":["GET"]}}],"collection":[{"href":"https:\/\/psol50.org.br\/rest\/wp\/v2\/posts"}],"about":[{"href":"https:\/\/psol50.org.br\/rest\/wp\/v2\/types\/post"}],"author":[{"embeddable":true,"href":"https:\/\/psol50.org.br\/rest\/wp\/v2\/users\/2"}],"replies":[{"embeddable":true,"href":"https:\/\/psol50.org.br\/rest\/wp\/v2\/comments?post=2788"}],"version-history":[{"count":0,"href":"https:\/\/psol50.org.br\/rest\/wp\/v2\/posts\/2788\/revisions"}],"wp:attachment":[{"href":"https:\/\/psol50.org.br\/rest\/wp\/v2\/media?parent=2788"}],"wp:term":[{"taxonomy":"category","embeddable":true,"href":"https:\/\/psol50.org.br\/rest\/wp\/v2\/categories?post=2788"},{"taxonomy":"post_tag","embeddable":true,"href":"https:\/\/psol50.org.br\/rest\/wp\/v2\/tags?post=2788"}],"curies":[{"name":"wp","href":"https:\/\/api.w.org\/{rel}","templated":true}]}}