{"id":27889,"date":"2020-03-23T16:51:33","date_gmt":"2020-03-23T19:51:33","guid":{"rendered":"https:\/\/psol50.org.br\/?p=27889"},"modified":"2020-03-23T16:51:33","modified_gmt":"2020-03-23T19:51:33","slug":"psol-denuncia-bolsonaro-na-oms-e-na-onu-por-participar-de-atos-de-rua-durante-pandemia-de-coronavirus","status":"publish","type":"post","link":"https:\/\/psol50.org.br\/psol-denuncia-bolsonaro-na-oms-e-na-onu-por-participar-de-atos-de-rua-durante-pandemia-de-coronavirus\/","title":{"rendered":"PSOL denuncia Bolsonaro na OMS e na ONU por participar de atos de rua durante pandemia de coronav\u00edrus"},"content":{"rendered":"<p>O PSOL apresentou, na \u00faltima semana, \u00e0 Organiza\u00e7\u00e3o Mundial da Sa\u00fade (OMS) uma den\u00fancia contra o presidente Jair Bolsonaro por estimular e participar de manifesta\u00e7\u00f5es pr\u00f3-governo no dia 15 de mar\u00e7o. A den\u00fancia tamb\u00e9m foi enviada ao Relator Especial da Organiza\u00e7\u00e3o das Na\u00e7\u00f5es Unidas (ONU) sobre o direito a sa\u00fade, Dainius P\u016bras. A postura do presidente foi contra as orienta\u00e7\u00f5es dadas pelo Minist\u00e9rio da Sa\u00fade e organiza\u00e7\u00f5es internacionais para reduzir a transmiss\u00e3o do novo coronav\u00edrus.<\/p>\n<p>A bancada do PSOL solicitou \u00e0 OMS que notifique o governo do Brasil de suas obriga\u00e7\u00f5es e que apure os descumprimentos das normas internacionais por parte do presidente. No \u00faltimo final de semana, em entrevista, o presidente chegou a chamar a pandemia de Covid-19 de &#8220;gripezinha&#8221;.<\/p>\n<p>O Brasil \u00e9 um dos 194 membros da Organiza\u00e7\u00e3o Mundial da Sa\u00fade (OMS), organismo internacional fundado em 1946 com o objetivo de promover a sa\u00fade dos povos e viabilizar a coordena\u00e7\u00e3o sanit\u00e1ria a n\u00edvel global. As atitudes de Bolsonaro desrespeitam frontalmente a Constitui\u00e7\u00e3o da OMS e o Regulamento Sanit\u00e1rio Internacional, instrumentos internalizados a ordem jur\u00eddica brasileira de modo vinculante.<\/p>\n<p>Na den\u00fancia do PSOL, a postura de Bolsonaro \u00e9 definida como \u201cextremamente grave e irrespons\u00e1vel\u201d durante uma pandemia, \u201ccolocando em risco a sa\u00fade dos brasileiros e brasileiras, e da popula\u00e7\u00e3o mundial como um todo\u201d.<\/p>\n<p>A l\u00edder do PSOL na C\u00e2mara, a deputada Fernando Melchionna, afirmou que o presidente cometeu dois crimes. \u201cUm de sa\u00fade p\u00fablica, ao estimular e participar dos atos daquele domingo e, por isso, o estamos denunciando na OMS. O segundo crime \u00e9 contra a Constitui\u00e7\u00e3o Federal, ao vibrar e fortalecer vozes autorit\u00e1rias que pedem AI-5 e ditadura. Ele, sem d\u00favida, n\u00e3o pode continuar governando\u201d, disse a l\u00edder.<\/p>\n","protected":false},"excerpt":{"rendered":"<p>O PSOL apresentou, na \u00faltima semana, \u00e0 Organiza\u00e7\u00e3o Mundial da Sa\u00fade (OMS) uma den\u00fancia contra o presidente Jair Bolsonaro por estimular e participar de manifesta\u00e7\u00f5es pr\u00f3-governo no dia 15 de mar\u00e7o. A den\u00fancia tamb\u00e9m foi enviada ao Relator Especial da Organiza\u00e7\u00e3o das Na\u00e7\u00f5es Unidas (ONU) sobre o direito a sa\u00fade, Dainius P\u016bras. A postura do [&hellip;]<\/p>\n","protected":false},"author":2,"featured_media":27770,"comment_status":"closed","ping_status":"open","sticky":false,"template":"","format":"standard","meta":{"_acf_changed":false,"footnotes":""},"categories":[6],"tags":[313,56,171,365,232,367,22,366,173],"class_list":{"0":"post-27889","1":"post","2":"type-post","3":"status-publish","4":"format-standard","5":"has-post-thumbnail","7":"category-noticias","8":"tag-atos","9":"tag-bolsonaro","10":"tag-coronavirus","11":"tag-oms","12":"tag-onu","13":"tag-pandemia","14":"tag-psol","15":"tag-psolcontraocoronavirus","16":"tag-saude"},"acf":[],"yoast_head":"<!-- This site is optimized with the Yoast SEO plugin v26.5 - https:\/\/yoast.com\/wordpress\/plugins\/seo\/ -->\n<title>PSOL denuncia Bolsonaro na OMS e na ONU por participar de atos de rua durante pandemia de coronav\u00edrus<\/title>\n<meta name=\"description\" content=\"A postura do presidente foi contra as orienta\u00e7\u00f5es dadas pelo Minist\u00e9rio da Sa\u00fade e organiza\u00e7\u00f5es internacionais para reduzir a transmiss\u00e3o do novo coronav\u00edrus.\" \/>\n<meta name=\"robots\" content=\"index, follow, max-snippet:-1, max-image-preview:large, max-video-preview:-1\" \/>\n<link rel=\"canonical\" href=\"https:\/\/psol50.org.br\/psol-denuncia-bolsonaro-na-oms-e-na-onu-por-participar-de-atos-de-rua-durante-pandemia-de-coronavirus\/\" \/>\n<meta property=\"og:locale\" content=\"pt_BR\" \/>\n<meta property=\"og:type\" content=\"article\" \/>\n<meta property=\"og:title\" content=\"PSOL denuncia Bolsonaro na OMS e na ONU por participar de atos de rua durante pandemia de coronav\u00edrus\" \/>\n<meta property=\"og:description\" content=\"A postura do presidente foi contra as orienta\u00e7\u00f5es dadas pelo Minist\u00e9rio da Sa\u00fade e organiza\u00e7\u00f5es internacionais para reduzir a transmiss\u00e3o do novo coronav\u00edrus.\" \/>\n<meta property=\"og:url\" content=\"https:\/\/psol50.org.br\/psol-denuncia-bolsonaro-na-oms-e-na-onu-por-participar-de-atos-de-rua-durante-pandemia-de-coronavirus\/\" \/>\n<meta property=\"og:site_name\" content=\"PSOL 50\" \/>\n<meta property=\"article:publisher\" content=\"https:\/\/www.facebook.com\/psol50\" \/>\n<meta property=\"article:published_time\" content=\"2020-03-23T19:51:33+00:00\" \/>\n<meta property=\"og:image\" content=\"https:\/\/psol50.org.br\/inc\/uploads\/2020\/03\/Bolsonaro-Manifestacao-CongressoNacional-42-868x644-1.jpg\" \/>\n\t<meta property=\"og:image:width\" content=\"868\" \/>\n\t<meta property=\"og:image:height\" content=\"644\" \/>\n\t<meta property=\"og:image:type\" content=\"image\/jpeg\" \/>\n<meta name=\"author\" content=\"Comunica\u00e7\u00e3o PSOL\" \/>\n<meta name=\"twitter:card\" content=\"summary_large_image\" \/>\n<meta name=\"twitter:title\" content=\"PSOL denuncia Bolsonaro na OMS e na ONU por participar de atos de rua durante pandemia de coronav\u00edrus\" \/>\n<meta name=\"twitter:description\" content=\"A postura do presidente foi contra as orienta\u00e7\u00f5es dadas pelo Minist\u00e9rio da Sa\u00fade e organiza\u00e7\u00f5es internacionais para reduzir a transmiss\u00e3o do novo coronav\u00edrus.\" \/>\n<meta name=\"twitter:image\" content=\"https:\/\/psol50.org.br\/inc\/uploads\/2020\/03\/Bolsonaro-Manifestacao-CongressoNacional-42-868x644-1.jpg\" \/>\n<meta name=\"twitter:creator\" content=\"@psol50\" \/>\n<meta name=\"twitter:site\" content=\"@psol50\" \/>\n<meta name=\"twitter:label1\" content=\"Escrito por\" \/>\n\t<meta name=\"twitter:data1\" content=\"Comunica\u00e7\u00e3o PSOL\" \/>\n\t<meta name=\"twitter:label2\" content=\"Est. tempo de leitura\" \/>\n\t<meta name=\"twitter:data2\" content=\"2 minutos\" \/>\n<script type=\"application\/ld+json\" class=\"yoast-schema-graph\">{\"@context\":\"https:\/\/schema.org\",\"@graph\":[{\"@type\":\"Article\",\"@id\":\"https:\/\/psol50.org.br\/psol-denuncia-bolsonaro-na-oms-e-na-onu-por-participar-de-atos-de-rua-durante-pandemia-de-coronavirus\/#article\",\"isPartOf\":{\"@id\":\"https:\/\/psol50.org.br\/psol-denuncia-bolsonaro-na-oms-e-na-onu-por-participar-de-atos-de-rua-durante-pandemia-de-coronavirus\/\"},\"author\":{\"name\":\"Comunica\u00e7\u00e3o PSOL\",\"@id\":\"https:\/\/psol50.org.br\/#\/schema\/person\/475dfa57d0b815993c714c2e96491fcd\"},\"headline\":\"PSOL denuncia Bolsonaro na OMS e na ONU por participar de atos de rua durante pandemia de coronav\u00edrus\",\"datePublished\":\"2020-03-23T19:51:33+00:00\",\"mainEntityOfPage\":{\"@id\":\"https:\/\/psol50.org.br\/psol-denuncia-bolsonaro-na-oms-e-na-onu-por-participar-de-atos-de-rua-durante-pandemia-de-coronavirus\/\"},\"wordCount\":332,\"publisher\":{\"@id\":\"https:\/\/psol50.org.br\/#organization\"},\"image\":{\"@id\":\"https:\/\/psol50.org.br\/psol-denuncia-bolsonaro-na-oms-e-na-onu-por-participar-de-atos-de-rua-durante-pandemia-de-coronavirus\/#primaryimage\"},\"thumbnailUrl\":\"https:\/\/psol50.org.br\/inc\/uploads\/2020\/03\/Bolsonaro-Manifestacao-CongressoNacional-42-868x644-1.jpg\",\"keywords\":[\"atos\",\"Bolsonaro\",\"coronav\u00edrus\",\"oms\",\"ONU\",\"pandemia\",\"PSOL\",\"psolcontraocoronavirus\",\"sa\u00fade\"],\"articleSection\":[\"Not\u00edcias\"],\"inLanguage\":\"pt-BR\"},{\"@type\":\"WebPage\",\"@id\":\"https:\/\/psol50.org.br\/psol-denuncia-bolsonaro-na-oms-e-na-onu-por-participar-de-atos-de-rua-durante-pandemia-de-coronavirus\/\",\"url\":\"https:\/\/psol50.org.br\/psol-denuncia-bolsonaro-na-oms-e-na-onu-por-participar-de-atos-de-rua-durante-pandemia-de-coronavirus\/\",\"name\":\"PSOL denuncia Bolsonaro na OMS e na ONU por participar de atos de rua durante pandemia de coronav\u00edrus\",\"isPartOf\":{\"@id\":\"https:\/\/psol50.org.br\/#website\"},\"primaryImageOfPage\":{\"@id\":\"https:\/\/psol50.org.br\/psol-denuncia-bolsonaro-na-oms-e-na-onu-por-participar-de-atos-de-rua-durante-pandemia-de-coronavirus\/#primaryimage\"},\"image\":{\"@id\":\"https:\/\/psol50.org.br\/psol-denuncia-bolsonaro-na-oms-e-na-onu-por-participar-de-atos-de-rua-durante-pandemia-de-coronavirus\/#primaryimage\"},\"thumbnailUrl\":\"https:\/\/psol50.org.br\/inc\/uploads\/2020\/03\/Bolsonaro-Manifestacao-CongressoNacional-42-868x644-1.jpg\",\"datePublished\":\"2020-03-23T19:51:33+00:00\",\"description\":\"A postura do presidente foi contra as orienta\u00e7\u00f5es dadas pelo Minist\u00e9rio da Sa\u00fade e organiza\u00e7\u00f5es internacionais para reduzir a transmiss\u00e3o do novo coronav\u00edrus.\",\"breadcrumb\":{\"@id\":\"https:\/\/psol50.org.br\/psol-denuncia-bolsonaro-na-oms-e-na-onu-por-participar-de-atos-de-rua-durante-pandemia-de-coronavirus\/#breadcrumb\"},\"inLanguage\":\"pt-BR\",\"potentialAction\":[{\"@type\":\"ReadAction\",\"target\":[\"https:\/\/psol50.org.br\/psol-denuncia-bolsonaro-na-oms-e-na-onu-por-participar-de-atos-de-rua-durante-pandemia-de-coronavirus\/\"]}]},{\"@type\":\"ImageObject\",\"inLanguage\":\"pt-BR\",\"@id\":\"https:\/\/psol50.org.br\/psol-denuncia-bolsonaro-na-oms-e-na-onu-por-participar-de-atos-de-rua-durante-pandemia-de-coronavirus\/#primaryimage\",\"url\":\"https:\/\/psol50.org.br\/inc\/uploads\/2020\/03\/Bolsonaro-Manifestacao-CongressoNacional-42-868x644-1.jpg\",\"contentUrl\":\"https:\/\/psol50.org.br\/inc\/uploads\/2020\/03\/Bolsonaro-Manifestacao-CongressoNacional-42-868x644-1.jpg\",\"width\":868,\"height\":644,\"caption\":\"S\u00e9rgio Lima\/Poder360 15.03.2020\"},{\"@type\":\"BreadcrumbList\",\"@id\":\"https:\/\/psol50.org.br\/psol-denuncia-bolsonaro-na-oms-e-na-onu-por-participar-de-atos-de-rua-durante-pandemia-de-coronavirus\/#breadcrumb\",\"itemListElement\":[{\"@type\":\"ListItem\",\"position\":1,\"name\":\"In\u00edcio\",\"item\":\"https:\/\/psol50.org.br\/\"},{\"@type\":\"ListItem\",\"position\":2,\"name\":\"PSOL denuncia Bolsonaro na OMS e na ONU por participar de atos de rua durante pandemia de coronav\u00edrus\"}]},{\"@type\":\"WebSite\",\"@id\":\"https:\/\/psol50.org.br\/#website\",\"url\":\"https:\/\/psol50.org.br\/\",\"name\":\"PSOL 50\",\"description\":\"Site oficial do Partido Socialismo e Liberdade\",\"publisher\":{\"@id\":\"https:\/\/psol50.org.br\/#organization\"},\"alternateName\":\"PSOL50\",\"potentialAction\":[{\"@type\":\"SearchAction\",\"target\":{\"@type\":\"EntryPoint\",\"urlTemplate\":\"https:\/\/psol50.org.br\/?s={search_term_string}\"},\"query-input\":{\"@type\":\"PropertyValueSpecification\",\"valueRequired\":true,\"valueName\":\"search_term_string\"}}],\"inLanguage\":\"pt-BR\"},{\"@type\":\"Organization\",\"@id\":\"https:\/\/psol50.org.br\/#organization\",\"name\":\"PSOL 50\",\"alternateName\":\"PSOL 50\",\"url\":\"https:\/\/psol50.org.br\/\",\"logo\":{\"@type\":\"ImageObject\",\"inLanguage\":\"pt-BR\",\"@id\":\"https:\/\/psol50.org.br\/#\/schema\/logo\/image\/\",\"url\":\"https:\/\/psol50.org.br\/inc\/uploads\/2018\/07\/capa.png\",\"contentUrl\":\"https:\/\/psol50.org.br\/inc\/uploads\/2018\/07\/capa.png\",\"width\":1350,\"height\":900,\"caption\":\"PSOL 50\"},\"image\":{\"@id\":\"https:\/\/psol50.org.br\/#\/schema\/logo\/image\/\"},\"sameAs\":[\"https:\/\/www.facebook.com\/psol50\",\"https:\/\/x.com\/psol50\",\"https:\/\/www.instagram.com\/psol50\/\",\"https:\/\/www.youtube.com\/channel\/UC7SnJS5o1os7a6CaiNabzcg\"]},{\"@type\":\"Person\",\"@id\":\"https:\/\/psol50.org.br\/#\/schema\/person\/475dfa57d0b815993c714c2e96491fcd\",\"name\":\"Comunica\u00e7\u00e3o PSOL\",\"image\":{\"@type\":\"ImageObject\",\"inLanguage\":\"pt-BR\",\"@id\":\"https:\/\/psol50.org.br\/#\/schema\/person\/image\/\",\"url\":\"https:\/\/secure.gravatar.com\/avatar\/b34fc4f4e468a4e51785917065a3db57b841f5c95dba6ad8c73aaf8f66f8f9bf?s=96&d=mm&r=g\",\"contentUrl\":\"https:\/\/secure.gravatar.com\/avatar\/b34fc4f4e468a4e51785917065a3db57b841f5c95dba6ad8c73aaf8f66f8f9bf?s=96&d=mm&r=g\",\"caption\":\"Comunica\u00e7\u00e3o PSOL\"}}]}<\/script>\n<!-- \/ Yoast SEO plugin. -->","yoast_head_json":{"title":"PSOL denuncia Bolsonaro na OMS e na ONU por participar de atos de rua durante pandemia de coronav\u00edrus","description":"A postura do presidente foi contra as orienta\u00e7\u00f5es dadas pelo Minist\u00e9rio da Sa\u00fade e organiza\u00e7\u00f5es internacionais para reduzir a transmiss\u00e3o do novo coronav\u00edrus.","robots":{"index":"index","follow":"follow","max-snippet":"max-snippet:-1","max-image-preview":"max-image-preview:large","max-video-preview":"max-video-preview:-1"},"canonical":"https:\/\/psol50.org.br\/psol-denuncia-bolsonaro-na-oms-e-na-onu-por-participar-de-atos-de-rua-durante-pandemia-de-coronavirus\/","og_locale":"pt_BR","og_type":"article","og_title":"PSOL denuncia Bolsonaro na OMS e na ONU por participar de atos de rua durante pandemia de coronav\u00edrus","og_description":"A postura do presidente foi contra as orienta\u00e7\u00f5es dadas pelo Minist\u00e9rio da Sa\u00fade e organiza\u00e7\u00f5es internacionais para reduzir a transmiss\u00e3o do novo coronav\u00edrus.","og_url":"https:\/\/psol50.org.br\/psol-denuncia-bolsonaro-na-oms-e-na-onu-por-participar-de-atos-de-rua-durante-pandemia-de-coronavirus\/","og_site_name":"PSOL 50","article_publisher":"https:\/\/www.facebook.com\/psol50","article_published_time":"2020-03-23T19:51:33+00:00","og_image":[{"width":868,"height":644,"url":"https:\/\/psol50.org.br\/inc\/uploads\/2020\/03\/Bolsonaro-Manifestacao-CongressoNacional-42-868x644-1.jpg","type":"image\/jpeg"}],"author":"Comunica\u00e7\u00e3o PSOL","twitter_card":"summary_large_image","twitter_title":"PSOL denuncia Bolsonaro na OMS e na ONU por participar de atos de rua durante pandemia de coronav\u00edrus","twitter_description":"A postura do presidente foi contra as orienta\u00e7\u00f5es dadas pelo Minist\u00e9rio da Sa\u00fade e organiza\u00e7\u00f5es internacionais para reduzir a transmiss\u00e3o do novo coronav\u00edrus.","twitter_image":"https:\/\/psol50.org.br\/inc\/uploads\/2020\/03\/Bolsonaro-Manifestacao-CongressoNacional-42-868x644-1.jpg","twitter_creator":"@psol50","twitter_site":"@psol50","twitter_misc":{"Escrito por":"Comunica\u00e7\u00e3o PSOL","Est. tempo de leitura":"2 minutos"},"schema":{"@context":"https:\/\/schema.org","@graph":[{"@type":"Article","@id":"https:\/\/psol50.org.br\/psol-denuncia-bolsonaro-na-oms-e-na-onu-por-participar-de-atos-de-rua-durante-pandemia-de-coronavirus\/#article","isPartOf":{"@id":"https:\/\/psol50.org.br\/psol-denuncia-bolsonaro-na-oms-e-na-onu-por-participar-de-atos-de-rua-durante-pandemia-de-coronavirus\/"},"author":{"name":"Comunica\u00e7\u00e3o PSOL","@id":"https:\/\/psol50.org.br\/#\/schema\/person\/475dfa57d0b815993c714c2e96491fcd"},"headline":"PSOL denuncia Bolsonaro na OMS e na ONU por participar de atos de rua durante pandemia de coronav\u00edrus","datePublished":"2020-03-23T19:51:33+00:00","mainEntityOfPage":{"@id":"https:\/\/psol50.org.br\/psol-denuncia-bolsonaro-na-oms-e-na-onu-por-participar-de-atos-de-rua-durante-pandemia-de-coronavirus\/"},"wordCount":332,"publisher":{"@id":"https:\/\/psol50.org.br\/#organization"},"image":{"@id":"https:\/\/psol50.org.br\/psol-denuncia-bolsonaro-na-oms-e-na-onu-por-participar-de-atos-de-rua-durante-pandemia-de-coronavirus\/#primaryimage"},"thumbnailUrl":"https:\/\/psol50.org.br\/inc\/uploads\/2020\/03\/Bolsonaro-Manifestacao-CongressoNacional-42-868x644-1.jpg","keywords":["atos","Bolsonaro","coronav\u00edrus","oms","ONU","pandemia","PSOL","psolcontraocoronavirus","sa\u00fade"],"articleSection":["Not\u00edcias"],"inLanguage":"pt-BR"},{"@type":"WebPage","@id":"https:\/\/psol50.org.br\/psol-denuncia-bolsonaro-na-oms-e-na-onu-por-participar-de-atos-de-rua-durante-pandemia-de-coronavirus\/","url":"https:\/\/psol50.org.br\/psol-denuncia-bolsonaro-na-oms-e-na-onu-por-participar-de-atos-de-rua-durante-pandemia-de-coronavirus\/","name":"PSOL denuncia Bolsonaro na OMS e na ONU por participar de atos de rua durante pandemia de coronav\u00edrus","isPartOf":{"@id":"https:\/\/psol50.org.br\/#website"},"primaryImageOfPage":{"@id":"https:\/\/psol50.org.br\/psol-denuncia-bolsonaro-na-oms-e-na-onu-por-participar-de-atos-de-rua-durante-pandemia-de-coronavirus\/#primaryimage"},"image":{"@id":"https:\/\/psol50.org.br\/psol-denuncia-bolsonaro-na-oms-e-na-onu-por-participar-de-atos-de-rua-durante-pandemia-de-coronavirus\/#primaryimage"},"thumbnailUrl":"https:\/\/psol50.org.br\/inc\/uploads\/2020\/03\/Bolsonaro-Manifestacao-CongressoNacional-42-868x644-1.jpg","datePublished":"2020-03-23T19:51:33+00:00","description":"A postura do presidente foi contra as orienta\u00e7\u00f5es dadas pelo Minist\u00e9rio da Sa\u00fade e organiza\u00e7\u00f5es internacionais para reduzir a transmiss\u00e3o do novo coronav\u00edrus.","breadcrumb":{"@id":"https:\/\/psol50.org.br\/psol-denuncia-bolsonaro-na-oms-e-na-onu-por-participar-de-atos-de-rua-durante-pandemia-de-coronavirus\/#breadcrumb"},"inLanguage":"pt-BR","potentialAction":[{"@type":"ReadAction","target":["https:\/\/psol50.org.br\/psol-denuncia-bolsonaro-na-oms-e-na-onu-por-participar-de-atos-de-rua-durante-pandemia-de-coronavirus\/"]}]},{"@type":"ImageObject","inLanguage":"pt-BR","@id":"https:\/\/psol50.org.br\/psol-denuncia-bolsonaro-na-oms-e-na-onu-por-participar-de-atos-de-rua-durante-pandemia-de-coronavirus\/#primaryimage","url":"https:\/\/psol50.org.br\/inc\/uploads\/2020\/03\/Bolsonaro-Manifestacao-CongressoNacional-42-868x644-1.jpg","contentUrl":"https:\/\/psol50.org.br\/inc\/uploads\/2020\/03\/Bolsonaro-Manifestacao-CongressoNacional-42-868x644-1.jpg","width":868,"height":644,"caption":"S\u00e9rgio Lima\/Poder360 15.03.2020"},{"@type":"BreadcrumbList","@id":"https:\/\/psol50.org.br\/psol-denuncia-bolsonaro-na-oms-e-na-onu-por-participar-de-atos-de-rua-durante-pandemia-de-coronavirus\/#breadcrumb","itemListElement":[{"@type":"ListItem","position":1,"name":"In\u00edcio","item":"https:\/\/psol50.org.br\/"},{"@type":"ListItem","position":2,"name":"PSOL denuncia Bolsonaro na OMS e na ONU por participar de atos de rua durante pandemia de coronav\u00edrus"}]},{"@type":"WebSite","@id":"https:\/\/psol50.org.br\/#website","url":"https:\/\/psol50.org.br\/","name":"PSOL 50","description":"Site oficial do Partido Socialismo e Liberdade","publisher":{"@id":"https:\/\/psol50.org.br\/#organization"},"alternateName":"PSOL50","potentialAction":[{"@type":"SearchAction","target":{"@type":"EntryPoint","urlTemplate":"https:\/\/psol50.org.br\/?s={search_term_string}"},"query-input":{"@type":"PropertyValueSpecification","valueRequired":true,"valueName":"search_term_string"}}],"inLanguage":"pt-BR"},{"@type":"Organization","@id":"https:\/\/psol50.org.br\/#organization","name":"PSOL 50","alternateName":"PSOL 50","url":"https:\/\/psol50.org.br\/","logo":{"@type":"ImageObject","inLanguage":"pt-BR","@id":"https:\/\/psol50.org.br\/#\/schema\/logo\/image\/","url":"https:\/\/psol50.org.br\/inc\/uploads\/2018\/07\/capa.png","contentUrl":"https:\/\/psol50.org.br\/inc\/uploads\/2018\/07\/capa.png","width":1350,"height":900,"caption":"PSOL 50"},"image":{"@id":"https:\/\/psol50.org.br\/#\/schema\/logo\/image\/"},"sameAs":["https:\/\/www.facebook.com\/psol50","https:\/\/x.com\/psol50","https:\/\/www.instagram.com\/psol50\/","https:\/\/www.youtube.com\/channel\/UC7SnJS5o1os7a6CaiNabzcg"]},{"@type":"Person","@id":"https:\/\/psol50.org.br\/#\/schema\/person\/475dfa57d0b815993c714c2e96491fcd","name":"Comunica\u00e7\u00e3o PSOL","image":{"@type":"ImageObject","inLanguage":"pt-BR","@id":"https:\/\/psol50.org.br\/#\/schema\/person\/image\/","url":"https:\/\/secure.gravatar.com\/avatar\/b34fc4f4e468a4e51785917065a3db57b841f5c95dba6ad8c73aaf8f66f8f9bf?s=96&d=mm&r=g","contentUrl":"https:\/\/secure.gravatar.com\/avatar\/b34fc4f4e468a4e51785917065a3db57b841f5c95dba6ad8c73aaf8f66f8f9bf?s=96&d=mm&r=g","caption":"Comunica\u00e7\u00e3o PSOL"}}]}},"_links":{"self":[{"href":"https:\/\/psol50.org.br\/rest\/wp\/v2\/posts\/27889","targetHints":{"allow":["GET"]}}],"collection":[{"href":"https:\/\/psol50.org.br\/rest\/wp\/v2\/posts"}],"about":[{"href":"https:\/\/psol50.org.br\/rest\/wp\/v2\/types\/post"}],"author":[{"embeddable":true,"href":"https:\/\/psol50.org.br\/rest\/wp\/v2\/users\/2"}],"replies":[{"embeddable":true,"href":"https:\/\/psol50.org.br\/rest\/wp\/v2\/comments?post=27889"}],"version-history":[{"count":0,"href":"https:\/\/psol50.org.br\/rest\/wp\/v2\/posts\/27889\/revisions"}],"wp:featuredmedia":[{"embeddable":true,"href":"https:\/\/psol50.org.br\/rest\/wp\/v2\/media\/27770"}],"wp:attachment":[{"href":"https:\/\/psol50.org.br\/rest\/wp\/v2\/media?parent=27889"}],"wp:term":[{"taxonomy":"category","embeddable":true,"href":"https:\/\/psol50.org.br\/rest\/wp\/v2\/categories?post=27889"},{"taxonomy":"post_tag","embeddable":true,"href":"https:\/\/psol50.org.br\/rest\/wp\/v2\/tags?post=27889"}],"curies":[{"name":"wp","href":"https:\/\/api.w.org\/{rel}","templated":true}]}}