{"id":27893,"date":"2020-03-23T18:05:47","date_gmt":"2020-03-23T21:05:47","guid":{"rendered":"https:\/\/psol50.org.br\/?p=27893"},"modified":"2020-03-23T18:05:47","modified_gmt":"2020-03-23T21:05:47","slug":"psol-e-partidos-de-oposicao-pedem-que-o-congresso-devolva-mp-da-morte-ao-governo-bolsonaro","status":"publish","type":"post","link":"https:\/\/psol50.org.br\/psol-e-partidos-de-oposicao-pedem-que-o-congresso-devolva-mp-da-morte-ao-governo-bolsonaro\/","title":{"rendered":"PSOL e partidos de oposi\u00e7\u00e3o pedem que o Congresso devolva MP da Morte ao governo Bolsonaro"},"content":{"rendered":"<p><a href=\"https:\/\/psol50.org.br\/coronavirus\/\"><img loading=\"lazy\" decoding=\"async\" class=\"alignnone size-full wp-image-27838\" src=\"https:\/\/psol50.org.br\/inc\/uploads\/2020\/03\/Banner-Site_3.png\" alt=\"\" width=\"1240\" height=\"331\" srcset=\"https:\/\/psol50.org.br\/inc\/uploads\/2020\/03\/Banner-Site_3.png 1240w, https:\/\/psol50.org.br\/inc\/uploads\/2020\/03\/Banner-Site_3-300x80.png 300w, https:\/\/psol50.org.br\/inc\/uploads\/2020\/03\/Banner-Site_3-1024x273.png 1024w, https:\/\/psol50.org.br\/inc\/uploads\/2020\/03\/Banner-Site_3-768x205.png 768w, https:\/\/psol50.org.br\/inc\/uploads\/2020\/03\/Banner-Site_3-150x40.png 150w, https:\/\/psol50.org.br\/inc\/uploads\/2020\/03\/Banner-Site_3-696x186.png 696w, https:\/\/psol50.org.br\/inc\/uploads\/2020\/03\/Banner-Site_3-1068x285.png 1068w\" sizes=\"auto, (max-width: 1240px) 100vw, 1240px\" \/><\/a><\/p>\n<p>A bancada do PSOL na C\u00e2mara dos Deputados, ao lado dos deputados de oposi\u00e7\u00e3o ao governo Bolsonaro, protocolaram um of\u00edcio direcionado \u00e0 Mesa Diretora do Congresso Nacional solicitando a devolu\u00e7\u00e3o imediata da Medida Provis\u00f3ria 927 ao Poder Executivo.<\/p>\n<p>A MP cria uma s\u00e9rie de dispositivos de flexibiliza\u00e7\u00e3o de regras trabalhistas e supress\u00e3o de direitos dos trabalhadores durante a pandemia do novo coronav\u00edrus que tem provocado uma crise econ\u00f4mica, sanit\u00e1ria e social no pa\u00eds e \u00e9 agravada pelas decis\u00f5es do governo de Jair Bolsonaro.<\/p>\n<blockquote class=\"twitter-tweet\" data-width=\"550\" data-dnt=\"true\">\n<p lang=\"pt\" dir=\"ltr\">Bolsonaro revogou o artigo que suspendia os contratos de trabalho por 4 meses, depois de mentir dizendo que sua proposta era manter os empregos. Isso mostra que a press\u00e3o popular faz efeito. Agora, s\u00f3 falta revogar todo o conte\u00fado da MP. Vamos pra cima!<\/p>\n<p>&mdash; Tal\u00edria Petrone (@taliriapetrone) <a href=\"https:\/\/twitter.com\/taliriapetrone\/status\/1242140823162060800?ref_src=twsrc%5Etfw\">March 23, 2020<\/a><\/p><\/blockquote>\n<p><script async src=\"https:\/\/platform.twitter.com\/widgets.js\" charset=\"utf-8\"><\/script><\/p>\n<p>Os deputados do PSOL argumentam que a MP \u00e9 flagrantemente inconstitucional e que Bolsonaro se utiliza do expediente da Medida Provis\u00f3ria para governar de forma autorit\u00e1ria. Altera\u00e7\u00f5es t\u00e3o brutas nas regras trabalhistas brasileiras precisam ser feitas via emendas constitucionais, que t\u00eam outro rito processual no Congresso Nacional.<\/p>\n<blockquote class=\"twitter-tweet\" data-width=\"550\" data-dnt=\"true\">\n<p lang=\"pt\" dir=\"ltr\">A edi\u00e7\u00e3o da MP 927, hoje, demonstra que a edi\u00e7\u00e3o de Medidas Provis\u00f3rias precisa ter seu rito alterado urgentemente. S\u00e3o medidas com poder de lei e efeito imediato sendo editadas por um desequilibrado de extrema-direita. Mudar a forma de tramita\u00e7\u00e3o das MP&#39;s \u00e9 um necessidade.<\/p>\n<p>&mdash; Juliano Medeiros (@julianopsol) <a href=\"https:\/\/twitter.com\/julianopsol\/status\/1242177766071599107?ref_src=twsrc%5Etfw\">March 23, 2020<\/a><\/p><\/blockquote>\n<p><script async src=\"https:\/\/platform.twitter.com\/widgets.js\" charset=\"utf-8\"><\/script><\/p>\n<p>Depois de intensa press\u00e3o nas redes sociais, que viram a #BolsonaroGenocida estar como o tema mais comentado durante todo o dia, o presidente decidiu revogar apenas o artigo mais escandaloso da Medida Provis\u00f3ria, que permitia que trabalhadores ficassem at\u00e9 quatro meses sem receber sal\u00e1rios de seus empregadores. Mas uma s\u00e9rie de itens da MP segue prejudicando empregados e, consequentemente, prejudicando pequenos e m\u00e9dios empres\u00e1rios e toda a economia.<\/p>\n<blockquote class=\"twitter-tweet\" data-width=\"550\" data-dnt=\"true\">\n<p lang=\"pt\" dir=\"ltr\">O recuo de Bolsonaro em rela\u00e7\u00e3o ao art 18 da MP 927 ainda n\u00e3o \u00e9 uma garantia de que o contrato de trabalho n\u00e3o seja suspenso por 4 meses sem sal\u00e1rio. O art. 2\u00ba ainda abre essa possibilidade. \u00c9 uma pegadinha perversa. A mobiliza\u00e7\u00e3o pra derrubar a MP e o art. 2\u00ba tem que continuar.<\/p>\n<p>&mdash; Glauber Braga (@Glauber_Braga) <a href=\"https:\/\/twitter.com\/Glauber_Braga\/status\/1242155629533372424?ref_src=twsrc%5Etfw\">March 23, 2020<\/a><\/p><\/blockquote>\n<p><script async src=\"https:\/\/platform.twitter.com\/widgets.js\" charset=\"utf-8\"><\/script><\/p>\n","protected":false},"excerpt":{"rendered":"<p>A bancada do PSOL na C\u00e2mara dos Deputados, ao lado dos deputados de oposi\u00e7\u00e3o ao governo Bolsonaro, protocolaram um of\u00edcio direcionado \u00e0 Mesa Diretora do Congresso Nacional solicitando a devolu\u00e7\u00e3o imediata da Medida Provis\u00f3ria 927 ao Poder Executivo. A MP cria uma s\u00e9rie de dispositivos de flexibiliza\u00e7\u00e3o de regras trabalhistas e supress\u00e3o de direitos dos [&hellip;]<\/p>\n","protected":false},"author":2,"featured_media":27898,"comment_status":"closed","ping_status":"open","sticky":false,"template":"","format":"standard","meta":{"_acf_changed":false,"footnotes":""},"categories":[10,6],"tags":[56,70,392,390,393,315,22,366],"class_list":{"0":"post-27893","1":"post","2":"type-post","3":"status-publish","4":"format-standard","5":"has-post-thumbnail","7":"category-acao-parlamentares","8":"category-noticias","9":"tag-bolsonaro","10":"tag-congresso","11":"tag-genocida","12":"tag-mp-927","13":"tag-mp-da-morte","14":"tag-oposicao","15":"tag-psol","16":"tag-psolcontraocoronavirus"},"acf":[],"yoast_head":"<!-- This site is optimized with the Yoast SEO plugin v26.5 - https:\/\/yoast.com\/wordpress\/plugins\/seo\/ -->\n<title>PSOL e partidos de oposi\u00e7\u00e3o pedem que o Congresso devolva MP da Morte ao governo Bolsonaro<\/title>\n<meta name=\"description\" content=\"A MP cria uma s\u00e9rie de dispositivos de flexibiliza\u00e7\u00e3o de regras trabalhistas e supress\u00e3o de direitos durante a pandemia do novo coronav\u00edrus.\" \/>\n<meta name=\"robots\" content=\"index, follow, max-snippet:-1, max-image-preview:large, max-video-preview:-1\" \/>\n<link rel=\"canonical\" href=\"https:\/\/psol50.org.br\/psol-e-partidos-de-oposicao-pedem-que-o-congresso-devolva-mp-da-morte-ao-governo-bolsonaro\/\" \/>\n<meta property=\"og:locale\" content=\"pt_BR\" \/>\n<meta property=\"og:type\" content=\"article\" \/>\n<meta property=\"og:title\" content=\"PSOL e partidos de oposi\u00e7\u00e3o pedem que o Congresso devolva MP da Morte ao governo Bolsonaro\" \/>\n<meta property=\"og:description\" content=\"A MP cria uma s\u00e9rie de dispositivos de flexibiliza\u00e7\u00e3o de regras trabalhistas e supress\u00e3o de direitos durante a pandemia do novo coronav\u00edrus.\" \/>\n<meta property=\"og:url\" content=\"https:\/\/psol50.org.br\/psol-e-partidos-de-oposicao-pedem-que-o-congresso-devolva-mp-da-morte-ao-governo-bolsonaro\/\" \/>\n<meta property=\"og:site_name\" content=\"PSOL 50\" \/>\n<meta property=\"article:publisher\" content=\"https:\/\/www.facebook.com\/psol50\" \/>\n<meta property=\"article:published_time\" content=\"2020-03-23T21:05:47+00:00\" \/>\n<meta property=\"og:image\" content=\"https:\/\/psol50.org.br\/inc\/uploads\/2020\/03\/iii-4-scaled-1.jpg\" \/>\n\t<meta property=\"og:image:width\" content=\"1800\" \/>\n\t<meta property=\"og:image:height\" content=\"1200\" \/>\n\t<meta property=\"og:image:type\" content=\"image\/jpeg\" \/>\n<meta name=\"author\" content=\"Comunica\u00e7\u00e3o PSOL\" \/>\n<meta name=\"twitter:card\" content=\"summary_large_image\" \/>\n<meta name=\"twitter:title\" content=\"PSOL e partidos de oposi\u00e7\u00e3o pedem que o Congresso devolva MP da Morte ao governo Bolsonaro\" \/>\n<meta name=\"twitter:description\" content=\"A MP cria uma s\u00e9rie de dispositivos de flexibiliza\u00e7\u00e3o de regras trabalhistas e supress\u00e3o de direitos durante a pandemia do novo coronav\u00edrus.\" \/>\n<meta name=\"twitter:image\" content=\"https:\/\/psol50.org.br\/inc\/uploads\/2020\/03\/iii-4-scaled-1.jpg\" \/>\n<meta name=\"twitter:creator\" content=\"@psol50\" \/>\n<meta name=\"twitter:site\" content=\"@psol50\" \/>\n<meta name=\"twitter:label1\" content=\"Escrito por\" \/>\n\t<meta name=\"twitter:data1\" content=\"Comunica\u00e7\u00e3o PSOL\" \/>\n\t<meta name=\"twitter:label2\" content=\"Est. tempo de leitura\" \/>\n\t<meta name=\"twitter:data2\" content=\"1 minuto\" \/>\n<script type=\"application\/ld+json\" class=\"yoast-schema-graph\">{\"@context\":\"https:\/\/schema.org\",\"@graph\":[{\"@type\":\"Article\",\"@id\":\"https:\/\/psol50.org.br\/psol-e-partidos-de-oposicao-pedem-que-o-congresso-devolva-mp-da-morte-ao-governo-bolsonaro\/#article\",\"isPartOf\":{\"@id\":\"https:\/\/psol50.org.br\/psol-e-partidos-de-oposicao-pedem-que-o-congresso-devolva-mp-da-morte-ao-governo-bolsonaro\/\"},\"author\":{\"name\":\"Comunica\u00e7\u00e3o PSOL\",\"@id\":\"https:\/\/psol50.org.br\/#\/schema\/person\/475dfa57d0b815993c714c2e96491fcd\"},\"headline\":\"PSOL e partidos de oposi\u00e7\u00e3o pedem que o Congresso devolva MP da Morte ao governo Bolsonaro\",\"datePublished\":\"2020-03-23T21:05:47+00:00\",\"mainEntityOfPage\":{\"@id\":\"https:\/\/psol50.org.br\/psol-e-partidos-de-oposicao-pedem-que-o-congresso-devolva-mp-da-morte-ao-governo-bolsonaro\/\"},\"wordCount\":251,\"publisher\":{\"@id\":\"https:\/\/psol50.org.br\/#organization\"},\"image\":{\"@id\":\"https:\/\/psol50.org.br\/psol-e-partidos-de-oposicao-pedem-que-o-congresso-devolva-mp-da-morte-ao-governo-bolsonaro\/#primaryimage\"},\"thumbnailUrl\":\"https:\/\/psol50.org.br\/inc\/uploads\/2020\/03\/iii-4-scaled-1.jpg\",\"keywords\":[\"Bolsonaro\",\"Congresso\",\"genocida\",\"mp 927\",\"mp da morte\",\"Oposi\u00e7\u00e3o\",\"PSOL\",\"psolcontraocoronavirus\"],\"articleSection\":[\"A\u00e7\u00e3o Parlamentar\",\"Not\u00edcias\"],\"inLanguage\":\"pt-BR\"},{\"@type\":\"WebPage\",\"@id\":\"https:\/\/psol50.org.br\/psol-e-partidos-de-oposicao-pedem-que-o-congresso-devolva-mp-da-morte-ao-governo-bolsonaro\/\",\"url\":\"https:\/\/psol50.org.br\/psol-e-partidos-de-oposicao-pedem-que-o-congresso-devolva-mp-da-morte-ao-governo-bolsonaro\/\",\"name\":\"PSOL e partidos de oposi\u00e7\u00e3o pedem que o Congresso devolva MP da Morte ao governo Bolsonaro\",\"isPartOf\":{\"@id\":\"https:\/\/psol50.org.br\/#website\"},\"primaryImageOfPage\":{\"@id\":\"https:\/\/psol50.org.br\/psol-e-partidos-de-oposicao-pedem-que-o-congresso-devolva-mp-da-morte-ao-governo-bolsonaro\/#primaryimage\"},\"image\":{\"@id\":\"https:\/\/psol50.org.br\/psol-e-partidos-de-oposicao-pedem-que-o-congresso-devolva-mp-da-morte-ao-governo-bolsonaro\/#primaryimage\"},\"thumbnailUrl\":\"https:\/\/psol50.org.br\/inc\/uploads\/2020\/03\/iii-4-scaled-1.jpg\",\"datePublished\":\"2020-03-23T21:05:47+00:00\",\"description\":\"A MP cria uma s\u00e9rie de dispositivos de flexibiliza\u00e7\u00e3o de regras trabalhistas e supress\u00e3o de direitos durante a pandemia do novo coronav\u00edrus.\",\"breadcrumb\":{\"@id\":\"https:\/\/psol50.org.br\/psol-e-partidos-de-oposicao-pedem-que-o-congresso-devolva-mp-da-morte-ao-governo-bolsonaro\/#breadcrumb\"},\"inLanguage\":\"pt-BR\",\"potentialAction\":[{\"@type\":\"ReadAction\",\"target\":[\"https:\/\/psol50.org.br\/psol-e-partidos-de-oposicao-pedem-que-o-congresso-devolva-mp-da-morte-ao-governo-bolsonaro\/\"]}]},{\"@type\":\"ImageObject\",\"inLanguage\":\"pt-BR\",\"@id\":\"https:\/\/psol50.org.br\/psol-e-partidos-de-oposicao-pedem-que-o-congresso-devolva-mp-da-morte-ao-governo-bolsonaro\/#primaryimage\",\"url\":\"https:\/\/psol50.org.br\/inc\/uploads\/2020\/03\/iii-4-scaled-1.jpg\",\"contentUrl\":\"https:\/\/psol50.org.br\/inc\/uploads\/2020\/03\/iii-4-scaled-1.jpg\",\"width\":1800,\"height\":1200,\"caption\":\"Foto: Marcos Corr\u00eaa\/PR\"},{\"@type\":\"BreadcrumbList\",\"@id\":\"https:\/\/psol50.org.br\/psol-e-partidos-de-oposicao-pedem-que-o-congresso-devolva-mp-da-morte-ao-governo-bolsonaro\/#breadcrumb\",\"itemListElement\":[{\"@type\":\"ListItem\",\"position\":1,\"name\":\"In\u00edcio\",\"item\":\"https:\/\/psol50.org.br\/\"},{\"@type\":\"ListItem\",\"position\":2,\"name\":\"PSOL e partidos de oposi\u00e7\u00e3o pedem que o Congresso devolva MP da Morte ao governo Bolsonaro\"}]},{\"@type\":\"WebSite\",\"@id\":\"https:\/\/psol50.org.br\/#website\",\"url\":\"https:\/\/psol50.org.br\/\",\"name\":\"PSOL 50\",\"description\":\"Site oficial do Partido Socialismo e Liberdade\",\"publisher\":{\"@id\":\"https:\/\/psol50.org.br\/#organization\"},\"alternateName\":\"PSOL50\",\"potentialAction\":[{\"@type\":\"SearchAction\",\"target\":{\"@type\":\"EntryPoint\",\"urlTemplate\":\"https:\/\/psol50.org.br\/?s={search_term_string}\"},\"query-input\":{\"@type\":\"PropertyValueSpecification\",\"valueRequired\":true,\"valueName\":\"search_term_string\"}}],\"inLanguage\":\"pt-BR\"},{\"@type\":\"Organization\",\"@id\":\"https:\/\/psol50.org.br\/#organization\",\"name\":\"PSOL 50\",\"alternateName\":\"PSOL 50\",\"url\":\"https:\/\/psol50.org.br\/\",\"logo\":{\"@type\":\"ImageObject\",\"inLanguage\":\"pt-BR\",\"@id\":\"https:\/\/psol50.org.br\/#\/schema\/logo\/image\/\",\"url\":\"https:\/\/psol50.org.br\/inc\/uploads\/2018\/07\/capa.png\",\"contentUrl\":\"https:\/\/psol50.org.br\/inc\/uploads\/2018\/07\/capa.png\",\"width\":1350,\"height\":900,\"caption\":\"PSOL 50\"},\"image\":{\"@id\":\"https:\/\/psol50.org.br\/#\/schema\/logo\/image\/\"},\"sameAs\":[\"https:\/\/www.facebook.com\/psol50\",\"https:\/\/x.com\/psol50\",\"https:\/\/www.instagram.com\/psol50\/\",\"https:\/\/www.youtube.com\/channel\/UC7SnJS5o1os7a6CaiNabzcg\"]},{\"@type\":\"Person\",\"@id\":\"https:\/\/psol50.org.br\/#\/schema\/person\/475dfa57d0b815993c714c2e96491fcd\",\"name\":\"Comunica\u00e7\u00e3o PSOL\",\"image\":{\"@type\":\"ImageObject\",\"inLanguage\":\"pt-BR\",\"@id\":\"https:\/\/psol50.org.br\/#\/schema\/person\/image\/\",\"url\":\"https:\/\/secure.gravatar.com\/avatar\/b34fc4f4e468a4e51785917065a3db57b841f5c95dba6ad8c73aaf8f66f8f9bf?s=96&d=mm&r=g\",\"contentUrl\":\"https:\/\/secure.gravatar.com\/avatar\/b34fc4f4e468a4e51785917065a3db57b841f5c95dba6ad8c73aaf8f66f8f9bf?s=96&d=mm&r=g\",\"caption\":\"Comunica\u00e7\u00e3o PSOL\"}}]}<\/script>\n<!-- \/ Yoast SEO plugin. -->","yoast_head_json":{"title":"PSOL e partidos de oposi\u00e7\u00e3o pedem que o Congresso devolva MP da Morte ao governo Bolsonaro","description":"A MP cria uma s\u00e9rie de dispositivos de flexibiliza\u00e7\u00e3o de regras trabalhistas e supress\u00e3o de direitos durante a pandemia do novo coronav\u00edrus.","robots":{"index":"index","follow":"follow","max-snippet":"max-snippet:-1","max-image-preview":"max-image-preview:large","max-video-preview":"max-video-preview:-1"},"canonical":"https:\/\/psol50.org.br\/psol-e-partidos-de-oposicao-pedem-que-o-congresso-devolva-mp-da-morte-ao-governo-bolsonaro\/","og_locale":"pt_BR","og_type":"article","og_title":"PSOL e partidos de oposi\u00e7\u00e3o pedem que o Congresso devolva MP da Morte ao governo Bolsonaro","og_description":"A MP cria uma s\u00e9rie de dispositivos de flexibiliza\u00e7\u00e3o de regras trabalhistas e supress\u00e3o de direitos durante a pandemia do novo coronav\u00edrus.","og_url":"https:\/\/psol50.org.br\/psol-e-partidos-de-oposicao-pedem-que-o-congresso-devolva-mp-da-morte-ao-governo-bolsonaro\/","og_site_name":"PSOL 50","article_publisher":"https:\/\/www.facebook.com\/psol50","article_published_time":"2020-03-23T21:05:47+00:00","og_image":[{"width":1800,"height":1200,"url":"https:\/\/psol50.org.br\/inc\/uploads\/2020\/03\/iii-4-scaled-1.jpg","type":"image\/jpeg"}],"author":"Comunica\u00e7\u00e3o PSOL","twitter_card":"summary_large_image","twitter_title":"PSOL e partidos de oposi\u00e7\u00e3o pedem que o Congresso devolva MP da Morte ao governo Bolsonaro","twitter_description":"A MP cria uma s\u00e9rie de dispositivos de flexibiliza\u00e7\u00e3o de regras trabalhistas e supress\u00e3o de direitos durante a pandemia do novo coronav\u00edrus.","twitter_image":"https:\/\/psol50.org.br\/inc\/uploads\/2020\/03\/iii-4-scaled-1.jpg","twitter_creator":"@psol50","twitter_site":"@psol50","twitter_misc":{"Escrito por":"Comunica\u00e7\u00e3o PSOL","Est. tempo de leitura":"1 minuto"},"schema":{"@context":"https:\/\/schema.org","@graph":[{"@type":"Article","@id":"https:\/\/psol50.org.br\/psol-e-partidos-de-oposicao-pedem-que-o-congresso-devolva-mp-da-morte-ao-governo-bolsonaro\/#article","isPartOf":{"@id":"https:\/\/psol50.org.br\/psol-e-partidos-de-oposicao-pedem-que-o-congresso-devolva-mp-da-morte-ao-governo-bolsonaro\/"},"author":{"name":"Comunica\u00e7\u00e3o PSOL","@id":"https:\/\/psol50.org.br\/#\/schema\/person\/475dfa57d0b815993c714c2e96491fcd"},"headline":"PSOL e partidos de oposi\u00e7\u00e3o pedem que o Congresso devolva MP da Morte ao governo Bolsonaro","datePublished":"2020-03-23T21:05:47+00:00","mainEntityOfPage":{"@id":"https:\/\/psol50.org.br\/psol-e-partidos-de-oposicao-pedem-que-o-congresso-devolva-mp-da-morte-ao-governo-bolsonaro\/"},"wordCount":251,"publisher":{"@id":"https:\/\/psol50.org.br\/#organization"},"image":{"@id":"https:\/\/psol50.org.br\/psol-e-partidos-de-oposicao-pedem-que-o-congresso-devolva-mp-da-morte-ao-governo-bolsonaro\/#primaryimage"},"thumbnailUrl":"https:\/\/psol50.org.br\/inc\/uploads\/2020\/03\/iii-4-scaled-1.jpg","keywords":["Bolsonaro","Congresso","genocida","mp 927","mp da morte","Oposi\u00e7\u00e3o","PSOL","psolcontraocoronavirus"],"articleSection":["A\u00e7\u00e3o Parlamentar","Not\u00edcias"],"inLanguage":"pt-BR"},{"@type":"WebPage","@id":"https:\/\/psol50.org.br\/psol-e-partidos-de-oposicao-pedem-que-o-congresso-devolva-mp-da-morte-ao-governo-bolsonaro\/","url":"https:\/\/psol50.org.br\/psol-e-partidos-de-oposicao-pedem-que-o-congresso-devolva-mp-da-morte-ao-governo-bolsonaro\/","name":"PSOL e partidos de oposi\u00e7\u00e3o pedem que o Congresso devolva MP da Morte ao governo Bolsonaro","isPartOf":{"@id":"https:\/\/psol50.org.br\/#website"},"primaryImageOfPage":{"@id":"https:\/\/psol50.org.br\/psol-e-partidos-de-oposicao-pedem-que-o-congresso-devolva-mp-da-morte-ao-governo-bolsonaro\/#primaryimage"},"image":{"@id":"https:\/\/psol50.org.br\/psol-e-partidos-de-oposicao-pedem-que-o-congresso-devolva-mp-da-morte-ao-governo-bolsonaro\/#primaryimage"},"thumbnailUrl":"https:\/\/psol50.org.br\/inc\/uploads\/2020\/03\/iii-4-scaled-1.jpg","datePublished":"2020-03-23T21:05:47+00:00","description":"A MP cria uma s\u00e9rie de dispositivos de flexibiliza\u00e7\u00e3o de regras trabalhistas e supress\u00e3o de direitos durante a pandemia do novo coronav\u00edrus.","breadcrumb":{"@id":"https:\/\/psol50.org.br\/psol-e-partidos-de-oposicao-pedem-que-o-congresso-devolva-mp-da-morte-ao-governo-bolsonaro\/#breadcrumb"},"inLanguage":"pt-BR","potentialAction":[{"@type":"ReadAction","target":["https:\/\/psol50.org.br\/psol-e-partidos-de-oposicao-pedem-que-o-congresso-devolva-mp-da-morte-ao-governo-bolsonaro\/"]}]},{"@type":"ImageObject","inLanguage":"pt-BR","@id":"https:\/\/psol50.org.br\/psol-e-partidos-de-oposicao-pedem-que-o-congresso-devolva-mp-da-morte-ao-governo-bolsonaro\/#primaryimage","url":"https:\/\/psol50.org.br\/inc\/uploads\/2020\/03\/iii-4-scaled-1.jpg","contentUrl":"https:\/\/psol50.org.br\/inc\/uploads\/2020\/03\/iii-4-scaled-1.jpg","width":1800,"height":1200,"caption":"Foto: Marcos Corr\u00eaa\/PR"},{"@type":"BreadcrumbList","@id":"https:\/\/psol50.org.br\/psol-e-partidos-de-oposicao-pedem-que-o-congresso-devolva-mp-da-morte-ao-governo-bolsonaro\/#breadcrumb","itemListElement":[{"@type":"ListItem","position":1,"name":"In\u00edcio","item":"https:\/\/psol50.org.br\/"},{"@type":"ListItem","position":2,"name":"PSOL e partidos de oposi\u00e7\u00e3o pedem que o Congresso devolva MP da Morte ao governo Bolsonaro"}]},{"@type":"WebSite","@id":"https:\/\/psol50.org.br\/#website","url":"https:\/\/psol50.org.br\/","name":"PSOL 50","description":"Site oficial do Partido Socialismo e Liberdade","publisher":{"@id":"https:\/\/psol50.org.br\/#organization"},"alternateName":"PSOL50","potentialAction":[{"@type":"SearchAction","target":{"@type":"EntryPoint","urlTemplate":"https:\/\/psol50.org.br\/?s={search_term_string}"},"query-input":{"@type":"PropertyValueSpecification","valueRequired":true,"valueName":"search_term_string"}}],"inLanguage":"pt-BR"},{"@type":"Organization","@id":"https:\/\/psol50.org.br\/#organization","name":"PSOL 50","alternateName":"PSOL 50","url":"https:\/\/psol50.org.br\/","logo":{"@type":"ImageObject","inLanguage":"pt-BR","@id":"https:\/\/psol50.org.br\/#\/schema\/logo\/image\/","url":"https:\/\/psol50.org.br\/inc\/uploads\/2018\/07\/capa.png","contentUrl":"https:\/\/psol50.org.br\/inc\/uploads\/2018\/07\/capa.png","width":1350,"height":900,"caption":"PSOL 50"},"image":{"@id":"https:\/\/psol50.org.br\/#\/schema\/logo\/image\/"},"sameAs":["https:\/\/www.facebook.com\/psol50","https:\/\/x.com\/psol50","https:\/\/www.instagram.com\/psol50\/","https:\/\/www.youtube.com\/channel\/UC7SnJS5o1os7a6CaiNabzcg"]},{"@type":"Person","@id":"https:\/\/psol50.org.br\/#\/schema\/person\/475dfa57d0b815993c714c2e96491fcd","name":"Comunica\u00e7\u00e3o PSOL","image":{"@type":"ImageObject","inLanguage":"pt-BR","@id":"https:\/\/psol50.org.br\/#\/schema\/person\/image\/","url":"https:\/\/secure.gravatar.com\/avatar\/b34fc4f4e468a4e51785917065a3db57b841f5c95dba6ad8c73aaf8f66f8f9bf?s=96&d=mm&r=g","contentUrl":"https:\/\/secure.gravatar.com\/avatar\/b34fc4f4e468a4e51785917065a3db57b841f5c95dba6ad8c73aaf8f66f8f9bf?s=96&d=mm&r=g","caption":"Comunica\u00e7\u00e3o PSOL"}}]}},"_links":{"self":[{"href":"https:\/\/psol50.org.br\/rest\/wp\/v2\/posts\/27893","targetHints":{"allow":["GET"]}}],"collection":[{"href":"https:\/\/psol50.org.br\/rest\/wp\/v2\/posts"}],"about":[{"href":"https:\/\/psol50.org.br\/rest\/wp\/v2\/types\/post"}],"author":[{"embeddable":true,"href":"https:\/\/psol50.org.br\/rest\/wp\/v2\/users\/2"}],"replies":[{"embeddable":true,"href":"https:\/\/psol50.org.br\/rest\/wp\/v2\/comments?post=27893"}],"version-history":[{"count":0,"href":"https:\/\/psol50.org.br\/rest\/wp\/v2\/posts\/27893\/revisions"}],"wp:featuredmedia":[{"embeddable":true,"href":"https:\/\/psol50.org.br\/rest\/wp\/v2\/media\/27898"}],"wp:attachment":[{"href":"https:\/\/psol50.org.br\/rest\/wp\/v2\/media?parent=27893"}],"wp:term":[{"taxonomy":"category","embeddable":true,"href":"https:\/\/psol50.org.br\/rest\/wp\/v2\/categories?post=27893"},{"taxonomy":"post_tag","embeddable":true,"href":"https:\/\/psol50.org.br\/rest\/wp\/v2\/tags?post=27893"}],"curies":[{"name":"wp","href":"https:\/\/api.w.org\/{rel}","templated":true}]}}