{"id":279,"date":"2012-10-06T00:00:00","date_gmt":"2012-10-06T00:00:00","guid":{"rendered":"http:\/\/psol50.org.br\/arquivo\/2012\/10\/06\/multidao-acompanha-edmilson-em-caminhada-rumo-a-vitoria\/"},"modified":"2012-10-06T00:00:00","modified_gmt":"2012-10-06T00:00:00","slug":"multidao-acompanha-edmilson-em-caminhada-rumo-a-vitoria","status":"publish","type":"post","link":"https:\/\/psol50.org.br\/multidao-acompanha-edmilson-em-caminhada-rumo-a-vitoria\/","title":{"rendered":"Multid\u00e3o acompanha Edmilson em caminhada rumo \u00e0 vit\u00f3ria!"},"content":{"rendered":"<p>Desde o Ver-o-Peso at\u00e9 S\u00e3o Br\u00e1s, Edmilson Rodrigues recebeu o carinho da popula\u00e7\u00e3o de Bel\u00e9m durante caminhada realizada na manh\u00e3 deste s\u00e1bado, 6. Durante todo o trajeto, muitas foram as express\u00f5es de confian\u00e7a e f\u00e9 na vit\u00f3ria de Edmilson. A caminhada iniciou na feira do Ver-o-Peso, percorreu o Com\u00e9rcio, passando pela rua 13 de Maio e avenida Presidente Vargas. Depois, seguiu pela avenida Nazar\u00e9 at\u00e9 o CAN, onde estava previsto para terminar. Mas, a anima\u00e7\u00e3o da multid\u00e3o que acompanhou Edmilson era tanta que ela se estendeu at\u00e9 S\u00e3o Br\u00e1s, onde havia mais outra multid\u00e3o esperando a comitiva da Frente Bel\u00e9m nas M\u00e3os do Povo. O candidato a vice-prefeito, Jorge Panzera, e v\u00e1rios candidatos a vereador participaram da caminhada.<\/p>\n<p>Com saudade do Edmilson, a artes\u00e3 Maria das Gra\u00e7as Chagas, de 64 anos, que estava fazendo compras no Com\u00e9rcio para o C\u00edrio de Nazar\u00e9, declarou seu voto. \u201cEu sempre votei e voto no Edmilson e, se for preciso, empresto a minha casa para fazer campanha porque ele foi o \u00fanico prefeito que cuidou da cidade. Foi tamb\u00e9m o \u00fanico que cuidou do Ver-o-Peso, que \u00e9 o nosso principal cart\u00e3o postal e que h\u00e1 oito anos est\u00e1 abandonado. Por isso, Edmilson precisa voltar a ser prefeito de Bel\u00e9m porque n\u00e3o podemos deixar continuar esse abandono\u201d, destacou a artes\u00e3.<\/p>\n<p>A professora Marcelli Santa Br\u00edgida, de 34 anos, tamb\u00e9m disse estar sentindo muita falta de uma gest\u00e3o que invista em projetos sociais, que garantam dignidade ao povo. \u201cNos oito anos de governo do Edmilson, nossas crian\u00e7as n\u00e3o estavam nas ruas, pois estavam em projetos sociais, como a Bolsa Escola e a Escola Circo. Foi tamb\u00e9m investido na cria\u00e7\u00e3o de v\u00e1rias cooperativas de trabalhadores e em v\u00e1rias obras importantes para a cidade. Foi um governo voltado para os mais pobres e \u00e9 isso que queremos de volta\u201d, declarou a professora, que estava acompanhada da m\u00e3e, tamb\u00e9m fazendo compras para o C\u00edrio, no Com\u00e9rcio de Bel\u00e9m.<\/p>\n<p>No final da caminhada, em S\u00e3o Br\u00e1s, o momento foi de muita emo\u00e7\u00e3o. A caminhada foi transformada em uma grande corrida, que se uniu a uma multid\u00e3o que esperava na Pra\u00e7a da Leitura. Muitas pessoas pediram para fazer fotos com Edmilson, entregaram cartas, o abra\u00e7aram e expressaram a sua confian\u00e7a na vit\u00f3ria. Edmilson agradeceu a cada um dos manifestantes, mas em respeito \u00e0 legisla\u00e7\u00e3o eleitoral, n\u00e3o p\u00f4de se manifestar atrav\u00e9s do carro-som.<\/p>\n<p><img loading=\"lazy\" decoding=\"async\" class=\"aligncenter size-large wp-image-3030\" style=\"margin-top: 20px;margin-bottom: 20px;padding: 0px;font: inherit;vertical-align: baseline;height: auto;font-family: 'Droid Sans', 'Helvetica Neue', 'Nimbus Sans L', sans-serif;line-height: 24.28333282470703px;text-align: justify;background-color: #ffffff\" src=\"http:\/\/edmilson50.com.br\/inc\/uploads\/2012\/10\/06-10-12-EDMILSON-RODRIGUES-CAMINHADA-DO-VER-O-PESO-AT%C3%89-S%C3%83O-BRAZ-FOTOS-MARCELO-SEABRA-DRT-PA-2100-28-600x400.jpg\" alt=\"\" width=\"600\" height=\"400\" \/><\/p>\n<p style=\"margin: 0px 0px 24px;padding: 0px;border: 0px;font: inherit;vertical-align: baseline;font-family: 'Droid Sans', 'Helvetica Neue', 'Nimbus Sans L', sans-serif;line-height: 24.28333282470703px;background-color: #ffffff;text-align: justify\"><img loading=\"lazy\" decoding=\"async\" class=\"aligncenter size-large wp-image-3031\" style=\"margin-top: 20px;margin-bottom: 20px;padding: 0px;font: inherit;vertical-align: baseline;height: auto\" src=\"http:\/\/edmilson50.com.br\/inc\/uploads\/2012\/10\/06-10-12-EDMILSON-RODRIGUES-CAMINHADA-DO-VER-O-PESO-AT%C3%89-S%C3%83O-BRAZ-FOTOS-MARCELO-SEABRA-DRT-PA-2100-9-600x400.jpg\" alt=\"\" width=\"600\" height=\"400\" \/><\/p>\n<p style=\"margin: 0px 0px 24px;padding: 0px;border: 0px;font: inherit;vertical-align: baseline;font-family: 'Droid Sans', 'Helvetica Neue', 'Nimbus Sans L', sans-serif;line-height: 24.28333282470703px;background-color: #ffffff\"><img loading=\"lazy\" decoding=\"async\" class=\"aligncenter size-large wp-image-3033\" style=\"margin-top: 20px;margin-bottom: 20px;padding: 0px;font: inherit;vertical-align: baseline;height: auto\" src=\"http:\/\/edmilson50.com.br\/inc\/uploads\/2012\/10\/06-10-12-EDMILSON-RODRIGUES-CAMINHADA-DO-VER-O-PESO-AT%C3%89-S%C3%83O-BRAZ-FOTOS-MARCELO-SEABRA-DRT-PA-2100-23-600x400.jpg\" alt=\"\" width=\"600\" height=\"400\" \/><\/p>\n<p style=\"margin: 0px 0px 24px;padding: 0px;border: 0px;font: inherit;vertical-align: baseline;font-family: 'Droid Sans', 'Helvetica Neue', 'Nimbus Sans L', sans-serif;line-height: 24.28333282470703px;background-color: #ffffff\">Fonte:\u00a0<a href=\"http:\/\/edmilson50.com.br\/\">http:\/\/edmilson50.com.br<\/a><\/p>\n","protected":false},"excerpt":{"rendered":"<p>Desde o Ver-o-Peso at\u00e9 S\u00e3o Br\u00e1s, Edmilson Rodrigues recebeu o carinho da popula\u00e7\u00e3o de Bel\u00e9m durante caminhada realizada na manh\u00e3 deste s\u00e1bado, 6. Durante todo o trajeto, muitas foram as express\u00f5es de confian\u00e7a e f\u00e9 na vit\u00f3ria de Edmilson. A caminhada iniciou na feira do Ver-o-Peso, percorreu o Com\u00e9rcio, passando pela rua 13 de Maio [&hellip;]<\/p>\n","protected":false},"author":2,"featured_media":0,"comment_status":"open","ping_status":"open","sticky":false,"template":"","format":"standard","meta":{"_acf_changed":false,"footnotes":""},"categories":[10,4766,4974],"tags":[973,4975],"class_list":{"0":"post-279","1":"post","2":"type-post","3":"status-publish","4":"format-standard","6":"category-acao-parlamentares","7":"category-arquivo","8":"category-eleicoes-2012","9":"tag-edmilson-rodrigues","10":"tag-eleicoes-2012"},"acf":[],"yoast_head":"<!-- This site is optimized with the Yoast SEO plugin v26.5 - https:\/\/yoast.com\/wordpress\/plugins\/seo\/ -->\n<title>Multid\u00e3o acompanha Edmilson em caminhada rumo \u00e0 vit\u00f3ria! - PSOL 50<\/title>\n<meta name=\"robots\" content=\"index, follow, max-snippet:-1, max-image-preview:large, max-video-preview:-1\" \/>\n<link rel=\"canonical\" href=\"https:\/\/psol50.org.br\/multidao-acompanha-edmilson-em-caminhada-rumo-a-vitoria\/\" \/>\n<meta property=\"og:locale\" content=\"pt_BR\" \/>\n<meta property=\"og:type\" content=\"article\" \/>\n<meta property=\"og:title\" content=\"Multid\u00e3o acompanha Edmilson em caminhada rumo \u00e0 vit\u00f3ria! - PSOL 50\" \/>\n<meta property=\"og:description\" content=\"Desde o Ver-o-Peso at\u00e9 S\u00e3o Br\u00e1s, Edmilson Rodrigues recebeu o carinho da popula\u00e7\u00e3o de Bel\u00e9m durante caminhada realizada na manh\u00e3 deste s\u00e1bado, 6. Durante todo o trajeto, muitas foram as express\u00f5es de confian\u00e7a e f\u00e9 na vit\u00f3ria de Edmilson. A caminhada iniciou na feira do Ver-o-Peso, percorreu o Com\u00e9rcio, passando pela rua 13 de Maio [&hellip;]\" \/>\n<meta property=\"og:url\" content=\"https:\/\/psol50.org.br\/multidao-acompanha-edmilson-em-caminhada-rumo-a-vitoria\/\" \/>\n<meta property=\"og:site_name\" content=\"PSOL 50\" \/>\n<meta property=\"article:publisher\" content=\"https:\/\/www.facebook.com\/psol50\" \/>\n<meta property=\"article:published_time\" content=\"2012-10-06T00:00:00+00:00\" \/>\n<meta property=\"og:image\" content=\"http:\/\/edmilson50.com.br\/inc\/uploads\/2012\/10\/06-10-12-EDMILSON-RODRIGUES-CAMINHADA-DO-VER-O-PESO-AT%C3%89-S%C3%83O-BRAZ-FOTOS-MARCELO-SEABRA-DRT-PA-2100-28-600x400.jpg\" \/>\n<meta name=\"author\" content=\"Comunica\u00e7\u00e3o PSOL\" \/>\n<meta name=\"twitter:card\" content=\"summary_large_image\" \/>\n<meta name=\"twitter:creator\" content=\"@psol50\" \/>\n<meta name=\"twitter:site\" content=\"@psol50\" \/>\n<meta name=\"twitter:label1\" content=\"Escrito por\" \/>\n\t<meta name=\"twitter:data1\" content=\"Comunica\u00e7\u00e3o PSOL\" \/>\n\t<meta name=\"twitter:label2\" content=\"Est. tempo de leitura\" \/>\n\t<meta name=\"twitter:data2\" content=\"2 minutos\" \/>\n<script type=\"application\/ld+json\" class=\"yoast-schema-graph\">{\"@context\":\"https:\/\/schema.org\",\"@graph\":[{\"@type\":\"Article\",\"@id\":\"https:\/\/psol50.org.br\/multidao-acompanha-edmilson-em-caminhada-rumo-a-vitoria\/#article\",\"isPartOf\":{\"@id\":\"https:\/\/psol50.org.br\/multidao-acompanha-edmilson-em-caminhada-rumo-a-vitoria\/\"},\"author\":{\"name\":\"Comunica\u00e7\u00e3o PSOL\",\"@id\":\"https:\/\/psol50.org.br\/#\/schema\/person\/475dfa57d0b815993c714c2e96491fcd\"},\"headline\":\"Multid\u00e3o acompanha Edmilson em caminhada rumo \u00e0 vit\u00f3ria!\",\"datePublished\":\"2012-10-06T00:00:00+00:00\",\"mainEntityOfPage\":{\"@id\":\"https:\/\/psol50.org.br\/multidao-acompanha-edmilson-em-caminhada-rumo-a-vitoria\/\"},\"wordCount\":448,\"commentCount\":0,\"publisher\":{\"@id\":\"https:\/\/psol50.org.br\/#organization\"},\"image\":{\"@id\":\"https:\/\/psol50.org.br\/multidao-acompanha-edmilson-em-caminhada-rumo-a-vitoria\/#primaryimage\"},\"thumbnailUrl\":\"http:\/\/edmilson50.com.br\/inc\/uploads\/2012\/10\/06-10-12-EDMILSON-RODRIGUES-CAMINHADA-DO-VER-O-PESO-AT%C3%89-S%C3%83O-BRAZ-FOTOS-MARCELO-SEABRA-DRT-PA-2100-28-600x400.jpg\",\"keywords\":[\"Edmilson Rodrigues\",\"Elei\u00e7\u00f5es 2012\"],\"articleSection\":[\"A\u00e7\u00e3o Parlamentar\",\"Arquivo\",\"ELEI\u00c7\u00d5ES 2012\"],\"inLanguage\":\"pt-BR\",\"potentialAction\":[{\"@type\":\"CommentAction\",\"name\":\"Comment\",\"target\":[\"https:\/\/psol50.org.br\/multidao-acompanha-edmilson-em-caminhada-rumo-a-vitoria\/#respond\"]}]},{\"@type\":\"WebPage\",\"@id\":\"https:\/\/psol50.org.br\/multidao-acompanha-edmilson-em-caminhada-rumo-a-vitoria\/\",\"url\":\"https:\/\/psol50.org.br\/multidao-acompanha-edmilson-em-caminhada-rumo-a-vitoria\/\",\"name\":\"Multid\u00e3o acompanha Edmilson em caminhada rumo \u00e0 vit\u00f3ria! - PSOL 50\",\"isPartOf\":{\"@id\":\"https:\/\/psol50.org.br\/#website\"},\"primaryImageOfPage\":{\"@id\":\"https:\/\/psol50.org.br\/multidao-acompanha-edmilson-em-caminhada-rumo-a-vitoria\/#primaryimage\"},\"image\":{\"@id\":\"https:\/\/psol50.org.br\/multidao-acompanha-edmilson-em-caminhada-rumo-a-vitoria\/#primaryimage\"},\"thumbnailUrl\":\"http:\/\/edmilson50.com.br\/inc\/uploads\/2012\/10\/06-10-12-EDMILSON-RODRIGUES-CAMINHADA-DO-VER-O-PESO-AT%C3%89-S%C3%83O-BRAZ-FOTOS-MARCELO-SEABRA-DRT-PA-2100-28-600x400.jpg\",\"datePublished\":\"2012-10-06T00:00:00+00:00\",\"breadcrumb\":{\"@id\":\"https:\/\/psol50.org.br\/multidao-acompanha-edmilson-em-caminhada-rumo-a-vitoria\/#breadcrumb\"},\"inLanguage\":\"pt-BR\",\"potentialAction\":[{\"@type\":\"ReadAction\",\"target\":[\"https:\/\/psol50.org.br\/multidao-acompanha-edmilson-em-caminhada-rumo-a-vitoria\/\"]}]},{\"@type\":\"ImageObject\",\"inLanguage\":\"pt-BR\",\"@id\":\"https:\/\/psol50.org.br\/multidao-acompanha-edmilson-em-caminhada-rumo-a-vitoria\/#primaryimage\",\"url\":\"http:\/\/edmilson50.com.br\/inc\/uploads\/2012\/10\/06-10-12-EDMILSON-RODRIGUES-CAMINHADA-DO-VER-O-PESO-AT%C3%89-S%C3%83O-BRAZ-FOTOS-MARCELO-SEABRA-DRT-PA-2100-28-600x400.jpg\",\"contentUrl\":\"http:\/\/edmilson50.com.br\/inc\/uploads\/2012\/10\/06-10-12-EDMILSON-RODRIGUES-CAMINHADA-DO-VER-O-PESO-AT%C3%89-S%C3%83O-BRAZ-FOTOS-MARCELO-SEABRA-DRT-PA-2100-28-600x400.jpg\"},{\"@type\":\"BreadcrumbList\",\"@id\":\"https:\/\/psol50.org.br\/multidao-acompanha-edmilson-em-caminhada-rumo-a-vitoria\/#breadcrumb\",\"itemListElement\":[{\"@type\":\"ListItem\",\"position\":1,\"name\":\"In\u00edcio\",\"item\":\"https:\/\/psol50.org.br\/\"},{\"@type\":\"ListItem\",\"position\":2,\"name\":\"Multid\u00e3o acompanha Edmilson em caminhada rumo \u00e0 vit\u00f3ria!\"}]},{\"@type\":\"WebSite\",\"@id\":\"https:\/\/psol50.org.br\/#website\",\"url\":\"https:\/\/psol50.org.br\/\",\"name\":\"PSOL 50\",\"description\":\"Site oficial do Partido Socialismo e Liberdade\",\"publisher\":{\"@id\":\"https:\/\/psol50.org.br\/#organization\"},\"alternateName\":\"PSOL50\",\"potentialAction\":[{\"@type\":\"SearchAction\",\"target\":{\"@type\":\"EntryPoint\",\"urlTemplate\":\"https:\/\/psol50.org.br\/?s={search_term_string}\"},\"query-input\":{\"@type\":\"PropertyValueSpecification\",\"valueRequired\":true,\"valueName\":\"search_term_string\"}}],\"inLanguage\":\"pt-BR\"},{\"@type\":\"Organization\",\"@id\":\"https:\/\/psol50.org.br\/#organization\",\"name\":\"PSOL 50\",\"alternateName\":\"PSOL 50\",\"url\":\"https:\/\/psol50.org.br\/\",\"logo\":{\"@type\":\"ImageObject\",\"inLanguage\":\"pt-BR\",\"@id\":\"https:\/\/psol50.org.br\/#\/schema\/logo\/image\/\",\"url\":\"https:\/\/psol50.org.br\/inc\/uploads\/2018\/07\/capa.png\",\"contentUrl\":\"https:\/\/psol50.org.br\/inc\/uploads\/2018\/07\/capa.png\",\"width\":1350,\"height\":900,\"caption\":\"PSOL 50\"},\"image\":{\"@id\":\"https:\/\/psol50.org.br\/#\/schema\/logo\/image\/\"},\"sameAs\":[\"https:\/\/www.facebook.com\/psol50\",\"https:\/\/x.com\/psol50\",\"https:\/\/www.instagram.com\/psol50\/\",\"https:\/\/www.youtube.com\/channel\/UC7SnJS5o1os7a6CaiNabzcg\"]},{\"@type\":\"Person\",\"@id\":\"https:\/\/psol50.org.br\/#\/schema\/person\/475dfa57d0b815993c714c2e96491fcd\",\"name\":\"Comunica\u00e7\u00e3o PSOL\",\"image\":{\"@type\":\"ImageObject\",\"inLanguage\":\"pt-BR\",\"@id\":\"https:\/\/psol50.org.br\/#\/schema\/person\/image\/\",\"url\":\"https:\/\/secure.gravatar.com\/avatar\/b34fc4f4e468a4e51785917065a3db57b841f5c95dba6ad8c73aaf8f66f8f9bf?s=96&d=mm&r=g\",\"contentUrl\":\"https:\/\/secure.gravatar.com\/avatar\/b34fc4f4e468a4e51785917065a3db57b841f5c95dba6ad8c73aaf8f66f8f9bf?s=96&d=mm&r=g\",\"caption\":\"Comunica\u00e7\u00e3o PSOL\"}}]}<\/script>\n<!-- \/ Yoast SEO plugin. -->","yoast_head_json":{"title":"Multid\u00e3o acompanha Edmilson em caminhada rumo \u00e0 vit\u00f3ria! - PSOL 50","robots":{"index":"index","follow":"follow","max-snippet":"max-snippet:-1","max-image-preview":"max-image-preview:large","max-video-preview":"max-video-preview:-1"},"canonical":"https:\/\/psol50.org.br\/multidao-acompanha-edmilson-em-caminhada-rumo-a-vitoria\/","og_locale":"pt_BR","og_type":"article","og_title":"Multid\u00e3o acompanha Edmilson em caminhada rumo \u00e0 vit\u00f3ria! - PSOL 50","og_description":"Desde o Ver-o-Peso at\u00e9 S\u00e3o Br\u00e1s, Edmilson Rodrigues recebeu o carinho da popula\u00e7\u00e3o de Bel\u00e9m durante caminhada realizada na manh\u00e3 deste s\u00e1bado, 6. Durante todo o trajeto, muitas foram as express\u00f5es de confian\u00e7a e f\u00e9 na vit\u00f3ria de Edmilson. A caminhada iniciou na feira do Ver-o-Peso, percorreu o Com\u00e9rcio, passando pela rua 13 de Maio [&hellip;]","og_url":"https:\/\/psol50.org.br\/multidao-acompanha-edmilson-em-caminhada-rumo-a-vitoria\/","og_site_name":"PSOL 50","article_publisher":"https:\/\/www.facebook.com\/psol50","article_published_time":"2012-10-06T00:00:00+00:00","og_image":[{"url":"http:\/\/edmilson50.com.br\/inc\/uploads\/2012\/10\/06-10-12-EDMILSON-RODRIGUES-CAMINHADA-DO-VER-O-PESO-AT%C3%89-S%C3%83O-BRAZ-FOTOS-MARCELO-SEABRA-DRT-PA-2100-28-600x400.jpg","type":"","width":"","height":""}],"author":"Comunica\u00e7\u00e3o PSOL","twitter_card":"summary_large_image","twitter_creator":"@psol50","twitter_site":"@psol50","twitter_misc":{"Escrito por":"Comunica\u00e7\u00e3o PSOL","Est. tempo de leitura":"2 minutos"},"schema":{"@context":"https:\/\/schema.org","@graph":[{"@type":"Article","@id":"https:\/\/psol50.org.br\/multidao-acompanha-edmilson-em-caminhada-rumo-a-vitoria\/#article","isPartOf":{"@id":"https:\/\/psol50.org.br\/multidao-acompanha-edmilson-em-caminhada-rumo-a-vitoria\/"},"author":{"name":"Comunica\u00e7\u00e3o PSOL","@id":"https:\/\/psol50.org.br\/#\/schema\/person\/475dfa57d0b815993c714c2e96491fcd"},"headline":"Multid\u00e3o acompanha Edmilson em caminhada rumo \u00e0 vit\u00f3ria!","datePublished":"2012-10-06T00:00:00+00:00","mainEntityOfPage":{"@id":"https:\/\/psol50.org.br\/multidao-acompanha-edmilson-em-caminhada-rumo-a-vitoria\/"},"wordCount":448,"commentCount":0,"publisher":{"@id":"https:\/\/psol50.org.br\/#organization"},"image":{"@id":"https:\/\/psol50.org.br\/multidao-acompanha-edmilson-em-caminhada-rumo-a-vitoria\/#primaryimage"},"thumbnailUrl":"http:\/\/edmilson50.com.br\/inc\/uploads\/2012\/10\/06-10-12-EDMILSON-RODRIGUES-CAMINHADA-DO-VER-O-PESO-AT%C3%89-S%C3%83O-BRAZ-FOTOS-MARCELO-SEABRA-DRT-PA-2100-28-600x400.jpg","keywords":["Edmilson Rodrigues","Elei\u00e7\u00f5es 2012"],"articleSection":["A\u00e7\u00e3o Parlamentar","Arquivo","ELEI\u00c7\u00d5ES 2012"],"inLanguage":"pt-BR","potentialAction":[{"@type":"CommentAction","name":"Comment","target":["https:\/\/psol50.org.br\/multidao-acompanha-edmilson-em-caminhada-rumo-a-vitoria\/#respond"]}]},{"@type":"WebPage","@id":"https:\/\/psol50.org.br\/multidao-acompanha-edmilson-em-caminhada-rumo-a-vitoria\/","url":"https:\/\/psol50.org.br\/multidao-acompanha-edmilson-em-caminhada-rumo-a-vitoria\/","name":"Multid\u00e3o acompanha Edmilson em caminhada rumo \u00e0 vit\u00f3ria! - PSOL 50","isPartOf":{"@id":"https:\/\/psol50.org.br\/#website"},"primaryImageOfPage":{"@id":"https:\/\/psol50.org.br\/multidao-acompanha-edmilson-em-caminhada-rumo-a-vitoria\/#primaryimage"},"image":{"@id":"https:\/\/psol50.org.br\/multidao-acompanha-edmilson-em-caminhada-rumo-a-vitoria\/#primaryimage"},"thumbnailUrl":"http:\/\/edmilson50.com.br\/inc\/uploads\/2012\/10\/06-10-12-EDMILSON-RODRIGUES-CAMINHADA-DO-VER-O-PESO-AT%C3%89-S%C3%83O-BRAZ-FOTOS-MARCELO-SEABRA-DRT-PA-2100-28-600x400.jpg","datePublished":"2012-10-06T00:00:00+00:00","breadcrumb":{"@id":"https:\/\/psol50.org.br\/multidao-acompanha-edmilson-em-caminhada-rumo-a-vitoria\/#breadcrumb"},"inLanguage":"pt-BR","potentialAction":[{"@type":"ReadAction","target":["https:\/\/psol50.org.br\/multidao-acompanha-edmilson-em-caminhada-rumo-a-vitoria\/"]}]},{"@type":"ImageObject","inLanguage":"pt-BR","@id":"https:\/\/psol50.org.br\/multidao-acompanha-edmilson-em-caminhada-rumo-a-vitoria\/#primaryimage","url":"http:\/\/edmilson50.com.br\/inc\/uploads\/2012\/10\/06-10-12-EDMILSON-RODRIGUES-CAMINHADA-DO-VER-O-PESO-AT%C3%89-S%C3%83O-BRAZ-FOTOS-MARCELO-SEABRA-DRT-PA-2100-28-600x400.jpg","contentUrl":"http:\/\/edmilson50.com.br\/inc\/uploads\/2012\/10\/06-10-12-EDMILSON-RODRIGUES-CAMINHADA-DO-VER-O-PESO-AT%C3%89-S%C3%83O-BRAZ-FOTOS-MARCELO-SEABRA-DRT-PA-2100-28-600x400.jpg"},{"@type":"BreadcrumbList","@id":"https:\/\/psol50.org.br\/multidao-acompanha-edmilson-em-caminhada-rumo-a-vitoria\/#breadcrumb","itemListElement":[{"@type":"ListItem","position":1,"name":"In\u00edcio","item":"https:\/\/psol50.org.br\/"},{"@type":"ListItem","position":2,"name":"Multid\u00e3o acompanha Edmilson em caminhada rumo \u00e0 vit\u00f3ria!"}]},{"@type":"WebSite","@id":"https:\/\/psol50.org.br\/#website","url":"https:\/\/psol50.org.br\/","name":"PSOL 50","description":"Site oficial do Partido Socialismo e Liberdade","publisher":{"@id":"https:\/\/psol50.org.br\/#organization"},"alternateName":"PSOL50","potentialAction":[{"@type":"SearchAction","target":{"@type":"EntryPoint","urlTemplate":"https:\/\/psol50.org.br\/?s={search_term_string}"},"query-input":{"@type":"PropertyValueSpecification","valueRequired":true,"valueName":"search_term_string"}}],"inLanguage":"pt-BR"},{"@type":"Organization","@id":"https:\/\/psol50.org.br\/#organization","name":"PSOL 50","alternateName":"PSOL 50","url":"https:\/\/psol50.org.br\/","logo":{"@type":"ImageObject","inLanguage":"pt-BR","@id":"https:\/\/psol50.org.br\/#\/schema\/logo\/image\/","url":"https:\/\/psol50.org.br\/inc\/uploads\/2018\/07\/capa.png","contentUrl":"https:\/\/psol50.org.br\/inc\/uploads\/2018\/07\/capa.png","width":1350,"height":900,"caption":"PSOL 50"},"image":{"@id":"https:\/\/psol50.org.br\/#\/schema\/logo\/image\/"},"sameAs":["https:\/\/www.facebook.com\/psol50","https:\/\/x.com\/psol50","https:\/\/www.instagram.com\/psol50\/","https:\/\/www.youtube.com\/channel\/UC7SnJS5o1os7a6CaiNabzcg"]},{"@type":"Person","@id":"https:\/\/psol50.org.br\/#\/schema\/person\/475dfa57d0b815993c714c2e96491fcd","name":"Comunica\u00e7\u00e3o PSOL","image":{"@type":"ImageObject","inLanguage":"pt-BR","@id":"https:\/\/psol50.org.br\/#\/schema\/person\/image\/","url":"https:\/\/secure.gravatar.com\/avatar\/b34fc4f4e468a4e51785917065a3db57b841f5c95dba6ad8c73aaf8f66f8f9bf?s=96&d=mm&r=g","contentUrl":"https:\/\/secure.gravatar.com\/avatar\/b34fc4f4e468a4e51785917065a3db57b841f5c95dba6ad8c73aaf8f66f8f9bf?s=96&d=mm&r=g","caption":"Comunica\u00e7\u00e3o PSOL"}}]}},"_links":{"self":[{"href":"https:\/\/psol50.org.br\/rest\/wp\/v2\/posts\/279","targetHints":{"allow":["GET"]}}],"collection":[{"href":"https:\/\/psol50.org.br\/rest\/wp\/v2\/posts"}],"about":[{"href":"https:\/\/psol50.org.br\/rest\/wp\/v2\/types\/post"}],"author":[{"embeddable":true,"href":"https:\/\/psol50.org.br\/rest\/wp\/v2\/users\/2"}],"replies":[{"embeddable":true,"href":"https:\/\/psol50.org.br\/rest\/wp\/v2\/comments?post=279"}],"version-history":[{"count":0,"href":"https:\/\/psol50.org.br\/rest\/wp\/v2\/posts\/279\/revisions"}],"wp:attachment":[{"href":"https:\/\/psol50.org.br\/rest\/wp\/v2\/media?parent=279"}],"wp:term":[{"taxonomy":"category","embeddable":true,"href":"https:\/\/psol50.org.br\/rest\/wp\/v2\/categories?post=279"},{"taxonomy":"post_tag","embeddable":true,"href":"https:\/\/psol50.org.br\/rest\/wp\/v2\/tags?post=279"}],"curies":[{"name":"wp","href":"https:\/\/api.w.org\/{rel}","templated":true}]}}