{"id":27908,"date":"2020-03-24T11:46:06","date_gmt":"2020-03-24T14:46:06","guid":{"rendered":"https:\/\/psol50.org.br\/?p=27908"},"modified":"2020-03-24T11:46:06","modified_gmt":"2020-03-24T14:46:06","slug":"juliano-medeiros-e-hora-de-mudanca-de-rumos","status":"publish","type":"post","link":"https:\/\/psol50.org.br\/juliano-medeiros-e-hora-de-mudanca-de-rumos\/","title":{"rendered":"Juliano Medeiros | \u00c9 hora de mudan\u00e7a de rumos"},"content":{"rendered":"<p><strong><a href=\"https:\/\/psol50.org.br\/coronavirus\/\" target=\"_blank\" rel=\"noopener noreferrer\"><img loading=\"lazy\" decoding=\"async\" class=\"alignnone size-full wp-image-27838\" src=\"https:\/\/psol50.org.br\/inc\/uploads\/2020\/03\/Banner-Site_3.png\" alt=\"\" width=\"1240\" height=\"331\" srcset=\"https:\/\/psol50.org.br\/inc\/uploads\/2020\/03\/Banner-Site_3.png 1240w, https:\/\/psol50.org.br\/inc\/uploads\/2020\/03\/Banner-Site_3-300x80.png 300w, https:\/\/psol50.org.br\/inc\/uploads\/2020\/03\/Banner-Site_3-1024x273.png 1024w, https:\/\/psol50.org.br\/inc\/uploads\/2020\/03\/Banner-Site_3-768x205.png 768w, https:\/\/psol50.org.br\/inc\/uploads\/2020\/03\/Banner-Site_3-150x40.png 150w, https:\/\/psol50.org.br\/inc\/uploads\/2020\/03\/Banner-Site_3-696x186.png 696w, https:\/\/psol50.org.br\/inc\/uploads\/2020\/03\/Banner-Site_3-1068x285.png 1068w\" sizes=\"auto, (max-width: 1240px) 100vw, 1240px\" \/><\/a><\/strong><\/p>\n<p><strong><a href=\"https:\/\/www.poder360.com.br\/opiniao\/coronavirus\/e-hora-de-mudanca-de-rumos-defende-juliano-medeiros\/\">Postado originalmente no Poder360<\/a><\/strong><\/p>\n<p>Bolsonaro precisou de um \u201cpanela\u00e7o\u201d nacional\u00a0para come\u00e7ar a perceber que a sobreviv\u00eancia dos brasileiros s\u00f3 \u00e9 motivo de piada para ele. At\u00e9 18 de mar\u00e7o o presidente vinha desprezando os efeitos do coronav\u00edrus na economia e colocando a sa\u00fade p\u00fablica em risco. Ap\u00f3s as rea\u00e7\u00f5es indignadas da sociedade \u00e0 sua incompet\u00eancia e irresponsabilidade, o governo apresentou medidas para enfrentar a grave crise que vivemos. Todas pontuais, insuficientes e atrasadas.<\/p>\n<p>H\u00e1 um amplo acordo entre economistas de diferentes campos te\u00f3ricos, de que, para enfrentar a crise imposta pela pandemia de coronav\u00edrus, \u00e9 preciso ampliar vigorosamente gastos p\u00fablicos, principalmente nas \u00e1reas da sa\u00fade e da prote\u00e7\u00e3o social. Sim, os pa\u00edses precisar\u00e3o se endividar. \u00c9 exatamente isso o que est\u00e1 sendo feito na Fran\u00e7a, Estados Unidos, Alemanha e It\u00e1lia, por exemplo. Os mitos criados pelo neoliberalismo e pelas teses de \u201causteridade fiscal\u201d se desmancham no ar.<\/p>\n<p>O programa para aut\u00f4nomos anunciado por Paulo Guedes, que prev\u00ea R$ 15 bilh\u00f5es em 3 meses para auxiliar trabalhadores informais (R$ 200,00 por benefici\u00e1rio) \u00e9 ultrajante. Hoje, essa popula\u00e7\u00e3o representa 40% da for\u00e7a de trabalho no pa\u00eds. Para seguir as recomenda\u00e7\u00f5es internacionais de isolamento social, necess\u00e1rias \u00e0 conten\u00e7\u00e3o do v\u00edrus, elas precisam de assist\u00eancia adequada. Caso isso n\u00e3o ocorra, teremos uma crise humanit\u00e1ria de propor\u00e7\u00f5es inimagin\u00e1veis no Brasil. Esses impactos ser\u00e3o potencializados para mulheres e negras, segmento mais vulner\u00e1vel da popula\u00e7\u00e3o.<\/p>\n<p>N\u00e3o bastasse isso, Bolsonaro publicou na madrugada da \u00faltima 2\u00aa feira (23.mar) a Medida Provis\u00f3ria 927, autorizando empregadores a suspender contratos de trabalho e sal\u00e1rio por at\u00e9 4 meses. Ou seja, o governo n\u00e3o apenas ignora sua obriga\u00e7\u00e3o de apoiar as fam\u00edlias que est\u00e3o na informalidade, como quer liberar as empresas de sua obriga\u00e7\u00e3o mais b\u00e1sica com os trabalhadores, que \u00e9 pagar o sal\u00e1rio. Gra\u00e7as \u00e0 press\u00e3o popular nas redes sociais, o presidente voltou atr\u00e1s, anulando esse artigo da MP, embora preservando outros aspectos problem\u00e1ticos.<\/p>\n<p>J\u00e1 o \u201cpacote\u201d anterior, de R$ 147 bilh\u00f5es, anunciado pelo governo no dia 16 de mar\u00e7o, apenas antecipa a libera\u00e7\u00e3o de recursos que j\u00e1 estavam dispon\u00edveis e n\u00e3o aumenta um centavo de investimento p\u00fablico. As medidas est\u00e3o centradas na libera\u00e7\u00e3o de poupan\u00e7a do trabalhador e no maior endividamento das fam\u00edlias, por meio da amplia\u00e7\u00e3o do cr\u00e9dito. N\u00e3o passam de espuma.<\/p>\n<p>\u00c9 importante destacar que o Brasil, antes da pandemia e da crise global, j\u00e1 estava atravessando um momento de completo caos econ\u00f4mico e social. Uma semana antes da manifesta\u00e7\u00e3o mais aguda da crise internacional, foi anunciado o PIBinho de 1,1% em 2019, frustrando qualquer expectativa de melhora do crescimento econ\u00f4mico e efici\u00eancia das \u201creformas\u201d defendidas por Guedes.<\/p>\n<p>Hoje, o principal mecanismo de combate \u00e0 mis\u00e9ria no Brasil \u00e9 o Programa Bolsa Fam\u00edlia, que est\u00e1 sendo desmontado pelo governo Bolsonaro. De janeiro de 2018 a maio de 2019, a m\u00e9dia mensal de novos benef\u00edcios concedidos era de 261.429. Desde junho, esse n\u00famero caiu drasticamente e corresponde hoje a 5.667. Ou seja, uma diminui\u00e7\u00e3o de mais de 95%.<\/p>\n<p>Diante dos fatos, das experi\u00eancias internacionais e do cen\u00e1rio ca\u00f3tico, o PSOL elaborou uma plataforma de medidas para superar a crise. No total, s\u00e3o 40 propostas. Destaco aqui o Projeto de Lei 698\/20, apresentado esta semana. Ele prev\u00ea, durante o per\u00edodo da crise, a concess\u00e3o de benef\u00edcio mensal de um sal\u00e1rio m\u00ednimo \u00e0s fam\u00edlias em condi\u00e7\u00e3o de vulnerabilidade social. Tamb\u00e9m pro\u00edbe, em caso de inadimpl\u00eancia, a suspens\u00e3o do fornecimento de energia el\u00e9trica e de \u00e1gua, sendo que eventuais d\u00e9bitos acumulados pelos consumidores ser\u00e3o parcelados em, no m\u00ednimo, 36 meses sem juros ou corre\u00e7\u00e3o monet\u00e1ria. Al\u00e9m disso, suspende todos os mandados de reintegra\u00e7\u00e3o de posse; estende o seguro-desemprego; e estabelece tabelamento de pre\u00e7os dos itens necess\u00e1rios para a preven\u00e7\u00e3o \u00e0 Covid-19.<\/p>\n<p>Diante da gravidade do momento, in\u00e9dito na hist\u00f3ria do Brasil, a vida deve vir em primeiro lugar. O consenso liberal em torno da austeridade fiscal e do desmonte do Estado levou a humanidade a riscos inimagin\u00e1veis. No seu lugar, precisamos de um amplo pacto social em defesa do Estado e suas ferramentas de prote\u00e7\u00e3o aos mais vulner\u00e1veis. Se incompet\u00eancia e o fanatismo de Bolsonaro n\u00e3o permitirem que o governo federal tome medidas, fa\u00e7amos n\u00f3s, com nossas m\u00e3os, tudo o que a n\u00f3s nos diz respeito.<\/p>\n<p><strong>Juliano Medeiros<\/strong><br \/>\n<strong>Presidente Nacional do PSOL<\/strong><\/p>\n","protected":false},"excerpt":{"rendered":"<p>Postado originalmente no Poder360 Bolsonaro precisou de um \u201cpanela\u00e7o\u201d nacional\u00a0para come\u00e7ar a perceber que a sobreviv\u00eancia dos brasileiros s\u00f3 \u00e9 motivo de piada para ele. At\u00e9 18 de mar\u00e7o o presidente vinha desprezando os efeitos do coronav\u00edrus na economia e colocando a sa\u00fade p\u00fablica em risco. Ap\u00f3s as rea\u00e7\u00f5es indignadas da sociedade \u00e0 sua incompet\u00eancia [&hellip;]<\/p>\n","protected":false},"author":2,"featured_media":19816,"comment_status":"closed","ping_status":"open","sticky":false,"template":"","format":"standard","meta":{"_acf_changed":false,"footnotes":""},"categories":[3,6],"tags":[266,399,56,86,171,259,400,22],"class_list":{"0":"post-27908","1":"post","2":"type-post","3":"status-publish","4":"format-standard","5":"has-post-thumbnail","7":"category-artigos-e-entrevistas","8":"category-noticias","9":"tag-artigo","10":"tag-austeridade-fiscal","11":"tag-bolsonaro","12":"tag-brasil","13":"tag-coronavirus","14":"tag-juliano-medeiros","15":"tag-neoliberal","16":"tag-psol"},"acf":[],"yoast_head":"<!-- This site is optimized with the Yoast SEO plugin v26.5 - https:\/\/yoast.com\/wordpress\/plugins\/seo\/ -->\n<title>Juliano Medeiros | \u00c9 hora de mudan\u00e7a de rumos - PSOL 50<\/title>\n<meta name=\"description\" content=\"Artigo de Juliano Medeiros mostra como os mitos criados pelo neoliberalismo e pelas teses de \u201causteridade fiscal\u201d se desmancham no ar com a pandemia do novo coronav\u00edrus.\" \/>\n<meta name=\"robots\" content=\"index, follow, max-snippet:-1, max-image-preview:large, max-video-preview:-1\" \/>\n<link rel=\"canonical\" href=\"https:\/\/psol50.org.br\/juliano-medeiros-e-hora-de-mudanca-de-rumos\/\" \/>\n<meta property=\"og:locale\" content=\"pt_BR\" \/>\n<meta property=\"og:type\" content=\"article\" \/>\n<meta property=\"og:title\" content=\"\u00c9 hora de mudan\u00e7a de rumos\" \/>\n<meta property=\"og:description\" content=\"Artigo de Juliano Medeiros mostra como os mitos criados pelo neoliberalismo e pelas teses de \u201causteridade fiscal\u201d se desmancham no ar com a pandemia do novo coronav\u00edrus.\" \/>\n<meta property=\"og:url\" content=\"https:\/\/psol50.org.br\/juliano-medeiros-e-hora-de-mudanca-de-rumos\/\" \/>\n<meta property=\"og:site_name\" content=\"PSOL 50\" \/>\n<meta property=\"article:publisher\" content=\"https:\/\/www.facebook.com\/psol50\" \/>\n<meta property=\"article:published_time\" content=\"2020-03-24T14:46:06+00:00\" \/>\n<meta property=\"og:image\" content=\"https:\/\/psol50.org.br\/inc\/uploads\/2018\/02\/Juliano_Ato_Camara_Previdencia_b.jpg\" \/>\n\t<meta property=\"og:image:width\" content=\"1280\" \/>\n\t<meta property=\"og:image:height\" content=\"853\" \/>\n\t<meta property=\"og:image:type\" content=\"image\/jpeg\" \/>\n<meta name=\"author\" content=\"Comunica\u00e7\u00e3o PSOL\" \/>\n<meta name=\"twitter:card\" content=\"summary_large_image\" \/>\n<meta name=\"twitter:title\" content=\"\u00c9 hora de mudan\u00e7a de rumos\" \/>\n<meta name=\"twitter:description\" content=\"Artigo de Juliano Medeiros mostra como os mitos criados pelo neoliberalismo e pelas teses de \u201causteridade fiscal\u201d se desmancham no ar com a pandemia do novo coronav\u00edrus.\" \/>\n<meta name=\"twitter:image\" content=\"https:\/\/psol50.org.br\/inc\/uploads\/2018\/02\/Juliano_Ato_Camara_Previdencia_b.jpg\" \/>\n<meta name=\"twitter:creator\" content=\"@psol50\" \/>\n<meta name=\"twitter:site\" content=\"@psol50\" \/>\n<meta name=\"twitter:label1\" content=\"Escrito por\" \/>\n\t<meta name=\"twitter:data1\" content=\"Comunica\u00e7\u00e3o PSOL\" \/>\n\t<meta name=\"twitter:label2\" content=\"Est. tempo de leitura\" \/>\n\t<meta name=\"twitter:data2\" content=\"4 minutos\" \/>\n<script type=\"application\/ld+json\" class=\"yoast-schema-graph\">{\"@context\":\"https:\/\/schema.org\",\"@graph\":[{\"@type\":\"Article\",\"@id\":\"https:\/\/psol50.org.br\/juliano-medeiros-e-hora-de-mudanca-de-rumos\/#article\",\"isPartOf\":{\"@id\":\"https:\/\/psol50.org.br\/juliano-medeiros-e-hora-de-mudanca-de-rumos\/\"},\"author\":{\"name\":\"Comunica\u00e7\u00e3o PSOL\",\"@id\":\"https:\/\/psol50.org.br\/#\/schema\/person\/475dfa57d0b815993c714c2e96491fcd\"},\"headline\":\"Juliano Medeiros | \u00c9 hora de mudan\u00e7a de rumos\",\"datePublished\":\"2020-03-24T14:46:06+00:00\",\"mainEntityOfPage\":{\"@id\":\"https:\/\/psol50.org.br\/juliano-medeiros-e-hora-de-mudanca-de-rumos\/\"},\"wordCount\":788,\"publisher\":{\"@id\":\"https:\/\/psol50.org.br\/#organization\"},\"image\":{\"@id\":\"https:\/\/psol50.org.br\/juliano-medeiros-e-hora-de-mudanca-de-rumos\/#primaryimage\"},\"thumbnailUrl\":\"https:\/\/psol50.org.br\/inc\/uploads\/2018\/02\/Juliano_Ato_Camara_Previdencia_b.jpg\",\"keywords\":[\"artigo\",\"austeridade fiscal\",\"Bolsonaro\",\"Brasil\",\"coronav\u00edrus\",\"Juliano Medeiros\",\"neoliberal\",\"PSOL\"],\"articleSection\":[\"Artigos\",\"Not\u00edcias\"],\"inLanguage\":\"pt-BR\"},{\"@type\":\"WebPage\",\"@id\":\"https:\/\/psol50.org.br\/juliano-medeiros-e-hora-de-mudanca-de-rumos\/\",\"url\":\"https:\/\/psol50.org.br\/juliano-medeiros-e-hora-de-mudanca-de-rumos\/\",\"name\":\"Juliano Medeiros | \u00c9 hora de mudan\u00e7a de rumos - PSOL 50\",\"isPartOf\":{\"@id\":\"https:\/\/psol50.org.br\/#website\"},\"primaryImageOfPage\":{\"@id\":\"https:\/\/psol50.org.br\/juliano-medeiros-e-hora-de-mudanca-de-rumos\/#primaryimage\"},\"image\":{\"@id\":\"https:\/\/psol50.org.br\/juliano-medeiros-e-hora-de-mudanca-de-rumos\/#primaryimage\"},\"thumbnailUrl\":\"https:\/\/psol50.org.br\/inc\/uploads\/2018\/02\/Juliano_Ato_Camara_Previdencia_b.jpg\",\"datePublished\":\"2020-03-24T14:46:06+00:00\",\"description\":\"Artigo de Juliano Medeiros mostra como os mitos criados pelo neoliberalismo e pelas teses de \u201causteridade fiscal\u201d se desmancham no ar com a pandemia do novo coronav\u00edrus.\",\"breadcrumb\":{\"@id\":\"https:\/\/psol50.org.br\/juliano-medeiros-e-hora-de-mudanca-de-rumos\/#breadcrumb\"},\"inLanguage\":\"pt-BR\",\"potentialAction\":[{\"@type\":\"ReadAction\",\"target\":[\"https:\/\/psol50.org.br\/juliano-medeiros-e-hora-de-mudanca-de-rumos\/\"]}]},{\"@type\":\"ImageObject\",\"inLanguage\":\"pt-BR\",\"@id\":\"https:\/\/psol50.org.br\/juliano-medeiros-e-hora-de-mudanca-de-rumos\/#primaryimage\",\"url\":\"https:\/\/psol50.org.br\/inc\/uploads\/2018\/02\/Juliano_Ato_Camara_Previdencia_b.jpg\",\"contentUrl\":\"https:\/\/psol50.org.br\/inc\/uploads\/2018\/02\/Juliano_Ato_Camara_Previdencia_b.jpg\",\"width\":1280,\"height\":853},{\"@type\":\"BreadcrumbList\",\"@id\":\"https:\/\/psol50.org.br\/juliano-medeiros-e-hora-de-mudanca-de-rumos\/#breadcrumb\",\"itemListElement\":[{\"@type\":\"ListItem\",\"position\":1,\"name\":\"In\u00edcio\",\"item\":\"https:\/\/psol50.org.br\/\"},{\"@type\":\"ListItem\",\"position\":2,\"name\":\"Juliano Medeiros | \u00c9 hora de mudan\u00e7a de rumos\"}]},{\"@type\":\"WebSite\",\"@id\":\"https:\/\/psol50.org.br\/#website\",\"url\":\"https:\/\/psol50.org.br\/\",\"name\":\"PSOL 50\",\"description\":\"Site oficial do Partido Socialismo e Liberdade\",\"publisher\":{\"@id\":\"https:\/\/psol50.org.br\/#organization\"},\"alternateName\":\"PSOL50\",\"potentialAction\":[{\"@type\":\"SearchAction\",\"target\":{\"@type\":\"EntryPoint\",\"urlTemplate\":\"https:\/\/psol50.org.br\/?s={search_term_string}\"},\"query-input\":{\"@type\":\"PropertyValueSpecification\",\"valueRequired\":true,\"valueName\":\"search_term_string\"}}],\"inLanguage\":\"pt-BR\"},{\"@type\":\"Organization\",\"@id\":\"https:\/\/psol50.org.br\/#organization\",\"name\":\"PSOL 50\",\"alternateName\":\"PSOL 50\",\"url\":\"https:\/\/psol50.org.br\/\",\"logo\":{\"@type\":\"ImageObject\",\"inLanguage\":\"pt-BR\",\"@id\":\"https:\/\/psol50.org.br\/#\/schema\/logo\/image\/\",\"url\":\"https:\/\/psol50.org.br\/inc\/uploads\/2018\/07\/capa.png\",\"contentUrl\":\"https:\/\/psol50.org.br\/inc\/uploads\/2018\/07\/capa.png\",\"width\":1350,\"height\":900,\"caption\":\"PSOL 50\"},\"image\":{\"@id\":\"https:\/\/psol50.org.br\/#\/schema\/logo\/image\/\"},\"sameAs\":[\"https:\/\/www.facebook.com\/psol50\",\"https:\/\/x.com\/psol50\",\"https:\/\/www.instagram.com\/psol50\/\",\"https:\/\/www.youtube.com\/channel\/UC7SnJS5o1os7a6CaiNabzcg\"]},{\"@type\":\"Person\",\"@id\":\"https:\/\/psol50.org.br\/#\/schema\/person\/475dfa57d0b815993c714c2e96491fcd\",\"name\":\"Comunica\u00e7\u00e3o PSOL\",\"image\":{\"@type\":\"ImageObject\",\"inLanguage\":\"pt-BR\",\"@id\":\"https:\/\/psol50.org.br\/#\/schema\/person\/image\/\",\"url\":\"https:\/\/secure.gravatar.com\/avatar\/b34fc4f4e468a4e51785917065a3db57b841f5c95dba6ad8c73aaf8f66f8f9bf?s=96&d=mm&r=g\",\"contentUrl\":\"https:\/\/secure.gravatar.com\/avatar\/b34fc4f4e468a4e51785917065a3db57b841f5c95dba6ad8c73aaf8f66f8f9bf?s=96&d=mm&r=g\",\"caption\":\"Comunica\u00e7\u00e3o PSOL\"}}]}<\/script>\n<!-- \/ Yoast SEO plugin. -->","yoast_head_json":{"title":"Juliano Medeiros | \u00c9 hora de mudan\u00e7a de rumos - PSOL 50","description":"Artigo de Juliano Medeiros mostra como os mitos criados pelo neoliberalismo e pelas teses de \u201causteridade fiscal\u201d se desmancham no ar com a pandemia do novo coronav\u00edrus.","robots":{"index":"index","follow":"follow","max-snippet":"max-snippet:-1","max-image-preview":"max-image-preview:large","max-video-preview":"max-video-preview:-1"},"canonical":"https:\/\/psol50.org.br\/juliano-medeiros-e-hora-de-mudanca-de-rumos\/","og_locale":"pt_BR","og_type":"article","og_title":"\u00c9 hora de mudan\u00e7a de rumos","og_description":"Artigo de Juliano Medeiros mostra como os mitos criados pelo neoliberalismo e pelas teses de \u201causteridade fiscal\u201d se desmancham no ar com a pandemia do novo coronav\u00edrus.","og_url":"https:\/\/psol50.org.br\/juliano-medeiros-e-hora-de-mudanca-de-rumos\/","og_site_name":"PSOL 50","article_publisher":"https:\/\/www.facebook.com\/psol50","article_published_time":"2020-03-24T14:46:06+00:00","og_image":[{"width":1280,"height":853,"url":"https:\/\/psol50.org.br\/inc\/uploads\/2018\/02\/Juliano_Ato_Camara_Previdencia_b.jpg","type":"image\/jpeg"}],"author":"Comunica\u00e7\u00e3o PSOL","twitter_card":"summary_large_image","twitter_title":"\u00c9 hora de mudan\u00e7a de rumos","twitter_description":"Artigo de Juliano Medeiros mostra como os mitos criados pelo neoliberalismo e pelas teses de \u201causteridade fiscal\u201d se desmancham no ar com a pandemia do novo coronav\u00edrus.","twitter_image":"https:\/\/psol50.org.br\/inc\/uploads\/2018\/02\/Juliano_Ato_Camara_Previdencia_b.jpg","twitter_creator":"@psol50","twitter_site":"@psol50","twitter_misc":{"Escrito por":"Comunica\u00e7\u00e3o PSOL","Est. tempo de leitura":"4 minutos"},"schema":{"@context":"https:\/\/schema.org","@graph":[{"@type":"Article","@id":"https:\/\/psol50.org.br\/juliano-medeiros-e-hora-de-mudanca-de-rumos\/#article","isPartOf":{"@id":"https:\/\/psol50.org.br\/juliano-medeiros-e-hora-de-mudanca-de-rumos\/"},"author":{"name":"Comunica\u00e7\u00e3o PSOL","@id":"https:\/\/psol50.org.br\/#\/schema\/person\/475dfa57d0b815993c714c2e96491fcd"},"headline":"Juliano Medeiros | \u00c9 hora de mudan\u00e7a de rumos","datePublished":"2020-03-24T14:46:06+00:00","mainEntityOfPage":{"@id":"https:\/\/psol50.org.br\/juliano-medeiros-e-hora-de-mudanca-de-rumos\/"},"wordCount":788,"publisher":{"@id":"https:\/\/psol50.org.br\/#organization"},"image":{"@id":"https:\/\/psol50.org.br\/juliano-medeiros-e-hora-de-mudanca-de-rumos\/#primaryimage"},"thumbnailUrl":"https:\/\/psol50.org.br\/inc\/uploads\/2018\/02\/Juliano_Ato_Camara_Previdencia_b.jpg","keywords":["artigo","austeridade fiscal","Bolsonaro","Brasil","coronav\u00edrus","Juliano Medeiros","neoliberal","PSOL"],"articleSection":["Artigos","Not\u00edcias"],"inLanguage":"pt-BR"},{"@type":"WebPage","@id":"https:\/\/psol50.org.br\/juliano-medeiros-e-hora-de-mudanca-de-rumos\/","url":"https:\/\/psol50.org.br\/juliano-medeiros-e-hora-de-mudanca-de-rumos\/","name":"Juliano Medeiros | \u00c9 hora de mudan\u00e7a de rumos - PSOL 50","isPartOf":{"@id":"https:\/\/psol50.org.br\/#website"},"primaryImageOfPage":{"@id":"https:\/\/psol50.org.br\/juliano-medeiros-e-hora-de-mudanca-de-rumos\/#primaryimage"},"image":{"@id":"https:\/\/psol50.org.br\/juliano-medeiros-e-hora-de-mudanca-de-rumos\/#primaryimage"},"thumbnailUrl":"https:\/\/psol50.org.br\/inc\/uploads\/2018\/02\/Juliano_Ato_Camara_Previdencia_b.jpg","datePublished":"2020-03-24T14:46:06+00:00","description":"Artigo de Juliano Medeiros mostra como os mitos criados pelo neoliberalismo e pelas teses de \u201causteridade fiscal\u201d se desmancham no ar com a pandemia do novo coronav\u00edrus.","breadcrumb":{"@id":"https:\/\/psol50.org.br\/juliano-medeiros-e-hora-de-mudanca-de-rumos\/#breadcrumb"},"inLanguage":"pt-BR","potentialAction":[{"@type":"ReadAction","target":["https:\/\/psol50.org.br\/juliano-medeiros-e-hora-de-mudanca-de-rumos\/"]}]},{"@type":"ImageObject","inLanguage":"pt-BR","@id":"https:\/\/psol50.org.br\/juliano-medeiros-e-hora-de-mudanca-de-rumos\/#primaryimage","url":"https:\/\/psol50.org.br\/inc\/uploads\/2018\/02\/Juliano_Ato_Camara_Previdencia_b.jpg","contentUrl":"https:\/\/psol50.org.br\/inc\/uploads\/2018\/02\/Juliano_Ato_Camara_Previdencia_b.jpg","width":1280,"height":853},{"@type":"BreadcrumbList","@id":"https:\/\/psol50.org.br\/juliano-medeiros-e-hora-de-mudanca-de-rumos\/#breadcrumb","itemListElement":[{"@type":"ListItem","position":1,"name":"In\u00edcio","item":"https:\/\/psol50.org.br\/"},{"@type":"ListItem","position":2,"name":"Juliano Medeiros | \u00c9 hora de mudan\u00e7a de rumos"}]},{"@type":"WebSite","@id":"https:\/\/psol50.org.br\/#website","url":"https:\/\/psol50.org.br\/","name":"PSOL 50","description":"Site oficial do Partido Socialismo e Liberdade","publisher":{"@id":"https:\/\/psol50.org.br\/#organization"},"alternateName":"PSOL50","potentialAction":[{"@type":"SearchAction","target":{"@type":"EntryPoint","urlTemplate":"https:\/\/psol50.org.br\/?s={search_term_string}"},"query-input":{"@type":"PropertyValueSpecification","valueRequired":true,"valueName":"search_term_string"}}],"inLanguage":"pt-BR"},{"@type":"Organization","@id":"https:\/\/psol50.org.br\/#organization","name":"PSOL 50","alternateName":"PSOL 50","url":"https:\/\/psol50.org.br\/","logo":{"@type":"ImageObject","inLanguage":"pt-BR","@id":"https:\/\/psol50.org.br\/#\/schema\/logo\/image\/","url":"https:\/\/psol50.org.br\/inc\/uploads\/2018\/07\/capa.png","contentUrl":"https:\/\/psol50.org.br\/inc\/uploads\/2018\/07\/capa.png","width":1350,"height":900,"caption":"PSOL 50"},"image":{"@id":"https:\/\/psol50.org.br\/#\/schema\/logo\/image\/"},"sameAs":["https:\/\/www.facebook.com\/psol50","https:\/\/x.com\/psol50","https:\/\/www.instagram.com\/psol50\/","https:\/\/www.youtube.com\/channel\/UC7SnJS5o1os7a6CaiNabzcg"]},{"@type":"Person","@id":"https:\/\/psol50.org.br\/#\/schema\/person\/475dfa57d0b815993c714c2e96491fcd","name":"Comunica\u00e7\u00e3o PSOL","image":{"@type":"ImageObject","inLanguage":"pt-BR","@id":"https:\/\/psol50.org.br\/#\/schema\/person\/image\/","url":"https:\/\/secure.gravatar.com\/avatar\/b34fc4f4e468a4e51785917065a3db57b841f5c95dba6ad8c73aaf8f66f8f9bf?s=96&d=mm&r=g","contentUrl":"https:\/\/secure.gravatar.com\/avatar\/b34fc4f4e468a4e51785917065a3db57b841f5c95dba6ad8c73aaf8f66f8f9bf?s=96&d=mm&r=g","caption":"Comunica\u00e7\u00e3o PSOL"}}]}},"_links":{"self":[{"href":"https:\/\/psol50.org.br\/rest\/wp\/v2\/posts\/27908","targetHints":{"allow":["GET"]}}],"collection":[{"href":"https:\/\/psol50.org.br\/rest\/wp\/v2\/posts"}],"about":[{"href":"https:\/\/psol50.org.br\/rest\/wp\/v2\/types\/post"}],"author":[{"embeddable":true,"href":"https:\/\/psol50.org.br\/rest\/wp\/v2\/users\/2"}],"replies":[{"embeddable":true,"href":"https:\/\/psol50.org.br\/rest\/wp\/v2\/comments?post=27908"}],"version-history":[{"count":0,"href":"https:\/\/psol50.org.br\/rest\/wp\/v2\/posts\/27908\/revisions"}],"wp:featuredmedia":[{"embeddable":true,"href":"https:\/\/psol50.org.br\/rest\/wp\/v2\/media\/19816"}],"wp:attachment":[{"href":"https:\/\/psol50.org.br\/rest\/wp\/v2\/media?parent=27908"}],"wp:term":[{"taxonomy":"category","embeddable":true,"href":"https:\/\/psol50.org.br\/rest\/wp\/v2\/categories?post=27908"},{"taxonomy":"post_tag","embeddable":true,"href":"https:\/\/psol50.org.br\/rest\/wp\/v2\/tags?post=27908"}],"curies":[{"name":"wp","href":"https:\/\/api.w.org\/{rel}","templated":true}]}}