{"id":27915,"date":"2020-03-25T11:07:03","date_gmt":"2020-03-25T14:07:03","guid":{"rendered":"https:\/\/psol50.org.br\/?p=27915"},"modified":"2020-03-25T11:07:03","modified_gmt":"2020-03-25T14:07:03","slug":"bolsonaro-nao-apresenta-e-psol-cobra-plano-de-protecao-aos-povos-indigenas-durante-pandemia-de-coronavirus","status":"publish","type":"post","link":"https:\/\/psol50.org.br\/bolsonaro-nao-apresenta-e-psol-cobra-plano-de-protecao-aos-povos-indigenas-durante-pandemia-de-coronavirus\/","title":{"rendered":"Bolsonaro n\u00e3o apresenta, e PSOL cobra plano de prote\u00e7\u00e3o aos povos ind\u00edgenas durante pandemia de coronav\u00edrus"},"content":{"rendered":"<p><a href=\"https:\/\/psol50.org.br\/coronavirus\/\"><img loading=\"lazy\" decoding=\"async\" class=\"alignnone size-full wp-image-27838\" src=\"https:\/\/psol50.org.br\/inc\/uploads\/2020\/03\/Banner-Site_3.png\" alt=\"\" width=\"1240\" height=\"331\" srcset=\"https:\/\/psol50.org.br\/inc\/uploads\/2020\/03\/Banner-Site_3.png 1240w, https:\/\/psol50.org.br\/inc\/uploads\/2020\/03\/Banner-Site_3-300x80.png 300w, https:\/\/psol50.org.br\/inc\/uploads\/2020\/03\/Banner-Site_3-1024x273.png 1024w, https:\/\/psol50.org.br\/inc\/uploads\/2020\/03\/Banner-Site_3-768x205.png 768w, https:\/\/psol50.org.br\/inc\/uploads\/2020\/03\/Banner-Site_3-150x40.png 150w, https:\/\/psol50.org.br\/inc\/uploads\/2020\/03\/Banner-Site_3-696x186.png 696w, https:\/\/psol50.org.br\/inc\/uploads\/2020\/03\/Banner-Site_3-1068x285.png 1068w\" sizes=\"auto, (max-width: 1240px) 100vw, 1240px\" \/><\/a><\/p>\n<p>A bancada do PSOL na C\u00e2mara dos Deputados enviou, na \u00faltima ter\u00e7a-feira (24), um requerimento de informa\u00e7\u00f5es ao Minist\u00e9rio da Sa\u00fade do governo Jair Bolsonaro para que as autoridades se pronunciem se existe algum plano de preven\u00e7\u00e3o e prote\u00e7\u00e3o \u00e0 popula\u00e7\u00e3o ind\u00edgena durante esta pandemia do novo coronav\u00edrus.<\/p>\n<p>Segundo alerta da Associa\u00e7\u00e3o Brasileira de Sa\u00fade Coletiva (ABRASCO), experi\u00eancias anteriores mostram que &#8220;doen\u00e7as infecciosas introduzidas em grupos ind\u00edgenas tendem a se espalhar rapidamente e atingir grande parte dessas popula\u00e7\u00f5es, com manifesta\u00e7\u00f5es graves em crian\u00e7as e idosos&#8221;.<\/p>\n<p>&#8220;Considerando esse cen\u00e1rio, a preocupa\u00e7\u00e3o redobra quando se trata de povos ind\u00edgenas, a chegada da epidemia do novo coronav\u00edrus nos territ\u00f3rios ind\u00edgenas e suas potenciais consequ\u00eancias para as fam\u00edlias que ali vivem&#8221;, diz o requerimento do PSOL sobre a preocupa\u00e7\u00e3o da chegada da pandemia a essas popula\u00e7\u00f5es mais vulner\u00e1veis.<\/p>\n<h5><strong>Veja na \u00edntegra as perguntas feitas pelo Psol ao Minist\u00e9rio da Sa\u00fade<\/strong><\/h5>\n<ol>\n<li>Como a Secretaria Especial de Sa\u00fade Ind\u00edgena\/SESAI esta planejando agilidade para confirma\u00e7\u00f5es dos casos sorol\u00f3gicos suspeitos, tendo em vista que as Aldeias, p\u00f3los base e Dseis n\u00e3o possuem teste r\u00e1pido para detec\u00e7\u00e3o do coronav\u00edrus. H\u00e1 planejamento para disponibilizar teste r\u00e1pido e em car\u00e1ter de urg\u00eancia nas unidades b\u00e1sicas de sa\u00fade ind\u00edgena dentro dos territ\u00f3rios? Quais estrat\u00e9gias da equipe multidisciplinar de sa\u00fade ind\u00edgena\/EMSI para monitoramento dos casos suspeito e dos sintom\u00e1ticos respirat\u00f3rios para agregar essas informa\u00e7\u00f5es no banco de dados da vigil\u00e2ncia?<\/li>\n<li>De acordo com algumas lideran\u00e7as ind\u00edgenas, o Plano de Conting\u00eancia da Sesai \u00e9 ainda muito controverso. Recomenda a vigil\u00e2ncia fronteiri\u00e7a, tradu\u00e7\u00f5es para l\u00edngua ind\u00edgena de materiais informativos e garantia de estoque de produtos laboratoriais para o diagn\u00f3stico da Covid-19, mas n\u00e3o oferece mecanismos para que os profissionais de sa\u00fade ind\u00edgena tenham acesso a estas a\u00e7\u00f5es. Como a Secretaria de Sa\u00fade Ind\u00edgena visa sanar essa falta de mecanismo para os profissionais?<\/li>\n<li>Considerando que as popula\u00e7\u00f5es ind\u00edgenas t\u00eam defici\u00eancias no acesso ao sistema de sa\u00fade, seja por morarem em locais mais distantes, demandando maior agilidade nas respostas e recursos para garantir o deslocamento em busca de unidades de interna\u00e7\u00e3o, localizadas nas cidades; ainda, que muitos territ\u00f3rios ind\u00edgenas est\u00e3o pr\u00f3ximos de pequenas cidades com prec\u00e1ria estrutura de servi\u00e7os de sa\u00fade, havendo pouca acessibilidade a hospitais especializados e servi\u00e7os de UTI, dificultando o tratamento de casos graves do coronav\u00edrus; Caso a contamina\u00e7\u00e3o por coronav\u00edrus se consolide como realidade nos territ\u00f3rios ind\u00edgenas, quais provid\u00eancias est\u00e3o sendo tomadas por este Minist\u00e9rio no sentido de se garantir aos povos o acesso \u00e0 sa\u00fade?<\/li>\n<li>Os povos sempre foram considerados grupos priorit\u00e1rios para vacina\u00e7\u00e3o anual contra influenza. No entanto, com a antecipa\u00e7\u00e3o da vacina\u00e7\u00e3o contra influenza no pa\u00eds para reduzir a circula\u00e7\u00e3o conjunta do coronav\u00edrus com o v\u00edrus da gripe e outros v\u00edrus respirat\u00f3rios, a vacina\u00e7\u00e3o contra gripe para os ind\u00edgenas est\u00e1 planejada somente para o m\u00eas de maio, momento em que est\u00e1 previsto o pico da doen\u00e7a pelo novo coronav\u00edrus. O que justifica a altera\u00e7\u00e3o no protocolo para excluir ind\u00edgenas do grupo dos mais vulner\u00e1veis \u00e0 gripe?<\/li>\n<li>Qual a previs\u00e3o e planejamento para dota\u00e7\u00e3o or\u00e7amentaria adicional, para o subsistema de sa\u00fade ind\u00edgena (Secretaria Especial de Sa\u00fade Ind\u00edgena \u2013 SESAI, Distritos Sanit\u00e1rios Especiais Ind\u00edgenas \u2013 DSEIs, e as Casas de Sa\u00fade Ind\u00edgena \u2013 CASAIs), recondicionando-as aos novos tempos da pandemia do coronav\u00edrus?Solicitamos o compartilhamento dos documentos que comprovem a previs\u00e3o ou realoca\u00e7\u00e3o dos recursos.<\/li>\n<li>A Secretaria Especial de Sa\u00fade\/SESAI, entre as suas atribui\u00e7\u00f5es, inclui a organiza\u00e7\u00e3o de a\u00e7\u00f5es primaria e a\u00e7\u00f5es do saneamento. Considerando que a secretaria \u00e9 respons\u00e1vel pela preven\u00e7\u00e3o do coronav\u00edrus e que a preven\u00e7\u00e3o, segundo o Minist\u00e9rio da Sa\u00fade e a Organiza\u00e7\u00e3o Mundial da Sa\u00fade, pressup\u00f5e o refor\u00e7o da higieniza\u00e7\u00e3o, como lavagem de m\u00e3o, corpos, objetos e a coleta com frequ\u00eancia de lixo e res\u00edduos contaminados, assim como o fortalecimento das a\u00e7\u00f5es de saneamentos b\u00e1sicos e fornecimento de \u00e1gua pot\u00e1vel: Quais a\u00e7\u00f5es e recursos est\u00e3o sendo disponibilizados para fortalecimento do saneamento b\u00e1sicos pela SESAI?<\/li>\n<li>Considerando a diversidade lingu\u00edstica dos povos ind\u00edgenas do Brasil, como a secretaria esta planejando e executando a dissemina\u00e7\u00e3o das informa\u00e7\u00f5es de preven\u00e7\u00e3o ao novo coronav\u00edrus, individual e coletiva nas comunidades, considerando a diversidade lingu\u00edsticas e a diversidade dos modos de vida na elabora\u00e7\u00e3o e na produ\u00e7\u00e3o dos materiais?<\/li>\n<li>De que forma os Agentes Ind\u00edgenas de Saneamento- AISAN est\u00e3o inseridos no planejamento e na execu\u00e7\u00e3o das a\u00e7\u00f5es do plano de conting\u00eancia ao novo coronav\u00edrus? Bem como, como est\u00e3o sendo treinados e qualificados para atuar na orienta\u00e7\u00e3o de higieniza\u00e7\u00e3o das pessoas e dos objetos de uso cotidiano dentro das aldeias?<\/li>\n<\/ol>\n","protected":false},"excerpt":{"rendered":"<p>A bancada do PSOL na C\u00e2mara dos Deputados enviou, na \u00faltima ter\u00e7a-feira (24), um requerimento de informa\u00e7\u00f5es ao Minist\u00e9rio da Sa\u00fade do governo Jair Bolsonaro para que as autoridades se pronunciem se existe algum plano de preven\u00e7\u00e3o e prote\u00e7\u00e3o \u00e0 popula\u00e7\u00e3o ind\u00edgena durante esta pandemia do novo coronav\u00edrus. Segundo alerta da Associa\u00e7\u00e3o Brasileira de Sa\u00fade [&hellip;]<\/p>\n","protected":false},"author":2,"featured_media":27917,"comment_status":"closed","ping_status":"open","sticky":false,"template":"","format":"standard","meta":{"_acf_changed":false,"footnotes":""},"categories":[10,6],"tags":[56,171,12,367,22,366,173],"class_list":{"0":"post-27915","1":"post","2":"type-post","3":"status-publish","4":"format-standard","5":"has-post-thumbnail","7":"category-acao-parlamentares","8":"category-noticias","9":"tag-bolsonaro","10":"tag-coronavirus","11":"tag-indigenas","12":"tag-pandemia","13":"tag-psol","14":"tag-psolcontraocoronavirus","15":"tag-saude"},"acf":[],"yoast_head":"<!-- This site is optimized with the Yoast SEO plugin v26.5 - https:\/\/yoast.com\/wordpress\/plugins\/seo\/ -->\n<title>Bolsonaro n\u00e3o apresenta, e PSOL cobra plano de prote\u00e7\u00e3o aos povos ind\u00edgenas durante pandemia de coronav\u00edrus - PSOL 50<\/title>\n<meta name=\"description\" content=\"Segundo alerta da ABRASCO, experi\u00eancias anteriores mostram que doen\u00e7as infecciosas introduzidas em grupos ind\u00edgenas tendem a se espalhar rapidamente.\" \/>\n<meta name=\"robots\" content=\"index, follow, max-snippet:-1, max-image-preview:large, max-video-preview:-1\" \/>\n<link rel=\"canonical\" href=\"https:\/\/psol50.org.br\/bolsonaro-nao-apresenta-e-psol-cobra-plano-de-protecao-aos-povos-indigenas-durante-pandemia-de-coronavirus\/\" \/>\n<meta property=\"og:locale\" content=\"pt_BR\" \/>\n<meta property=\"og:type\" content=\"article\" \/>\n<meta property=\"og:title\" content=\"Bolsonaro n\u00e3o apresenta, e PSOL cobra plano de prote\u00e7\u00e3o aos povos ind\u00edgenas durante pandemia de coronav\u00edrus\" \/>\n<meta property=\"og:description\" content=\"Segundo alerta da ABRASCO, experi\u00eancias anteriores mostram que doen\u00e7as infecciosas introduzidas em grupos ind\u00edgenas tendem a se espalhar rapidamente.\" \/>\n<meta property=\"og:url\" content=\"https:\/\/psol50.org.br\/bolsonaro-nao-apresenta-e-psol-cobra-plano-de-protecao-aos-povos-indigenas-durante-pandemia-de-coronavirus\/\" \/>\n<meta property=\"og:site_name\" content=\"PSOL 50\" \/>\n<meta property=\"article:publisher\" content=\"https:\/\/www.facebook.com\/psol50\" \/>\n<meta property=\"article:published_time\" content=\"2020-03-25T14:07:03+00:00\" \/>\n<meta property=\"og:image\" content=\"https:\/\/psol50.org.br\/inc\/uploads\/2020\/03\/indigenas.png\" \/>\n\t<meta property=\"og:image:width\" content=\"1017\" \/>\n\t<meta property=\"og:image:height\" content=\"501\" \/>\n\t<meta property=\"og:image:type\" content=\"image\/png\" \/>\n<meta name=\"author\" content=\"Comunica\u00e7\u00e3o PSOL\" \/>\n<meta name=\"twitter:card\" content=\"summary_large_image\" \/>\n<meta name=\"twitter:title\" content=\"Bolsonaro n\u00e3o apresenta, e PSOL cobra plano de prote\u00e7\u00e3o aos povos ind\u00edgenas durante pandemia de coronav\u00edrus\" \/>\n<meta name=\"twitter:description\" content=\"Segundo alerta da ABRASCO, experi\u00eancias anteriores mostram que doen\u00e7as infecciosas introduzidas em grupos ind\u00edgenas tendem a se espalhar rapidamente.\" \/>\n<meta name=\"twitter:image\" content=\"https:\/\/psol50.org.br\/inc\/uploads\/2020\/03\/indigenas.png\" \/>\n<meta name=\"twitter:creator\" content=\"@psol50\" \/>\n<meta name=\"twitter:site\" content=\"@psol50\" \/>\n<meta name=\"twitter:label1\" content=\"Escrito por\" \/>\n\t<meta name=\"twitter:data1\" content=\"Comunica\u00e7\u00e3o PSOL\" \/>\n\t<meta name=\"twitter:label2\" content=\"Est. tempo de leitura\" \/>\n\t<meta name=\"twitter:data2\" content=\"4 minutos\" \/>\n<script type=\"application\/ld+json\" class=\"yoast-schema-graph\">{\"@context\":\"https:\/\/schema.org\",\"@graph\":[{\"@type\":\"Article\",\"@id\":\"https:\/\/psol50.org.br\/bolsonaro-nao-apresenta-e-psol-cobra-plano-de-protecao-aos-povos-indigenas-durante-pandemia-de-coronavirus\/#article\",\"isPartOf\":{\"@id\":\"https:\/\/psol50.org.br\/bolsonaro-nao-apresenta-e-psol-cobra-plano-de-protecao-aos-povos-indigenas-durante-pandemia-de-coronavirus\/\"},\"author\":{\"name\":\"Comunica\u00e7\u00e3o PSOL\",\"@id\":\"https:\/\/psol50.org.br\/#\/schema\/person\/475dfa57d0b815993c714c2e96491fcd\"},\"headline\":\"Bolsonaro n\u00e3o apresenta, e PSOL cobra plano de prote\u00e7\u00e3o aos povos ind\u00edgenas durante pandemia de coronav\u00edrus\",\"datePublished\":\"2020-03-25T14:07:03+00:00\",\"mainEntityOfPage\":{\"@id\":\"https:\/\/psol50.org.br\/bolsonaro-nao-apresenta-e-psol-cobra-plano-de-protecao-aos-povos-indigenas-durante-pandemia-de-coronavirus\/\"},\"wordCount\":915,\"publisher\":{\"@id\":\"https:\/\/psol50.org.br\/#organization\"},\"image\":{\"@id\":\"https:\/\/psol50.org.br\/bolsonaro-nao-apresenta-e-psol-cobra-plano-de-protecao-aos-povos-indigenas-durante-pandemia-de-coronavirus\/#primaryimage\"},\"thumbnailUrl\":\"https:\/\/psol50.org.br\/inc\/uploads\/2020\/03\/indigenas.png\",\"keywords\":[\"Bolsonaro\",\"coronav\u00edrus\",\"Ind\u00edgenas\",\"pandemia\",\"PSOL\",\"psolcontraocoronavirus\",\"sa\u00fade\"],\"articleSection\":[\"A\u00e7\u00e3o Parlamentar\",\"Not\u00edcias\"],\"inLanguage\":\"pt-BR\"},{\"@type\":\"WebPage\",\"@id\":\"https:\/\/psol50.org.br\/bolsonaro-nao-apresenta-e-psol-cobra-plano-de-protecao-aos-povos-indigenas-durante-pandemia-de-coronavirus\/\",\"url\":\"https:\/\/psol50.org.br\/bolsonaro-nao-apresenta-e-psol-cobra-plano-de-protecao-aos-povos-indigenas-durante-pandemia-de-coronavirus\/\",\"name\":\"Bolsonaro n\u00e3o apresenta, e PSOL cobra plano de prote\u00e7\u00e3o aos povos ind\u00edgenas durante pandemia de coronav\u00edrus - PSOL 50\",\"isPartOf\":{\"@id\":\"https:\/\/psol50.org.br\/#website\"},\"primaryImageOfPage\":{\"@id\":\"https:\/\/psol50.org.br\/bolsonaro-nao-apresenta-e-psol-cobra-plano-de-protecao-aos-povos-indigenas-durante-pandemia-de-coronavirus\/#primaryimage\"},\"image\":{\"@id\":\"https:\/\/psol50.org.br\/bolsonaro-nao-apresenta-e-psol-cobra-plano-de-protecao-aos-povos-indigenas-durante-pandemia-de-coronavirus\/#primaryimage\"},\"thumbnailUrl\":\"https:\/\/psol50.org.br\/inc\/uploads\/2020\/03\/indigenas.png\",\"datePublished\":\"2020-03-25T14:07:03+00:00\",\"description\":\"Segundo alerta da ABRASCO, experi\u00eancias anteriores mostram que doen\u00e7as infecciosas introduzidas em grupos ind\u00edgenas tendem a se espalhar rapidamente.\",\"breadcrumb\":{\"@id\":\"https:\/\/psol50.org.br\/bolsonaro-nao-apresenta-e-psol-cobra-plano-de-protecao-aos-povos-indigenas-durante-pandemia-de-coronavirus\/#breadcrumb\"},\"inLanguage\":\"pt-BR\",\"potentialAction\":[{\"@type\":\"ReadAction\",\"target\":[\"https:\/\/psol50.org.br\/bolsonaro-nao-apresenta-e-psol-cobra-plano-de-protecao-aos-povos-indigenas-durante-pandemia-de-coronavirus\/\"]}]},{\"@type\":\"ImageObject\",\"inLanguage\":\"pt-BR\",\"@id\":\"https:\/\/psol50.org.br\/bolsonaro-nao-apresenta-e-psol-cobra-plano-de-protecao-aos-povos-indigenas-durante-pandemia-de-coronavirus\/#primaryimage\",\"url\":\"https:\/\/psol50.org.br\/inc\/uploads\/2020\/03\/indigenas.png\",\"contentUrl\":\"https:\/\/psol50.org.br\/inc\/uploads\/2020\/03\/indigenas.png\",\"width\":1017,\"height\":501},{\"@type\":\"BreadcrumbList\",\"@id\":\"https:\/\/psol50.org.br\/bolsonaro-nao-apresenta-e-psol-cobra-plano-de-protecao-aos-povos-indigenas-durante-pandemia-de-coronavirus\/#breadcrumb\",\"itemListElement\":[{\"@type\":\"ListItem\",\"position\":1,\"name\":\"In\u00edcio\",\"item\":\"https:\/\/psol50.org.br\/\"},{\"@type\":\"ListItem\",\"position\":2,\"name\":\"Bolsonaro n\u00e3o apresenta, e PSOL cobra plano de prote\u00e7\u00e3o aos povos ind\u00edgenas durante pandemia de coronav\u00edrus\"}]},{\"@type\":\"WebSite\",\"@id\":\"https:\/\/psol50.org.br\/#website\",\"url\":\"https:\/\/psol50.org.br\/\",\"name\":\"PSOL 50\",\"description\":\"Site oficial do Partido Socialismo e Liberdade\",\"publisher\":{\"@id\":\"https:\/\/psol50.org.br\/#organization\"},\"alternateName\":\"PSOL50\",\"potentialAction\":[{\"@type\":\"SearchAction\",\"target\":{\"@type\":\"EntryPoint\",\"urlTemplate\":\"https:\/\/psol50.org.br\/?s={search_term_string}\"},\"query-input\":{\"@type\":\"PropertyValueSpecification\",\"valueRequired\":true,\"valueName\":\"search_term_string\"}}],\"inLanguage\":\"pt-BR\"},{\"@type\":\"Organization\",\"@id\":\"https:\/\/psol50.org.br\/#organization\",\"name\":\"PSOL 50\",\"alternateName\":\"PSOL 50\",\"url\":\"https:\/\/psol50.org.br\/\",\"logo\":{\"@type\":\"ImageObject\",\"inLanguage\":\"pt-BR\",\"@id\":\"https:\/\/psol50.org.br\/#\/schema\/logo\/image\/\",\"url\":\"https:\/\/psol50.org.br\/inc\/uploads\/2018\/07\/capa.png\",\"contentUrl\":\"https:\/\/psol50.org.br\/inc\/uploads\/2018\/07\/capa.png\",\"width\":1350,\"height\":900,\"caption\":\"PSOL 50\"},\"image\":{\"@id\":\"https:\/\/psol50.org.br\/#\/schema\/logo\/image\/\"},\"sameAs\":[\"https:\/\/www.facebook.com\/psol50\",\"https:\/\/x.com\/psol50\",\"https:\/\/www.instagram.com\/psol50\/\",\"https:\/\/www.youtube.com\/channel\/UC7SnJS5o1os7a6CaiNabzcg\"]},{\"@type\":\"Person\",\"@id\":\"https:\/\/psol50.org.br\/#\/schema\/person\/475dfa57d0b815993c714c2e96491fcd\",\"name\":\"Comunica\u00e7\u00e3o PSOL\",\"image\":{\"@type\":\"ImageObject\",\"inLanguage\":\"pt-BR\",\"@id\":\"https:\/\/psol50.org.br\/#\/schema\/person\/image\/\",\"url\":\"https:\/\/secure.gravatar.com\/avatar\/b34fc4f4e468a4e51785917065a3db57b841f5c95dba6ad8c73aaf8f66f8f9bf?s=96&d=mm&r=g\",\"contentUrl\":\"https:\/\/secure.gravatar.com\/avatar\/b34fc4f4e468a4e51785917065a3db57b841f5c95dba6ad8c73aaf8f66f8f9bf?s=96&d=mm&r=g\",\"caption\":\"Comunica\u00e7\u00e3o PSOL\"}}]}<\/script>\n<!-- \/ Yoast SEO plugin. -->","yoast_head_json":{"title":"Bolsonaro n\u00e3o apresenta, e PSOL cobra plano de prote\u00e7\u00e3o aos povos ind\u00edgenas durante pandemia de coronav\u00edrus - PSOL 50","description":"Segundo alerta da ABRASCO, experi\u00eancias anteriores mostram que doen\u00e7as infecciosas introduzidas em grupos ind\u00edgenas tendem a se espalhar rapidamente.","robots":{"index":"index","follow":"follow","max-snippet":"max-snippet:-1","max-image-preview":"max-image-preview:large","max-video-preview":"max-video-preview:-1"},"canonical":"https:\/\/psol50.org.br\/bolsonaro-nao-apresenta-e-psol-cobra-plano-de-protecao-aos-povos-indigenas-durante-pandemia-de-coronavirus\/","og_locale":"pt_BR","og_type":"article","og_title":"Bolsonaro n\u00e3o apresenta, e PSOL cobra plano de prote\u00e7\u00e3o aos povos ind\u00edgenas durante pandemia de coronav\u00edrus","og_description":"Segundo alerta da ABRASCO, experi\u00eancias anteriores mostram que doen\u00e7as infecciosas introduzidas em grupos ind\u00edgenas tendem a se espalhar rapidamente.","og_url":"https:\/\/psol50.org.br\/bolsonaro-nao-apresenta-e-psol-cobra-plano-de-protecao-aos-povos-indigenas-durante-pandemia-de-coronavirus\/","og_site_name":"PSOL 50","article_publisher":"https:\/\/www.facebook.com\/psol50","article_published_time":"2020-03-25T14:07:03+00:00","og_image":[{"width":1017,"height":501,"url":"https:\/\/psol50.org.br\/inc\/uploads\/2020\/03\/indigenas.png","type":"image\/png"}],"author":"Comunica\u00e7\u00e3o PSOL","twitter_card":"summary_large_image","twitter_title":"Bolsonaro n\u00e3o apresenta, e PSOL cobra plano de prote\u00e7\u00e3o aos povos ind\u00edgenas durante pandemia de coronav\u00edrus","twitter_description":"Segundo alerta da ABRASCO, experi\u00eancias anteriores mostram que doen\u00e7as infecciosas introduzidas em grupos ind\u00edgenas tendem a se espalhar rapidamente.","twitter_image":"https:\/\/psol50.org.br\/inc\/uploads\/2020\/03\/indigenas.png","twitter_creator":"@psol50","twitter_site":"@psol50","twitter_misc":{"Escrito por":"Comunica\u00e7\u00e3o PSOL","Est. tempo de leitura":"4 minutos"},"schema":{"@context":"https:\/\/schema.org","@graph":[{"@type":"Article","@id":"https:\/\/psol50.org.br\/bolsonaro-nao-apresenta-e-psol-cobra-plano-de-protecao-aos-povos-indigenas-durante-pandemia-de-coronavirus\/#article","isPartOf":{"@id":"https:\/\/psol50.org.br\/bolsonaro-nao-apresenta-e-psol-cobra-plano-de-protecao-aos-povos-indigenas-durante-pandemia-de-coronavirus\/"},"author":{"name":"Comunica\u00e7\u00e3o PSOL","@id":"https:\/\/psol50.org.br\/#\/schema\/person\/475dfa57d0b815993c714c2e96491fcd"},"headline":"Bolsonaro n\u00e3o apresenta, e PSOL cobra plano de prote\u00e7\u00e3o aos povos ind\u00edgenas durante pandemia de coronav\u00edrus","datePublished":"2020-03-25T14:07:03+00:00","mainEntityOfPage":{"@id":"https:\/\/psol50.org.br\/bolsonaro-nao-apresenta-e-psol-cobra-plano-de-protecao-aos-povos-indigenas-durante-pandemia-de-coronavirus\/"},"wordCount":915,"publisher":{"@id":"https:\/\/psol50.org.br\/#organization"},"image":{"@id":"https:\/\/psol50.org.br\/bolsonaro-nao-apresenta-e-psol-cobra-plano-de-protecao-aos-povos-indigenas-durante-pandemia-de-coronavirus\/#primaryimage"},"thumbnailUrl":"https:\/\/psol50.org.br\/inc\/uploads\/2020\/03\/indigenas.png","keywords":["Bolsonaro","coronav\u00edrus","Ind\u00edgenas","pandemia","PSOL","psolcontraocoronavirus","sa\u00fade"],"articleSection":["A\u00e7\u00e3o Parlamentar","Not\u00edcias"],"inLanguage":"pt-BR"},{"@type":"WebPage","@id":"https:\/\/psol50.org.br\/bolsonaro-nao-apresenta-e-psol-cobra-plano-de-protecao-aos-povos-indigenas-durante-pandemia-de-coronavirus\/","url":"https:\/\/psol50.org.br\/bolsonaro-nao-apresenta-e-psol-cobra-plano-de-protecao-aos-povos-indigenas-durante-pandemia-de-coronavirus\/","name":"Bolsonaro n\u00e3o apresenta, e PSOL cobra plano de prote\u00e7\u00e3o aos povos ind\u00edgenas durante pandemia de coronav\u00edrus - PSOL 50","isPartOf":{"@id":"https:\/\/psol50.org.br\/#website"},"primaryImageOfPage":{"@id":"https:\/\/psol50.org.br\/bolsonaro-nao-apresenta-e-psol-cobra-plano-de-protecao-aos-povos-indigenas-durante-pandemia-de-coronavirus\/#primaryimage"},"image":{"@id":"https:\/\/psol50.org.br\/bolsonaro-nao-apresenta-e-psol-cobra-plano-de-protecao-aos-povos-indigenas-durante-pandemia-de-coronavirus\/#primaryimage"},"thumbnailUrl":"https:\/\/psol50.org.br\/inc\/uploads\/2020\/03\/indigenas.png","datePublished":"2020-03-25T14:07:03+00:00","description":"Segundo alerta da ABRASCO, experi\u00eancias anteriores mostram que doen\u00e7as infecciosas introduzidas em grupos ind\u00edgenas tendem a se espalhar rapidamente.","breadcrumb":{"@id":"https:\/\/psol50.org.br\/bolsonaro-nao-apresenta-e-psol-cobra-plano-de-protecao-aos-povos-indigenas-durante-pandemia-de-coronavirus\/#breadcrumb"},"inLanguage":"pt-BR","potentialAction":[{"@type":"ReadAction","target":["https:\/\/psol50.org.br\/bolsonaro-nao-apresenta-e-psol-cobra-plano-de-protecao-aos-povos-indigenas-durante-pandemia-de-coronavirus\/"]}]},{"@type":"ImageObject","inLanguage":"pt-BR","@id":"https:\/\/psol50.org.br\/bolsonaro-nao-apresenta-e-psol-cobra-plano-de-protecao-aos-povos-indigenas-durante-pandemia-de-coronavirus\/#primaryimage","url":"https:\/\/psol50.org.br\/inc\/uploads\/2020\/03\/indigenas.png","contentUrl":"https:\/\/psol50.org.br\/inc\/uploads\/2020\/03\/indigenas.png","width":1017,"height":501},{"@type":"BreadcrumbList","@id":"https:\/\/psol50.org.br\/bolsonaro-nao-apresenta-e-psol-cobra-plano-de-protecao-aos-povos-indigenas-durante-pandemia-de-coronavirus\/#breadcrumb","itemListElement":[{"@type":"ListItem","position":1,"name":"In\u00edcio","item":"https:\/\/psol50.org.br\/"},{"@type":"ListItem","position":2,"name":"Bolsonaro n\u00e3o apresenta, e PSOL cobra plano de prote\u00e7\u00e3o aos povos ind\u00edgenas durante pandemia de coronav\u00edrus"}]},{"@type":"WebSite","@id":"https:\/\/psol50.org.br\/#website","url":"https:\/\/psol50.org.br\/","name":"PSOL 50","description":"Site oficial do Partido Socialismo e Liberdade","publisher":{"@id":"https:\/\/psol50.org.br\/#organization"},"alternateName":"PSOL50","potentialAction":[{"@type":"SearchAction","target":{"@type":"EntryPoint","urlTemplate":"https:\/\/psol50.org.br\/?s={search_term_string}"},"query-input":{"@type":"PropertyValueSpecification","valueRequired":true,"valueName":"search_term_string"}}],"inLanguage":"pt-BR"},{"@type":"Organization","@id":"https:\/\/psol50.org.br\/#organization","name":"PSOL 50","alternateName":"PSOL 50","url":"https:\/\/psol50.org.br\/","logo":{"@type":"ImageObject","inLanguage":"pt-BR","@id":"https:\/\/psol50.org.br\/#\/schema\/logo\/image\/","url":"https:\/\/psol50.org.br\/inc\/uploads\/2018\/07\/capa.png","contentUrl":"https:\/\/psol50.org.br\/inc\/uploads\/2018\/07\/capa.png","width":1350,"height":900,"caption":"PSOL 50"},"image":{"@id":"https:\/\/psol50.org.br\/#\/schema\/logo\/image\/"},"sameAs":["https:\/\/www.facebook.com\/psol50","https:\/\/x.com\/psol50","https:\/\/www.instagram.com\/psol50\/","https:\/\/www.youtube.com\/channel\/UC7SnJS5o1os7a6CaiNabzcg"]},{"@type":"Person","@id":"https:\/\/psol50.org.br\/#\/schema\/person\/475dfa57d0b815993c714c2e96491fcd","name":"Comunica\u00e7\u00e3o PSOL","image":{"@type":"ImageObject","inLanguage":"pt-BR","@id":"https:\/\/psol50.org.br\/#\/schema\/person\/image\/","url":"https:\/\/secure.gravatar.com\/avatar\/b34fc4f4e468a4e51785917065a3db57b841f5c95dba6ad8c73aaf8f66f8f9bf?s=96&d=mm&r=g","contentUrl":"https:\/\/secure.gravatar.com\/avatar\/b34fc4f4e468a4e51785917065a3db57b841f5c95dba6ad8c73aaf8f66f8f9bf?s=96&d=mm&r=g","caption":"Comunica\u00e7\u00e3o PSOL"}}]}},"_links":{"self":[{"href":"https:\/\/psol50.org.br\/rest\/wp\/v2\/posts\/27915","targetHints":{"allow":["GET"]}}],"collection":[{"href":"https:\/\/psol50.org.br\/rest\/wp\/v2\/posts"}],"about":[{"href":"https:\/\/psol50.org.br\/rest\/wp\/v2\/types\/post"}],"author":[{"embeddable":true,"href":"https:\/\/psol50.org.br\/rest\/wp\/v2\/users\/2"}],"replies":[{"embeddable":true,"href":"https:\/\/psol50.org.br\/rest\/wp\/v2\/comments?post=27915"}],"version-history":[{"count":0,"href":"https:\/\/psol50.org.br\/rest\/wp\/v2\/posts\/27915\/revisions"}],"wp:featuredmedia":[{"embeddable":true,"href":"https:\/\/psol50.org.br\/rest\/wp\/v2\/media\/27917"}],"wp:attachment":[{"href":"https:\/\/psol50.org.br\/rest\/wp\/v2\/media?parent=27915"}],"wp:term":[{"taxonomy":"category","embeddable":true,"href":"https:\/\/psol50.org.br\/rest\/wp\/v2\/categories?post=27915"},{"taxonomy":"post_tag","embeddable":true,"href":"https:\/\/psol50.org.br\/rest\/wp\/v2\/tags?post=27915"}],"curies":[{"name":"wp","href":"https:\/\/api.w.org\/{rel}","templated":true}]}}