{"id":27932,"date":"2020-03-25T14:11:09","date_gmt":"2020-03-25T17:11:09","guid":{"rendered":"https:\/\/psol50.org.br\/?p=27932"},"modified":"2020-03-25T14:11:09","modified_gmt":"2020-03-25T17:11:09","slug":"psol-denuncia-pronunciamento-em-rede-nacional-de-bolsonaro-a-oms-e-onu","status":"publish","type":"post","link":"https:\/\/psol50.org.br\/psol-denuncia-pronunciamento-em-rede-nacional-de-bolsonaro-a-oms-e-onu\/","title":{"rendered":"PSOL denuncia pronunciamento de Bolsonaro \u00e0 OMS e ONU"},"content":{"rendered":"<p>A bancada do PSOL na C\u00e2mara dos Deputados denunciou a declara\u00e7\u00e3o do presidente Jair Bolsonaro sobre o coronav\u00edrus, que foi ao ar em rede nacional na \u00faltima ter\u00e7a-feira (24), \u00e0s Na\u00e7\u00f5es Unidas (ONU) e \u00e0 Organiza\u00e7\u00e3o Mundial da Sa\u00fade (OMS). O discurso do presidente adotou um tom contr\u00e1rio \u00e0s medidas recomendadas pela ag\u00eancia mundial de sa\u00fade e at\u00e9 mesmo por entidades brasileiras.<\/p>\n<p>H\u00e1 cerca de dez dias, <strong><a href=\"https:\/\/psol50.org.br\/psol-denuncia-bolsonaro-na-oms-e-na-onu-por-participar-de-atos-de-rua-durante-pandemia-de-coronavirus\/\">o PSOL j\u00e1 havia denunciado o presidente internacionalmente<\/a><\/strong> ap\u00f3s ele ter participado de atos de rua no dia 15 de mar\u00e7o e contrariado recomenda\u00e7\u00f5es de organiza\u00e7\u00f5es como a OMS. Dezenas de integrantes de sua comitiva que viajou aos EUA no in\u00edcio do m\u00eas foram testados positivos para o Covid-19.<\/p>\n<p>Em uma carta enviada ao diretor-geral da OMS, Tedros Adhanom Ghebreyesus, e ao Relator Especial da Organiza\u00e7\u00e3o das Na\u00e7\u00f5es Unidas (ONU) sobre o direito a sa\u00fade, Dainius Puras, os parlamentares pedem ajuda internacional para cobrar respostas do governo brasileiro e que a atitude do presidente seja desautorizada publicamente.<\/p>\n<p>&#8220;Escrevemos na semana passada para relatar algumas das graves a\u00e7\u00f5es de Jair Bolsonaro contra a preven\u00e7\u00e3o e controle do novo coronav\u00edrus&#8221;, disseram os parlamentares do PSOL. &#8220;Infelizmente, desde ent\u00e3o, a situa\u00e7\u00e3o s\u00f3 se agravou. Como sabem, desde a entrega do nosso relat\u00f3rio em 16 de mar\u00e7o, os casos confirmados de Covid-19 no Brasil saltaram de 234 para mais de 2.200, com 46 mortes&#8221;, indicaram.<\/p>\n<p>Uma c\u00f3pia do discurso original em portugu\u00eas e uma tradu\u00e7\u00e3o em ingl\u00eas foi submetida a Tedros e ao relator da ONU.<\/p>\n","protected":false},"excerpt":{"rendered":"<p>A bancada do PSOL na C\u00e2mara dos Deputados denunciou a declara\u00e7\u00e3o do presidente Jair Bolsonaro sobre o coronav\u00edrus, que foi ao ar em rede nacional na \u00faltima ter\u00e7a-feira (24), \u00e0s Na\u00e7\u00f5es Unidas (ONU) e \u00e0 Organiza\u00e7\u00e3o Mundial da Sa\u00fade (OMS). O discurso do presidente adotou um tom contr\u00e1rio \u00e0s medidas recomendadas pela ag\u00eancia mundial de [&hellip;]<\/p>\n","protected":false},"author":2,"featured_media":27934,"comment_status":"closed","ping_status":"open","sticky":false,"template":"","format":"standard","meta":{"_acf_changed":false,"footnotes":""},"categories":[10,6],"tags":[56,67,365,232,22,366],"class_list":{"0":"post-27932","1":"post","2":"type-post","3":"status-publish","4":"format-standard","5":"has-post-thumbnail","7":"category-acao-parlamentares","8":"category-noticias","9":"tag-bolsonaro","10":"tag-discurso","11":"tag-oms","12":"tag-onu","13":"tag-psol","14":"tag-psolcontraocoronavirus"},"acf":[],"yoast_head":"<!-- This site is optimized with the Yoast SEO plugin v26.5 - https:\/\/yoast.com\/wordpress\/plugins\/seo\/ -->\n<title>PSOL denuncia pronunciamento de Bolsonaro \u00e0 OMS e ONU<\/title>\n<meta name=\"description\" content=\"H\u00e1 cerca de dez dias, o PSOL j\u00e1 havia denunciado o presidente internacionalmente ap\u00f3s ele ter participado de atos de rua e contrariado recomenda\u00e7\u00f5es da OMS.\" \/>\n<meta name=\"robots\" content=\"index, follow, max-snippet:-1, max-image-preview:large, max-video-preview:-1\" \/>\n<link rel=\"canonical\" href=\"https:\/\/psol50.org.br\/psol-denuncia-pronunciamento-em-rede-nacional-de-bolsonaro-a-oms-e-onu\/\" \/>\n<meta property=\"og:locale\" content=\"pt_BR\" \/>\n<meta property=\"og:type\" content=\"article\" \/>\n<meta property=\"og:title\" content=\"PSOL denuncia pronunciamento de Bolsonaro \u00e0 OMS e ONU\" \/>\n<meta property=\"og:description\" content=\"H\u00e1 cerca de dez dias, o PSOL j\u00e1 havia denunciado o presidente internacionalmente ap\u00f3s ele ter participado de atos de rua e contrariado recomenda\u00e7\u00f5es da OMS.\" \/>\n<meta property=\"og:url\" content=\"https:\/\/psol50.org.br\/psol-denuncia-pronunciamento-em-rede-nacional-de-bolsonaro-a-oms-e-onu\/\" \/>\n<meta property=\"og:site_name\" content=\"PSOL 50\" \/>\n<meta property=\"article:publisher\" content=\"https:\/\/www.facebook.com\/psol50\" \/>\n<meta property=\"article:published_time\" content=\"2020-03-25T17:11:09+00:00\" \/>\n<meta property=\"og:image\" content=\"https:\/\/psol50.org.br\/inc\/uploads\/2020\/03\/52906293_303.jpg\" \/>\n\t<meta property=\"og:image:width\" content=\"700\" \/>\n\t<meta property=\"og:image:height\" content=\"394\" \/>\n\t<meta property=\"og:image:type\" content=\"image\/jpeg\" \/>\n<meta name=\"author\" content=\"Comunica\u00e7\u00e3o PSOL\" \/>\n<meta name=\"twitter:card\" content=\"summary_large_image\" \/>\n<meta name=\"twitter:title\" content=\"PSOL denuncia pronunciamento de Bolsonaro \u00e0 OMS e ONU\" \/>\n<meta name=\"twitter:description\" content=\"H\u00e1 cerca de dez dias, o PSOL j\u00e1 havia denunciado o presidente internacionalmente ap\u00f3s ele ter participado de atos de rua e contrariado recomenda\u00e7\u00f5es da OMS.\" \/>\n<meta name=\"twitter:image\" content=\"https:\/\/psol50.org.br\/inc\/uploads\/2020\/03\/52906293_303.jpg\" \/>\n<meta name=\"twitter:creator\" content=\"@psol50\" \/>\n<meta name=\"twitter:site\" content=\"@psol50\" \/>\n<meta name=\"twitter:label1\" content=\"Escrito por\" \/>\n\t<meta name=\"twitter:data1\" content=\"Comunica\u00e7\u00e3o PSOL\" \/>\n\t<meta name=\"twitter:label2\" content=\"Est. tempo de leitura\" \/>\n\t<meta name=\"twitter:data2\" content=\"1 minuto\" \/>\n<script type=\"application\/ld+json\" class=\"yoast-schema-graph\">{\"@context\":\"https:\/\/schema.org\",\"@graph\":[{\"@type\":\"Article\",\"@id\":\"https:\/\/psol50.org.br\/psol-denuncia-pronunciamento-em-rede-nacional-de-bolsonaro-a-oms-e-onu\/#article\",\"isPartOf\":{\"@id\":\"https:\/\/psol50.org.br\/psol-denuncia-pronunciamento-em-rede-nacional-de-bolsonaro-a-oms-e-onu\/\"},\"author\":{\"name\":\"Comunica\u00e7\u00e3o PSOL\",\"@id\":\"https:\/\/psol50.org.br\/#\/schema\/person\/475dfa57d0b815993c714c2e96491fcd\"},\"headline\":\"PSOL denuncia pronunciamento de Bolsonaro \u00e0 OMS e ONU\",\"datePublished\":\"2020-03-25T17:11:09+00:00\",\"mainEntityOfPage\":{\"@id\":\"https:\/\/psol50.org.br\/psol-denuncia-pronunciamento-em-rede-nacional-de-bolsonaro-a-oms-e-onu\/\"},\"wordCount\":280,\"publisher\":{\"@id\":\"https:\/\/psol50.org.br\/#organization\"},\"image\":{\"@id\":\"https:\/\/psol50.org.br\/psol-denuncia-pronunciamento-em-rede-nacional-de-bolsonaro-a-oms-e-onu\/#primaryimage\"},\"thumbnailUrl\":\"https:\/\/psol50.org.br\/inc\/uploads\/2020\/03\/52906293_303.jpg\",\"keywords\":[\"Bolsonaro\",\"discurso\",\"oms\",\"ONU\",\"PSOL\",\"psolcontraocoronavirus\"],\"articleSection\":[\"A\u00e7\u00e3o Parlamentar\",\"Not\u00edcias\"],\"inLanguage\":\"pt-BR\"},{\"@type\":\"WebPage\",\"@id\":\"https:\/\/psol50.org.br\/psol-denuncia-pronunciamento-em-rede-nacional-de-bolsonaro-a-oms-e-onu\/\",\"url\":\"https:\/\/psol50.org.br\/psol-denuncia-pronunciamento-em-rede-nacional-de-bolsonaro-a-oms-e-onu\/\",\"name\":\"PSOL denuncia pronunciamento de Bolsonaro \u00e0 OMS e ONU\",\"isPartOf\":{\"@id\":\"https:\/\/psol50.org.br\/#website\"},\"primaryImageOfPage\":{\"@id\":\"https:\/\/psol50.org.br\/psol-denuncia-pronunciamento-em-rede-nacional-de-bolsonaro-a-oms-e-onu\/#primaryimage\"},\"image\":{\"@id\":\"https:\/\/psol50.org.br\/psol-denuncia-pronunciamento-em-rede-nacional-de-bolsonaro-a-oms-e-onu\/#primaryimage\"},\"thumbnailUrl\":\"https:\/\/psol50.org.br\/inc\/uploads\/2020\/03\/52906293_303.jpg\",\"datePublished\":\"2020-03-25T17:11:09+00:00\",\"description\":\"H\u00e1 cerca de dez dias, o PSOL j\u00e1 havia denunciado o presidente internacionalmente ap\u00f3s ele ter participado de atos de rua e contrariado recomenda\u00e7\u00f5es da OMS.\",\"breadcrumb\":{\"@id\":\"https:\/\/psol50.org.br\/psol-denuncia-pronunciamento-em-rede-nacional-de-bolsonaro-a-oms-e-onu\/#breadcrumb\"},\"inLanguage\":\"pt-BR\",\"potentialAction\":[{\"@type\":\"ReadAction\",\"target\":[\"https:\/\/psol50.org.br\/psol-denuncia-pronunciamento-em-rede-nacional-de-bolsonaro-a-oms-e-onu\/\"]}]},{\"@type\":\"ImageObject\",\"inLanguage\":\"pt-BR\",\"@id\":\"https:\/\/psol50.org.br\/psol-denuncia-pronunciamento-em-rede-nacional-de-bolsonaro-a-oms-e-onu\/#primaryimage\",\"url\":\"https:\/\/psol50.org.br\/inc\/uploads\/2020\/03\/52906293_303.jpg\",\"contentUrl\":\"https:\/\/psol50.org.br\/inc\/uploads\/2020\/03\/52906293_303.jpg\",\"width\":700,\"height\":394,\"caption\":\"Foto: Reprodu\u00e7\u00e3o\"},{\"@type\":\"BreadcrumbList\",\"@id\":\"https:\/\/psol50.org.br\/psol-denuncia-pronunciamento-em-rede-nacional-de-bolsonaro-a-oms-e-onu\/#breadcrumb\",\"itemListElement\":[{\"@type\":\"ListItem\",\"position\":1,\"name\":\"In\u00edcio\",\"item\":\"https:\/\/psol50.org.br\/\"},{\"@type\":\"ListItem\",\"position\":2,\"name\":\"PSOL denuncia pronunciamento de Bolsonaro \u00e0 OMS e ONU\"}]},{\"@type\":\"WebSite\",\"@id\":\"https:\/\/psol50.org.br\/#website\",\"url\":\"https:\/\/psol50.org.br\/\",\"name\":\"PSOL 50\",\"description\":\"Site oficial do Partido Socialismo e Liberdade\",\"publisher\":{\"@id\":\"https:\/\/psol50.org.br\/#organization\"},\"alternateName\":\"PSOL50\",\"potentialAction\":[{\"@type\":\"SearchAction\",\"target\":{\"@type\":\"EntryPoint\",\"urlTemplate\":\"https:\/\/psol50.org.br\/?s={search_term_string}\"},\"query-input\":{\"@type\":\"PropertyValueSpecification\",\"valueRequired\":true,\"valueName\":\"search_term_string\"}}],\"inLanguage\":\"pt-BR\"},{\"@type\":\"Organization\",\"@id\":\"https:\/\/psol50.org.br\/#organization\",\"name\":\"PSOL 50\",\"alternateName\":\"PSOL 50\",\"url\":\"https:\/\/psol50.org.br\/\",\"logo\":{\"@type\":\"ImageObject\",\"inLanguage\":\"pt-BR\",\"@id\":\"https:\/\/psol50.org.br\/#\/schema\/logo\/image\/\",\"url\":\"https:\/\/psol50.org.br\/inc\/uploads\/2018\/07\/capa.png\",\"contentUrl\":\"https:\/\/psol50.org.br\/inc\/uploads\/2018\/07\/capa.png\",\"width\":1350,\"height\":900,\"caption\":\"PSOL 50\"},\"image\":{\"@id\":\"https:\/\/psol50.org.br\/#\/schema\/logo\/image\/\"},\"sameAs\":[\"https:\/\/www.facebook.com\/psol50\",\"https:\/\/x.com\/psol50\",\"https:\/\/www.instagram.com\/psol50\/\",\"https:\/\/www.youtube.com\/channel\/UC7SnJS5o1os7a6CaiNabzcg\"]},{\"@type\":\"Person\",\"@id\":\"https:\/\/psol50.org.br\/#\/schema\/person\/475dfa57d0b815993c714c2e96491fcd\",\"name\":\"Comunica\u00e7\u00e3o PSOL\",\"image\":{\"@type\":\"ImageObject\",\"inLanguage\":\"pt-BR\",\"@id\":\"https:\/\/psol50.org.br\/#\/schema\/person\/image\/\",\"url\":\"https:\/\/secure.gravatar.com\/avatar\/b34fc4f4e468a4e51785917065a3db57b841f5c95dba6ad8c73aaf8f66f8f9bf?s=96&d=mm&r=g\",\"contentUrl\":\"https:\/\/secure.gravatar.com\/avatar\/b34fc4f4e468a4e51785917065a3db57b841f5c95dba6ad8c73aaf8f66f8f9bf?s=96&d=mm&r=g\",\"caption\":\"Comunica\u00e7\u00e3o PSOL\"}}]}<\/script>\n<!-- \/ Yoast SEO plugin. -->","yoast_head_json":{"title":"PSOL denuncia pronunciamento de Bolsonaro \u00e0 OMS e ONU","description":"H\u00e1 cerca de dez dias, o PSOL j\u00e1 havia denunciado o presidente internacionalmente ap\u00f3s ele ter participado de atos de rua e contrariado recomenda\u00e7\u00f5es da OMS.","robots":{"index":"index","follow":"follow","max-snippet":"max-snippet:-1","max-image-preview":"max-image-preview:large","max-video-preview":"max-video-preview:-1"},"canonical":"https:\/\/psol50.org.br\/psol-denuncia-pronunciamento-em-rede-nacional-de-bolsonaro-a-oms-e-onu\/","og_locale":"pt_BR","og_type":"article","og_title":"PSOL denuncia pronunciamento de Bolsonaro \u00e0 OMS e ONU","og_description":"H\u00e1 cerca de dez dias, o PSOL j\u00e1 havia denunciado o presidente internacionalmente ap\u00f3s ele ter participado de atos de rua e contrariado recomenda\u00e7\u00f5es da OMS.","og_url":"https:\/\/psol50.org.br\/psol-denuncia-pronunciamento-em-rede-nacional-de-bolsonaro-a-oms-e-onu\/","og_site_name":"PSOL 50","article_publisher":"https:\/\/www.facebook.com\/psol50","article_published_time":"2020-03-25T17:11:09+00:00","og_image":[{"width":700,"height":394,"url":"https:\/\/psol50.org.br\/inc\/uploads\/2020\/03\/52906293_303.jpg","type":"image\/jpeg"}],"author":"Comunica\u00e7\u00e3o PSOL","twitter_card":"summary_large_image","twitter_title":"PSOL denuncia pronunciamento de Bolsonaro \u00e0 OMS e ONU","twitter_description":"H\u00e1 cerca de dez dias, o PSOL j\u00e1 havia denunciado o presidente internacionalmente ap\u00f3s ele ter participado de atos de rua e contrariado recomenda\u00e7\u00f5es da OMS.","twitter_image":"https:\/\/psol50.org.br\/inc\/uploads\/2020\/03\/52906293_303.jpg","twitter_creator":"@psol50","twitter_site":"@psol50","twitter_misc":{"Escrito por":"Comunica\u00e7\u00e3o PSOL","Est. tempo de leitura":"1 minuto"},"schema":{"@context":"https:\/\/schema.org","@graph":[{"@type":"Article","@id":"https:\/\/psol50.org.br\/psol-denuncia-pronunciamento-em-rede-nacional-de-bolsonaro-a-oms-e-onu\/#article","isPartOf":{"@id":"https:\/\/psol50.org.br\/psol-denuncia-pronunciamento-em-rede-nacional-de-bolsonaro-a-oms-e-onu\/"},"author":{"name":"Comunica\u00e7\u00e3o PSOL","@id":"https:\/\/psol50.org.br\/#\/schema\/person\/475dfa57d0b815993c714c2e96491fcd"},"headline":"PSOL denuncia pronunciamento de Bolsonaro \u00e0 OMS e ONU","datePublished":"2020-03-25T17:11:09+00:00","mainEntityOfPage":{"@id":"https:\/\/psol50.org.br\/psol-denuncia-pronunciamento-em-rede-nacional-de-bolsonaro-a-oms-e-onu\/"},"wordCount":280,"publisher":{"@id":"https:\/\/psol50.org.br\/#organization"},"image":{"@id":"https:\/\/psol50.org.br\/psol-denuncia-pronunciamento-em-rede-nacional-de-bolsonaro-a-oms-e-onu\/#primaryimage"},"thumbnailUrl":"https:\/\/psol50.org.br\/inc\/uploads\/2020\/03\/52906293_303.jpg","keywords":["Bolsonaro","discurso","oms","ONU","PSOL","psolcontraocoronavirus"],"articleSection":["A\u00e7\u00e3o Parlamentar","Not\u00edcias"],"inLanguage":"pt-BR"},{"@type":"WebPage","@id":"https:\/\/psol50.org.br\/psol-denuncia-pronunciamento-em-rede-nacional-de-bolsonaro-a-oms-e-onu\/","url":"https:\/\/psol50.org.br\/psol-denuncia-pronunciamento-em-rede-nacional-de-bolsonaro-a-oms-e-onu\/","name":"PSOL denuncia pronunciamento de Bolsonaro \u00e0 OMS e ONU","isPartOf":{"@id":"https:\/\/psol50.org.br\/#website"},"primaryImageOfPage":{"@id":"https:\/\/psol50.org.br\/psol-denuncia-pronunciamento-em-rede-nacional-de-bolsonaro-a-oms-e-onu\/#primaryimage"},"image":{"@id":"https:\/\/psol50.org.br\/psol-denuncia-pronunciamento-em-rede-nacional-de-bolsonaro-a-oms-e-onu\/#primaryimage"},"thumbnailUrl":"https:\/\/psol50.org.br\/inc\/uploads\/2020\/03\/52906293_303.jpg","datePublished":"2020-03-25T17:11:09+00:00","description":"H\u00e1 cerca de dez dias, o PSOL j\u00e1 havia denunciado o presidente internacionalmente ap\u00f3s ele ter participado de atos de rua e contrariado recomenda\u00e7\u00f5es da OMS.","breadcrumb":{"@id":"https:\/\/psol50.org.br\/psol-denuncia-pronunciamento-em-rede-nacional-de-bolsonaro-a-oms-e-onu\/#breadcrumb"},"inLanguage":"pt-BR","potentialAction":[{"@type":"ReadAction","target":["https:\/\/psol50.org.br\/psol-denuncia-pronunciamento-em-rede-nacional-de-bolsonaro-a-oms-e-onu\/"]}]},{"@type":"ImageObject","inLanguage":"pt-BR","@id":"https:\/\/psol50.org.br\/psol-denuncia-pronunciamento-em-rede-nacional-de-bolsonaro-a-oms-e-onu\/#primaryimage","url":"https:\/\/psol50.org.br\/inc\/uploads\/2020\/03\/52906293_303.jpg","contentUrl":"https:\/\/psol50.org.br\/inc\/uploads\/2020\/03\/52906293_303.jpg","width":700,"height":394,"caption":"Foto: Reprodu\u00e7\u00e3o"},{"@type":"BreadcrumbList","@id":"https:\/\/psol50.org.br\/psol-denuncia-pronunciamento-em-rede-nacional-de-bolsonaro-a-oms-e-onu\/#breadcrumb","itemListElement":[{"@type":"ListItem","position":1,"name":"In\u00edcio","item":"https:\/\/psol50.org.br\/"},{"@type":"ListItem","position":2,"name":"PSOL denuncia pronunciamento de Bolsonaro \u00e0 OMS e ONU"}]},{"@type":"WebSite","@id":"https:\/\/psol50.org.br\/#website","url":"https:\/\/psol50.org.br\/","name":"PSOL 50","description":"Site oficial do Partido Socialismo e Liberdade","publisher":{"@id":"https:\/\/psol50.org.br\/#organization"},"alternateName":"PSOL50","potentialAction":[{"@type":"SearchAction","target":{"@type":"EntryPoint","urlTemplate":"https:\/\/psol50.org.br\/?s={search_term_string}"},"query-input":{"@type":"PropertyValueSpecification","valueRequired":true,"valueName":"search_term_string"}}],"inLanguage":"pt-BR"},{"@type":"Organization","@id":"https:\/\/psol50.org.br\/#organization","name":"PSOL 50","alternateName":"PSOL 50","url":"https:\/\/psol50.org.br\/","logo":{"@type":"ImageObject","inLanguage":"pt-BR","@id":"https:\/\/psol50.org.br\/#\/schema\/logo\/image\/","url":"https:\/\/psol50.org.br\/inc\/uploads\/2018\/07\/capa.png","contentUrl":"https:\/\/psol50.org.br\/inc\/uploads\/2018\/07\/capa.png","width":1350,"height":900,"caption":"PSOL 50"},"image":{"@id":"https:\/\/psol50.org.br\/#\/schema\/logo\/image\/"},"sameAs":["https:\/\/www.facebook.com\/psol50","https:\/\/x.com\/psol50","https:\/\/www.instagram.com\/psol50\/","https:\/\/www.youtube.com\/channel\/UC7SnJS5o1os7a6CaiNabzcg"]},{"@type":"Person","@id":"https:\/\/psol50.org.br\/#\/schema\/person\/475dfa57d0b815993c714c2e96491fcd","name":"Comunica\u00e7\u00e3o PSOL","image":{"@type":"ImageObject","inLanguage":"pt-BR","@id":"https:\/\/psol50.org.br\/#\/schema\/person\/image\/","url":"https:\/\/secure.gravatar.com\/avatar\/b34fc4f4e468a4e51785917065a3db57b841f5c95dba6ad8c73aaf8f66f8f9bf?s=96&d=mm&r=g","contentUrl":"https:\/\/secure.gravatar.com\/avatar\/b34fc4f4e468a4e51785917065a3db57b841f5c95dba6ad8c73aaf8f66f8f9bf?s=96&d=mm&r=g","caption":"Comunica\u00e7\u00e3o PSOL"}}]}},"_links":{"self":[{"href":"https:\/\/psol50.org.br\/rest\/wp\/v2\/posts\/27932","targetHints":{"allow":["GET"]}}],"collection":[{"href":"https:\/\/psol50.org.br\/rest\/wp\/v2\/posts"}],"about":[{"href":"https:\/\/psol50.org.br\/rest\/wp\/v2\/types\/post"}],"author":[{"embeddable":true,"href":"https:\/\/psol50.org.br\/rest\/wp\/v2\/users\/2"}],"replies":[{"embeddable":true,"href":"https:\/\/psol50.org.br\/rest\/wp\/v2\/comments?post=27932"}],"version-history":[{"count":0,"href":"https:\/\/psol50.org.br\/rest\/wp\/v2\/posts\/27932\/revisions"}],"wp:featuredmedia":[{"embeddable":true,"href":"https:\/\/psol50.org.br\/rest\/wp\/v2\/media\/27934"}],"wp:attachment":[{"href":"https:\/\/psol50.org.br\/rest\/wp\/v2\/media?parent=27932"}],"wp:term":[{"taxonomy":"category","embeddable":true,"href":"https:\/\/psol50.org.br\/rest\/wp\/v2\/categories?post=27932"},{"taxonomy":"post_tag","embeddable":true,"href":"https:\/\/psol50.org.br\/rest\/wp\/v2\/tags?post=27932"}],"curies":[{"name":"wp","href":"https:\/\/api.w.org\/{rel}","templated":true}]}}