{"id":2795,"date":"2014-06-06T00:00:00","date_gmt":"2014-06-06T18:58:27","guid":{"rendered":"http:\/\/psol50.org.br\/arquivo\/2014\/06\/06\/politicas-de-austeridade-da-uniao-europeia-lancaram-800-mil-criancas-na-pobreza\/"},"modified":"2014-06-06T00:00:00","modified_gmt":"2014-06-06T18:58:27","slug":"politicas-de-austeridade-da-uniao-europeia-lancaram-800-mil-criancas-na-pobreza","status":"publish","type":"post","link":"https:\/\/psol50.org.br\/politicas-de-austeridade-da-uniao-europeia-lancaram-800-mil-criancas-na-pobreza\/","title":{"rendered":"Pol\u00edticas de austeridade da Uni\u00e3o Europeia lan\u00e7aram 800 mil crian\u00e7as na pobreza"},"content":{"rendered":"<p style=\"text-align: justify;\">\n\t<span style=\"font-size:12px;\"><span style=\"font-family: arial,helvetica,sans-serif;\">A Organiza\u00e7\u00e3o Internacional do Trabalho (OIT) divulgou, na \u00faltima ter\u00e7a-feira (03), o \u201cRelat\u00f3rio sobre a prote\u00e7\u00e3o social no mundo, 2014-2015\u201d, que no original em ingl\u00eas <a href=\"http:\/\/www.ilo.org\/wcmsp5\/groups\/public\/---dgreports\/---dcomm\/documents\/publication\/wcms_245201.pdf\">pode ser acessado neste link<\/a>.<\/p>\n<p>\tSegundo a ag\u00eancia portuguesa Lusa, o relat\u00f3rio, no cap\u00edtulo com o t\u00edtulo \u201cEros\u00e3o do modelo social europeu\u201d assinala: &#8220;Em 2012, 123 milh\u00f5es de pessoas nos 27 (na altura) Estados membros da Uni\u00e3o Europeia, ou 24% da popula\u00e7\u00e3o, estavam em risco de pobreza ou exclus\u00e3o social (&#8230;) e cerca de mais 800.000 crian\u00e7as viviam na pobreza que em 2008&#8221;.<\/p>\n<p>\tO documento sublinha que o agravamento da pobreza e da desigualdade nos pa\u00edses da Uni\u00e3o Europeia n\u00e3o resultou apenas da recess\u00e3o, &#8220;mas tamb\u00e9m de decis\u00f5es pol\u00edticas espec\u00edficas de redu\u00e7\u00e3o das transfer\u00eancias sociais e de limita\u00e7\u00e3o do acesso a servi\u00e7os p\u00fablicos de qualidade&#8221;, que se juntam &#8220;ao desemprego persistente, sal\u00e1rios baixos e impostos mais altos&#8221;.<\/p>\n<p>\t&#8220;O custo do ajustamento foi transferido para as popula\u00e7\u00f5es, j\u00e1 confrontadas com menos empregos e rendimentos mais baixos h\u00e1 mais de cinco anos. Os ganhos do modelo social europeu, que reduziu significativamente a pobreza e promoveu a prosperidade no p\u00f3s II Guerra Mundial, foram erodidos por reformas de ajustamento de curto prazo&#8221;, ressalta o documento da OIT.<\/p>\n<p>\tO relat\u00f3rio assinala ainda que contrariamente \u00e0 ideia generalizada, a austeridade n\u00e3o atingiu apenas os pa\u00edses europeus. &#8220;As medidas de conten\u00e7\u00e3o or\u00e7amental n\u00e3o se limitaram \u00e0 Europa. Em 2014, nada menos que 122 governos reduziram a despesa p\u00fablica, 82 deles de pa\u00edses em desenvolvimento&#8221;, refere o documento, assinalando medidas como: &#8220;reformas dos regimes de aposentadoria, dos sistemas de sa\u00fade e de seguran\u00e7a social (&#8230;), supress\u00e3o de subven\u00e7\u00f5es, redu\u00e7\u00f5es de efetivos nos sistemas sociais e de sa\u00fade&#8221;.<\/p>\n<p>\tO relat\u00f3rio sobre a prote\u00e7\u00e3o social no mundo sublinha ainda que mais de 70% da popula\u00e7\u00e3o mundial n\u00e3o tem uma cobertura adequada de prote\u00e7\u00e3o social, que 39% da popula\u00e7\u00e3o mundial n\u00e3o tem acesso a um sistema de cuidados de sa\u00fade, que faltam cerca de 10,3 milh\u00f5es de profissionais de sa\u00fade no mundo para garantir um servi\u00e7o de qualidade a todos os que dele necessitam. <\/span><\/span><\/p>\n","protected":false},"excerpt":{"rendered":"<p>Em 2012 na Europa havia mais 800 mil crian\u00e7as vivendo na pobreza do que em 2008, aponta um relat\u00f3rio da Organiza\u00e7\u00e3o Internacional do Trabalho<\/p>\n","protected":false},"author":2,"featured_media":0,"comment_status":"open","ping_status":"open","sticky":false,"template":"","format":"standard","meta":{"_acf_changed":false,"footnotes":""},"categories":[4766,6],"tags":[],"class_list":{"0":"post-2795","1":"post","2":"type-post","3":"status-publish","4":"format-standard","6":"category-arquivo","7":"category-noticias"},"acf":[],"yoast_head":"<!-- This site is optimized with the Yoast SEO plugin v26.5 - https:\/\/yoast.com\/wordpress\/plugins\/seo\/ -->\n<title>Pol\u00edticas de austeridade da Uni\u00e3o Europeia lan\u00e7aram 800 mil crian\u00e7as na pobreza - PSOL 50<\/title>\n<meta name=\"robots\" content=\"index, follow, max-snippet:-1, max-image-preview:large, max-video-preview:-1\" \/>\n<link rel=\"canonical\" href=\"https:\/\/psol50.org.br\/politicas-de-austeridade-da-uniao-europeia-lancaram-800-mil-criancas-na-pobreza\/\" \/>\n<meta property=\"og:locale\" content=\"pt_BR\" \/>\n<meta property=\"og:type\" content=\"article\" \/>\n<meta property=\"og:title\" content=\"Pol\u00edticas de austeridade da Uni\u00e3o Europeia lan\u00e7aram 800 mil crian\u00e7as na pobreza - PSOL 50\" \/>\n<meta property=\"og:description\" content=\"Em 2012 na Europa havia mais 800 mil crian\u00e7as vivendo na pobreza do que em 2008, aponta um relat\u00f3rio da Organiza\u00e7\u00e3o Internacional do Trabalho\" \/>\n<meta property=\"og:url\" content=\"https:\/\/psol50.org.br\/politicas-de-austeridade-da-uniao-europeia-lancaram-800-mil-criancas-na-pobreza\/\" \/>\n<meta property=\"og:site_name\" content=\"PSOL 50\" \/>\n<meta property=\"article:publisher\" content=\"https:\/\/www.facebook.com\/psol50\" \/>\n<meta property=\"article:published_time\" content=\"2014-06-06T18:58:27+00:00\" \/>\n<meta property=\"og:image\" content=\"https:\/\/psol50.org.br\/inc\/uploads\/2018\/07\/capa.png\" \/>\n\t<meta property=\"og:image:width\" content=\"1350\" \/>\n\t<meta property=\"og:image:height\" content=\"900\" \/>\n\t<meta property=\"og:image:type\" content=\"image\/png\" \/>\n<meta name=\"author\" content=\"Comunica\u00e7\u00e3o PSOL\" \/>\n<meta name=\"twitter:card\" content=\"summary_large_image\" \/>\n<meta name=\"twitter:creator\" content=\"@psol50\" \/>\n<meta name=\"twitter:site\" content=\"@psol50\" \/>\n<meta name=\"twitter:label1\" content=\"Escrito por\" \/>\n\t<meta name=\"twitter:data1\" content=\"Comunica\u00e7\u00e3o PSOL\" \/>\n\t<meta name=\"twitter:label2\" content=\"Est. tempo de leitura\" \/>\n\t<meta name=\"twitter:data2\" content=\"2 minutos\" \/>\n<script type=\"application\/ld+json\" class=\"yoast-schema-graph\">{\"@context\":\"https:\/\/schema.org\",\"@graph\":[{\"@type\":\"Article\",\"@id\":\"https:\/\/psol50.org.br\/politicas-de-austeridade-da-uniao-europeia-lancaram-800-mil-criancas-na-pobreza\/#article\",\"isPartOf\":{\"@id\":\"https:\/\/psol50.org.br\/politicas-de-austeridade-da-uniao-europeia-lancaram-800-mil-criancas-na-pobreza\/\"},\"author\":{\"name\":\"Comunica\u00e7\u00e3o PSOL\",\"@id\":\"https:\/\/psol50.org.br\/#\/schema\/person\/475dfa57d0b815993c714c2e96491fcd\"},\"headline\":\"Pol\u00edticas de austeridade da Uni\u00e3o Europeia lan\u00e7aram 800 mil crian\u00e7as na pobreza\",\"datePublished\":\"2014-06-06T18:58:27+00:00\",\"mainEntityOfPage\":{\"@id\":\"https:\/\/psol50.org.br\/politicas-de-austeridade-da-uniao-europeia-lancaram-800-mil-criancas-na-pobreza\/\"},\"wordCount\":393,\"commentCount\":0,\"publisher\":{\"@id\":\"https:\/\/psol50.org.br\/#organization\"},\"articleSection\":[\"Arquivo\",\"Not\u00edcias\"],\"inLanguage\":\"pt-BR\",\"potentialAction\":[{\"@type\":\"CommentAction\",\"name\":\"Comment\",\"target\":[\"https:\/\/psol50.org.br\/politicas-de-austeridade-da-uniao-europeia-lancaram-800-mil-criancas-na-pobreza\/#respond\"]}]},{\"@type\":\"WebPage\",\"@id\":\"https:\/\/psol50.org.br\/politicas-de-austeridade-da-uniao-europeia-lancaram-800-mil-criancas-na-pobreza\/\",\"url\":\"https:\/\/psol50.org.br\/politicas-de-austeridade-da-uniao-europeia-lancaram-800-mil-criancas-na-pobreza\/\",\"name\":\"Pol\u00edticas de austeridade da Uni\u00e3o Europeia lan\u00e7aram 800 mil crian\u00e7as na pobreza - PSOL 50\",\"isPartOf\":{\"@id\":\"https:\/\/psol50.org.br\/#website\"},\"datePublished\":\"2014-06-06T18:58:27+00:00\",\"breadcrumb\":{\"@id\":\"https:\/\/psol50.org.br\/politicas-de-austeridade-da-uniao-europeia-lancaram-800-mil-criancas-na-pobreza\/#breadcrumb\"},\"inLanguage\":\"pt-BR\",\"potentialAction\":[{\"@type\":\"ReadAction\",\"target\":[\"https:\/\/psol50.org.br\/politicas-de-austeridade-da-uniao-europeia-lancaram-800-mil-criancas-na-pobreza\/\"]}]},{\"@type\":\"BreadcrumbList\",\"@id\":\"https:\/\/psol50.org.br\/politicas-de-austeridade-da-uniao-europeia-lancaram-800-mil-criancas-na-pobreza\/#breadcrumb\",\"itemListElement\":[{\"@type\":\"ListItem\",\"position\":1,\"name\":\"In\u00edcio\",\"item\":\"https:\/\/psol50.org.br\/\"},{\"@type\":\"ListItem\",\"position\":2,\"name\":\"Pol\u00edticas de austeridade da Uni\u00e3o Europeia lan\u00e7aram 800 mil crian\u00e7as na pobreza\"}]},{\"@type\":\"WebSite\",\"@id\":\"https:\/\/psol50.org.br\/#website\",\"url\":\"https:\/\/psol50.org.br\/\",\"name\":\"PSOL 50\",\"description\":\"Site oficial do Partido Socialismo e Liberdade\",\"publisher\":{\"@id\":\"https:\/\/psol50.org.br\/#organization\"},\"alternateName\":\"PSOL50\",\"potentialAction\":[{\"@type\":\"SearchAction\",\"target\":{\"@type\":\"EntryPoint\",\"urlTemplate\":\"https:\/\/psol50.org.br\/?s={search_term_string}\"},\"query-input\":{\"@type\":\"PropertyValueSpecification\",\"valueRequired\":true,\"valueName\":\"search_term_string\"}}],\"inLanguage\":\"pt-BR\"},{\"@type\":\"Organization\",\"@id\":\"https:\/\/psol50.org.br\/#organization\",\"name\":\"PSOL 50\",\"alternateName\":\"PSOL 50\",\"url\":\"https:\/\/psol50.org.br\/\",\"logo\":{\"@type\":\"ImageObject\",\"inLanguage\":\"pt-BR\",\"@id\":\"https:\/\/psol50.org.br\/#\/schema\/logo\/image\/\",\"url\":\"https:\/\/psol50.org.br\/inc\/uploads\/2018\/07\/capa.png\",\"contentUrl\":\"https:\/\/psol50.org.br\/inc\/uploads\/2018\/07\/capa.png\",\"width\":1350,\"height\":900,\"caption\":\"PSOL 50\"},\"image\":{\"@id\":\"https:\/\/psol50.org.br\/#\/schema\/logo\/image\/\"},\"sameAs\":[\"https:\/\/www.facebook.com\/psol50\",\"https:\/\/x.com\/psol50\",\"https:\/\/www.instagram.com\/psol50\/\",\"https:\/\/www.youtube.com\/channel\/UC7SnJS5o1os7a6CaiNabzcg\"]},{\"@type\":\"Person\",\"@id\":\"https:\/\/psol50.org.br\/#\/schema\/person\/475dfa57d0b815993c714c2e96491fcd\",\"name\":\"Comunica\u00e7\u00e3o PSOL\",\"image\":{\"@type\":\"ImageObject\",\"inLanguage\":\"pt-BR\",\"@id\":\"https:\/\/psol50.org.br\/#\/schema\/person\/image\/\",\"url\":\"https:\/\/secure.gravatar.com\/avatar\/b34fc4f4e468a4e51785917065a3db57b841f5c95dba6ad8c73aaf8f66f8f9bf?s=96&d=mm&r=g\",\"contentUrl\":\"https:\/\/secure.gravatar.com\/avatar\/b34fc4f4e468a4e51785917065a3db57b841f5c95dba6ad8c73aaf8f66f8f9bf?s=96&d=mm&r=g\",\"caption\":\"Comunica\u00e7\u00e3o PSOL\"}}]}<\/script>\n<!-- \/ Yoast SEO plugin. -->","yoast_head_json":{"title":"Pol\u00edticas de austeridade da Uni\u00e3o Europeia lan\u00e7aram 800 mil crian\u00e7as na pobreza - PSOL 50","robots":{"index":"index","follow":"follow","max-snippet":"max-snippet:-1","max-image-preview":"max-image-preview:large","max-video-preview":"max-video-preview:-1"},"canonical":"https:\/\/psol50.org.br\/politicas-de-austeridade-da-uniao-europeia-lancaram-800-mil-criancas-na-pobreza\/","og_locale":"pt_BR","og_type":"article","og_title":"Pol\u00edticas de austeridade da Uni\u00e3o Europeia lan\u00e7aram 800 mil crian\u00e7as na pobreza - PSOL 50","og_description":"Em 2012 na Europa havia mais 800 mil crian\u00e7as vivendo na pobreza do que em 2008, aponta um relat\u00f3rio da Organiza\u00e7\u00e3o Internacional do Trabalho","og_url":"https:\/\/psol50.org.br\/politicas-de-austeridade-da-uniao-europeia-lancaram-800-mil-criancas-na-pobreza\/","og_site_name":"PSOL 50","article_publisher":"https:\/\/www.facebook.com\/psol50","article_published_time":"2014-06-06T18:58:27+00:00","og_image":[{"width":1350,"height":900,"url":"https:\/\/psol50.org.br\/inc\/uploads\/2018\/07\/capa.png","type":"image\/png"}],"author":"Comunica\u00e7\u00e3o PSOL","twitter_card":"summary_large_image","twitter_creator":"@psol50","twitter_site":"@psol50","twitter_misc":{"Escrito por":"Comunica\u00e7\u00e3o PSOL","Est. tempo de leitura":"2 minutos"},"schema":{"@context":"https:\/\/schema.org","@graph":[{"@type":"Article","@id":"https:\/\/psol50.org.br\/politicas-de-austeridade-da-uniao-europeia-lancaram-800-mil-criancas-na-pobreza\/#article","isPartOf":{"@id":"https:\/\/psol50.org.br\/politicas-de-austeridade-da-uniao-europeia-lancaram-800-mil-criancas-na-pobreza\/"},"author":{"name":"Comunica\u00e7\u00e3o PSOL","@id":"https:\/\/psol50.org.br\/#\/schema\/person\/475dfa57d0b815993c714c2e96491fcd"},"headline":"Pol\u00edticas de austeridade da Uni\u00e3o Europeia lan\u00e7aram 800 mil crian\u00e7as na pobreza","datePublished":"2014-06-06T18:58:27+00:00","mainEntityOfPage":{"@id":"https:\/\/psol50.org.br\/politicas-de-austeridade-da-uniao-europeia-lancaram-800-mil-criancas-na-pobreza\/"},"wordCount":393,"commentCount":0,"publisher":{"@id":"https:\/\/psol50.org.br\/#organization"},"articleSection":["Arquivo","Not\u00edcias"],"inLanguage":"pt-BR","potentialAction":[{"@type":"CommentAction","name":"Comment","target":["https:\/\/psol50.org.br\/politicas-de-austeridade-da-uniao-europeia-lancaram-800-mil-criancas-na-pobreza\/#respond"]}]},{"@type":"WebPage","@id":"https:\/\/psol50.org.br\/politicas-de-austeridade-da-uniao-europeia-lancaram-800-mil-criancas-na-pobreza\/","url":"https:\/\/psol50.org.br\/politicas-de-austeridade-da-uniao-europeia-lancaram-800-mil-criancas-na-pobreza\/","name":"Pol\u00edticas de austeridade da Uni\u00e3o Europeia lan\u00e7aram 800 mil crian\u00e7as na pobreza - PSOL 50","isPartOf":{"@id":"https:\/\/psol50.org.br\/#website"},"datePublished":"2014-06-06T18:58:27+00:00","breadcrumb":{"@id":"https:\/\/psol50.org.br\/politicas-de-austeridade-da-uniao-europeia-lancaram-800-mil-criancas-na-pobreza\/#breadcrumb"},"inLanguage":"pt-BR","potentialAction":[{"@type":"ReadAction","target":["https:\/\/psol50.org.br\/politicas-de-austeridade-da-uniao-europeia-lancaram-800-mil-criancas-na-pobreza\/"]}]},{"@type":"BreadcrumbList","@id":"https:\/\/psol50.org.br\/politicas-de-austeridade-da-uniao-europeia-lancaram-800-mil-criancas-na-pobreza\/#breadcrumb","itemListElement":[{"@type":"ListItem","position":1,"name":"In\u00edcio","item":"https:\/\/psol50.org.br\/"},{"@type":"ListItem","position":2,"name":"Pol\u00edticas de austeridade da Uni\u00e3o Europeia lan\u00e7aram 800 mil crian\u00e7as na pobreza"}]},{"@type":"WebSite","@id":"https:\/\/psol50.org.br\/#website","url":"https:\/\/psol50.org.br\/","name":"PSOL 50","description":"Site oficial do Partido Socialismo e Liberdade","publisher":{"@id":"https:\/\/psol50.org.br\/#organization"},"alternateName":"PSOL50","potentialAction":[{"@type":"SearchAction","target":{"@type":"EntryPoint","urlTemplate":"https:\/\/psol50.org.br\/?s={search_term_string}"},"query-input":{"@type":"PropertyValueSpecification","valueRequired":true,"valueName":"search_term_string"}}],"inLanguage":"pt-BR"},{"@type":"Organization","@id":"https:\/\/psol50.org.br\/#organization","name":"PSOL 50","alternateName":"PSOL 50","url":"https:\/\/psol50.org.br\/","logo":{"@type":"ImageObject","inLanguage":"pt-BR","@id":"https:\/\/psol50.org.br\/#\/schema\/logo\/image\/","url":"https:\/\/psol50.org.br\/inc\/uploads\/2018\/07\/capa.png","contentUrl":"https:\/\/psol50.org.br\/inc\/uploads\/2018\/07\/capa.png","width":1350,"height":900,"caption":"PSOL 50"},"image":{"@id":"https:\/\/psol50.org.br\/#\/schema\/logo\/image\/"},"sameAs":["https:\/\/www.facebook.com\/psol50","https:\/\/x.com\/psol50","https:\/\/www.instagram.com\/psol50\/","https:\/\/www.youtube.com\/channel\/UC7SnJS5o1os7a6CaiNabzcg"]},{"@type":"Person","@id":"https:\/\/psol50.org.br\/#\/schema\/person\/475dfa57d0b815993c714c2e96491fcd","name":"Comunica\u00e7\u00e3o PSOL","image":{"@type":"ImageObject","inLanguage":"pt-BR","@id":"https:\/\/psol50.org.br\/#\/schema\/person\/image\/","url":"https:\/\/secure.gravatar.com\/avatar\/b34fc4f4e468a4e51785917065a3db57b841f5c95dba6ad8c73aaf8f66f8f9bf?s=96&d=mm&r=g","contentUrl":"https:\/\/secure.gravatar.com\/avatar\/b34fc4f4e468a4e51785917065a3db57b841f5c95dba6ad8c73aaf8f66f8f9bf?s=96&d=mm&r=g","caption":"Comunica\u00e7\u00e3o PSOL"}}]}},"_links":{"self":[{"href":"https:\/\/psol50.org.br\/rest\/wp\/v2\/posts\/2795","targetHints":{"allow":["GET"]}}],"collection":[{"href":"https:\/\/psol50.org.br\/rest\/wp\/v2\/posts"}],"about":[{"href":"https:\/\/psol50.org.br\/rest\/wp\/v2\/types\/post"}],"author":[{"embeddable":true,"href":"https:\/\/psol50.org.br\/rest\/wp\/v2\/users\/2"}],"replies":[{"embeddable":true,"href":"https:\/\/psol50.org.br\/rest\/wp\/v2\/comments?post=2795"}],"version-history":[{"count":0,"href":"https:\/\/psol50.org.br\/rest\/wp\/v2\/posts\/2795\/revisions"}],"wp:attachment":[{"href":"https:\/\/psol50.org.br\/rest\/wp\/v2\/media?parent=2795"}],"wp:term":[{"taxonomy":"category","embeddable":true,"href":"https:\/\/psol50.org.br\/rest\/wp\/v2\/categories?post=2795"},{"taxonomy":"post_tag","embeddable":true,"href":"https:\/\/psol50.org.br\/rest\/wp\/v2\/tags?post=2795"}],"curies":[{"name":"wp","href":"https:\/\/api.w.org\/{rel}","templated":true}]}}