{"id":27972,"date":"2020-03-27T13:26:51","date_gmt":"2020-03-27T16:26:51","guid":{"rendered":"https:\/\/psol50.org.br\/?p=27972"},"modified":"2020-03-27T13:26:51","modified_gmt":"2020-03-27T16:26:51","slug":"psol-cobra-investigacao-ao-mpf-sobre-campanha-do-governo-o-brasil-nao-pode-parar-que-estimula-fim-do-isolamento","status":"publish","type":"post","link":"https:\/\/psol50.org.br\/psol-cobra-investigacao-ao-mpf-sobre-campanha-do-governo-o-brasil-nao-pode-parar-que-estimula-fim-do-isolamento\/","title":{"rendered":"PSOL cobra investiga\u00e7\u00e3o do MPF sobre campanha do governo &#8220;O Brasil n\u00e3o pode parar&#8221;, que estimula fim do isolamento"},"content":{"rendered":"<p><a href=\"https:\/\/psol50.org.br\/coronavirus\/\"><img loading=\"lazy\" decoding=\"async\" class=\"alignnone size-full wp-image-27838\" src=\"https:\/\/psol50.org.br\/inc\/uploads\/2020\/03\/Banner-Site_3.png\" alt=\"\" width=\"1240\" height=\"331\" srcset=\"https:\/\/psol50.org.br\/inc\/uploads\/2020\/03\/Banner-Site_3.png 1240w, https:\/\/psol50.org.br\/inc\/uploads\/2020\/03\/Banner-Site_3-300x80.png 300w, https:\/\/psol50.org.br\/inc\/uploads\/2020\/03\/Banner-Site_3-1024x273.png 1024w, https:\/\/psol50.org.br\/inc\/uploads\/2020\/03\/Banner-Site_3-768x205.png 768w, https:\/\/psol50.org.br\/inc\/uploads\/2020\/03\/Banner-Site_3-150x40.png 150w, https:\/\/psol50.org.br\/inc\/uploads\/2020\/03\/Banner-Site_3-696x186.png 696w, https:\/\/psol50.org.br\/inc\/uploads\/2020\/03\/Banner-Site_3-1068x285.png 1068w\" sizes=\"auto, (max-width: 1240px) 100vw, 1240px\" \/><\/a><\/p>\n<p>A bancada do PSOL na C\u00e2mara dos Deputados enviou uma representa\u00e7\u00e3o ao Minist\u00e9rio P\u00fablico Federal e ao Procurador-Geral da Rep\u00fablica, Augusto Aras, nesta sexta-feira (27) para solicitar a instaura\u00e7\u00e3o de um inqu\u00e9rito civil ou criminal para a apurar a postura de Jair Bolsonaro durante a pandemia do novo coronav\u00edrus, que estimula o fim do isolamento social e, consequentemente, a propaga\u00e7\u00e3o do novo coronav\u00edrus no pa\u00eds.<\/p>\n<p>A a\u00e7\u00e3o foi motivada pela nova campanha do governo federal, que se chama &#8220;O Brasil N\u00e3o Pode Parar&#8221;, que defende o fim do isolamento social e a volta das pessoas ao trabalho durante a pandemia de coronav\u00edrus. Na propaganda do governo, categorias como a dos aut\u00f4nomos e mesmo a dos profissionais da sa\u00fade s\u00e3o mostradas como desejosas de voltar ao regime normal de trabalho.<\/p>\n<p>&#8220;A utiliza\u00e7\u00e3o de canais oficiais de comunica\u00e7\u00f5es do governo n\u00e3o pode ser contaminada por opini\u00f5es sem embasamento t\u00e9cnico e cient\u00edfico. O caso em tela fere, evidentemente, os princ\u00edpios constitucionais e incorrendo nos artigos descritos na lei de improbidade administrativa, al\u00e9m do C\u00f3digo Penal&#8221;, diz a representa\u00e7\u00e3o do PSOL.<\/p>\n<p>&#8220;As declara\u00e7\u00f5es do Presidente das Rep\u00fablica s\u00e3o cada dia mais catastr\u00f3ficas. [Ele] afirmou que o brasileiro precisa ser &#8216;estudado&#8217; porque \u00e9 capaz de\u00a0pular &#8216;no esgoto&#8217; sem que nada aconte\u00e7a com\u00a0ele&#8221;, aponta o partido ao citar a \u00faltima live do presidente nas redes sociais.<\/p>\n<p>&#8220;O Secret\u00e1rio Especial de Comunica\u00e7\u00e3o Social da Secretaria Geral da Presid\u00eancia da Rep\u00fablica e os demais representados se valeram do cargo para divulgar, em rede oficial, medidas contr\u00e1rias \u00e0s determinadas pela Organiza\u00e7\u00e3o Mundial de Sa\u00fade (OMS), colocando a sa\u00fade p\u00fablica do povo brasileiro em risco&#8221;, conclui a exposi\u00e7\u00e3o do PSOL, que tamb\u00e9m foi endere\u00e7ada \u00e0 Procuradoria Federal dos Direitos do Cidad\u00e3o e ao Procurador da Rep\u00fablica do Distrito Federal, al\u00e9m do Secret\u00e1rio de Comunica\u00e7\u00e3o Social da Presid\u00eancia da Rep\u00fablica, F\u00e1bio Wajngarten, que coordena a campanha mesmo ap\u00f3s ter contra\u00eddo o novo coronav\u00edrus ainda no in\u00edcio da pandemia.<\/p>\n","protected":false},"excerpt":{"rendered":"<p>A bancada do PSOL na C\u00e2mara dos Deputados enviou uma representa\u00e7\u00e3o ao Minist\u00e9rio P\u00fablico Federal e ao Procurador-Geral da Rep\u00fablica, Augusto Aras, nesta sexta-feira (27) para solicitar a instaura\u00e7\u00e3o de um inqu\u00e9rito civil ou criminal para a apurar a postura de Jair Bolsonaro durante a pandemia do novo coronav\u00edrus, que estimula o fim do isolamento [&hellip;]<\/p>\n","protected":false},"author":2,"featured_media":27974,"comment_status":"closed","ping_status":"open","sticky":false,"template":"","format":"standard","meta":{"_acf_changed":false,"footnotes":""},"categories":[10,6],"tags":[410,411,171,76,367,22,366],"class_list":{"0":"post-27972","1":"post","2":"type-post","3":"status-publish","4":"format-standard","5":"has-post-thumbnail","7":"category-acao-parlamentares","8":"category-noticias","9":"tag-brasil-nao-pode-parar","10":"tag-comunicacao","11":"tag-coronavirus","12":"tag-mpf","13":"tag-pandemia","14":"tag-psol","15":"tag-psolcontraocoronavirus"},"acf":[],"yoast_head":"<!-- This site is optimized with the Yoast SEO plugin v26.5 - https:\/\/yoast.com\/wordpress\/plugins\/seo\/ -->\n<title>PSOL cobra investiga\u00e7\u00e3o do MPF sobre campanha do governo &quot;O Brasil n\u00e3o pode parar&quot;, que estimula fim do isolamento<\/title>\n<meta name=\"description\" content=\"A utiliza\u00e7\u00e3o de canais oficiais de comunica\u00e7\u00f5es do governo n\u00e3o pode ser contaminada por opini\u00f5es sem embasamento t\u00e9cnico e cient\u00edfico.\" \/>\n<meta name=\"robots\" content=\"index, follow, max-snippet:-1, max-image-preview:large, max-video-preview:-1\" \/>\n<link rel=\"canonical\" href=\"https:\/\/psol50.org.br\/psol-cobra-investigacao-ao-mpf-sobre-campanha-do-governo-o-brasil-nao-pode-parar-que-estimula-fim-do-isolamento\/\" \/>\n<meta property=\"og:locale\" content=\"pt_BR\" \/>\n<meta property=\"og:type\" content=\"article\" \/>\n<meta property=\"og:title\" content=\"PSOL cobra investiga\u00e7\u00e3o do MPF sobre campanha do governo &quot;O Brasil n\u00e3o pode parar&quot;, que estimula fim do isolamento\" \/>\n<meta property=\"og:description\" content=\"A utiliza\u00e7\u00e3o de canais oficiais de comunica\u00e7\u00f5es do governo n\u00e3o pode ser contaminada por opini\u00f5es sem embasamento t\u00e9cnico e cient\u00edfico.\" \/>\n<meta property=\"og:url\" content=\"https:\/\/psol50.org.br\/psol-cobra-investigacao-ao-mpf-sobre-campanha-do-governo-o-brasil-nao-pode-parar-que-estimula-fim-do-isolamento\/\" \/>\n<meta property=\"og:site_name\" content=\"PSOL 50\" \/>\n<meta property=\"article:publisher\" content=\"https:\/\/www.facebook.com\/psol50\" \/>\n<meta property=\"article:published_time\" content=\"2020-03-27T16:26:51+00:00\" \/>\n<meta property=\"og:image\" content=\"https:\/\/psol50.org.br\/inc\/uploads\/2020\/03\/20200327070316_41957ae88c60986f907fc1835c574bbc0920c5944eb691042d7ddf63ae9eda8d.jpeg\" \/>\n\t<meta property=\"og:image:width\" content=\"1250\" \/>\n\t<meta property=\"og:image:height\" content=\"600\" \/>\n\t<meta property=\"og:image:type\" content=\"image\/jpeg\" \/>\n<meta name=\"author\" content=\"Comunica\u00e7\u00e3o PSOL\" \/>\n<meta name=\"twitter:card\" content=\"summary_large_image\" \/>\n<meta name=\"twitter:title\" content=\"PSOL cobra investiga\u00e7\u00e3o do MPF sobre campanha do governo &quot;O Brasil n\u00e3o pode parar&quot;, que estimula fim do isolamento\" \/>\n<meta name=\"twitter:description\" content=\"A utiliza\u00e7\u00e3o de canais oficiais de comunica\u00e7\u00f5es do governo n\u00e3o pode ser contaminada por opini\u00f5es sem embasamento t\u00e9cnico e cient\u00edfico.\" \/>\n<meta name=\"twitter:image\" content=\"https:\/\/psol50.org.br\/inc\/uploads\/2020\/03\/20200327070316_41957ae88c60986f907fc1835c574bbc0920c5944eb691042d7ddf63ae9eda8d.jpeg\" \/>\n<meta name=\"twitter:creator\" content=\"@psol50\" \/>\n<meta name=\"twitter:site\" content=\"@psol50\" \/>\n<meta name=\"twitter:label1\" content=\"Escrito por\" \/>\n\t<meta name=\"twitter:data1\" content=\"Comunica\u00e7\u00e3o PSOL\" \/>\n\t<meta name=\"twitter:label2\" content=\"Est. tempo de leitura\" \/>\n\t<meta name=\"twitter:data2\" content=\"2 minutos\" \/>\n<script type=\"application\/ld+json\" class=\"yoast-schema-graph\">{\"@context\":\"https:\/\/schema.org\",\"@graph\":[{\"@type\":\"Article\",\"@id\":\"https:\/\/psol50.org.br\/psol-cobra-investigacao-ao-mpf-sobre-campanha-do-governo-o-brasil-nao-pode-parar-que-estimula-fim-do-isolamento\/#article\",\"isPartOf\":{\"@id\":\"https:\/\/psol50.org.br\/psol-cobra-investigacao-ao-mpf-sobre-campanha-do-governo-o-brasil-nao-pode-parar-que-estimula-fim-do-isolamento\/\"},\"author\":{\"name\":\"Comunica\u00e7\u00e3o PSOL\",\"@id\":\"https:\/\/psol50.org.br\/#\/schema\/person\/475dfa57d0b815993c714c2e96491fcd\"},\"headline\":\"PSOL cobra investiga\u00e7\u00e3o do MPF sobre campanha do governo &#8220;O Brasil n\u00e3o pode parar&#8221;, que estimula fim do isolamento\",\"datePublished\":\"2020-03-27T16:26:51+00:00\",\"mainEntityOfPage\":{\"@id\":\"https:\/\/psol50.org.br\/psol-cobra-investigacao-ao-mpf-sobre-campanha-do-governo-o-brasil-nao-pode-parar-que-estimula-fim-do-isolamento\/\"},\"wordCount\":393,\"publisher\":{\"@id\":\"https:\/\/psol50.org.br\/#organization\"},\"image\":{\"@id\":\"https:\/\/psol50.org.br\/psol-cobra-investigacao-ao-mpf-sobre-campanha-do-governo-o-brasil-nao-pode-parar-que-estimula-fim-do-isolamento\/#primaryimage\"},\"thumbnailUrl\":\"https:\/\/psol50.org.br\/inc\/uploads\/2020\/03\/20200327070316_41957ae88c60986f907fc1835c574bbc0920c5944eb691042d7ddf63ae9eda8d.jpeg\",\"keywords\":[\"brasil n\u00e3o pode parar\",\"comunica\u00e7\u00e3o\",\"coronav\u00edrus\",\"MPF\",\"pandemia\",\"PSOL\",\"psolcontraocoronavirus\"],\"articleSection\":[\"A\u00e7\u00e3o Parlamentar\",\"Not\u00edcias\"],\"inLanguage\":\"pt-BR\"},{\"@type\":\"WebPage\",\"@id\":\"https:\/\/psol50.org.br\/psol-cobra-investigacao-ao-mpf-sobre-campanha-do-governo-o-brasil-nao-pode-parar-que-estimula-fim-do-isolamento\/\",\"url\":\"https:\/\/psol50.org.br\/psol-cobra-investigacao-ao-mpf-sobre-campanha-do-governo-o-brasil-nao-pode-parar-que-estimula-fim-do-isolamento\/\",\"name\":\"PSOL cobra investiga\u00e7\u00e3o do MPF sobre campanha do governo \\\"O Brasil n\u00e3o pode parar\\\", que estimula fim do isolamento\",\"isPartOf\":{\"@id\":\"https:\/\/psol50.org.br\/#website\"},\"primaryImageOfPage\":{\"@id\":\"https:\/\/psol50.org.br\/psol-cobra-investigacao-ao-mpf-sobre-campanha-do-governo-o-brasil-nao-pode-parar-que-estimula-fim-do-isolamento\/#primaryimage\"},\"image\":{\"@id\":\"https:\/\/psol50.org.br\/psol-cobra-investigacao-ao-mpf-sobre-campanha-do-governo-o-brasil-nao-pode-parar-que-estimula-fim-do-isolamento\/#primaryimage\"},\"thumbnailUrl\":\"https:\/\/psol50.org.br\/inc\/uploads\/2020\/03\/20200327070316_41957ae88c60986f907fc1835c574bbc0920c5944eb691042d7ddf63ae9eda8d.jpeg\",\"datePublished\":\"2020-03-27T16:26:51+00:00\",\"description\":\"A utiliza\u00e7\u00e3o de canais oficiais de comunica\u00e7\u00f5es do governo n\u00e3o pode ser contaminada por opini\u00f5es sem embasamento t\u00e9cnico e cient\u00edfico.\",\"breadcrumb\":{\"@id\":\"https:\/\/psol50.org.br\/psol-cobra-investigacao-ao-mpf-sobre-campanha-do-governo-o-brasil-nao-pode-parar-que-estimula-fim-do-isolamento\/#breadcrumb\"},\"inLanguage\":\"pt-BR\",\"potentialAction\":[{\"@type\":\"ReadAction\",\"target\":[\"https:\/\/psol50.org.br\/psol-cobra-investigacao-ao-mpf-sobre-campanha-do-governo-o-brasil-nao-pode-parar-que-estimula-fim-do-isolamento\/\"]}]},{\"@type\":\"ImageObject\",\"inLanguage\":\"pt-BR\",\"@id\":\"https:\/\/psol50.org.br\/psol-cobra-investigacao-ao-mpf-sobre-campanha-do-governo-o-brasil-nao-pode-parar-que-estimula-fim-do-isolamento\/#primaryimage\",\"url\":\"https:\/\/psol50.org.br\/inc\/uploads\/2020\/03\/20200327070316_41957ae88c60986f907fc1835c574bbc0920c5944eb691042d7ddf63ae9eda8d.jpeg\",\"contentUrl\":\"https:\/\/psol50.org.br\/inc\/uploads\/2020\/03\/20200327070316_41957ae88c60986f907fc1835c574bbc0920c5944eb691042d7ddf63ae9eda8d.jpeg\",\"width\":1250,\"height\":600},{\"@type\":\"BreadcrumbList\",\"@id\":\"https:\/\/psol50.org.br\/psol-cobra-investigacao-ao-mpf-sobre-campanha-do-governo-o-brasil-nao-pode-parar-que-estimula-fim-do-isolamento\/#breadcrumb\",\"itemListElement\":[{\"@type\":\"ListItem\",\"position\":1,\"name\":\"In\u00edcio\",\"item\":\"https:\/\/psol50.org.br\/\"},{\"@type\":\"ListItem\",\"position\":2,\"name\":\"PSOL cobra investiga\u00e7\u00e3o do MPF sobre campanha do governo &#8220;O Brasil n\u00e3o pode parar&#8221;, que estimula fim do isolamento\"}]},{\"@type\":\"WebSite\",\"@id\":\"https:\/\/psol50.org.br\/#website\",\"url\":\"https:\/\/psol50.org.br\/\",\"name\":\"PSOL 50\",\"description\":\"Site oficial do Partido Socialismo e Liberdade\",\"publisher\":{\"@id\":\"https:\/\/psol50.org.br\/#organization\"},\"alternateName\":\"PSOL50\",\"potentialAction\":[{\"@type\":\"SearchAction\",\"target\":{\"@type\":\"EntryPoint\",\"urlTemplate\":\"https:\/\/psol50.org.br\/?s={search_term_string}\"},\"query-input\":{\"@type\":\"PropertyValueSpecification\",\"valueRequired\":true,\"valueName\":\"search_term_string\"}}],\"inLanguage\":\"pt-BR\"},{\"@type\":\"Organization\",\"@id\":\"https:\/\/psol50.org.br\/#organization\",\"name\":\"PSOL 50\",\"alternateName\":\"PSOL 50\",\"url\":\"https:\/\/psol50.org.br\/\",\"logo\":{\"@type\":\"ImageObject\",\"inLanguage\":\"pt-BR\",\"@id\":\"https:\/\/psol50.org.br\/#\/schema\/logo\/image\/\",\"url\":\"https:\/\/psol50.org.br\/inc\/uploads\/2018\/07\/capa.png\",\"contentUrl\":\"https:\/\/psol50.org.br\/inc\/uploads\/2018\/07\/capa.png\",\"width\":1350,\"height\":900,\"caption\":\"PSOL 50\"},\"image\":{\"@id\":\"https:\/\/psol50.org.br\/#\/schema\/logo\/image\/\"},\"sameAs\":[\"https:\/\/www.facebook.com\/psol50\",\"https:\/\/x.com\/psol50\",\"https:\/\/www.instagram.com\/psol50\/\",\"https:\/\/www.youtube.com\/channel\/UC7SnJS5o1os7a6CaiNabzcg\"]},{\"@type\":\"Person\",\"@id\":\"https:\/\/psol50.org.br\/#\/schema\/person\/475dfa57d0b815993c714c2e96491fcd\",\"name\":\"Comunica\u00e7\u00e3o PSOL\",\"image\":{\"@type\":\"ImageObject\",\"inLanguage\":\"pt-BR\",\"@id\":\"https:\/\/psol50.org.br\/#\/schema\/person\/image\/\",\"url\":\"https:\/\/secure.gravatar.com\/avatar\/b34fc4f4e468a4e51785917065a3db57b841f5c95dba6ad8c73aaf8f66f8f9bf?s=96&d=mm&r=g\",\"contentUrl\":\"https:\/\/secure.gravatar.com\/avatar\/b34fc4f4e468a4e51785917065a3db57b841f5c95dba6ad8c73aaf8f66f8f9bf?s=96&d=mm&r=g\",\"caption\":\"Comunica\u00e7\u00e3o PSOL\"}}]}<\/script>\n<!-- \/ Yoast SEO plugin. -->","yoast_head_json":{"title":"PSOL cobra investiga\u00e7\u00e3o do MPF sobre campanha do governo \"O Brasil n\u00e3o pode parar\", que estimula fim do isolamento","description":"A utiliza\u00e7\u00e3o de canais oficiais de comunica\u00e7\u00f5es do governo n\u00e3o pode ser contaminada por opini\u00f5es sem embasamento t\u00e9cnico e cient\u00edfico.","robots":{"index":"index","follow":"follow","max-snippet":"max-snippet:-1","max-image-preview":"max-image-preview:large","max-video-preview":"max-video-preview:-1"},"canonical":"https:\/\/psol50.org.br\/psol-cobra-investigacao-ao-mpf-sobre-campanha-do-governo-o-brasil-nao-pode-parar-que-estimula-fim-do-isolamento\/","og_locale":"pt_BR","og_type":"article","og_title":"PSOL cobra investiga\u00e7\u00e3o do MPF sobre campanha do governo \"O Brasil n\u00e3o pode parar\", que estimula fim do isolamento","og_description":"A utiliza\u00e7\u00e3o de canais oficiais de comunica\u00e7\u00f5es do governo n\u00e3o pode ser contaminada por opini\u00f5es sem embasamento t\u00e9cnico e cient\u00edfico.","og_url":"https:\/\/psol50.org.br\/psol-cobra-investigacao-ao-mpf-sobre-campanha-do-governo-o-brasil-nao-pode-parar-que-estimula-fim-do-isolamento\/","og_site_name":"PSOL 50","article_publisher":"https:\/\/www.facebook.com\/psol50","article_published_time":"2020-03-27T16:26:51+00:00","og_image":[{"width":1250,"height":600,"url":"https:\/\/psol50.org.br\/inc\/uploads\/2020\/03\/20200327070316_41957ae88c60986f907fc1835c574bbc0920c5944eb691042d7ddf63ae9eda8d.jpeg","type":"image\/jpeg"}],"author":"Comunica\u00e7\u00e3o PSOL","twitter_card":"summary_large_image","twitter_title":"PSOL cobra investiga\u00e7\u00e3o do MPF sobre campanha do governo \"O Brasil n\u00e3o pode parar\", que estimula fim do isolamento","twitter_description":"A utiliza\u00e7\u00e3o de canais oficiais de comunica\u00e7\u00f5es do governo n\u00e3o pode ser contaminada por opini\u00f5es sem embasamento t\u00e9cnico e cient\u00edfico.","twitter_image":"https:\/\/psol50.org.br\/inc\/uploads\/2020\/03\/20200327070316_41957ae88c60986f907fc1835c574bbc0920c5944eb691042d7ddf63ae9eda8d.jpeg","twitter_creator":"@psol50","twitter_site":"@psol50","twitter_misc":{"Escrito por":"Comunica\u00e7\u00e3o PSOL","Est. tempo de leitura":"2 minutos"},"schema":{"@context":"https:\/\/schema.org","@graph":[{"@type":"Article","@id":"https:\/\/psol50.org.br\/psol-cobra-investigacao-ao-mpf-sobre-campanha-do-governo-o-brasil-nao-pode-parar-que-estimula-fim-do-isolamento\/#article","isPartOf":{"@id":"https:\/\/psol50.org.br\/psol-cobra-investigacao-ao-mpf-sobre-campanha-do-governo-o-brasil-nao-pode-parar-que-estimula-fim-do-isolamento\/"},"author":{"name":"Comunica\u00e7\u00e3o PSOL","@id":"https:\/\/psol50.org.br\/#\/schema\/person\/475dfa57d0b815993c714c2e96491fcd"},"headline":"PSOL cobra investiga\u00e7\u00e3o do MPF sobre campanha do governo &#8220;O Brasil n\u00e3o pode parar&#8221;, que estimula fim do isolamento","datePublished":"2020-03-27T16:26:51+00:00","mainEntityOfPage":{"@id":"https:\/\/psol50.org.br\/psol-cobra-investigacao-ao-mpf-sobre-campanha-do-governo-o-brasil-nao-pode-parar-que-estimula-fim-do-isolamento\/"},"wordCount":393,"publisher":{"@id":"https:\/\/psol50.org.br\/#organization"},"image":{"@id":"https:\/\/psol50.org.br\/psol-cobra-investigacao-ao-mpf-sobre-campanha-do-governo-o-brasil-nao-pode-parar-que-estimula-fim-do-isolamento\/#primaryimage"},"thumbnailUrl":"https:\/\/psol50.org.br\/inc\/uploads\/2020\/03\/20200327070316_41957ae88c60986f907fc1835c574bbc0920c5944eb691042d7ddf63ae9eda8d.jpeg","keywords":["brasil n\u00e3o pode parar","comunica\u00e7\u00e3o","coronav\u00edrus","MPF","pandemia","PSOL","psolcontraocoronavirus"],"articleSection":["A\u00e7\u00e3o Parlamentar","Not\u00edcias"],"inLanguage":"pt-BR"},{"@type":"WebPage","@id":"https:\/\/psol50.org.br\/psol-cobra-investigacao-ao-mpf-sobre-campanha-do-governo-o-brasil-nao-pode-parar-que-estimula-fim-do-isolamento\/","url":"https:\/\/psol50.org.br\/psol-cobra-investigacao-ao-mpf-sobre-campanha-do-governo-o-brasil-nao-pode-parar-que-estimula-fim-do-isolamento\/","name":"PSOL cobra investiga\u00e7\u00e3o do MPF sobre campanha do governo \"O Brasil n\u00e3o pode parar\", que estimula fim do isolamento","isPartOf":{"@id":"https:\/\/psol50.org.br\/#website"},"primaryImageOfPage":{"@id":"https:\/\/psol50.org.br\/psol-cobra-investigacao-ao-mpf-sobre-campanha-do-governo-o-brasil-nao-pode-parar-que-estimula-fim-do-isolamento\/#primaryimage"},"image":{"@id":"https:\/\/psol50.org.br\/psol-cobra-investigacao-ao-mpf-sobre-campanha-do-governo-o-brasil-nao-pode-parar-que-estimula-fim-do-isolamento\/#primaryimage"},"thumbnailUrl":"https:\/\/psol50.org.br\/inc\/uploads\/2020\/03\/20200327070316_41957ae88c60986f907fc1835c574bbc0920c5944eb691042d7ddf63ae9eda8d.jpeg","datePublished":"2020-03-27T16:26:51+00:00","description":"A utiliza\u00e7\u00e3o de canais oficiais de comunica\u00e7\u00f5es do governo n\u00e3o pode ser contaminada por opini\u00f5es sem embasamento t\u00e9cnico e cient\u00edfico.","breadcrumb":{"@id":"https:\/\/psol50.org.br\/psol-cobra-investigacao-ao-mpf-sobre-campanha-do-governo-o-brasil-nao-pode-parar-que-estimula-fim-do-isolamento\/#breadcrumb"},"inLanguage":"pt-BR","potentialAction":[{"@type":"ReadAction","target":["https:\/\/psol50.org.br\/psol-cobra-investigacao-ao-mpf-sobre-campanha-do-governo-o-brasil-nao-pode-parar-que-estimula-fim-do-isolamento\/"]}]},{"@type":"ImageObject","inLanguage":"pt-BR","@id":"https:\/\/psol50.org.br\/psol-cobra-investigacao-ao-mpf-sobre-campanha-do-governo-o-brasil-nao-pode-parar-que-estimula-fim-do-isolamento\/#primaryimage","url":"https:\/\/psol50.org.br\/inc\/uploads\/2020\/03\/20200327070316_41957ae88c60986f907fc1835c574bbc0920c5944eb691042d7ddf63ae9eda8d.jpeg","contentUrl":"https:\/\/psol50.org.br\/inc\/uploads\/2020\/03\/20200327070316_41957ae88c60986f907fc1835c574bbc0920c5944eb691042d7ddf63ae9eda8d.jpeg","width":1250,"height":600},{"@type":"BreadcrumbList","@id":"https:\/\/psol50.org.br\/psol-cobra-investigacao-ao-mpf-sobre-campanha-do-governo-o-brasil-nao-pode-parar-que-estimula-fim-do-isolamento\/#breadcrumb","itemListElement":[{"@type":"ListItem","position":1,"name":"In\u00edcio","item":"https:\/\/psol50.org.br\/"},{"@type":"ListItem","position":2,"name":"PSOL cobra investiga\u00e7\u00e3o do MPF sobre campanha do governo &#8220;O Brasil n\u00e3o pode parar&#8221;, que estimula fim do isolamento"}]},{"@type":"WebSite","@id":"https:\/\/psol50.org.br\/#website","url":"https:\/\/psol50.org.br\/","name":"PSOL 50","description":"Site oficial do Partido Socialismo e Liberdade","publisher":{"@id":"https:\/\/psol50.org.br\/#organization"},"alternateName":"PSOL50","potentialAction":[{"@type":"SearchAction","target":{"@type":"EntryPoint","urlTemplate":"https:\/\/psol50.org.br\/?s={search_term_string}"},"query-input":{"@type":"PropertyValueSpecification","valueRequired":true,"valueName":"search_term_string"}}],"inLanguage":"pt-BR"},{"@type":"Organization","@id":"https:\/\/psol50.org.br\/#organization","name":"PSOL 50","alternateName":"PSOL 50","url":"https:\/\/psol50.org.br\/","logo":{"@type":"ImageObject","inLanguage":"pt-BR","@id":"https:\/\/psol50.org.br\/#\/schema\/logo\/image\/","url":"https:\/\/psol50.org.br\/inc\/uploads\/2018\/07\/capa.png","contentUrl":"https:\/\/psol50.org.br\/inc\/uploads\/2018\/07\/capa.png","width":1350,"height":900,"caption":"PSOL 50"},"image":{"@id":"https:\/\/psol50.org.br\/#\/schema\/logo\/image\/"},"sameAs":["https:\/\/www.facebook.com\/psol50","https:\/\/x.com\/psol50","https:\/\/www.instagram.com\/psol50\/","https:\/\/www.youtube.com\/channel\/UC7SnJS5o1os7a6CaiNabzcg"]},{"@type":"Person","@id":"https:\/\/psol50.org.br\/#\/schema\/person\/475dfa57d0b815993c714c2e96491fcd","name":"Comunica\u00e7\u00e3o PSOL","image":{"@type":"ImageObject","inLanguage":"pt-BR","@id":"https:\/\/psol50.org.br\/#\/schema\/person\/image\/","url":"https:\/\/secure.gravatar.com\/avatar\/b34fc4f4e468a4e51785917065a3db57b841f5c95dba6ad8c73aaf8f66f8f9bf?s=96&d=mm&r=g","contentUrl":"https:\/\/secure.gravatar.com\/avatar\/b34fc4f4e468a4e51785917065a3db57b841f5c95dba6ad8c73aaf8f66f8f9bf?s=96&d=mm&r=g","caption":"Comunica\u00e7\u00e3o PSOL"}}]}},"_links":{"self":[{"href":"https:\/\/psol50.org.br\/rest\/wp\/v2\/posts\/27972","targetHints":{"allow":["GET"]}}],"collection":[{"href":"https:\/\/psol50.org.br\/rest\/wp\/v2\/posts"}],"about":[{"href":"https:\/\/psol50.org.br\/rest\/wp\/v2\/types\/post"}],"author":[{"embeddable":true,"href":"https:\/\/psol50.org.br\/rest\/wp\/v2\/users\/2"}],"replies":[{"embeddable":true,"href":"https:\/\/psol50.org.br\/rest\/wp\/v2\/comments?post=27972"}],"version-history":[{"count":0,"href":"https:\/\/psol50.org.br\/rest\/wp\/v2\/posts\/27972\/revisions"}],"wp:featuredmedia":[{"embeddable":true,"href":"https:\/\/psol50.org.br\/rest\/wp\/v2\/media\/27974"}],"wp:attachment":[{"href":"https:\/\/psol50.org.br\/rest\/wp\/v2\/media?parent=27972"}],"wp:term":[{"taxonomy":"category","embeddable":true,"href":"https:\/\/psol50.org.br\/rest\/wp\/v2\/categories?post=27972"},{"taxonomy":"post_tag","embeddable":true,"href":"https:\/\/psol50.org.br\/rest\/wp\/v2\/tags?post=27972"}],"curies":[{"name":"wp","href":"https:\/\/api.w.org\/{rel}","templated":true}]}}