{"id":27982,"date":"2020-03-27T17:42:27","date_gmt":"2020-03-27T20:42:27","guid":{"rendered":"https:\/\/psol50.org.br\/?p=27982"},"modified":"2020-03-27T17:42:27","modified_gmt":"2020-03-27T20:42:27","slug":"psol-inicia-serie-de-debates-ao-vivo-nas-redes-sociais-sobre-o-brasil-na-proxima-segunda-30","status":"publish","type":"post","link":"https:\/\/psol50.org.br\/psol-inicia-serie-de-debates-ao-vivo-nas-redes-sociais-sobre-o-brasil-na-proxima-segunda-30\/","title":{"rendered":"PSOL inicia s\u00e9rie de debates ao vivo nas redes sociais sobre o Brasil na pr\u00f3xima segunda (30)"},"content":{"rendered":"<p><a href=\"https:\/\/psol50.org.br\/coronavirus\/\"><img loading=\"lazy\" decoding=\"async\" class=\"alignnone size-full wp-image-27838\" src=\"https:\/\/psol50.org.br\/inc\/uploads\/2020\/03\/Banner-Site_3.png\" alt=\"\" width=\"1240\" height=\"331\" srcset=\"https:\/\/psol50.org.br\/inc\/uploads\/2020\/03\/Banner-Site_3.png 1240w, https:\/\/psol50.org.br\/inc\/uploads\/2020\/03\/Banner-Site_3-300x80.png 300w, https:\/\/psol50.org.br\/inc\/uploads\/2020\/03\/Banner-Site_3-1024x273.png 1024w, https:\/\/psol50.org.br\/inc\/uploads\/2020\/03\/Banner-Site_3-768x205.png 768w, https:\/\/psol50.org.br\/inc\/uploads\/2020\/03\/Banner-Site_3-150x40.png 150w, https:\/\/psol50.org.br\/inc\/uploads\/2020\/03\/Banner-Site_3-696x186.png 696w, https:\/\/psol50.org.br\/inc\/uploads\/2020\/03\/Banner-Site_3-1068x285.png 1068w\" sizes=\"auto, (max-width: 1240px) 100vw, 1240px\" \/><\/a><\/p>\n<p>Na pr\u00f3xima segunda-feira (30) o PSOL inicia uma s\u00e9rie de debates ao vivo sobre o Brasil e as crises econ\u00f4mica, social e sanit\u00e1ria pelas quais passa o pa\u00eds. Os debates ser\u00e3o transmitidos pelas p\u00e1ginas oficiais do partido no Youtube, Twitter e Facebook. O primeiro ser\u00e1 \u00e0s 19h com a participa\u00e7\u00e3o dos deputados federais Marcelo Freixo e Tal\u00edria Petrone ao lado do presidente nacional do partido, Juliano Medeiros.<\/p>\n<p>Os debates v\u00e3o tratar sobre as avalia\u00e7\u00f5es e iniciativas da oposi\u00e7\u00e3o ao governo Bolsonaro durante esta grave crise pela qual passa o pa\u00eds. Enquanto Bolsonaro usa a estrutura do governo federal para promover desinforma\u00e7\u00e3o sem nenhuma base t\u00e9cnica ou cient\u00edfica, o PSOL vai usar suas redes sociais para apresentar as propostas do partido e de toda a oposi\u00e7\u00e3o para combater as not\u00edcias falsas e decis\u00f5es irrespons\u00e1veis de Bolsonaro e sua equipe.<\/p>\n<p>Artistas nacionais e internacionais, pesquisadores, ativistas, todos est\u00e3o utilizando as redes sociais para seguir mostrando seu trabalho ao p\u00fablico e mant\u00ea-lo informado mesmo durante a forma mais segura de combater a pandemia do novo coronav\u00edrus: o isolamento social e a quarentena. A partir da pr\u00f3xima segunda, voc\u00ea tamb\u00e9m pode se programar para ficar por dentro das propostas da oposi\u00e7\u00e3o a Bolsonaro. Desobede\u00e7a o presidente, siga as recomenda\u00e7\u00f5es das organiza\u00e7\u00f5es de sa\u00fade: fique em casa!<\/p>\n<p><em><strong>Servi\u00e7o:<\/strong><\/em><br \/>\n<em><strong>In\u00edcio da s\u00e9rie de debates sobre as iniciativas da oposi\u00e7\u00e3o ao governo Bolsonaro na luta pela vida<\/strong><\/em><br \/>\n<em><strong>Segunda-feira (30) \u00e0s 19h<\/strong><\/em><br \/>\n<em><strong>Com Marcelo Freixo, Tal\u00edria Petrone e Juliano Medeiros<\/strong><\/em><br \/>\n<em><strong>Nas redes sociais do PSOL 50:<\/strong><\/em><\/p>\n<p><em><strong>Youtube &#8211;<\/strong><\/em> <a href=\"http:\/\/www.youtube.com\/psol50oficial\" target=\"_blank\" rel=\"noopener noreferrer\">www.youtube.com\/psol50oficial<\/a><\/p>\n<p><strong><em>Twitter &#8211;<\/em><\/strong> <a href=\"http:\/\/www.twitter.com\/psol50\" target=\"_blank\" rel=\"noopener noreferrer\">www.twitter.com\/psol50<\/a><\/p>\n<p><em><strong>Facebook &#8211;<\/strong><\/em> <a href=\"http:\/\/www.facebook.com\/psol50\" target=\"_blank\" rel=\"noopener noreferrer\">www.facebook.com\/psol50<\/a><\/p>\n<p>&nbsp;<\/p>\n","protected":false},"excerpt":{"rendered":"<p>Na pr\u00f3xima segunda-feira (30) o PSOL inicia uma s\u00e9rie de debates ao vivo sobre o Brasil e as crises econ\u00f4mica, social e sanit\u00e1ria pelas quais passa o pa\u00eds. Os debates ser\u00e3o transmitidos pelas p\u00e1ginas oficiais do partido no Youtube, Twitter e Facebook. O primeiro ser\u00e1 \u00e0s 19h com a participa\u00e7\u00e3o dos deputados federais Marcelo Freixo [&hellip;]<\/p>\n","protected":false},"author":2,"featured_media":25753,"comment_status":"closed","ping_status":"open","sticky":false,"template":"","format":"standard","meta":{"_acf_changed":false,"footnotes":""},"categories":[6],"tags":[56,86,412,161,315,22,413,382],"class_list":{"0":"post-27982","1":"post","2":"type-post","3":"status-publish","4":"format-standard","5":"has-post-thumbnail","7":"category-noticias","8":"tag-bolsonaro","9":"tag-brasil","10":"tag-debate","11":"tag-marcelo-freixo","12":"tag-oposicao","13":"tag-psol","14":"tag-redes-sociais","15":"tag-taliria-petrone"},"acf":[],"yoast_head":"<!-- This site is optimized with the Yoast SEO plugin v26.5 - https:\/\/yoast.com\/wordpress\/plugins\/seo\/ -->\n<title>PSOL inicia s\u00e9rie de debates ao vivo nas redes sociais sobre o Brasil na pr\u00f3xima segunda (30)<\/title>\n<meta name=\"description\" content=\"O primeiro ser\u00e1 \u00e0s 19h com a participa\u00e7\u00e3o dos deputados federais Marcelo Freixo e Tal\u00edria Petrone ao lado do presidente nacional do partido, Juliano Medeiros.\" \/>\n<meta name=\"robots\" content=\"index, follow, max-snippet:-1, max-image-preview:large, max-video-preview:-1\" \/>\n<link rel=\"canonical\" href=\"https:\/\/psol50.org.br\/psol-inicia-serie-de-debates-ao-vivo-nas-redes-sociais-sobre-o-brasil-na-proxima-segunda-30\/\" \/>\n<meta property=\"og:locale\" content=\"pt_BR\" \/>\n<meta property=\"og:type\" content=\"article\" \/>\n<meta property=\"og:title\" content=\"PSOL inicia s\u00e9rie de debates ao vivo nas redes sociais sobre o Brasil na pr\u00f3xima segunda (30)\" \/>\n<meta property=\"og:description\" content=\"O primeiro ser\u00e1 \u00e0s 19h com a participa\u00e7\u00e3o dos deputados federais Marcelo Freixo e Tal\u00edria Petrone ao lado do presidente nacional do partido, Juliano Medeiros.\" \/>\n<meta property=\"og:url\" content=\"https:\/\/psol50.org.br\/psol-inicia-serie-de-debates-ao-vivo-nas-redes-sociais-sobre-o-brasil-na-proxima-segunda-30\/\" \/>\n<meta property=\"og:site_name\" content=\"PSOL 50\" \/>\n<meta property=\"article:publisher\" content=\"https:\/\/www.facebook.com\/psol50\" \/>\n<meta property=\"article:published_time\" content=\"2020-03-27T20:42:27+00:00\" \/>\n<meta property=\"og:image\" content=\"https:\/\/psol50.org.br\/inc\/uploads\/2019\/07\/DzzNf1aX0AYt3mT.jpg\" \/>\n\t<meta property=\"og:image:width\" content=\"1200\" \/>\n\t<meta property=\"og:image:height\" content=\"725\" \/>\n\t<meta property=\"og:image:type\" content=\"image\/jpeg\" \/>\n<meta name=\"author\" content=\"Comunica\u00e7\u00e3o PSOL\" \/>\n<meta name=\"twitter:card\" content=\"summary_large_image\" \/>\n<meta name=\"twitter:title\" content=\"PSOL inicia s\u00e9rie de debates ao vivo nas redes sociais sobre o Brasil na pr\u00f3xima segunda (30)\" \/>\n<meta name=\"twitter:description\" content=\"O primeiro ser\u00e1 \u00e0s 19h com a participa\u00e7\u00e3o dos deputados federais Marcelo Freixo e Tal\u00edria Petrone ao lado do presidente nacional do partido, Juliano Medeiros.\" \/>\n<meta name=\"twitter:image\" content=\"https:\/\/psol50.org.br\/inc\/uploads\/2019\/07\/DzzNf1aX0AYt3mT.jpg\" \/>\n<meta name=\"twitter:creator\" content=\"@psol50\" \/>\n<meta name=\"twitter:site\" content=\"@psol50\" \/>\n<meta name=\"twitter:label1\" content=\"Escrito por\" \/>\n\t<meta name=\"twitter:data1\" content=\"Comunica\u00e7\u00e3o PSOL\" \/>\n\t<meta name=\"twitter:label2\" content=\"Est. tempo de leitura\" \/>\n\t<meta name=\"twitter:data2\" content=\"2 minutos\" \/>\n<script type=\"application\/ld+json\" class=\"yoast-schema-graph\">{\"@context\":\"https:\/\/schema.org\",\"@graph\":[{\"@type\":\"Article\",\"@id\":\"https:\/\/psol50.org.br\/psol-inicia-serie-de-debates-ao-vivo-nas-redes-sociais-sobre-o-brasil-na-proxima-segunda-30\/#article\",\"isPartOf\":{\"@id\":\"https:\/\/psol50.org.br\/psol-inicia-serie-de-debates-ao-vivo-nas-redes-sociais-sobre-o-brasil-na-proxima-segunda-30\/\"},\"author\":{\"name\":\"Comunica\u00e7\u00e3o PSOL\",\"@id\":\"https:\/\/psol50.org.br\/#\/schema\/person\/475dfa57d0b815993c714c2e96491fcd\"},\"headline\":\"PSOL inicia s\u00e9rie de debates ao vivo nas redes sociais sobre o Brasil na pr\u00f3xima segunda (30)\",\"datePublished\":\"2020-03-27T20:42:27+00:00\",\"mainEntityOfPage\":{\"@id\":\"https:\/\/psol50.org.br\/psol-inicia-serie-de-debates-ao-vivo-nas-redes-sociais-sobre-o-brasil-na-proxima-segunda-30\/\"},\"wordCount\":319,\"publisher\":{\"@id\":\"https:\/\/psol50.org.br\/#organization\"},\"image\":{\"@id\":\"https:\/\/psol50.org.br\/psol-inicia-serie-de-debates-ao-vivo-nas-redes-sociais-sobre-o-brasil-na-proxima-segunda-30\/#primaryimage\"},\"thumbnailUrl\":\"https:\/\/psol50.org.br\/inc\/uploads\/2019\/07\/DzzNf1aX0AYt3mT.jpg\",\"keywords\":[\"Bolsonaro\",\"Brasil\",\"debate\",\"Marcelo Freixo\",\"Oposi\u00e7\u00e3o\",\"PSOL\",\"redes sociais\",\"Tal\u00edria Petrone\"],\"articleSection\":[\"Not\u00edcias\"],\"inLanguage\":\"pt-BR\"},{\"@type\":\"WebPage\",\"@id\":\"https:\/\/psol50.org.br\/psol-inicia-serie-de-debates-ao-vivo-nas-redes-sociais-sobre-o-brasil-na-proxima-segunda-30\/\",\"url\":\"https:\/\/psol50.org.br\/psol-inicia-serie-de-debates-ao-vivo-nas-redes-sociais-sobre-o-brasil-na-proxima-segunda-30\/\",\"name\":\"PSOL inicia s\u00e9rie de debates ao vivo nas redes sociais sobre o Brasil na pr\u00f3xima segunda (30)\",\"isPartOf\":{\"@id\":\"https:\/\/psol50.org.br\/#website\"},\"primaryImageOfPage\":{\"@id\":\"https:\/\/psol50.org.br\/psol-inicia-serie-de-debates-ao-vivo-nas-redes-sociais-sobre-o-brasil-na-proxima-segunda-30\/#primaryimage\"},\"image\":{\"@id\":\"https:\/\/psol50.org.br\/psol-inicia-serie-de-debates-ao-vivo-nas-redes-sociais-sobre-o-brasil-na-proxima-segunda-30\/#primaryimage\"},\"thumbnailUrl\":\"https:\/\/psol50.org.br\/inc\/uploads\/2019\/07\/DzzNf1aX0AYt3mT.jpg\",\"datePublished\":\"2020-03-27T20:42:27+00:00\",\"description\":\"O primeiro ser\u00e1 \u00e0s 19h com a participa\u00e7\u00e3o dos deputados federais Marcelo Freixo e Tal\u00edria Petrone ao lado do presidente nacional do partido, Juliano Medeiros.\",\"breadcrumb\":{\"@id\":\"https:\/\/psol50.org.br\/psol-inicia-serie-de-debates-ao-vivo-nas-redes-sociais-sobre-o-brasil-na-proxima-segunda-30\/#breadcrumb\"},\"inLanguage\":\"pt-BR\",\"potentialAction\":[{\"@type\":\"ReadAction\",\"target\":[\"https:\/\/psol50.org.br\/psol-inicia-serie-de-debates-ao-vivo-nas-redes-sociais-sobre-o-brasil-na-proxima-segunda-30\/\"]}]},{\"@type\":\"ImageObject\",\"inLanguage\":\"pt-BR\",\"@id\":\"https:\/\/psol50.org.br\/psol-inicia-serie-de-debates-ao-vivo-nas-redes-sociais-sobre-o-brasil-na-proxima-segunda-30\/#primaryimage\",\"url\":\"https:\/\/psol50.org.br\/inc\/uploads\/2019\/07\/DzzNf1aX0AYt3mT.jpg\",\"contentUrl\":\"https:\/\/psol50.org.br\/inc\/uploads\/2019\/07\/DzzNf1aX0AYt3mT.jpg\",\"width\":1200,\"height\":725},{\"@type\":\"BreadcrumbList\",\"@id\":\"https:\/\/psol50.org.br\/psol-inicia-serie-de-debates-ao-vivo-nas-redes-sociais-sobre-o-brasil-na-proxima-segunda-30\/#breadcrumb\",\"itemListElement\":[{\"@type\":\"ListItem\",\"position\":1,\"name\":\"In\u00edcio\",\"item\":\"https:\/\/psol50.org.br\/\"},{\"@type\":\"ListItem\",\"position\":2,\"name\":\"PSOL inicia s\u00e9rie de debates ao vivo nas redes sociais sobre o Brasil na pr\u00f3xima segunda (30)\"}]},{\"@type\":\"WebSite\",\"@id\":\"https:\/\/psol50.org.br\/#website\",\"url\":\"https:\/\/psol50.org.br\/\",\"name\":\"PSOL 50\",\"description\":\"Site oficial do Partido Socialismo e Liberdade\",\"publisher\":{\"@id\":\"https:\/\/psol50.org.br\/#organization\"},\"alternateName\":\"PSOL50\",\"potentialAction\":[{\"@type\":\"SearchAction\",\"target\":{\"@type\":\"EntryPoint\",\"urlTemplate\":\"https:\/\/psol50.org.br\/?s={search_term_string}\"},\"query-input\":{\"@type\":\"PropertyValueSpecification\",\"valueRequired\":true,\"valueName\":\"search_term_string\"}}],\"inLanguage\":\"pt-BR\"},{\"@type\":\"Organization\",\"@id\":\"https:\/\/psol50.org.br\/#organization\",\"name\":\"PSOL 50\",\"alternateName\":\"PSOL 50\",\"url\":\"https:\/\/psol50.org.br\/\",\"logo\":{\"@type\":\"ImageObject\",\"inLanguage\":\"pt-BR\",\"@id\":\"https:\/\/psol50.org.br\/#\/schema\/logo\/image\/\",\"url\":\"https:\/\/psol50.org.br\/inc\/uploads\/2018\/07\/capa.png\",\"contentUrl\":\"https:\/\/psol50.org.br\/inc\/uploads\/2018\/07\/capa.png\",\"width\":1350,\"height\":900,\"caption\":\"PSOL 50\"},\"image\":{\"@id\":\"https:\/\/psol50.org.br\/#\/schema\/logo\/image\/\"},\"sameAs\":[\"https:\/\/www.facebook.com\/psol50\",\"https:\/\/x.com\/psol50\",\"https:\/\/www.instagram.com\/psol50\/\",\"https:\/\/www.youtube.com\/channel\/UC7SnJS5o1os7a6CaiNabzcg\"]},{\"@type\":\"Person\",\"@id\":\"https:\/\/psol50.org.br\/#\/schema\/person\/475dfa57d0b815993c714c2e96491fcd\",\"name\":\"Comunica\u00e7\u00e3o PSOL\",\"image\":{\"@type\":\"ImageObject\",\"inLanguage\":\"pt-BR\",\"@id\":\"https:\/\/psol50.org.br\/#\/schema\/person\/image\/\",\"url\":\"https:\/\/secure.gravatar.com\/avatar\/b34fc4f4e468a4e51785917065a3db57b841f5c95dba6ad8c73aaf8f66f8f9bf?s=96&d=mm&r=g\",\"contentUrl\":\"https:\/\/secure.gravatar.com\/avatar\/b34fc4f4e468a4e51785917065a3db57b841f5c95dba6ad8c73aaf8f66f8f9bf?s=96&d=mm&r=g\",\"caption\":\"Comunica\u00e7\u00e3o PSOL\"}}]}<\/script>\n<!-- \/ Yoast SEO plugin. -->","yoast_head_json":{"title":"PSOL inicia s\u00e9rie de debates ao vivo nas redes sociais sobre o Brasil na pr\u00f3xima segunda (30)","description":"O primeiro ser\u00e1 \u00e0s 19h com a participa\u00e7\u00e3o dos deputados federais Marcelo Freixo e Tal\u00edria Petrone ao lado do presidente nacional do partido, Juliano Medeiros.","robots":{"index":"index","follow":"follow","max-snippet":"max-snippet:-1","max-image-preview":"max-image-preview:large","max-video-preview":"max-video-preview:-1"},"canonical":"https:\/\/psol50.org.br\/psol-inicia-serie-de-debates-ao-vivo-nas-redes-sociais-sobre-o-brasil-na-proxima-segunda-30\/","og_locale":"pt_BR","og_type":"article","og_title":"PSOL inicia s\u00e9rie de debates ao vivo nas redes sociais sobre o Brasil na pr\u00f3xima segunda (30)","og_description":"O primeiro ser\u00e1 \u00e0s 19h com a participa\u00e7\u00e3o dos deputados federais Marcelo Freixo e Tal\u00edria Petrone ao lado do presidente nacional do partido, Juliano Medeiros.","og_url":"https:\/\/psol50.org.br\/psol-inicia-serie-de-debates-ao-vivo-nas-redes-sociais-sobre-o-brasil-na-proxima-segunda-30\/","og_site_name":"PSOL 50","article_publisher":"https:\/\/www.facebook.com\/psol50","article_published_time":"2020-03-27T20:42:27+00:00","og_image":[{"width":1200,"height":725,"url":"https:\/\/psol50.org.br\/inc\/uploads\/2019\/07\/DzzNf1aX0AYt3mT.jpg","type":"image\/jpeg"}],"author":"Comunica\u00e7\u00e3o PSOL","twitter_card":"summary_large_image","twitter_title":"PSOL inicia s\u00e9rie de debates ao vivo nas redes sociais sobre o Brasil na pr\u00f3xima segunda (30)","twitter_description":"O primeiro ser\u00e1 \u00e0s 19h com a participa\u00e7\u00e3o dos deputados federais Marcelo Freixo e Tal\u00edria Petrone ao lado do presidente nacional do partido, Juliano Medeiros.","twitter_image":"https:\/\/psol50.org.br\/inc\/uploads\/2019\/07\/DzzNf1aX0AYt3mT.jpg","twitter_creator":"@psol50","twitter_site":"@psol50","twitter_misc":{"Escrito por":"Comunica\u00e7\u00e3o PSOL","Est. tempo de leitura":"2 minutos"},"schema":{"@context":"https:\/\/schema.org","@graph":[{"@type":"Article","@id":"https:\/\/psol50.org.br\/psol-inicia-serie-de-debates-ao-vivo-nas-redes-sociais-sobre-o-brasil-na-proxima-segunda-30\/#article","isPartOf":{"@id":"https:\/\/psol50.org.br\/psol-inicia-serie-de-debates-ao-vivo-nas-redes-sociais-sobre-o-brasil-na-proxima-segunda-30\/"},"author":{"name":"Comunica\u00e7\u00e3o PSOL","@id":"https:\/\/psol50.org.br\/#\/schema\/person\/475dfa57d0b815993c714c2e96491fcd"},"headline":"PSOL inicia s\u00e9rie de debates ao vivo nas redes sociais sobre o Brasil na pr\u00f3xima segunda (30)","datePublished":"2020-03-27T20:42:27+00:00","mainEntityOfPage":{"@id":"https:\/\/psol50.org.br\/psol-inicia-serie-de-debates-ao-vivo-nas-redes-sociais-sobre-o-brasil-na-proxima-segunda-30\/"},"wordCount":319,"publisher":{"@id":"https:\/\/psol50.org.br\/#organization"},"image":{"@id":"https:\/\/psol50.org.br\/psol-inicia-serie-de-debates-ao-vivo-nas-redes-sociais-sobre-o-brasil-na-proxima-segunda-30\/#primaryimage"},"thumbnailUrl":"https:\/\/psol50.org.br\/inc\/uploads\/2019\/07\/DzzNf1aX0AYt3mT.jpg","keywords":["Bolsonaro","Brasil","debate","Marcelo Freixo","Oposi\u00e7\u00e3o","PSOL","redes sociais","Tal\u00edria Petrone"],"articleSection":["Not\u00edcias"],"inLanguage":"pt-BR"},{"@type":"WebPage","@id":"https:\/\/psol50.org.br\/psol-inicia-serie-de-debates-ao-vivo-nas-redes-sociais-sobre-o-brasil-na-proxima-segunda-30\/","url":"https:\/\/psol50.org.br\/psol-inicia-serie-de-debates-ao-vivo-nas-redes-sociais-sobre-o-brasil-na-proxima-segunda-30\/","name":"PSOL inicia s\u00e9rie de debates ao vivo nas redes sociais sobre o Brasil na pr\u00f3xima segunda (30)","isPartOf":{"@id":"https:\/\/psol50.org.br\/#website"},"primaryImageOfPage":{"@id":"https:\/\/psol50.org.br\/psol-inicia-serie-de-debates-ao-vivo-nas-redes-sociais-sobre-o-brasil-na-proxima-segunda-30\/#primaryimage"},"image":{"@id":"https:\/\/psol50.org.br\/psol-inicia-serie-de-debates-ao-vivo-nas-redes-sociais-sobre-o-brasil-na-proxima-segunda-30\/#primaryimage"},"thumbnailUrl":"https:\/\/psol50.org.br\/inc\/uploads\/2019\/07\/DzzNf1aX0AYt3mT.jpg","datePublished":"2020-03-27T20:42:27+00:00","description":"O primeiro ser\u00e1 \u00e0s 19h com a participa\u00e7\u00e3o dos deputados federais Marcelo Freixo e Tal\u00edria Petrone ao lado do presidente nacional do partido, Juliano Medeiros.","breadcrumb":{"@id":"https:\/\/psol50.org.br\/psol-inicia-serie-de-debates-ao-vivo-nas-redes-sociais-sobre-o-brasil-na-proxima-segunda-30\/#breadcrumb"},"inLanguage":"pt-BR","potentialAction":[{"@type":"ReadAction","target":["https:\/\/psol50.org.br\/psol-inicia-serie-de-debates-ao-vivo-nas-redes-sociais-sobre-o-brasil-na-proxima-segunda-30\/"]}]},{"@type":"ImageObject","inLanguage":"pt-BR","@id":"https:\/\/psol50.org.br\/psol-inicia-serie-de-debates-ao-vivo-nas-redes-sociais-sobre-o-brasil-na-proxima-segunda-30\/#primaryimage","url":"https:\/\/psol50.org.br\/inc\/uploads\/2019\/07\/DzzNf1aX0AYt3mT.jpg","contentUrl":"https:\/\/psol50.org.br\/inc\/uploads\/2019\/07\/DzzNf1aX0AYt3mT.jpg","width":1200,"height":725},{"@type":"BreadcrumbList","@id":"https:\/\/psol50.org.br\/psol-inicia-serie-de-debates-ao-vivo-nas-redes-sociais-sobre-o-brasil-na-proxima-segunda-30\/#breadcrumb","itemListElement":[{"@type":"ListItem","position":1,"name":"In\u00edcio","item":"https:\/\/psol50.org.br\/"},{"@type":"ListItem","position":2,"name":"PSOL inicia s\u00e9rie de debates ao vivo nas redes sociais sobre o Brasil na pr\u00f3xima segunda (30)"}]},{"@type":"WebSite","@id":"https:\/\/psol50.org.br\/#website","url":"https:\/\/psol50.org.br\/","name":"PSOL 50","description":"Site oficial do Partido Socialismo e Liberdade","publisher":{"@id":"https:\/\/psol50.org.br\/#organization"},"alternateName":"PSOL50","potentialAction":[{"@type":"SearchAction","target":{"@type":"EntryPoint","urlTemplate":"https:\/\/psol50.org.br\/?s={search_term_string}"},"query-input":{"@type":"PropertyValueSpecification","valueRequired":true,"valueName":"search_term_string"}}],"inLanguage":"pt-BR"},{"@type":"Organization","@id":"https:\/\/psol50.org.br\/#organization","name":"PSOL 50","alternateName":"PSOL 50","url":"https:\/\/psol50.org.br\/","logo":{"@type":"ImageObject","inLanguage":"pt-BR","@id":"https:\/\/psol50.org.br\/#\/schema\/logo\/image\/","url":"https:\/\/psol50.org.br\/inc\/uploads\/2018\/07\/capa.png","contentUrl":"https:\/\/psol50.org.br\/inc\/uploads\/2018\/07\/capa.png","width":1350,"height":900,"caption":"PSOL 50"},"image":{"@id":"https:\/\/psol50.org.br\/#\/schema\/logo\/image\/"},"sameAs":["https:\/\/www.facebook.com\/psol50","https:\/\/x.com\/psol50","https:\/\/www.instagram.com\/psol50\/","https:\/\/www.youtube.com\/channel\/UC7SnJS5o1os7a6CaiNabzcg"]},{"@type":"Person","@id":"https:\/\/psol50.org.br\/#\/schema\/person\/475dfa57d0b815993c714c2e96491fcd","name":"Comunica\u00e7\u00e3o PSOL","image":{"@type":"ImageObject","inLanguage":"pt-BR","@id":"https:\/\/psol50.org.br\/#\/schema\/person\/image\/","url":"https:\/\/secure.gravatar.com\/avatar\/b34fc4f4e468a4e51785917065a3db57b841f5c95dba6ad8c73aaf8f66f8f9bf?s=96&d=mm&r=g","contentUrl":"https:\/\/secure.gravatar.com\/avatar\/b34fc4f4e468a4e51785917065a3db57b841f5c95dba6ad8c73aaf8f66f8f9bf?s=96&d=mm&r=g","caption":"Comunica\u00e7\u00e3o PSOL"}}]}},"_links":{"self":[{"href":"https:\/\/psol50.org.br\/rest\/wp\/v2\/posts\/27982","targetHints":{"allow":["GET"]}}],"collection":[{"href":"https:\/\/psol50.org.br\/rest\/wp\/v2\/posts"}],"about":[{"href":"https:\/\/psol50.org.br\/rest\/wp\/v2\/types\/post"}],"author":[{"embeddable":true,"href":"https:\/\/psol50.org.br\/rest\/wp\/v2\/users\/2"}],"replies":[{"embeddable":true,"href":"https:\/\/psol50.org.br\/rest\/wp\/v2\/comments?post=27982"}],"version-history":[{"count":0,"href":"https:\/\/psol50.org.br\/rest\/wp\/v2\/posts\/27982\/revisions"}],"wp:featuredmedia":[{"embeddable":true,"href":"https:\/\/psol50.org.br\/rest\/wp\/v2\/media\/25753"}],"wp:attachment":[{"href":"https:\/\/psol50.org.br\/rest\/wp\/v2\/media?parent=27982"}],"wp:term":[{"taxonomy":"category","embeddable":true,"href":"https:\/\/psol50.org.br\/rest\/wp\/v2\/categories?post=27982"},{"taxonomy":"post_tag","embeddable":true,"href":"https:\/\/psol50.org.br\/rest\/wp\/v2\/tags?post=27982"}],"curies":[{"name":"wp","href":"https:\/\/api.w.org\/{rel}","templated":true}]}}