{"id":27995,"date":"2020-03-28T14:08:30","date_gmt":"2020-03-28T17:08:30","guid":{"rendered":"https:\/\/psol50.org.br\/?p=27995"},"modified":"2020-03-28T14:08:30","modified_gmt":"2020-03-28T17:08:30","slug":"a-renda-emergencial-foi-aprovada-na-camara-e-agora-perguntas-e-respostas","status":"publish","type":"post","link":"https:\/\/psol50.org.br\/a-renda-emergencial-foi-aprovada-na-camara-e-agora-perguntas-e-respostas\/","title":{"rendered":"A renda emergencial foi aprovada na C\u00e2mara, e agora? Perguntas e respostas"},"content":{"rendered":"<p>A assessoria t\u00e9cnica do PSOL na C\u00e2mara dos Deputados elaborou um texto de perguntas e respostas sobre a renda emergencial aprovada na C\u00e2mara, ap\u00f3s intensa luta do PSOL e demais partidos da oposi\u00e7\u00e3o, para o per\u00edodo que durar a crise do coronav\u00edrus no pa\u00eds.<\/p>\n<p>Confira:<\/p>\n<p><strong>1) Qual era a proposta do governo?<\/strong><\/p>\n<p>A proposta do governo era de um benef\u00edcio de apenas R$ 200,00 para os trabalhadores informais. Esta proposta foi derrotada.<\/p>\n<p><strong>2) Qual foi a proposta da oposi\u00e7\u00e3o?<\/strong><\/p>\n<p>J\u00e1 a oposi\u00e7\u00e3o prop\u00f4s uma renda emergencial que chegaria at\u00e9 R$ 2,000,00 (dez vezes mais do que o governo prop\u00f4s). Na proposta da oposi\u00e7\u00e3o, cada fam\u00edlia ganharia, no m\u00ednimo, R$ 1.000,00.<\/p>\n<p><strong>3) E o que foi aprovado no fim das contas?<\/strong><\/p>\n<p>A C\u00e2mara e o Governo Federal cederam \u00e0 press\u00e3o popular e concederam um benef\u00edcio de R$ 600,00 para os trabalhadores informais e desempregados, com limite de dois benef\u00edcios por fam\u00edlia. O benef\u00edcio pode chegar a R$ 1.200. Mulher que for chefe de fam\u00edlia receber\u00e1 R$ 1.200,00, ao inv\u00e9s de apenas R$ 600,00, como originalmente proposto. Essa mudan\u00e7a se deu por conta de uma emenda do PSOL que foi aceita pela C\u00e2mara.O benef\u00edcio ser\u00e1 pago por um per\u00edodo de tr\u00eas meses, podendo ser prorrogado.Importante: ainda falta a aprova\u00e7\u00e3o no Senado e a san\u00e7\u00e3o presidencial para o projeto come\u00e7ar a funcionar.<\/p>\n<p><strong>4) Quem pode receber o benef\u00edcio?<\/strong><\/p>\n<p>Trabalhadores que cumpram todos os requisitos abaixo:<\/p>\n<p>a) Ser maior de 18 anos;<\/p>\n<p>b) N\u00e3o ter emprego formal (ou seja, com carteira de trabalho assinada);<\/p>\n<p>c) N\u00e3o receber nenhum outro benef\u00edcio previdenci\u00e1rio ou assistencial (aposentadoria ou pens\u00e3o, por exemplo), nem ser benefici\u00e1rio do seguro-desemprego ou de programa de transfer\u00eancia de renda federal. A exce\u00e7\u00e3o \u00e9 o Bolsa Fam\u00edlia. Quem est\u00e1 no programa pode receber o aux\u00edlio emergencial tamb\u00e9m, limitado a duas pessoas na fam\u00edlia.<\/p>\n<p>d) A renda mensal por pessoa tem de ser de at\u00e9 meio sal\u00e1rio m\u00ednimo (R$ 522,50) ou a renda familiar mensal total n\u00e3o pode ser superior a tr\u00eas sal\u00e1rios m\u00ednimos (R$ 3.135).<\/p>\n<p>e) A renda total do ano de 2018 n\u00e3o pode ser superior a R$ 28.559,70.<\/p>\n<p>Al\u00e9m dessas regras, tamb\u00e9m \u00e9 preciso cumprir ao menos um dos requisitos abaixo:<\/p>\n<p>f) Exercer atividade na condi\u00e7\u00e3o de Microempreendedor Individual (MEI) ou ser contribuinte individual do Regime Geral de Previd\u00eancia Social do INSS.<\/p>\n<p>OU g) Ser trabalhador informal, de qualquer natureza, inscrito no Cadastro \u00danico para Programas Sociais do governo federal at\u00e9 20 de mar\u00e7o de 2020<\/p>\n<p>OU h) Cuja renda familiar mensal per capita seja de at\u00e9 meio sal\u00e1rio m\u00ednimo ou a renda familiar mensal total seja de at\u00e9 tr\u00eas sal\u00e1rios m\u00ednimos (at\u00e9 20 de mar\u00e7o). \u00c9 importante notar que n\u00e3o \u00e9 necess\u00e1rio estar no Cadastro \u00danico para solicitar o benef\u00edcio.<\/p>\n<p><strong>5) Como me inscrevo para receber o aux\u00edlio de emerg\u00eancia?<\/strong><\/p>\n<p>Os requisitos para as pessoas receberem o benef\u00edcio ser\u00e3o verificados por meio do Cad\u00danico, para os trabalhadores inscritos. Para quem n\u00e3o est\u00e1 inscrito no Cad\u00danico, o processo ser\u00e1 feito por meio de autodeclara\u00e7\u00e3o em uma plataforma digital que dever\u00e1 ser disponibilizada pelo governo.<\/p>\n<p>Observa\u00e7\u00e3o: N\u00e3o est\u00e1 claro se o governo vai exigir algum tipo de inscri\u00e7\u00e3o online para quem j\u00e1 est\u00e1 cadastrado no Cad\u00danico. Contudo, \u00e9 certo que quem n\u00e3o estiver, ter\u00e1 que se inscrever na plataforma que ser\u00e1 criada. \u00c9 o Poder Executivo que regulamentar\u00e1 o aux\u00edlio emergencial.<\/p>\n<p><strong>6) Onde vou receber meu aux\u00edlio depois de me inscrever?<\/strong><\/p>\n<p>O aux\u00edlio emergencial ser\u00e1 operacionalizado e pago por bancos p\u00fablicos federais (Caixa e Banco do Brasil), que ficam autorizados a realizar o seu pagamento por meio de conta do tipo poupan\u00e7a social digital, de abertura autom\u00e1tica em nome dos benefici\u00e1rios, a qual possuir\u00e1 as seguintes caracter\u00edsticas:<\/p>\n<p>I &#8211; dispensa da apresenta\u00e7\u00e3o de documentos;<\/p>\n<p>II &#8211; isen\u00e7\u00e3o de cobran\u00e7a de tarifas de manuten\u00e7\u00e3o, observada a regulamenta\u00e7\u00e3o espec\u00edfica estabelecida pelo Conselho Monet\u00e1rio Nacional;<\/p>\n<p>III &#8211; ao menos uma transfer\u00eancia eletr\u00f4nica de valores ao m\u00eas, sem custos, para conta banc\u00e1ria mantida em qualquer institui\u00e7\u00e3o financeira habilitada a operar pelo Banco Central do Brasil;<\/p>\n<p>IV &#8211; apta a receber recursos exclusivamente provenientes de programas sociais governamentais, do PIS\/PASEP e do FGTS.<\/p>\n","protected":false},"excerpt":{"rendered":"<p>A assessoria t\u00e9cnica do PSOL na C\u00e2mara dos Deputados elaborou um texto de perguntas e respostas sobre a renda emergencial aprovada na C\u00e2mara, ap\u00f3s intensa luta do PSOL e demais partidos da oposi\u00e7\u00e3o, para o per\u00edodo que durar a crise do coronav\u00edrus no pa\u00eds. Confira: 1) Qual era a proposta do governo? A proposta do [&hellip;]<\/p>\n","protected":false},"author":2,"featured_media":27998,"comment_status":"closed","ping_status":"open","sticky":false,"template":"","format":"standard","meta":{"_acf_changed":false,"footnotes":""},"categories":[10,6,14],"tags":[171,371,417,366],"class_list":{"0":"post-27995","1":"post","2":"type-post","3":"status-publish","4":"format-standard","5":"has-post-thumbnail","7":"category-acao-parlamentares","8":"category-noticias","9":"category-partido","10":"tag-coronavirus","11":"tag-covid-19","12":"tag-psol-na-camara","13":"tag-psolcontraocoronavirus"},"acf":[],"yoast_head":"<!-- This site is optimized with the Yoast SEO plugin v26.5 - https:\/\/yoast.com\/wordpress\/plugins\/seo\/ -->\n<title>A renda emergencial foi aprovada na C\u00e2mara, e agora? Perguntas e respostas<\/title>\n<meta name=\"description\" content=\"Saiba quem tem acesso ao benef\u00edcio e como fazer.\" \/>\n<meta name=\"robots\" content=\"index, follow, max-snippet:-1, max-image-preview:large, max-video-preview:-1\" \/>\n<link rel=\"canonical\" href=\"https:\/\/psol50.org.br\/a-renda-emergencial-foi-aprovada-na-camara-e-agora-perguntas-e-respostas\/\" \/>\n<meta property=\"og:locale\" content=\"pt_BR\" \/>\n<meta property=\"og:type\" content=\"article\" \/>\n<meta property=\"og:title\" content=\"A renda emergencial foi aprovada na C\u00e2mara, e agora? Perguntas e respostas\" \/>\n<meta property=\"og:description\" content=\"Saiba quem tem acesso ao benef\u00edcio e como fazer.\" \/>\n<meta property=\"og:url\" content=\"https:\/\/psol50.org.br\/a-renda-emergencial-foi-aprovada-na-camara-e-agora-perguntas-e-respostas\/\" \/>\n<meta property=\"og:site_name\" content=\"PSOL 50\" \/>\n<meta property=\"article:publisher\" content=\"https:\/\/www.facebook.com\/psol50\" \/>\n<meta property=\"article:published_time\" content=\"2020-03-28T17:08:30+00:00\" \/>\n<meta property=\"og:image\" content=\"https:\/\/psol50.org.br\/inc\/uploads\/2020\/03\/Plenario_Camara_MichelJesus.Camara.jpg\" \/>\n\t<meta property=\"og:image:width\" content=\"1350\" \/>\n\t<meta property=\"og:image:height\" content=\"900\" \/>\n\t<meta property=\"og:image:type\" content=\"image\/jpeg\" \/>\n<meta name=\"author\" content=\"Comunica\u00e7\u00e3o PSOL\" \/>\n<meta name=\"twitter:card\" content=\"summary_large_image\" \/>\n<meta name=\"twitter:title\" content=\"A renda emergencial foi aprovada na C\u00e2mara, e agora?\" \/>\n<meta name=\"twitter:description\" content=\"Respondemos \u00e0s perguntas sobre quem tem acesso ao benef\u00edcio e como fazer.\" \/>\n<meta name=\"twitter:image\" content=\"https:\/\/psol50.org.br\/inc\/uploads\/2020\/03\/Plenario_Camara_MichelJesus.Camara.jpg\" \/>\n<meta name=\"twitter:creator\" content=\"@psol50\" \/>\n<meta name=\"twitter:site\" content=\"@psol50\" \/>\n<meta name=\"twitter:label1\" content=\"Escrito por\" \/>\n\t<meta name=\"twitter:data1\" content=\"Comunica\u00e7\u00e3o PSOL\" \/>\n\t<meta name=\"twitter:label2\" content=\"Est. tempo de leitura\" \/>\n\t<meta name=\"twitter:data2\" content=\"4 minutos\" \/>\n<script type=\"application\/ld+json\" class=\"yoast-schema-graph\">{\"@context\":\"https:\/\/schema.org\",\"@graph\":[{\"@type\":\"Article\",\"@id\":\"https:\/\/psol50.org.br\/a-renda-emergencial-foi-aprovada-na-camara-e-agora-perguntas-e-respostas\/#article\",\"isPartOf\":{\"@id\":\"https:\/\/psol50.org.br\/a-renda-emergencial-foi-aprovada-na-camara-e-agora-perguntas-e-respostas\/\"},\"author\":{\"name\":\"Comunica\u00e7\u00e3o PSOL\",\"@id\":\"https:\/\/psol50.org.br\/#\/schema\/person\/475dfa57d0b815993c714c2e96491fcd\"},\"headline\":\"A renda emergencial foi aprovada na C\u00e2mara, e agora? Perguntas e respostas\",\"datePublished\":\"2020-03-28T17:08:30+00:00\",\"mainEntityOfPage\":{\"@id\":\"https:\/\/psol50.org.br\/a-renda-emergencial-foi-aprovada-na-camara-e-agora-perguntas-e-respostas\/\"},\"wordCount\":762,\"publisher\":{\"@id\":\"https:\/\/psol50.org.br\/#organization\"},\"image\":{\"@id\":\"https:\/\/psol50.org.br\/a-renda-emergencial-foi-aprovada-na-camara-e-agora-perguntas-e-respostas\/#primaryimage\"},\"thumbnailUrl\":\"https:\/\/psol50.org.br\/inc\/uploads\/2020\/03\/Plenario_Camara_MichelJesus.Camara.jpg\",\"keywords\":[\"coronav\u00edrus\",\"covid-19\",\"PSOL na C\u00e2mara\",\"psolcontraocoronavirus\"],\"articleSection\":[\"A\u00e7\u00e3o Parlamentar\",\"Not\u00edcias\",\"Partido\"],\"inLanguage\":\"pt-BR\"},{\"@type\":\"WebPage\",\"@id\":\"https:\/\/psol50.org.br\/a-renda-emergencial-foi-aprovada-na-camara-e-agora-perguntas-e-respostas\/\",\"url\":\"https:\/\/psol50.org.br\/a-renda-emergencial-foi-aprovada-na-camara-e-agora-perguntas-e-respostas\/\",\"name\":\"A renda emergencial foi aprovada na C\u00e2mara, e agora? Perguntas e respostas\",\"isPartOf\":{\"@id\":\"https:\/\/psol50.org.br\/#website\"},\"primaryImageOfPage\":{\"@id\":\"https:\/\/psol50.org.br\/a-renda-emergencial-foi-aprovada-na-camara-e-agora-perguntas-e-respostas\/#primaryimage\"},\"image\":{\"@id\":\"https:\/\/psol50.org.br\/a-renda-emergencial-foi-aprovada-na-camara-e-agora-perguntas-e-respostas\/#primaryimage\"},\"thumbnailUrl\":\"https:\/\/psol50.org.br\/inc\/uploads\/2020\/03\/Plenario_Camara_MichelJesus.Camara.jpg\",\"datePublished\":\"2020-03-28T17:08:30+00:00\",\"description\":\"Saiba quem tem acesso ao benef\u00edcio e como fazer.\",\"breadcrumb\":{\"@id\":\"https:\/\/psol50.org.br\/a-renda-emergencial-foi-aprovada-na-camara-e-agora-perguntas-e-respostas\/#breadcrumb\"},\"inLanguage\":\"pt-BR\",\"potentialAction\":[{\"@type\":\"ReadAction\",\"target\":[\"https:\/\/psol50.org.br\/a-renda-emergencial-foi-aprovada-na-camara-e-agora-perguntas-e-respostas\/\"]}]},{\"@type\":\"ImageObject\",\"inLanguage\":\"pt-BR\",\"@id\":\"https:\/\/psol50.org.br\/a-renda-emergencial-foi-aprovada-na-camara-e-agora-perguntas-e-respostas\/#primaryimage\",\"url\":\"https:\/\/psol50.org.br\/inc\/uploads\/2020\/03\/Plenario_Camara_MichelJesus.Camara.jpg\",\"contentUrl\":\"https:\/\/psol50.org.br\/inc\/uploads\/2020\/03\/Plenario_Camara_MichelJesus.Camara.jpg\",\"width\":1350,\"height\":900},{\"@type\":\"BreadcrumbList\",\"@id\":\"https:\/\/psol50.org.br\/a-renda-emergencial-foi-aprovada-na-camara-e-agora-perguntas-e-respostas\/#breadcrumb\",\"itemListElement\":[{\"@type\":\"ListItem\",\"position\":1,\"name\":\"In\u00edcio\",\"item\":\"https:\/\/psol50.org.br\/\"},{\"@type\":\"ListItem\",\"position\":2,\"name\":\"A renda emergencial foi aprovada na C\u00e2mara, e agora? Perguntas e respostas\"}]},{\"@type\":\"WebSite\",\"@id\":\"https:\/\/psol50.org.br\/#website\",\"url\":\"https:\/\/psol50.org.br\/\",\"name\":\"PSOL 50\",\"description\":\"Site oficial do Partido Socialismo e Liberdade\",\"publisher\":{\"@id\":\"https:\/\/psol50.org.br\/#organization\"},\"alternateName\":\"PSOL50\",\"potentialAction\":[{\"@type\":\"SearchAction\",\"target\":{\"@type\":\"EntryPoint\",\"urlTemplate\":\"https:\/\/psol50.org.br\/?s={search_term_string}\"},\"query-input\":{\"@type\":\"PropertyValueSpecification\",\"valueRequired\":true,\"valueName\":\"search_term_string\"}}],\"inLanguage\":\"pt-BR\"},{\"@type\":\"Organization\",\"@id\":\"https:\/\/psol50.org.br\/#organization\",\"name\":\"PSOL 50\",\"alternateName\":\"PSOL 50\",\"url\":\"https:\/\/psol50.org.br\/\",\"logo\":{\"@type\":\"ImageObject\",\"inLanguage\":\"pt-BR\",\"@id\":\"https:\/\/psol50.org.br\/#\/schema\/logo\/image\/\",\"url\":\"https:\/\/psol50.org.br\/inc\/uploads\/2018\/07\/capa.png\",\"contentUrl\":\"https:\/\/psol50.org.br\/inc\/uploads\/2018\/07\/capa.png\",\"width\":1350,\"height\":900,\"caption\":\"PSOL 50\"},\"image\":{\"@id\":\"https:\/\/psol50.org.br\/#\/schema\/logo\/image\/\"},\"sameAs\":[\"https:\/\/www.facebook.com\/psol50\",\"https:\/\/x.com\/psol50\",\"https:\/\/www.instagram.com\/psol50\/\",\"https:\/\/www.youtube.com\/channel\/UC7SnJS5o1os7a6CaiNabzcg\"]},{\"@type\":\"Person\",\"@id\":\"https:\/\/psol50.org.br\/#\/schema\/person\/475dfa57d0b815993c714c2e96491fcd\",\"name\":\"Comunica\u00e7\u00e3o PSOL\",\"image\":{\"@type\":\"ImageObject\",\"inLanguage\":\"pt-BR\",\"@id\":\"https:\/\/psol50.org.br\/#\/schema\/person\/image\/\",\"url\":\"https:\/\/secure.gravatar.com\/avatar\/b34fc4f4e468a4e51785917065a3db57b841f5c95dba6ad8c73aaf8f66f8f9bf?s=96&d=mm&r=g\",\"contentUrl\":\"https:\/\/secure.gravatar.com\/avatar\/b34fc4f4e468a4e51785917065a3db57b841f5c95dba6ad8c73aaf8f66f8f9bf?s=96&d=mm&r=g\",\"caption\":\"Comunica\u00e7\u00e3o PSOL\"}}]}<\/script>\n<!-- \/ Yoast SEO plugin. -->","yoast_head_json":{"title":"A renda emergencial foi aprovada na C\u00e2mara, e agora? Perguntas e respostas","description":"Saiba quem tem acesso ao benef\u00edcio e como fazer.","robots":{"index":"index","follow":"follow","max-snippet":"max-snippet:-1","max-image-preview":"max-image-preview:large","max-video-preview":"max-video-preview:-1"},"canonical":"https:\/\/psol50.org.br\/a-renda-emergencial-foi-aprovada-na-camara-e-agora-perguntas-e-respostas\/","og_locale":"pt_BR","og_type":"article","og_title":"A renda emergencial foi aprovada na C\u00e2mara, e agora? Perguntas e respostas","og_description":"Saiba quem tem acesso ao benef\u00edcio e como fazer.","og_url":"https:\/\/psol50.org.br\/a-renda-emergencial-foi-aprovada-na-camara-e-agora-perguntas-e-respostas\/","og_site_name":"PSOL 50","article_publisher":"https:\/\/www.facebook.com\/psol50","article_published_time":"2020-03-28T17:08:30+00:00","og_image":[{"width":1350,"height":900,"url":"https:\/\/psol50.org.br\/inc\/uploads\/2020\/03\/Plenario_Camara_MichelJesus.Camara.jpg","type":"image\/jpeg"}],"author":"Comunica\u00e7\u00e3o PSOL","twitter_card":"summary_large_image","twitter_title":"A renda emergencial foi aprovada na C\u00e2mara, e agora?","twitter_description":"Respondemos \u00e0s perguntas sobre quem tem acesso ao benef\u00edcio e como fazer.","twitter_image":"https:\/\/psol50.org.br\/inc\/uploads\/2020\/03\/Plenario_Camara_MichelJesus.Camara.jpg","twitter_creator":"@psol50","twitter_site":"@psol50","twitter_misc":{"Escrito por":"Comunica\u00e7\u00e3o PSOL","Est. tempo de leitura":"4 minutos"},"schema":{"@context":"https:\/\/schema.org","@graph":[{"@type":"Article","@id":"https:\/\/psol50.org.br\/a-renda-emergencial-foi-aprovada-na-camara-e-agora-perguntas-e-respostas\/#article","isPartOf":{"@id":"https:\/\/psol50.org.br\/a-renda-emergencial-foi-aprovada-na-camara-e-agora-perguntas-e-respostas\/"},"author":{"name":"Comunica\u00e7\u00e3o PSOL","@id":"https:\/\/psol50.org.br\/#\/schema\/person\/475dfa57d0b815993c714c2e96491fcd"},"headline":"A renda emergencial foi aprovada na C\u00e2mara, e agora? Perguntas e respostas","datePublished":"2020-03-28T17:08:30+00:00","mainEntityOfPage":{"@id":"https:\/\/psol50.org.br\/a-renda-emergencial-foi-aprovada-na-camara-e-agora-perguntas-e-respostas\/"},"wordCount":762,"publisher":{"@id":"https:\/\/psol50.org.br\/#organization"},"image":{"@id":"https:\/\/psol50.org.br\/a-renda-emergencial-foi-aprovada-na-camara-e-agora-perguntas-e-respostas\/#primaryimage"},"thumbnailUrl":"https:\/\/psol50.org.br\/inc\/uploads\/2020\/03\/Plenario_Camara_MichelJesus.Camara.jpg","keywords":["coronav\u00edrus","covid-19","PSOL na C\u00e2mara","psolcontraocoronavirus"],"articleSection":["A\u00e7\u00e3o Parlamentar","Not\u00edcias","Partido"],"inLanguage":"pt-BR"},{"@type":"WebPage","@id":"https:\/\/psol50.org.br\/a-renda-emergencial-foi-aprovada-na-camara-e-agora-perguntas-e-respostas\/","url":"https:\/\/psol50.org.br\/a-renda-emergencial-foi-aprovada-na-camara-e-agora-perguntas-e-respostas\/","name":"A renda emergencial foi aprovada na C\u00e2mara, e agora? Perguntas e respostas","isPartOf":{"@id":"https:\/\/psol50.org.br\/#website"},"primaryImageOfPage":{"@id":"https:\/\/psol50.org.br\/a-renda-emergencial-foi-aprovada-na-camara-e-agora-perguntas-e-respostas\/#primaryimage"},"image":{"@id":"https:\/\/psol50.org.br\/a-renda-emergencial-foi-aprovada-na-camara-e-agora-perguntas-e-respostas\/#primaryimage"},"thumbnailUrl":"https:\/\/psol50.org.br\/inc\/uploads\/2020\/03\/Plenario_Camara_MichelJesus.Camara.jpg","datePublished":"2020-03-28T17:08:30+00:00","description":"Saiba quem tem acesso ao benef\u00edcio e como fazer.","breadcrumb":{"@id":"https:\/\/psol50.org.br\/a-renda-emergencial-foi-aprovada-na-camara-e-agora-perguntas-e-respostas\/#breadcrumb"},"inLanguage":"pt-BR","potentialAction":[{"@type":"ReadAction","target":["https:\/\/psol50.org.br\/a-renda-emergencial-foi-aprovada-na-camara-e-agora-perguntas-e-respostas\/"]}]},{"@type":"ImageObject","inLanguage":"pt-BR","@id":"https:\/\/psol50.org.br\/a-renda-emergencial-foi-aprovada-na-camara-e-agora-perguntas-e-respostas\/#primaryimage","url":"https:\/\/psol50.org.br\/inc\/uploads\/2020\/03\/Plenario_Camara_MichelJesus.Camara.jpg","contentUrl":"https:\/\/psol50.org.br\/inc\/uploads\/2020\/03\/Plenario_Camara_MichelJesus.Camara.jpg","width":1350,"height":900},{"@type":"BreadcrumbList","@id":"https:\/\/psol50.org.br\/a-renda-emergencial-foi-aprovada-na-camara-e-agora-perguntas-e-respostas\/#breadcrumb","itemListElement":[{"@type":"ListItem","position":1,"name":"In\u00edcio","item":"https:\/\/psol50.org.br\/"},{"@type":"ListItem","position":2,"name":"A renda emergencial foi aprovada na C\u00e2mara, e agora? Perguntas e respostas"}]},{"@type":"WebSite","@id":"https:\/\/psol50.org.br\/#website","url":"https:\/\/psol50.org.br\/","name":"PSOL 50","description":"Site oficial do Partido Socialismo e Liberdade","publisher":{"@id":"https:\/\/psol50.org.br\/#organization"},"alternateName":"PSOL50","potentialAction":[{"@type":"SearchAction","target":{"@type":"EntryPoint","urlTemplate":"https:\/\/psol50.org.br\/?s={search_term_string}"},"query-input":{"@type":"PropertyValueSpecification","valueRequired":true,"valueName":"search_term_string"}}],"inLanguage":"pt-BR"},{"@type":"Organization","@id":"https:\/\/psol50.org.br\/#organization","name":"PSOL 50","alternateName":"PSOL 50","url":"https:\/\/psol50.org.br\/","logo":{"@type":"ImageObject","inLanguage":"pt-BR","@id":"https:\/\/psol50.org.br\/#\/schema\/logo\/image\/","url":"https:\/\/psol50.org.br\/inc\/uploads\/2018\/07\/capa.png","contentUrl":"https:\/\/psol50.org.br\/inc\/uploads\/2018\/07\/capa.png","width":1350,"height":900,"caption":"PSOL 50"},"image":{"@id":"https:\/\/psol50.org.br\/#\/schema\/logo\/image\/"},"sameAs":["https:\/\/www.facebook.com\/psol50","https:\/\/x.com\/psol50","https:\/\/www.instagram.com\/psol50\/","https:\/\/www.youtube.com\/channel\/UC7SnJS5o1os7a6CaiNabzcg"]},{"@type":"Person","@id":"https:\/\/psol50.org.br\/#\/schema\/person\/475dfa57d0b815993c714c2e96491fcd","name":"Comunica\u00e7\u00e3o PSOL","image":{"@type":"ImageObject","inLanguage":"pt-BR","@id":"https:\/\/psol50.org.br\/#\/schema\/person\/image\/","url":"https:\/\/secure.gravatar.com\/avatar\/b34fc4f4e468a4e51785917065a3db57b841f5c95dba6ad8c73aaf8f66f8f9bf?s=96&d=mm&r=g","contentUrl":"https:\/\/secure.gravatar.com\/avatar\/b34fc4f4e468a4e51785917065a3db57b841f5c95dba6ad8c73aaf8f66f8f9bf?s=96&d=mm&r=g","caption":"Comunica\u00e7\u00e3o PSOL"}}]}},"_links":{"self":[{"href":"https:\/\/psol50.org.br\/rest\/wp\/v2\/posts\/27995","targetHints":{"allow":["GET"]}}],"collection":[{"href":"https:\/\/psol50.org.br\/rest\/wp\/v2\/posts"}],"about":[{"href":"https:\/\/psol50.org.br\/rest\/wp\/v2\/types\/post"}],"author":[{"embeddable":true,"href":"https:\/\/psol50.org.br\/rest\/wp\/v2\/users\/2"}],"replies":[{"embeddable":true,"href":"https:\/\/psol50.org.br\/rest\/wp\/v2\/comments?post=27995"}],"version-history":[{"count":0,"href":"https:\/\/psol50.org.br\/rest\/wp\/v2\/posts\/27995\/revisions"}],"wp:featuredmedia":[{"embeddable":true,"href":"https:\/\/psol50.org.br\/rest\/wp\/v2\/media\/27998"}],"wp:attachment":[{"href":"https:\/\/psol50.org.br\/rest\/wp\/v2\/media?parent=27995"}],"wp:term":[{"taxonomy":"category","embeddable":true,"href":"https:\/\/psol50.org.br\/rest\/wp\/v2\/categories?post=27995"},{"taxonomy":"post_tag","embeddable":true,"href":"https:\/\/psol50.org.br\/rest\/wp\/v2\/tags?post=27995"}],"curies":[{"name":"wp","href":"https:\/\/api.w.org\/{rel}","templated":true}]}}