{"id":2801,"date":"2014-06-11T00:00:00","date_gmt":"2014-06-11T15:17:02","guid":{"rendered":"http:\/\/psol50.org.br\/arquivo\/2014\/06\/11\/ministerio-da-defesa-nao-cumpre-compromisso-de-fazer-sindicancias-em-crimes-cometidos-na-ditadura\/"},"modified":"2014-06-11T00:00:00","modified_gmt":"2014-06-11T15:17:02","slug":"ministerio-da-defesa-nao-cumpre-compromisso-de-fazer-sindicancias-em-crimes-cometidos-na-ditadura","status":"publish","type":"post","link":"https:\/\/psol50.org.br\/ministerio-da-defesa-nao-cumpre-compromisso-de-fazer-sindicancias-em-crimes-cometidos-na-ditadura\/","title":{"rendered":"Minist\u00e9rio da Defesa n\u00e3o cumpre compromisso de fazer sindic\u00e2ncias em crimes cometidos na ditadura"},"content":{"rendered":"<p style=\"text-align: justify;\">\n\t<span style=\"font-size:12px;\"><font color=\"#000000\"><font face=\"Arial, sans-serif\">O deputado Chico Alencar (PSOL\/RJ) e a deputada Luiza Erundina (PSB\/SP) cobram explica\u00e7\u00f5es do Minist\u00e9rio da Defesa sobre as sindic\u00e2ncias, que j\u00e1 estariam com prazos vencidos, para averiguar os casos de mortes e torturas cometidos nas instala\u00e7\u00f5es das For\u00e7as Armadas durante a ditadura civil-militar (1964-1985). O <a href=\"http:\/\/www.psol50.org.br\/\/Store\/Arquivos\/Requerimento sindic\u00e2ncias Ex\u00e9rcito.doc\">requerimento<\/a> de informa\u00e7\u00f5es foi protocolado ontem, 10 de junho, na C\u00e2mara dos Deputados.<\/font><\/font><\/p>\n<p>\t<font color=\"#000000\"><font face=\"Arial, sans-serif\">A Comiss\u00e3o Nacional da Verdade (CNV) identificou pelo menos 17 centros clandestinos de repress\u00e3o diretamente vinculados aos comandos dos \u00f3rg\u00e3os de intelig\u00eancia e repress\u00e3o do Ex\u00e9rcito \u2013 Centros de Informa\u00e7\u00f5es do Ex\u00e9rcito (CIE) e da Marinha \u2013 Centro de Informa\u00e7\u00f5es da Marinha (CENIMAR), al\u00e9m dos Centros de Opera\u00e7\u00e3o e Defesa Interna (CODI) e Destacamentos de Opera\u00e7\u00e3o Interna (DOI). <\/font><\/font><\/p>\n<p>\t<font color=\"#000000\"><font face=\"Arial, sans-serif\">No dia 1\u00ba de abril deste ano, as For\u00e7as Armadas aceitaram investigar a pr\u00e1tica de tortura e morte em sete instala\u00e7\u00f5es militares: os quart\u00e9is dos antigos DOIs no Rio de Janeiro, em S\u00e3o Paulo e no Recife; os quart\u00e9is da 1\u00aa da Companhia da Pol\u00edcia do Ex\u00e9rcito da Vilar Militar, no Rio, e do 12\u00ba Regimento de Infantaria do Ex\u00e9rcito, em Belo Horizonte; a Base Naval da Ilha das Flores e a Base A\u00e9rea do Gale\u00e3o. Relat\u00f3rio da CNV aponta que nesses locais 15 presos pol\u00edticos foram torturados e 9 mortos.<\/font><\/font><\/p>\n<p>\t<font color=\"#000000\"><font face=\"Arial, sans-serif\">Na \u00e9poca, o Ex\u00e9rcito divulgou que a investiga\u00e7\u00e3o seria conclu\u00edda em 30 dias, prorrog\u00e1veis por mais 20. J\u00e1 a Aeron\u00e1utica anunciou que a sindic\u00e2ncia seria finalizada em 30 dias e a Marinha n\u00e3o divulgou prazos. No entanto, at\u00e9 agora, nenhum resultado foi publicizado. Chico Alencar e Luiza Erundina questionam a demora e em qual situa\u00e7\u00e3o est\u00e3o as investiga\u00e7\u00f5es. <\/font><\/font><\/p>\n<p>\t<font color=\"#000000\"><font face=\"Arial, sans-serif\">No requerimento, direcionado ao ministro da Defesa, Celso Amorim, s\u00e3o feitas as seguintes perguntas: \u201c1) Por que as sindic\u00e2ncias instauradas para averiguar os casos de tortura e morte nas instala\u00e7\u00f5es das For\u00e7as Armadas ainda n\u00e3o foram conclu\u00eddas? H\u00e1 prazo para que elas tenham seus resultados publicizados? Se sim, quando?; 2) Tendo em vista que nenhum resultado foi informado, passados mais de 70 dias, em qual estado est\u00e1 cada uma das sindic\u00e2ncias? O que j\u00e1 foi apurado por cada uma delas e qual \u00e9 o posicionamento do Ex\u00e9rcito, da Marinha e da Aeron\u00e1utica sobre os fatos j\u00e1 levantados?; 3) Quais procedimentos investigativos est\u00e3o sendo utilizados por cada uma das sindic\u00e2ncias? Quais s\u00e3o as regras estabelecidas pelas pr\u00f3prias for\u00e7as para balizar os processos? Qual a responsabilidade e atribui\u00e7\u00f5es de cada um dos atos investigativos? Quem s\u00e3o os funcion\u00e1rios p\u00fablicos e militares respons\u00e1veis por essas investiga\u00e7\u00f5es no Ex\u00e9rcito, na Marinha e na Aeron\u00e1utica?\u201d.<\/font><\/font><\/p>\n<p>\t<font color=\"#000000\"><font face=\"Arial, sans-serif\">O Minist\u00e9rio da Defesa ter\u00e1, a contar da data de recebimento, 30 dias para responder os questionamentos dos deputados.<\/font><\/font><\/span><\/p>\n<p style=\"margin-bottom: 0cm\">\n\t&nbsp;<\/p>\n<p style=\"margin-bottom: 0cm\">\n\t&nbsp;<\/p>\n<p style=\"margin-bottom: 0cm\">\n\t&nbsp;<\/p>\n<p style=\"margin-bottom: 0cm; line-height: 100%\">\n\t&nbsp;<\/p>\n","protected":false},"excerpt":{"rendered":"<p>Requerimento enviado por Chico Alencar cobra explica\u00e7\u00f5es sobre a demora<\/p>\n","protected":false},"author":2,"featured_media":0,"comment_status":"open","ping_status":"open","sticky":false,"template":"","format":"standard","meta":{"_acf_changed":false,"footnotes":""},"categories":[4766,6],"tags":[],"class_list":{"0":"post-2801","1":"post","2":"type-post","3":"status-publish","4":"format-standard","6":"category-arquivo","7":"category-noticias"},"acf":[],"yoast_head":"<!-- This site is optimized with the Yoast SEO plugin v26.5 - https:\/\/yoast.com\/wordpress\/plugins\/seo\/ -->\n<title>Minist\u00e9rio da Defesa n\u00e3o cumpre compromisso de fazer sindic\u00e2ncias em crimes cometidos na ditadura - PSOL 50<\/title>\n<meta name=\"robots\" content=\"index, follow, max-snippet:-1, max-image-preview:large, max-video-preview:-1\" \/>\n<link rel=\"canonical\" href=\"https:\/\/psol50.org.br\/ministerio-da-defesa-nao-cumpre-compromisso-de-fazer-sindicancias-em-crimes-cometidos-na-ditadura\/\" \/>\n<meta property=\"og:locale\" content=\"pt_BR\" \/>\n<meta property=\"og:type\" content=\"article\" \/>\n<meta property=\"og:title\" content=\"Minist\u00e9rio da Defesa n\u00e3o cumpre compromisso de fazer sindic\u00e2ncias em crimes cometidos na ditadura - PSOL 50\" \/>\n<meta property=\"og:description\" content=\"Requerimento enviado por Chico Alencar cobra explica\u00e7\u00f5es sobre a demora\" \/>\n<meta property=\"og:url\" content=\"https:\/\/psol50.org.br\/ministerio-da-defesa-nao-cumpre-compromisso-de-fazer-sindicancias-em-crimes-cometidos-na-ditadura\/\" \/>\n<meta property=\"og:site_name\" content=\"PSOL 50\" \/>\n<meta property=\"article:publisher\" content=\"https:\/\/www.facebook.com\/psol50\" \/>\n<meta property=\"article:published_time\" content=\"2014-06-11T15:17:02+00:00\" \/>\n<meta property=\"og:image\" content=\"https:\/\/psol50.org.br\/inc\/uploads\/2018\/07\/capa.png\" \/>\n\t<meta property=\"og:image:width\" content=\"1350\" \/>\n\t<meta property=\"og:image:height\" content=\"900\" \/>\n\t<meta property=\"og:image:type\" content=\"image\/png\" \/>\n<meta name=\"author\" content=\"Comunica\u00e7\u00e3o PSOL\" \/>\n<meta name=\"twitter:card\" content=\"summary_large_image\" \/>\n<meta name=\"twitter:creator\" content=\"@psol50\" \/>\n<meta name=\"twitter:site\" content=\"@psol50\" \/>\n<meta name=\"twitter:label1\" content=\"Escrito por\" \/>\n\t<meta name=\"twitter:data1\" content=\"Comunica\u00e7\u00e3o PSOL\" \/>\n\t<meta name=\"twitter:label2\" content=\"Est. tempo de leitura\" \/>\n\t<meta name=\"twitter:data2\" content=\"2 minutos\" \/>\n<script type=\"application\/ld+json\" class=\"yoast-schema-graph\">{\"@context\":\"https:\/\/schema.org\",\"@graph\":[{\"@type\":\"Article\",\"@id\":\"https:\/\/psol50.org.br\/ministerio-da-defesa-nao-cumpre-compromisso-de-fazer-sindicancias-em-crimes-cometidos-na-ditadura\/#article\",\"isPartOf\":{\"@id\":\"https:\/\/psol50.org.br\/ministerio-da-defesa-nao-cumpre-compromisso-de-fazer-sindicancias-em-crimes-cometidos-na-ditadura\/\"},\"author\":{\"name\":\"Comunica\u00e7\u00e3o PSOL\",\"@id\":\"https:\/\/psol50.org.br\/#\/schema\/person\/475dfa57d0b815993c714c2e96491fcd\"},\"headline\":\"Minist\u00e9rio da Defesa n\u00e3o cumpre compromisso de fazer sindic\u00e2ncias em crimes cometidos na ditadura\",\"datePublished\":\"2014-06-11T15:17:02+00:00\",\"mainEntityOfPage\":{\"@id\":\"https:\/\/psol50.org.br\/ministerio-da-defesa-nao-cumpre-compromisso-de-fazer-sindicancias-em-crimes-cometidos-na-ditadura\/\"},\"wordCount\":505,\"commentCount\":0,\"publisher\":{\"@id\":\"https:\/\/psol50.org.br\/#organization\"},\"articleSection\":[\"Arquivo\",\"Not\u00edcias\"],\"inLanguage\":\"pt-BR\",\"potentialAction\":[{\"@type\":\"CommentAction\",\"name\":\"Comment\",\"target\":[\"https:\/\/psol50.org.br\/ministerio-da-defesa-nao-cumpre-compromisso-de-fazer-sindicancias-em-crimes-cometidos-na-ditadura\/#respond\"]}]},{\"@type\":\"WebPage\",\"@id\":\"https:\/\/psol50.org.br\/ministerio-da-defesa-nao-cumpre-compromisso-de-fazer-sindicancias-em-crimes-cometidos-na-ditadura\/\",\"url\":\"https:\/\/psol50.org.br\/ministerio-da-defesa-nao-cumpre-compromisso-de-fazer-sindicancias-em-crimes-cometidos-na-ditadura\/\",\"name\":\"Minist\u00e9rio da Defesa n\u00e3o cumpre compromisso de fazer sindic\u00e2ncias em crimes cometidos na ditadura - PSOL 50\",\"isPartOf\":{\"@id\":\"https:\/\/psol50.org.br\/#website\"},\"datePublished\":\"2014-06-11T15:17:02+00:00\",\"breadcrumb\":{\"@id\":\"https:\/\/psol50.org.br\/ministerio-da-defesa-nao-cumpre-compromisso-de-fazer-sindicancias-em-crimes-cometidos-na-ditadura\/#breadcrumb\"},\"inLanguage\":\"pt-BR\",\"potentialAction\":[{\"@type\":\"ReadAction\",\"target\":[\"https:\/\/psol50.org.br\/ministerio-da-defesa-nao-cumpre-compromisso-de-fazer-sindicancias-em-crimes-cometidos-na-ditadura\/\"]}]},{\"@type\":\"BreadcrumbList\",\"@id\":\"https:\/\/psol50.org.br\/ministerio-da-defesa-nao-cumpre-compromisso-de-fazer-sindicancias-em-crimes-cometidos-na-ditadura\/#breadcrumb\",\"itemListElement\":[{\"@type\":\"ListItem\",\"position\":1,\"name\":\"In\u00edcio\",\"item\":\"https:\/\/psol50.org.br\/\"},{\"@type\":\"ListItem\",\"position\":2,\"name\":\"Minist\u00e9rio da Defesa n\u00e3o cumpre compromisso de fazer sindic\u00e2ncias em crimes cometidos na ditadura\"}]},{\"@type\":\"WebSite\",\"@id\":\"https:\/\/psol50.org.br\/#website\",\"url\":\"https:\/\/psol50.org.br\/\",\"name\":\"PSOL 50\",\"description\":\"Site oficial do Partido Socialismo e Liberdade\",\"publisher\":{\"@id\":\"https:\/\/psol50.org.br\/#organization\"},\"alternateName\":\"PSOL50\",\"potentialAction\":[{\"@type\":\"SearchAction\",\"target\":{\"@type\":\"EntryPoint\",\"urlTemplate\":\"https:\/\/psol50.org.br\/?s={search_term_string}\"},\"query-input\":{\"@type\":\"PropertyValueSpecification\",\"valueRequired\":true,\"valueName\":\"search_term_string\"}}],\"inLanguage\":\"pt-BR\"},{\"@type\":\"Organization\",\"@id\":\"https:\/\/psol50.org.br\/#organization\",\"name\":\"PSOL 50\",\"alternateName\":\"PSOL 50\",\"url\":\"https:\/\/psol50.org.br\/\",\"logo\":{\"@type\":\"ImageObject\",\"inLanguage\":\"pt-BR\",\"@id\":\"https:\/\/psol50.org.br\/#\/schema\/logo\/image\/\",\"url\":\"https:\/\/psol50.org.br\/inc\/uploads\/2018\/07\/capa.png\",\"contentUrl\":\"https:\/\/psol50.org.br\/inc\/uploads\/2018\/07\/capa.png\",\"width\":1350,\"height\":900,\"caption\":\"PSOL 50\"},\"image\":{\"@id\":\"https:\/\/psol50.org.br\/#\/schema\/logo\/image\/\"},\"sameAs\":[\"https:\/\/www.facebook.com\/psol50\",\"https:\/\/x.com\/psol50\",\"https:\/\/www.instagram.com\/psol50\/\",\"https:\/\/www.youtube.com\/channel\/UC7SnJS5o1os7a6CaiNabzcg\"]},{\"@type\":\"Person\",\"@id\":\"https:\/\/psol50.org.br\/#\/schema\/person\/475dfa57d0b815993c714c2e96491fcd\",\"name\":\"Comunica\u00e7\u00e3o PSOL\",\"image\":{\"@type\":\"ImageObject\",\"inLanguage\":\"pt-BR\",\"@id\":\"https:\/\/psol50.org.br\/#\/schema\/person\/image\/\",\"url\":\"https:\/\/secure.gravatar.com\/avatar\/b34fc4f4e468a4e51785917065a3db57b841f5c95dba6ad8c73aaf8f66f8f9bf?s=96&d=mm&r=g\",\"contentUrl\":\"https:\/\/secure.gravatar.com\/avatar\/b34fc4f4e468a4e51785917065a3db57b841f5c95dba6ad8c73aaf8f66f8f9bf?s=96&d=mm&r=g\",\"caption\":\"Comunica\u00e7\u00e3o PSOL\"}}]}<\/script>\n<!-- \/ Yoast SEO plugin. -->","yoast_head_json":{"title":"Minist\u00e9rio da Defesa n\u00e3o cumpre compromisso de fazer sindic\u00e2ncias em crimes cometidos na ditadura - PSOL 50","robots":{"index":"index","follow":"follow","max-snippet":"max-snippet:-1","max-image-preview":"max-image-preview:large","max-video-preview":"max-video-preview:-1"},"canonical":"https:\/\/psol50.org.br\/ministerio-da-defesa-nao-cumpre-compromisso-de-fazer-sindicancias-em-crimes-cometidos-na-ditadura\/","og_locale":"pt_BR","og_type":"article","og_title":"Minist\u00e9rio da Defesa n\u00e3o cumpre compromisso de fazer sindic\u00e2ncias em crimes cometidos na ditadura - PSOL 50","og_description":"Requerimento enviado por Chico Alencar cobra explica\u00e7\u00f5es sobre a demora","og_url":"https:\/\/psol50.org.br\/ministerio-da-defesa-nao-cumpre-compromisso-de-fazer-sindicancias-em-crimes-cometidos-na-ditadura\/","og_site_name":"PSOL 50","article_publisher":"https:\/\/www.facebook.com\/psol50","article_published_time":"2014-06-11T15:17:02+00:00","og_image":[{"width":1350,"height":900,"url":"https:\/\/psol50.org.br\/inc\/uploads\/2018\/07\/capa.png","type":"image\/png"}],"author":"Comunica\u00e7\u00e3o PSOL","twitter_card":"summary_large_image","twitter_creator":"@psol50","twitter_site":"@psol50","twitter_misc":{"Escrito por":"Comunica\u00e7\u00e3o PSOL","Est. tempo de leitura":"2 minutos"},"schema":{"@context":"https:\/\/schema.org","@graph":[{"@type":"Article","@id":"https:\/\/psol50.org.br\/ministerio-da-defesa-nao-cumpre-compromisso-de-fazer-sindicancias-em-crimes-cometidos-na-ditadura\/#article","isPartOf":{"@id":"https:\/\/psol50.org.br\/ministerio-da-defesa-nao-cumpre-compromisso-de-fazer-sindicancias-em-crimes-cometidos-na-ditadura\/"},"author":{"name":"Comunica\u00e7\u00e3o PSOL","@id":"https:\/\/psol50.org.br\/#\/schema\/person\/475dfa57d0b815993c714c2e96491fcd"},"headline":"Minist\u00e9rio da Defesa n\u00e3o cumpre compromisso de fazer sindic\u00e2ncias em crimes cometidos na ditadura","datePublished":"2014-06-11T15:17:02+00:00","mainEntityOfPage":{"@id":"https:\/\/psol50.org.br\/ministerio-da-defesa-nao-cumpre-compromisso-de-fazer-sindicancias-em-crimes-cometidos-na-ditadura\/"},"wordCount":505,"commentCount":0,"publisher":{"@id":"https:\/\/psol50.org.br\/#organization"},"articleSection":["Arquivo","Not\u00edcias"],"inLanguage":"pt-BR","potentialAction":[{"@type":"CommentAction","name":"Comment","target":["https:\/\/psol50.org.br\/ministerio-da-defesa-nao-cumpre-compromisso-de-fazer-sindicancias-em-crimes-cometidos-na-ditadura\/#respond"]}]},{"@type":"WebPage","@id":"https:\/\/psol50.org.br\/ministerio-da-defesa-nao-cumpre-compromisso-de-fazer-sindicancias-em-crimes-cometidos-na-ditadura\/","url":"https:\/\/psol50.org.br\/ministerio-da-defesa-nao-cumpre-compromisso-de-fazer-sindicancias-em-crimes-cometidos-na-ditadura\/","name":"Minist\u00e9rio da Defesa n\u00e3o cumpre compromisso de fazer sindic\u00e2ncias em crimes cometidos na ditadura - PSOL 50","isPartOf":{"@id":"https:\/\/psol50.org.br\/#website"},"datePublished":"2014-06-11T15:17:02+00:00","breadcrumb":{"@id":"https:\/\/psol50.org.br\/ministerio-da-defesa-nao-cumpre-compromisso-de-fazer-sindicancias-em-crimes-cometidos-na-ditadura\/#breadcrumb"},"inLanguage":"pt-BR","potentialAction":[{"@type":"ReadAction","target":["https:\/\/psol50.org.br\/ministerio-da-defesa-nao-cumpre-compromisso-de-fazer-sindicancias-em-crimes-cometidos-na-ditadura\/"]}]},{"@type":"BreadcrumbList","@id":"https:\/\/psol50.org.br\/ministerio-da-defesa-nao-cumpre-compromisso-de-fazer-sindicancias-em-crimes-cometidos-na-ditadura\/#breadcrumb","itemListElement":[{"@type":"ListItem","position":1,"name":"In\u00edcio","item":"https:\/\/psol50.org.br\/"},{"@type":"ListItem","position":2,"name":"Minist\u00e9rio da Defesa n\u00e3o cumpre compromisso de fazer sindic\u00e2ncias em crimes cometidos na ditadura"}]},{"@type":"WebSite","@id":"https:\/\/psol50.org.br\/#website","url":"https:\/\/psol50.org.br\/","name":"PSOL 50","description":"Site oficial do Partido Socialismo e Liberdade","publisher":{"@id":"https:\/\/psol50.org.br\/#organization"},"alternateName":"PSOL50","potentialAction":[{"@type":"SearchAction","target":{"@type":"EntryPoint","urlTemplate":"https:\/\/psol50.org.br\/?s={search_term_string}"},"query-input":{"@type":"PropertyValueSpecification","valueRequired":true,"valueName":"search_term_string"}}],"inLanguage":"pt-BR"},{"@type":"Organization","@id":"https:\/\/psol50.org.br\/#organization","name":"PSOL 50","alternateName":"PSOL 50","url":"https:\/\/psol50.org.br\/","logo":{"@type":"ImageObject","inLanguage":"pt-BR","@id":"https:\/\/psol50.org.br\/#\/schema\/logo\/image\/","url":"https:\/\/psol50.org.br\/inc\/uploads\/2018\/07\/capa.png","contentUrl":"https:\/\/psol50.org.br\/inc\/uploads\/2018\/07\/capa.png","width":1350,"height":900,"caption":"PSOL 50"},"image":{"@id":"https:\/\/psol50.org.br\/#\/schema\/logo\/image\/"},"sameAs":["https:\/\/www.facebook.com\/psol50","https:\/\/x.com\/psol50","https:\/\/www.instagram.com\/psol50\/","https:\/\/www.youtube.com\/channel\/UC7SnJS5o1os7a6CaiNabzcg"]},{"@type":"Person","@id":"https:\/\/psol50.org.br\/#\/schema\/person\/475dfa57d0b815993c714c2e96491fcd","name":"Comunica\u00e7\u00e3o PSOL","image":{"@type":"ImageObject","inLanguage":"pt-BR","@id":"https:\/\/psol50.org.br\/#\/schema\/person\/image\/","url":"https:\/\/secure.gravatar.com\/avatar\/b34fc4f4e468a4e51785917065a3db57b841f5c95dba6ad8c73aaf8f66f8f9bf?s=96&d=mm&r=g","contentUrl":"https:\/\/secure.gravatar.com\/avatar\/b34fc4f4e468a4e51785917065a3db57b841f5c95dba6ad8c73aaf8f66f8f9bf?s=96&d=mm&r=g","caption":"Comunica\u00e7\u00e3o PSOL"}}]}},"_links":{"self":[{"href":"https:\/\/psol50.org.br\/rest\/wp\/v2\/posts\/2801","targetHints":{"allow":["GET"]}}],"collection":[{"href":"https:\/\/psol50.org.br\/rest\/wp\/v2\/posts"}],"about":[{"href":"https:\/\/psol50.org.br\/rest\/wp\/v2\/types\/post"}],"author":[{"embeddable":true,"href":"https:\/\/psol50.org.br\/rest\/wp\/v2\/users\/2"}],"replies":[{"embeddable":true,"href":"https:\/\/psol50.org.br\/rest\/wp\/v2\/comments?post=2801"}],"version-history":[{"count":0,"href":"https:\/\/psol50.org.br\/rest\/wp\/v2\/posts\/2801\/revisions"}],"wp:attachment":[{"href":"https:\/\/psol50.org.br\/rest\/wp\/v2\/media?parent=2801"}],"wp:term":[{"taxonomy":"category","embeddable":true,"href":"https:\/\/psol50.org.br\/rest\/wp\/v2\/categories?post=2801"},{"taxonomy":"post_tag","embeddable":true,"href":"https:\/\/psol50.org.br\/rest\/wp\/v2\/tags?post=2801"}],"curies":[{"name":"wp","href":"https:\/\/api.w.org\/{rel}","templated":true}]}}