{"id":28022,"date":"2020-03-30T17:36:17","date_gmt":"2020-03-30T20:36:17","guid":{"rendered":"https:\/\/psol50.org.br\/?p=28022"},"modified":"2020-03-30T17:36:17","modified_gmt":"2020-03-30T20:36:17","slug":"psol-propoe-regime-domiciliar-para-maes-e-portadores-de-doencas-cronicas-encarcerados-durante-pandemia","status":"publish","type":"post","link":"https:\/\/psol50.org.br\/psol-propoe-regime-domiciliar-para-maes-e-portadores-de-doencas-cronicas-encarcerados-durante-pandemia\/","title":{"rendered":"PSOL prop\u00f5e regime domiciliar para m\u00e3es e portadores de doen\u00e7as cr\u00f4nicas encarcerados durante pandemia"},"content":{"rendered":"<p><a href=\"https:\/\/psol50.org.br\/coronavirus\/\"><img loading=\"lazy\" decoding=\"async\" class=\"alignnone size-full wp-image-27838\" src=\"https:\/\/psol50.org.br\/inc\/uploads\/2020\/03\/Banner-Site_3.png\" alt=\"\" width=\"1240\" height=\"331\" srcset=\"https:\/\/psol50.org.br\/inc\/uploads\/2020\/03\/Banner-Site_3.png 1240w, https:\/\/psol50.org.br\/inc\/uploads\/2020\/03\/Banner-Site_3-300x80.png 300w, https:\/\/psol50.org.br\/inc\/uploads\/2020\/03\/Banner-Site_3-1024x273.png 1024w, https:\/\/psol50.org.br\/inc\/uploads\/2020\/03\/Banner-Site_3-768x205.png 768w, https:\/\/psol50.org.br\/inc\/uploads\/2020\/03\/Banner-Site_3-150x40.png 150w, https:\/\/psol50.org.br\/inc\/uploads\/2020\/03\/Banner-Site_3-696x186.png 696w, https:\/\/psol50.org.br\/inc\/uploads\/2020\/03\/Banner-Site_3-1068x285.png 1068w\" sizes=\"auto, (max-width: 1240px) 100vw, 1240px\" \/><\/a><\/p>\n<p>Tal\u00edria Petrone e Glauber Braga apresentaram um projeto de lei na C\u00e2mara dos Deputados com diversas propostas para impedir o cont\u00e1gio pelo novo coronav\u00edrus no sistema penitenci\u00e1rio brasileiro.<\/p>\n<p>Entre as propostas est\u00e1 a implementa\u00e7\u00e3o de regime domiciliar para mulheres gestantes e lactantes e tamb\u00e9m para adultos e adolescentes portadores de doen\u00e7as cr\u00f4nicas. Mulheres que s\u00e3o m\u00e3es de crian\u00e7as at\u00e9 12 anos de idade ou de pessoas com defici\u00eancia tamb\u00e9m seriam contempladas na proposta do PSOL. J\u00e1 as pessoas presas que fazem parte diretamente dos grupos de risco da Covid-19 poderiam receber liberdade condicional at\u00e9 a normaliza\u00e7\u00e3o da situa\u00e7\u00e3o no pa\u00eds.<\/p>\n<p>O projeto ainda prev\u00ea que, enquanto durar a pandemia, pessoas presas em flagrante sejam mantidas isoladas por ao menos 14 dias. E que condenados a pena igual ou inferior a quatro anos recebam uma pena restritiva de direitos ao inv\u00e9s da priva\u00e7\u00e3o de liberdade.<\/p>\n<p>&#8220;Segundo dados do Minist\u00e9rio da Justi\u00e7a e da Seguran\u00e7a P\u00fablica, 62% das mortes de presos e presas s\u00e3o provocadas por doen\u00e7as como HIV e tuberculose. Tal realidade exige uma atua\u00e7\u00e3o clara e efetiva de preven\u00e7\u00e3o e combate da Covid-19 no sistema penitenci\u00e1rio brasileiro&#8221;, diz o documento.<\/p>\n<p>&#8220;Negligenciar tal realidade em tempos de pandemia \u00e9 n\u00e3o apenas irrespons\u00e1vel, mas contribui para a expans\u00e3o destas doen\u00e7as para al\u00e9m dos muros das penitenci\u00e1rias existentes por todo o pa\u00eds&#8221;, segue.<\/p>\n","protected":false},"excerpt":{"rendered":"<p>Tal\u00edria Petrone e Glauber Braga apresentaram um projeto de lei na C\u00e2mara dos Deputados com diversas propostas para impedir o cont\u00e1gio pelo novo coronav\u00edrus no sistema penitenci\u00e1rio brasileiro. Entre as propostas est\u00e1 a implementa\u00e7\u00e3o de regime domiciliar para mulheres gestantes e lactantes e tamb\u00e9m para adultos e adolescentes portadores de doen\u00e7as cr\u00f4nicas. Mulheres que s\u00e3o [&hellip;]<\/p>\n","protected":false},"author":2,"featured_media":28029,"comment_status":"closed","ping_status":"open","sticky":false,"template":"","format":"standard","meta":{"_acf_changed":false,"footnotes":""},"categories":[10,6],"tags":[171,367,426,22,366,427],"class_list":{"0":"post-28022","1":"post","2":"type-post","3":"status-publish","4":"format-standard","5":"has-post-thumbnail","7":"category-acao-parlamentares","8":"category-noticias","9":"tag-coronavirus","10":"tag-pandemia","11":"tag-prisoes","12":"tag-psol","13":"tag-psolcontraocoronavirus","14":"tag-regime-domiciliar"},"acf":[],"yoast_head":"<!-- This site is optimized with the Yoast SEO plugin v26.5 - https:\/\/yoast.com\/wordpress\/plugins\/seo\/ -->\n<title>PSOL prop\u00f5e regime domiciliar para m\u00e3es e portadores de doen\u00e7as cr\u00f4nicas encarcerados durante pandemia<\/title>\n<meta name=\"description\" content=\"Mulheres que s\u00e3o m\u00e3es de crian\u00e7as at\u00e9 12 anos de idade ou de pessoas com defici\u00eancia tamb\u00e9m seriam contempladas na proposta do PSOL.\" \/>\n<meta name=\"robots\" content=\"index, follow, max-snippet:-1, max-image-preview:large, max-video-preview:-1\" \/>\n<link rel=\"canonical\" href=\"https:\/\/psol50.org.br\/psol-propoe-regime-domiciliar-para-maes-e-portadores-de-doencas-cronicas-encarcerados-durante-pandemia\/\" \/>\n<meta property=\"og:locale\" content=\"pt_BR\" \/>\n<meta property=\"og:type\" content=\"article\" \/>\n<meta property=\"og:title\" content=\"PSOL prop\u00f5e regime domiciliar para m\u00e3es e portadores de doen\u00e7as cr\u00f4nicas encarcerados durante pandemia\" \/>\n<meta property=\"og:description\" content=\"Mulheres que s\u00e3o m\u00e3es de crian\u00e7as at\u00e9 12 anos de idade ou de pessoas com defici\u00eancia tamb\u00e9m seriam contempladas na proposta do PSOL.\" \/>\n<meta property=\"og:url\" content=\"https:\/\/psol50.org.br\/psol-propoe-regime-domiciliar-para-maes-e-portadores-de-doencas-cronicas-encarcerados-durante-pandemia\/\" \/>\n<meta property=\"og:site_name\" content=\"PSOL 50\" \/>\n<meta property=\"article:publisher\" content=\"https:\/\/www.facebook.com\/psol50\" \/>\n<meta property=\"article:published_time\" content=\"2020-03-30T20:36:17+00:00\" \/>\n<meta property=\"og:image\" content=\"https:\/\/psol50.org.br\/inc\/uploads\/2020\/03\/presos-cadeia-b37f54ce41bb2ff5e15f0c10e89ad814.jpg\" \/>\n\t<meta property=\"og:image:width\" content=\"730\" \/>\n\t<meta property=\"og:image:height\" content=\"486\" \/>\n\t<meta property=\"og:image:type\" content=\"image\/jpeg\" \/>\n<meta name=\"author\" content=\"Comunica\u00e7\u00e3o PSOL\" \/>\n<meta name=\"twitter:card\" content=\"summary_large_image\" \/>\n<meta name=\"twitter:title\" content=\"PSOL prop\u00f5e regime domiciliar para m\u00e3es e portadores de doen\u00e7as cr\u00f4nicas encarcerados durante pandemia\" \/>\n<meta name=\"twitter:description\" content=\"Mulheres que s\u00e3o m\u00e3es de crian\u00e7as at\u00e9 12 anos de idade ou de pessoas com defici\u00eancia tamb\u00e9m seriam contempladas na proposta do PSOL.\" \/>\n<meta name=\"twitter:image\" content=\"https:\/\/psol50.org.br\/inc\/uploads\/2020\/03\/presos-cadeia-b37f54ce41bb2ff5e15f0c10e89ad814.jpg\" \/>\n<meta name=\"twitter:creator\" content=\"@psol50\" \/>\n<meta name=\"twitter:site\" content=\"@psol50\" \/>\n<meta name=\"twitter:label1\" content=\"Escrito por\" \/>\n\t<meta name=\"twitter:data1\" content=\"Comunica\u00e7\u00e3o PSOL\" \/>\n\t<meta name=\"twitter:label2\" content=\"Est. tempo de leitura\" \/>\n\t<meta name=\"twitter:data2\" content=\"1 minuto\" \/>\n<script type=\"application\/ld+json\" class=\"yoast-schema-graph\">{\"@context\":\"https:\/\/schema.org\",\"@graph\":[{\"@type\":\"Article\",\"@id\":\"https:\/\/psol50.org.br\/psol-propoe-regime-domiciliar-para-maes-e-portadores-de-doencas-cronicas-encarcerados-durante-pandemia\/#article\",\"isPartOf\":{\"@id\":\"https:\/\/psol50.org.br\/psol-propoe-regime-domiciliar-para-maes-e-portadores-de-doencas-cronicas-encarcerados-durante-pandemia\/\"},\"author\":{\"name\":\"Comunica\u00e7\u00e3o PSOL\",\"@id\":\"https:\/\/psol50.org.br\/#\/schema\/person\/475dfa57d0b815993c714c2e96491fcd\"},\"headline\":\"PSOL prop\u00f5e regime domiciliar para m\u00e3es e portadores de doen\u00e7as cr\u00f4nicas encarcerados durante pandemia\",\"datePublished\":\"2020-03-30T20:36:17+00:00\",\"mainEntityOfPage\":{\"@id\":\"https:\/\/psol50.org.br\/psol-propoe-regime-domiciliar-para-maes-e-portadores-de-doencas-cronicas-encarcerados-durante-pandemia\/\"},\"wordCount\":269,\"publisher\":{\"@id\":\"https:\/\/psol50.org.br\/#organization\"},\"image\":{\"@id\":\"https:\/\/psol50.org.br\/psol-propoe-regime-domiciliar-para-maes-e-portadores-de-doencas-cronicas-encarcerados-durante-pandemia\/#primaryimage\"},\"thumbnailUrl\":\"https:\/\/psol50.org.br\/inc\/uploads\/2020\/03\/presos-cadeia-b37f54ce41bb2ff5e15f0c10e89ad814.jpg\",\"keywords\":[\"coronav\u00edrus\",\"pandemia\",\"pris\u00f5es\",\"PSOL\",\"psolcontraocoronavirus\",\"regime domiciliar\"],\"articleSection\":[\"A\u00e7\u00e3o Parlamentar\",\"Not\u00edcias\"],\"inLanguage\":\"pt-BR\"},{\"@type\":\"WebPage\",\"@id\":\"https:\/\/psol50.org.br\/psol-propoe-regime-domiciliar-para-maes-e-portadores-de-doencas-cronicas-encarcerados-durante-pandemia\/\",\"url\":\"https:\/\/psol50.org.br\/psol-propoe-regime-domiciliar-para-maes-e-portadores-de-doencas-cronicas-encarcerados-durante-pandemia\/\",\"name\":\"PSOL prop\u00f5e regime domiciliar para m\u00e3es e portadores de doen\u00e7as cr\u00f4nicas encarcerados durante pandemia\",\"isPartOf\":{\"@id\":\"https:\/\/psol50.org.br\/#website\"},\"primaryImageOfPage\":{\"@id\":\"https:\/\/psol50.org.br\/psol-propoe-regime-domiciliar-para-maes-e-portadores-de-doencas-cronicas-encarcerados-durante-pandemia\/#primaryimage\"},\"image\":{\"@id\":\"https:\/\/psol50.org.br\/psol-propoe-regime-domiciliar-para-maes-e-portadores-de-doencas-cronicas-encarcerados-durante-pandemia\/#primaryimage\"},\"thumbnailUrl\":\"https:\/\/psol50.org.br\/inc\/uploads\/2020\/03\/presos-cadeia-b37f54ce41bb2ff5e15f0c10e89ad814.jpg\",\"datePublished\":\"2020-03-30T20:36:17+00:00\",\"description\":\"Mulheres que s\u00e3o m\u00e3es de crian\u00e7as at\u00e9 12 anos de idade ou de pessoas com defici\u00eancia tamb\u00e9m seriam contempladas na proposta do PSOL.\",\"breadcrumb\":{\"@id\":\"https:\/\/psol50.org.br\/psol-propoe-regime-domiciliar-para-maes-e-portadores-de-doencas-cronicas-encarcerados-durante-pandemia\/#breadcrumb\"},\"inLanguage\":\"pt-BR\",\"potentialAction\":[{\"@type\":\"ReadAction\",\"target\":[\"https:\/\/psol50.org.br\/psol-propoe-regime-domiciliar-para-maes-e-portadores-de-doencas-cronicas-encarcerados-durante-pandemia\/\"]}]},{\"@type\":\"ImageObject\",\"inLanguage\":\"pt-BR\",\"@id\":\"https:\/\/psol50.org.br\/psol-propoe-regime-domiciliar-para-maes-e-portadores-de-doencas-cronicas-encarcerados-durante-pandemia\/#primaryimage\",\"url\":\"https:\/\/psol50.org.br\/inc\/uploads\/2020\/03\/presos-cadeia-b37f54ce41bb2ff5e15f0c10e89ad814.jpg\",\"contentUrl\":\"https:\/\/psol50.org.br\/inc\/uploads\/2020\/03\/presos-cadeia-b37f54ce41bb2ff5e15f0c10e89ad814.jpg\",\"width\":730,\"height\":486,\"caption\":\"Foto: Ag\u00eancia Brasil\"},{\"@type\":\"BreadcrumbList\",\"@id\":\"https:\/\/psol50.org.br\/psol-propoe-regime-domiciliar-para-maes-e-portadores-de-doencas-cronicas-encarcerados-durante-pandemia\/#breadcrumb\",\"itemListElement\":[{\"@type\":\"ListItem\",\"position\":1,\"name\":\"In\u00edcio\",\"item\":\"https:\/\/psol50.org.br\/\"},{\"@type\":\"ListItem\",\"position\":2,\"name\":\"PSOL prop\u00f5e regime domiciliar para m\u00e3es e portadores de doen\u00e7as cr\u00f4nicas encarcerados durante pandemia\"}]},{\"@type\":\"WebSite\",\"@id\":\"https:\/\/psol50.org.br\/#website\",\"url\":\"https:\/\/psol50.org.br\/\",\"name\":\"PSOL 50\",\"description\":\"Site oficial do Partido Socialismo e Liberdade\",\"publisher\":{\"@id\":\"https:\/\/psol50.org.br\/#organization\"},\"alternateName\":\"PSOL50\",\"potentialAction\":[{\"@type\":\"SearchAction\",\"target\":{\"@type\":\"EntryPoint\",\"urlTemplate\":\"https:\/\/psol50.org.br\/?s={search_term_string}\"},\"query-input\":{\"@type\":\"PropertyValueSpecification\",\"valueRequired\":true,\"valueName\":\"search_term_string\"}}],\"inLanguage\":\"pt-BR\"},{\"@type\":\"Organization\",\"@id\":\"https:\/\/psol50.org.br\/#organization\",\"name\":\"PSOL 50\",\"alternateName\":\"PSOL 50\",\"url\":\"https:\/\/psol50.org.br\/\",\"logo\":{\"@type\":\"ImageObject\",\"inLanguage\":\"pt-BR\",\"@id\":\"https:\/\/psol50.org.br\/#\/schema\/logo\/image\/\",\"url\":\"https:\/\/psol50.org.br\/inc\/uploads\/2018\/07\/capa.png\",\"contentUrl\":\"https:\/\/psol50.org.br\/inc\/uploads\/2018\/07\/capa.png\",\"width\":1350,\"height\":900,\"caption\":\"PSOL 50\"},\"image\":{\"@id\":\"https:\/\/psol50.org.br\/#\/schema\/logo\/image\/\"},\"sameAs\":[\"https:\/\/www.facebook.com\/psol50\",\"https:\/\/x.com\/psol50\",\"https:\/\/www.instagram.com\/psol50\/\",\"https:\/\/www.youtube.com\/channel\/UC7SnJS5o1os7a6CaiNabzcg\"]},{\"@type\":\"Person\",\"@id\":\"https:\/\/psol50.org.br\/#\/schema\/person\/475dfa57d0b815993c714c2e96491fcd\",\"name\":\"Comunica\u00e7\u00e3o PSOL\",\"image\":{\"@type\":\"ImageObject\",\"inLanguage\":\"pt-BR\",\"@id\":\"https:\/\/psol50.org.br\/#\/schema\/person\/image\/\",\"url\":\"https:\/\/secure.gravatar.com\/avatar\/b34fc4f4e468a4e51785917065a3db57b841f5c95dba6ad8c73aaf8f66f8f9bf?s=96&d=mm&r=g\",\"contentUrl\":\"https:\/\/secure.gravatar.com\/avatar\/b34fc4f4e468a4e51785917065a3db57b841f5c95dba6ad8c73aaf8f66f8f9bf?s=96&d=mm&r=g\",\"caption\":\"Comunica\u00e7\u00e3o PSOL\"}}]}<\/script>\n<!-- \/ Yoast SEO plugin. -->","yoast_head_json":{"title":"PSOL prop\u00f5e regime domiciliar para m\u00e3es e portadores de doen\u00e7as cr\u00f4nicas encarcerados durante pandemia","description":"Mulheres que s\u00e3o m\u00e3es de crian\u00e7as at\u00e9 12 anos de idade ou de pessoas com defici\u00eancia tamb\u00e9m seriam contempladas na proposta do PSOL.","robots":{"index":"index","follow":"follow","max-snippet":"max-snippet:-1","max-image-preview":"max-image-preview:large","max-video-preview":"max-video-preview:-1"},"canonical":"https:\/\/psol50.org.br\/psol-propoe-regime-domiciliar-para-maes-e-portadores-de-doencas-cronicas-encarcerados-durante-pandemia\/","og_locale":"pt_BR","og_type":"article","og_title":"PSOL prop\u00f5e regime domiciliar para m\u00e3es e portadores de doen\u00e7as cr\u00f4nicas encarcerados durante pandemia","og_description":"Mulheres que s\u00e3o m\u00e3es de crian\u00e7as at\u00e9 12 anos de idade ou de pessoas com defici\u00eancia tamb\u00e9m seriam contempladas na proposta do PSOL.","og_url":"https:\/\/psol50.org.br\/psol-propoe-regime-domiciliar-para-maes-e-portadores-de-doencas-cronicas-encarcerados-durante-pandemia\/","og_site_name":"PSOL 50","article_publisher":"https:\/\/www.facebook.com\/psol50","article_published_time":"2020-03-30T20:36:17+00:00","og_image":[{"width":730,"height":486,"url":"https:\/\/psol50.org.br\/inc\/uploads\/2020\/03\/presos-cadeia-b37f54ce41bb2ff5e15f0c10e89ad814.jpg","type":"image\/jpeg"}],"author":"Comunica\u00e7\u00e3o PSOL","twitter_card":"summary_large_image","twitter_title":"PSOL prop\u00f5e regime domiciliar para m\u00e3es e portadores de doen\u00e7as cr\u00f4nicas encarcerados durante pandemia","twitter_description":"Mulheres que s\u00e3o m\u00e3es de crian\u00e7as at\u00e9 12 anos de idade ou de pessoas com defici\u00eancia tamb\u00e9m seriam contempladas na proposta do PSOL.","twitter_image":"https:\/\/psol50.org.br\/inc\/uploads\/2020\/03\/presos-cadeia-b37f54ce41bb2ff5e15f0c10e89ad814.jpg","twitter_creator":"@psol50","twitter_site":"@psol50","twitter_misc":{"Escrito por":"Comunica\u00e7\u00e3o PSOL","Est. tempo de leitura":"1 minuto"},"schema":{"@context":"https:\/\/schema.org","@graph":[{"@type":"Article","@id":"https:\/\/psol50.org.br\/psol-propoe-regime-domiciliar-para-maes-e-portadores-de-doencas-cronicas-encarcerados-durante-pandemia\/#article","isPartOf":{"@id":"https:\/\/psol50.org.br\/psol-propoe-regime-domiciliar-para-maes-e-portadores-de-doencas-cronicas-encarcerados-durante-pandemia\/"},"author":{"name":"Comunica\u00e7\u00e3o PSOL","@id":"https:\/\/psol50.org.br\/#\/schema\/person\/475dfa57d0b815993c714c2e96491fcd"},"headline":"PSOL prop\u00f5e regime domiciliar para m\u00e3es e portadores de doen\u00e7as cr\u00f4nicas encarcerados durante pandemia","datePublished":"2020-03-30T20:36:17+00:00","mainEntityOfPage":{"@id":"https:\/\/psol50.org.br\/psol-propoe-regime-domiciliar-para-maes-e-portadores-de-doencas-cronicas-encarcerados-durante-pandemia\/"},"wordCount":269,"publisher":{"@id":"https:\/\/psol50.org.br\/#organization"},"image":{"@id":"https:\/\/psol50.org.br\/psol-propoe-regime-domiciliar-para-maes-e-portadores-de-doencas-cronicas-encarcerados-durante-pandemia\/#primaryimage"},"thumbnailUrl":"https:\/\/psol50.org.br\/inc\/uploads\/2020\/03\/presos-cadeia-b37f54ce41bb2ff5e15f0c10e89ad814.jpg","keywords":["coronav\u00edrus","pandemia","pris\u00f5es","PSOL","psolcontraocoronavirus","regime domiciliar"],"articleSection":["A\u00e7\u00e3o Parlamentar","Not\u00edcias"],"inLanguage":"pt-BR"},{"@type":"WebPage","@id":"https:\/\/psol50.org.br\/psol-propoe-regime-domiciliar-para-maes-e-portadores-de-doencas-cronicas-encarcerados-durante-pandemia\/","url":"https:\/\/psol50.org.br\/psol-propoe-regime-domiciliar-para-maes-e-portadores-de-doencas-cronicas-encarcerados-durante-pandemia\/","name":"PSOL prop\u00f5e regime domiciliar para m\u00e3es e portadores de doen\u00e7as cr\u00f4nicas encarcerados durante pandemia","isPartOf":{"@id":"https:\/\/psol50.org.br\/#website"},"primaryImageOfPage":{"@id":"https:\/\/psol50.org.br\/psol-propoe-regime-domiciliar-para-maes-e-portadores-de-doencas-cronicas-encarcerados-durante-pandemia\/#primaryimage"},"image":{"@id":"https:\/\/psol50.org.br\/psol-propoe-regime-domiciliar-para-maes-e-portadores-de-doencas-cronicas-encarcerados-durante-pandemia\/#primaryimage"},"thumbnailUrl":"https:\/\/psol50.org.br\/inc\/uploads\/2020\/03\/presos-cadeia-b37f54ce41bb2ff5e15f0c10e89ad814.jpg","datePublished":"2020-03-30T20:36:17+00:00","description":"Mulheres que s\u00e3o m\u00e3es de crian\u00e7as at\u00e9 12 anos de idade ou de pessoas com defici\u00eancia tamb\u00e9m seriam contempladas na proposta do PSOL.","breadcrumb":{"@id":"https:\/\/psol50.org.br\/psol-propoe-regime-domiciliar-para-maes-e-portadores-de-doencas-cronicas-encarcerados-durante-pandemia\/#breadcrumb"},"inLanguage":"pt-BR","potentialAction":[{"@type":"ReadAction","target":["https:\/\/psol50.org.br\/psol-propoe-regime-domiciliar-para-maes-e-portadores-de-doencas-cronicas-encarcerados-durante-pandemia\/"]}]},{"@type":"ImageObject","inLanguage":"pt-BR","@id":"https:\/\/psol50.org.br\/psol-propoe-regime-domiciliar-para-maes-e-portadores-de-doencas-cronicas-encarcerados-durante-pandemia\/#primaryimage","url":"https:\/\/psol50.org.br\/inc\/uploads\/2020\/03\/presos-cadeia-b37f54ce41bb2ff5e15f0c10e89ad814.jpg","contentUrl":"https:\/\/psol50.org.br\/inc\/uploads\/2020\/03\/presos-cadeia-b37f54ce41bb2ff5e15f0c10e89ad814.jpg","width":730,"height":486,"caption":"Foto: Ag\u00eancia Brasil"},{"@type":"BreadcrumbList","@id":"https:\/\/psol50.org.br\/psol-propoe-regime-domiciliar-para-maes-e-portadores-de-doencas-cronicas-encarcerados-durante-pandemia\/#breadcrumb","itemListElement":[{"@type":"ListItem","position":1,"name":"In\u00edcio","item":"https:\/\/psol50.org.br\/"},{"@type":"ListItem","position":2,"name":"PSOL prop\u00f5e regime domiciliar para m\u00e3es e portadores de doen\u00e7as cr\u00f4nicas encarcerados durante pandemia"}]},{"@type":"WebSite","@id":"https:\/\/psol50.org.br\/#website","url":"https:\/\/psol50.org.br\/","name":"PSOL 50","description":"Site oficial do Partido Socialismo e Liberdade","publisher":{"@id":"https:\/\/psol50.org.br\/#organization"},"alternateName":"PSOL50","potentialAction":[{"@type":"SearchAction","target":{"@type":"EntryPoint","urlTemplate":"https:\/\/psol50.org.br\/?s={search_term_string}"},"query-input":{"@type":"PropertyValueSpecification","valueRequired":true,"valueName":"search_term_string"}}],"inLanguage":"pt-BR"},{"@type":"Organization","@id":"https:\/\/psol50.org.br\/#organization","name":"PSOL 50","alternateName":"PSOL 50","url":"https:\/\/psol50.org.br\/","logo":{"@type":"ImageObject","inLanguage":"pt-BR","@id":"https:\/\/psol50.org.br\/#\/schema\/logo\/image\/","url":"https:\/\/psol50.org.br\/inc\/uploads\/2018\/07\/capa.png","contentUrl":"https:\/\/psol50.org.br\/inc\/uploads\/2018\/07\/capa.png","width":1350,"height":900,"caption":"PSOL 50"},"image":{"@id":"https:\/\/psol50.org.br\/#\/schema\/logo\/image\/"},"sameAs":["https:\/\/www.facebook.com\/psol50","https:\/\/x.com\/psol50","https:\/\/www.instagram.com\/psol50\/","https:\/\/www.youtube.com\/channel\/UC7SnJS5o1os7a6CaiNabzcg"]},{"@type":"Person","@id":"https:\/\/psol50.org.br\/#\/schema\/person\/475dfa57d0b815993c714c2e96491fcd","name":"Comunica\u00e7\u00e3o PSOL","image":{"@type":"ImageObject","inLanguage":"pt-BR","@id":"https:\/\/psol50.org.br\/#\/schema\/person\/image\/","url":"https:\/\/secure.gravatar.com\/avatar\/b34fc4f4e468a4e51785917065a3db57b841f5c95dba6ad8c73aaf8f66f8f9bf?s=96&d=mm&r=g","contentUrl":"https:\/\/secure.gravatar.com\/avatar\/b34fc4f4e468a4e51785917065a3db57b841f5c95dba6ad8c73aaf8f66f8f9bf?s=96&d=mm&r=g","caption":"Comunica\u00e7\u00e3o PSOL"}}]}},"_links":{"self":[{"href":"https:\/\/psol50.org.br\/rest\/wp\/v2\/posts\/28022","targetHints":{"allow":["GET"]}}],"collection":[{"href":"https:\/\/psol50.org.br\/rest\/wp\/v2\/posts"}],"about":[{"href":"https:\/\/psol50.org.br\/rest\/wp\/v2\/types\/post"}],"author":[{"embeddable":true,"href":"https:\/\/psol50.org.br\/rest\/wp\/v2\/users\/2"}],"replies":[{"embeddable":true,"href":"https:\/\/psol50.org.br\/rest\/wp\/v2\/comments?post=28022"}],"version-history":[{"count":0,"href":"https:\/\/psol50.org.br\/rest\/wp\/v2\/posts\/28022\/revisions"}],"wp:featuredmedia":[{"embeddable":true,"href":"https:\/\/psol50.org.br\/rest\/wp\/v2\/media\/28029"}],"wp:attachment":[{"href":"https:\/\/psol50.org.br\/rest\/wp\/v2\/media?parent=28022"}],"wp:term":[{"taxonomy":"category","embeddable":true,"href":"https:\/\/psol50.org.br\/rest\/wp\/v2\/categories?post=28022"},{"taxonomy":"post_tag","embeddable":true,"href":"https:\/\/psol50.org.br\/rest\/wp\/v2\/tags?post=28022"}],"curies":[{"name":"wp","href":"https:\/\/api.w.org\/{rel}","templated":true}]}}