{"id":2804,"date":"2014-05-13T00:00:00","date_gmt":"2014-06-13T17:32:38","guid":{"rendered":"http:\/\/psol50.org.br\/arquivo\/2014\/05\/13\/no-ceara-psol-realiza-convencao-estadual-no-domingo\/"},"modified":"2014-05-13T00:00:00","modified_gmt":"2014-06-13T17:32:38","slug":"no-ceara-psol-realiza-convencao-estadual-no-domingo","status":"publish","type":"post","link":"https:\/\/psol50.org.br\/no-ceara-psol-realiza-convencao-estadual-no-domingo\/","title":{"rendered":"No Cear\u00e1, PSOL realiza conven\u00e7\u00e3o estadual no domingo"},"content":{"rendered":"<p style=\"text-align: justify;\">\n\t<span style=\"font-family:arial,helvetica,sans-serif;\"><span style=\"font-size: 12px;\">A candidatura do sindicalista e militante pela diversidade sexual Ailton Lopes ao Governo do Estado do Cear\u00e1 ser\u00e1 oficializada durante conven\u00e7\u00e3o do PSOL-CE no domingo, 15 de junho. Com atua\u00e7\u00e3o destacada na oposi\u00e7\u00e3o do Sindicato dos Banc\u00e1rios e com uma forte identifica\u00e7\u00e3o com o movimento estudantil (no qual militou), Ailton dever\u00e1, nas elei\u00e7\u00f5es, pautar, as vozes das manifesta\u00e7\u00f5es, apresentando uma nova pol\u00edtica, pautada pela constru\u00e7\u00e3o coletiva e pela postura cr\u00edtica diante do modelo de sociedade hegem\u00f4nico.&nbsp;<\/p>\n<p>\tDurante a conven\u00e7\u00e3o, que ocorrer\u00e1 na sede do PSOL-CE, em Fortaleza, tamb\u00e9m ser\u00e3o apresentadas as candidaturas \u00e0s casas legislativas estadual e federal de dezenas de militantes, frutos da organiza\u00e7\u00e3o dos n\u00facleos e setoriais do PSOL e de di\u00e1logos com diversos segmentos da cidade. A chapa de proporcionais conta com ambientalistas, professores, militantes de movimentos de bairros, do setor sindical, da luta pela terra, da capital e do interior, permitindo que o partido possa vocalizar e fortalecer as lutas populares, bem como eleger, no estado, parlamentares de oposi\u00e7\u00e3o radical a projeto de desenvolvimento posto em pr\u00e1tica pelos atuais governos (federal, estadual e municipal).<\/p>\n<p>\t<strong>Frente de Esquerda<\/strong><br \/>\n\tNa conven\u00e7\u00e3o, que tamb\u00e9m contar\u00e1 com a participa\u00e7\u00e3o de representantes do PSTU e do PCB, o PSOL oficializar\u00e1 a sua participa\u00e7\u00e3o na Frente de Esquerda Socialista (formada pelos tr\u00eas partidos) no estado, que ter\u00e1 na chapa majorit\u00e1ria, al\u00e9m da candidatura de Ailton Lopes ao governo, a participa\u00e7\u00e3o do sindicalista Valdir Pereira (PSTU) para o Senado e a indica\u00e7\u00e3o do PCB para a vice ao governo do estado e a primeira supl\u00eancia ao Senado.<br \/>\n\t&nbsp;<br \/>\n\tO diret\u00f3rio do PSOL-CE explica que a conforma\u00e7\u00e3o da Frente de Esquerda Socialista demonstra a s\u00edntese pol\u00edtica que as organiza\u00e7\u00f5es v\u00eam adquirindo nas diversas lutas que travam em conjunto no estado do Cear\u00e1. Para al\u00e9m das pr\u00f3prias elei\u00e7\u00f5es, a frente tamb\u00e9m deve reverberar uma agenda de lutas unit\u00e1ria, conectada com as demandas da juventude e dos trabalhadores que t\u00eam ocupado as ruas para conquistar direitos.<br \/>\n\t&nbsp;<br \/>\n\t<strong>Elabora\u00e7\u00e3o do Programa<\/strong><br \/>\n\tPara a composi\u00e7\u00e3o da Frente de Esquerda, as organiza\u00e7\u00f5es realizaram uma s\u00e9rie de debates program\u00e1ticos, definindo assim os eixos que ser\u00e3o apresentados durante a campanha eleitoral, que evidenciam um programa de oposi\u00e7\u00e3o de esquerda aos governos federal, estadual e municipal e trazem as demandas populares apresentadas nas recentes manifesta\u00e7\u00f5es.<br \/>\n\t&nbsp;<br \/>\n\tUma s\u00e9rie de semin\u00e1rios, na capital e no interior do estado, j\u00e1 est\u00e1 agendada ou em andamento para aprofundar e apresentar uma plataforma de governan\u00e7a anticapitalista, trazendo um olhar sobre o estado do Cear\u00e1 pautado na supera\u00e7\u00e3o da desigualdade e das mais diversas formas de opress\u00e3o.<\/p>\n<p>\t<strong>Breve hist\u00f3rico de Ailton Lopes<\/strong><br \/>\n\tNascido em Pau dos Ferros (RN) no dia&nbsp; 22 de abril de 1978, Ailton Lopes, de 36 anos,&nbsp; vive em Fortaleza desde 1985. Iniciou sua trajet\u00f3ria de luta na Pastoral de Juventude, onde compreendeu que pol\u00edtica se faz coletivamente. Em 1997, na Universidade Estadual do Cear\u00e1 (UECE), teve inicio sua milit\u00e2ncia no movimento estudantil, onde fez parte do Centro Acad\u00eamico 9 de Setembro de Medicina Veterin\u00e1ria da UECE, da Executiva Nacional dos Estudantes de Veterin\u00e1ria e do Diret\u00f3rio Central dos Estudantes da UECE.<br \/>\n\t&nbsp;<br \/>\n\tFoi militante do PT, partido com o qual rompeu ao perceber a sua completa integra\u00e7\u00e3o \u00e0 ordem, e dedica-se, desde 2005, a construir uma alternativa de esquerda socialista que pudesse ser a ferramenta de transforma\u00e7\u00e3o social necess\u00e1ria para o povo brasileiro: o PSOL. No PSOL, Ailton foi candidato a deputado estadual em 2006 e posteriormente a vereador de Fortaleza em 2008.<br \/>\n\t&nbsp;<br \/>\n\tHoje, Ailton Lopes atua profissionalmente como banc\u00e1rio, professor de portugu\u00eas e espanhol e linguista cr\u00edtico, dedicando sua milit\u00e2ncia \u00e0 oposi\u00e7\u00e3o banc\u00e1ria e ao movimento de diversidade sexual.<\/span><\/span><\/p>\n","protected":false},"excerpt":{"rendered":"<p>A candidatura do sindicalista e militante pela diversidade sexual Ailton Lopes ao Governo do Estado do Cear\u00e1 ser\u00e1 oficializada durante conven\u00e7\u00e3o do PSOL-CE no domingo, 15 de junho. Com atua\u00e7\u00e3o destacada na oposi\u00e7\u00e3o do Sindicato dos Banc\u00e1rios e com uma forte identifica\u00e7\u00e3o com o movimento estudantil (no qual militou), Ailton dever\u00e1, nas elei\u00e7\u00f5es, pautar, as [&hellip;]<\/p>\n","protected":false},"author":2,"featured_media":0,"comment_status":"open","ping_status":"open","sticky":false,"template":"","format":"standard","meta":{"_acf_changed":false,"footnotes":""},"categories":[4766,6],"tags":[22],"class_list":{"0":"post-2804","1":"post","2":"type-post","3":"status-publish","4":"format-standard","6":"category-arquivo","7":"category-noticias","8":"tag-psol"},"acf":[],"yoast_head":"<!-- This site is optimized with the Yoast SEO plugin v26.5 - https:\/\/yoast.com\/wordpress\/plugins\/seo\/ -->\n<title>No Cear\u00e1, PSOL realiza conven\u00e7\u00e3o estadual no domingo - PSOL 50<\/title>\n<meta name=\"robots\" content=\"index, follow, max-snippet:-1, max-image-preview:large, max-video-preview:-1\" \/>\n<link rel=\"canonical\" href=\"https:\/\/psol50.org.br\/no-ceara-psol-realiza-convencao-estadual-no-domingo\/\" \/>\n<meta property=\"og:locale\" content=\"pt_BR\" \/>\n<meta property=\"og:type\" content=\"article\" \/>\n<meta property=\"og:title\" content=\"No Cear\u00e1, PSOL realiza conven\u00e7\u00e3o estadual no domingo - PSOL 50\" \/>\n<meta property=\"og:description\" content=\"A candidatura do sindicalista e militante pela diversidade sexual Ailton Lopes ao Governo do Estado do Cear\u00e1 ser\u00e1 oficializada durante conven\u00e7\u00e3o do PSOL-CE no domingo, 15 de junho. Com atua\u00e7\u00e3o destacada na oposi\u00e7\u00e3o do Sindicato dos Banc\u00e1rios e com uma forte identifica\u00e7\u00e3o com o movimento estudantil (no qual militou), Ailton dever\u00e1, nas elei\u00e7\u00f5es, pautar, as [&hellip;]\" \/>\n<meta property=\"og:url\" content=\"https:\/\/psol50.org.br\/no-ceara-psol-realiza-convencao-estadual-no-domingo\/\" \/>\n<meta property=\"og:site_name\" content=\"PSOL 50\" \/>\n<meta property=\"article:publisher\" content=\"https:\/\/www.facebook.com\/psol50\" \/>\n<meta property=\"article:published_time\" content=\"2014-06-13T17:32:38+00:00\" \/>\n<meta property=\"og:image\" content=\"https:\/\/psol50.org.br\/inc\/uploads\/2018\/07\/capa.png\" \/>\n\t<meta property=\"og:image:width\" content=\"1350\" \/>\n\t<meta property=\"og:image:height\" content=\"900\" \/>\n\t<meta property=\"og:image:type\" content=\"image\/png\" \/>\n<meta name=\"author\" content=\"Comunica\u00e7\u00e3o PSOL\" \/>\n<meta name=\"twitter:card\" content=\"summary_large_image\" \/>\n<meta name=\"twitter:creator\" content=\"@psol50\" \/>\n<meta name=\"twitter:site\" content=\"@psol50\" \/>\n<meta name=\"twitter:label1\" content=\"Escrito por\" \/>\n\t<meta name=\"twitter:data1\" content=\"Comunica\u00e7\u00e3o PSOL\" \/>\n\t<meta name=\"twitter:label2\" content=\"Est. tempo de leitura\" \/>\n\t<meta name=\"twitter:data2\" content=\"3 minutos\" \/>\n<script type=\"application\/ld+json\" class=\"yoast-schema-graph\">{\"@context\":\"https:\/\/schema.org\",\"@graph\":[{\"@type\":\"Article\",\"@id\":\"https:\/\/psol50.org.br\/no-ceara-psol-realiza-convencao-estadual-no-domingo\/#article\",\"isPartOf\":{\"@id\":\"https:\/\/psol50.org.br\/no-ceara-psol-realiza-convencao-estadual-no-domingo\/\"},\"author\":{\"name\":\"Comunica\u00e7\u00e3o PSOL\",\"@id\":\"https:\/\/psol50.org.br\/#\/schema\/person\/475dfa57d0b815993c714c2e96491fcd\"},\"headline\":\"No Cear\u00e1, PSOL realiza conven\u00e7\u00e3o estadual no domingo\",\"datePublished\":\"2014-06-13T17:32:38+00:00\",\"mainEntityOfPage\":{\"@id\":\"https:\/\/psol50.org.br\/no-ceara-psol-realiza-convencao-estadual-no-domingo\/\"},\"wordCount\":669,\"commentCount\":0,\"publisher\":{\"@id\":\"https:\/\/psol50.org.br\/#organization\"},\"keywords\":[\"PSOL\"],\"articleSection\":[\"Arquivo\",\"Not\u00edcias\"],\"inLanguage\":\"pt-BR\",\"potentialAction\":[{\"@type\":\"CommentAction\",\"name\":\"Comment\",\"target\":[\"https:\/\/psol50.org.br\/no-ceara-psol-realiza-convencao-estadual-no-domingo\/#respond\"]}]},{\"@type\":\"WebPage\",\"@id\":\"https:\/\/psol50.org.br\/no-ceara-psol-realiza-convencao-estadual-no-domingo\/\",\"url\":\"https:\/\/psol50.org.br\/no-ceara-psol-realiza-convencao-estadual-no-domingo\/\",\"name\":\"No Cear\u00e1, PSOL realiza conven\u00e7\u00e3o estadual no domingo - PSOL 50\",\"isPartOf\":{\"@id\":\"https:\/\/psol50.org.br\/#website\"},\"datePublished\":\"2014-06-13T17:32:38+00:00\",\"breadcrumb\":{\"@id\":\"https:\/\/psol50.org.br\/no-ceara-psol-realiza-convencao-estadual-no-domingo\/#breadcrumb\"},\"inLanguage\":\"pt-BR\",\"potentialAction\":[{\"@type\":\"ReadAction\",\"target\":[\"https:\/\/psol50.org.br\/no-ceara-psol-realiza-convencao-estadual-no-domingo\/\"]}]},{\"@type\":\"BreadcrumbList\",\"@id\":\"https:\/\/psol50.org.br\/no-ceara-psol-realiza-convencao-estadual-no-domingo\/#breadcrumb\",\"itemListElement\":[{\"@type\":\"ListItem\",\"position\":1,\"name\":\"In\u00edcio\",\"item\":\"https:\/\/psol50.org.br\/\"},{\"@type\":\"ListItem\",\"position\":2,\"name\":\"No Cear\u00e1, PSOL realiza conven\u00e7\u00e3o estadual no domingo\"}]},{\"@type\":\"WebSite\",\"@id\":\"https:\/\/psol50.org.br\/#website\",\"url\":\"https:\/\/psol50.org.br\/\",\"name\":\"PSOL 50\",\"description\":\"Site oficial do Partido Socialismo e Liberdade\",\"publisher\":{\"@id\":\"https:\/\/psol50.org.br\/#organization\"},\"alternateName\":\"PSOL50\",\"potentialAction\":[{\"@type\":\"SearchAction\",\"target\":{\"@type\":\"EntryPoint\",\"urlTemplate\":\"https:\/\/psol50.org.br\/?s={search_term_string}\"},\"query-input\":{\"@type\":\"PropertyValueSpecification\",\"valueRequired\":true,\"valueName\":\"search_term_string\"}}],\"inLanguage\":\"pt-BR\"},{\"@type\":\"Organization\",\"@id\":\"https:\/\/psol50.org.br\/#organization\",\"name\":\"PSOL 50\",\"alternateName\":\"PSOL 50\",\"url\":\"https:\/\/psol50.org.br\/\",\"logo\":{\"@type\":\"ImageObject\",\"inLanguage\":\"pt-BR\",\"@id\":\"https:\/\/psol50.org.br\/#\/schema\/logo\/image\/\",\"url\":\"https:\/\/psol50.org.br\/inc\/uploads\/2018\/07\/capa.png\",\"contentUrl\":\"https:\/\/psol50.org.br\/inc\/uploads\/2018\/07\/capa.png\",\"width\":1350,\"height\":900,\"caption\":\"PSOL 50\"},\"image\":{\"@id\":\"https:\/\/psol50.org.br\/#\/schema\/logo\/image\/\"},\"sameAs\":[\"https:\/\/www.facebook.com\/psol50\",\"https:\/\/x.com\/psol50\",\"https:\/\/www.instagram.com\/psol50\/\",\"https:\/\/www.youtube.com\/channel\/UC7SnJS5o1os7a6CaiNabzcg\"]},{\"@type\":\"Person\",\"@id\":\"https:\/\/psol50.org.br\/#\/schema\/person\/475dfa57d0b815993c714c2e96491fcd\",\"name\":\"Comunica\u00e7\u00e3o PSOL\",\"image\":{\"@type\":\"ImageObject\",\"inLanguage\":\"pt-BR\",\"@id\":\"https:\/\/psol50.org.br\/#\/schema\/person\/image\/\",\"url\":\"https:\/\/secure.gravatar.com\/avatar\/b34fc4f4e468a4e51785917065a3db57b841f5c95dba6ad8c73aaf8f66f8f9bf?s=96&d=mm&r=g\",\"contentUrl\":\"https:\/\/secure.gravatar.com\/avatar\/b34fc4f4e468a4e51785917065a3db57b841f5c95dba6ad8c73aaf8f66f8f9bf?s=96&d=mm&r=g\",\"caption\":\"Comunica\u00e7\u00e3o PSOL\"}}]}<\/script>\n<!-- \/ Yoast SEO plugin. -->","yoast_head_json":{"title":"No Cear\u00e1, PSOL realiza conven\u00e7\u00e3o estadual no domingo - PSOL 50","robots":{"index":"index","follow":"follow","max-snippet":"max-snippet:-1","max-image-preview":"max-image-preview:large","max-video-preview":"max-video-preview:-1"},"canonical":"https:\/\/psol50.org.br\/no-ceara-psol-realiza-convencao-estadual-no-domingo\/","og_locale":"pt_BR","og_type":"article","og_title":"No Cear\u00e1, PSOL realiza conven\u00e7\u00e3o estadual no domingo - PSOL 50","og_description":"A candidatura do sindicalista e militante pela diversidade sexual Ailton Lopes ao Governo do Estado do Cear\u00e1 ser\u00e1 oficializada durante conven\u00e7\u00e3o do PSOL-CE no domingo, 15 de junho. Com atua\u00e7\u00e3o destacada na oposi\u00e7\u00e3o do Sindicato dos Banc\u00e1rios e com uma forte identifica\u00e7\u00e3o com o movimento estudantil (no qual militou), Ailton dever\u00e1, nas elei\u00e7\u00f5es, pautar, as [&hellip;]","og_url":"https:\/\/psol50.org.br\/no-ceara-psol-realiza-convencao-estadual-no-domingo\/","og_site_name":"PSOL 50","article_publisher":"https:\/\/www.facebook.com\/psol50","article_published_time":"2014-06-13T17:32:38+00:00","og_image":[{"width":1350,"height":900,"url":"https:\/\/psol50.org.br\/inc\/uploads\/2018\/07\/capa.png","type":"image\/png"}],"author":"Comunica\u00e7\u00e3o PSOL","twitter_card":"summary_large_image","twitter_creator":"@psol50","twitter_site":"@psol50","twitter_misc":{"Escrito por":"Comunica\u00e7\u00e3o PSOL","Est. tempo de leitura":"3 minutos"},"schema":{"@context":"https:\/\/schema.org","@graph":[{"@type":"Article","@id":"https:\/\/psol50.org.br\/no-ceara-psol-realiza-convencao-estadual-no-domingo\/#article","isPartOf":{"@id":"https:\/\/psol50.org.br\/no-ceara-psol-realiza-convencao-estadual-no-domingo\/"},"author":{"name":"Comunica\u00e7\u00e3o PSOL","@id":"https:\/\/psol50.org.br\/#\/schema\/person\/475dfa57d0b815993c714c2e96491fcd"},"headline":"No Cear\u00e1, PSOL realiza conven\u00e7\u00e3o estadual no domingo","datePublished":"2014-06-13T17:32:38+00:00","mainEntityOfPage":{"@id":"https:\/\/psol50.org.br\/no-ceara-psol-realiza-convencao-estadual-no-domingo\/"},"wordCount":669,"commentCount":0,"publisher":{"@id":"https:\/\/psol50.org.br\/#organization"},"keywords":["PSOL"],"articleSection":["Arquivo","Not\u00edcias"],"inLanguage":"pt-BR","potentialAction":[{"@type":"CommentAction","name":"Comment","target":["https:\/\/psol50.org.br\/no-ceara-psol-realiza-convencao-estadual-no-domingo\/#respond"]}]},{"@type":"WebPage","@id":"https:\/\/psol50.org.br\/no-ceara-psol-realiza-convencao-estadual-no-domingo\/","url":"https:\/\/psol50.org.br\/no-ceara-psol-realiza-convencao-estadual-no-domingo\/","name":"No Cear\u00e1, PSOL realiza conven\u00e7\u00e3o estadual no domingo - PSOL 50","isPartOf":{"@id":"https:\/\/psol50.org.br\/#website"},"datePublished":"2014-06-13T17:32:38+00:00","breadcrumb":{"@id":"https:\/\/psol50.org.br\/no-ceara-psol-realiza-convencao-estadual-no-domingo\/#breadcrumb"},"inLanguage":"pt-BR","potentialAction":[{"@type":"ReadAction","target":["https:\/\/psol50.org.br\/no-ceara-psol-realiza-convencao-estadual-no-domingo\/"]}]},{"@type":"BreadcrumbList","@id":"https:\/\/psol50.org.br\/no-ceara-psol-realiza-convencao-estadual-no-domingo\/#breadcrumb","itemListElement":[{"@type":"ListItem","position":1,"name":"In\u00edcio","item":"https:\/\/psol50.org.br\/"},{"@type":"ListItem","position":2,"name":"No Cear\u00e1, PSOL realiza conven\u00e7\u00e3o estadual no domingo"}]},{"@type":"WebSite","@id":"https:\/\/psol50.org.br\/#website","url":"https:\/\/psol50.org.br\/","name":"PSOL 50","description":"Site oficial do Partido Socialismo e Liberdade","publisher":{"@id":"https:\/\/psol50.org.br\/#organization"},"alternateName":"PSOL50","potentialAction":[{"@type":"SearchAction","target":{"@type":"EntryPoint","urlTemplate":"https:\/\/psol50.org.br\/?s={search_term_string}"},"query-input":{"@type":"PropertyValueSpecification","valueRequired":true,"valueName":"search_term_string"}}],"inLanguage":"pt-BR"},{"@type":"Organization","@id":"https:\/\/psol50.org.br\/#organization","name":"PSOL 50","alternateName":"PSOL 50","url":"https:\/\/psol50.org.br\/","logo":{"@type":"ImageObject","inLanguage":"pt-BR","@id":"https:\/\/psol50.org.br\/#\/schema\/logo\/image\/","url":"https:\/\/psol50.org.br\/inc\/uploads\/2018\/07\/capa.png","contentUrl":"https:\/\/psol50.org.br\/inc\/uploads\/2018\/07\/capa.png","width":1350,"height":900,"caption":"PSOL 50"},"image":{"@id":"https:\/\/psol50.org.br\/#\/schema\/logo\/image\/"},"sameAs":["https:\/\/www.facebook.com\/psol50","https:\/\/x.com\/psol50","https:\/\/www.instagram.com\/psol50\/","https:\/\/www.youtube.com\/channel\/UC7SnJS5o1os7a6CaiNabzcg"]},{"@type":"Person","@id":"https:\/\/psol50.org.br\/#\/schema\/person\/475dfa57d0b815993c714c2e96491fcd","name":"Comunica\u00e7\u00e3o PSOL","image":{"@type":"ImageObject","inLanguage":"pt-BR","@id":"https:\/\/psol50.org.br\/#\/schema\/person\/image\/","url":"https:\/\/secure.gravatar.com\/avatar\/b34fc4f4e468a4e51785917065a3db57b841f5c95dba6ad8c73aaf8f66f8f9bf?s=96&d=mm&r=g","contentUrl":"https:\/\/secure.gravatar.com\/avatar\/b34fc4f4e468a4e51785917065a3db57b841f5c95dba6ad8c73aaf8f66f8f9bf?s=96&d=mm&r=g","caption":"Comunica\u00e7\u00e3o PSOL"}}]}},"_links":{"self":[{"href":"https:\/\/psol50.org.br\/rest\/wp\/v2\/posts\/2804","targetHints":{"allow":["GET"]}}],"collection":[{"href":"https:\/\/psol50.org.br\/rest\/wp\/v2\/posts"}],"about":[{"href":"https:\/\/psol50.org.br\/rest\/wp\/v2\/types\/post"}],"author":[{"embeddable":true,"href":"https:\/\/psol50.org.br\/rest\/wp\/v2\/users\/2"}],"replies":[{"embeddable":true,"href":"https:\/\/psol50.org.br\/rest\/wp\/v2\/comments?post=2804"}],"version-history":[{"count":0,"href":"https:\/\/psol50.org.br\/rest\/wp\/v2\/posts\/2804\/revisions"}],"wp:attachment":[{"href":"https:\/\/psol50.org.br\/rest\/wp\/v2\/media?parent=2804"}],"wp:term":[{"taxonomy":"category","embeddable":true,"href":"https:\/\/psol50.org.br\/rest\/wp\/v2\/categories?post=2804"},{"taxonomy":"post_tag","embeddable":true,"href":"https:\/\/psol50.org.br\/rest\/wp\/v2\/tags?post=2804"}],"curies":[{"name":"wp","href":"https:\/\/api.w.org\/{rel}","templated":true}]}}