{"id":2805,"date":"2014-06-13T00:00:00","date_gmt":"2014-06-13T19:29:32","guid":{"rendered":"http:\/\/psol50.org.br\/arquivo\/2014\/06\/13\/nota-do-psol-sobre-candidatura-a-presidencia-da-republica\/"},"modified":"2014-06-13T00:00:00","modified_gmt":"2014-06-13T19:29:32","slug":"nota-do-psol-sobre-candidatura-a-presidencia-da-republica","status":"publish","type":"post","link":"https:\/\/psol50.org.br\/nota-do-psol-sobre-candidatura-a-presidencia-da-republica\/","title":{"rendered":"Nota do PSOL sobre candidatura \u00e0 Presid\u00eancia da Rep\u00fablica"},"content":{"rendered":"<p align=\"JUSTIFY\" style=\"margin-bottom: 0cm\">\n\t<span style=\"font-size:12px;\"><font face=\"Arial, sans-serif\">A Dire\u00e7\u00e3o Nacional do PSOL foi informada pelo senador Randolfe Rodrigues, pr\u00e9-candidato \u00e0 Presid\u00eancia da Rep\u00fablica escolhido no seu IV Congresso Nacional, realizado em dezembro de 2013, de que ele n\u00e3o est\u00e1 mais dispon\u00edvel para o cumprimento desta tarefa partid\u00e1ria.<\/font><\/p>\n<p>\t<font face=\"Arial, sans-serif\">Sua desist\u00eancia estaria vinculada \u00e0 necessidade de construir uma alternativa pol\u00edtica contra o retorno das for\u00e7as conservadoras no estado do Amap\u00e1, unidade da federa\u00e7\u00e3o pela qual elegeu-se senador. <\/font><\/p>\n<p>\t<font face=\"Arial, sans-serif\">Sua op\u00e7\u00e3o representa um preju\u00edzo na constru\u00e7\u00e3o de uma alternativa de esquerda nestas elei\u00e7\u00f5es. Nossa tarefa \u00e9 apresentar um programa de mudan\u00e7as sociais reivindicada pelo povo brasileiro que ocupou as ruas em junho passado, cujas demandas n\u00e3o encontram guarida nas candidaturas dos partidos da ordem.<\/font><\/p>\n<p>\t<font face=\"Arial, sans-serif\">Portanto, ciosos da responsabilidade do PSOL, e consultando as principais lideran\u00e7as partid\u00e1rias, registramos nossa certeza de que a Conven\u00e7\u00e3o Nacional do PSOL, que se realizar\u00e1 nos pr\u00f3ximos dias 21 e 22 de junho, em Bras\u00edlia, aprovar\u00e1 o nome da companheira Luciana Genro, ex-deputada federal, como nossa candidata \u00e0 Presid\u00eancia da Rep\u00fablica. Agindo assim, o PSOL manter\u00e1 a campanha no mesmo rumo que v\u00ednhamos trilhando e permitir\u00e1 ao povo brasileiro o direito de escolher uma real alternativa de esquerda e socialista nestas elei\u00e7\u00f5es.<\/font><\/p>\n<p>\t<font color=\"#000000\"><font face=\"Arial, sans-serif\"><span style=\"background: none repeat scroll 0% 0% transparent;\"><strong>Luiz Ara\u00fajo<\/strong><\/span><\/font><\/font><br \/>\n\t<strong><font face=\"Arial, sans-serif\">Presidente Nacional do PSOL<\/font><\/strong><\/span><\/p>\n<p style=\"margin-bottom: 0cm\">\n\t&nbsp;<\/p>\n","protected":false},"excerpt":{"rendered":"<p>A Dire\u00e7\u00e3o Nacional do PSOL foi informada pelo senador Randolfe Rodrigues, pr\u00e9-candidato \u00e0 Presid\u00eancia da Rep\u00fablica escolhido no seu IV Congresso Nacional, realizado em dezembro de 2013, de que ele n\u00e3o est\u00e1 mais dispon\u00edvel para o cumprimento desta tarefa partid\u00e1ria. Sua desist\u00eancia estaria vinculada \u00e0 necessidade de construir uma alternativa pol\u00edtica contra o retorno das [&hellip;]<\/p>\n","protected":false},"author":2,"featured_media":0,"comment_status":"open","ping_status":"open","sticky":false,"template":"","format":"standard","meta":{"_acf_changed":false,"footnotes":""},"categories":[4766,4960,6],"tags":[2506,22],"class_list":{"0":"post-2805","1":"post","2":"type-post","3":"status-publish","4":"format-standard","6":"category-arquivo","7":"category-eleicoes-2014","8":"category-noticias","9":"tag-eleicoes-2014","10":"tag-psol"},"acf":[],"yoast_head":"<!-- This site is optimized with the Yoast SEO plugin v26.5 - https:\/\/yoast.com\/wordpress\/plugins\/seo\/ -->\n<title>Nota do PSOL sobre candidatura \u00e0 Presid\u00eancia da Rep\u00fablica - PSOL 50<\/title>\n<meta name=\"robots\" content=\"index, follow, max-snippet:-1, max-image-preview:large, max-video-preview:-1\" \/>\n<link rel=\"canonical\" href=\"https:\/\/psol50.org.br\/nota-do-psol-sobre-candidatura-a-presidencia-da-republica\/\" \/>\n<meta property=\"og:locale\" content=\"pt_BR\" \/>\n<meta property=\"og:type\" content=\"article\" \/>\n<meta property=\"og:title\" content=\"Nota do PSOL sobre candidatura \u00e0 Presid\u00eancia da Rep\u00fablica - PSOL 50\" \/>\n<meta property=\"og:description\" content=\"A Dire\u00e7\u00e3o Nacional do PSOL foi informada pelo senador Randolfe Rodrigues, pr\u00e9-candidato \u00e0 Presid\u00eancia da Rep\u00fablica escolhido no seu IV Congresso Nacional, realizado em dezembro de 2013, de que ele n\u00e3o est\u00e1 mais dispon\u00edvel para o cumprimento desta tarefa partid\u00e1ria. Sua desist\u00eancia estaria vinculada \u00e0 necessidade de construir uma alternativa pol\u00edtica contra o retorno das [&hellip;]\" \/>\n<meta property=\"og:url\" content=\"https:\/\/psol50.org.br\/nota-do-psol-sobre-candidatura-a-presidencia-da-republica\/\" \/>\n<meta property=\"og:site_name\" content=\"PSOL 50\" \/>\n<meta property=\"article:publisher\" content=\"https:\/\/www.facebook.com\/psol50\" \/>\n<meta property=\"article:published_time\" content=\"2014-06-13T19:29:32+00:00\" \/>\n<meta property=\"og:image\" content=\"https:\/\/psol50.org.br\/inc\/uploads\/2018\/07\/capa.png\" \/>\n\t<meta property=\"og:image:width\" content=\"1350\" \/>\n\t<meta property=\"og:image:height\" content=\"900\" \/>\n\t<meta property=\"og:image:type\" content=\"image\/png\" \/>\n<meta name=\"author\" content=\"Comunica\u00e7\u00e3o PSOL\" \/>\n<meta name=\"twitter:card\" content=\"summary_large_image\" \/>\n<meta name=\"twitter:creator\" content=\"@psol50\" \/>\n<meta name=\"twitter:site\" content=\"@psol50\" \/>\n<meta name=\"twitter:label1\" content=\"Escrito por\" \/>\n\t<meta name=\"twitter:data1\" content=\"Comunica\u00e7\u00e3o PSOL\" \/>\n\t<meta name=\"twitter:label2\" content=\"Est. tempo de leitura\" \/>\n\t<meta name=\"twitter:data2\" content=\"1 minuto\" \/>\n<script type=\"application\/ld+json\" class=\"yoast-schema-graph\">{\"@context\":\"https:\/\/schema.org\",\"@graph\":[{\"@type\":\"Article\",\"@id\":\"https:\/\/psol50.org.br\/nota-do-psol-sobre-candidatura-a-presidencia-da-republica\/#article\",\"isPartOf\":{\"@id\":\"https:\/\/psol50.org.br\/nota-do-psol-sobre-candidatura-a-presidencia-da-republica\/\"},\"author\":{\"name\":\"Comunica\u00e7\u00e3o PSOL\",\"@id\":\"https:\/\/psol50.org.br\/#\/schema\/person\/475dfa57d0b815993c714c2e96491fcd\"},\"headline\":\"Nota do PSOL sobre candidatura \u00e0 Presid\u00eancia da Rep\u00fablica\",\"datePublished\":\"2014-06-13T19:29:32+00:00\",\"mainEntityOfPage\":{\"@id\":\"https:\/\/psol50.org.br\/nota-do-psol-sobre-candidatura-a-presidencia-da-republica\/\"},\"wordCount\":232,\"commentCount\":0,\"publisher\":{\"@id\":\"https:\/\/psol50.org.br\/#organization\"},\"keywords\":[\"elei\u00e7\u00f5es 2014\",\"PSOL\"],\"articleSection\":[\"Arquivo\",\"ELEI\u00c7\u00d5ES 2014\",\"Not\u00edcias\"],\"inLanguage\":\"pt-BR\",\"potentialAction\":[{\"@type\":\"CommentAction\",\"name\":\"Comment\",\"target\":[\"https:\/\/psol50.org.br\/nota-do-psol-sobre-candidatura-a-presidencia-da-republica\/#respond\"]}]},{\"@type\":\"WebPage\",\"@id\":\"https:\/\/psol50.org.br\/nota-do-psol-sobre-candidatura-a-presidencia-da-republica\/\",\"url\":\"https:\/\/psol50.org.br\/nota-do-psol-sobre-candidatura-a-presidencia-da-republica\/\",\"name\":\"Nota do PSOL sobre candidatura \u00e0 Presid\u00eancia da Rep\u00fablica - PSOL 50\",\"isPartOf\":{\"@id\":\"https:\/\/psol50.org.br\/#website\"},\"datePublished\":\"2014-06-13T19:29:32+00:00\",\"breadcrumb\":{\"@id\":\"https:\/\/psol50.org.br\/nota-do-psol-sobre-candidatura-a-presidencia-da-republica\/#breadcrumb\"},\"inLanguage\":\"pt-BR\",\"potentialAction\":[{\"@type\":\"ReadAction\",\"target\":[\"https:\/\/psol50.org.br\/nota-do-psol-sobre-candidatura-a-presidencia-da-republica\/\"]}]},{\"@type\":\"BreadcrumbList\",\"@id\":\"https:\/\/psol50.org.br\/nota-do-psol-sobre-candidatura-a-presidencia-da-republica\/#breadcrumb\",\"itemListElement\":[{\"@type\":\"ListItem\",\"position\":1,\"name\":\"In\u00edcio\",\"item\":\"https:\/\/psol50.org.br\/\"},{\"@type\":\"ListItem\",\"position\":2,\"name\":\"Nota do PSOL sobre candidatura \u00e0 Presid\u00eancia da Rep\u00fablica\"}]},{\"@type\":\"WebSite\",\"@id\":\"https:\/\/psol50.org.br\/#website\",\"url\":\"https:\/\/psol50.org.br\/\",\"name\":\"PSOL 50\",\"description\":\"Site oficial do Partido Socialismo e Liberdade\",\"publisher\":{\"@id\":\"https:\/\/psol50.org.br\/#organization\"},\"alternateName\":\"PSOL50\",\"potentialAction\":[{\"@type\":\"SearchAction\",\"target\":{\"@type\":\"EntryPoint\",\"urlTemplate\":\"https:\/\/psol50.org.br\/?s={search_term_string}\"},\"query-input\":{\"@type\":\"PropertyValueSpecification\",\"valueRequired\":true,\"valueName\":\"search_term_string\"}}],\"inLanguage\":\"pt-BR\"},{\"@type\":\"Organization\",\"@id\":\"https:\/\/psol50.org.br\/#organization\",\"name\":\"PSOL 50\",\"alternateName\":\"PSOL 50\",\"url\":\"https:\/\/psol50.org.br\/\",\"logo\":{\"@type\":\"ImageObject\",\"inLanguage\":\"pt-BR\",\"@id\":\"https:\/\/psol50.org.br\/#\/schema\/logo\/image\/\",\"url\":\"https:\/\/psol50.org.br\/inc\/uploads\/2018\/07\/capa.png\",\"contentUrl\":\"https:\/\/psol50.org.br\/inc\/uploads\/2018\/07\/capa.png\",\"width\":1350,\"height\":900,\"caption\":\"PSOL 50\"},\"image\":{\"@id\":\"https:\/\/psol50.org.br\/#\/schema\/logo\/image\/\"},\"sameAs\":[\"https:\/\/www.facebook.com\/psol50\",\"https:\/\/x.com\/psol50\",\"https:\/\/www.instagram.com\/psol50\/\",\"https:\/\/www.youtube.com\/channel\/UC7SnJS5o1os7a6CaiNabzcg\"]},{\"@type\":\"Person\",\"@id\":\"https:\/\/psol50.org.br\/#\/schema\/person\/475dfa57d0b815993c714c2e96491fcd\",\"name\":\"Comunica\u00e7\u00e3o PSOL\",\"image\":{\"@type\":\"ImageObject\",\"inLanguage\":\"pt-BR\",\"@id\":\"https:\/\/psol50.org.br\/#\/schema\/person\/image\/\",\"url\":\"https:\/\/secure.gravatar.com\/avatar\/b34fc4f4e468a4e51785917065a3db57b841f5c95dba6ad8c73aaf8f66f8f9bf?s=96&d=mm&r=g\",\"contentUrl\":\"https:\/\/secure.gravatar.com\/avatar\/b34fc4f4e468a4e51785917065a3db57b841f5c95dba6ad8c73aaf8f66f8f9bf?s=96&d=mm&r=g\",\"caption\":\"Comunica\u00e7\u00e3o PSOL\"}}]}<\/script>\n<!-- \/ Yoast SEO plugin. -->","yoast_head_json":{"title":"Nota do PSOL sobre candidatura \u00e0 Presid\u00eancia da Rep\u00fablica - PSOL 50","robots":{"index":"index","follow":"follow","max-snippet":"max-snippet:-1","max-image-preview":"max-image-preview:large","max-video-preview":"max-video-preview:-1"},"canonical":"https:\/\/psol50.org.br\/nota-do-psol-sobre-candidatura-a-presidencia-da-republica\/","og_locale":"pt_BR","og_type":"article","og_title":"Nota do PSOL sobre candidatura \u00e0 Presid\u00eancia da Rep\u00fablica - PSOL 50","og_description":"A Dire\u00e7\u00e3o Nacional do PSOL foi informada pelo senador Randolfe Rodrigues, pr\u00e9-candidato \u00e0 Presid\u00eancia da Rep\u00fablica escolhido no seu IV Congresso Nacional, realizado em dezembro de 2013, de que ele n\u00e3o est\u00e1 mais dispon\u00edvel para o cumprimento desta tarefa partid\u00e1ria. Sua desist\u00eancia estaria vinculada \u00e0 necessidade de construir uma alternativa pol\u00edtica contra o retorno das [&hellip;]","og_url":"https:\/\/psol50.org.br\/nota-do-psol-sobre-candidatura-a-presidencia-da-republica\/","og_site_name":"PSOL 50","article_publisher":"https:\/\/www.facebook.com\/psol50","article_published_time":"2014-06-13T19:29:32+00:00","og_image":[{"width":1350,"height":900,"url":"https:\/\/psol50.org.br\/inc\/uploads\/2018\/07\/capa.png","type":"image\/png"}],"author":"Comunica\u00e7\u00e3o PSOL","twitter_card":"summary_large_image","twitter_creator":"@psol50","twitter_site":"@psol50","twitter_misc":{"Escrito por":"Comunica\u00e7\u00e3o PSOL","Est. tempo de leitura":"1 minuto"},"schema":{"@context":"https:\/\/schema.org","@graph":[{"@type":"Article","@id":"https:\/\/psol50.org.br\/nota-do-psol-sobre-candidatura-a-presidencia-da-republica\/#article","isPartOf":{"@id":"https:\/\/psol50.org.br\/nota-do-psol-sobre-candidatura-a-presidencia-da-republica\/"},"author":{"name":"Comunica\u00e7\u00e3o PSOL","@id":"https:\/\/psol50.org.br\/#\/schema\/person\/475dfa57d0b815993c714c2e96491fcd"},"headline":"Nota do PSOL sobre candidatura \u00e0 Presid\u00eancia da Rep\u00fablica","datePublished":"2014-06-13T19:29:32+00:00","mainEntityOfPage":{"@id":"https:\/\/psol50.org.br\/nota-do-psol-sobre-candidatura-a-presidencia-da-republica\/"},"wordCount":232,"commentCount":0,"publisher":{"@id":"https:\/\/psol50.org.br\/#organization"},"keywords":["elei\u00e7\u00f5es 2014","PSOL"],"articleSection":["Arquivo","ELEI\u00c7\u00d5ES 2014","Not\u00edcias"],"inLanguage":"pt-BR","potentialAction":[{"@type":"CommentAction","name":"Comment","target":["https:\/\/psol50.org.br\/nota-do-psol-sobre-candidatura-a-presidencia-da-republica\/#respond"]}]},{"@type":"WebPage","@id":"https:\/\/psol50.org.br\/nota-do-psol-sobre-candidatura-a-presidencia-da-republica\/","url":"https:\/\/psol50.org.br\/nota-do-psol-sobre-candidatura-a-presidencia-da-republica\/","name":"Nota do PSOL sobre candidatura \u00e0 Presid\u00eancia da Rep\u00fablica - PSOL 50","isPartOf":{"@id":"https:\/\/psol50.org.br\/#website"},"datePublished":"2014-06-13T19:29:32+00:00","breadcrumb":{"@id":"https:\/\/psol50.org.br\/nota-do-psol-sobre-candidatura-a-presidencia-da-republica\/#breadcrumb"},"inLanguage":"pt-BR","potentialAction":[{"@type":"ReadAction","target":["https:\/\/psol50.org.br\/nota-do-psol-sobre-candidatura-a-presidencia-da-republica\/"]}]},{"@type":"BreadcrumbList","@id":"https:\/\/psol50.org.br\/nota-do-psol-sobre-candidatura-a-presidencia-da-republica\/#breadcrumb","itemListElement":[{"@type":"ListItem","position":1,"name":"In\u00edcio","item":"https:\/\/psol50.org.br\/"},{"@type":"ListItem","position":2,"name":"Nota do PSOL sobre candidatura \u00e0 Presid\u00eancia da Rep\u00fablica"}]},{"@type":"WebSite","@id":"https:\/\/psol50.org.br\/#website","url":"https:\/\/psol50.org.br\/","name":"PSOL 50","description":"Site oficial do Partido Socialismo e Liberdade","publisher":{"@id":"https:\/\/psol50.org.br\/#organization"},"alternateName":"PSOL50","potentialAction":[{"@type":"SearchAction","target":{"@type":"EntryPoint","urlTemplate":"https:\/\/psol50.org.br\/?s={search_term_string}"},"query-input":{"@type":"PropertyValueSpecification","valueRequired":true,"valueName":"search_term_string"}}],"inLanguage":"pt-BR"},{"@type":"Organization","@id":"https:\/\/psol50.org.br\/#organization","name":"PSOL 50","alternateName":"PSOL 50","url":"https:\/\/psol50.org.br\/","logo":{"@type":"ImageObject","inLanguage":"pt-BR","@id":"https:\/\/psol50.org.br\/#\/schema\/logo\/image\/","url":"https:\/\/psol50.org.br\/inc\/uploads\/2018\/07\/capa.png","contentUrl":"https:\/\/psol50.org.br\/inc\/uploads\/2018\/07\/capa.png","width":1350,"height":900,"caption":"PSOL 50"},"image":{"@id":"https:\/\/psol50.org.br\/#\/schema\/logo\/image\/"},"sameAs":["https:\/\/www.facebook.com\/psol50","https:\/\/x.com\/psol50","https:\/\/www.instagram.com\/psol50\/","https:\/\/www.youtube.com\/channel\/UC7SnJS5o1os7a6CaiNabzcg"]},{"@type":"Person","@id":"https:\/\/psol50.org.br\/#\/schema\/person\/475dfa57d0b815993c714c2e96491fcd","name":"Comunica\u00e7\u00e3o PSOL","image":{"@type":"ImageObject","inLanguage":"pt-BR","@id":"https:\/\/psol50.org.br\/#\/schema\/person\/image\/","url":"https:\/\/secure.gravatar.com\/avatar\/b34fc4f4e468a4e51785917065a3db57b841f5c95dba6ad8c73aaf8f66f8f9bf?s=96&d=mm&r=g","contentUrl":"https:\/\/secure.gravatar.com\/avatar\/b34fc4f4e468a4e51785917065a3db57b841f5c95dba6ad8c73aaf8f66f8f9bf?s=96&d=mm&r=g","caption":"Comunica\u00e7\u00e3o PSOL"}}]}},"_links":{"self":[{"href":"https:\/\/psol50.org.br\/rest\/wp\/v2\/posts\/2805","targetHints":{"allow":["GET"]}}],"collection":[{"href":"https:\/\/psol50.org.br\/rest\/wp\/v2\/posts"}],"about":[{"href":"https:\/\/psol50.org.br\/rest\/wp\/v2\/types\/post"}],"author":[{"embeddable":true,"href":"https:\/\/psol50.org.br\/rest\/wp\/v2\/users\/2"}],"replies":[{"embeddable":true,"href":"https:\/\/psol50.org.br\/rest\/wp\/v2\/comments?post=2805"}],"version-history":[{"count":0,"href":"https:\/\/psol50.org.br\/rest\/wp\/v2\/posts\/2805\/revisions"}],"wp:attachment":[{"href":"https:\/\/psol50.org.br\/rest\/wp\/v2\/media?parent=2805"}],"wp:term":[{"taxonomy":"category","embeddable":true,"href":"https:\/\/psol50.org.br\/rest\/wp\/v2\/categories?post=2805"},{"taxonomy":"post_tag","embeddable":true,"href":"https:\/\/psol50.org.br\/rest\/wp\/v2\/tags?post=2805"}],"curies":[{"name":"wp","href":"https:\/\/api.w.org\/{rel}","templated":true}]}}