{"id":28080,"date":"2020-04-01T18:01:48","date_gmt":"2020-04-01T21:01:48","guid":{"rendered":"https:\/\/psol50.org.br\/?p=28080"},"modified":"2020-04-01T18:01:48","modified_gmt":"2020-04-01T21:01:48","slug":"psol-tenta-impedir-cortes-de-investimento-em-pesquisas-de-ciencias-humanas-com-projeto-e-denuncia-ao-mpf","status":"publish","type":"post","link":"https:\/\/psol50.org.br\/psol-tenta-impedir-cortes-de-investimento-em-pesquisas-de-ciencias-humanas-com-projeto-e-denuncia-ao-mpf\/","title":{"rendered":"PSOL tenta impedir cortes de investimento em pesquisas de Ci\u00eancias Humanas com projeto e den\u00fancia ao MPF"},"content":{"rendered":"<p><a href=\"https:\/\/psol50.org.br\/coronavirus\/\" target=\"_blank\" rel=\"noopener noreferrer\"><img loading=\"lazy\" decoding=\"async\" class=\"size-full wp-image-27838 alignnone\" src=\"https:\/\/psol50.org.br\/inc\/uploads\/2020\/03\/Banner-Site_3.png\" alt=\"\" width=\"1240\" height=\"331\" srcset=\"https:\/\/psol50.org.br\/inc\/uploads\/2020\/03\/Banner-Site_3.png 1240w, https:\/\/psol50.org.br\/inc\/uploads\/2020\/03\/Banner-Site_3-300x80.png 300w, https:\/\/psol50.org.br\/inc\/uploads\/2020\/03\/Banner-Site_3-1024x273.png 1024w, https:\/\/psol50.org.br\/inc\/uploads\/2020\/03\/Banner-Site_3-768x205.png 768w, https:\/\/psol50.org.br\/inc\/uploads\/2020\/03\/Banner-Site_3-150x40.png 150w, https:\/\/psol50.org.br\/inc\/uploads\/2020\/03\/Banner-Site_3-696x186.png 696w, https:\/\/psol50.org.br\/inc\/uploads\/2020\/03\/Banner-Site_3-1068x285.png 1068w\" sizes=\"auto, (max-width: 1240px) 100vw, 1240px\" \/><\/a><\/p>\n<p>O PSOL apresentou nos \u00faltimos dias um <strong><a href=\"https:\/\/psol50.org.br\/inc\/uploads\/2020\/04\/Projeto_de_Decreto_Legislativo_Sustac\u0327a\u0303o_dos_efeitos_da_Portaria-2.docx\" target=\"_blank\" rel=\"noopener noreferrer\">projeto de decreto legislativo<\/a><\/strong> e fez den\u00fancias \u00e0 Procuradora-Geral dos Direitos do Cidad\u00e3o para combater uma portaria publicada pelo Minist\u00e9rio da Ci\u00eancia e Teconologia que define as prioridades da pasta para investimento em pesquisas e bolsas e ignora completamente as \u00e1reas de Ci\u00eancias Humanas, Ci\u00eancias Sociais e Aplicadas e Ci\u00eancias B\u00e1sicas.<\/p>\n<p>Ap\u00f3s forte rea\u00e7\u00e3o da comunidade acad\u00eamica, o minist\u00e9rio publicou nova portaria que pretendia contemplar as \u00e1reas antes ignoradas pela pasta, mas que define como prioridade de investimento apenas as pesquisas de Humanidades que subsidiem, de forma transversal, as pesquisas e projetos das \u00e1reas priorit\u00e1rias para o governo. Dessa maneira, o <strong><a href=\"https:\/\/psol50.org.br\/inc\/uploads\/2020\/04\/Of\u00edcio-154-PFDC-Portaria-1122-MCTIC-complementa\u00e7\u00e3o.doc\" target=\"_blank\" rel=\"noopener noreferrer\">PSOL enviou nova den\u00fancia ao Minist\u00e9rio P\u00fablico Federal.<\/a><\/strong><\/p>\n<p>As portarias v\u00eam sendo constru\u00eddas sem nenhuma participa\u00e7\u00e3o nos envolvidos no Sistema Nacional de Ci\u00eancia e Tecnologia \u2013 SNCT.<\/p>\n<p>Na justificativa das iniciativas, os parlamentares do PSOL apontam que &#8220;dispensar a base, ou seja, asfixiar a \u00e1rea de Humanas, Ci\u00eancias Sociais e Aplicadas e Ci\u00eancias B\u00e1sicas afetar\u00e1 inexoravelmente as \u00e1reas de Tecnologias, justamente o que se quer priorizar&#8221;, afirmam. &#8220;N\u00e3o \u00e0 toa, a Coordena\u00e7\u00e3o de Aperfei\u00e7oamento de Pessoal de N\u00edvel Superior &#8211; CAPES e o\u00a0 Conselho Nacional de Desenvolvimento Cient\u00edfico e Tecnol\u00f3gico \u2013 CNPq se dedicam por d\u00e9cadas a fomentar os mais variados campos de pesquisa e s\u00e3o refer\u00eancia mundial nisso&#8221;, conclui a bancada do PSOL.<\/p>\n","protected":false},"excerpt":{"rendered":"<p>O PSOL apresentou nos \u00faltimos dias um projeto de decreto legislativo e fez den\u00fancias \u00e0 Procuradora-Geral dos Direitos do Cidad\u00e3o para combater uma portaria publicada pelo Minist\u00e9rio da Ci\u00eancia e Teconologia que define as prioridades da pasta para investimento em pesquisas e bolsas e ignora completamente as \u00e1reas de Ci\u00eancias Humanas, Ci\u00eancias Sociais e Aplicadas [&hellip;]<\/p>\n","protected":false},"author":2,"featured_media":26094,"comment_status":"closed","ping_status":"open","sticky":false,"template":"","format":"standard","meta":{"_acf_changed":false,"footnotes":""},"categories":[10,6],"tags":[402,450,440,451,403,452,22],"class_list":{"0":"post-28080","1":"post","2":"type-post","3":"status-publish","4":"format-standard","5":"has-post-thumbnail","7":"category-acao-parlamentares","8":"category-noticias","9":"tag-capes","10":"tag-ciencia-e-tecnologia","11":"tag-cnpq","12":"tag-humanas","13":"tag-pesquisa","14":"tag-portaria","15":"tag-psol"},"acf":[],"yoast_head":"<!-- This site is optimized with the Yoast SEO plugin v26.5 - https:\/\/yoast.com\/wordpress\/plugins\/seo\/ -->\n<title>PSOL tenta impedir cortes de investimento em pesquisas de Ci\u00eancias Humanas com projeto e den\u00fancia ao MPF<\/title>\n<meta name=\"description\" content=\"Minist\u00e9rio da Ci\u00eancia e Tecnologia ignora completamente as \u00e1reas de Ci\u00eancias Humanas, Ci\u00eancias Sociais e Aplicadas e Ci\u00eancias B\u00e1sicas para definir suas prioridades de investimento.\" \/>\n<meta name=\"robots\" content=\"index, follow, max-snippet:-1, max-image-preview:large, max-video-preview:-1\" \/>\n<link rel=\"canonical\" href=\"https:\/\/psol50.org.br\/psol-tenta-impedir-cortes-de-investimento-em-pesquisas-de-ciencias-humanas-com-projeto-e-denuncia-ao-mpf\/\" \/>\n<meta property=\"og:locale\" content=\"pt_BR\" \/>\n<meta property=\"og:type\" content=\"article\" \/>\n<meta property=\"og:title\" content=\"PSOL tenta impedir cortes de investimento em pesquisas de Ci\u00eancias Humanas com projeto e den\u00fancia ao MPF\" \/>\n<meta property=\"og:description\" content=\"Minist\u00e9rio da Ci\u00eancia e Tecnologia ignora completamente as \u00e1reas de Ci\u00eancias Humanas, Ci\u00eancias Sociais e Aplicadas e Ci\u00eancias B\u00e1sicas para definir suas prioridades de investimento.\" \/>\n<meta property=\"og:url\" content=\"https:\/\/psol50.org.br\/psol-tenta-impedir-cortes-de-investimento-em-pesquisas-de-ciencias-humanas-com-projeto-e-denuncia-ao-mpf\/\" \/>\n<meta property=\"og:site_name\" content=\"PSOL 50\" \/>\n<meta property=\"article:publisher\" content=\"https:\/\/www.facebook.com\/psol50\" \/>\n<meta property=\"article:published_time\" content=\"2020-04-01T21:01:48+00:00\" \/>\n<meta property=\"og:image\" content=\"https:\/\/psol50.org.br\/inc\/uploads\/2019\/08\/15638165465d35f26295242_1563816546_3x2_lg-1-1140x610-1.jpg\" \/>\n\t<meta property=\"og:image:width\" content=\"1140\" \/>\n\t<meta property=\"og:image:height\" content=\"610\" \/>\n\t<meta property=\"og:image:type\" content=\"image\/jpeg\" \/>\n<meta name=\"author\" content=\"Comunica\u00e7\u00e3o PSOL\" \/>\n<meta name=\"twitter:card\" content=\"summary_large_image\" \/>\n<meta name=\"twitter:title\" content=\"PSOL tenta impedir cortes de investimento em pesquisas de Ci\u00eancias Humanas com projeto e den\u00fancia ao MPF\" \/>\n<meta name=\"twitter:description\" content=\"Minist\u00e9rio da Ci\u00eancia e Tecnologia ignora completamente as \u00e1reas de Ci\u00eancias Humanas, Ci\u00eancias Sociais e Aplicadas e Ci\u00eancias B\u00e1sicas para definir suas prioridades de investimento.\" \/>\n<meta name=\"twitter:image\" content=\"https:\/\/psol50.org.br\/inc\/uploads\/2019\/08\/15638165465d35f26295242_1563816546_3x2_lg-1-1140x610-1.jpg\" \/>\n<meta name=\"twitter:creator\" content=\"@psol50\" \/>\n<meta name=\"twitter:site\" content=\"@psol50\" \/>\n<meta name=\"twitter:label1\" content=\"Escrito por\" \/>\n\t<meta name=\"twitter:data1\" content=\"Comunica\u00e7\u00e3o PSOL\" \/>\n\t<meta name=\"twitter:label2\" content=\"Est. tempo de leitura\" \/>\n\t<meta name=\"twitter:data2\" content=\"1 minuto\" \/>\n<script type=\"application\/ld+json\" class=\"yoast-schema-graph\">{\"@context\":\"https:\/\/schema.org\",\"@graph\":[{\"@type\":\"Article\",\"@id\":\"https:\/\/psol50.org.br\/psol-tenta-impedir-cortes-de-investimento-em-pesquisas-de-ciencias-humanas-com-projeto-e-denuncia-ao-mpf\/#article\",\"isPartOf\":{\"@id\":\"https:\/\/psol50.org.br\/psol-tenta-impedir-cortes-de-investimento-em-pesquisas-de-ciencias-humanas-com-projeto-e-denuncia-ao-mpf\/\"},\"author\":{\"name\":\"Comunica\u00e7\u00e3o PSOL\",\"@id\":\"https:\/\/psol50.org.br\/#\/schema\/person\/475dfa57d0b815993c714c2e96491fcd\"},\"headline\":\"PSOL tenta impedir cortes de investimento em pesquisas de Ci\u00eancias Humanas com projeto e den\u00fancia ao MPF\",\"datePublished\":\"2020-04-01T21:01:48+00:00\",\"mainEntityOfPage\":{\"@id\":\"https:\/\/psol50.org.br\/psol-tenta-impedir-cortes-de-investimento-em-pesquisas-de-ciencias-humanas-com-projeto-e-denuncia-ao-mpf\/\"},\"wordCount\":269,\"publisher\":{\"@id\":\"https:\/\/psol50.org.br\/#organization\"},\"image\":{\"@id\":\"https:\/\/psol50.org.br\/psol-tenta-impedir-cortes-de-investimento-em-pesquisas-de-ciencias-humanas-com-projeto-e-denuncia-ao-mpf\/#primaryimage\"},\"thumbnailUrl\":\"https:\/\/psol50.org.br\/inc\/uploads\/2019\/08\/15638165465d35f26295242_1563816546_3x2_lg-1-1140x610-1.jpg\",\"keywords\":[\"Capes\",\"ci\u00eancia e tecnologia\",\"CNPq\",\"humanas\",\"pesquisa\",\"portaria\",\"PSOL\"],\"articleSection\":[\"A\u00e7\u00e3o Parlamentar\",\"Not\u00edcias\"],\"inLanguage\":\"pt-BR\"},{\"@type\":\"WebPage\",\"@id\":\"https:\/\/psol50.org.br\/psol-tenta-impedir-cortes-de-investimento-em-pesquisas-de-ciencias-humanas-com-projeto-e-denuncia-ao-mpf\/\",\"url\":\"https:\/\/psol50.org.br\/psol-tenta-impedir-cortes-de-investimento-em-pesquisas-de-ciencias-humanas-com-projeto-e-denuncia-ao-mpf\/\",\"name\":\"PSOL tenta impedir cortes de investimento em pesquisas de Ci\u00eancias Humanas com projeto e den\u00fancia ao MPF\",\"isPartOf\":{\"@id\":\"https:\/\/psol50.org.br\/#website\"},\"primaryImageOfPage\":{\"@id\":\"https:\/\/psol50.org.br\/psol-tenta-impedir-cortes-de-investimento-em-pesquisas-de-ciencias-humanas-com-projeto-e-denuncia-ao-mpf\/#primaryimage\"},\"image\":{\"@id\":\"https:\/\/psol50.org.br\/psol-tenta-impedir-cortes-de-investimento-em-pesquisas-de-ciencias-humanas-com-projeto-e-denuncia-ao-mpf\/#primaryimage\"},\"thumbnailUrl\":\"https:\/\/psol50.org.br\/inc\/uploads\/2019\/08\/15638165465d35f26295242_1563816546_3x2_lg-1-1140x610-1.jpg\",\"datePublished\":\"2020-04-01T21:01:48+00:00\",\"description\":\"Minist\u00e9rio da Ci\u00eancia e Tecnologia ignora completamente as \u00e1reas de Ci\u00eancias Humanas, Ci\u00eancias Sociais e Aplicadas e Ci\u00eancias B\u00e1sicas para definir suas prioridades de investimento.\",\"breadcrumb\":{\"@id\":\"https:\/\/psol50.org.br\/psol-tenta-impedir-cortes-de-investimento-em-pesquisas-de-ciencias-humanas-com-projeto-e-denuncia-ao-mpf\/#breadcrumb\"},\"inLanguage\":\"pt-BR\",\"potentialAction\":[{\"@type\":\"ReadAction\",\"target\":[\"https:\/\/psol50.org.br\/psol-tenta-impedir-cortes-de-investimento-em-pesquisas-de-ciencias-humanas-com-projeto-e-denuncia-ao-mpf\/\"]}]},{\"@type\":\"ImageObject\",\"inLanguage\":\"pt-BR\",\"@id\":\"https:\/\/psol50.org.br\/psol-tenta-impedir-cortes-de-investimento-em-pesquisas-de-ciencias-humanas-com-projeto-e-denuncia-ao-mpf\/#primaryimage\",\"url\":\"https:\/\/psol50.org.br\/inc\/uploads\/2019\/08\/15638165465d35f26295242_1563816546_3x2_lg-1-1140x610-1.jpg\",\"contentUrl\":\"https:\/\/psol50.org.br\/inc\/uploads\/2019\/08\/15638165465d35f26295242_1563816546_3x2_lg-1-1140x610-1.jpg\",\"width\":1140,\"height\":610,\"caption\":\"Foto: Valter Campanato\/Ag\u00eancia Brasil\"},{\"@type\":\"BreadcrumbList\",\"@id\":\"https:\/\/psol50.org.br\/psol-tenta-impedir-cortes-de-investimento-em-pesquisas-de-ciencias-humanas-com-projeto-e-denuncia-ao-mpf\/#breadcrumb\",\"itemListElement\":[{\"@type\":\"ListItem\",\"position\":1,\"name\":\"In\u00edcio\",\"item\":\"https:\/\/psol50.org.br\/\"},{\"@type\":\"ListItem\",\"position\":2,\"name\":\"PSOL tenta impedir cortes de investimento em pesquisas de Ci\u00eancias Humanas com projeto e den\u00fancia ao MPF\"}]},{\"@type\":\"WebSite\",\"@id\":\"https:\/\/psol50.org.br\/#website\",\"url\":\"https:\/\/psol50.org.br\/\",\"name\":\"PSOL 50\",\"description\":\"Site oficial do Partido Socialismo e Liberdade\",\"publisher\":{\"@id\":\"https:\/\/psol50.org.br\/#organization\"},\"alternateName\":\"PSOL50\",\"potentialAction\":[{\"@type\":\"SearchAction\",\"target\":{\"@type\":\"EntryPoint\",\"urlTemplate\":\"https:\/\/psol50.org.br\/?s={search_term_string}\"},\"query-input\":{\"@type\":\"PropertyValueSpecification\",\"valueRequired\":true,\"valueName\":\"search_term_string\"}}],\"inLanguage\":\"pt-BR\"},{\"@type\":\"Organization\",\"@id\":\"https:\/\/psol50.org.br\/#organization\",\"name\":\"PSOL 50\",\"alternateName\":\"PSOL 50\",\"url\":\"https:\/\/psol50.org.br\/\",\"logo\":{\"@type\":\"ImageObject\",\"inLanguage\":\"pt-BR\",\"@id\":\"https:\/\/psol50.org.br\/#\/schema\/logo\/image\/\",\"url\":\"https:\/\/psol50.org.br\/inc\/uploads\/2018\/07\/capa.png\",\"contentUrl\":\"https:\/\/psol50.org.br\/inc\/uploads\/2018\/07\/capa.png\",\"width\":1350,\"height\":900,\"caption\":\"PSOL 50\"},\"image\":{\"@id\":\"https:\/\/psol50.org.br\/#\/schema\/logo\/image\/\"},\"sameAs\":[\"https:\/\/www.facebook.com\/psol50\",\"https:\/\/x.com\/psol50\",\"https:\/\/www.instagram.com\/psol50\/\",\"https:\/\/www.youtube.com\/channel\/UC7SnJS5o1os7a6CaiNabzcg\"]},{\"@type\":\"Person\",\"@id\":\"https:\/\/psol50.org.br\/#\/schema\/person\/475dfa57d0b815993c714c2e96491fcd\",\"name\":\"Comunica\u00e7\u00e3o PSOL\",\"image\":{\"@type\":\"ImageObject\",\"inLanguage\":\"pt-BR\",\"@id\":\"https:\/\/psol50.org.br\/#\/schema\/person\/image\/\",\"url\":\"https:\/\/secure.gravatar.com\/avatar\/b34fc4f4e468a4e51785917065a3db57b841f5c95dba6ad8c73aaf8f66f8f9bf?s=96&d=mm&r=g\",\"contentUrl\":\"https:\/\/secure.gravatar.com\/avatar\/b34fc4f4e468a4e51785917065a3db57b841f5c95dba6ad8c73aaf8f66f8f9bf?s=96&d=mm&r=g\",\"caption\":\"Comunica\u00e7\u00e3o PSOL\"}}]}<\/script>\n<!-- \/ Yoast SEO plugin. -->","yoast_head_json":{"title":"PSOL tenta impedir cortes de investimento em pesquisas de Ci\u00eancias Humanas com projeto e den\u00fancia ao MPF","description":"Minist\u00e9rio da Ci\u00eancia e Tecnologia ignora completamente as \u00e1reas de Ci\u00eancias Humanas, Ci\u00eancias Sociais e Aplicadas e Ci\u00eancias B\u00e1sicas para definir suas prioridades de investimento.","robots":{"index":"index","follow":"follow","max-snippet":"max-snippet:-1","max-image-preview":"max-image-preview:large","max-video-preview":"max-video-preview:-1"},"canonical":"https:\/\/psol50.org.br\/psol-tenta-impedir-cortes-de-investimento-em-pesquisas-de-ciencias-humanas-com-projeto-e-denuncia-ao-mpf\/","og_locale":"pt_BR","og_type":"article","og_title":"PSOL tenta impedir cortes de investimento em pesquisas de Ci\u00eancias Humanas com projeto e den\u00fancia ao MPF","og_description":"Minist\u00e9rio da Ci\u00eancia e Tecnologia ignora completamente as \u00e1reas de Ci\u00eancias Humanas, Ci\u00eancias Sociais e Aplicadas e Ci\u00eancias B\u00e1sicas para definir suas prioridades de investimento.","og_url":"https:\/\/psol50.org.br\/psol-tenta-impedir-cortes-de-investimento-em-pesquisas-de-ciencias-humanas-com-projeto-e-denuncia-ao-mpf\/","og_site_name":"PSOL 50","article_publisher":"https:\/\/www.facebook.com\/psol50","article_published_time":"2020-04-01T21:01:48+00:00","og_image":[{"width":1140,"height":610,"url":"https:\/\/psol50.org.br\/inc\/uploads\/2019\/08\/15638165465d35f26295242_1563816546_3x2_lg-1-1140x610-1.jpg","type":"image\/jpeg"}],"author":"Comunica\u00e7\u00e3o PSOL","twitter_card":"summary_large_image","twitter_title":"PSOL tenta impedir cortes de investimento em pesquisas de Ci\u00eancias Humanas com projeto e den\u00fancia ao MPF","twitter_description":"Minist\u00e9rio da Ci\u00eancia e Tecnologia ignora completamente as \u00e1reas de Ci\u00eancias Humanas, Ci\u00eancias Sociais e Aplicadas e Ci\u00eancias B\u00e1sicas para definir suas prioridades de investimento.","twitter_image":"https:\/\/psol50.org.br\/inc\/uploads\/2019\/08\/15638165465d35f26295242_1563816546_3x2_lg-1-1140x610-1.jpg","twitter_creator":"@psol50","twitter_site":"@psol50","twitter_misc":{"Escrito por":"Comunica\u00e7\u00e3o PSOL","Est. tempo de leitura":"1 minuto"},"schema":{"@context":"https:\/\/schema.org","@graph":[{"@type":"Article","@id":"https:\/\/psol50.org.br\/psol-tenta-impedir-cortes-de-investimento-em-pesquisas-de-ciencias-humanas-com-projeto-e-denuncia-ao-mpf\/#article","isPartOf":{"@id":"https:\/\/psol50.org.br\/psol-tenta-impedir-cortes-de-investimento-em-pesquisas-de-ciencias-humanas-com-projeto-e-denuncia-ao-mpf\/"},"author":{"name":"Comunica\u00e7\u00e3o PSOL","@id":"https:\/\/psol50.org.br\/#\/schema\/person\/475dfa57d0b815993c714c2e96491fcd"},"headline":"PSOL tenta impedir cortes de investimento em pesquisas de Ci\u00eancias Humanas com projeto e den\u00fancia ao MPF","datePublished":"2020-04-01T21:01:48+00:00","mainEntityOfPage":{"@id":"https:\/\/psol50.org.br\/psol-tenta-impedir-cortes-de-investimento-em-pesquisas-de-ciencias-humanas-com-projeto-e-denuncia-ao-mpf\/"},"wordCount":269,"publisher":{"@id":"https:\/\/psol50.org.br\/#organization"},"image":{"@id":"https:\/\/psol50.org.br\/psol-tenta-impedir-cortes-de-investimento-em-pesquisas-de-ciencias-humanas-com-projeto-e-denuncia-ao-mpf\/#primaryimage"},"thumbnailUrl":"https:\/\/psol50.org.br\/inc\/uploads\/2019\/08\/15638165465d35f26295242_1563816546_3x2_lg-1-1140x610-1.jpg","keywords":["Capes","ci\u00eancia e tecnologia","CNPq","humanas","pesquisa","portaria","PSOL"],"articleSection":["A\u00e7\u00e3o Parlamentar","Not\u00edcias"],"inLanguage":"pt-BR"},{"@type":"WebPage","@id":"https:\/\/psol50.org.br\/psol-tenta-impedir-cortes-de-investimento-em-pesquisas-de-ciencias-humanas-com-projeto-e-denuncia-ao-mpf\/","url":"https:\/\/psol50.org.br\/psol-tenta-impedir-cortes-de-investimento-em-pesquisas-de-ciencias-humanas-com-projeto-e-denuncia-ao-mpf\/","name":"PSOL tenta impedir cortes de investimento em pesquisas de Ci\u00eancias Humanas com projeto e den\u00fancia ao MPF","isPartOf":{"@id":"https:\/\/psol50.org.br\/#website"},"primaryImageOfPage":{"@id":"https:\/\/psol50.org.br\/psol-tenta-impedir-cortes-de-investimento-em-pesquisas-de-ciencias-humanas-com-projeto-e-denuncia-ao-mpf\/#primaryimage"},"image":{"@id":"https:\/\/psol50.org.br\/psol-tenta-impedir-cortes-de-investimento-em-pesquisas-de-ciencias-humanas-com-projeto-e-denuncia-ao-mpf\/#primaryimage"},"thumbnailUrl":"https:\/\/psol50.org.br\/inc\/uploads\/2019\/08\/15638165465d35f26295242_1563816546_3x2_lg-1-1140x610-1.jpg","datePublished":"2020-04-01T21:01:48+00:00","description":"Minist\u00e9rio da Ci\u00eancia e Tecnologia ignora completamente as \u00e1reas de Ci\u00eancias Humanas, Ci\u00eancias Sociais e Aplicadas e Ci\u00eancias B\u00e1sicas para definir suas prioridades de investimento.","breadcrumb":{"@id":"https:\/\/psol50.org.br\/psol-tenta-impedir-cortes-de-investimento-em-pesquisas-de-ciencias-humanas-com-projeto-e-denuncia-ao-mpf\/#breadcrumb"},"inLanguage":"pt-BR","potentialAction":[{"@type":"ReadAction","target":["https:\/\/psol50.org.br\/psol-tenta-impedir-cortes-de-investimento-em-pesquisas-de-ciencias-humanas-com-projeto-e-denuncia-ao-mpf\/"]}]},{"@type":"ImageObject","inLanguage":"pt-BR","@id":"https:\/\/psol50.org.br\/psol-tenta-impedir-cortes-de-investimento-em-pesquisas-de-ciencias-humanas-com-projeto-e-denuncia-ao-mpf\/#primaryimage","url":"https:\/\/psol50.org.br\/inc\/uploads\/2019\/08\/15638165465d35f26295242_1563816546_3x2_lg-1-1140x610-1.jpg","contentUrl":"https:\/\/psol50.org.br\/inc\/uploads\/2019\/08\/15638165465d35f26295242_1563816546_3x2_lg-1-1140x610-1.jpg","width":1140,"height":610,"caption":"Foto: Valter Campanato\/Ag\u00eancia Brasil"},{"@type":"BreadcrumbList","@id":"https:\/\/psol50.org.br\/psol-tenta-impedir-cortes-de-investimento-em-pesquisas-de-ciencias-humanas-com-projeto-e-denuncia-ao-mpf\/#breadcrumb","itemListElement":[{"@type":"ListItem","position":1,"name":"In\u00edcio","item":"https:\/\/psol50.org.br\/"},{"@type":"ListItem","position":2,"name":"PSOL tenta impedir cortes de investimento em pesquisas de Ci\u00eancias Humanas com projeto e den\u00fancia ao MPF"}]},{"@type":"WebSite","@id":"https:\/\/psol50.org.br\/#website","url":"https:\/\/psol50.org.br\/","name":"PSOL 50","description":"Site oficial do Partido Socialismo e Liberdade","publisher":{"@id":"https:\/\/psol50.org.br\/#organization"},"alternateName":"PSOL50","potentialAction":[{"@type":"SearchAction","target":{"@type":"EntryPoint","urlTemplate":"https:\/\/psol50.org.br\/?s={search_term_string}"},"query-input":{"@type":"PropertyValueSpecification","valueRequired":true,"valueName":"search_term_string"}}],"inLanguage":"pt-BR"},{"@type":"Organization","@id":"https:\/\/psol50.org.br\/#organization","name":"PSOL 50","alternateName":"PSOL 50","url":"https:\/\/psol50.org.br\/","logo":{"@type":"ImageObject","inLanguage":"pt-BR","@id":"https:\/\/psol50.org.br\/#\/schema\/logo\/image\/","url":"https:\/\/psol50.org.br\/inc\/uploads\/2018\/07\/capa.png","contentUrl":"https:\/\/psol50.org.br\/inc\/uploads\/2018\/07\/capa.png","width":1350,"height":900,"caption":"PSOL 50"},"image":{"@id":"https:\/\/psol50.org.br\/#\/schema\/logo\/image\/"},"sameAs":["https:\/\/www.facebook.com\/psol50","https:\/\/x.com\/psol50","https:\/\/www.instagram.com\/psol50\/","https:\/\/www.youtube.com\/channel\/UC7SnJS5o1os7a6CaiNabzcg"]},{"@type":"Person","@id":"https:\/\/psol50.org.br\/#\/schema\/person\/475dfa57d0b815993c714c2e96491fcd","name":"Comunica\u00e7\u00e3o PSOL","image":{"@type":"ImageObject","inLanguage":"pt-BR","@id":"https:\/\/psol50.org.br\/#\/schema\/person\/image\/","url":"https:\/\/secure.gravatar.com\/avatar\/b34fc4f4e468a4e51785917065a3db57b841f5c95dba6ad8c73aaf8f66f8f9bf?s=96&d=mm&r=g","contentUrl":"https:\/\/secure.gravatar.com\/avatar\/b34fc4f4e468a4e51785917065a3db57b841f5c95dba6ad8c73aaf8f66f8f9bf?s=96&d=mm&r=g","caption":"Comunica\u00e7\u00e3o PSOL"}}]}},"_links":{"self":[{"href":"https:\/\/psol50.org.br\/rest\/wp\/v2\/posts\/28080","targetHints":{"allow":["GET"]}}],"collection":[{"href":"https:\/\/psol50.org.br\/rest\/wp\/v2\/posts"}],"about":[{"href":"https:\/\/psol50.org.br\/rest\/wp\/v2\/types\/post"}],"author":[{"embeddable":true,"href":"https:\/\/psol50.org.br\/rest\/wp\/v2\/users\/2"}],"replies":[{"embeddable":true,"href":"https:\/\/psol50.org.br\/rest\/wp\/v2\/comments?post=28080"}],"version-history":[{"count":0,"href":"https:\/\/psol50.org.br\/rest\/wp\/v2\/posts\/28080\/revisions"}],"wp:featuredmedia":[{"embeddable":true,"href":"https:\/\/psol50.org.br\/rest\/wp\/v2\/media\/26094"}],"wp:attachment":[{"href":"https:\/\/psol50.org.br\/rest\/wp\/v2\/media?parent=28080"}],"wp:term":[{"taxonomy":"category","embeddable":true,"href":"https:\/\/psol50.org.br\/rest\/wp\/v2\/categories?post=28080"},{"taxonomy":"post_tag","embeddable":true,"href":"https:\/\/psol50.org.br\/rest\/wp\/v2\/tags?post=28080"}],"curies":[{"name":"wp","href":"https:\/\/api.w.org\/{rel}","templated":true}]}}