{"id":28091,"date":"2020-04-02T17:28:09","date_gmt":"2020-04-02T20:28:09","guid":{"rendered":"https:\/\/psol50.org.br\/?p=28091"},"modified":"2020-04-02T17:28:09","modified_gmt":"2020-04-02T20:28:09","slug":"psol-quer-barrar-medida-que-libera-mineracao-durante-quarentena-da-pandemia-de-coronavirus","status":"publish","type":"post","link":"https:\/\/psol50.org.br\/psol-quer-barrar-medida-que-libera-mineracao-durante-quarentena-da-pandemia-de-coronavirus\/","title":{"rendered":"PSOL quer barrar medida que libera minera\u00e7\u00e3o durante quarentena da pandemia de coronav\u00edrus"},"content":{"rendered":"<p><a href=\"https:\/\/psol50.org.br\/coronavirus\/\" target=\"_blank\" rel=\"noopener noreferrer\"><img loading=\"lazy\" decoding=\"async\" class=\"alignnone size-full wp-image-27838\" src=\"https:\/\/psol50.org.br\/inc\/uploads\/2020\/03\/Banner-Site_3.png\" alt=\"\" width=\"1240\" height=\"331\" srcset=\"https:\/\/psol50.org.br\/inc\/uploads\/2020\/03\/Banner-Site_3.png 1240w, https:\/\/psol50.org.br\/inc\/uploads\/2020\/03\/Banner-Site_3-300x80.png 300w, https:\/\/psol50.org.br\/inc\/uploads\/2020\/03\/Banner-Site_3-1024x273.png 1024w, https:\/\/psol50.org.br\/inc\/uploads\/2020\/03\/Banner-Site_3-768x205.png 768w, https:\/\/psol50.org.br\/inc\/uploads\/2020\/03\/Banner-Site_3-150x40.png 150w, https:\/\/psol50.org.br\/inc\/uploads\/2020\/03\/Banner-Site_3-696x186.png 696w, https:\/\/psol50.org.br\/inc\/uploads\/2020\/03\/Banner-Site_3-1068x285.png 1068w\" sizes=\"auto, (max-width: 1240px) 100vw, 1240px\" \/><\/a><\/p>\n<p>A bancada do PSOL na C\u00e2mara dos Deputados apresentou um <strong><a href=\"https:\/\/psol50.org.br\/inc\/uploads\/2020\/04\/PDL_portaria_135_minas_e_energia_minerac\u0327a\u0303o_atividade_essencial.pdf\" target=\"_blank\" rel=\"noopener noreferrer\">projeto para revogar a portaria do Minist\u00e9rio de Minas e Energia que definiu a minera\u00e7\u00e3o como um setor de servi\u00e7os essenciais<\/a><\/strong>. Com isso, o partido busca suspender as atividades das mineradores em meio a pandemia do coronav\u00edrus.<\/p>\n<p>No in\u00edcio da semana, atendendo \u00e0s press\u00f5es do segmento, o Minist\u00e9rio de Minas e Energia editou uma portaria que considera essenciais as atividades de minera\u00e7\u00e3o no pa\u00eds, o que mant\u00e9m trabalhadores expostos a graves riscos durante a pandemia.<\/p>\n<p>A minera\u00e7\u00e3o n\u00e3o est\u00e1 listada como servi\u00e7o essencial no decreto de 25 de mar\u00e7o do Pal\u00e1cio do Planalto que regulamentou as medidas de combate ao coronav\u00edrus. N\u00e3o pode, portanto, a portaria de uma pasta espec\u00edfica do governo se sobrepor ao decreto que regulamentou as atividades consideradas essenciais.<\/p>\n<p>\u201cN\u00e3o h\u00e1 a menor d\u00favida, portanto, que a cadeia produtiva da ind\u00fastria miner\u00e1ria n\u00e3o se enquadra como essencial de acordo com o referido Decreto. Uma mera Portaria publicada pelo Ministro das Minas e Energia n\u00e3o tem efeito para dar interpreta\u00e7\u00e3o mais flex\u00edvel a ponto de modificar as restri\u00e7\u00f5es impostas por Leis, Decretos e Recomenda\u00e7\u00f5es Internacionais seguidas pelo mundo todo\u201d, afirma o texto do PSOL.<\/p>\n<p>O texto tamb\u00e9m cita nota da Confer\u00eancia Nacional dos Bispos do Brasil (CNBB), que afirma que a medida \u201ccoloca em risco a vida de operadores das minas e trabalhadores terceirizados, mas tamb\u00e9m seus familiares e comunidades onde vivem ou que encontram em seu trajeto de trabalho\u201d. Destaca ainda que a minera\u00e7\u00e3o \u00e9 um setor extremamente insalubre, com alto \u00edndices de doen\u00e7as respirat\u00f3rias, c\u00e2ncer e contamina\u00e7\u00f5es.<\/p>\n","protected":false},"excerpt":{"rendered":"<p>A bancada do PSOL na C\u00e2mara dos Deputados apresentou um projeto para revogar a portaria do Minist\u00e9rio de Minas e Energia que definiu a minera\u00e7\u00e3o como um setor de servi\u00e7os essenciais. Com isso, o partido busca suspender as atividades das mineradores em meio a pandemia do coronav\u00edrus. No in\u00edcio da semana, atendendo \u00e0s press\u00f5es do [&hellip;]<\/p>\n","protected":false},"author":2,"featured_media":28093,"comment_status":"closed","ping_status":"open","sticky":false,"template":"","format":"standard","meta":{"_acf_changed":false,"footnotes":""},"categories":[10,6],"tags":[171,454,227,367,22,366],"class_list":{"0":"post-28091","1":"post","2":"type-post","3":"status-publish","4":"format-standard","5":"has-post-thumbnail","7":"category-acao-parlamentares","8":"category-noticias","9":"tag-coronavirus","10":"tag-minas-e-energia","11":"tag-mineracao","12":"tag-pandemia","13":"tag-psol","14":"tag-psolcontraocoronavirus"},"acf":[],"yoast_head":"<!-- This site is optimized with the Yoast SEO plugin v26.5 - https:\/\/yoast.com\/wordpress\/plugins\/seo\/ -->\n<title>PSOL quer barrar medida que libera minera\u00e7\u00e3o durante quarentena da pandemia de coronav\u00edrus<\/title>\n<meta name=\"description\" content=\"Atendendo \u00e0s press\u00f5es do segmento, Minist\u00e9rio editou portaria que considera essenciais as atividades de minera\u00e7\u00e3o, o que mant\u00e9m trabalhadores expostos a graves riscos.\" \/>\n<meta name=\"robots\" content=\"index, follow, max-snippet:-1, max-image-preview:large, max-video-preview:-1\" \/>\n<link rel=\"canonical\" href=\"https:\/\/psol50.org.br\/psol-quer-barrar-medida-que-libera-mineracao-durante-quarentena-da-pandemia-de-coronavirus\/\" \/>\n<meta property=\"og:locale\" content=\"pt_BR\" \/>\n<meta property=\"og:type\" content=\"article\" \/>\n<meta property=\"og:title\" content=\"PSOL quer barrar medida que libera minera\u00e7\u00e3o durante quarentena da pandemia de coronav\u00edrus\" \/>\n<meta property=\"og:description\" content=\"Atendendo \u00e0s press\u00f5es do segmento, Minist\u00e9rio editou portaria que considera essenciais as atividades de minera\u00e7\u00e3o, o que mant\u00e9m trabalhadores expostos a graves riscos.\" \/>\n<meta property=\"og:url\" content=\"https:\/\/psol50.org.br\/psol-quer-barrar-medida-que-libera-mineracao-durante-quarentena-da-pandemia-de-coronavirus\/\" \/>\n<meta property=\"og:site_name\" content=\"PSOL 50\" \/>\n<meta property=\"article:publisher\" content=\"https:\/\/www.facebook.com\/psol50\" \/>\n<meta property=\"article:published_time\" content=\"2020-04-02T20:28:09+00:00\" \/>\n<meta property=\"og:image\" content=\"https:\/\/psol50.org.br\/inc\/uploads\/2020\/04\/Minas01-920x425-1.jpg\" \/>\n\t<meta property=\"og:image:width\" content=\"920\" \/>\n\t<meta property=\"og:image:height\" content=\"425\" \/>\n\t<meta property=\"og:image:type\" content=\"image\/jpeg\" \/>\n<meta name=\"author\" content=\"Comunica\u00e7\u00e3o PSOL\" \/>\n<meta name=\"twitter:card\" content=\"summary_large_image\" \/>\n<meta name=\"twitter:title\" content=\"PSOL quer barrar medida que libera minera\u00e7\u00e3o durante quarentena da pandemia de coronav\u00edrus\" \/>\n<meta name=\"twitter:description\" content=\"Atendendo \u00e0s press\u00f5es do segmento, Minist\u00e9rio editou portaria que considera essenciais as atividades de minera\u00e7\u00e3o, o que mant\u00e9m trabalhadores expostos a graves riscos.\" \/>\n<meta name=\"twitter:image\" content=\"https:\/\/psol50.org.br\/inc\/uploads\/2020\/04\/Minas01-920x425-1.jpg\" \/>\n<meta name=\"twitter:creator\" content=\"@psol50\" \/>\n<meta name=\"twitter:site\" content=\"@psol50\" \/>\n<meta name=\"twitter:label1\" content=\"Escrito por\" \/>\n\t<meta name=\"twitter:data1\" content=\"Comunica\u00e7\u00e3o PSOL\" \/>\n\t<meta name=\"twitter:label2\" content=\"Est. tempo de leitura\" \/>\n\t<meta name=\"twitter:data2\" content=\"1 minuto\" \/>\n<script type=\"application\/ld+json\" class=\"yoast-schema-graph\">{\"@context\":\"https:\/\/schema.org\",\"@graph\":[{\"@type\":\"Article\",\"@id\":\"https:\/\/psol50.org.br\/psol-quer-barrar-medida-que-libera-mineracao-durante-quarentena-da-pandemia-de-coronavirus\/#article\",\"isPartOf\":{\"@id\":\"https:\/\/psol50.org.br\/psol-quer-barrar-medida-que-libera-mineracao-durante-quarentena-da-pandemia-de-coronavirus\/\"},\"author\":{\"name\":\"Comunica\u00e7\u00e3o PSOL\",\"@id\":\"https:\/\/psol50.org.br\/#\/schema\/person\/475dfa57d0b815993c714c2e96491fcd\"},\"headline\":\"PSOL quer barrar medida que libera minera\u00e7\u00e3o durante quarentena da pandemia de coronav\u00edrus\",\"datePublished\":\"2020-04-02T20:28:09+00:00\",\"mainEntityOfPage\":{\"@id\":\"https:\/\/psol50.org.br\/psol-quer-barrar-medida-que-libera-mineracao-durante-quarentena-da-pandemia-de-coronavirus\/\"},\"wordCount\":311,\"publisher\":{\"@id\":\"https:\/\/psol50.org.br\/#organization\"},\"image\":{\"@id\":\"https:\/\/psol50.org.br\/psol-quer-barrar-medida-que-libera-mineracao-durante-quarentena-da-pandemia-de-coronavirus\/#primaryimage\"},\"thumbnailUrl\":\"https:\/\/psol50.org.br\/inc\/uploads\/2020\/04\/Minas01-920x425-1.jpg\",\"keywords\":[\"coronav\u00edrus\",\"Minas e Energia\",\"minera\u00e7\u00e3o\",\"pandemia\",\"PSOL\",\"psolcontraocoronavirus\"],\"articleSection\":[\"A\u00e7\u00e3o Parlamentar\",\"Not\u00edcias\"],\"inLanguage\":\"pt-BR\"},{\"@type\":\"WebPage\",\"@id\":\"https:\/\/psol50.org.br\/psol-quer-barrar-medida-que-libera-mineracao-durante-quarentena-da-pandemia-de-coronavirus\/\",\"url\":\"https:\/\/psol50.org.br\/psol-quer-barrar-medida-que-libera-mineracao-durante-quarentena-da-pandemia-de-coronavirus\/\",\"name\":\"PSOL quer barrar medida que libera minera\u00e7\u00e3o durante quarentena da pandemia de coronav\u00edrus\",\"isPartOf\":{\"@id\":\"https:\/\/psol50.org.br\/#website\"},\"primaryImageOfPage\":{\"@id\":\"https:\/\/psol50.org.br\/psol-quer-barrar-medida-que-libera-mineracao-durante-quarentena-da-pandemia-de-coronavirus\/#primaryimage\"},\"image\":{\"@id\":\"https:\/\/psol50.org.br\/psol-quer-barrar-medida-que-libera-mineracao-durante-quarentena-da-pandemia-de-coronavirus\/#primaryimage\"},\"thumbnailUrl\":\"https:\/\/psol50.org.br\/inc\/uploads\/2020\/04\/Minas01-920x425-1.jpg\",\"datePublished\":\"2020-04-02T20:28:09+00:00\",\"description\":\"Atendendo \u00e0s press\u00f5es do segmento, Minist\u00e9rio editou portaria que considera essenciais as atividades de minera\u00e7\u00e3o, o que mant\u00e9m trabalhadores expostos a graves riscos.\",\"breadcrumb\":{\"@id\":\"https:\/\/psol50.org.br\/psol-quer-barrar-medida-que-libera-mineracao-durante-quarentena-da-pandemia-de-coronavirus\/#breadcrumb\"},\"inLanguage\":\"pt-BR\",\"potentialAction\":[{\"@type\":\"ReadAction\",\"target\":[\"https:\/\/psol50.org.br\/psol-quer-barrar-medida-que-libera-mineracao-durante-quarentena-da-pandemia-de-coronavirus\/\"]}]},{\"@type\":\"ImageObject\",\"inLanguage\":\"pt-BR\",\"@id\":\"https:\/\/psol50.org.br\/psol-quer-barrar-medida-que-libera-mineracao-durante-quarentena-da-pandemia-de-coronavirus\/#primaryimage\",\"url\":\"https:\/\/psol50.org.br\/inc\/uploads\/2020\/04\/Minas01-920x425-1.jpg\",\"contentUrl\":\"https:\/\/psol50.org.br\/inc\/uploads\/2020\/04\/Minas01-920x425-1.jpg\",\"width\":920,\"height\":425},{\"@type\":\"BreadcrumbList\",\"@id\":\"https:\/\/psol50.org.br\/psol-quer-barrar-medida-que-libera-mineracao-durante-quarentena-da-pandemia-de-coronavirus\/#breadcrumb\",\"itemListElement\":[{\"@type\":\"ListItem\",\"position\":1,\"name\":\"In\u00edcio\",\"item\":\"https:\/\/psol50.org.br\/\"},{\"@type\":\"ListItem\",\"position\":2,\"name\":\"PSOL quer barrar medida que libera minera\u00e7\u00e3o durante quarentena da pandemia de coronav\u00edrus\"}]},{\"@type\":\"WebSite\",\"@id\":\"https:\/\/psol50.org.br\/#website\",\"url\":\"https:\/\/psol50.org.br\/\",\"name\":\"PSOL 50\",\"description\":\"Site oficial do Partido Socialismo e Liberdade\",\"publisher\":{\"@id\":\"https:\/\/psol50.org.br\/#organization\"},\"alternateName\":\"PSOL50\",\"potentialAction\":[{\"@type\":\"SearchAction\",\"target\":{\"@type\":\"EntryPoint\",\"urlTemplate\":\"https:\/\/psol50.org.br\/?s={search_term_string}\"},\"query-input\":{\"@type\":\"PropertyValueSpecification\",\"valueRequired\":true,\"valueName\":\"search_term_string\"}}],\"inLanguage\":\"pt-BR\"},{\"@type\":\"Organization\",\"@id\":\"https:\/\/psol50.org.br\/#organization\",\"name\":\"PSOL 50\",\"alternateName\":\"PSOL 50\",\"url\":\"https:\/\/psol50.org.br\/\",\"logo\":{\"@type\":\"ImageObject\",\"inLanguage\":\"pt-BR\",\"@id\":\"https:\/\/psol50.org.br\/#\/schema\/logo\/image\/\",\"url\":\"https:\/\/psol50.org.br\/inc\/uploads\/2018\/07\/capa.png\",\"contentUrl\":\"https:\/\/psol50.org.br\/inc\/uploads\/2018\/07\/capa.png\",\"width\":1350,\"height\":900,\"caption\":\"PSOL 50\"},\"image\":{\"@id\":\"https:\/\/psol50.org.br\/#\/schema\/logo\/image\/\"},\"sameAs\":[\"https:\/\/www.facebook.com\/psol50\",\"https:\/\/x.com\/psol50\",\"https:\/\/www.instagram.com\/psol50\/\",\"https:\/\/www.youtube.com\/channel\/UC7SnJS5o1os7a6CaiNabzcg\"]},{\"@type\":\"Person\",\"@id\":\"https:\/\/psol50.org.br\/#\/schema\/person\/475dfa57d0b815993c714c2e96491fcd\",\"name\":\"Comunica\u00e7\u00e3o PSOL\",\"image\":{\"@type\":\"ImageObject\",\"inLanguage\":\"pt-BR\",\"@id\":\"https:\/\/psol50.org.br\/#\/schema\/person\/image\/\",\"url\":\"https:\/\/secure.gravatar.com\/avatar\/b34fc4f4e468a4e51785917065a3db57b841f5c95dba6ad8c73aaf8f66f8f9bf?s=96&d=mm&r=g\",\"contentUrl\":\"https:\/\/secure.gravatar.com\/avatar\/b34fc4f4e468a4e51785917065a3db57b841f5c95dba6ad8c73aaf8f66f8f9bf?s=96&d=mm&r=g\",\"caption\":\"Comunica\u00e7\u00e3o PSOL\"}}]}<\/script>\n<!-- \/ Yoast SEO plugin. -->","yoast_head_json":{"title":"PSOL quer barrar medida que libera minera\u00e7\u00e3o durante quarentena da pandemia de coronav\u00edrus","description":"Atendendo \u00e0s press\u00f5es do segmento, Minist\u00e9rio editou portaria que considera essenciais as atividades de minera\u00e7\u00e3o, o que mant\u00e9m trabalhadores expostos a graves riscos.","robots":{"index":"index","follow":"follow","max-snippet":"max-snippet:-1","max-image-preview":"max-image-preview:large","max-video-preview":"max-video-preview:-1"},"canonical":"https:\/\/psol50.org.br\/psol-quer-barrar-medida-que-libera-mineracao-durante-quarentena-da-pandemia-de-coronavirus\/","og_locale":"pt_BR","og_type":"article","og_title":"PSOL quer barrar medida que libera minera\u00e7\u00e3o durante quarentena da pandemia de coronav\u00edrus","og_description":"Atendendo \u00e0s press\u00f5es do segmento, Minist\u00e9rio editou portaria que considera essenciais as atividades de minera\u00e7\u00e3o, o que mant\u00e9m trabalhadores expostos a graves riscos.","og_url":"https:\/\/psol50.org.br\/psol-quer-barrar-medida-que-libera-mineracao-durante-quarentena-da-pandemia-de-coronavirus\/","og_site_name":"PSOL 50","article_publisher":"https:\/\/www.facebook.com\/psol50","article_published_time":"2020-04-02T20:28:09+00:00","og_image":[{"width":920,"height":425,"url":"https:\/\/psol50.org.br\/inc\/uploads\/2020\/04\/Minas01-920x425-1.jpg","type":"image\/jpeg"}],"author":"Comunica\u00e7\u00e3o PSOL","twitter_card":"summary_large_image","twitter_title":"PSOL quer barrar medida que libera minera\u00e7\u00e3o durante quarentena da pandemia de coronav\u00edrus","twitter_description":"Atendendo \u00e0s press\u00f5es do segmento, Minist\u00e9rio editou portaria que considera essenciais as atividades de minera\u00e7\u00e3o, o que mant\u00e9m trabalhadores expostos a graves riscos.","twitter_image":"https:\/\/psol50.org.br\/inc\/uploads\/2020\/04\/Minas01-920x425-1.jpg","twitter_creator":"@psol50","twitter_site":"@psol50","twitter_misc":{"Escrito por":"Comunica\u00e7\u00e3o PSOL","Est. tempo de leitura":"1 minuto"},"schema":{"@context":"https:\/\/schema.org","@graph":[{"@type":"Article","@id":"https:\/\/psol50.org.br\/psol-quer-barrar-medida-que-libera-mineracao-durante-quarentena-da-pandemia-de-coronavirus\/#article","isPartOf":{"@id":"https:\/\/psol50.org.br\/psol-quer-barrar-medida-que-libera-mineracao-durante-quarentena-da-pandemia-de-coronavirus\/"},"author":{"name":"Comunica\u00e7\u00e3o PSOL","@id":"https:\/\/psol50.org.br\/#\/schema\/person\/475dfa57d0b815993c714c2e96491fcd"},"headline":"PSOL quer barrar medida que libera minera\u00e7\u00e3o durante quarentena da pandemia de coronav\u00edrus","datePublished":"2020-04-02T20:28:09+00:00","mainEntityOfPage":{"@id":"https:\/\/psol50.org.br\/psol-quer-barrar-medida-que-libera-mineracao-durante-quarentena-da-pandemia-de-coronavirus\/"},"wordCount":311,"publisher":{"@id":"https:\/\/psol50.org.br\/#organization"},"image":{"@id":"https:\/\/psol50.org.br\/psol-quer-barrar-medida-que-libera-mineracao-durante-quarentena-da-pandemia-de-coronavirus\/#primaryimage"},"thumbnailUrl":"https:\/\/psol50.org.br\/inc\/uploads\/2020\/04\/Minas01-920x425-1.jpg","keywords":["coronav\u00edrus","Minas e Energia","minera\u00e7\u00e3o","pandemia","PSOL","psolcontraocoronavirus"],"articleSection":["A\u00e7\u00e3o Parlamentar","Not\u00edcias"],"inLanguage":"pt-BR"},{"@type":"WebPage","@id":"https:\/\/psol50.org.br\/psol-quer-barrar-medida-que-libera-mineracao-durante-quarentena-da-pandemia-de-coronavirus\/","url":"https:\/\/psol50.org.br\/psol-quer-barrar-medida-que-libera-mineracao-durante-quarentena-da-pandemia-de-coronavirus\/","name":"PSOL quer barrar medida que libera minera\u00e7\u00e3o durante quarentena da pandemia de coronav\u00edrus","isPartOf":{"@id":"https:\/\/psol50.org.br\/#website"},"primaryImageOfPage":{"@id":"https:\/\/psol50.org.br\/psol-quer-barrar-medida-que-libera-mineracao-durante-quarentena-da-pandemia-de-coronavirus\/#primaryimage"},"image":{"@id":"https:\/\/psol50.org.br\/psol-quer-barrar-medida-que-libera-mineracao-durante-quarentena-da-pandemia-de-coronavirus\/#primaryimage"},"thumbnailUrl":"https:\/\/psol50.org.br\/inc\/uploads\/2020\/04\/Minas01-920x425-1.jpg","datePublished":"2020-04-02T20:28:09+00:00","description":"Atendendo \u00e0s press\u00f5es do segmento, Minist\u00e9rio editou portaria que considera essenciais as atividades de minera\u00e7\u00e3o, o que mant\u00e9m trabalhadores expostos a graves riscos.","breadcrumb":{"@id":"https:\/\/psol50.org.br\/psol-quer-barrar-medida-que-libera-mineracao-durante-quarentena-da-pandemia-de-coronavirus\/#breadcrumb"},"inLanguage":"pt-BR","potentialAction":[{"@type":"ReadAction","target":["https:\/\/psol50.org.br\/psol-quer-barrar-medida-que-libera-mineracao-durante-quarentena-da-pandemia-de-coronavirus\/"]}]},{"@type":"ImageObject","inLanguage":"pt-BR","@id":"https:\/\/psol50.org.br\/psol-quer-barrar-medida-que-libera-mineracao-durante-quarentena-da-pandemia-de-coronavirus\/#primaryimage","url":"https:\/\/psol50.org.br\/inc\/uploads\/2020\/04\/Minas01-920x425-1.jpg","contentUrl":"https:\/\/psol50.org.br\/inc\/uploads\/2020\/04\/Minas01-920x425-1.jpg","width":920,"height":425},{"@type":"BreadcrumbList","@id":"https:\/\/psol50.org.br\/psol-quer-barrar-medida-que-libera-mineracao-durante-quarentena-da-pandemia-de-coronavirus\/#breadcrumb","itemListElement":[{"@type":"ListItem","position":1,"name":"In\u00edcio","item":"https:\/\/psol50.org.br\/"},{"@type":"ListItem","position":2,"name":"PSOL quer barrar medida que libera minera\u00e7\u00e3o durante quarentena da pandemia de coronav\u00edrus"}]},{"@type":"WebSite","@id":"https:\/\/psol50.org.br\/#website","url":"https:\/\/psol50.org.br\/","name":"PSOL 50","description":"Site oficial do Partido Socialismo e Liberdade","publisher":{"@id":"https:\/\/psol50.org.br\/#organization"},"alternateName":"PSOL50","potentialAction":[{"@type":"SearchAction","target":{"@type":"EntryPoint","urlTemplate":"https:\/\/psol50.org.br\/?s={search_term_string}"},"query-input":{"@type":"PropertyValueSpecification","valueRequired":true,"valueName":"search_term_string"}}],"inLanguage":"pt-BR"},{"@type":"Organization","@id":"https:\/\/psol50.org.br\/#organization","name":"PSOL 50","alternateName":"PSOL 50","url":"https:\/\/psol50.org.br\/","logo":{"@type":"ImageObject","inLanguage":"pt-BR","@id":"https:\/\/psol50.org.br\/#\/schema\/logo\/image\/","url":"https:\/\/psol50.org.br\/inc\/uploads\/2018\/07\/capa.png","contentUrl":"https:\/\/psol50.org.br\/inc\/uploads\/2018\/07\/capa.png","width":1350,"height":900,"caption":"PSOL 50"},"image":{"@id":"https:\/\/psol50.org.br\/#\/schema\/logo\/image\/"},"sameAs":["https:\/\/www.facebook.com\/psol50","https:\/\/x.com\/psol50","https:\/\/www.instagram.com\/psol50\/","https:\/\/www.youtube.com\/channel\/UC7SnJS5o1os7a6CaiNabzcg"]},{"@type":"Person","@id":"https:\/\/psol50.org.br\/#\/schema\/person\/475dfa57d0b815993c714c2e96491fcd","name":"Comunica\u00e7\u00e3o PSOL","image":{"@type":"ImageObject","inLanguage":"pt-BR","@id":"https:\/\/psol50.org.br\/#\/schema\/person\/image\/","url":"https:\/\/secure.gravatar.com\/avatar\/b34fc4f4e468a4e51785917065a3db57b841f5c95dba6ad8c73aaf8f66f8f9bf?s=96&d=mm&r=g","contentUrl":"https:\/\/secure.gravatar.com\/avatar\/b34fc4f4e468a4e51785917065a3db57b841f5c95dba6ad8c73aaf8f66f8f9bf?s=96&d=mm&r=g","caption":"Comunica\u00e7\u00e3o PSOL"}}]}},"_links":{"self":[{"href":"https:\/\/psol50.org.br\/rest\/wp\/v2\/posts\/28091","targetHints":{"allow":["GET"]}}],"collection":[{"href":"https:\/\/psol50.org.br\/rest\/wp\/v2\/posts"}],"about":[{"href":"https:\/\/psol50.org.br\/rest\/wp\/v2\/types\/post"}],"author":[{"embeddable":true,"href":"https:\/\/psol50.org.br\/rest\/wp\/v2\/users\/2"}],"replies":[{"embeddable":true,"href":"https:\/\/psol50.org.br\/rest\/wp\/v2\/comments?post=28091"}],"version-history":[{"count":0,"href":"https:\/\/psol50.org.br\/rest\/wp\/v2\/posts\/28091\/revisions"}],"wp:featuredmedia":[{"embeddable":true,"href":"https:\/\/psol50.org.br\/rest\/wp\/v2\/media\/28093"}],"wp:attachment":[{"href":"https:\/\/psol50.org.br\/rest\/wp\/v2\/media?parent=28091"}],"wp:term":[{"taxonomy":"category","embeddable":true,"href":"https:\/\/psol50.org.br\/rest\/wp\/v2\/categories?post=28091"},{"taxonomy":"post_tag","embeddable":true,"href":"https:\/\/psol50.org.br\/rest\/wp\/v2\/tags?post=28091"}],"curies":[{"name":"wp","href":"https:\/\/api.w.org\/{rel}","templated":true}]}}