{"id":28121,"date":"2020-04-03T11:48:32","date_gmt":"2020-04-03T14:48:32","guid":{"rendered":"https:\/\/psol50.org.br\/?p=28121"},"modified":"2020-04-03T11:48:32","modified_gmt":"2020-04-03T14:48:32","slug":"7o-congresso-nacional-do-psol-e-adiado-para-2021-por-causa-da-pandemia-do-novo-coronavirus","status":"publish","type":"post","link":"https:\/\/psol50.org.br\/7o-congresso-nacional-do-psol-e-adiado-para-2021-por-causa-da-pandemia-do-novo-coronavirus\/","title":{"rendered":"7\u00ba Congresso Nacional do PSOL \u00e9 adiado para 2021 por causa da pandemia do novo coronav\u00edrus"},"content":{"rendered":"<p><a href=\"https:\/\/psol50.org.br\/coronavirus\/\" target=\"_blank\" rel=\"noopener noreferrer\"><img loading=\"lazy\" decoding=\"async\" class=\"alignnone size-full wp-image-27838\" src=\"https:\/\/psol50.org.br\/inc\/uploads\/2020\/03\/Banner-Site_3.png\" alt=\"\" width=\"1240\" height=\"331\" srcset=\"https:\/\/psol50.org.br\/inc\/uploads\/2020\/03\/Banner-Site_3.png 1240w, https:\/\/psol50.org.br\/inc\/uploads\/2020\/03\/Banner-Site_3-300x80.png 300w, https:\/\/psol50.org.br\/inc\/uploads\/2020\/03\/Banner-Site_3-1024x273.png 1024w, https:\/\/psol50.org.br\/inc\/uploads\/2020\/03\/Banner-Site_3-768x205.png 768w, https:\/\/psol50.org.br\/inc\/uploads\/2020\/03\/Banner-Site_3-150x40.png 150w, https:\/\/psol50.org.br\/inc\/uploads\/2020\/03\/Banner-Site_3-696x186.png 696w, https:\/\/psol50.org.br\/inc\/uploads\/2020\/03\/Banner-Site_3-1068x285.png 1068w\" sizes=\"auto, (max-width: 1240px) 100vw, 1240px\" \/><\/a><\/p>\n<p>O Diret\u00f3rio Nacional do PSOL se reuniu e decidiu cancelar o atual processo de plen\u00e1rias municipais e adiar o 7\u00ba Congresso Nacional do PSOL para 2021 devido \u00e0 pandemia do novo coronav\u00edrus. A decis\u00e3o acontece para respeitar as recomenda\u00e7\u00f5es das autoridades nacionais e internacionais de sa\u00fade, como a OMS, sobre o isolamento social para evitar a dissemina\u00e7\u00e3o do v\u00edrus.<\/p>\n<p>O partido decidiu tornar sem efeito todas as plen\u00e1rias municipais que j\u00e1 haviam sido realizadas entre os dias 6 e 15 de mar\u00e7o deste ano, que ocorreram antes das recomenda\u00e7\u00f5es sanit\u00e1rias de evitar aglomera\u00e7\u00f5es para n\u00e3o propagar o v\u00edrus.<\/p>\n<p>Desta forma, o 7\u00ba Congresso Nacional do PSOL acontecer\u00e1 at\u00e9 o m\u00eas de maio de 2021. Ele ser\u00e1 convocado formalmente, com novo cronograma, em nova reuni\u00e3o do Diret\u00f3rio Nacional do partido no segundo semestre, ap\u00f3s as elei\u00e7\u00f5es municipais de 2020. At\u00e9 l\u00e1, as atuais gest\u00f5es de todas as inst\u00e2ncias partid\u00e1rias do PSOL ser\u00e3o automaticamente prorrogadas at\u00e9 o ano que vem, quando ocorrer\u00e1 o congresso.<\/p>\n<p>&#8220;O PSOL dever\u00e1 adequar suas atividades de milit\u00e2ncia e enfrentamento ao governo Bolsonaro para essas circunstancias em que n\u00e3o ser\u00e1 poss\u00edvel a realiza\u00e7\u00e3o de atividades coletivas, de atividade nas ruas e espa\u00e7os p\u00fablicos, necessitando adequar tamb\u00e9m seu calend\u00e1rio de lutas e atividades para este ano, diante da gravidade e extens\u00e3o dessa crise&#8221;, determina a <strong><a href=\"https:\/\/psol50.org.br\/resolucao-congresso-filiacoes-gestao-das-instancias\/\">resolu\u00e7\u00e3o aprovada que pode ser lida aqui.<\/a><\/strong><\/p>\n","protected":false},"excerpt":{"rendered":"<p>O Diret\u00f3rio Nacional do PSOL se reuniu e decidiu cancelar o atual processo de plen\u00e1rias municipais e adiar o 7\u00ba Congresso Nacional do PSOL para 2021 devido \u00e0 pandemia do novo coronav\u00edrus. A decis\u00e3o acontece para respeitar as recomenda\u00e7\u00f5es das autoridades nacionais e internacionais de sa\u00fade, como a OMS, sobre o isolamento social para evitar [&hellip;]<\/p>\n","protected":false},"author":2,"featured_media":27688,"comment_status":"closed","ping_status":"open","sticky":false,"template":"","format":"standard","meta":{"_acf_changed":false,"footnotes":""},"categories":[6],"tags":[463,464,70,171,367,22],"class_list":{"0":"post-28121","1":"post","2":"type-post","3":"status-publish","4":"format-standard","5":"has-post-thumbnail","7":"category-noticias","8":"tag-463","9":"tag-adiamento","10":"tag-congresso","11":"tag-coronavirus","12":"tag-pandemia","13":"tag-psol"},"acf":[],"yoast_head":"<!-- This site is optimized with the Yoast SEO plugin v26.5 - https:\/\/yoast.com\/wordpress\/plugins\/seo\/ -->\n<title>7\u00ba Congresso Nacional do PSOL \u00e9 adiado para 2021 por causa da pandemia do novo coronav\u00edrus - PSOL 50<\/title>\n<meta name=\"description\" content=\"A decis\u00e3o acontece para respeitar as recomenda\u00e7\u00f5es das autoridades nacionais e internacionais de sa\u00fade, como a OMS.\" \/>\n<meta name=\"robots\" content=\"index, follow, max-snippet:-1, max-image-preview:large, max-video-preview:-1\" \/>\n<link rel=\"canonical\" href=\"https:\/\/psol50.org.br\/7o-congresso-nacional-do-psol-e-adiado-para-2021-por-causa-da-pandemia-do-novo-coronavirus\/\" \/>\n<meta property=\"og:locale\" content=\"pt_BR\" \/>\n<meta property=\"og:type\" content=\"article\" \/>\n<meta property=\"og:title\" content=\"7\u00ba Congresso Nacional do PSOL \u00e9 adiado para 2021 por causa da pandemia do novo coronav\u00edrus\" \/>\n<meta property=\"og:description\" content=\"A decis\u00e3o acontece para respeitar as recomenda\u00e7\u00f5es das autoridades nacionais e internacionais de sa\u00fade, como a OMS.\" \/>\n<meta property=\"og:url\" content=\"https:\/\/psol50.org.br\/7o-congresso-nacional-do-psol-e-adiado-para-2021-por-causa-da-pandemia-do-novo-coronavirus\/\" \/>\n<meta property=\"og:site_name\" content=\"PSOL 50\" \/>\n<meta property=\"article:publisher\" content=\"https:\/\/www.facebook.com\/psol50\" \/>\n<meta property=\"article:published_time\" content=\"2020-04-03T14:48:32+00:00\" \/>\n<meta property=\"og:image\" content=\"https:\/\/psol50.org.br\/inc\/uploads\/2020\/03\/IDV_7_Congresso_PSOL.jpg\" \/>\n\t<meta property=\"og:image:width\" content=\"1350\" \/>\n\t<meta property=\"og:image:height\" content=\"900\" \/>\n\t<meta property=\"og:image:type\" content=\"image\/jpeg\" \/>\n<meta name=\"author\" content=\"Comunica\u00e7\u00e3o PSOL\" \/>\n<meta name=\"twitter:card\" content=\"summary_large_image\" \/>\n<meta name=\"twitter:title\" content=\"7\u00ba Congresso Nacional do PSOL \u00e9 adiado para 2021 por causa da pandemia do novo coronav\u00edrus\" \/>\n<meta name=\"twitter:description\" content=\"A decis\u00e3o acontece para respeitar as recomenda\u00e7\u00f5es das autoridades nacionais e internacionais de sa\u00fade, como a OMS.\" \/>\n<meta name=\"twitter:image\" content=\"https:\/\/psol50.org.br\/inc\/uploads\/2020\/03\/IDV_7_Congresso_PSOL.jpg\" \/>\n<meta name=\"twitter:creator\" content=\"@psol50\" \/>\n<meta name=\"twitter:site\" content=\"@psol50\" \/>\n<meta name=\"twitter:label1\" content=\"Escrito por\" \/>\n\t<meta name=\"twitter:data1\" content=\"Comunica\u00e7\u00e3o PSOL\" \/>\n\t<meta name=\"twitter:label2\" content=\"Est. tempo de leitura\" \/>\n\t<meta name=\"twitter:data2\" content=\"1 minuto\" \/>\n<script type=\"application\/ld+json\" class=\"yoast-schema-graph\">{\"@context\":\"https:\/\/schema.org\",\"@graph\":[{\"@type\":\"Article\",\"@id\":\"https:\/\/psol50.org.br\/7o-congresso-nacional-do-psol-e-adiado-para-2021-por-causa-da-pandemia-do-novo-coronavirus\/#article\",\"isPartOf\":{\"@id\":\"https:\/\/psol50.org.br\/7o-congresso-nacional-do-psol-e-adiado-para-2021-por-causa-da-pandemia-do-novo-coronavirus\/\"},\"author\":{\"name\":\"Comunica\u00e7\u00e3o PSOL\",\"@id\":\"https:\/\/psol50.org.br\/#\/schema\/person\/475dfa57d0b815993c714c2e96491fcd\"},\"headline\":\"7\u00ba Congresso Nacional do PSOL \u00e9 adiado para 2021 por causa da pandemia do novo coronav\u00edrus\",\"datePublished\":\"2020-04-03T14:48:32+00:00\",\"mainEntityOfPage\":{\"@id\":\"https:\/\/psol50.org.br\/7o-congresso-nacional-do-psol-e-adiado-para-2021-por-causa-da-pandemia-do-novo-coronavirus\/\"},\"wordCount\":263,\"publisher\":{\"@id\":\"https:\/\/psol50.org.br\/#organization\"},\"image\":{\"@id\":\"https:\/\/psol50.org.br\/7o-congresso-nacional-do-psol-e-adiado-para-2021-por-causa-da-pandemia-do-novo-coronavirus\/#primaryimage\"},\"thumbnailUrl\":\"https:\/\/psol50.org.br\/inc\/uploads\/2020\/03\/IDV_7_Congresso_PSOL.jpg\",\"keywords\":[\"2021\",\"adiamento\",\"Congresso\",\"coronav\u00edrus\",\"pandemia\",\"PSOL\"],\"articleSection\":[\"Not\u00edcias\"],\"inLanguage\":\"pt-BR\"},{\"@type\":\"WebPage\",\"@id\":\"https:\/\/psol50.org.br\/7o-congresso-nacional-do-psol-e-adiado-para-2021-por-causa-da-pandemia-do-novo-coronavirus\/\",\"url\":\"https:\/\/psol50.org.br\/7o-congresso-nacional-do-psol-e-adiado-para-2021-por-causa-da-pandemia-do-novo-coronavirus\/\",\"name\":\"7\u00ba Congresso Nacional do PSOL \u00e9 adiado para 2021 por causa da pandemia do novo coronav\u00edrus - PSOL 50\",\"isPartOf\":{\"@id\":\"https:\/\/psol50.org.br\/#website\"},\"primaryImageOfPage\":{\"@id\":\"https:\/\/psol50.org.br\/7o-congresso-nacional-do-psol-e-adiado-para-2021-por-causa-da-pandemia-do-novo-coronavirus\/#primaryimage\"},\"image\":{\"@id\":\"https:\/\/psol50.org.br\/7o-congresso-nacional-do-psol-e-adiado-para-2021-por-causa-da-pandemia-do-novo-coronavirus\/#primaryimage\"},\"thumbnailUrl\":\"https:\/\/psol50.org.br\/inc\/uploads\/2020\/03\/IDV_7_Congresso_PSOL.jpg\",\"datePublished\":\"2020-04-03T14:48:32+00:00\",\"description\":\"A decis\u00e3o acontece para respeitar as recomenda\u00e7\u00f5es das autoridades nacionais e internacionais de sa\u00fade, como a OMS.\",\"breadcrumb\":{\"@id\":\"https:\/\/psol50.org.br\/7o-congresso-nacional-do-psol-e-adiado-para-2021-por-causa-da-pandemia-do-novo-coronavirus\/#breadcrumb\"},\"inLanguage\":\"pt-BR\",\"potentialAction\":[{\"@type\":\"ReadAction\",\"target\":[\"https:\/\/psol50.org.br\/7o-congresso-nacional-do-psol-e-adiado-para-2021-por-causa-da-pandemia-do-novo-coronavirus\/\"]}]},{\"@type\":\"ImageObject\",\"inLanguage\":\"pt-BR\",\"@id\":\"https:\/\/psol50.org.br\/7o-congresso-nacional-do-psol-e-adiado-para-2021-por-causa-da-pandemia-do-novo-coronavirus\/#primaryimage\",\"url\":\"https:\/\/psol50.org.br\/inc\/uploads\/2020\/03\/IDV_7_Congresso_PSOL.jpg\",\"contentUrl\":\"https:\/\/psol50.org.br\/inc\/uploads\/2020\/03\/IDV_7_Congresso_PSOL.jpg\",\"width\":1350,\"height\":900},{\"@type\":\"BreadcrumbList\",\"@id\":\"https:\/\/psol50.org.br\/7o-congresso-nacional-do-psol-e-adiado-para-2021-por-causa-da-pandemia-do-novo-coronavirus\/#breadcrumb\",\"itemListElement\":[{\"@type\":\"ListItem\",\"position\":1,\"name\":\"In\u00edcio\",\"item\":\"https:\/\/psol50.org.br\/\"},{\"@type\":\"ListItem\",\"position\":2,\"name\":\"7\u00ba Congresso Nacional do PSOL \u00e9 adiado para 2021 por causa da pandemia do novo coronav\u00edrus\"}]},{\"@type\":\"WebSite\",\"@id\":\"https:\/\/psol50.org.br\/#website\",\"url\":\"https:\/\/psol50.org.br\/\",\"name\":\"PSOL 50\",\"description\":\"Site oficial do Partido Socialismo e Liberdade\",\"publisher\":{\"@id\":\"https:\/\/psol50.org.br\/#organization\"},\"alternateName\":\"PSOL50\",\"potentialAction\":[{\"@type\":\"SearchAction\",\"target\":{\"@type\":\"EntryPoint\",\"urlTemplate\":\"https:\/\/psol50.org.br\/?s={search_term_string}\"},\"query-input\":{\"@type\":\"PropertyValueSpecification\",\"valueRequired\":true,\"valueName\":\"search_term_string\"}}],\"inLanguage\":\"pt-BR\"},{\"@type\":\"Organization\",\"@id\":\"https:\/\/psol50.org.br\/#organization\",\"name\":\"PSOL 50\",\"alternateName\":\"PSOL 50\",\"url\":\"https:\/\/psol50.org.br\/\",\"logo\":{\"@type\":\"ImageObject\",\"inLanguage\":\"pt-BR\",\"@id\":\"https:\/\/psol50.org.br\/#\/schema\/logo\/image\/\",\"url\":\"https:\/\/psol50.org.br\/inc\/uploads\/2018\/07\/capa.png\",\"contentUrl\":\"https:\/\/psol50.org.br\/inc\/uploads\/2018\/07\/capa.png\",\"width\":1350,\"height\":900,\"caption\":\"PSOL 50\"},\"image\":{\"@id\":\"https:\/\/psol50.org.br\/#\/schema\/logo\/image\/\"},\"sameAs\":[\"https:\/\/www.facebook.com\/psol50\",\"https:\/\/x.com\/psol50\",\"https:\/\/www.instagram.com\/psol50\/\",\"https:\/\/www.youtube.com\/channel\/UC7SnJS5o1os7a6CaiNabzcg\"]},{\"@type\":\"Person\",\"@id\":\"https:\/\/psol50.org.br\/#\/schema\/person\/475dfa57d0b815993c714c2e96491fcd\",\"name\":\"Comunica\u00e7\u00e3o PSOL\",\"image\":{\"@type\":\"ImageObject\",\"inLanguage\":\"pt-BR\",\"@id\":\"https:\/\/psol50.org.br\/#\/schema\/person\/image\/\",\"url\":\"https:\/\/secure.gravatar.com\/avatar\/b34fc4f4e468a4e51785917065a3db57b841f5c95dba6ad8c73aaf8f66f8f9bf?s=96&d=mm&r=g\",\"contentUrl\":\"https:\/\/secure.gravatar.com\/avatar\/b34fc4f4e468a4e51785917065a3db57b841f5c95dba6ad8c73aaf8f66f8f9bf?s=96&d=mm&r=g\",\"caption\":\"Comunica\u00e7\u00e3o PSOL\"}}]}<\/script>\n<!-- \/ Yoast SEO plugin. -->","yoast_head_json":{"title":"7\u00ba Congresso Nacional do PSOL \u00e9 adiado para 2021 por causa da pandemia do novo coronav\u00edrus - PSOL 50","description":"A decis\u00e3o acontece para respeitar as recomenda\u00e7\u00f5es das autoridades nacionais e internacionais de sa\u00fade, como a OMS.","robots":{"index":"index","follow":"follow","max-snippet":"max-snippet:-1","max-image-preview":"max-image-preview:large","max-video-preview":"max-video-preview:-1"},"canonical":"https:\/\/psol50.org.br\/7o-congresso-nacional-do-psol-e-adiado-para-2021-por-causa-da-pandemia-do-novo-coronavirus\/","og_locale":"pt_BR","og_type":"article","og_title":"7\u00ba Congresso Nacional do PSOL \u00e9 adiado para 2021 por causa da pandemia do novo coronav\u00edrus","og_description":"A decis\u00e3o acontece para respeitar as recomenda\u00e7\u00f5es das autoridades nacionais e internacionais de sa\u00fade, como a OMS.","og_url":"https:\/\/psol50.org.br\/7o-congresso-nacional-do-psol-e-adiado-para-2021-por-causa-da-pandemia-do-novo-coronavirus\/","og_site_name":"PSOL 50","article_publisher":"https:\/\/www.facebook.com\/psol50","article_published_time":"2020-04-03T14:48:32+00:00","og_image":[{"width":1350,"height":900,"url":"https:\/\/psol50.org.br\/inc\/uploads\/2020\/03\/IDV_7_Congresso_PSOL.jpg","type":"image\/jpeg"}],"author":"Comunica\u00e7\u00e3o PSOL","twitter_card":"summary_large_image","twitter_title":"7\u00ba Congresso Nacional do PSOL \u00e9 adiado para 2021 por causa da pandemia do novo coronav\u00edrus","twitter_description":"A decis\u00e3o acontece para respeitar as recomenda\u00e7\u00f5es das autoridades nacionais e internacionais de sa\u00fade, como a OMS.","twitter_image":"https:\/\/psol50.org.br\/inc\/uploads\/2020\/03\/IDV_7_Congresso_PSOL.jpg","twitter_creator":"@psol50","twitter_site":"@psol50","twitter_misc":{"Escrito por":"Comunica\u00e7\u00e3o PSOL","Est. tempo de leitura":"1 minuto"},"schema":{"@context":"https:\/\/schema.org","@graph":[{"@type":"Article","@id":"https:\/\/psol50.org.br\/7o-congresso-nacional-do-psol-e-adiado-para-2021-por-causa-da-pandemia-do-novo-coronavirus\/#article","isPartOf":{"@id":"https:\/\/psol50.org.br\/7o-congresso-nacional-do-psol-e-adiado-para-2021-por-causa-da-pandemia-do-novo-coronavirus\/"},"author":{"name":"Comunica\u00e7\u00e3o PSOL","@id":"https:\/\/psol50.org.br\/#\/schema\/person\/475dfa57d0b815993c714c2e96491fcd"},"headline":"7\u00ba Congresso Nacional do PSOL \u00e9 adiado para 2021 por causa da pandemia do novo coronav\u00edrus","datePublished":"2020-04-03T14:48:32+00:00","mainEntityOfPage":{"@id":"https:\/\/psol50.org.br\/7o-congresso-nacional-do-psol-e-adiado-para-2021-por-causa-da-pandemia-do-novo-coronavirus\/"},"wordCount":263,"publisher":{"@id":"https:\/\/psol50.org.br\/#organization"},"image":{"@id":"https:\/\/psol50.org.br\/7o-congresso-nacional-do-psol-e-adiado-para-2021-por-causa-da-pandemia-do-novo-coronavirus\/#primaryimage"},"thumbnailUrl":"https:\/\/psol50.org.br\/inc\/uploads\/2020\/03\/IDV_7_Congresso_PSOL.jpg","keywords":["2021","adiamento","Congresso","coronav\u00edrus","pandemia","PSOL"],"articleSection":["Not\u00edcias"],"inLanguage":"pt-BR"},{"@type":"WebPage","@id":"https:\/\/psol50.org.br\/7o-congresso-nacional-do-psol-e-adiado-para-2021-por-causa-da-pandemia-do-novo-coronavirus\/","url":"https:\/\/psol50.org.br\/7o-congresso-nacional-do-psol-e-adiado-para-2021-por-causa-da-pandemia-do-novo-coronavirus\/","name":"7\u00ba Congresso Nacional do PSOL \u00e9 adiado para 2021 por causa da pandemia do novo coronav\u00edrus - PSOL 50","isPartOf":{"@id":"https:\/\/psol50.org.br\/#website"},"primaryImageOfPage":{"@id":"https:\/\/psol50.org.br\/7o-congresso-nacional-do-psol-e-adiado-para-2021-por-causa-da-pandemia-do-novo-coronavirus\/#primaryimage"},"image":{"@id":"https:\/\/psol50.org.br\/7o-congresso-nacional-do-psol-e-adiado-para-2021-por-causa-da-pandemia-do-novo-coronavirus\/#primaryimage"},"thumbnailUrl":"https:\/\/psol50.org.br\/inc\/uploads\/2020\/03\/IDV_7_Congresso_PSOL.jpg","datePublished":"2020-04-03T14:48:32+00:00","description":"A decis\u00e3o acontece para respeitar as recomenda\u00e7\u00f5es das autoridades nacionais e internacionais de sa\u00fade, como a OMS.","breadcrumb":{"@id":"https:\/\/psol50.org.br\/7o-congresso-nacional-do-psol-e-adiado-para-2021-por-causa-da-pandemia-do-novo-coronavirus\/#breadcrumb"},"inLanguage":"pt-BR","potentialAction":[{"@type":"ReadAction","target":["https:\/\/psol50.org.br\/7o-congresso-nacional-do-psol-e-adiado-para-2021-por-causa-da-pandemia-do-novo-coronavirus\/"]}]},{"@type":"ImageObject","inLanguage":"pt-BR","@id":"https:\/\/psol50.org.br\/7o-congresso-nacional-do-psol-e-adiado-para-2021-por-causa-da-pandemia-do-novo-coronavirus\/#primaryimage","url":"https:\/\/psol50.org.br\/inc\/uploads\/2020\/03\/IDV_7_Congresso_PSOL.jpg","contentUrl":"https:\/\/psol50.org.br\/inc\/uploads\/2020\/03\/IDV_7_Congresso_PSOL.jpg","width":1350,"height":900},{"@type":"BreadcrumbList","@id":"https:\/\/psol50.org.br\/7o-congresso-nacional-do-psol-e-adiado-para-2021-por-causa-da-pandemia-do-novo-coronavirus\/#breadcrumb","itemListElement":[{"@type":"ListItem","position":1,"name":"In\u00edcio","item":"https:\/\/psol50.org.br\/"},{"@type":"ListItem","position":2,"name":"7\u00ba Congresso Nacional do PSOL \u00e9 adiado para 2021 por causa da pandemia do novo coronav\u00edrus"}]},{"@type":"WebSite","@id":"https:\/\/psol50.org.br\/#website","url":"https:\/\/psol50.org.br\/","name":"PSOL 50","description":"Site oficial do Partido Socialismo e Liberdade","publisher":{"@id":"https:\/\/psol50.org.br\/#organization"},"alternateName":"PSOL50","potentialAction":[{"@type":"SearchAction","target":{"@type":"EntryPoint","urlTemplate":"https:\/\/psol50.org.br\/?s={search_term_string}"},"query-input":{"@type":"PropertyValueSpecification","valueRequired":true,"valueName":"search_term_string"}}],"inLanguage":"pt-BR"},{"@type":"Organization","@id":"https:\/\/psol50.org.br\/#organization","name":"PSOL 50","alternateName":"PSOL 50","url":"https:\/\/psol50.org.br\/","logo":{"@type":"ImageObject","inLanguage":"pt-BR","@id":"https:\/\/psol50.org.br\/#\/schema\/logo\/image\/","url":"https:\/\/psol50.org.br\/inc\/uploads\/2018\/07\/capa.png","contentUrl":"https:\/\/psol50.org.br\/inc\/uploads\/2018\/07\/capa.png","width":1350,"height":900,"caption":"PSOL 50"},"image":{"@id":"https:\/\/psol50.org.br\/#\/schema\/logo\/image\/"},"sameAs":["https:\/\/www.facebook.com\/psol50","https:\/\/x.com\/psol50","https:\/\/www.instagram.com\/psol50\/","https:\/\/www.youtube.com\/channel\/UC7SnJS5o1os7a6CaiNabzcg"]},{"@type":"Person","@id":"https:\/\/psol50.org.br\/#\/schema\/person\/475dfa57d0b815993c714c2e96491fcd","name":"Comunica\u00e7\u00e3o PSOL","image":{"@type":"ImageObject","inLanguage":"pt-BR","@id":"https:\/\/psol50.org.br\/#\/schema\/person\/image\/","url":"https:\/\/secure.gravatar.com\/avatar\/b34fc4f4e468a4e51785917065a3db57b841f5c95dba6ad8c73aaf8f66f8f9bf?s=96&d=mm&r=g","contentUrl":"https:\/\/secure.gravatar.com\/avatar\/b34fc4f4e468a4e51785917065a3db57b841f5c95dba6ad8c73aaf8f66f8f9bf?s=96&d=mm&r=g","caption":"Comunica\u00e7\u00e3o PSOL"}}]}},"_links":{"self":[{"href":"https:\/\/psol50.org.br\/rest\/wp\/v2\/posts\/28121","targetHints":{"allow":["GET"]}}],"collection":[{"href":"https:\/\/psol50.org.br\/rest\/wp\/v2\/posts"}],"about":[{"href":"https:\/\/psol50.org.br\/rest\/wp\/v2\/types\/post"}],"author":[{"embeddable":true,"href":"https:\/\/psol50.org.br\/rest\/wp\/v2\/users\/2"}],"replies":[{"embeddable":true,"href":"https:\/\/psol50.org.br\/rest\/wp\/v2\/comments?post=28121"}],"version-history":[{"count":0,"href":"https:\/\/psol50.org.br\/rest\/wp\/v2\/posts\/28121\/revisions"}],"wp:featuredmedia":[{"embeddable":true,"href":"https:\/\/psol50.org.br\/rest\/wp\/v2\/media\/27688"}],"wp:attachment":[{"href":"https:\/\/psol50.org.br\/rest\/wp\/v2\/media?parent=28121"}],"wp:term":[{"taxonomy":"category","embeddable":true,"href":"https:\/\/psol50.org.br\/rest\/wp\/v2\/categories?post=28121"},{"taxonomy":"post_tag","embeddable":true,"href":"https:\/\/psol50.org.br\/rest\/wp\/v2\/tags?post=28121"}],"curies":[{"name":"wp","href":"https:\/\/api.w.org\/{rel}","templated":true}]}}