{"id":2813,"date":"2014-06-18T00:00:00","date_gmt":"2014-06-18T12:33:18","guid":{"rendered":"http:\/\/psol50.org.br\/arquivo\/2014\/06\/18\/convencao-nacional-do-psol-no-final-de-semana-vai-homologar-candidatura-a-presidencia-da-republica\/"},"modified":"2014-06-18T00:00:00","modified_gmt":"2014-06-18T12:33:18","slug":"convencao-nacional-do-psol-no-final-de-semana-vai-homologar-candidatura-a-presidencia-da-republica","status":"publish","type":"post","link":"https:\/\/psol50.org.br\/convencao-nacional-do-psol-no-final-de-semana-vai-homologar-candidatura-a-presidencia-da-republica\/","title":{"rendered":"Conven\u00e7\u00e3o Nacional do PSOL no final de semana vai homologar candidatura \u00e0 Presid\u00eancia da Rep\u00fablica"},"content":{"rendered":"<div style=\"text-align: justify;\">\n\t<em>Do PSOL Nacional, Leonor Costa<\/em><\/p>\n<p>\tNos dias 21 e 22 de junho (s\u00e1bado e domingo) o Partido Socialismo e Liberdade (PSOL) realiza Conven\u00e7\u00e3o Nacional, em Bras\u00edlia, para referendar os nomes dos candidatos a presidente da Rep\u00fablica e a vice nas elei\u00e7\u00f5es de outubro deste ano. Ap\u00f3s v\u00e1rios debates que ser\u00e3o feitos ao longo dos dois dias, os membros do Diret\u00f3rio Nacional do PSOL e representantes dos diret\u00f3rios estaduais homologar\u00e3o o nome da ex-deputada federal Luciana Genro como candidata do partido ao Pal\u00e1cio do Planalto. O nome do candidato a vice-presidente, ainda em discuss\u00e3o dentro do PSOL, tamb\u00e9m ser\u00e1 definido ao final da Conven\u00e7\u00e3o Nacional. &nbsp;&nbsp;&nbsp;<br \/>\n\t&nbsp;<br \/>\n\tNo s\u00e1bado (21), primeiro dia da Conven\u00e7\u00e3o, os dirigentes promover\u00e3o um debate sobre a conjuntura nacional e as diretrizes do PSOL para as elei\u00e7\u00f5es deste ano. No mesmo dia \u00e0 tarde, ser\u00e3o homologadas as candidaturas aos governos estaduais, j\u00e1 definidas nas conven\u00e7\u00f5es em cada Estado. Ainda no s\u00e1bado, os dirigentes tamb\u00e9m definir\u00e3o os partidos com os quais o PSOL poder\u00e1 fazer coliga\u00e7\u00e3o para a disputa eleitoral.<br \/>\n\t&nbsp;<br \/>\n\tJ\u00e1 no domingo (22), ser\u00e3o aprovadas as diretrizes do programa de governo do PSOL e tamb\u00e9m definida a coordena\u00e7\u00e3o da campanha nacional. A Conven\u00e7\u00e3o Nacional ser\u00e1 encerrada ap\u00f3s a aprova\u00e7\u00e3o das candidaturas de presidente e vice com uma entrevista coletiva \u00e0 imprensa, marcada para as 16h.<br \/>\n\t&nbsp;<br \/>\n\t&nbsp;<br \/>\n\t<strong>Servi\u00e7o:<\/strong><br \/>\n\t<strong>Conven\u00e7\u00e3o Nacional do PSOL<\/strong><br \/>\n\t&nbsp;<br \/>\n\t<strong>Dia 21 de junho (S\u00e1bado)<\/strong><br \/>\n\t10h &#8211; Abertura Oficial<br \/>\n\t11h &#8211; Conjuntura Nacional e Diretrizes para as Elei\u00e7\u00f5es 2014<br \/>\n\t13h \u2013 Intervalo<br \/>\n\t14h &#8211; Homologa\u00e7\u00e3o das candidaturas estaduais<br \/>\n\t15h &#8211; An\u00e1lise e vota\u00e7\u00e3o das propostas de coliga\u00e7\u00f5es estaduais<br \/>\n\t16h &#8211; An\u00e1lise de recursos \u00e0s decis\u00f5es da Conven\u00e7\u00f5es Estaduais<br \/>\n\t18h &#8211; Encerramento dos trabalhos<br \/>\n\t&nbsp;<br \/>\n\t<strong>Dia 22 de junho (Domingo)<\/strong><br \/>\n\t10h &#8211; Posse da Diretoria da Funda\u00e7\u00e3o Lauro Campos<br \/>\n\t11h &#8211; Aprova\u00e7\u00e3o das Diretrizes do Programa de Governo do PSOL<br \/>\n\t12h &#8211; Aprova\u00e7\u00e3o da Coordena\u00e7\u00e3o de Campanha Nacional<br \/>\n\t13h \u2013 Intervalo<br \/>\n\t14h &#8211; Apresenta\u00e7\u00e3o e aprova\u00e7\u00e3o da candidatura a Vice-Presidente da Rep\u00fablica<br \/>\n\t15h &#8211; Apresenta\u00e7\u00e3o e aprova\u00e7\u00e3o da candidatura a Presidente da Rep\u00fablica<br \/>\n\t16h &#8211; Encerramento e Coletiva de Imprensa<br \/>\n\t&nbsp;<br \/>\n\t<strong>Local:<\/strong> Centro Cultural de Bras\u00edlia &#8211; SGAN 601 &#8211; M\u00f3dulo &#8220;B&#8221; Asa Norte &#8211; Bras\u00edlia-DF.<\/div>\n","protected":false},"excerpt":{"rendered":"<p>Evento em Bras\u00edlia vai reafirmar nome de Luciana Genro como candidata do partido ao Pal\u00e1cio do Planalto e definir as diretrizes do programa de governo. \u00c0s 16h de domingo candidatos a presidente e a vice conceder\u00e3o entrevista coletiva \u00e0 imprensa<\/p>\n","protected":false},"author":2,"featured_media":0,"comment_status":"open","ping_status":"open","sticky":false,"template":"","format":"standard","meta":{"_acf_changed":false,"footnotes":""},"categories":[4766,4960,6,14],"tags":[2506,22],"class_list":{"0":"post-2813","1":"post","2":"type-post","3":"status-publish","4":"format-standard","6":"category-arquivo","7":"category-eleicoes-2014","8":"category-noticias","9":"category-partido","10":"tag-eleicoes-2014","11":"tag-psol"},"acf":[],"yoast_head":"<!-- This site is optimized with the Yoast SEO plugin v26.5 - https:\/\/yoast.com\/wordpress\/plugins\/seo\/ -->\n<title>Conven\u00e7\u00e3o Nacional do PSOL no final de semana vai homologar candidatura \u00e0 Presid\u00eancia da Rep\u00fablica - PSOL 50<\/title>\n<meta name=\"robots\" content=\"index, follow, max-snippet:-1, max-image-preview:large, max-video-preview:-1\" \/>\n<link rel=\"canonical\" href=\"https:\/\/psol50.org.br\/convencao-nacional-do-psol-no-final-de-semana-vai-homologar-candidatura-a-presidencia-da-republica\/\" \/>\n<meta property=\"og:locale\" content=\"pt_BR\" \/>\n<meta property=\"og:type\" content=\"article\" \/>\n<meta property=\"og:title\" content=\"Conven\u00e7\u00e3o Nacional do PSOL no final de semana vai homologar candidatura \u00e0 Presid\u00eancia da Rep\u00fablica - PSOL 50\" \/>\n<meta property=\"og:description\" content=\"Evento em Bras\u00edlia vai reafirmar nome de Luciana Genro como candidata do partido ao Pal\u00e1cio do Planalto e definir as diretrizes do programa de governo. \u00c0s 16h de domingo candidatos a presidente e a vice conceder\u00e3o entrevista coletiva \u00e0 imprensa\" \/>\n<meta property=\"og:url\" content=\"https:\/\/psol50.org.br\/convencao-nacional-do-psol-no-final-de-semana-vai-homologar-candidatura-a-presidencia-da-republica\/\" \/>\n<meta property=\"og:site_name\" content=\"PSOL 50\" \/>\n<meta property=\"article:publisher\" content=\"https:\/\/www.facebook.com\/psol50\" \/>\n<meta property=\"article:published_time\" content=\"2014-06-18T12:33:18+00:00\" \/>\n<meta property=\"og:image\" content=\"https:\/\/psol50.org.br\/inc\/uploads\/2018\/07\/capa.png\" \/>\n\t<meta property=\"og:image:width\" content=\"1350\" \/>\n\t<meta property=\"og:image:height\" content=\"900\" \/>\n\t<meta property=\"og:image:type\" content=\"image\/png\" \/>\n<meta name=\"author\" content=\"Comunica\u00e7\u00e3o PSOL\" \/>\n<meta name=\"twitter:card\" content=\"summary_large_image\" \/>\n<meta name=\"twitter:creator\" content=\"@psol50\" \/>\n<meta name=\"twitter:site\" content=\"@psol50\" \/>\n<meta name=\"twitter:label1\" content=\"Escrito por\" \/>\n\t<meta name=\"twitter:data1\" content=\"Comunica\u00e7\u00e3o PSOL\" \/>\n\t<meta name=\"twitter:label2\" content=\"Est. tempo de leitura\" \/>\n\t<meta name=\"twitter:data2\" content=\"2 minutos\" \/>\n<script type=\"application\/ld+json\" class=\"yoast-schema-graph\">{\"@context\":\"https:\/\/schema.org\",\"@graph\":[{\"@type\":\"Article\",\"@id\":\"https:\/\/psol50.org.br\/convencao-nacional-do-psol-no-final-de-semana-vai-homologar-candidatura-a-presidencia-da-republica\/#article\",\"isPartOf\":{\"@id\":\"https:\/\/psol50.org.br\/convencao-nacional-do-psol-no-final-de-semana-vai-homologar-candidatura-a-presidencia-da-republica\/\"},\"author\":{\"name\":\"Comunica\u00e7\u00e3o PSOL\",\"@id\":\"https:\/\/psol50.org.br\/#\/schema\/person\/475dfa57d0b815993c714c2e96491fcd\"},\"headline\":\"Conven\u00e7\u00e3o Nacional do PSOL no final de semana vai homologar candidatura \u00e0 Presid\u00eancia da Rep\u00fablica\",\"datePublished\":\"2014-06-18T12:33:18+00:00\",\"mainEntityOfPage\":{\"@id\":\"https:\/\/psol50.org.br\/convencao-nacional-do-psol-no-final-de-semana-vai-homologar-candidatura-a-presidencia-da-republica\/\"},\"wordCount\":424,\"commentCount\":0,\"publisher\":{\"@id\":\"https:\/\/psol50.org.br\/#organization\"},\"keywords\":[\"elei\u00e7\u00f5es 2014\",\"PSOL\"],\"articleSection\":[\"Arquivo\",\"ELEI\u00c7\u00d5ES 2014\",\"Not\u00edcias\",\"Partido\"],\"inLanguage\":\"pt-BR\",\"potentialAction\":[{\"@type\":\"CommentAction\",\"name\":\"Comment\",\"target\":[\"https:\/\/psol50.org.br\/convencao-nacional-do-psol-no-final-de-semana-vai-homologar-candidatura-a-presidencia-da-republica\/#respond\"]}]},{\"@type\":\"WebPage\",\"@id\":\"https:\/\/psol50.org.br\/convencao-nacional-do-psol-no-final-de-semana-vai-homologar-candidatura-a-presidencia-da-republica\/\",\"url\":\"https:\/\/psol50.org.br\/convencao-nacional-do-psol-no-final-de-semana-vai-homologar-candidatura-a-presidencia-da-republica\/\",\"name\":\"Conven\u00e7\u00e3o Nacional do PSOL no final de semana vai homologar candidatura \u00e0 Presid\u00eancia da Rep\u00fablica - PSOL 50\",\"isPartOf\":{\"@id\":\"https:\/\/psol50.org.br\/#website\"},\"datePublished\":\"2014-06-18T12:33:18+00:00\",\"breadcrumb\":{\"@id\":\"https:\/\/psol50.org.br\/convencao-nacional-do-psol-no-final-de-semana-vai-homologar-candidatura-a-presidencia-da-republica\/#breadcrumb\"},\"inLanguage\":\"pt-BR\",\"potentialAction\":[{\"@type\":\"ReadAction\",\"target\":[\"https:\/\/psol50.org.br\/convencao-nacional-do-psol-no-final-de-semana-vai-homologar-candidatura-a-presidencia-da-republica\/\"]}]},{\"@type\":\"BreadcrumbList\",\"@id\":\"https:\/\/psol50.org.br\/convencao-nacional-do-psol-no-final-de-semana-vai-homologar-candidatura-a-presidencia-da-republica\/#breadcrumb\",\"itemListElement\":[{\"@type\":\"ListItem\",\"position\":1,\"name\":\"In\u00edcio\",\"item\":\"https:\/\/psol50.org.br\/\"},{\"@type\":\"ListItem\",\"position\":2,\"name\":\"Conven\u00e7\u00e3o Nacional do PSOL no final de semana vai homologar candidatura \u00e0 Presid\u00eancia da Rep\u00fablica\"}]},{\"@type\":\"WebSite\",\"@id\":\"https:\/\/psol50.org.br\/#website\",\"url\":\"https:\/\/psol50.org.br\/\",\"name\":\"PSOL 50\",\"description\":\"Site oficial do Partido Socialismo e Liberdade\",\"publisher\":{\"@id\":\"https:\/\/psol50.org.br\/#organization\"},\"alternateName\":\"PSOL50\",\"potentialAction\":[{\"@type\":\"SearchAction\",\"target\":{\"@type\":\"EntryPoint\",\"urlTemplate\":\"https:\/\/psol50.org.br\/?s={search_term_string}\"},\"query-input\":{\"@type\":\"PropertyValueSpecification\",\"valueRequired\":true,\"valueName\":\"search_term_string\"}}],\"inLanguage\":\"pt-BR\"},{\"@type\":\"Organization\",\"@id\":\"https:\/\/psol50.org.br\/#organization\",\"name\":\"PSOL 50\",\"alternateName\":\"PSOL 50\",\"url\":\"https:\/\/psol50.org.br\/\",\"logo\":{\"@type\":\"ImageObject\",\"inLanguage\":\"pt-BR\",\"@id\":\"https:\/\/psol50.org.br\/#\/schema\/logo\/image\/\",\"url\":\"https:\/\/psol50.org.br\/inc\/uploads\/2018\/07\/capa.png\",\"contentUrl\":\"https:\/\/psol50.org.br\/inc\/uploads\/2018\/07\/capa.png\",\"width\":1350,\"height\":900,\"caption\":\"PSOL 50\"},\"image\":{\"@id\":\"https:\/\/psol50.org.br\/#\/schema\/logo\/image\/\"},\"sameAs\":[\"https:\/\/www.facebook.com\/psol50\",\"https:\/\/x.com\/psol50\",\"https:\/\/www.instagram.com\/psol50\/\",\"https:\/\/www.youtube.com\/channel\/UC7SnJS5o1os7a6CaiNabzcg\"]},{\"@type\":\"Person\",\"@id\":\"https:\/\/psol50.org.br\/#\/schema\/person\/475dfa57d0b815993c714c2e96491fcd\",\"name\":\"Comunica\u00e7\u00e3o PSOL\",\"image\":{\"@type\":\"ImageObject\",\"inLanguage\":\"pt-BR\",\"@id\":\"https:\/\/psol50.org.br\/#\/schema\/person\/image\/\",\"url\":\"https:\/\/secure.gravatar.com\/avatar\/b34fc4f4e468a4e51785917065a3db57b841f5c95dba6ad8c73aaf8f66f8f9bf?s=96&d=mm&r=g\",\"contentUrl\":\"https:\/\/secure.gravatar.com\/avatar\/b34fc4f4e468a4e51785917065a3db57b841f5c95dba6ad8c73aaf8f66f8f9bf?s=96&d=mm&r=g\",\"caption\":\"Comunica\u00e7\u00e3o PSOL\"}}]}<\/script>\n<!-- \/ Yoast SEO plugin. -->","yoast_head_json":{"title":"Conven\u00e7\u00e3o Nacional do PSOL no final de semana vai homologar candidatura \u00e0 Presid\u00eancia da Rep\u00fablica - PSOL 50","robots":{"index":"index","follow":"follow","max-snippet":"max-snippet:-1","max-image-preview":"max-image-preview:large","max-video-preview":"max-video-preview:-1"},"canonical":"https:\/\/psol50.org.br\/convencao-nacional-do-psol-no-final-de-semana-vai-homologar-candidatura-a-presidencia-da-republica\/","og_locale":"pt_BR","og_type":"article","og_title":"Conven\u00e7\u00e3o Nacional do PSOL no final de semana vai homologar candidatura \u00e0 Presid\u00eancia da Rep\u00fablica - PSOL 50","og_description":"Evento em Bras\u00edlia vai reafirmar nome de Luciana Genro como candidata do partido ao Pal\u00e1cio do Planalto e definir as diretrizes do programa de governo. \u00c0s 16h de domingo candidatos a presidente e a vice conceder\u00e3o entrevista coletiva \u00e0 imprensa","og_url":"https:\/\/psol50.org.br\/convencao-nacional-do-psol-no-final-de-semana-vai-homologar-candidatura-a-presidencia-da-republica\/","og_site_name":"PSOL 50","article_publisher":"https:\/\/www.facebook.com\/psol50","article_published_time":"2014-06-18T12:33:18+00:00","og_image":[{"width":1350,"height":900,"url":"https:\/\/psol50.org.br\/inc\/uploads\/2018\/07\/capa.png","type":"image\/png"}],"author":"Comunica\u00e7\u00e3o PSOL","twitter_card":"summary_large_image","twitter_creator":"@psol50","twitter_site":"@psol50","twitter_misc":{"Escrito por":"Comunica\u00e7\u00e3o PSOL","Est. tempo de leitura":"2 minutos"},"schema":{"@context":"https:\/\/schema.org","@graph":[{"@type":"Article","@id":"https:\/\/psol50.org.br\/convencao-nacional-do-psol-no-final-de-semana-vai-homologar-candidatura-a-presidencia-da-republica\/#article","isPartOf":{"@id":"https:\/\/psol50.org.br\/convencao-nacional-do-psol-no-final-de-semana-vai-homologar-candidatura-a-presidencia-da-republica\/"},"author":{"name":"Comunica\u00e7\u00e3o PSOL","@id":"https:\/\/psol50.org.br\/#\/schema\/person\/475dfa57d0b815993c714c2e96491fcd"},"headline":"Conven\u00e7\u00e3o Nacional do PSOL no final de semana vai homologar candidatura \u00e0 Presid\u00eancia da Rep\u00fablica","datePublished":"2014-06-18T12:33:18+00:00","mainEntityOfPage":{"@id":"https:\/\/psol50.org.br\/convencao-nacional-do-psol-no-final-de-semana-vai-homologar-candidatura-a-presidencia-da-republica\/"},"wordCount":424,"commentCount":0,"publisher":{"@id":"https:\/\/psol50.org.br\/#organization"},"keywords":["elei\u00e7\u00f5es 2014","PSOL"],"articleSection":["Arquivo","ELEI\u00c7\u00d5ES 2014","Not\u00edcias","Partido"],"inLanguage":"pt-BR","potentialAction":[{"@type":"CommentAction","name":"Comment","target":["https:\/\/psol50.org.br\/convencao-nacional-do-psol-no-final-de-semana-vai-homologar-candidatura-a-presidencia-da-republica\/#respond"]}]},{"@type":"WebPage","@id":"https:\/\/psol50.org.br\/convencao-nacional-do-psol-no-final-de-semana-vai-homologar-candidatura-a-presidencia-da-republica\/","url":"https:\/\/psol50.org.br\/convencao-nacional-do-psol-no-final-de-semana-vai-homologar-candidatura-a-presidencia-da-republica\/","name":"Conven\u00e7\u00e3o Nacional do PSOL no final de semana vai homologar candidatura \u00e0 Presid\u00eancia da Rep\u00fablica - PSOL 50","isPartOf":{"@id":"https:\/\/psol50.org.br\/#website"},"datePublished":"2014-06-18T12:33:18+00:00","breadcrumb":{"@id":"https:\/\/psol50.org.br\/convencao-nacional-do-psol-no-final-de-semana-vai-homologar-candidatura-a-presidencia-da-republica\/#breadcrumb"},"inLanguage":"pt-BR","potentialAction":[{"@type":"ReadAction","target":["https:\/\/psol50.org.br\/convencao-nacional-do-psol-no-final-de-semana-vai-homologar-candidatura-a-presidencia-da-republica\/"]}]},{"@type":"BreadcrumbList","@id":"https:\/\/psol50.org.br\/convencao-nacional-do-psol-no-final-de-semana-vai-homologar-candidatura-a-presidencia-da-republica\/#breadcrumb","itemListElement":[{"@type":"ListItem","position":1,"name":"In\u00edcio","item":"https:\/\/psol50.org.br\/"},{"@type":"ListItem","position":2,"name":"Conven\u00e7\u00e3o Nacional do PSOL no final de semana vai homologar candidatura \u00e0 Presid\u00eancia da Rep\u00fablica"}]},{"@type":"WebSite","@id":"https:\/\/psol50.org.br\/#website","url":"https:\/\/psol50.org.br\/","name":"PSOL 50","description":"Site oficial do Partido Socialismo e Liberdade","publisher":{"@id":"https:\/\/psol50.org.br\/#organization"},"alternateName":"PSOL50","potentialAction":[{"@type":"SearchAction","target":{"@type":"EntryPoint","urlTemplate":"https:\/\/psol50.org.br\/?s={search_term_string}"},"query-input":{"@type":"PropertyValueSpecification","valueRequired":true,"valueName":"search_term_string"}}],"inLanguage":"pt-BR"},{"@type":"Organization","@id":"https:\/\/psol50.org.br\/#organization","name":"PSOL 50","alternateName":"PSOL 50","url":"https:\/\/psol50.org.br\/","logo":{"@type":"ImageObject","inLanguage":"pt-BR","@id":"https:\/\/psol50.org.br\/#\/schema\/logo\/image\/","url":"https:\/\/psol50.org.br\/inc\/uploads\/2018\/07\/capa.png","contentUrl":"https:\/\/psol50.org.br\/inc\/uploads\/2018\/07\/capa.png","width":1350,"height":900,"caption":"PSOL 50"},"image":{"@id":"https:\/\/psol50.org.br\/#\/schema\/logo\/image\/"},"sameAs":["https:\/\/www.facebook.com\/psol50","https:\/\/x.com\/psol50","https:\/\/www.instagram.com\/psol50\/","https:\/\/www.youtube.com\/channel\/UC7SnJS5o1os7a6CaiNabzcg"]},{"@type":"Person","@id":"https:\/\/psol50.org.br\/#\/schema\/person\/475dfa57d0b815993c714c2e96491fcd","name":"Comunica\u00e7\u00e3o PSOL","image":{"@type":"ImageObject","inLanguage":"pt-BR","@id":"https:\/\/psol50.org.br\/#\/schema\/person\/image\/","url":"https:\/\/secure.gravatar.com\/avatar\/b34fc4f4e468a4e51785917065a3db57b841f5c95dba6ad8c73aaf8f66f8f9bf?s=96&d=mm&r=g","contentUrl":"https:\/\/secure.gravatar.com\/avatar\/b34fc4f4e468a4e51785917065a3db57b841f5c95dba6ad8c73aaf8f66f8f9bf?s=96&d=mm&r=g","caption":"Comunica\u00e7\u00e3o PSOL"}}]}},"_links":{"self":[{"href":"https:\/\/psol50.org.br\/rest\/wp\/v2\/posts\/2813","targetHints":{"allow":["GET"]}}],"collection":[{"href":"https:\/\/psol50.org.br\/rest\/wp\/v2\/posts"}],"about":[{"href":"https:\/\/psol50.org.br\/rest\/wp\/v2\/types\/post"}],"author":[{"embeddable":true,"href":"https:\/\/psol50.org.br\/rest\/wp\/v2\/users\/2"}],"replies":[{"embeddable":true,"href":"https:\/\/psol50.org.br\/rest\/wp\/v2\/comments?post=2813"}],"version-history":[{"count":0,"href":"https:\/\/psol50.org.br\/rest\/wp\/v2\/posts\/2813\/revisions"}],"wp:attachment":[{"href":"https:\/\/psol50.org.br\/rest\/wp\/v2\/media?parent=2813"}],"wp:term":[{"taxonomy":"category","embeddable":true,"href":"https:\/\/psol50.org.br\/rest\/wp\/v2\/categories?post=2813"},{"taxonomy":"post_tag","embeddable":true,"href":"https:\/\/psol50.org.br\/rest\/wp\/v2\/tags?post=2813"}],"curies":[{"name":"wp","href":"https:\/\/api.w.org\/{rel}","templated":true}]}}