{"id":28136,"date":"2020-04-03T17:42:38","date_gmt":"2020-04-03T20:42:38","guid":{"rendered":"https:\/\/psol50.org.br\/?p=28136"},"modified":"2020-04-03T17:42:38","modified_gmt":"2020-04-03T20:42:38","slug":"juristas-denunciam-bolsonaro-ao-tribunal-penal-internacional-por-colocar-milhares-de-vidas-em-risco-durante-pandemia","status":"publish","type":"post","link":"https:\/\/psol50.org.br\/juristas-denunciam-bolsonaro-ao-tribunal-penal-internacional-por-colocar-milhares-de-vidas-em-risco-durante-pandemia\/","title":{"rendered":"Juristas denunciam Bolsonaro ao Tribunal Penal Internacional por colocar milhares de vidas em risco durante pandemia"},"content":{"rendered":"<p><a href=\"https:\/\/psol50.org.br\/coronavirus\/\" target=\"_blank\" rel=\"noopener noreferrer\"><img loading=\"lazy\" decoding=\"async\" class=\"alignnone size-full wp-image-27838\" src=\"https:\/\/psol50.org.br\/inc\/uploads\/2020\/03\/Banner-Site_3.png\" alt=\"\" width=\"1240\" height=\"331\" srcset=\"https:\/\/psol50.org.br\/inc\/uploads\/2020\/03\/Banner-Site_3.png 1240w, https:\/\/psol50.org.br\/inc\/uploads\/2020\/03\/Banner-Site_3-300x80.png 300w, https:\/\/psol50.org.br\/inc\/uploads\/2020\/03\/Banner-Site_3-1024x273.png 1024w, https:\/\/psol50.org.br\/inc\/uploads\/2020\/03\/Banner-Site_3-768x205.png 768w, https:\/\/psol50.org.br\/inc\/uploads\/2020\/03\/Banner-Site_3-150x40.png 150w, https:\/\/psol50.org.br\/inc\/uploads\/2020\/03\/Banner-Site_3-696x186.png 696w, https:\/\/psol50.org.br\/inc\/uploads\/2020\/03\/Banner-Site_3-1068x285.png 1068w\" sizes=\"auto, (max-width: 1240px) 100vw, 1240px\" \/><\/a><\/p>\n<p>A ABJD (Associa\u00e7\u00e3o Brasileira de Juristas pela Democracia) protocolou nesta quinta-feira, (2\/4) uma <strong><a href=\"https:\/\/psol50.org.br\/inc\/uploads\/2020\/04\/TPI_ABJD_020420.pdf\" target=\"_blank\" rel=\"noopener noreferrer\">representa\u00e7\u00e3o no TPI (Tribunal Penal Internacional) contra o presidente da Rep\u00fablica, Jair Bolsonaro, por crime contra a humanidade<\/a><\/strong> ao exp\u00f4r a popula\u00e7\u00e3o brasileira diante da pandemia de coronav\u00edrus e colocar milhares de vidas em risco.<\/p>\n<p>De acordo com a entidade, o Brasil possui, no atual momento, um chefe de governo e de Estado cujas atitudes s\u00e3o totalmente irrespons\u00e1veis. Por isso, os juristas solicitam ao Tribunal Penal Internacional que instaure procedimento para averiguar a conduta do presidente e condene Bolsonaro pelo crime contra a humanidade por expor a vida de cidad\u00e3os brasileiros, com a\u00e7\u00f5es concretas que estimulam o cont\u00e1gio e a prolifera\u00e7\u00e3o do v\u00edrus, aplicando a pena cab\u00edvel.<\/p>\n<p>\u201cPor a\u00e7\u00e3o ou omiss\u00e3o, Bolsonaro coloca a vida da popula\u00e7\u00e3o em risco, cometendo crimes e merecendo a atua\u00e7\u00e3o do Tribunal Penal Internacional para a prote\u00e7\u00e3o da vida de milhares de pessoas\u201d, refor\u00e7a o documento assinado pelos advogados Ricardo Franco Pinto (Espanha) e Charles Kurmay (EUA).<\/p>\n<p>Segundo a ABJD, Bolsonaro est\u00e1 cometendo o crime de epidemia, previsto no art. 267, do C\u00f3digo Penal Brasileiro, e na Lei n\u00ba 8.072\/1990, que disp\u00f5e sobre crimes hediondos. Al\u00e9m de infringir medida sanit\u00e1ria preventiva, conforme art. 268, tamb\u00e9m do C\u00f3digo Penal. Bem como viola a Lei n\u00ba 13.979, de 6 de fevereiro de 2020, que trata especificamente da emerg\u00eancia do Covid-19, e a Portaria Interministerial n\u00ba 05, de 17 de mar\u00e7o de 2020, que determina, em seus arts. 3\u00ba e 4\u00ba, que o descumprimento das medidas de isolamento e quarentena, assim como a resist\u00eancia a se submeter a exames m\u00e9dicos, testes laboratoriais e tratamentos m\u00e9dicos espec\u00edficos, acarretam puni\u00e7\u00e3o com base nos arts. 268 e 330, do C\u00f3digo Penal.<\/p>\n<p><em><a href=\"https:\/\/www.abjd.org.br\/2020\/04\/abjd-denuncia-bolsonaro-por-crime.html\">Para mais informa\u00e7\u00f5es acesse o site da ABJD<\/a><\/em><\/p>\n","protected":false},"excerpt":{"rendered":"<p>A ABJD (Associa\u00e7\u00e3o Brasileira de Juristas pela Democracia) protocolou nesta quinta-feira, (2\/4) uma representa\u00e7\u00e3o no TPI (Tribunal Penal Internacional) contra o presidente da Rep\u00fablica, Jair Bolsonaro, por crime contra a humanidade ao exp\u00f4r a popula\u00e7\u00e3o brasileira diante da pandemia de coronav\u00edrus e colocar milhares de vidas em risco. De acordo com a entidade, o Brasil [&hellip;]<\/p>\n","protected":false},"author":2,"featured_media":28088,"comment_status":"closed","ping_status":"open","sticky":false,"template":"","format":"standard","meta":{"_acf_changed":false,"footnotes":""},"categories":[6],"tags":[469,56,171,470,367,366,471],"class_list":{"0":"post-28136","1":"post","2":"type-post","3":"status-publish","4":"format-standard","5":"has-post-thumbnail","7":"category-noticias","8":"tag-abjd","9":"tag-bolsonaro","10":"tag-coronavirus","11":"tag-juristas","12":"tag-pandemia","13":"tag-psolcontraocoronavirus","14":"tag-tribunal-penal-internacional"},"acf":[],"yoast_head":"<!-- This site is optimized with the Yoast SEO plugin v26.5 - https:\/\/yoast.com\/wordpress\/plugins\/seo\/ -->\n<title>Juristas denunciam Bolsonaro ao Tribunal Penal Internacional por colocar milhares de vidas em risco durante pandemia - PSOL 50<\/title>\n<meta name=\"description\" content=\"De acordo com a ABJD, o Brasil possui, no atual momento, um chefe de governo e de Estado cujas atitudes s\u00e3o totalmente irrespons\u00e1veis.\" \/>\n<meta name=\"robots\" content=\"index, follow, max-snippet:-1, max-image-preview:large, max-video-preview:-1\" \/>\n<link rel=\"canonical\" href=\"https:\/\/psol50.org.br\/juristas-denunciam-bolsonaro-ao-tribunal-penal-internacional-por-colocar-milhares-de-vidas-em-risco-durante-pandemia\/\" \/>\n<meta property=\"og:locale\" content=\"pt_BR\" \/>\n<meta property=\"og:type\" content=\"article\" \/>\n<meta property=\"og:title\" content=\"Juristas denunciam Bolsonaro ao Tribunal Penal Internacional por colocar milhares de vidas em risco durante pandemia\" \/>\n<meta property=\"og:description\" content=\"De acordo com a ABJD, o Brasil possui, no atual momento, um chefe de governo e de Estado cujas atitudes s\u00e3o totalmente irrespons\u00e1veis.\" \/>\n<meta property=\"og:url\" content=\"https:\/\/psol50.org.br\/juristas-denunciam-bolsonaro-ao-tribunal-penal-internacional-por-colocar-milhares-de-vidas-em-risco-durante-pandemia\/\" \/>\n<meta property=\"og:site_name\" content=\"PSOL 50\" \/>\n<meta property=\"article:publisher\" content=\"https:\/\/www.facebook.com\/psol50\" \/>\n<meta property=\"article:published_time\" content=\"2020-04-03T20:42:38+00:00\" \/>\n<meta property=\"og:image\" content=\"https:\/\/psol50.org.br\/inc\/uploads\/2020\/04\/44b51623-763c-43e6-b9d1-6f1c787f6790.jpeg\" \/>\n\t<meta property=\"og:image:width\" content=\"768\" \/>\n\t<meta property=\"og:image:height\" content=\"401\" \/>\n\t<meta property=\"og:image:type\" content=\"image\/jpeg\" \/>\n<meta name=\"author\" content=\"Comunica\u00e7\u00e3o PSOL\" \/>\n<meta name=\"twitter:card\" content=\"summary_large_image\" \/>\n<meta name=\"twitter:title\" content=\"Juristas denunciam Bolsonaro ao Tribunal Penal Internacional por colocar milhares de vidas em risco durante pandemia\" \/>\n<meta name=\"twitter:description\" content=\"De acordo com a ABJD, o Brasil possui, no atual momento, um chefe de governo e de Estado cujas atitudes s\u00e3o totalmente irrespons\u00e1veis.\" \/>\n<meta name=\"twitter:image\" content=\"https:\/\/psol50.org.br\/inc\/uploads\/2020\/04\/44b51623-763c-43e6-b9d1-6f1c787f6790.jpeg\" \/>\n<meta name=\"twitter:creator\" content=\"@psol50\" \/>\n<meta name=\"twitter:site\" content=\"@psol50\" \/>\n<meta name=\"twitter:label1\" content=\"Escrito por\" \/>\n\t<meta name=\"twitter:data1\" content=\"Comunica\u00e7\u00e3o PSOL\" \/>\n\t<meta name=\"twitter:label2\" content=\"Est. tempo de leitura\" \/>\n\t<meta name=\"twitter:data2\" content=\"2 minutos\" \/>\n<script type=\"application\/ld+json\" class=\"yoast-schema-graph\">{\"@context\":\"https:\/\/schema.org\",\"@graph\":[{\"@type\":\"Article\",\"@id\":\"https:\/\/psol50.org.br\/juristas-denunciam-bolsonaro-ao-tribunal-penal-internacional-por-colocar-milhares-de-vidas-em-risco-durante-pandemia\/#article\",\"isPartOf\":{\"@id\":\"https:\/\/psol50.org.br\/juristas-denunciam-bolsonaro-ao-tribunal-penal-internacional-por-colocar-milhares-de-vidas-em-risco-durante-pandemia\/\"},\"author\":{\"name\":\"Comunica\u00e7\u00e3o PSOL\",\"@id\":\"https:\/\/psol50.org.br\/#\/schema\/person\/475dfa57d0b815993c714c2e96491fcd\"},\"headline\":\"Juristas denunciam Bolsonaro ao Tribunal Penal Internacional por colocar milhares de vidas em risco durante pandemia\",\"datePublished\":\"2020-04-03T20:42:38+00:00\",\"mainEntityOfPage\":{\"@id\":\"https:\/\/psol50.org.br\/juristas-denunciam-bolsonaro-ao-tribunal-penal-internacional-por-colocar-milhares-de-vidas-em-risco-durante-pandemia\/\"},\"wordCount\":328,\"publisher\":{\"@id\":\"https:\/\/psol50.org.br\/#organization\"},\"image\":{\"@id\":\"https:\/\/psol50.org.br\/juristas-denunciam-bolsonaro-ao-tribunal-penal-internacional-por-colocar-milhares-de-vidas-em-risco-durante-pandemia\/#primaryimage\"},\"thumbnailUrl\":\"https:\/\/psol50.org.br\/inc\/uploads\/2020\/04\/44b51623-763c-43e6-b9d1-6f1c787f6790.jpeg\",\"keywords\":[\"abjd\",\"Bolsonaro\",\"coronav\u00edrus\",\"juristas\",\"pandemia\",\"psolcontraocoronavirus\",\"tribunal penal internacional\"],\"articleSection\":[\"Not\u00edcias\"],\"inLanguage\":\"pt-BR\"},{\"@type\":\"WebPage\",\"@id\":\"https:\/\/psol50.org.br\/juristas-denunciam-bolsonaro-ao-tribunal-penal-internacional-por-colocar-milhares-de-vidas-em-risco-durante-pandemia\/\",\"url\":\"https:\/\/psol50.org.br\/juristas-denunciam-bolsonaro-ao-tribunal-penal-internacional-por-colocar-milhares-de-vidas-em-risco-durante-pandemia\/\",\"name\":\"Juristas denunciam Bolsonaro ao Tribunal Penal Internacional por colocar milhares de vidas em risco durante pandemia - PSOL 50\",\"isPartOf\":{\"@id\":\"https:\/\/psol50.org.br\/#website\"},\"primaryImageOfPage\":{\"@id\":\"https:\/\/psol50.org.br\/juristas-denunciam-bolsonaro-ao-tribunal-penal-internacional-por-colocar-milhares-de-vidas-em-risco-durante-pandemia\/#primaryimage\"},\"image\":{\"@id\":\"https:\/\/psol50.org.br\/juristas-denunciam-bolsonaro-ao-tribunal-penal-internacional-por-colocar-milhares-de-vidas-em-risco-durante-pandemia\/#primaryimage\"},\"thumbnailUrl\":\"https:\/\/psol50.org.br\/inc\/uploads\/2020\/04\/44b51623-763c-43e6-b9d1-6f1c787f6790.jpeg\",\"datePublished\":\"2020-04-03T20:42:38+00:00\",\"description\":\"De acordo com a ABJD, o Brasil possui, no atual momento, um chefe de governo e de Estado cujas atitudes s\u00e3o totalmente irrespons\u00e1veis.\",\"breadcrumb\":{\"@id\":\"https:\/\/psol50.org.br\/juristas-denunciam-bolsonaro-ao-tribunal-penal-internacional-por-colocar-milhares-de-vidas-em-risco-durante-pandemia\/#breadcrumb\"},\"inLanguage\":\"pt-BR\",\"potentialAction\":[{\"@type\":\"ReadAction\",\"target\":[\"https:\/\/psol50.org.br\/juristas-denunciam-bolsonaro-ao-tribunal-penal-internacional-por-colocar-milhares-de-vidas-em-risco-durante-pandemia\/\"]}]},{\"@type\":\"ImageObject\",\"inLanguage\":\"pt-BR\",\"@id\":\"https:\/\/psol50.org.br\/juristas-denunciam-bolsonaro-ao-tribunal-penal-internacional-por-colocar-milhares-de-vidas-em-risco-durante-pandemia\/#primaryimage\",\"url\":\"https:\/\/psol50.org.br\/inc\/uploads\/2020\/04\/44b51623-763c-43e6-b9d1-6f1c787f6790.jpeg\",\"contentUrl\":\"https:\/\/psol50.org.br\/inc\/uploads\/2020\/04\/44b51623-763c-43e6-b9d1-6f1c787f6790.jpeg\",\"width\":768,\"height\":401},{\"@type\":\"BreadcrumbList\",\"@id\":\"https:\/\/psol50.org.br\/juristas-denunciam-bolsonaro-ao-tribunal-penal-internacional-por-colocar-milhares-de-vidas-em-risco-durante-pandemia\/#breadcrumb\",\"itemListElement\":[{\"@type\":\"ListItem\",\"position\":1,\"name\":\"In\u00edcio\",\"item\":\"https:\/\/psol50.org.br\/\"},{\"@type\":\"ListItem\",\"position\":2,\"name\":\"Juristas denunciam Bolsonaro ao Tribunal Penal Internacional por colocar milhares de vidas em risco durante pandemia\"}]},{\"@type\":\"WebSite\",\"@id\":\"https:\/\/psol50.org.br\/#website\",\"url\":\"https:\/\/psol50.org.br\/\",\"name\":\"PSOL 50\",\"description\":\"Site oficial do Partido Socialismo e Liberdade\",\"publisher\":{\"@id\":\"https:\/\/psol50.org.br\/#organization\"},\"alternateName\":\"PSOL50\",\"potentialAction\":[{\"@type\":\"SearchAction\",\"target\":{\"@type\":\"EntryPoint\",\"urlTemplate\":\"https:\/\/psol50.org.br\/?s={search_term_string}\"},\"query-input\":{\"@type\":\"PropertyValueSpecification\",\"valueRequired\":true,\"valueName\":\"search_term_string\"}}],\"inLanguage\":\"pt-BR\"},{\"@type\":\"Organization\",\"@id\":\"https:\/\/psol50.org.br\/#organization\",\"name\":\"PSOL 50\",\"alternateName\":\"PSOL 50\",\"url\":\"https:\/\/psol50.org.br\/\",\"logo\":{\"@type\":\"ImageObject\",\"inLanguage\":\"pt-BR\",\"@id\":\"https:\/\/psol50.org.br\/#\/schema\/logo\/image\/\",\"url\":\"https:\/\/psol50.org.br\/inc\/uploads\/2018\/07\/capa.png\",\"contentUrl\":\"https:\/\/psol50.org.br\/inc\/uploads\/2018\/07\/capa.png\",\"width\":1350,\"height\":900,\"caption\":\"PSOL 50\"},\"image\":{\"@id\":\"https:\/\/psol50.org.br\/#\/schema\/logo\/image\/\"},\"sameAs\":[\"https:\/\/www.facebook.com\/psol50\",\"https:\/\/x.com\/psol50\",\"https:\/\/www.instagram.com\/psol50\/\",\"https:\/\/www.youtube.com\/channel\/UC7SnJS5o1os7a6CaiNabzcg\"]},{\"@type\":\"Person\",\"@id\":\"https:\/\/psol50.org.br\/#\/schema\/person\/475dfa57d0b815993c714c2e96491fcd\",\"name\":\"Comunica\u00e7\u00e3o PSOL\",\"image\":{\"@type\":\"ImageObject\",\"inLanguage\":\"pt-BR\",\"@id\":\"https:\/\/psol50.org.br\/#\/schema\/person\/image\/\",\"url\":\"https:\/\/secure.gravatar.com\/avatar\/b34fc4f4e468a4e51785917065a3db57b841f5c95dba6ad8c73aaf8f66f8f9bf?s=96&d=mm&r=g\",\"contentUrl\":\"https:\/\/secure.gravatar.com\/avatar\/b34fc4f4e468a4e51785917065a3db57b841f5c95dba6ad8c73aaf8f66f8f9bf?s=96&d=mm&r=g\",\"caption\":\"Comunica\u00e7\u00e3o PSOL\"}}]}<\/script>\n<!-- \/ Yoast SEO plugin. -->","yoast_head_json":{"title":"Juristas denunciam Bolsonaro ao Tribunal Penal Internacional por colocar milhares de vidas em risco durante pandemia - PSOL 50","description":"De acordo com a ABJD, o Brasil possui, no atual momento, um chefe de governo e de Estado cujas atitudes s\u00e3o totalmente irrespons\u00e1veis.","robots":{"index":"index","follow":"follow","max-snippet":"max-snippet:-1","max-image-preview":"max-image-preview:large","max-video-preview":"max-video-preview:-1"},"canonical":"https:\/\/psol50.org.br\/juristas-denunciam-bolsonaro-ao-tribunal-penal-internacional-por-colocar-milhares-de-vidas-em-risco-durante-pandemia\/","og_locale":"pt_BR","og_type":"article","og_title":"Juristas denunciam Bolsonaro ao Tribunal Penal Internacional por colocar milhares de vidas em risco durante pandemia","og_description":"De acordo com a ABJD, o Brasil possui, no atual momento, um chefe de governo e de Estado cujas atitudes s\u00e3o totalmente irrespons\u00e1veis.","og_url":"https:\/\/psol50.org.br\/juristas-denunciam-bolsonaro-ao-tribunal-penal-internacional-por-colocar-milhares-de-vidas-em-risco-durante-pandemia\/","og_site_name":"PSOL 50","article_publisher":"https:\/\/www.facebook.com\/psol50","article_published_time":"2020-04-03T20:42:38+00:00","og_image":[{"width":768,"height":401,"url":"https:\/\/psol50.org.br\/inc\/uploads\/2020\/04\/44b51623-763c-43e6-b9d1-6f1c787f6790.jpeg","type":"image\/jpeg"}],"author":"Comunica\u00e7\u00e3o PSOL","twitter_card":"summary_large_image","twitter_title":"Juristas denunciam Bolsonaro ao Tribunal Penal Internacional por colocar milhares de vidas em risco durante pandemia","twitter_description":"De acordo com a ABJD, o Brasil possui, no atual momento, um chefe de governo e de Estado cujas atitudes s\u00e3o totalmente irrespons\u00e1veis.","twitter_image":"https:\/\/psol50.org.br\/inc\/uploads\/2020\/04\/44b51623-763c-43e6-b9d1-6f1c787f6790.jpeg","twitter_creator":"@psol50","twitter_site":"@psol50","twitter_misc":{"Escrito por":"Comunica\u00e7\u00e3o PSOL","Est. tempo de leitura":"2 minutos"},"schema":{"@context":"https:\/\/schema.org","@graph":[{"@type":"Article","@id":"https:\/\/psol50.org.br\/juristas-denunciam-bolsonaro-ao-tribunal-penal-internacional-por-colocar-milhares-de-vidas-em-risco-durante-pandemia\/#article","isPartOf":{"@id":"https:\/\/psol50.org.br\/juristas-denunciam-bolsonaro-ao-tribunal-penal-internacional-por-colocar-milhares-de-vidas-em-risco-durante-pandemia\/"},"author":{"name":"Comunica\u00e7\u00e3o PSOL","@id":"https:\/\/psol50.org.br\/#\/schema\/person\/475dfa57d0b815993c714c2e96491fcd"},"headline":"Juristas denunciam Bolsonaro ao Tribunal Penal Internacional por colocar milhares de vidas em risco durante pandemia","datePublished":"2020-04-03T20:42:38+00:00","mainEntityOfPage":{"@id":"https:\/\/psol50.org.br\/juristas-denunciam-bolsonaro-ao-tribunal-penal-internacional-por-colocar-milhares-de-vidas-em-risco-durante-pandemia\/"},"wordCount":328,"publisher":{"@id":"https:\/\/psol50.org.br\/#organization"},"image":{"@id":"https:\/\/psol50.org.br\/juristas-denunciam-bolsonaro-ao-tribunal-penal-internacional-por-colocar-milhares-de-vidas-em-risco-durante-pandemia\/#primaryimage"},"thumbnailUrl":"https:\/\/psol50.org.br\/inc\/uploads\/2020\/04\/44b51623-763c-43e6-b9d1-6f1c787f6790.jpeg","keywords":["abjd","Bolsonaro","coronav\u00edrus","juristas","pandemia","psolcontraocoronavirus","tribunal penal internacional"],"articleSection":["Not\u00edcias"],"inLanguage":"pt-BR"},{"@type":"WebPage","@id":"https:\/\/psol50.org.br\/juristas-denunciam-bolsonaro-ao-tribunal-penal-internacional-por-colocar-milhares-de-vidas-em-risco-durante-pandemia\/","url":"https:\/\/psol50.org.br\/juristas-denunciam-bolsonaro-ao-tribunal-penal-internacional-por-colocar-milhares-de-vidas-em-risco-durante-pandemia\/","name":"Juristas denunciam Bolsonaro ao Tribunal Penal Internacional por colocar milhares de vidas em risco durante pandemia - PSOL 50","isPartOf":{"@id":"https:\/\/psol50.org.br\/#website"},"primaryImageOfPage":{"@id":"https:\/\/psol50.org.br\/juristas-denunciam-bolsonaro-ao-tribunal-penal-internacional-por-colocar-milhares-de-vidas-em-risco-durante-pandemia\/#primaryimage"},"image":{"@id":"https:\/\/psol50.org.br\/juristas-denunciam-bolsonaro-ao-tribunal-penal-internacional-por-colocar-milhares-de-vidas-em-risco-durante-pandemia\/#primaryimage"},"thumbnailUrl":"https:\/\/psol50.org.br\/inc\/uploads\/2020\/04\/44b51623-763c-43e6-b9d1-6f1c787f6790.jpeg","datePublished":"2020-04-03T20:42:38+00:00","description":"De acordo com a ABJD, o Brasil possui, no atual momento, um chefe de governo e de Estado cujas atitudes s\u00e3o totalmente irrespons\u00e1veis.","breadcrumb":{"@id":"https:\/\/psol50.org.br\/juristas-denunciam-bolsonaro-ao-tribunal-penal-internacional-por-colocar-milhares-de-vidas-em-risco-durante-pandemia\/#breadcrumb"},"inLanguage":"pt-BR","potentialAction":[{"@type":"ReadAction","target":["https:\/\/psol50.org.br\/juristas-denunciam-bolsonaro-ao-tribunal-penal-internacional-por-colocar-milhares-de-vidas-em-risco-durante-pandemia\/"]}]},{"@type":"ImageObject","inLanguage":"pt-BR","@id":"https:\/\/psol50.org.br\/juristas-denunciam-bolsonaro-ao-tribunal-penal-internacional-por-colocar-milhares-de-vidas-em-risco-durante-pandemia\/#primaryimage","url":"https:\/\/psol50.org.br\/inc\/uploads\/2020\/04\/44b51623-763c-43e6-b9d1-6f1c787f6790.jpeg","contentUrl":"https:\/\/psol50.org.br\/inc\/uploads\/2020\/04\/44b51623-763c-43e6-b9d1-6f1c787f6790.jpeg","width":768,"height":401},{"@type":"BreadcrumbList","@id":"https:\/\/psol50.org.br\/juristas-denunciam-bolsonaro-ao-tribunal-penal-internacional-por-colocar-milhares-de-vidas-em-risco-durante-pandemia\/#breadcrumb","itemListElement":[{"@type":"ListItem","position":1,"name":"In\u00edcio","item":"https:\/\/psol50.org.br\/"},{"@type":"ListItem","position":2,"name":"Juristas denunciam Bolsonaro ao Tribunal Penal Internacional por colocar milhares de vidas em risco durante pandemia"}]},{"@type":"WebSite","@id":"https:\/\/psol50.org.br\/#website","url":"https:\/\/psol50.org.br\/","name":"PSOL 50","description":"Site oficial do Partido Socialismo e Liberdade","publisher":{"@id":"https:\/\/psol50.org.br\/#organization"},"alternateName":"PSOL50","potentialAction":[{"@type":"SearchAction","target":{"@type":"EntryPoint","urlTemplate":"https:\/\/psol50.org.br\/?s={search_term_string}"},"query-input":{"@type":"PropertyValueSpecification","valueRequired":true,"valueName":"search_term_string"}}],"inLanguage":"pt-BR"},{"@type":"Organization","@id":"https:\/\/psol50.org.br\/#organization","name":"PSOL 50","alternateName":"PSOL 50","url":"https:\/\/psol50.org.br\/","logo":{"@type":"ImageObject","inLanguage":"pt-BR","@id":"https:\/\/psol50.org.br\/#\/schema\/logo\/image\/","url":"https:\/\/psol50.org.br\/inc\/uploads\/2018\/07\/capa.png","contentUrl":"https:\/\/psol50.org.br\/inc\/uploads\/2018\/07\/capa.png","width":1350,"height":900,"caption":"PSOL 50"},"image":{"@id":"https:\/\/psol50.org.br\/#\/schema\/logo\/image\/"},"sameAs":["https:\/\/www.facebook.com\/psol50","https:\/\/x.com\/psol50","https:\/\/www.instagram.com\/psol50\/","https:\/\/www.youtube.com\/channel\/UC7SnJS5o1os7a6CaiNabzcg"]},{"@type":"Person","@id":"https:\/\/psol50.org.br\/#\/schema\/person\/475dfa57d0b815993c714c2e96491fcd","name":"Comunica\u00e7\u00e3o PSOL","image":{"@type":"ImageObject","inLanguage":"pt-BR","@id":"https:\/\/psol50.org.br\/#\/schema\/person\/image\/","url":"https:\/\/secure.gravatar.com\/avatar\/b34fc4f4e468a4e51785917065a3db57b841f5c95dba6ad8c73aaf8f66f8f9bf?s=96&d=mm&r=g","contentUrl":"https:\/\/secure.gravatar.com\/avatar\/b34fc4f4e468a4e51785917065a3db57b841f5c95dba6ad8c73aaf8f66f8f9bf?s=96&d=mm&r=g","caption":"Comunica\u00e7\u00e3o PSOL"}}]}},"_links":{"self":[{"href":"https:\/\/psol50.org.br\/rest\/wp\/v2\/posts\/28136","targetHints":{"allow":["GET"]}}],"collection":[{"href":"https:\/\/psol50.org.br\/rest\/wp\/v2\/posts"}],"about":[{"href":"https:\/\/psol50.org.br\/rest\/wp\/v2\/types\/post"}],"author":[{"embeddable":true,"href":"https:\/\/psol50.org.br\/rest\/wp\/v2\/users\/2"}],"replies":[{"embeddable":true,"href":"https:\/\/psol50.org.br\/rest\/wp\/v2\/comments?post=28136"}],"version-history":[{"count":0,"href":"https:\/\/psol50.org.br\/rest\/wp\/v2\/posts\/28136\/revisions"}],"wp:featuredmedia":[{"embeddable":true,"href":"https:\/\/psol50.org.br\/rest\/wp\/v2\/media\/28088"}],"wp:attachment":[{"href":"https:\/\/psol50.org.br\/rest\/wp\/v2\/media?parent=28136"}],"wp:term":[{"taxonomy":"category","embeddable":true,"href":"https:\/\/psol50.org.br\/rest\/wp\/v2\/categories?post=28136"},{"taxonomy":"post_tag","embeddable":true,"href":"https:\/\/psol50.org.br\/rest\/wp\/v2\/tags?post=28136"}],"curies":[{"name":"wp","href":"https:\/\/api.w.org\/{rel}","templated":true}]}}