{"id":2815,"date":"2014-06-18T00:00:00","date_gmt":"2014-06-18T16:22:55","guid":{"rendered":"http:\/\/psol50.org.br\/arquivo\/2014\/06\/18\/professor-tarcisio-motta-sera-o-candidato-do-psol-ao-governo-do-rio\/"},"modified":"2014-06-18T00:00:00","modified_gmt":"2014-06-18T16:22:55","slug":"professor-tarcisio-motta-sera-o-candidato-do-psol-ao-governo-do-rio","status":"publish","type":"post","link":"https:\/\/psol50.org.br\/professor-tarcisio-motta-sera-o-candidato-do-psol-ao-governo-do-rio\/","title":{"rendered":"Professor Tarc\u00edsio Motta ser\u00e1 o candidato do PSOL ao Governo do Rio"},"content":{"rendered":"<div style=\"text-align: justify;\">\n\tEm Conven\u00e7\u00e3o Estadual, na \u00faltima sexta-feira (13), os militantes do PSOL do Rio de Janeiro reafirmaram o nome do professor do Col\u00e9gio Pedro 2\u00ba Tarc\u00edsio Motta como o candidato do partido ao Governo do Estado. O diretor do Sintuff (Sindicato dos Trabalhadores em Educa\u00e7\u00e3o da Universidade Federal Fluminense) Pedro Rosa ser\u00e1 o candidato ao Senado Federal. J\u00e1 o deputado estadual Marcelo Freixo, uma das principais lideran\u00e7as do partido tanto no Rio de Janeiro como em n\u00edvel nacional, anunciou sua candidatura \u00e0 reelei\u00e7\u00e3o, defendendo uma campanha que dialogue com os setores insatisfeitos com os atuais governos.<\/p>\n<p>\tEm discurso, o candidato Tarc\u00edsio Motta se apresentou como uma alternativa contr\u00e1ria aos outros candidatos ao governo que, na sua opini\u00e3o, s\u00e3o todos &#8220;Cabrais&#8221;, fazendo refer\u00eancia ao ex-governador S\u00e9rgio Cabral (PMDB).<br \/>\n\t\u00a0<br \/>\n\t\u201cOs outros candidatos s\u00e3o mais do mesmo. Eu venho para questionar o modelo de desenvolvimento que privilegia o lucro das grandes empresas. Vou valorizar os direitos da popula\u00e7\u00e3o por uma educa\u00e7\u00e3o de qualidade, investindo nos sal\u00e1rios dos professores, na autonomia pedag\u00f3gica\u201d, defendeu Motta, em entrevista ao jornal O Globo.<br \/>\n\t\u00a0<br \/>\n\tEm todos as falas e entrevistas concedidas logo ap\u00f3s a homologa\u00e7\u00e3o do seu nome ao Pal\u00e1cio da Guanabara, Tarc\u00edsio Motta defendeu o entendimento do PSOL de combater a militariza\u00e7\u00e3o do Estado. Defendeu ainda que o Rio tem verba p\u00fablica para investir em servi\u00e7os b\u00e1sicos em \u00e1reas mais pobres do Estado, para, a longo prazo, diminuir a desigualdade social e, consequentemente, reduzir os \u00edndices de viol\u00eancia.<\/p>\n<p>\t\u201cA UPP militariza a vida das pessoas, por isso est\u00e1 em crise. O Estado tem que chegar com saneamento, sa\u00fade, educa\u00e7\u00e3o, al\u00e9m de pensar o rio inteiro, incluindo a regi\u00e3o metropolitana e o interior. O Rio tem dinheiro para isso. As receitas correntes do estado dobraram nos \u00faltimos sete anos. A quest\u00e3o \u00e9 para onde essa verba est\u00e1 sendo canalizada\u201d, disse.<br \/>\n\t\u00a0<\/div>\n<p>\u00a0<br \/>\n\u00a0<\/p>\n","protected":false},"excerpt":{"rendered":"<p>Em Conven\u00e7\u00e3o Estadual, na \u00faltima sexta-feira (13), os militantes do PSOL do Rio de Janeiro reafirmaram o nome do professor do Col\u00e9gio Pedro 2\u00ba Tarc\u00edsio Motta como o candidato do partido ao Governo do Estado. O diretor do Sintuff (Sindicato dos Trabalhadores em Educa\u00e7\u00e3o da Universidade Federal Fluminense) Pedro Rosa ser\u00e1 o candidato ao Senado [&hellip;]<\/p>\n","protected":false},"author":2,"featured_media":0,"comment_status":"open","ping_status":"open","sticky":false,"template":"","format":"standard","meta":{"_acf_changed":false,"footnotes":""},"categories":[4766,4960,6],"tags":[2506,22],"class_list":{"0":"post-2815","1":"post","2":"type-post","3":"status-publish","4":"format-standard","6":"category-arquivo","7":"category-eleicoes-2014","8":"category-noticias","9":"tag-eleicoes-2014","10":"tag-psol"},"acf":[],"yoast_head":"<!-- This site is optimized with the Yoast SEO plugin v26.5 - https:\/\/yoast.com\/wordpress\/plugins\/seo\/ -->\n<title>Professor Tarc\u00edsio Motta ser\u00e1 o candidato do PSOL ao Governo do Rio - PSOL 50<\/title>\n<meta name=\"robots\" content=\"index, follow, max-snippet:-1, max-image-preview:large, max-video-preview:-1\" \/>\n<link rel=\"canonical\" href=\"https:\/\/psol50.org.br\/professor-tarcisio-motta-sera-o-candidato-do-psol-ao-governo-do-rio\/\" \/>\n<meta property=\"og:locale\" content=\"pt_BR\" \/>\n<meta property=\"og:type\" content=\"article\" \/>\n<meta property=\"og:title\" content=\"Professor Tarc\u00edsio Motta ser\u00e1 o candidato do PSOL ao Governo do Rio - PSOL 50\" \/>\n<meta property=\"og:description\" content=\"Em Conven\u00e7\u00e3o Estadual, na \u00faltima sexta-feira (13), os militantes do PSOL do Rio de Janeiro reafirmaram o nome do professor do Col\u00e9gio Pedro 2\u00ba Tarc\u00edsio Motta como o candidato do partido ao Governo do Estado. O diretor do Sintuff (Sindicato dos Trabalhadores em Educa\u00e7\u00e3o da Universidade Federal Fluminense) Pedro Rosa ser\u00e1 o candidato ao Senado [&hellip;]\" \/>\n<meta property=\"og:url\" content=\"https:\/\/psol50.org.br\/professor-tarcisio-motta-sera-o-candidato-do-psol-ao-governo-do-rio\/\" \/>\n<meta property=\"og:site_name\" content=\"PSOL 50\" \/>\n<meta property=\"article:publisher\" content=\"https:\/\/www.facebook.com\/psol50\" \/>\n<meta property=\"article:published_time\" content=\"2014-06-18T16:22:55+00:00\" \/>\n<meta property=\"og:image\" content=\"https:\/\/psol50.org.br\/inc\/uploads\/2018\/07\/capa.png\" \/>\n\t<meta property=\"og:image:width\" content=\"1350\" \/>\n\t<meta property=\"og:image:height\" content=\"900\" \/>\n\t<meta property=\"og:image:type\" content=\"image\/png\" \/>\n<meta name=\"author\" content=\"Comunica\u00e7\u00e3o PSOL\" \/>\n<meta name=\"twitter:card\" content=\"summary_large_image\" \/>\n<meta name=\"twitter:creator\" content=\"@psol50\" \/>\n<meta name=\"twitter:site\" content=\"@psol50\" \/>\n<meta name=\"twitter:label1\" content=\"Escrito por\" \/>\n\t<meta name=\"twitter:data1\" content=\"Comunica\u00e7\u00e3o PSOL\" \/>\n\t<meta name=\"twitter:label2\" content=\"Est. tempo de leitura\" \/>\n\t<meta name=\"twitter:data2\" content=\"2 minutos\" \/>\n<script type=\"application\/ld+json\" class=\"yoast-schema-graph\">{\"@context\":\"https:\/\/schema.org\",\"@graph\":[{\"@type\":\"Article\",\"@id\":\"https:\/\/psol50.org.br\/professor-tarcisio-motta-sera-o-candidato-do-psol-ao-governo-do-rio\/#article\",\"isPartOf\":{\"@id\":\"https:\/\/psol50.org.br\/professor-tarcisio-motta-sera-o-candidato-do-psol-ao-governo-do-rio\/\"},\"author\":{\"name\":\"Comunica\u00e7\u00e3o PSOL\",\"@id\":\"https:\/\/psol50.org.br\/#\/schema\/person\/475dfa57d0b815993c714c2e96491fcd\"},\"headline\":\"Professor Tarc\u00edsio Motta ser\u00e1 o candidato do PSOL ao Governo do Rio\",\"datePublished\":\"2014-06-18T16:22:55+00:00\",\"mainEntityOfPage\":{\"@id\":\"https:\/\/psol50.org.br\/professor-tarcisio-motta-sera-o-candidato-do-psol-ao-governo-do-rio\/\"},\"wordCount\":342,\"commentCount\":0,\"publisher\":{\"@id\":\"https:\/\/psol50.org.br\/#organization\"},\"keywords\":[\"elei\u00e7\u00f5es 2014\",\"PSOL\"],\"articleSection\":[\"Arquivo\",\"ELEI\u00c7\u00d5ES 2014\",\"Not\u00edcias\"],\"inLanguage\":\"pt-BR\",\"potentialAction\":[{\"@type\":\"CommentAction\",\"name\":\"Comment\",\"target\":[\"https:\/\/psol50.org.br\/professor-tarcisio-motta-sera-o-candidato-do-psol-ao-governo-do-rio\/#respond\"]}]},{\"@type\":\"WebPage\",\"@id\":\"https:\/\/psol50.org.br\/professor-tarcisio-motta-sera-o-candidato-do-psol-ao-governo-do-rio\/\",\"url\":\"https:\/\/psol50.org.br\/professor-tarcisio-motta-sera-o-candidato-do-psol-ao-governo-do-rio\/\",\"name\":\"Professor Tarc\u00edsio Motta ser\u00e1 o candidato do PSOL ao Governo do Rio - PSOL 50\",\"isPartOf\":{\"@id\":\"https:\/\/psol50.org.br\/#website\"},\"datePublished\":\"2014-06-18T16:22:55+00:00\",\"breadcrumb\":{\"@id\":\"https:\/\/psol50.org.br\/professor-tarcisio-motta-sera-o-candidato-do-psol-ao-governo-do-rio\/#breadcrumb\"},\"inLanguage\":\"pt-BR\",\"potentialAction\":[{\"@type\":\"ReadAction\",\"target\":[\"https:\/\/psol50.org.br\/professor-tarcisio-motta-sera-o-candidato-do-psol-ao-governo-do-rio\/\"]}]},{\"@type\":\"BreadcrumbList\",\"@id\":\"https:\/\/psol50.org.br\/professor-tarcisio-motta-sera-o-candidato-do-psol-ao-governo-do-rio\/#breadcrumb\",\"itemListElement\":[{\"@type\":\"ListItem\",\"position\":1,\"name\":\"In\u00edcio\",\"item\":\"https:\/\/psol50.org.br\/\"},{\"@type\":\"ListItem\",\"position\":2,\"name\":\"Professor Tarc\u00edsio Motta ser\u00e1 o candidato do PSOL ao Governo do Rio\"}]},{\"@type\":\"WebSite\",\"@id\":\"https:\/\/psol50.org.br\/#website\",\"url\":\"https:\/\/psol50.org.br\/\",\"name\":\"PSOL 50\",\"description\":\"Site oficial do Partido Socialismo e Liberdade\",\"publisher\":{\"@id\":\"https:\/\/psol50.org.br\/#organization\"},\"alternateName\":\"PSOL50\",\"potentialAction\":[{\"@type\":\"SearchAction\",\"target\":{\"@type\":\"EntryPoint\",\"urlTemplate\":\"https:\/\/psol50.org.br\/?s={search_term_string}\"},\"query-input\":{\"@type\":\"PropertyValueSpecification\",\"valueRequired\":true,\"valueName\":\"search_term_string\"}}],\"inLanguage\":\"pt-BR\"},{\"@type\":\"Organization\",\"@id\":\"https:\/\/psol50.org.br\/#organization\",\"name\":\"PSOL 50\",\"alternateName\":\"PSOL 50\",\"url\":\"https:\/\/psol50.org.br\/\",\"logo\":{\"@type\":\"ImageObject\",\"inLanguage\":\"pt-BR\",\"@id\":\"https:\/\/psol50.org.br\/#\/schema\/logo\/image\/\",\"url\":\"https:\/\/psol50.org.br\/inc\/uploads\/2018\/07\/capa.png\",\"contentUrl\":\"https:\/\/psol50.org.br\/inc\/uploads\/2018\/07\/capa.png\",\"width\":1350,\"height\":900,\"caption\":\"PSOL 50\"},\"image\":{\"@id\":\"https:\/\/psol50.org.br\/#\/schema\/logo\/image\/\"},\"sameAs\":[\"https:\/\/www.facebook.com\/psol50\",\"https:\/\/x.com\/psol50\",\"https:\/\/www.instagram.com\/psol50\/\",\"https:\/\/www.youtube.com\/channel\/UC7SnJS5o1os7a6CaiNabzcg\"]},{\"@type\":\"Person\",\"@id\":\"https:\/\/psol50.org.br\/#\/schema\/person\/475dfa57d0b815993c714c2e96491fcd\",\"name\":\"Comunica\u00e7\u00e3o PSOL\",\"image\":{\"@type\":\"ImageObject\",\"inLanguage\":\"pt-BR\",\"@id\":\"https:\/\/psol50.org.br\/#\/schema\/person\/image\/\",\"url\":\"https:\/\/secure.gravatar.com\/avatar\/b34fc4f4e468a4e51785917065a3db57b841f5c95dba6ad8c73aaf8f66f8f9bf?s=96&d=mm&r=g\",\"contentUrl\":\"https:\/\/secure.gravatar.com\/avatar\/b34fc4f4e468a4e51785917065a3db57b841f5c95dba6ad8c73aaf8f66f8f9bf?s=96&d=mm&r=g\",\"caption\":\"Comunica\u00e7\u00e3o PSOL\"}}]}<\/script>\n<!-- \/ Yoast SEO plugin. -->","yoast_head_json":{"title":"Professor Tarc\u00edsio Motta ser\u00e1 o candidato do PSOL ao Governo do Rio - PSOL 50","robots":{"index":"index","follow":"follow","max-snippet":"max-snippet:-1","max-image-preview":"max-image-preview:large","max-video-preview":"max-video-preview:-1"},"canonical":"https:\/\/psol50.org.br\/professor-tarcisio-motta-sera-o-candidato-do-psol-ao-governo-do-rio\/","og_locale":"pt_BR","og_type":"article","og_title":"Professor Tarc\u00edsio Motta ser\u00e1 o candidato do PSOL ao Governo do Rio - PSOL 50","og_description":"Em Conven\u00e7\u00e3o Estadual, na \u00faltima sexta-feira (13), os militantes do PSOL do Rio de Janeiro reafirmaram o nome do professor do Col\u00e9gio Pedro 2\u00ba Tarc\u00edsio Motta como o candidato do partido ao Governo do Estado. O diretor do Sintuff (Sindicato dos Trabalhadores em Educa\u00e7\u00e3o da Universidade Federal Fluminense) Pedro Rosa ser\u00e1 o candidato ao Senado [&hellip;]","og_url":"https:\/\/psol50.org.br\/professor-tarcisio-motta-sera-o-candidato-do-psol-ao-governo-do-rio\/","og_site_name":"PSOL 50","article_publisher":"https:\/\/www.facebook.com\/psol50","article_published_time":"2014-06-18T16:22:55+00:00","og_image":[{"width":1350,"height":900,"url":"https:\/\/psol50.org.br\/inc\/uploads\/2018\/07\/capa.png","type":"image\/png"}],"author":"Comunica\u00e7\u00e3o PSOL","twitter_card":"summary_large_image","twitter_creator":"@psol50","twitter_site":"@psol50","twitter_misc":{"Escrito por":"Comunica\u00e7\u00e3o PSOL","Est. tempo de leitura":"2 minutos"},"schema":{"@context":"https:\/\/schema.org","@graph":[{"@type":"Article","@id":"https:\/\/psol50.org.br\/professor-tarcisio-motta-sera-o-candidato-do-psol-ao-governo-do-rio\/#article","isPartOf":{"@id":"https:\/\/psol50.org.br\/professor-tarcisio-motta-sera-o-candidato-do-psol-ao-governo-do-rio\/"},"author":{"name":"Comunica\u00e7\u00e3o PSOL","@id":"https:\/\/psol50.org.br\/#\/schema\/person\/475dfa57d0b815993c714c2e96491fcd"},"headline":"Professor Tarc\u00edsio Motta ser\u00e1 o candidato do PSOL ao Governo do Rio","datePublished":"2014-06-18T16:22:55+00:00","mainEntityOfPage":{"@id":"https:\/\/psol50.org.br\/professor-tarcisio-motta-sera-o-candidato-do-psol-ao-governo-do-rio\/"},"wordCount":342,"commentCount":0,"publisher":{"@id":"https:\/\/psol50.org.br\/#organization"},"keywords":["elei\u00e7\u00f5es 2014","PSOL"],"articleSection":["Arquivo","ELEI\u00c7\u00d5ES 2014","Not\u00edcias"],"inLanguage":"pt-BR","potentialAction":[{"@type":"CommentAction","name":"Comment","target":["https:\/\/psol50.org.br\/professor-tarcisio-motta-sera-o-candidato-do-psol-ao-governo-do-rio\/#respond"]}]},{"@type":"WebPage","@id":"https:\/\/psol50.org.br\/professor-tarcisio-motta-sera-o-candidato-do-psol-ao-governo-do-rio\/","url":"https:\/\/psol50.org.br\/professor-tarcisio-motta-sera-o-candidato-do-psol-ao-governo-do-rio\/","name":"Professor Tarc\u00edsio Motta ser\u00e1 o candidato do PSOL ao Governo do Rio - PSOL 50","isPartOf":{"@id":"https:\/\/psol50.org.br\/#website"},"datePublished":"2014-06-18T16:22:55+00:00","breadcrumb":{"@id":"https:\/\/psol50.org.br\/professor-tarcisio-motta-sera-o-candidato-do-psol-ao-governo-do-rio\/#breadcrumb"},"inLanguage":"pt-BR","potentialAction":[{"@type":"ReadAction","target":["https:\/\/psol50.org.br\/professor-tarcisio-motta-sera-o-candidato-do-psol-ao-governo-do-rio\/"]}]},{"@type":"BreadcrumbList","@id":"https:\/\/psol50.org.br\/professor-tarcisio-motta-sera-o-candidato-do-psol-ao-governo-do-rio\/#breadcrumb","itemListElement":[{"@type":"ListItem","position":1,"name":"In\u00edcio","item":"https:\/\/psol50.org.br\/"},{"@type":"ListItem","position":2,"name":"Professor Tarc\u00edsio Motta ser\u00e1 o candidato do PSOL ao Governo do Rio"}]},{"@type":"WebSite","@id":"https:\/\/psol50.org.br\/#website","url":"https:\/\/psol50.org.br\/","name":"PSOL 50","description":"Site oficial do Partido Socialismo e Liberdade","publisher":{"@id":"https:\/\/psol50.org.br\/#organization"},"alternateName":"PSOL50","potentialAction":[{"@type":"SearchAction","target":{"@type":"EntryPoint","urlTemplate":"https:\/\/psol50.org.br\/?s={search_term_string}"},"query-input":{"@type":"PropertyValueSpecification","valueRequired":true,"valueName":"search_term_string"}}],"inLanguage":"pt-BR"},{"@type":"Organization","@id":"https:\/\/psol50.org.br\/#organization","name":"PSOL 50","alternateName":"PSOL 50","url":"https:\/\/psol50.org.br\/","logo":{"@type":"ImageObject","inLanguage":"pt-BR","@id":"https:\/\/psol50.org.br\/#\/schema\/logo\/image\/","url":"https:\/\/psol50.org.br\/inc\/uploads\/2018\/07\/capa.png","contentUrl":"https:\/\/psol50.org.br\/inc\/uploads\/2018\/07\/capa.png","width":1350,"height":900,"caption":"PSOL 50"},"image":{"@id":"https:\/\/psol50.org.br\/#\/schema\/logo\/image\/"},"sameAs":["https:\/\/www.facebook.com\/psol50","https:\/\/x.com\/psol50","https:\/\/www.instagram.com\/psol50\/","https:\/\/www.youtube.com\/channel\/UC7SnJS5o1os7a6CaiNabzcg"]},{"@type":"Person","@id":"https:\/\/psol50.org.br\/#\/schema\/person\/475dfa57d0b815993c714c2e96491fcd","name":"Comunica\u00e7\u00e3o PSOL","image":{"@type":"ImageObject","inLanguage":"pt-BR","@id":"https:\/\/psol50.org.br\/#\/schema\/person\/image\/","url":"https:\/\/secure.gravatar.com\/avatar\/b34fc4f4e468a4e51785917065a3db57b841f5c95dba6ad8c73aaf8f66f8f9bf?s=96&d=mm&r=g","contentUrl":"https:\/\/secure.gravatar.com\/avatar\/b34fc4f4e468a4e51785917065a3db57b841f5c95dba6ad8c73aaf8f66f8f9bf?s=96&d=mm&r=g","caption":"Comunica\u00e7\u00e3o PSOL"}}]}},"_links":{"self":[{"href":"https:\/\/psol50.org.br\/rest\/wp\/v2\/posts\/2815","targetHints":{"allow":["GET"]}}],"collection":[{"href":"https:\/\/psol50.org.br\/rest\/wp\/v2\/posts"}],"about":[{"href":"https:\/\/psol50.org.br\/rest\/wp\/v2\/types\/post"}],"author":[{"embeddable":true,"href":"https:\/\/psol50.org.br\/rest\/wp\/v2\/users\/2"}],"replies":[{"embeddable":true,"href":"https:\/\/psol50.org.br\/rest\/wp\/v2\/comments?post=2815"}],"version-history":[{"count":0,"href":"https:\/\/psol50.org.br\/rest\/wp\/v2\/posts\/2815\/revisions"}],"wp:attachment":[{"href":"https:\/\/psol50.org.br\/rest\/wp\/v2\/media?parent=2815"}],"wp:term":[{"taxonomy":"category","embeddable":true,"href":"https:\/\/psol50.org.br\/rest\/wp\/v2\/categories?post=2815"},{"taxonomy":"post_tag","embeddable":true,"href":"https:\/\/psol50.org.br\/rest\/wp\/v2\/tags?post=2815"}],"curies":[{"name":"wp","href":"https:\/\/api.w.org\/{rel}","templated":true}]}}