{"id":28152,"date":"2020-04-06T10:22:33","date_gmt":"2020-04-06T13:22:33","guid":{"rendered":"https:\/\/psol50.org.br\/?p=28152"},"modified":"2020-04-06T10:22:33","modified_gmt":"2020-04-06T13:22:33","slug":"psol-e-partidos-de-oposicao-acionam-stf-para-derrubar-mp-de-bolsonaro-que-libera-o-corte-de-salarios","status":"publish","type":"post","link":"https:\/\/psol50.org.br\/psol-e-partidos-de-oposicao-acionam-stf-para-derrubar-mp-de-bolsonaro-que-libera-o-corte-de-salarios\/","title":{"rendered":"PSOL e partidos de oposi\u00e7\u00e3o acionam STF para derrubar MP de Bolsonaro que libera o corte de sal\u00e1rios"},"content":{"rendered":"<p><a href=\"https:\/\/psol50.org.br\/coronavirus\/\" target=\"_blank\" rel=\"noopener noreferrer\"><img loading=\"lazy\" decoding=\"async\" class=\"alignnone size-full wp-image-27838\" src=\"https:\/\/psol50.org.br\/inc\/uploads\/2020\/03\/Banner-Site_3.png\" alt=\"\" width=\"1240\" height=\"331\" srcset=\"https:\/\/psol50.org.br\/inc\/uploads\/2020\/03\/Banner-Site_3.png 1240w, https:\/\/psol50.org.br\/inc\/uploads\/2020\/03\/Banner-Site_3-300x80.png 300w, https:\/\/psol50.org.br\/inc\/uploads\/2020\/03\/Banner-Site_3-1024x273.png 1024w, https:\/\/psol50.org.br\/inc\/uploads\/2020\/03\/Banner-Site_3-768x205.png 768w, https:\/\/psol50.org.br\/inc\/uploads\/2020\/03\/Banner-Site_3-150x40.png 150w, https:\/\/psol50.org.br\/inc\/uploads\/2020\/03\/Banner-Site_3-696x186.png 696w, https:\/\/psol50.org.br\/inc\/uploads\/2020\/03\/Banner-Site_3-1068x285.png 1068w\" sizes=\"auto, (max-width: 1240px) 100vw, 1240px\" \/><\/a><\/p>\n<p>O PSOL, ao lado do PT, PCdoB e PSB, partidos de oposi\u00e7\u00e3o ao governo de Jair Bolsonaro, enviou uma <strong><a href=\"https:\/\/psol50.org.br\/inc\/uploads\/2020\/04\/adimp936.pdf\" target=\"_blank\" rel=\"noopener noreferrer\">A\u00e7\u00e3o Direta de Inconstitucionalidade (ADI) ao Supremo Tribunal Federal (STF) contra a Medida Provis\u00f3ria 936<\/a><\/strong>, assinada por Bolsonaro e que as empresas reduzam jornadas de trabalho e cortem at\u00e9 100% do sal\u00e1rio dos trabalhadores. Na MP, o governo compensa parte insuficiente das perdas com uma parcela de at\u00e9 70% do valor do seguro-desemprego, dependendo do tamanho do corte salarial.<\/p>\n<p>A a\u00e7\u00e3o, enviada ao STF na noite da \u00faltima sexta-feira (3), afirma que as medidas adotadas pelo governo\u00a0Bolsonaro, ao contr\u00e1rio do que ocorre no restante do mundo, diminuem o sal\u00e1rio e a renda dos trabalhadores, uma vez que o valor m\u00e1ximo pago pelo seguro-desemprego, utilizado como base de c\u00e1lculo, n\u00e3o \u00e9 capaz de manter a subsist\u00eancia das fam\u00edlias, o que viola a Constitui\u00e7\u00e3o Federal. Al\u00e9m disso, tamb\u00e9m trazem em sua manifesta\u00e7\u00e3o que a possibilidade de acordo individual entre empregado e empregador para fins de redu\u00e7\u00e3o salarial representa um viola\u00e7\u00e3o \u00e0 Constitui\u00e7\u00e3o da Rep\u00fablica, que exige a intermedia\u00e7\u00e3o dos\u00a0sindicatos\u00a0na negocia\u00e7\u00e3o.<\/p>\n<p>Os partidos tamb\u00e9m solicitaram uma decis\u00e3o da corte em car\u00e1ter liminar para suspender os efeitos da MP, que j\u00e1 est\u00e1 valendo desde o dia 1\u00ba de abril.<\/p>\n<p>Os partidos alegam que o governo tem alocado a maior parte dos efeitos da crise nos trabalhadores, permitindo redu\u00e7\u00f5es de sal\u00e1rio e suspens\u00f5es do contrato de trabalho, enquanto destina recursos muito mais amplos ao sistema financeiro.\u00a0A a\u00e7\u00e3o protocolada hoje no STF, deve ter seu pedido de liminar analisado pelo ministro\u00a0Ricardo Lewandowski.<\/p>\n<p>A oposi\u00e7\u00e3o argumenta que o governo viola ainda o artigo 6\u00ba da Constitui\u00e7\u00e3o, que assegura como direitos sociais \u201ca\u00a0educa\u00e7\u00e3o, a\u00a0sa\u00fade, a alimenta\u00e7\u00e3o, o trabalho, a moradia, o\u00a0transporte, o lazer, a seguran\u00e7a, a\u00a0previd\u00eancia\u00a0social, a prote\u00e7\u00e3o \u00e0 maternidade e \u00e0 inf\u00e2ncia e a assist\u00eancia aos desamparados\u201d. \u201cA MP 936 ao inv\u00e9s de cumprir o mandamento constitucional de assistir aos desamparados, desampara sem dar o m\u00ednimo de assist\u00eancia\u201d, ressalta. \u201c\u00c9 a invers\u00e3o de todos os valores constitucionais vigentes\u201d.<\/p>\n","protected":false},"excerpt":{"rendered":"<p>O PSOL, ao lado do PT, PCdoB e PSB, partidos de oposi\u00e7\u00e3o ao governo de Jair Bolsonaro, enviou uma A\u00e7\u00e3o Direta de Inconstitucionalidade (ADI) ao Supremo Tribunal Federal (STF) contra a Medida Provis\u00f3ria 936, assinada por Bolsonaro e que as empresas reduzam jornadas de trabalho e cortem at\u00e9 100% do sal\u00e1rio dos trabalhadores. Na MP, [&hellip;]<\/p>\n","protected":false},"author":2,"featured_media":26219,"comment_status":"closed","ping_status":"open","sticky":false,"template":"","format":"standard","meta":{"_acf_changed":false,"footnotes":""},"categories":[6],"tags":[133,474,315,316,318,22,366,319,416,475],"class_list":{"0":"post-28152","1":"post","2":"type-post","3":"status-publish","4":"format-standard","5":"has-post-thumbnail","7":"category-noticias","8":"tag-empresas","9":"tag-mp","10":"tag-oposicao","11":"tag-pcdob","12":"tag-psb","13":"tag-psol","14":"tag-psolcontraocoronavirus","15":"tag-pt","16":"tag-salarios","17":"tag-seguro-desemprego"},"acf":[],"yoast_head":"<!-- This site is optimized with the Yoast SEO plugin v26.5 - https:\/\/yoast.com\/wordpress\/plugins\/seo\/ -->\n<title>PSOL e partidos de oposi\u00e7\u00e3o acionam STF para derrubar MP de Bolsonaro que libera o corte de sal\u00e1rios<\/title>\n<meta name=\"description\" content=\"Na MP, as empresas podem reduzir jornadas de trabalho e cortar at\u00e9 100% dos sal\u00e1rios e o governo compensa parte insuficiente das perdas.\" \/>\n<meta name=\"robots\" content=\"index, follow, max-snippet:-1, max-image-preview:large, max-video-preview:-1\" \/>\n<link rel=\"canonical\" href=\"https:\/\/psol50.org.br\/psol-e-partidos-de-oposicao-acionam-stf-para-derrubar-mp-de-bolsonaro-que-libera-o-corte-de-salarios\/\" \/>\n<meta property=\"og:locale\" content=\"pt_BR\" \/>\n<meta property=\"og:type\" content=\"article\" \/>\n<meta property=\"og:title\" content=\"PSOL e partidos de oposi\u00e7\u00e3o acionam STF para derrubar MP de Bolsonaro que libera o corte de sal\u00e1rios\" \/>\n<meta property=\"og:description\" content=\"Na MP, as empresas podem reduzir jornadas de trabalho e cortar at\u00e9 100% dos sal\u00e1rios e o governo compensa parte insuficiente das perdas.\" \/>\n<meta property=\"og:url\" content=\"https:\/\/psol50.org.br\/psol-e-partidos-de-oposicao-acionam-stf-para-derrubar-mp-de-bolsonaro-que-libera-o-corte-de-salarios\/\" \/>\n<meta property=\"og:site_name\" content=\"PSOL 50\" \/>\n<meta property=\"article:publisher\" content=\"https:\/\/www.facebook.com\/psol50\" \/>\n<meta property=\"article:published_time\" content=\"2020-04-06T13:22:33+00:00\" \/>\n<meta property=\"og:image\" content=\"https:\/\/psol50.org.br\/inc\/uploads\/2019\/08\/Bolsonaro.Guedes.Valter-CampanatoAg.-Brasil.jpg\" \/>\n\t<meta property=\"og:image:width\" content=\"1140\" \/>\n\t<meta property=\"og:image:height\" content=\"760\" \/>\n\t<meta property=\"og:image:type\" content=\"image\/jpeg\" \/>\n<meta name=\"author\" content=\"Comunica\u00e7\u00e3o PSOL\" \/>\n<meta name=\"twitter:card\" content=\"summary_large_image\" \/>\n<meta name=\"twitter:title\" content=\"PSOL e partidos de oposi\u00e7\u00e3o acionam STF para derrubar MP de Bolsonaro que libera o corte de sal\u00e1rios\" \/>\n<meta name=\"twitter:description\" content=\"Na MP, as empresas podem reduzir jornadas de trabalho e cortar at\u00e9 100% dos sal\u00e1rios e o governo compensa parte insuficiente das perdas.\" \/>\n<meta name=\"twitter:image\" content=\"https:\/\/psol50.org.br\/inc\/uploads\/2019\/08\/Bolsonaro.Guedes.Valter-CampanatoAg.-Brasil.jpg\" \/>\n<meta name=\"twitter:creator\" content=\"@psol50\" \/>\n<meta name=\"twitter:site\" content=\"@psol50\" \/>\n<meta name=\"twitter:label1\" content=\"Escrito por\" \/>\n\t<meta name=\"twitter:data1\" content=\"Comunica\u00e7\u00e3o PSOL\" \/>\n\t<meta name=\"twitter:label2\" content=\"Est. tempo de leitura\" \/>\n\t<meta name=\"twitter:data2\" content=\"2 minutos\" \/>\n<script type=\"application\/ld+json\" class=\"yoast-schema-graph\">{\"@context\":\"https:\/\/schema.org\",\"@graph\":[{\"@type\":\"Article\",\"@id\":\"https:\/\/psol50.org.br\/psol-e-partidos-de-oposicao-acionam-stf-para-derrubar-mp-de-bolsonaro-que-libera-o-corte-de-salarios\/#article\",\"isPartOf\":{\"@id\":\"https:\/\/psol50.org.br\/psol-e-partidos-de-oposicao-acionam-stf-para-derrubar-mp-de-bolsonaro-que-libera-o-corte-de-salarios\/\"},\"author\":{\"name\":\"Comunica\u00e7\u00e3o PSOL\",\"@id\":\"https:\/\/psol50.org.br\/#\/schema\/person\/475dfa57d0b815993c714c2e96491fcd\"},\"headline\":\"PSOL e partidos de oposi\u00e7\u00e3o acionam STF para derrubar MP de Bolsonaro que libera o corte de sal\u00e1rios\",\"datePublished\":\"2020-04-06T13:22:33+00:00\",\"mainEntityOfPage\":{\"@id\":\"https:\/\/psol50.org.br\/psol-e-partidos-de-oposicao-acionam-stf-para-derrubar-mp-de-bolsonaro-que-libera-o-corte-de-salarios\/\"},\"wordCount\":391,\"publisher\":{\"@id\":\"https:\/\/psol50.org.br\/#organization\"},\"image\":{\"@id\":\"https:\/\/psol50.org.br\/psol-e-partidos-de-oposicao-acionam-stf-para-derrubar-mp-de-bolsonaro-que-libera-o-corte-de-salarios\/#primaryimage\"},\"thumbnailUrl\":\"https:\/\/psol50.org.br\/inc\/uploads\/2019\/08\/Bolsonaro.Guedes.Valter-CampanatoAg.-Brasil.jpg\",\"keywords\":[\"empresas\",\"MP\",\"Oposi\u00e7\u00e3o\",\"PCdoB\",\"PSB\",\"PSOL\",\"psolcontraocoronavirus\",\"PT\",\"sal\u00e1rios\",\"seguro-desemprego\"],\"articleSection\":[\"Not\u00edcias\"],\"inLanguage\":\"pt-BR\"},{\"@type\":\"WebPage\",\"@id\":\"https:\/\/psol50.org.br\/psol-e-partidos-de-oposicao-acionam-stf-para-derrubar-mp-de-bolsonaro-que-libera-o-corte-de-salarios\/\",\"url\":\"https:\/\/psol50.org.br\/psol-e-partidos-de-oposicao-acionam-stf-para-derrubar-mp-de-bolsonaro-que-libera-o-corte-de-salarios\/\",\"name\":\"PSOL e partidos de oposi\u00e7\u00e3o acionam STF para derrubar MP de Bolsonaro que libera o corte de sal\u00e1rios\",\"isPartOf\":{\"@id\":\"https:\/\/psol50.org.br\/#website\"},\"primaryImageOfPage\":{\"@id\":\"https:\/\/psol50.org.br\/psol-e-partidos-de-oposicao-acionam-stf-para-derrubar-mp-de-bolsonaro-que-libera-o-corte-de-salarios\/#primaryimage\"},\"image\":{\"@id\":\"https:\/\/psol50.org.br\/psol-e-partidos-de-oposicao-acionam-stf-para-derrubar-mp-de-bolsonaro-que-libera-o-corte-de-salarios\/#primaryimage\"},\"thumbnailUrl\":\"https:\/\/psol50.org.br\/inc\/uploads\/2019\/08\/Bolsonaro.Guedes.Valter-CampanatoAg.-Brasil.jpg\",\"datePublished\":\"2020-04-06T13:22:33+00:00\",\"description\":\"Na MP, as empresas podem reduzir jornadas de trabalho e cortar at\u00e9 100% dos sal\u00e1rios e o governo compensa parte insuficiente das perdas.\",\"breadcrumb\":{\"@id\":\"https:\/\/psol50.org.br\/psol-e-partidos-de-oposicao-acionam-stf-para-derrubar-mp-de-bolsonaro-que-libera-o-corte-de-salarios\/#breadcrumb\"},\"inLanguage\":\"pt-BR\",\"potentialAction\":[{\"@type\":\"ReadAction\",\"target\":[\"https:\/\/psol50.org.br\/psol-e-partidos-de-oposicao-acionam-stf-para-derrubar-mp-de-bolsonaro-que-libera-o-corte-de-salarios\/\"]}]},{\"@type\":\"ImageObject\",\"inLanguage\":\"pt-BR\",\"@id\":\"https:\/\/psol50.org.br\/psol-e-partidos-de-oposicao-acionam-stf-para-derrubar-mp-de-bolsonaro-que-libera-o-corte-de-salarios\/#primaryimage\",\"url\":\"https:\/\/psol50.org.br\/inc\/uploads\/2019\/08\/Bolsonaro.Guedes.Valter-CampanatoAg.-Brasil.jpg\",\"contentUrl\":\"https:\/\/psol50.org.br\/inc\/uploads\/2019\/08\/Bolsonaro.Guedes.Valter-CampanatoAg.-Brasil.jpg\",\"width\":1140,\"height\":760,\"caption\":\"Foto: Valter Campanato\/Ag. Brasil\"},{\"@type\":\"BreadcrumbList\",\"@id\":\"https:\/\/psol50.org.br\/psol-e-partidos-de-oposicao-acionam-stf-para-derrubar-mp-de-bolsonaro-que-libera-o-corte-de-salarios\/#breadcrumb\",\"itemListElement\":[{\"@type\":\"ListItem\",\"position\":1,\"name\":\"In\u00edcio\",\"item\":\"https:\/\/psol50.org.br\/\"},{\"@type\":\"ListItem\",\"position\":2,\"name\":\"PSOL e partidos de oposi\u00e7\u00e3o acionam STF para derrubar MP de Bolsonaro que libera o corte de sal\u00e1rios\"}]},{\"@type\":\"WebSite\",\"@id\":\"https:\/\/psol50.org.br\/#website\",\"url\":\"https:\/\/psol50.org.br\/\",\"name\":\"PSOL 50\",\"description\":\"Site oficial do Partido Socialismo e Liberdade\",\"publisher\":{\"@id\":\"https:\/\/psol50.org.br\/#organization\"},\"alternateName\":\"PSOL50\",\"potentialAction\":[{\"@type\":\"SearchAction\",\"target\":{\"@type\":\"EntryPoint\",\"urlTemplate\":\"https:\/\/psol50.org.br\/?s={search_term_string}\"},\"query-input\":{\"@type\":\"PropertyValueSpecification\",\"valueRequired\":true,\"valueName\":\"search_term_string\"}}],\"inLanguage\":\"pt-BR\"},{\"@type\":\"Organization\",\"@id\":\"https:\/\/psol50.org.br\/#organization\",\"name\":\"PSOL 50\",\"alternateName\":\"PSOL 50\",\"url\":\"https:\/\/psol50.org.br\/\",\"logo\":{\"@type\":\"ImageObject\",\"inLanguage\":\"pt-BR\",\"@id\":\"https:\/\/psol50.org.br\/#\/schema\/logo\/image\/\",\"url\":\"https:\/\/psol50.org.br\/inc\/uploads\/2018\/07\/capa.png\",\"contentUrl\":\"https:\/\/psol50.org.br\/inc\/uploads\/2018\/07\/capa.png\",\"width\":1350,\"height\":900,\"caption\":\"PSOL 50\"},\"image\":{\"@id\":\"https:\/\/psol50.org.br\/#\/schema\/logo\/image\/\"},\"sameAs\":[\"https:\/\/www.facebook.com\/psol50\",\"https:\/\/x.com\/psol50\",\"https:\/\/www.instagram.com\/psol50\/\",\"https:\/\/www.youtube.com\/channel\/UC7SnJS5o1os7a6CaiNabzcg\"]},{\"@type\":\"Person\",\"@id\":\"https:\/\/psol50.org.br\/#\/schema\/person\/475dfa57d0b815993c714c2e96491fcd\",\"name\":\"Comunica\u00e7\u00e3o PSOL\",\"image\":{\"@type\":\"ImageObject\",\"inLanguage\":\"pt-BR\",\"@id\":\"https:\/\/psol50.org.br\/#\/schema\/person\/image\/\",\"url\":\"https:\/\/secure.gravatar.com\/avatar\/b34fc4f4e468a4e51785917065a3db57b841f5c95dba6ad8c73aaf8f66f8f9bf?s=96&d=mm&r=g\",\"contentUrl\":\"https:\/\/secure.gravatar.com\/avatar\/b34fc4f4e468a4e51785917065a3db57b841f5c95dba6ad8c73aaf8f66f8f9bf?s=96&d=mm&r=g\",\"caption\":\"Comunica\u00e7\u00e3o PSOL\"}}]}<\/script>\n<!-- \/ Yoast SEO plugin. -->","yoast_head_json":{"title":"PSOL e partidos de oposi\u00e7\u00e3o acionam STF para derrubar MP de Bolsonaro que libera o corte de sal\u00e1rios","description":"Na MP, as empresas podem reduzir jornadas de trabalho e cortar at\u00e9 100% dos sal\u00e1rios e o governo compensa parte insuficiente das perdas.","robots":{"index":"index","follow":"follow","max-snippet":"max-snippet:-1","max-image-preview":"max-image-preview:large","max-video-preview":"max-video-preview:-1"},"canonical":"https:\/\/psol50.org.br\/psol-e-partidos-de-oposicao-acionam-stf-para-derrubar-mp-de-bolsonaro-que-libera-o-corte-de-salarios\/","og_locale":"pt_BR","og_type":"article","og_title":"PSOL e partidos de oposi\u00e7\u00e3o acionam STF para derrubar MP de Bolsonaro que libera o corte de sal\u00e1rios","og_description":"Na MP, as empresas podem reduzir jornadas de trabalho e cortar at\u00e9 100% dos sal\u00e1rios e o governo compensa parte insuficiente das perdas.","og_url":"https:\/\/psol50.org.br\/psol-e-partidos-de-oposicao-acionam-stf-para-derrubar-mp-de-bolsonaro-que-libera-o-corte-de-salarios\/","og_site_name":"PSOL 50","article_publisher":"https:\/\/www.facebook.com\/psol50","article_published_time":"2020-04-06T13:22:33+00:00","og_image":[{"width":1140,"height":760,"url":"https:\/\/psol50.org.br\/inc\/uploads\/2019\/08\/Bolsonaro.Guedes.Valter-CampanatoAg.-Brasil.jpg","type":"image\/jpeg"}],"author":"Comunica\u00e7\u00e3o PSOL","twitter_card":"summary_large_image","twitter_title":"PSOL e partidos de oposi\u00e7\u00e3o acionam STF para derrubar MP de Bolsonaro que libera o corte de sal\u00e1rios","twitter_description":"Na MP, as empresas podem reduzir jornadas de trabalho e cortar at\u00e9 100% dos sal\u00e1rios e o governo compensa parte insuficiente das perdas.","twitter_image":"https:\/\/psol50.org.br\/inc\/uploads\/2019\/08\/Bolsonaro.Guedes.Valter-CampanatoAg.-Brasil.jpg","twitter_creator":"@psol50","twitter_site":"@psol50","twitter_misc":{"Escrito por":"Comunica\u00e7\u00e3o PSOL","Est. tempo de leitura":"2 minutos"},"schema":{"@context":"https:\/\/schema.org","@graph":[{"@type":"Article","@id":"https:\/\/psol50.org.br\/psol-e-partidos-de-oposicao-acionam-stf-para-derrubar-mp-de-bolsonaro-que-libera-o-corte-de-salarios\/#article","isPartOf":{"@id":"https:\/\/psol50.org.br\/psol-e-partidos-de-oposicao-acionam-stf-para-derrubar-mp-de-bolsonaro-que-libera-o-corte-de-salarios\/"},"author":{"name":"Comunica\u00e7\u00e3o PSOL","@id":"https:\/\/psol50.org.br\/#\/schema\/person\/475dfa57d0b815993c714c2e96491fcd"},"headline":"PSOL e partidos de oposi\u00e7\u00e3o acionam STF para derrubar MP de Bolsonaro que libera o corte de sal\u00e1rios","datePublished":"2020-04-06T13:22:33+00:00","mainEntityOfPage":{"@id":"https:\/\/psol50.org.br\/psol-e-partidos-de-oposicao-acionam-stf-para-derrubar-mp-de-bolsonaro-que-libera-o-corte-de-salarios\/"},"wordCount":391,"publisher":{"@id":"https:\/\/psol50.org.br\/#organization"},"image":{"@id":"https:\/\/psol50.org.br\/psol-e-partidos-de-oposicao-acionam-stf-para-derrubar-mp-de-bolsonaro-que-libera-o-corte-de-salarios\/#primaryimage"},"thumbnailUrl":"https:\/\/psol50.org.br\/inc\/uploads\/2019\/08\/Bolsonaro.Guedes.Valter-CampanatoAg.-Brasil.jpg","keywords":["empresas","MP","Oposi\u00e7\u00e3o","PCdoB","PSB","PSOL","psolcontraocoronavirus","PT","sal\u00e1rios","seguro-desemprego"],"articleSection":["Not\u00edcias"],"inLanguage":"pt-BR"},{"@type":"WebPage","@id":"https:\/\/psol50.org.br\/psol-e-partidos-de-oposicao-acionam-stf-para-derrubar-mp-de-bolsonaro-que-libera-o-corte-de-salarios\/","url":"https:\/\/psol50.org.br\/psol-e-partidos-de-oposicao-acionam-stf-para-derrubar-mp-de-bolsonaro-que-libera-o-corte-de-salarios\/","name":"PSOL e partidos de oposi\u00e7\u00e3o acionam STF para derrubar MP de Bolsonaro que libera o corte de sal\u00e1rios","isPartOf":{"@id":"https:\/\/psol50.org.br\/#website"},"primaryImageOfPage":{"@id":"https:\/\/psol50.org.br\/psol-e-partidos-de-oposicao-acionam-stf-para-derrubar-mp-de-bolsonaro-que-libera-o-corte-de-salarios\/#primaryimage"},"image":{"@id":"https:\/\/psol50.org.br\/psol-e-partidos-de-oposicao-acionam-stf-para-derrubar-mp-de-bolsonaro-que-libera-o-corte-de-salarios\/#primaryimage"},"thumbnailUrl":"https:\/\/psol50.org.br\/inc\/uploads\/2019\/08\/Bolsonaro.Guedes.Valter-CampanatoAg.-Brasil.jpg","datePublished":"2020-04-06T13:22:33+00:00","description":"Na MP, as empresas podem reduzir jornadas de trabalho e cortar at\u00e9 100% dos sal\u00e1rios e o governo compensa parte insuficiente das perdas.","breadcrumb":{"@id":"https:\/\/psol50.org.br\/psol-e-partidos-de-oposicao-acionam-stf-para-derrubar-mp-de-bolsonaro-que-libera-o-corte-de-salarios\/#breadcrumb"},"inLanguage":"pt-BR","potentialAction":[{"@type":"ReadAction","target":["https:\/\/psol50.org.br\/psol-e-partidos-de-oposicao-acionam-stf-para-derrubar-mp-de-bolsonaro-que-libera-o-corte-de-salarios\/"]}]},{"@type":"ImageObject","inLanguage":"pt-BR","@id":"https:\/\/psol50.org.br\/psol-e-partidos-de-oposicao-acionam-stf-para-derrubar-mp-de-bolsonaro-que-libera-o-corte-de-salarios\/#primaryimage","url":"https:\/\/psol50.org.br\/inc\/uploads\/2019\/08\/Bolsonaro.Guedes.Valter-CampanatoAg.-Brasil.jpg","contentUrl":"https:\/\/psol50.org.br\/inc\/uploads\/2019\/08\/Bolsonaro.Guedes.Valter-CampanatoAg.-Brasil.jpg","width":1140,"height":760,"caption":"Foto: Valter Campanato\/Ag. Brasil"},{"@type":"BreadcrumbList","@id":"https:\/\/psol50.org.br\/psol-e-partidos-de-oposicao-acionam-stf-para-derrubar-mp-de-bolsonaro-que-libera-o-corte-de-salarios\/#breadcrumb","itemListElement":[{"@type":"ListItem","position":1,"name":"In\u00edcio","item":"https:\/\/psol50.org.br\/"},{"@type":"ListItem","position":2,"name":"PSOL e partidos de oposi\u00e7\u00e3o acionam STF para derrubar MP de Bolsonaro que libera o corte de sal\u00e1rios"}]},{"@type":"WebSite","@id":"https:\/\/psol50.org.br\/#website","url":"https:\/\/psol50.org.br\/","name":"PSOL 50","description":"Site oficial do Partido Socialismo e Liberdade","publisher":{"@id":"https:\/\/psol50.org.br\/#organization"},"alternateName":"PSOL50","potentialAction":[{"@type":"SearchAction","target":{"@type":"EntryPoint","urlTemplate":"https:\/\/psol50.org.br\/?s={search_term_string}"},"query-input":{"@type":"PropertyValueSpecification","valueRequired":true,"valueName":"search_term_string"}}],"inLanguage":"pt-BR"},{"@type":"Organization","@id":"https:\/\/psol50.org.br\/#organization","name":"PSOL 50","alternateName":"PSOL 50","url":"https:\/\/psol50.org.br\/","logo":{"@type":"ImageObject","inLanguage":"pt-BR","@id":"https:\/\/psol50.org.br\/#\/schema\/logo\/image\/","url":"https:\/\/psol50.org.br\/inc\/uploads\/2018\/07\/capa.png","contentUrl":"https:\/\/psol50.org.br\/inc\/uploads\/2018\/07\/capa.png","width":1350,"height":900,"caption":"PSOL 50"},"image":{"@id":"https:\/\/psol50.org.br\/#\/schema\/logo\/image\/"},"sameAs":["https:\/\/www.facebook.com\/psol50","https:\/\/x.com\/psol50","https:\/\/www.instagram.com\/psol50\/","https:\/\/www.youtube.com\/channel\/UC7SnJS5o1os7a6CaiNabzcg"]},{"@type":"Person","@id":"https:\/\/psol50.org.br\/#\/schema\/person\/475dfa57d0b815993c714c2e96491fcd","name":"Comunica\u00e7\u00e3o PSOL","image":{"@type":"ImageObject","inLanguage":"pt-BR","@id":"https:\/\/psol50.org.br\/#\/schema\/person\/image\/","url":"https:\/\/secure.gravatar.com\/avatar\/b34fc4f4e468a4e51785917065a3db57b841f5c95dba6ad8c73aaf8f66f8f9bf?s=96&d=mm&r=g","contentUrl":"https:\/\/secure.gravatar.com\/avatar\/b34fc4f4e468a4e51785917065a3db57b841f5c95dba6ad8c73aaf8f66f8f9bf?s=96&d=mm&r=g","caption":"Comunica\u00e7\u00e3o PSOL"}}]}},"_links":{"self":[{"href":"https:\/\/psol50.org.br\/rest\/wp\/v2\/posts\/28152","targetHints":{"allow":["GET"]}}],"collection":[{"href":"https:\/\/psol50.org.br\/rest\/wp\/v2\/posts"}],"about":[{"href":"https:\/\/psol50.org.br\/rest\/wp\/v2\/types\/post"}],"author":[{"embeddable":true,"href":"https:\/\/psol50.org.br\/rest\/wp\/v2\/users\/2"}],"replies":[{"embeddable":true,"href":"https:\/\/psol50.org.br\/rest\/wp\/v2\/comments?post=28152"}],"version-history":[{"count":0,"href":"https:\/\/psol50.org.br\/rest\/wp\/v2\/posts\/28152\/revisions"}],"wp:featuredmedia":[{"embeddable":true,"href":"https:\/\/psol50.org.br\/rest\/wp\/v2\/media\/26219"}],"wp:attachment":[{"href":"https:\/\/psol50.org.br\/rest\/wp\/v2\/media?parent=28152"}],"wp:term":[{"taxonomy":"category","embeddable":true,"href":"https:\/\/psol50.org.br\/rest\/wp\/v2\/categories?post=28152"},{"taxonomy":"post_tag","embeddable":true,"href":"https:\/\/psol50.org.br\/rest\/wp\/v2\/tags?post=28152"}],"curies":[{"name":"wp","href":"https:\/\/api.w.org\/{rel}","templated":true}]}}