{"id":28181,"date":"2020-04-06T19:18:13","date_gmt":"2020-04-06T22:18:13","guid":{"rendered":"https:\/\/psol50.org.br\/?p=28181"},"modified":"2020-04-06T19:18:13","modified_gmt":"2020-04-06T22:18:13","slug":"psol-promove-debate-ao-vivo-com-parlamentares-de-portugal-e-chile-sobre-acoes-da-esquerda-mundial-no-combate-ao-coronavirus","status":"publish","type":"post","link":"https:\/\/psol50.org.br\/psol-promove-debate-ao-vivo-com-parlamentares-de-portugal-e-chile-sobre-acoes-da-esquerda-mundial-no-combate-ao-coronavirus\/","title":{"rendered":"PSOL promove debate ao vivo com parlamentares de Portugal e Chile sobre a\u00e7\u00f5es da esquerda mundial no combate ao coronav\u00edrus"},"content":{"rendered":"<p><a href=\"https:\/\/psol50.org.br\/coronavirus\/\" target=\"_blank\" rel=\"noopener noreferrer\"><img loading=\"lazy\" decoding=\"async\" class=\"alignnone size-full wp-image-27838\" src=\"https:\/\/psol50.org.br\/inc\/uploads\/2020\/03\/Banner-Site_3.png\" alt=\"\" width=\"1240\" height=\"331\" srcset=\"https:\/\/psol50.org.br\/inc\/uploads\/2020\/03\/Banner-Site_3.png 1240w, https:\/\/psol50.org.br\/inc\/uploads\/2020\/03\/Banner-Site_3-300x80.png 300w, https:\/\/psol50.org.br\/inc\/uploads\/2020\/03\/Banner-Site_3-1024x273.png 1024w, https:\/\/psol50.org.br\/inc\/uploads\/2020\/03\/Banner-Site_3-768x205.png 768w, https:\/\/psol50.org.br\/inc\/uploads\/2020\/03\/Banner-Site_3-150x40.png 150w, https:\/\/psol50.org.br\/inc\/uploads\/2020\/03\/Banner-Site_3-696x186.png 696w, https:\/\/psol50.org.br\/inc\/uploads\/2020\/03\/Banner-Site_3-1068x285.png 1068w\" sizes=\"auto, (max-width: 1240px) 100vw, 1240px\" \/><\/a><\/p>\n<p>Dando prosseguimento \u00e0 s\u00e9rie de debates ao vivo sobre a crise econ\u00f4mica, social e sanit\u00e1ria causada pela pandemia do novo coronav\u00edrus, o PSOL promove nesta quarta-feira (8) um debate ao vivo com Joana Mort\u00e1gua, parlamentar do Bloco de Esquerda em Portugal, e Giorgio Jackson, parlamentar chileno pelo partido Revoluci\u00f3n Democratica, que integra a Frente Amplio, com media\u00e7\u00e3o do presidente nacional do PSOL Juliano Medeiros.<\/p>\n<p>O bate-papo, que acontecer\u00e1 \u00e0s 19h30 na quarta atrav\u00e9s das redes sociais do PSOL, vai debater as diversas a\u00e7\u00f5es da esquerda pelo mundo no combate \u00e0 pandemia do novo coronav\u00edrus em seus pa\u00edses.<\/p>\n<p>A jovem deputada de 33 anos Joana Mort\u00e1gua cumpre mandato na Assembleia da Rep\u00fablica portuguesa desde 2015. Foi reeleita em 2019, quando o Bloco de Esquerda se consolidou como a terceira for\u00e7a pol\u00edtica do pa\u00eds, com 10% dos votos nas elei\u00e7\u00f5es. O partido participou da composi\u00e7\u00e3o governamental conhecida como Geringon\u00e7a entre 2015 e 2019, que recolocou a esquerda no governo de Portugal. <strong><a href=\"https:\/\/www.esquerda.net\/artigo\/responder-crise-propostas-do-bloco\/66864\" target=\"_blank\" rel=\"noopener noreferrer\">O Bloco de Esquerda lan\u00e7ou uma s\u00e9rie de propostas para Portugal no combate ao Covid-19.<\/a><\/strong><\/p>\n<p>Giorgio Jackson tamb\u00e9m tem 33 anos e foi eleito para a C\u00e2mara dos Deputados no Chile pela primeira vez em 2013, depois de ter sido um dos principais l\u00edderes das manifesta\u00e7\u00f5es estudantis que tomaram as ruas do pa\u00eds em 2011 por educa\u00e7\u00e3o p\u00fablica, gratuita e de qualidade. Foi reeleito em 2017 com mais de 100 mil votos e \u00e9 um dos representantes do Revoluci\u00f3n Democratica, que comp\u00f5e a Frente Amplio, experi\u00eancia de unidade da esquerda socialista e democr\u00e1tica chilena que teve mais de 20% nas \u00faltimas elei\u00e7\u00f5es presidenciais chilenas e tem participa\u00e7\u00e3o importante nas manifesta\u00e7\u00f5es contra o governo neoliberal de Seb\u00e1stian Pi\u00f1era que tomaram as ruas do pa\u00eds em 2019.<\/p>\n<p><em><strong>Servi\u00e7o:<\/strong><\/em><br \/>\n<em><strong>Debate sobre as experi\u00eancias da esquerda no mundo no combate ao coronav\u00edrus<\/strong><\/em><br \/>\n<em><strong>Quarta-feira (08) \u00e0s 19h30<\/strong><\/em><br \/>\n<em><strong>Com Joana Mort\u00e1gua (Bloco de Esquerda-Portugal), Giorgio Jackson (Revoluci\u00f3n Democratica-Chile) e Juliano Medeiros (PSOL-Brasil)<\/strong><\/em><br \/>\n<em><strong>Nas redes sociais do PSOL 50:<\/strong><\/em><\/p>\n<p><em><strong>Youtube \u2013<\/strong><\/em>\u00a0<a href=\"https:\/\/www.youtube.com\/psol50oficial\" target=\"_blank\" rel=\"noopener noreferrer\">www.youtube.com\/psol50oficial<\/a><\/p>\n<p><strong><em>Twitter \u2013<\/em><\/strong>\u00a0<a href=\"https:\/\/www.twitter.com\/psol50\" target=\"_blank\" rel=\"noopener noreferrer\">www.twitter.com\/psol50<\/a><\/p>\n<p><em><strong>Facebook \u2013<\/strong><\/em>\u00a0<a href=\"https:\/\/www.facebook.com\/psol50\" target=\"_blank\" rel=\"noopener noreferrer\">www.facebook.com\/psol50<\/a><\/p>\n","protected":false},"excerpt":{"rendered":"<p>Dando prosseguimento \u00e0 s\u00e9rie de debates ao vivo sobre a crise econ\u00f4mica, social e sanit\u00e1ria causada pela pandemia do novo coronav\u00edrus, o PSOL promove nesta quarta-feira (8) um debate ao vivo com Joana Mort\u00e1gua, parlamentar do Bloco de Esquerda em Portugal, e Giorgio Jackson, parlamentar chileno pelo partido Revoluci\u00f3n Democratica, que integra a Frente Amplio, [&hellip;]<\/p>\n","protected":false},"author":2,"featured_media":28183,"comment_status":"closed","ping_status":"open","sticky":false,"template":"","format":"standard","meta":{"_acf_changed":false,"footnotes":""},"categories":[6],"tags":[488,171,219,489,490,367,491,22,366],"class_list":{"0":"post-28181","1":"post","2":"type-post","3":"status-publish","4":"format-standard","5":"has-post-thumbnail","7":"category-noticias","8":"tag-chile","9":"tag-coronavirus","10":"tag-crise","11":"tag-giorgio-jackson","12":"tag-joana-mortagua","13":"tag-pandemia","14":"tag-portugal","15":"tag-psol","16":"tag-psolcontraocoronavirus"},"acf":[],"yoast_head":"<!-- This site is optimized with the Yoast SEO plugin v26.5 - https:\/\/yoast.com\/wordpress\/plugins\/seo\/ -->\n<title>PSOL promove debate ao vivo com parlamentares de Portugal e Chile sobre a\u00e7\u00f5es da esquerda mundial no combate ao coronav\u00edrus - PSOL 50<\/title>\n<meta name=\"description\" content=\"Nesta quarta-feira (8) \u00e0s 19h30, Juliano Medeiros debate com Joana Mort\u00e1gua (Bloco de Esquerda-Portugal) e Giorgio Jackson (Revoluci\u00f3n Democr\u00e1tica\/Frente Amplio-Chile).\" \/>\n<meta name=\"robots\" content=\"index, follow, max-snippet:-1, max-image-preview:large, max-video-preview:-1\" \/>\n<link rel=\"canonical\" href=\"https:\/\/psol50.org.br\/psol-promove-debate-ao-vivo-com-parlamentares-de-portugal-e-chile-sobre-acoes-da-esquerda-mundial-no-combate-ao-coronavirus\/\" \/>\n<meta property=\"og:locale\" content=\"pt_BR\" \/>\n<meta property=\"og:type\" content=\"article\" \/>\n<meta property=\"og:title\" content=\"PSOL promove debate ao vivo com parlamentares de Portugal e Chile sobre a\u00e7\u00f5es da esquerda mundial no combate ao coronav\u00edrus\" \/>\n<meta property=\"og:description\" content=\"Nesta quarta-feira (8) \u00e0s 19h30, Juliano Medeiros debate com Joana Mort\u00e1gua (Bloco de Esquerda-Portugal) e Giorgio Jackson (Revoluci\u00f3n Democr\u00e1tica\/Frente Amplio-Chile).\" \/>\n<meta property=\"og:url\" content=\"https:\/\/psol50.org.br\/psol-promove-debate-ao-vivo-com-parlamentares-de-portugal-e-chile-sobre-acoes-da-esquerda-mundial-no-combate-ao-coronavirus\/\" \/>\n<meta property=\"og:site_name\" content=\"PSOL 50\" \/>\n<meta property=\"article:publisher\" content=\"https:\/\/www.facebook.com\/psol50\" \/>\n<meta property=\"article:published_time\" content=\"2020-04-06T22:18:13+00:00\" \/>\n<meta property=\"og:image\" content=\"https:\/\/psol50.org.br\/inc\/uploads\/2020\/04\/FotoJet.png\" \/>\n\t<meta property=\"og:image:width\" content=\"800\" \/>\n\t<meta property=\"og:image:height\" content=\"533\" \/>\n\t<meta property=\"og:image:type\" content=\"image\/png\" \/>\n<meta name=\"author\" content=\"Comunica\u00e7\u00e3o PSOL\" \/>\n<meta name=\"twitter:card\" content=\"summary_large_image\" \/>\n<meta name=\"twitter:title\" content=\"PSOL promove debate ao vivo com parlamentares de Portugal e Chile sobre a\u00e7\u00f5es da esquerda mundial no combate ao coronav\u00edrus\" \/>\n<meta name=\"twitter:description\" content=\"Nesta quarta-feira (8) \u00e0s 19h30, Juliano Medeiros debate com Joana Mort\u00e1gua (Bloco de Esquerda-Portugal) e Giorgio Jackson (Revoluci\u00f3n Democr\u00e1tica\/Frente Amplio-Chile).\" \/>\n<meta name=\"twitter:image\" content=\"https:\/\/psol50.org.br\/inc\/uploads\/2020\/04\/FotoJet.png\" \/>\n<meta name=\"twitter:creator\" content=\"@psol50\" \/>\n<meta name=\"twitter:site\" content=\"@psol50\" \/>\n<meta name=\"twitter:label1\" content=\"Escrito por\" \/>\n\t<meta name=\"twitter:data1\" content=\"Comunica\u00e7\u00e3o PSOL\" \/>\n\t<meta name=\"twitter:label2\" content=\"Est. tempo de leitura\" \/>\n\t<meta name=\"twitter:data2\" content=\"2 minutos\" \/>\n<script type=\"application\/ld+json\" class=\"yoast-schema-graph\">{\"@context\":\"https:\/\/schema.org\",\"@graph\":[{\"@type\":\"Article\",\"@id\":\"https:\/\/psol50.org.br\/psol-promove-debate-ao-vivo-com-parlamentares-de-portugal-e-chile-sobre-acoes-da-esquerda-mundial-no-combate-ao-coronavirus\/#article\",\"isPartOf\":{\"@id\":\"https:\/\/psol50.org.br\/psol-promove-debate-ao-vivo-com-parlamentares-de-portugal-e-chile-sobre-acoes-da-esquerda-mundial-no-combate-ao-coronavirus\/\"},\"author\":{\"name\":\"Comunica\u00e7\u00e3o PSOL\",\"@id\":\"https:\/\/psol50.org.br\/#\/schema\/person\/475dfa57d0b815993c714c2e96491fcd\"},\"headline\":\"PSOL promove debate ao vivo com parlamentares de Portugal e Chile sobre a\u00e7\u00f5es da esquerda mundial no combate ao coronav\u00edrus\",\"datePublished\":\"2020-04-06T22:18:13+00:00\",\"mainEntityOfPage\":{\"@id\":\"https:\/\/psol50.org.br\/psol-promove-debate-ao-vivo-com-parlamentares-de-portugal-e-chile-sobre-acoes-da-esquerda-mundial-no-combate-ao-coronavirus\/\"},\"wordCount\":383,\"publisher\":{\"@id\":\"https:\/\/psol50.org.br\/#organization\"},\"image\":{\"@id\":\"https:\/\/psol50.org.br\/psol-promove-debate-ao-vivo-com-parlamentares-de-portugal-e-chile-sobre-acoes-da-esquerda-mundial-no-combate-ao-coronavirus\/#primaryimage\"},\"thumbnailUrl\":\"https:\/\/psol50.org.br\/inc\/uploads\/2020\/04\/FotoJet.png\",\"keywords\":[\"Chile\",\"coronav\u00edrus\",\"crise\",\"giorgio jackson\",\"joana mort\u00e1gua\",\"pandemia\",\"Portugal\",\"PSOL\",\"psolcontraocoronavirus\"],\"articleSection\":[\"Not\u00edcias\"],\"inLanguage\":\"pt-BR\"},{\"@type\":\"WebPage\",\"@id\":\"https:\/\/psol50.org.br\/psol-promove-debate-ao-vivo-com-parlamentares-de-portugal-e-chile-sobre-acoes-da-esquerda-mundial-no-combate-ao-coronavirus\/\",\"url\":\"https:\/\/psol50.org.br\/psol-promove-debate-ao-vivo-com-parlamentares-de-portugal-e-chile-sobre-acoes-da-esquerda-mundial-no-combate-ao-coronavirus\/\",\"name\":\"PSOL promove debate ao vivo com parlamentares de Portugal e Chile sobre a\u00e7\u00f5es da esquerda mundial no combate ao coronav\u00edrus - PSOL 50\",\"isPartOf\":{\"@id\":\"https:\/\/psol50.org.br\/#website\"},\"primaryImageOfPage\":{\"@id\":\"https:\/\/psol50.org.br\/psol-promove-debate-ao-vivo-com-parlamentares-de-portugal-e-chile-sobre-acoes-da-esquerda-mundial-no-combate-ao-coronavirus\/#primaryimage\"},\"image\":{\"@id\":\"https:\/\/psol50.org.br\/psol-promove-debate-ao-vivo-com-parlamentares-de-portugal-e-chile-sobre-acoes-da-esquerda-mundial-no-combate-ao-coronavirus\/#primaryimage\"},\"thumbnailUrl\":\"https:\/\/psol50.org.br\/inc\/uploads\/2020\/04\/FotoJet.png\",\"datePublished\":\"2020-04-06T22:18:13+00:00\",\"description\":\"Nesta quarta-feira (8) \u00e0s 19h30, Juliano Medeiros debate com Joana Mort\u00e1gua (Bloco de Esquerda-Portugal) e Giorgio Jackson (Revoluci\u00f3n Democr\u00e1tica\/Frente Amplio-Chile).\",\"breadcrumb\":{\"@id\":\"https:\/\/psol50.org.br\/psol-promove-debate-ao-vivo-com-parlamentares-de-portugal-e-chile-sobre-acoes-da-esquerda-mundial-no-combate-ao-coronavirus\/#breadcrumb\"},\"inLanguage\":\"pt-BR\",\"potentialAction\":[{\"@type\":\"ReadAction\",\"target\":[\"https:\/\/psol50.org.br\/psol-promove-debate-ao-vivo-com-parlamentares-de-portugal-e-chile-sobre-acoes-da-esquerda-mundial-no-combate-ao-coronavirus\/\"]}]},{\"@type\":\"ImageObject\",\"inLanguage\":\"pt-BR\",\"@id\":\"https:\/\/psol50.org.br\/psol-promove-debate-ao-vivo-com-parlamentares-de-portugal-e-chile-sobre-acoes-da-esquerda-mundial-no-combate-ao-coronavirus\/#primaryimage\",\"url\":\"https:\/\/psol50.org.br\/inc\/uploads\/2020\/04\/FotoJet.png\",\"contentUrl\":\"https:\/\/psol50.org.br\/inc\/uploads\/2020\/04\/FotoJet.png\",\"width\":800,\"height\":533},{\"@type\":\"BreadcrumbList\",\"@id\":\"https:\/\/psol50.org.br\/psol-promove-debate-ao-vivo-com-parlamentares-de-portugal-e-chile-sobre-acoes-da-esquerda-mundial-no-combate-ao-coronavirus\/#breadcrumb\",\"itemListElement\":[{\"@type\":\"ListItem\",\"position\":1,\"name\":\"In\u00edcio\",\"item\":\"https:\/\/psol50.org.br\/\"},{\"@type\":\"ListItem\",\"position\":2,\"name\":\"PSOL promove debate ao vivo com parlamentares de Portugal e Chile sobre a\u00e7\u00f5es da esquerda mundial no combate ao coronav\u00edrus\"}]},{\"@type\":\"WebSite\",\"@id\":\"https:\/\/psol50.org.br\/#website\",\"url\":\"https:\/\/psol50.org.br\/\",\"name\":\"PSOL 50\",\"description\":\"Site oficial do Partido Socialismo e Liberdade\",\"publisher\":{\"@id\":\"https:\/\/psol50.org.br\/#organization\"},\"alternateName\":\"PSOL50\",\"potentialAction\":[{\"@type\":\"SearchAction\",\"target\":{\"@type\":\"EntryPoint\",\"urlTemplate\":\"https:\/\/psol50.org.br\/?s={search_term_string}\"},\"query-input\":{\"@type\":\"PropertyValueSpecification\",\"valueRequired\":true,\"valueName\":\"search_term_string\"}}],\"inLanguage\":\"pt-BR\"},{\"@type\":\"Organization\",\"@id\":\"https:\/\/psol50.org.br\/#organization\",\"name\":\"PSOL 50\",\"alternateName\":\"PSOL 50\",\"url\":\"https:\/\/psol50.org.br\/\",\"logo\":{\"@type\":\"ImageObject\",\"inLanguage\":\"pt-BR\",\"@id\":\"https:\/\/psol50.org.br\/#\/schema\/logo\/image\/\",\"url\":\"https:\/\/psol50.org.br\/inc\/uploads\/2018\/07\/capa.png\",\"contentUrl\":\"https:\/\/psol50.org.br\/inc\/uploads\/2018\/07\/capa.png\",\"width\":1350,\"height\":900,\"caption\":\"PSOL 50\"},\"image\":{\"@id\":\"https:\/\/psol50.org.br\/#\/schema\/logo\/image\/\"},\"sameAs\":[\"https:\/\/www.facebook.com\/psol50\",\"https:\/\/x.com\/psol50\",\"https:\/\/www.instagram.com\/psol50\/\",\"https:\/\/www.youtube.com\/channel\/UC7SnJS5o1os7a6CaiNabzcg\"]},{\"@type\":\"Person\",\"@id\":\"https:\/\/psol50.org.br\/#\/schema\/person\/475dfa57d0b815993c714c2e96491fcd\",\"name\":\"Comunica\u00e7\u00e3o PSOL\",\"image\":{\"@type\":\"ImageObject\",\"inLanguage\":\"pt-BR\",\"@id\":\"https:\/\/psol50.org.br\/#\/schema\/person\/image\/\",\"url\":\"https:\/\/secure.gravatar.com\/avatar\/b34fc4f4e468a4e51785917065a3db57b841f5c95dba6ad8c73aaf8f66f8f9bf?s=96&d=mm&r=g\",\"contentUrl\":\"https:\/\/secure.gravatar.com\/avatar\/b34fc4f4e468a4e51785917065a3db57b841f5c95dba6ad8c73aaf8f66f8f9bf?s=96&d=mm&r=g\",\"caption\":\"Comunica\u00e7\u00e3o PSOL\"}}]}<\/script>\n<!-- \/ Yoast SEO plugin. -->","yoast_head_json":{"title":"PSOL promove debate ao vivo com parlamentares de Portugal e Chile sobre a\u00e7\u00f5es da esquerda mundial no combate ao coronav\u00edrus - PSOL 50","description":"Nesta quarta-feira (8) \u00e0s 19h30, Juliano Medeiros debate com Joana Mort\u00e1gua (Bloco de Esquerda-Portugal) e Giorgio Jackson (Revoluci\u00f3n Democr\u00e1tica\/Frente Amplio-Chile).","robots":{"index":"index","follow":"follow","max-snippet":"max-snippet:-1","max-image-preview":"max-image-preview:large","max-video-preview":"max-video-preview:-1"},"canonical":"https:\/\/psol50.org.br\/psol-promove-debate-ao-vivo-com-parlamentares-de-portugal-e-chile-sobre-acoes-da-esquerda-mundial-no-combate-ao-coronavirus\/","og_locale":"pt_BR","og_type":"article","og_title":"PSOL promove debate ao vivo com parlamentares de Portugal e Chile sobre a\u00e7\u00f5es da esquerda mundial no combate ao coronav\u00edrus","og_description":"Nesta quarta-feira (8) \u00e0s 19h30, Juliano Medeiros debate com Joana Mort\u00e1gua (Bloco de Esquerda-Portugal) e Giorgio Jackson (Revoluci\u00f3n Democr\u00e1tica\/Frente Amplio-Chile).","og_url":"https:\/\/psol50.org.br\/psol-promove-debate-ao-vivo-com-parlamentares-de-portugal-e-chile-sobre-acoes-da-esquerda-mundial-no-combate-ao-coronavirus\/","og_site_name":"PSOL 50","article_publisher":"https:\/\/www.facebook.com\/psol50","article_published_time":"2020-04-06T22:18:13+00:00","og_image":[{"width":800,"height":533,"url":"https:\/\/psol50.org.br\/inc\/uploads\/2020\/04\/FotoJet.png","type":"image\/png"}],"author":"Comunica\u00e7\u00e3o PSOL","twitter_card":"summary_large_image","twitter_title":"PSOL promove debate ao vivo com parlamentares de Portugal e Chile sobre a\u00e7\u00f5es da esquerda mundial no combate ao coronav\u00edrus","twitter_description":"Nesta quarta-feira (8) \u00e0s 19h30, Juliano Medeiros debate com Joana Mort\u00e1gua (Bloco de Esquerda-Portugal) e Giorgio Jackson (Revoluci\u00f3n Democr\u00e1tica\/Frente Amplio-Chile).","twitter_image":"https:\/\/psol50.org.br\/inc\/uploads\/2020\/04\/FotoJet.png","twitter_creator":"@psol50","twitter_site":"@psol50","twitter_misc":{"Escrito por":"Comunica\u00e7\u00e3o PSOL","Est. tempo de leitura":"2 minutos"},"schema":{"@context":"https:\/\/schema.org","@graph":[{"@type":"Article","@id":"https:\/\/psol50.org.br\/psol-promove-debate-ao-vivo-com-parlamentares-de-portugal-e-chile-sobre-acoes-da-esquerda-mundial-no-combate-ao-coronavirus\/#article","isPartOf":{"@id":"https:\/\/psol50.org.br\/psol-promove-debate-ao-vivo-com-parlamentares-de-portugal-e-chile-sobre-acoes-da-esquerda-mundial-no-combate-ao-coronavirus\/"},"author":{"name":"Comunica\u00e7\u00e3o PSOL","@id":"https:\/\/psol50.org.br\/#\/schema\/person\/475dfa57d0b815993c714c2e96491fcd"},"headline":"PSOL promove debate ao vivo com parlamentares de Portugal e Chile sobre a\u00e7\u00f5es da esquerda mundial no combate ao coronav\u00edrus","datePublished":"2020-04-06T22:18:13+00:00","mainEntityOfPage":{"@id":"https:\/\/psol50.org.br\/psol-promove-debate-ao-vivo-com-parlamentares-de-portugal-e-chile-sobre-acoes-da-esquerda-mundial-no-combate-ao-coronavirus\/"},"wordCount":383,"publisher":{"@id":"https:\/\/psol50.org.br\/#organization"},"image":{"@id":"https:\/\/psol50.org.br\/psol-promove-debate-ao-vivo-com-parlamentares-de-portugal-e-chile-sobre-acoes-da-esquerda-mundial-no-combate-ao-coronavirus\/#primaryimage"},"thumbnailUrl":"https:\/\/psol50.org.br\/inc\/uploads\/2020\/04\/FotoJet.png","keywords":["Chile","coronav\u00edrus","crise","giorgio jackson","joana mort\u00e1gua","pandemia","Portugal","PSOL","psolcontraocoronavirus"],"articleSection":["Not\u00edcias"],"inLanguage":"pt-BR"},{"@type":"WebPage","@id":"https:\/\/psol50.org.br\/psol-promove-debate-ao-vivo-com-parlamentares-de-portugal-e-chile-sobre-acoes-da-esquerda-mundial-no-combate-ao-coronavirus\/","url":"https:\/\/psol50.org.br\/psol-promove-debate-ao-vivo-com-parlamentares-de-portugal-e-chile-sobre-acoes-da-esquerda-mundial-no-combate-ao-coronavirus\/","name":"PSOL promove debate ao vivo com parlamentares de Portugal e Chile sobre a\u00e7\u00f5es da esquerda mundial no combate ao coronav\u00edrus - PSOL 50","isPartOf":{"@id":"https:\/\/psol50.org.br\/#website"},"primaryImageOfPage":{"@id":"https:\/\/psol50.org.br\/psol-promove-debate-ao-vivo-com-parlamentares-de-portugal-e-chile-sobre-acoes-da-esquerda-mundial-no-combate-ao-coronavirus\/#primaryimage"},"image":{"@id":"https:\/\/psol50.org.br\/psol-promove-debate-ao-vivo-com-parlamentares-de-portugal-e-chile-sobre-acoes-da-esquerda-mundial-no-combate-ao-coronavirus\/#primaryimage"},"thumbnailUrl":"https:\/\/psol50.org.br\/inc\/uploads\/2020\/04\/FotoJet.png","datePublished":"2020-04-06T22:18:13+00:00","description":"Nesta quarta-feira (8) \u00e0s 19h30, Juliano Medeiros debate com Joana Mort\u00e1gua (Bloco de Esquerda-Portugal) e Giorgio Jackson (Revoluci\u00f3n Democr\u00e1tica\/Frente Amplio-Chile).","breadcrumb":{"@id":"https:\/\/psol50.org.br\/psol-promove-debate-ao-vivo-com-parlamentares-de-portugal-e-chile-sobre-acoes-da-esquerda-mundial-no-combate-ao-coronavirus\/#breadcrumb"},"inLanguage":"pt-BR","potentialAction":[{"@type":"ReadAction","target":["https:\/\/psol50.org.br\/psol-promove-debate-ao-vivo-com-parlamentares-de-portugal-e-chile-sobre-acoes-da-esquerda-mundial-no-combate-ao-coronavirus\/"]}]},{"@type":"ImageObject","inLanguage":"pt-BR","@id":"https:\/\/psol50.org.br\/psol-promove-debate-ao-vivo-com-parlamentares-de-portugal-e-chile-sobre-acoes-da-esquerda-mundial-no-combate-ao-coronavirus\/#primaryimage","url":"https:\/\/psol50.org.br\/inc\/uploads\/2020\/04\/FotoJet.png","contentUrl":"https:\/\/psol50.org.br\/inc\/uploads\/2020\/04\/FotoJet.png","width":800,"height":533},{"@type":"BreadcrumbList","@id":"https:\/\/psol50.org.br\/psol-promove-debate-ao-vivo-com-parlamentares-de-portugal-e-chile-sobre-acoes-da-esquerda-mundial-no-combate-ao-coronavirus\/#breadcrumb","itemListElement":[{"@type":"ListItem","position":1,"name":"In\u00edcio","item":"https:\/\/psol50.org.br\/"},{"@type":"ListItem","position":2,"name":"PSOL promove debate ao vivo com parlamentares de Portugal e Chile sobre a\u00e7\u00f5es da esquerda mundial no combate ao coronav\u00edrus"}]},{"@type":"WebSite","@id":"https:\/\/psol50.org.br\/#website","url":"https:\/\/psol50.org.br\/","name":"PSOL 50","description":"Site oficial do Partido Socialismo e Liberdade","publisher":{"@id":"https:\/\/psol50.org.br\/#organization"},"alternateName":"PSOL50","potentialAction":[{"@type":"SearchAction","target":{"@type":"EntryPoint","urlTemplate":"https:\/\/psol50.org.br\/?s={search_term_string}"},"query-input":{"@type":"PropertyValueSpecification","valueRequired":true,"valueName":"search_term_string"}}],"inLanguage":"pt-BR"},{"@type":"Organization","@id":"https:\/\/psol50.org.br\/#organization","name":"PSOL 50","alternateName":"PSOL 50","url":"https:\/\/psol50.org.br\/","logo":{"@type":"ImageObject","inLanguage":"pt-BR","@id":"https:\/\/psol50.org.br\/#\/schema\/logo\/image\/","url":"https:\/\/psol50.org.br\/inc\/uploads\/2018\/07\/capa.png","contentUrl":"https:\/\/psol50.org.br\/inc\/uploads\/2018\/07\/capa.png","width":1350,"height":900,"caption":"PSOL 50"},"image":{"@id":"https:\/\/psol50.org.br\/#\/schema\/logo\/image\/"},"sameAs":["https:\/\/www.facebook.com\/psol50","https:\/\/x.com\/psol50","https:\/\/www.instagram.com\/psol50\/","https:\/\/www.youtube.com\/channel\/UC7SnJS5o1os7a6CaiNabzcg"]},{"@type":"Person","@id":"https:\/\/psol50.org.br\/#\/schema\/person\/475dfa57d0b815993c714c2e96491fcd","name":"Comunica\u00e7\u00e3o PSOL","image":{"@type":"ImageObject","inLanguage":"pt-BR","@id":"https:\/\/psol50.org.br\/#\/schema\/person\/image\/","url":"https:\/\/secure.gravatar.com\/avatar\/b34fc4f4e468a4e51785917065a3db57b841f5c95dba6ad8c73aaf8f66f8f9bf?s=96&d=mm&r=g","contentUrl":"https:\/\/secure.gravatar.com\/avatar\/b34fc4f4e468a4e51785917065a3db57b841f5c95dba6ad8c73aaf8f66f8f9bf?s=96&d=mm&r=g","caption":"Comunica\u00e7\u00e3o PSOL"}}]}},"_links":{"self":[{"href":"https:\/\/psol50.org.br\/rest\/wp\/v2\/posts\/28181","targetHints":{"allow":["GET"]}}],"collection":[{"href":"https:\/\/psol50.org.br\/rest\/wp\/v2\/posts"}],"about":[{"href":"https:\/\/psol50.org.br\/rest\/wp\/v2\/types\/post"}],"author":[{"embeddable":true,"href":"https:\/\/psol50.org.br\/rest\/wp\/v2\/users\/2"}],"replies":[{"embeddable":true,"href":"https:\/\/psol50.org.br\/rest\/wp\/v2\/comments?post=28181"}],"version-history":[{"count":0,"href":"https:\/\/psol50.org.br\/rest\/wp\/v2\/posts\/28181\/revisions"}],"wp:featuredmedia":[{"embeddable":true,"href":"https:\/\/psol50.org.br\/rest\/wp\/v2\/media\/28183"}],"wp:attachment":[{"href":"https:\/\/psol50.org.br\/rest\/wp\/v2\/media?parent=28181"}],"wp:term":[{"taxonomy":"category","embeddable":true,"href":"https:\/\/psol50.org.br\/rest\/wp\/v2\/categories?post=28181"},{"taxonomy":"post_tag","embeddable":true,"href":"https:\/\/psol50.org.br\/rest\/wp\/v2\/tags?post=28181"}],"curies":[{"name":"wp","href":"https:\/\/api.w.org\/{rel}","templated":true}]}}