{"id":28198,"date":"2020-04-07T12:05:54","date_gmt":"2020-04-07T15:05:54","guid":{"rendered":"https:\/\/psol50.org.br\/?p=28198"},"modified":"2020-04-07T12:05:54","modified_gmt":"2020-04-07T15:05:54","slug":"psol-cobra-fiscalizacao-sobre-ministerio-da-saude-devido-a-subnotificacao-de-casos-e-ausencia-de-testes-de-coronavirus","status":"publish","type":"post","link":"https:\/\/psol50.org.br\/psol-cobra-fiscalizacao-sobre-ministerio-da-saude-devido-a-subnotificacao-de-casos-e-ausencia-de-testes-de-coronavirus\/","title":{"rendered":"PSOL cobra fiscaliza\u00e7\u00e3o sobre Minist\u00e9rio da Sa\u00fade devido a subnotifica\u00e7\u00e3o de casos e aus\u00eancia de testes de coronav\u00edrus"},"content":{"rendered":"<p><a href=\"https:\/\/psol50.org.br\/coronavirus\/\" target=\"_blank\" rel=\"noopener noreferrer\"><img loading=\"lazy\" decoding=\"async\" class=\"alignnone size-full wp-image-27838\" src=\"https:\/\/psol50.org.br\/inc\/uploads\/2020\/03\/Banner-Site_3.png\" alt=\"\" width=\"1240\" height=\"331\" srcset=\"https:\/\/psol50.org.br\/inc\/uploads\/2020\/03\/Banner-Site_3.png 1240w, https:\/\/psol50.org.br\/inc\/uploads\/2020\/03\/Banner-Site_3-300x80.png 300w, https:\/\/psol50.org.br\/inc\/uploads\/2020\/03\/Banner-Site_3-1024x273.png 1024w, https:\/\/psol50.org.br\/inc\/uploads\/2020\/03\/Banner-Site_3-768x205.png 768w, https:\/\/psol50.org.br\/inc\/uploads\/2020\/03\/Banner-Site_3-150x40.png 150w, https:\/\/psol50.org.br\/inc\/uploads\/2020\/03\/Banner-Site_3-696x186.png 696w, https:\/\/psol50.org.br\/inc\/uploads\/2020\/03\/Banner-Site_3-1068x285.png 1068w\" sizes=\"auto, (max-width: 1240px) 100vw, 1240px\" \/><\/a><\/p>\n<p>A bancada do PSOL na C\u00e2mara dos Deputados enviou, na \u00faltima segunda-feira (6), uma Proposta de Fiscaliza\u00e7\u00e3o e Controle (PFC) ao Tribunal de Contas da Uni\u00e3o (TCU) para que o \u00f3rg\u00e3o, ao lado do Congresso Nacional, exer\u00e7a seu papel de fiscaliza\u00e7\u00e3o sobre as iniciativas do Minist\u00e9rio da Sa\u00fade durante o estado de calamidade p\u00fablica causado pela crise da pandemia do novo coronav\u00edrus.<\/p>\n<p>Os objetos de fiscaliza\u00e7\u00e3o principal s\u00e3o a poss\u00edvel grande subnotifica\u00e7\u00e3o de novos casos de Covid-19 e a aus\u00eancia de testes suficientes para que haja a dimens\u00e3o real da evolu\u00e7\u00e3o do cont\u00e1gio do v\u00edrus no Brasil. Diante da crise que envolve o governo Bolsonaro entre o pr\u00f3prio presidente e o ministro da Sa\u00fade, amea\u00e7ado de demiss\u00e3o, Luiz Henrique Mandetta, esta fiscaliza\u00e7\u00e3o externa se torna ainda mais imprescind\u00edvel.<\/p>\n<p>&#8220;\u00c9 imperativo que o poder p\u00fablico consiga precisar a real dimens\u00e3o do avan\u00e7o do v\u00edrus em territ\u00f3rio nacional. E um dos gargalos nesse processo, apontado pelo pr\u00f3prio Minist\u00e9rio da Sa\u00fade, \u00e9 a insufici\u00eancia de kits de testagem e a demora em examinar amostras coletadas pelos laborat\u00f3rios&#8221;, diz o documento.<\/p>\n<p>A proposta do PSOL se ampara em preocupantes declara\u00e7\u00f5es p\u00fablicas de autoridades sanit\u00e1rias brasileiras, e em ferramentas criadas e alimentadas por pesquisadores como o MonitoraCovid-19, do Instituto de Comunica\u00e7\u00e3o e Informa\u00e7\u00e3o em Sa\u00fade da Fiocruz, e o Observat\u00f3rio Covid-19 BR2, que re\u00fane pesquisadores de outras seis institui\u00e7\u00f5es \u2013 Universidade de S\u00e3o Paulo (USP), Universidade Estadual de Campinas (Unicamp), Universidade de Bras\u00edlia (UnB), Universidade Federal do ABC (UFABC), Universidade de Berkley (nos Estados Unidos) e Universidade de Oldenburg (na Alemanha).<\/p>\n","protected":false},"excerpt":{"rendered":"<p>A bancada do PSOL na C\u00e2mara dos Deputados enviou, na \u00faltima segunda-feira (6), uma Proposta de Fiscaliza\u00e7\u00e3o e Controle (PFC) ao Tribunal de Contas da Uni\u00e3o (TCU) para que o \u00f3rg\u00e3o, ao lado do Congresso Nacional, exer\u00e7a seu papel de fiscaliza\u00e7\u00e3o sobre as iniciativas do Minist\u00e9rio da Sa\u00fade durante o estado de calamidade p\u00fablica causado [&hellip;]<\/p>\n","protected":false},"author":2,"featured_media":28200,"comment_status":"closed","ping_status":"open","sticky":false,"template":"","format":"standard","meta":{"_acf_changed":false,"footnotes":""},"categories":[10,6],"tags":[496,494,172,22,366,173,166],"class_list":{"0":"post-28198","1":"post","2":"type-post","3":"status-publish","4":"format-standard","5":"has-post-thumbnail","7":"category-acao-parlamentares","8":"category-noticias","9":"tag-congresso-nacional","10":"tag-mandetta","11":"tag-ministerio","12":"tag-psol","13":"tag-psolcontraocoronavirus","14":"tag-saude","15":"tag-tcu"},"acf":[],"yoast_head":"<!-- This site is optimized with the Yoast SEO plugin v26.5 - https:\/\/yoast.com\/wordpress\/plugins\/seo\/ -->\n<title>PSOL cobra fiscaliza\u00e7\u00e3o sobre Minist\u00e9rio da Sa\u00fade devido a subnotifica\u00e7\u00e3o de casos e aus\u00eancia de testes de coronav\u00edrus<\/title>\n<meta name=\"description\" content=\"Partido pede que TCU e Congresso Nacional exer\u00e7am seu papel fiscalizador durante o estado de calamidade p\u00fablica causado pela crise da pandemia do novo coronav\u00edrus.\" \/>\n<meta name=\"robots\" content=\"index, follow, max-snippet:-1, max-image-preview:large, max-video-preview:-1\" \/>\n<link rel=\"canonical\" href=\"https:\/\/psol50.org.br\/psol-cobra-fiscalizacao-sobre-ministerio-da-saude-devido-a-subnotificacao-de-casos-e-ausencia-de-testes-de-coronavirus\/\" \/>\n<meta property=\"og:locale\" content=\"pt_BR\" \/>\n<meta property=\"og:type\" content=\"article\" \/>\n<meta property=\"og:title\" content=\"PSOL cobra fiscaliza\u00e7\u00e3o sobre Minist\u00e9rio da Sa\u00fade devido a subnotifica\u00e7\u00e3o de casos e aus\u00eancia de testes de coronav\u00edrus\" \/>\n<meta property=\"og:description\" content=\"Partido pede que TCU e Congresso Nacional exer\u00e7am seu papel fiscalizador durante o estado de calamidade p\u00fablica causado pela crise da pandemia do novo coronav\u00edrus.\" \/>\n<meta property=\"og:url\" content=\"https:\/\/psol50.org.br\/psol-cobra-fiscalizacao-sobre-ministerio-da-saude-devido-a-subnotificacao-de-casos-e-ausencia-de-testes-de-coronavirus\/\" \/>\n<meta property=\"og:site_name\" content=\"PSOL 50\" \/>\n<meta property=\"article:publisher\" content=\"https:\/\/www.facebook.com\/psol50\" \/>\n<meta property=\"article:published_time\" content=\"2020-04-07T15:05:54+00:00\" \/>\n<meta property=\"og:image\" content=\"https:\/\/psol50.org.br\/inc\/uploads\/2020\/04\/luiz-mandetta-18-mar-2020-sergio-lima-868x644-1.jpg\" \/>\n\t<meta property=\"og:image:width\" content=\"868\" \/>\n\t<meta property=\"og:image:height\" content=\"644\" \/>\n\t<meta property=\"og:image:type\" content=\"image\/jpeg\" \/>\n<meta name=\"author\" content=\"Comunica\u00e7\u00e3o PSOL\" \/>\n<meta name=\"twitter:card\" content=\"summary_large_image\" \/>\n<meta name=\"twitter:title\" content=\"PSOL cobra fiscaliza\u00e7\u00e3o sobre Minist\u00e9rio da Sa\u00fade devido a subnotifica\u00e7\u00e3o de casos e aus\u00eancia de testes de coronav\u00edrus\" \/>\n<meta name=\"twitter:description\" content=\"Partido pede que TCU e Congresso Nacional exer\u00e7am seu papel fiscalizador durante o estado de calamidade p\u00fablica causado pela crise da pandemia do novo coronav\u00edrus.\" \/>\n<meta name=\"twitter:image\" content=\"https:\/\/psol50.org.br\/inc\/uploads\/2020\/04\/luiz-mandetta-18-mar-2020-sergio-lima-868x644-1.jpg\" \/>\n<meta name=\"twitter:creator\" content=\"@psol50\" \/>\n<meta name=\"twitter:site\" content=\"@psol50\" \/>\n<meta name=\"twitter:label1\" content=\"Escrito por\" \/>\n\t<meta name=\"twitter:data1\" content=\"Comunica\u00e7\u00e3o PSOL\" \/>\n\t<meta name=\"twitter:label2\" content=\"Est. tempo de leitura\" \/>\n\t<meta name=\"twitter:data2\" content=\"1 minuto\" \/>\n<script type=\"application\/ld+json\" class=\"yoast-schema-graph\">{\"@context\":\"https:\/\/schema.org\",\"@graph\":[{\"@type\":\"Article\",\"@id\":\"https:\/\/psol50.org.br\/psol-cobra-fiscalizacao-sobre-ministerio-da-saude-devido-a-subnotificacao-de-casos-e-ausencia-de-testes-de-coronavirus\/#article\",\"isPartOf\":{\"@id\":\"https:\/\/psol50.org.br\/psol-cobra-fiscalizacao-sobre-ministerio-da-saude-devido-a-subnotificacao-de-casos-e-ausencia-de-testes-de-coronavirus\/\"},\"author\":{\"name\":\"Comunica\u00e7\u00e3o PSOL\",\"@id\":\"https:\/\/psol50.org.br\/#\/schema\/person\/475dfa57d0b815993c714c2e96491fcd\"},\"headline\":\"PSOL cobra fiscaliza\u00e7\u00e3o sobre Minist\u00e9rio da Sa\u00fade devido a subnotifica\u00e7\u00e3o de casos e aus\u00eancia de testes de coronav\u00edrus\",\"datePublished\":\"2020-04-07T15:05:54+00:00\",\"mainEntityOfPage\":{\"@id\":\"https:\/\/psol50.org.br\/psol-cobra-fiscalizacao-sobre-ministerio-da-saude-devido-a-subnotificacao-de-casos-e-ausencia-de-testes-de-coronavirus\/\"},\"wordCount\":322,\"publisher\":{\"@id\":\"https:\/\/psol50.org.br\/#organization\"},\"image\":{\"@id\":\"https:\/\/psol50.org.br\/psol-cobra-fiscalizacao-sobre-ministerio-da-saude-devido-a-subnotificacao-de-casos-e-ausencia-de-testes-de-coronavirus\/#primaryimage\"},\"thumbnailUrl\":\"https:\/\/psol50.org.br\/inc\/uploads\/2020\/04\/luiz-mandetta-18-mar-2020-sergio-lima-868x644-1.jpg\",\"keywords\":[\"Congresso Nacional\",\"mandetta\",\"minist\u00e9rio\",\"PSOL\",\"psolcontraocoronavirus\",\"sa\u00fade\",\"tcu\"],\"articleSection\":[\"A\u00e7\u00e3o Parlamentar\",\"Not\u00edcias\"],\"inLanguage\":\"pt-BR\"},{\"@type\":\"WebPage\",\"@id\":\"https:\/\/psol50.org.br\/psol-cobra-fiscalizacao-sobre-ministerio-da-saude-devido-a-subnotificacao-de-casos-e-ausencia-de-testes-de-coronavirus\/\",\"url\":\"https:\/\/psol50.org.br\/psol-cobra-fiscalizacao-sobre-ministerio-da-saude-devido-a-subnotificacao-de-casos-e-ausencia-de-testes-de-coronavirus\/\",\"name\":\"PSOL cobra fiscaliza\u00e7\u00e3o sobre Minist\u00e9rio da Sa\u00fade devido a subnotifica\u00e7\u00e3o de casos e aus\u00eancia de testes de coronav\u00edrus\",\"isPartOf\":{\"@id\":\"https:\/\/psol50.org.br\/#website\"},\"primaryImageOfPage\":{\"@id\":\"https:\/\/psol50.org.br\/psol-cobra-fiscalizacao-sobre-ministerio-da-saude-devido-a-subnotificacao-de-casos-e-ausencia-de-testes-de-coronavirus\/#primaryimage\"},\"image\":{\"@id\":\"https:\/\/psol50.org.br\/psol-cobra-fiscalizacao-sobre-ministerio-da-saude-devido-a-subnotificacao-de-casos-e-ausencia-de-testes-de-coronavirus\/#primaryimage\"},\"thumbnailUrl\":\"https:\/\/psol50.org.br\/inc\/uploads\/2020\/04\/luiz-mandetta-18-mar-2020-sergio-lima-868x644-1.jpg\",\"datePublished\":\"2020-04-07T15:05:54+00:00\",\"description\":\"Partido pede que TCU e Congresso Nacional exer\u00e7am seu papel fiscalizador durante o estado de calamidade p\u00fablica causado pela crise da pandemia do novo coronav\u00edrus.\",\"breadcrumb\":{\"@id\":\"https:\/\/psol50.org.br\/psol-cobra-fiscalizacao-sobre-ministerio-da-saude-devido-a-subnotificacao-de-casos-e-ausencia-de-testes-de-coronavirus\/#breadcrumb\"},\"inLanguage\":\"pt-BR\",\"potentialAction\":[{\"@type\":\"ReadAction\",\"target\":[\"https:\/\/psol50.org.br\/psol-cobra-fiscalizacao-sobre-ministerio-da-saude-devido-a-subnotificacao-de-casos-e-ausencia-de-testes-de-coronavirus\/\"]}]},{\"@type\":\"ImageObject\",\"inLanguage\":\"pt-BR\",\"@id\":\"https:\/\/psol50.org.br\/psol-cobra-fiscalizacao-sobre-ministerio-da-saude-devido-a-subnotificacao-de-casos-e-ausencia-de-testes-de-coronavirus\/#primaryimage\",\"url\":\"https:\/\/psol50.org.br\/inc\/uploads\/2020\/04\/luiz-mandetta-18-mar-2020-sergio-lima-868x644-1.jpg\",\"contentUrl\":\"https:\/\/psol50.org.br\/inc\/uploads\/2020\/04\/luiz-mandetta-18-mar-2020-sergio-lima-868x644-1.jpg\",\"width\":868,\"height\":644,\"caption\":\"Foto: Se\u0301rgio Lima\/Poder360\"},{\"@type\":\"BreadcrumbList\",\"@id\":\"https:\/\/psol50.org.br\/psol-cobra-fiscalizacao-sobre-ministerio-da-saude-devido-a-subnotificacao-de-casos-e-ausencia-de-testes-de-coronavirus\/#breadcrumb\",\"itemListElement\":[{\"@type\":\"ListItem\",\"position\":1,\"name\":\"In\u00edcio\",\"item\":\"https:\/\/psol50.org.br\/\"},{\"@type\":\"ListItem\",\"position\":2,\"name\":\"PSOL cobra fiscaliza\u00e7\u00e3o sobre Minist\u00e9rio da Sa\u00fade devido a subnotifica\u00e7\u00e3o de casos e aus\u00eancia de testes de coronav\u00edrus\"}]},{\"@type\":\"WebSite\",\"@id\":\"https:\/\/psol50.org.br\/#website\",\"url\":\"https:\/\/psol50.org.br\/\",\"name\":\"PSOL 50\",\"description\":\"Site oficial do Partido Socialismo e Liberdade\",\"publisher\":{\"@id\":\"https:\/\/psol50.org.br\/#organization\"},\"alternateName\":\"PSOL50\",\"potentialAction\":[{\"@type\":\"SearchAction\",\"target\":{\"@type\":\"EntryPoint\",\"urlTemplate\":\"https:\/\/psol50.org.br\/?s={search_term_string}\"},\"query-input\":{\"@type\":\"PropertyValueSpecification\",\"valueRequired\":true,\"valueName\":\"search_term_string\"}}],\"inLanguage\":\"pt-BR\"},{\"@type\":\"Organization\",\"@id\":\"https:\/\/psol50.org.br\/#organization\",\"name\":\"PSOL 50\",\"alternateName\":\"PSOL 50\",\"url\":\"https:\/\/psol50.org.br\/\",\"logo\":{\"@type\":\"ImageObject\",\"inLanguage\":\"pt-BR\",\"@id\":\"https:\/\/psol50.org.br\/#\/schema\/logo\/image\/\",\"url\":\"https:\/\/psol50.org.br\/inc\/uploads\/2018\/07\/capa.png\",\"contentUrl\":\"https:\/\/psol50.org.br\/inc\/uploads\/2018\/07\/capa.png\",\"width\":1350,\"height\":900,\"caption\":\"PSOL 50\"},\"image\":{\"@id\":\"https:\/\/psol50.org.br\/#\/schema\/logo\/image\/\"},\"sameAs\":[\"https:\/\/www.facebook.com\/psol50\",\"https:\/\/x.com\/psol50\",\"https:\/\/www.instagram.com\/psol50\/\",\"https:\/\/www.youtube.com\/channel\/UC7SnJS5o1os7a6CaiNabzcg\"]},{\"@type\":\"Person\",\"@id\":\"https:\/\/psol50.org.br\/#\/schema\/person\/475dfa57d0b815993c714c2e96491fcd\",\"name\":\"Comunica\u00e7\u00e3o PSOL\",\"image\":{\"@type\":\"ImageObject\",\"inLanguage\":\"pt-BR\",\"@id\":\"https:\/\/psol50.org.br\/#\/schema\/person\/image\/\",\"url\":\"https:\/\/secure.gravatar.com\/avatar\/b34fc4f4e468a4e51785917065a3db57b841f5c95dba6ad8c73aaf8f66f8f9bf?s=96&d=mm&r=g\",\"contentUrl\":\"https:\/\/secure.gravatar.com\/avatar\/b34fc4f4e468a4e51785917065a3db57b841f5c95dba6ad8c73aaf8f66f8f9bf?s=96&d=mm&r=g\",\"caption\":\"Comunica\u00e7\u00e3o PSOL\"}}]}<\/script>\n<!-- \/ Yoast SEO plugin. -->","yoast_head_json":{"title":"PSOL cobra fiscaliza\u00e7\u00e3o sobre Minist\u00e9rio da Sa\u00fade devido a subnotifica\u00e7\u00e3o de casos e aus\u00eancia de testes de coronav\u00edrus","description":"Partido pede que TCU e Congresso Nacional exer\u00e7am seu papel fiscalizador durante o estado de calamidade p\u00fablica causado pela crise da pandemia do novo coronav\u00edrus.","robots":{"index":"index","follow":"follow","max-snippet":"max-snippet:-1","max-image-preview":"max-image-preview:large","max-video-preview":"max-video-preview:-1"},"canonical":"https:\/\/psol50.org.br\/psol-cobra-fiscalizacao-sobre-ministerio-da-saude-devido-a-subnotificacao-de-casos-e-ausencia-de-testes-de-coronavirus\/","og_locale":"pt_BR","og_type":"article","og_title":"PSOL cobra fiscaliza\u00e7\u00e3o sobre Minist\u00e9rio da Sa\u00fade devido a subnotifica\u00e7\u00e3o de casos e aus\u00eancia de testes de coronav\u00edrus","og_description":"Partido pede que TCU e Congresso Nacional exer\u00e7am seu papel fiscalizador durante o estado de calamidade p\u00fablica causado pela crise da pandemia do novo coronav\u00edrus.","og_url":"https:\/\/psol50.org.br\/psol-cobra-fiscalizacao-sobre-ministerio-da-saude-devido-a-subnotificacao-de-casos-e-ausencia-de-testes-de-coronavirus\/","og_site_name":"PSOL 50","article_publisher":"https:\/\/www.facebook.com\/psol50","article_published_time":"2020-04-07T15:05:54+00:00","og_image":[{"width":868,"height":644,"url":"https:\/\/psol50.org.br\/inc\/uploads\/2020\/04\/luiz-mandetta-18-mar-2020-sergio-lima-868x644-1.jpg","type":"image\/jpeg"}],"author":"Comunica\u00e7\u00e3o PSOL","twitter_card":"summary_large_image","twitter_title":"PSOL cobra fiscaliza\u00e7\u00e3o sobre Minist\u00e9rio da Sa\u00fade devido a subnotifica\u00e7\u00e3o de casos e aus\u00eancia de testes de coronav\u00edrus","twitter_description":"Partido pede que TCU e Congresso Nacional exer\u00e7am seu papel fiscalizador durante o estado de calamidade p\u00fablica causado pela crise da pandemia do novo coronav\u00edrus.","twitter_image":"https:\/\/psol50.org.br\/inc\/uploads\/2020\/04\/luiz-mandetta-18-mar-2020-sergio-lima-868x644-1.jpg","twitter_creator":"@psol50","twitter_site":"@psol50","twitter_misc":{"Escrito por":"Comunica\u00e7\u00e3o PSOL","Est. tempo de leitura":"1 minuto"},"schema":{"@context":"https:\/\/schema.org","@graph":[{"@type":"Article","@id":"https:\/\/psol50.org.br\/psol-cobra-fiscalizacao-sobre-ministerio-da-saude-devido-a-subnotificacao-de-casos-e-ausencia-de-testes-de-coronavirus\/#article","isPartOf":{"@id":"https:\/\/psol50.org.br\/psol-cobra-fiscalizacao-sobre-ministerio-da-saude-devido-a-subnotificacao-de-casos-e-ausencia-de-testes-de-coronavirus\/"},"author":{"name":"Comunica\u00e7\u00e3o PSOL","@id":"https:\/\/psol50.org.br\/#\/schema\/person\/475dfa57d0b815993c714c2e96491fcd"},"headline":"PSOL cobra fiscaliza\u00e7\u00e3o sobre Minist\u00e9rio da Sa\u00fade devido a subnotifica\u00e7\u00e3o de casos e aus\u00eancia de testes de coronav\u00edrus","datePublished":"2020-04-07T15:05:54+00:00","mainEntityOfPage":{"@id":"https:\/\/psol50.org.br\/psol-cobra-fiscalizacao-sobre-ministerio-da-saude-devido-a-subnotificacao-de-casos-e-ausencia-de-testes-de-coronavirus\/"},"wordCount":322,"publisher":{"@id":"https:\/\/psol50.org.br\/#organization"},"image":{"@id":"https:\/\/psol50.org.br\/psol-cobra-fiscalizacao-sobre-ministerio-da-saude-devido-a-subnotificacao-de-casos-e-ausencia-de-testes-de-coronavirus\/#primaryimage"},"thumbnailUrl":"https:\/\/psol50.org.br\/inc\/uploads\/2020\/04\/luiz-mandetta-18-mar-2020-sergio-lima-868x644-1.jpg","keywords":["Congresso Nacional","mandetta","minist\u00e9rio","PSOL","psolcontraocoronavirus","sa\u00fade","tcu"],"articleSection":["A\u00e7\u00e3o Parlamentar","Not\u00edcias"],"inLanguage":"pt-BR"},{"@type":"WebPage","@id":"https:\/\/psol50.org.br\/psol-cobra-fiscalizacao-sobre-ministerio-da-saude-devido-a-subnotificacao-de-casos-e-ausencia-de-testes-de-coronavirus\/","url":"https:\/\/psol50.org.br\/psol-cobra-fiscalizacao-sobre-ministerio-da-saude-devido-a-subnotificacao-de-casos-e-ausencia-de-testes-de-coronavirus\/","name":"PSOL cobra fiscaliza\u00e7\u00e3o sobre Minist\u00e9rio da Sa\u00fade devido a subnotifica\u00e7\u00e3o de casos e aus\u00eancia de testes de coronav\u00edrus","isPartOf":{"@id":"https:\/\/psol50.org.br\/#website"},"primaryImageOfPage":{"@id":"https:\/\/psol50.org.br\/psol-cobra-fiscalizacao-sobre-ministerio-da-saude-devido-a-subnotificacao-de-casos-e-ausencia-de-testes-de-coronavirus\/#primaryimage"},"image":{"@id":"https:\/\/psol50.org.br\/psol-cobra-fiscalizacao-sobre-ministerio-da-saude-devido-a-subnotificacao-de-casos-e-ausencia-de-testes-de-coronavirus\/#primaryimage"},"thumbnailUrl":"https:\/\/psol50.org.br\/inc\/uploads\/2020\/04\/luiz-mandetta-18-mar-2020-sergio-lima-868x644-1.jpg","datePublished":"2020-04-07T15:05:54+00:00","description":"Partido pede que TCU e Congresso Nacional exer\u00e7am seu papel fiscalizador durante o estado de calamidade p\u00fablica causado pela crise da pandemia do novo coronav\u00edrus.","breadcrumb":{"@id":"https:\/\/psol50.org.br\/psol-cobra-fiscalizacao-sobre-ministerio-da-saude-devido-a-subnotificacao-de-casos-e-ausencia-de-testes-de-coronavirus\/#breadcrumb"},"inLanguage":"pt-BR","potentialAction":[{"@type":"ReadAction","target":["https:\/\/psol50.org.br\/psol-cobra-fiscalizacao-sobre-ministerio-da-saude-devido-a-subnotificacao-de-casos-e-ausencia-de-testes-de-coronavirus\/"]}]},{"@type":"ImageObject","inLanguage":"pt-BR","@id":"https:\/\/psol50.org.br\/psol-cobra-fiscalizacao-sobre-ministerio-da-saude-devido-a-subnotificacao-de-casos-e-ausencia-de-testes-de-coronavirus\/#primaryimage","url":"https:\/\/psol50.org.br\/inc\/uploads\/2020\/04\/luiz-mandetta-18-mar-2020-sergio-lima-868x644-1.jpg","contentUrl":"https:\/\/psol50.org.br\/inc\/uploads\/2020\/04\/luiz-mandetta-18-mar-2020-sergio-lima-868x644-1.jpg","width":868,"height":644,"caption":"Foto: Se\u0301rgio Lima\/Poder360"},{"@type":"BreadcrumbList","@id":"https:\/\/psol50.org.br\/psol-cobra-fiscalizacao-sobre-ministerio-da-saude-devido-a-subnotificacao-de-casos-e-ausencia-de-testes-de-coronavirus\/#breadcrumb","itemListElement":[{"@type":"ListItem","position":1,"name":"In\u00edcio","item":"https:\/\/psol50.org.br\/"},{"@type":"ListItem","position":2,"name":"PSOL cobra fiscaliza\u00e7\u00e3o sobre Minist\u00e9rio da Sa\u00fade devido a subnotifica\u00e7\u00e3o de casos e aus\u00eancia de testes de coronav\u00edrus"}]},{"@type":"WebSite","@id":"https:\/\/psol50.org.br\/#website","url":"https:\/\/psol50.org.br\/","name":"PSOL 50","description":"Site oficial do Partido Socialismo e Liberdade","publisher":{"@id":"https:\/\/psol50.org.br\/#organization"},"alternateName":"PSOL50","potentialAction":[{"@type":"SearchAction","target":{"@type":"EntryPoint","urlTemplate":"https:\/\/psol50.org.br\/?s={search_term_string}"},"query-input":{"@type":"PropertyValueSpecification","valueRequired":true,"valueName":"search_term_string"}}],"inLanguage":"pt-BR"},{"@type":"Organization","@id":"https:\/\/psol50.org.br\/#organization","name":"PSOL 50","alternateName":"PSOL 50","url":"https:\/\/psol50.org.br\/","logo":{"@type":"ImageObject","inLanguage":"pt-BR","@id":"https:\/\/psol50.org.br\/#\/schema\/logo\/image\/","url":"https:\/\/psol50.org.br\/inc\/uploads\/2018\/07\/capa.png","contentUrl":"https:\/\/psol50.org.br\/inc\/uploads\/2018\/07\/capa.png","width":1350,"height":900,"caption":"PSOL 50"},"image":{"@id":"https:\/\/psol50.org.br\/#\/schema\/logo\/image\/"},"sameAs":["https:\/\/www.facebook.com\/psol50","https:\/\/x.com\/psol50","https:\/\/www.instagram.com\/psol50\/","https:\/\/www.youtube.com\/channel\/UC7SnJS5o1os7a6CaiNabzcg"]},{"@type":"Person","@id":"https:\/\/psol50.org.br\/#\/schema\/person\/475dfa57d0b815993c714c2e96491fcd","name":"Comunica\u00e7\u00e3o PSOL","image":{"@type":"ImageObject","inLanguage":"pt-BR","@id":"https:\/\/psol50.org.br\/#\/schema\/person\/image\/","url":"https:\/\/secure.gravatar.com\/avatar\/b34fc4f4e468a4e51785917065a3db57b841f5c95dba6ad8c73aaf8f66f8f9bf?s=96&d=mm&r=g","contentUrl":"https:\/\/secure.gravatar.com\/avatar\/b34fc4f4e468a4e51785917065a3db57b841f5c95dba6ad8c73aaf8f66f8f9bf?s=96&d=mm&r=g","caption":"Comunica\u00e7\u00e3o PSOL"}}]}},"_links":{"self":[{"href":"https:\/\/psol50.org.br\/rest\/wp\/v2\/posts\/28198","targetHints":{"allow":["GET"]}}],"collection":[{"href":"https:\/\/psol50.org.br\/rest\/wp\/v2\/posts"}],"about":[{"href":"https:\/\/psol50.org.br\/rest\/wp\/v2\/types\/post"}],"author":[{"embeddable":true,"href":"https:\/\/psol50.org.br\/rest\/wp\/v2\/users\/2"}],"replies":[{"embeddable":true,"href":"https:\/\/psol50.org.br\/rest\/wp\/v2\/comments?post=28198"}],"version-history":[{"count":0,"href":"https:\/\/psol50.org.br\/rest\/wp\/v2\/posts\/28198\/revisions"}],"wp:featuredmedia":[{"embeddable":true,"href":"https:\/\/psol50.org.br\/rest\/wp\/v2\/media\/28200"}],"wp:attachment":[{"href":"https:\/\/psol50.org.br\/rest\/wp\/v2\/media?parent=28198"}],"wp:term":[{"taxonomy":"category","embeddable":true,"href":"https:\/\/psol50.org.br\/rest\/wp\/v2\/categories?post=28198"},{"taxonomy":"post_tag","embeddable":true,"href":"https:\/\/psol50.org.br\/rest\/wp\/v2\/tags?post=28198"}],"curies":[{"name":"wp","href":"https:\/\/api.w.org\/{rel}","templated":true}]}}