{"id":28204,"date":"2020-04-08T09:44:34","date_gmt":"2020-04-08T12:44:34","guid":{"rendered":"https:\/\/psol50.org.br\/?p=28204"},"modified":"2020-04-08T09:44:34","modified_gmt":"2020-04-08T12:44:34","slug":"manifesto-unitario-contra-bolsonaro-recebe-adesao-de-parlamentares-e-abre-plataforma-para-assinaturas-da-sociedade","status":"publish","type":"post","link":"https:\/\/psol50.org.br\/manifesto-unitario-contra-bolsonaro-recebe-adesao-de-parlamentares-e-abre-plataforma-para-assinaturas-da-sociedade\/","title":{"rendered":"Manifesto unit\u00e1rio contra Bolsonaro recebe ades\u00e3o de parlamentares e abre plataforma para assinaturas da sociedade"},"content":{"rendered":"<p><a href=\"https:\/\/psol50.org.br\/coronavirus\/\" target=\"_blank\" rel=\"noopener noreferrer\"><img loading=\"lazy\" decoding=\"async\" class=\"alignnone size-full wp-image-27838\" src=\"https:\/\/psol50.org.br\/inc\/uploads\/2020\/03\/Banner-Site_3.png\" alt=\"\" width=\"1240\" height=\"331\" srcset=\"https:\/\/psol50.org.br\/inc\/uploads\/2020\/03\/Banner-Site_3.png 1240w, https:\/\/psol50.org.br\/inc\/uploads\/2020\/03\/Banner-Site_3-300x80.png 300w, https:\/\/psol50.org.br\/inc\/uploads\/2020\/03\/Banner-Site_3-1024x273.png 1024w, https:\/\/psol50.org.br\/inc\/uploads\/2020\/03\/Banner-Site_3-768x205.png 768w, https:\/\/psol50.org.br\/inc\/uploads\/2020\/03\/Banner-Site_3-150x40.png 150w, https:\/\/psol50.org.br\/inc\/uploads\/2020\/03\/Banner-Site_3-696x186.png 696w, https:\/\/psol50.org.br\/inc\/uploads\/2020\/03\/Banner-Site_3-1068x285.png 1068w\" sizes=\"auto, (max-width: 1240px) 100vw, 1240px\" \/><\/a><\/p>\n<p>Nesta ter\u00e7a-feira, 7, o manifesto assinado por lideran\u00e7as pol\u00edticas da esquerda como Guilherme Boulos (PSOL), Fernando Haddad (PT), Ciro Gomes (PDT) e Flavio Dino (PC do B), al\u00e9m de presidentes de 7 partidos, recebeu a ades\u00e3o de 64 parlamentares, entre deputados federais e senadores.<\/p>\n<p>Al\u00e9m disso, foi lan\u00e7ada a plataforma para assinatura do manifesto pelos cidad\u00e3os e cidad\u00e3s brasileiras. A partir de hoje, o Manifesto de Unidade da Esquerda pela sa\u00edda de Jair Bolsonaro e por medidas emergenciais diante da crise do coronav\u00edrus torna-se uma campanha permanente nas redes sociais. <strong><a href=\"http:\/\/www.acaboubolsonaro.com.br\" target=\"_blank\" rel=\"noopener noreferrer\">\u00c9 poss\u00edvel assinar aqui!<\/a><\/strong><\/p>\n<h6>Leia a \u00edntegra do Manifesto:<\/h6>\n<p><strong>O BRASIL N\u00c3O PODE SER DESTRU\u00cdDO POR BOLSONARO<\/strong><\/p>\n<p>O Brasil e o mundo enfrentam uma emerg\u00eancia sem precedentes na hist\u00f3ria moderna, a pandemia do coronav\u00edrus, de grav\u00edssimas consequ\u00eancias para a vida humana, a sa\u00fade p\u00fablica e a atividade econ\u00f4mica.<\/p>\n<p>Em nosso pa\u00eds a emerg\u00eancia \u00e9 agravada por um presidente da Rep\u00fablica irrespons\u00e1vel. Jair Bolsonaro \u00e9 o maior obst\u00e1culo \u00e0 tomada de decis\u00f5es urgentes para reduzir a evolu\u00e7\u00e3o do cont\u00e1gio, salvar vidas e garantir a renda das fam\u00edlias, o emprego e as empresas. Atenta contra a sa\u00fade p\u00fablica, desconsiderando determina\u00e7\u00f5es t\u00e9cnicas e as experi\u00eancias de outros pa\u00edses. Antes mesmo da chegada do v\u00edrus, os servi\u00e7os p\u00fablicos e a economia brasileira j\u00e1 estavam dramaticamente debilitados pela agenda neoliberal que vem sendo imposta ao pa\u00eds. Neste momento \u00e9 preciso mobilizar, sem limites, todos os recursos p\u00fablicos necess\u00e1rios para salvar vidas.<\/p>\n<p>Bolsonaro n\u00e3o tem condi\u00e7\u00f5es de seguir governando o Brasil e de enfrentar essa crise, que compromete a sa\u00fade e a economia. Comete crimes, frauda informa\u00e7\u00f5es, mente e incentiva o caos, aproveitando-se do desespero da popula\u00e7\u00e3o mais vulner\u00e1vel. Precisamos de uni\u00e3o e entendimento para enfrentar a pandemia, n\u00e3o de um presidente que contraria as autoridades de Sa\u00fade P\u00fablica e submete a vida de todos aos seus interesses pol\u00edticos autorit\u00e1rios. Basta! Bolsonaro \u00e9 mais que um problema pol\u00edtico, tornou-se um problema de sa\u00fade p\u00fablica. Falta a Bolsonaro grandeza. Deveria renunciar, que seria o gesto menos custoso para permitir uma sa\u00edda democr\u00e1tica ao pa\u00eds. Ele precisa ser urgentemente contido e responder pelos crimes que est\u00e1 cometendo contra nosso povo.<\/p>\n<p>Ao mesmo tempo, ao contr\u00e1rio de seu governo &#8211; que anuncia medidas tardias e err\u00e1ticas &#8211; temos compromisso com o Brasil. Por isso chamamos a unidade das for\u00e7as pol\u00edticas populares e democr\u00e1ticas em torno de um Plano de Emerg\u00eancia Nacional para implantar as seguintes a\u00e7\u00f5es:<\/p>\n<ul>\n<li>Manter e qualificar as medidas de redu\u00e7\u00e3o do contato social enquanto forem necess\u00e1rias, de acordo com crit\u00e9rios cient\u00edficos;<\/li>\n<li>Cria\u00e7\u00e3o de leitos de UTI provis\u00f3rios e importa\u00e7\u00e3o massiva de testes e equipamentos de prote\u00e7\u00e3o para profissionais e para a popula\u00e7\u00e3o;<\/li>\n<li>Implementa\u00e7\u00e3o urgente da Renda B\u00e1sica permanente para desempregados e trabalhadores informais, de acordo com o PL aprovado pela C\u00e2mara dos Deputados, e com olhar especial aos povos ind\u00edgenas, quilombolas e aos sem-teto, que est\u00e3o em maior vulnerabilidade;<\/li>\n<li>Suspens\u00e3o da cobran\u00e7a das tarifas de servi\u00e7os b\u00e1sicos para os mais pobres enquanto dure a crise,<\/li>\n<li>Proibi\u00e7\u00e3o de demiss\u00f5es, com aux\u00edlio do Estado no pagamento do sal\u00e1rio aos setores mais afetados e socorro em forma de financiamento subsidiado, aos m\u00e9dios, pequenos e micro empres\u00e1rios;<\/li>\n<li>Regulamenta\u00e7\u00e3o imediata de tributos sobre grandes fortunas, lucros e dividendos; empr\u00e9stimo compuls\u00f3rio a ser pago pelos bancos privados e utiliza\u00e7\u00e3o do Tesouro Nacional para arcar com os gastos de sa\u00fade e seguro social, al\u00e9m da previs\u00e3o de revis\u00e3o seletiva e criteriosa das renunciais fiscais, quando a economia for normalizada.<\/li>\n<\/ul>\n<p>Frente a um governo que aposta irresponsavelmente no caos social, econ\u00f4mico e pol\u00edtico, \u00e9 obriga\u00e7\u00e3o do Congresso Nacional legislar na emerg\u00eancia, para proteger o povo e o pa\u00eds da pandemia. \u00c9 dever de governadores e prefeitos zelarem pela sa\u00fade p\u00fablica, atuando de forma coordenada, como muitos t\u00eam feito de forma louv\u00e1vel. \u00c9 tamb\u00e9m obriga\u00e7\u00e3o do Minist\u00e9rio P\u00fablico e do Judici\u00e1rio deter prontamente as iniciativas criminosas de um Executivo que transgride as garantias constitucionais \u00e0 vida humana. \u00c9 dever de todos atuar com responsabilidade e patriotismo.<\/p>\n<p><em><strong>LIDERAN\u00c7AS POL\u00cdTICAS NACIONAIS (por ordem alfab\u00e9tica):<\/strong><\/em><\/p>\n<p>Carlos Siqueira, presidente nacional do PSB.<\/p>\n<p>Carlos Lupi, presidente nacional do PDT.<\/p>\n<p>Ciro Gomes, ex-candidato a Presid\u00eancia pelo PDT.<\/p>\n<p>Edmilson Costa, presidente nacional do PCB.<\/p>\n<p>Fernando Haddad, ex-candidato \u00e0 Presid\u00eancia pelo PT.<\/p>\n<p>Flavio Dino, governador do estado do Maranh\u00e3o.<\/p>\n<p><strong>Guilherme Boulos, ex-candidato a Presid\u00eancia pelo PSOL.<\/strong><\/p>\n<p>Gleisi Hoffmann, presidenta nacional do PT.<\/p>\n<p>Jos\u00e9 Luiz Penna, presidente nacional do PV.<\/p>\n<p><strong>Juliano Medeiros, presidente nacional do PSOL.<\/strong><\/p>\n<p>Luciana Santos, presidenta nacional do PC do B.<\/p>\n<p>Manuela D&#8217;Avila, ex-candidata a Vice-presid\u00eancia (PC do B).<\/p>\n<p>Randolfe Rodrigues, l\u00edder da Rede no Congresso.<\/p>\n<p>Roberto Requi\u00e3o, ex-governador do Paran\u00e1.<\/p>\n<p><strong>Sonia Guajajara, ex-candidata \u00e0 Vice-presid\u00eancia (PSOL).<\/strong><\/p>\n<p>Tarso Genro, ex-governador do Rio Grande do Sul.<\/p>\n<p><em>PARLAMENTARES (por ordem alfab\u00e9tica):<\/em><\/p>\n<p>&#8211; Senadores:<\/p>\n<p>Fabiano Contarato (Rede\/ES)<\/p>\n<p>Randolfe Rodrigues (Rede\/AP)<\/p>\n<p>Rog\u00e9rio Carvalho &#8211; L\u00edder do PT no Senado<\/p>\n<p>Veneziano Vital do Rego (PSB\/PB) &#8211; L\u00edder do Bloco PSB\/REDE\/PDT\/CIdadania<\/p>\n<p>Weverton Rocha &#8211; L\u00edder do PDT no Senado<\/p>\n<p>&#8211; Deputados Federais:<\/p>\n<p>Afonso Florence (PT\/BA)<\/p>\n<p><strong>\u00c1urea Carolina (PSOL\/MG)<\/strong><\/p>\n<p>Airton Faleiro (PT\/PA)<\/p>\n<p>Alencar Santana (PT\/SP)<\/p>\n<p>Alexandre Padilha (PT\/SP)<\/p>\n<p>Arlindo Chinaglia (PT\/SP)<\/p>\n<p>Assis Carvalho (PT\/PI)<\/p>\n<p>Benedita da Silva (PT\/RJ)<\/p>\n<p>Beto Faro (PT\/PA)<\/p>\n<p>Bohn Gass (PT\/RS)<\/p>\n<p>Carlos Veras (PT\/PE)<\/p>\n<p>Carlos Zarattini (PT\/SP)<\/p>\n<p>Celio Moura (PT\/TO)<\/p>\n<p><strong>Edmilson Rodrigues (PSOL\/PA)<\/strong><\/p>\n<p>Enio Verri (PT\/PR) &#8211; L\u00edder do PT<\/p>\n<p>Erika Kokay (PT\/DF)<\/p>\n<p>Gleisi Hoffmann (PT\/PR)<\/p>\n<p>Helder Salom\u00e3o (PT\/ES)<\/p>\n<p>Henrique Fontana (PT\/RS)<\/p>\n<p><strong>Ivan Valente (PSOL\/SP)<\/strong><\/p>\n<p>Jo\u00e3o Daniel (PT\/SE)<\/p>\n<p>Joenia Wapichana (Rede\/RR)<\/p>\n<p>Jorge Solla (PT\/BA)<\/p>\n<p>Jos\u00e9 Luiz Penna (PV\/SP)<\/p>\n<p>Jos\u00e9 Airton (PT\/CE)<\/p>\n<p>Jos\u00e9 Guimar\u00e3es (PT\/CE)<\/p>\n<p>Jos\u00e9 Ricardo (PT\/AM)<\/p>\n<p>Joseildo Ramos (PT\/BA)<\/p>\n<p>Leonardo Monteiro (PT\/MG)<\/p>\n<p><strong>Luiza Erundina (PSOL\/SP)<\/strong><\/p>\n<p>Luizianne Lins (PT\/CE)<\/p>\n<p><strong>Marcelo Freixo (PSOL\/RJ)<\/strong><\/p>\n<p>Marcon (PT\/RS)<\/p>\n<p>Margarida Salom\u00e3o (PT\/MG)<\/p>\n<p>Maria do Ros\u00e1rio (PT\/RS)<\/p>\n<p>Marilia Arraes (PT\/PE)<\/p>\n<p>Nat\u00e1lia Bonavides (PT\/RN)<\/p>\n<p>Nilto Tatto (PT\/SP)<\/p>\n<p>Odair Cunha (PT\/MG)<\/p>\n<p>Padre Jo\u00e3o (PT\/MG)<\/p>\n<p>Paul\u00e3o (PT\/AL)<\/p>\n<p>Paulo Guedes (PT\/MG)<\/p>\n<p>Paulo Pimenta (PT\/RS)<\/p>\n<p>Paulo Teixeira (PT\/SP)<\/p>\n<p>Prof. Rosa Neide (PT\/MT)<\/p>\n<p>Reginaldo Lopes (PT\/MG)<\/p>\n<p>Rogerio Correia (PT\/MG)<\/p>\n<p>Rubens Otoni (PT\/GO)<\/p>\n<p><strong>Tal\u00edria Petrone (PSOL\/RJ)<\/strong><\/p>\n<p>T\u00falio Gad\u00ealha (PDT\/PE)<\/p>\n<p>Valmir Assun\u00e7\u00e3o (PT\/BA)<\/p>\n<p>Waldenor Pereira (PT\/BA)<\/p>\n<p>Z\u00e9 Carlos (PT\/MA)<\/p>\n<p>Zeca Dirceu (PT\/PR)<\/p>\n","protected":false},"excerpt":{"rendered":"<p>Nesta ter\u00e7a-feira, 7, o manifesto assinado por lideran\u00e7as pol\u00edticas da esquerda como Guilherme Boulos (PSOL), Fernando Haddad (PT), Ciro Gomes (PDT) e Flavio Dino (PC do B), al\u00e9m de presidentes de 7 partidos, recebeu a ades\u00e3o de 64 parlamentares, entre deputados federais e senadores. Al\u00e9m disso, foi lan\u00e7ada a plataforma para assinatura do manifesto pelos [&hellip;]<\/p>\n","protected":false},"author":2,"featured_media":27962,"comment_status":"closed","ping_status":"open","sticky":false,"template":"","format":"standard","meta":{"_acf_changed":false,"footnotes":""},"categories":[6],"tags":[56,171,244,497,365,316,317,385,283,22,319,498],"class_list":{"0":"post-28204","1":"post","2":"type-post","3":"status-publish","4":"format-standard","5":"has-post-thumbnail","7":"category-noticias","8":"tag-bolsonaro","9":"tag-coronavirus","10":"tag-jair-bolsonaro","11":"tag-manifesto-unitario","12":"tag-oms","13":"tag-pcdob","14":"tag-pdt","15":"tag-plataforma","16":"tag-presidente","17":"tag-psol","18":"tag-pt","19":"tag-saude-publica"},"acf":[],"yoast_head":"<!-- This site is optimized with the Yoast SEO plugin v26.5 - https:\/\/yoast.com\/wordpress\/plugins\/seo\/ -->\n<title>Manifesto unit\u00e1rio contra Bolsonaro recebe ades\u00e3o de parlamentares e abre plataforma para assinaturas da sociedade<\/title>\n<meta name=\"robots\" content=\"index, follow, max-snippet:-1, max-image-preview:large, max-video-preview:-1\" \/>\n<link rel=\"canonical\" href=\"https:\/\/psol50.org.br\/manifesto-unitario-contra-bolsonaro-recebe-adesao-de-parlamentares-e-abre-plataforma-para-assinaturas-da-sociedade\/\" \/>\n<meta property=\"og:locale\" content=\"pt_BR\" \/>\n<meta property=\"og:type\" content=\"article\" \/>\n<meta property=\"og:title\" content=\"Manifesto unit\u00e1rio contra Bolsonaro recebe ades\u00e3o de parlamentares e abre plataforma para assinaturas da sociedade\" \/>\n<meta property=\"og:description\" content=\"O manifesto foi assinado por presidentes de 7 partidos e recebeu a ades\u00e3o de 64 parlamentares, entre deputados federais e senadores.\" \/>\n<meta property=\"og:url\" content=\"https:\/\/psol50.org.br\/manifesto-unitario-contra-bolsonaro-recebe-adesao-de-parlamentares-e-abre-plataforma-para-assinaturas-da-sociedade\/\" \/>\n<meta property=\"og:site_name\" content=\"PSOL 50\" \/>\n<meta property=\"article:publisher\" content=\"https:\/\/www.facebook.com\/psol50\" \/>\n<meta property=\"article:published_time\" content=\"2020-04-08T12:44:34+00:00\" \/>\n<meta property=\"og:image\" content=\"https:\/\/psol50.org.br\/inc\/uploads\/2020\/03\/forabolsonaro.protecao.jpg\" \/>\n\t<meta property=\"og:image:width\" content=\"717\" \/>\n\t<meta property=\"og:image:height\" content=\"478\" \/>\n\t<meta property=\"og:image:type\" content=\"image\/jpeg\" \/>\n<meta name=\"author\" content=\"Comunica\u00e7\u00e3o PSOL\" \/>\n<meta name=\"twitter:card\" content=\"summary_large_image\" \/>\n<meta name=\"twitter:title\" content=\"Manifesto unit\u00e1rio contra Bolsonaro recebe ades\u00e3o de parlamentares e abre plataforma para assinaturas da sociedade\" \/>\n<meta name=\"twitter:description\" content=\"O manifesto foi assinado por presidentes de 7 partidos e recebeu a ades\u00e3o de 64 parlamentares, entre deputados federais e senadores.\" \/>\n<meta name=\"twitter:image\" content=\"https:\/\/psol50.org.br\/inc\/uploads\/2020\/03\/forabolsonaro.protecao.jpg\" \/>\n<meta name=\"twitter:creator\" content=\"@psol50\" \/>\n<meta name=\"twitter:site\" content=\"@psol50\" \/>\n<meta name=\"twitter:label1\" content=\"Escrito por\" \/>\n\t<meta name=\"twitter:data1\" content=\"Comunica\u00e7\u00e3o PSOL\" \/>\n\t<meta name=\"twitter:label2\" content=\"Est. tempo de leitura\" \/>\n\t<meta name=\"twitter:data2\" content=\"6 minutos\" \/>\n<script type=\"application\/ld+json\" class=\"yoast-schema-graph\">{\"@context\":\"https:\/\/schema.org\",\"@graph\":[{\"@type\":\"Article\",\"@id\":\"https:\/\/psol50.org.br\/manifesto-unitario-contra-bolsonaro-recebe-adesao-de-parlamentares-e-abre-plataforma-para-assinaturas-da-sociedade\/#article\",\"isPartOf\":{\"@id\":\"https:\/\/psol50.org.br\/manifesto-unitario-contra-bolsonaro-recebe-adesao-de-parlamentares-e-abre-plataforma-para-assinaturas-da-sociedade\/\"},\"author\":{\"name\":\"Comunica\u00e7\u00e3o PSOL\",\"@id\":\"https:\/\/psol50.org.br\/#\/schema\/person\/475dfa57d0b815993c714c2e96491fcd\"},\"headline\":\"Manifesto unit\u00e1rio contra Bolsonaro recebe ades\u00e3o de parlamentares e abre plataforma para assinaturas da sociedade\",\"datePublished\":\"2020-04-08T12:44:34+00:00\",\"mainEntityOfPage\":{\"@id\":\"https:\/\/psol50.org.br\/manifesto-unitario-contra-bolsonaro-recebe-adesao-de-parlamentares-e-abre-plataforma-para-assinaturas-da-sociedade\/\"},\"wordCount\":1178,\"publisher\":{\"@id\":\"https:\/\/psol50.org.br\/#organization\"},\"image\":{\"@id\":\"https:\/\/psol50.org.br\/manifesto-unitario-contra-bolsonaro-recebe-adesao-de-parlamentares-e-abre-plataforma-para-assinaturas-da-sociedade\/#primaryimage\"},\"thumbnailUrl\":\"https:\/\/psol50.org.br\/inc\/uploads\/2020\/03\/forabolsonaro.protecao.jpg\",\"keywords\":[\"Bolsonaro\",\"coronav\u00edrus\",\"Jair Bolsonaro\",\"Manifesto unit\u00e1rio\",\"oms\",\"PCdoB\",\"PDT\",\"plataforma\",\"presidente\",\"PSOL\",\"PT\",\"sa\u00fade p\u00fablica\"],\"articleSection\":[\"Not\u00edcias\"],\"inLanguage\":\"pt-BR\"},{\"@type\":\"WebPage\",\"@id\":\"https:\/\/psol50.org.br\/manifesto-unitario-contra-bolsonaro-recebe-adesao-de-parlamentares-e-abre-plataforma-para-assinaturas-da-sociedade\/\",\"url\":\"https:\/\/psol50.org.br\/manifesto-unitario-contra-bolsonaro-recebe-adesao-de-parlamentares-e-abre-plataforma-para-assinaturas-da-sociedade\/\",\"name\":\"Manifesto unit\u00e1rio contra Bolsonaro recebe ades\u00e3o de parlamentares e abre plataforma para assinaturas da sociedade\",\"isPartOf\":{\"@id\":\"https:\/\/psol50.org.br\/#website\"},\"primaryImageOfPage\":{\"@id\":\"https:\/\/psol50.org.br\/manifesto-unitario-contra-bolsonaro-recebe-adesao-de-parlamentares-e-abre-plataforma-para-assinaturas-da-sociedade\/#primaryimage\"},\"image\":{\"@id\":\"https:\/\/psol50.org.br\/manifesto-unitario-contra-bolsonaro-recebe-adesao-de-parlamentares-e-abre-plataforma-para-assinaturas-da-sociedade\/#primaryimage\"},\"thumbnailUrl\":\"https:\/\/psol50.org.br\/inc\/uploads\/2020\/03\/forabolsonaro.protecao.jpg\",\"datePublished\":\"2020-04-08T12:44:34+00:00\",\"breadcrumb\":{\"@id\":\"https:\/\/psol50.org.br\/manifesto-unitario-contra-bolsonaro-recebe-adesao-de-parlamentares-e-abre-plataforma-para-assinaturas-da-sociedade\/#breadcrumb\"},\"inLanguage\":\"pt-BR\",\"potentialAction\":[{\"@type\":\"ReadAction\",\"target\":[\"https:\/\/psol50.org.br\/manifesto-unitario-contra-bolsonaro-recebe-adesao-de-parlamentares-e-abre-plataforma-para-assinaturas-da-sociedade\/\"]}]},{\"@type\":\"ImageObject\",\"inLanguage\":\"pt-BR\",\"@id\":\"https:\/\/psol50.org.br\/manifesto-unitario-contra-bolsonaro-recebe-adesao-de-parlamentares-e-abre-plataforma-para-assinaturas-da-sociedade\/#primaryimage\",\"url\":\"https:\/\/psol50.org.br\/inc\/uploads\/2020\/03\/forabolsonaro.protecao.jpg\",\"contentUrl\":\"https:\/\/psol50.org.br\/inc\/uploads\/2020\/03\/forabolsonaro.protecao.jpg\",\"width\":717,\"height\":478},{\"@type\":\"BreadcrumbList\",\"@id\":\"https:\/\/psol50.org.br\/manifesto-unitario-contra-bolsonaro-recebe-adesao-de-parlamentares-e-abre-plataforma-para-assinaturas-da-sociedade\/#breadcrumb\",\"itemListElement\":[{\"@type\":\"ListItem\",\"position\":1,\"name\":\"In\u00edcio\",\"item\":\"https:\/\/psol50.org.br\/\"},{\"@type\":\"ListItem\",\"position\":2,\"name\":\"Manifesto unit\u00e1rio contra Bolsonaro recebe ades\u00e3o de parlamentares e abre plataforma para assinaturas da sociedade\"}]},{\"@type\":\"WebSite\",\"@id\":\"https:\/\/psol50.org.br\/#website\",\"url\":\"https:\/\/psol50.org.br\/\",\"name\":\"PSOL 50\",\"description\":\"Site oficial do Partido Socialismo e Liberdade\",\"publisher\":{\"@id\":\"https:\/\/psol50.org.br\/#organization\"},\"alternateName\":\"PSOL50\",\"potentialAction\":[{\"@type\":\"SearchAction\",\"target\":{\"@type\":\"EntryPoint\",\"urlTemplate\":\"https:\/\/psol50.org.br\/?s={search_term_string}\"},\"query-input\":{\"@type\":\"PropertyValueSpecification\",\"valueRequired\":true,\"valueName\":\"search_term_string\"}}],\"inLanguage\":\"pt-BR\"},{\"@type\":\"Organization\",\"@id\":\"https:\/\/psol50.org.br\/#organization\",\"name\":\"PSOL 50\",\"alternateName\":\"PSOL 50\",\"url\":\"https:\/\/psol50.org.br\/\",\"logo\":{\"@type\":\"ImageObject\",\"inLanguage\":\"pt-BR\",\"@id\":\"https:\/\/psol50.org.br\/#\/schema\/logo\/image\/\",\"url\":\"https:\/\/psol50.org.br\/inc\/uploads\/2018\/07\/capa.png\",\"contentUrl\":\"https:\/\/psol50.org.br\/inc\/uploads\/2018\/07\/capa.png\",\"width\":1350,\"height\":900,\"caption\":\"PSOL 50\"},\"image\":{\"@id\":\"https:\/\/psol50.org.br\/#\/schema\/logo\/image\/\"},\"sameAs\":[\"https:\/\/www.facebook.com\/psol50\",\"https:\/\/x.com\/psol50\",\"https:\/\/www.instagram.com\/psol50\/\",\"https:\/\/www.youtube.com\/channel\/UC7SnJS5o1os7a6CaiNabzcg\"]},{\"@type\":\"Person\",\"@id\":\"https:\/\/psol50.org.br\/#\/schema\/person\/475dfa57d0b815993c714c2e96491fcd\",\"name\":\"Comunica\u00e7\u00e3o PSOL\",\"image\":{\"@type\":\"ImageObject\",\"inLanguage\":\"pt-BR\",\"@id\":\"https:\/\/psol50.org.br\/#\/schema\/person\/image\/\",\"url\":\"https:\/\/secure.gravatar.com\/avatar\/b34fc4f4e468a4e51785917065a3db57b841f5c95dba6ad8c73aaf8f66f8f9bf?s=96&d=mm&r=g\",\"contentUrl\":\"https:\/\/secure.gravatar.com\/avatar\/b34fc4f4e468a4e51785917065a3db57b841f5c95dba6ad8c73aaf8f66f8f9bf?s=96&d=mm&r=g\",\"caption\":\"Comunica\u00e7\u00e3o PSOL\"}}]}<\/script>\n<!-- \/ Yoast SEO plugin. -->","yoast_head_json":{"title":"Manifesto unit\u00e1rio contra Bolsonaro recebe ades\u00e3o de parlamentares e abre plataforma para assinaturas da sociedade","robots":{"index":"index","follow":"follow","max-snippet":"max-snippet:-1","max-image-preview":"max-image-preview:large","max-video-preview":"max-video-preview:-1"},"canonical":"https:\/\/psol50.org.br\/manifesto-unitario-contra-bolsonaro-recebe-adesao-de-parlamentares-e-abre-plataforma-para-assinaturas-da-sociedade\/","og_locale":"pt_BR","og_type":"article","og_title":"Manifesto unit\u00e1rio contra Bolsonaro recebe ades\u00e3o de parlamentares e abre plataforma para assinaturas da sociedade","og_description":"O manifesto foi assinado por presidentes de 7 partidos e recebeu a ades\u00e3o de 64 parlamentares, entre deputados federais e senadores.","og_url":"https:\/\/psol50.org.br\/manifesto-unitario-contra-bolsonaro-recebe-adesao-de-parlamentares-e-abre-plataforma-para-assinaturas-da-sociedade\/","og_site_name":"PSOL 50","article_publisher":"https:\/\/www.facebook.com\/psol50","article_published_time":"2020-04-08T12:44:34+00:00","og_image":[{"width":717,"height":478,"url":"https:\/\/psol50.org.br\/inc\/uploads\/2020\/03\/forabolsonaro.protecao.jpg","type":"image\/jpeg"}],"author":"Comunica\u00e7\u00e3o PSOL","twitter_card":"summary_large_image","twitter_title":"Manifesto unit\u00e1rio contra Bolsonaro recebe ades\u00e3o de parlamentares e abre plataforma para assinaturas da sociedade","twitter_description":"O manifesto foi assinado por presidentes de 7 partidos e recebeu a ades\u00e3o de 64 parlamentares, entre deputados federais e senadores.","twitter_image":"https:\/\/psol50.org.br\/inc\/uploads\/2020\/03\/forabolsonaro.protecao.jpg","twitter_creator":"@psol50","twitter_site":"@psol50","twitter_misc":{"Escrito por":"Comunica\u00e7\u00e3o PSOL","Est. tempo de leitura":"6 minutos"},"schema":{"@context":"https:\/\/schema.org","@graph":[{"@type":"Article","@id":"https:\/\/psol50.org.br\/manifesto-unitario-contra-bolsonaro-recebe-adesao-de-parlamentares-e-abre-plataforma-para-assinaturas-da-sociedade\/#article","isPartOf":{"@id":"https:\/\/psol50.org.br\/manifesto-unitario-contra-bolsonaro-recebe-adesao-de-parlamentares-e-abre-plataforma-para-assinaturas-da-sociedade\/"},"author":{"name":"Comunica\u00e7\u00e3o PSOL","@id":"https:\/\/psol50.org.br\/#\/schema\/person\/475dfa57d0b815993c714c2e96491fcd"},"headline":"Manifesto unit\u00e1rio contra Bolsonaro recebe ades\u00e3o de parlamentares e abre plataforma para assinaturas da sociedade","datePublished":"2020-04-08T12:44:34+00:00","mainEntityOfPage":{"@id":"https:\/\/psol50.org.br\/manifesto-unitario-contra-bolsonaro-recebe-adesao-de-parlamentares-e-abre-plataforma-para-assinaturas-da-sociedade\/"},"wordCount":1178,"publisher":{"@id":"https:\/\/psol50.org.br\/#organization"},"image":{"@id":"https:\/\/psol50.org.br\/manifesto-unitario-contra-bolsonaro-recebe-adesao-de-parlamentares-e-abre-plataforma-para-assinaturas-da-sociedade\/#primaryimage"},"thumbnailUrl":"https:\/\/psol50.org.br\/inc\/uploads\/2020\/03\/forabolsonaro.protecao.jpg","keywords":["Bolsonaro","coronav\u00edrus","Jair Bolsonaro","Manifesto unit\u00e1rio","oms","PCdoB","PDT","plataforma","presidente","PSOL","PT","sa\u00fade p\u00fablica"],"articleSection":["Not\u00edcias"],"inLanguage":"pt-BR"},{"@type":"WebPage","@id":"https:\/\/psol50.org.br\/manifesto-unitario-contra-bolsonaro-recebe-adesao-de-parlamentares-e-abre-plataforma-para-assinaturas-da-sociedade\/","url":"https:\/\/psol50.org.br\/manifesto-unitario-contra-bolsonaro-recebe-adesao-de-parlamentares-e-abre-plataforma-para-assinaturas-da-sociedade\/","name":"Manifesto unit\u00e1rio contra Bolsonaro recebe ades\u00e3o de parlamentares e abre plataforma para assinaturas da sociedade","isPartOf":{"@id":"https:\/\/psol50.org.br\/#website"},"primaryImageOfPage":{"@id":"https:\/\/psol50.org.br\/manifesto-unitario-contra-bolsonaro-recebe-adesao-de-parlamentares-e-abre-plataforma-para-assinaturas-da-sociedade\/#primaryimage"},"image":{"@id":"https:\/\/psol50.org.br\/manifesto-unitario-contra-bolsonaro-recebe-adesao-de-parlamentares-e-abre-plataforma-para-assinaturas-da-sociedade\/#primaryimage"},"thumbnailUrl":"https:\/\/psol50.org.br\/inc\/uploads\/2020\/03\/forabolsonaro.protecao.jpg","datePublished":"2020-04-08T12:44:34+00:00","breadcrumb":{"@id":"https:\/\/psol50.org.br\/manifesto-unitario-contra-bolsonaro-recebe-adesao-de-parlamentares-e-abre-plataforma-para-assinaturas-da-sociedade\/#breadcrumb"},"inLanguage":"pt-BR","potentialAction":[{"@type":"ReadAction","target":["https:\/\/psol50.org.br\/manifesto-unitario-contra-bolsonaro-recebe-adesao-de-parlamentares-e-abre-plataforma-para-assinaturas-da-sociedade\/"]}]},{"@type":"ImageObject","inLanguage":"pt-BR","@id":"https:\/\/psol50.org.br\/manifesto-unitario-contra-bolsonaro-recebe-adesao-de-parlamentares-e-abre-plataforma-para-assinaturas-da-sociedade\/#primaryimage","url":"https:\/\/psol50.org.br\/inc\/uploads\/2020\/03\/forabolsonaro.protecao.jpg","contentUrl":"https:\/\/psol50.org.br\/inc\/uploads\/2020\/03\/forabolsonaro.protecao.jpg","width":717,"height":478},{"@type":"BreadcrumbList","@id":"https:\/\/psol50.org.br\/manifesto-unitario-contra-bolsonaro-recebe-adesao-de-parlamentares-e-abre-plataforma-para-assinaturas-da-sociedade\/#breadcrumb","itemListElement":[{"@type":"ListItem","position":1,"name":"In\u00edcio","item":"https:\/\/psol50.org.br\/"},{"@type":"ListItem","position":2,"name":"Manifesto unit\u00e1rio contra Bolsonaro recebe ades\u00e3o de parlamentares e abre plataforma para assinaturas da sociedade"}]},{"@type":"WebSite","@id":"https:\/\/psol50.org.br\/#website","url":"https:\/\/psol50.org.br\/","name":"PSOL 50","description":"Site oficial do Partido Socialismo e Liberdade","publisher":{"@id":"https:\/\/psol50.org.br\/#organization"},"alternateName":"PSOL50","potentialAction":[{"@type":"SearchAction","target":{"@type":"EntryPoint","urlTemplate":"https:\/\/psol50.org.br\/?s={search_term_string}"},"query-input":{"@type":"PropertyValueSpecification","valueRequired":true,"valueName":"search_term_string"}}],"inLanguage":"pt-BR"},{"@type":"Organization","@id":"https:\/\/psol50.org.br\/#organization","name":"PSOL 50","alternateName":"PSOL 50","url":"https:\/\/psol50.org.br\/","logo":{"@type":"ImageObject","inLanguage":"pt-BR","@id":"https:\/\/psol50.org.br\/#\/schema\/logo\/image\/","url":"https:\/\/psol50.org.br\/inc\/uploads\/2018\/07\/capa.png","contentUrl":"https:\/\/psol50.org.br\/inc\/uploads\/2018\/07\/capa.png","width":1350,"height":900,"caption":"PSOL 50"},"image":{"@id":"https:\/\/psol50.org.br\/#\/schema\/logo\/image\/"},"sameAs":["https:\/\/www.facebook.com\/psol50","https:\/\/x.com\/psol50","https:\/\/www.instagram.com\/psol50\/","https:\/\/www.youtube.com\/channel\/UC7SnJS5o1os7a6CaiNabzcg"]},{"@type":"Person","@id":"https:\/\/psol50.org.br\/#\/schema\/person\/475dfa57d0b815993c714c2e96491fcd","name":"Comunica\u00e7\u00e3o PSOL","image":{"@type":"ImageObject","inLanguage":"pt-BR","@id":"https:\/\/psol50.org.br\/#\/schema\/person\/image\/","url":"https:\/\/secure.gravatar.com\/avatar\/b34fc4f4e468a4e51785917065a3db57b841f5c95dba6ad8c73aaf8f66f8f9bf?s=96&d=mm&r=g","contentUrl":"https:\/\/secure.gravatar.com\/avatar\/b34fc4f4e468a4e51785917065a3db57b841f5c95dba6ad8c73aaf8f66f8f9bf?s=96&d=mm&r=g","caption":"Comunica\u00e7\u00e3o PSOL"}}]}},"_links":{"self":[{"href":"https:\/\/psol50.org.br\/rest\/wp\/v2\/posts\/28204","targetHints":{"allow":["GET"]}}],"collection":[{"href":"https:\/\/psol50.org.br\/rest\/wp\/v2\/posts"}],"about":[{"href":"https:\/\/psol50.org.br\/rest\/wp\/v2\/types\/post"}],"author":[{"embeddable":true,"href":"https:\/\/psol50.org.br\/rest\/wp\/v2\/users\/2"}],"replies":[{"embeddable":true,"href":"https:\/\/psol50.org.br\/rest\/wp\/v2\/comments?post=28204"}],"version-history":[{"count":0,"href":"https:\/\/psol50.org.br\/rest\/wp\/v2\/posts\/28204\/revisions"}],"wp:featuredmedia":[{"embeddable":true,"href":"https:\/\/psol50.org.br\/rest\/wp\/v2\/media\/27962"}],"wp:attachment":[{"href":"https:\/\/psol50.org.br\/rest\/wp\/v2\/media?parent=28204"}],"wp:term":[{"taxonomy":"category","embeddable":true,"href":"https:\/\/psol50.org.br\/rest\/wp\/v2\/categories?post=28204"},{"taxonomy":"post_tag","embeddable":true,"href":"https:\/\/psol50.org.br\/rest\/wp\/v2\/tags?post=28204"}],"curies":[{"name":"wp","href":"https:\/\/api.w.org\/{rel}","templated":true}]}}