{"id":28211,"date":"2020-04-07T18:55:57","date_gmt":"2020-04-07T21:55:57","guid":{"rendered":"https:\/\/psol50.org.br\/?p=28211"},"modified":"2020-04-07T18:55:57","modified_gmt":"2020-04-07T21:55:57","slug":"esta-no-ar-o-cadastro-para-receber-a-renda-basica-emergencial-saiba-tudo-sobre-o-direito-conquistado-com-sua-luta","status":"publish","type":"post","link":"https:\/\/psol50.org.br\/esta-no-ar-o-cadastro-para-receber-a-renda-basica-emergencial-saiba-tudo-sobre-o-direito-conquistado-com-sua-luta\/","title":{"rendered":"Est\u00e1 no ar o cadastro para receber a Renda B\u00e1sica Emergencial. Saiba tudo sobre o direito conquistado com sua luta"},"content":{"rendered":"<p><a href=\"https:\/\/psol50.org.br\/coronavirus\/\" target=\"_blank\" rel=\"noopener noreferrer\"><img loading=\"lazy\" decoding=\"async\" class=\"alignnone size-full wp-image-27838\" src=\"https:\/\/psol50.org.br\/inc\/uploads\/2020\/03\/Banner-Site_3.png\" alt=\"\" width=\"1240\" height=\"331\" srcset=\"https:\/\/psol50.org.br\/inc\/uploads\/2020\/03\/Banner-Site_3.png 1240w, https:\/\/psol50.org.br\/inc\/uploads\/2020\/03\/Banner-Site_3-300x80.png 300w, https:\/\/psol50.org.br\/inc\/uploads\/2020\/03\/Banner-Site_3-1024x273.png 1024w, https:\/\/psol50.org.br\/inc\/uploads\/2020\/03\/Banner-Site_3-768x205.png 768w, https:\/\/psol50.org.br\/inc\/uploads\/2020\/03\/Banner-Site_3-150x40.png 150w, https:\/\/psol50.org.br\/inc\/uploads\/2020\/03\/Banner-Site_3-696x186.png 696w, https:\/\/psol50.org.br\/inc\/uploads\/2020\/03\/Banner-Site_3-1068x285.png 1068w\" sizes=\"auto, (max-width: 1240px) 100vw, 1240px\" \/><\/a><\/p>\n<p>Nesta ter\u00e7a-feira (7) entraram no ar os canais de cadastro para receber a Renda B\u00e1sica Emergencial, benef\u00edcio aprovado no Congresso Nacional. O aux\u00edlio ter\u00e1 a dura\u00e7\u00e3o de tr\u00eas meses e vai auxiliar as fam\u00edlias mais pobres e de trabalhadores aut\u00f4nomos ou informais. Saiba se voc\u00ea tem direito ao benef\u00edcio, se precisa se cadastrar e as principais informa\u00e7\u00f5es sobre este direito conquistado atrav\u00e9s da press\u00e3o popular.<\/p>\n<p><strong>&#8211; Quem precisa se cadastrar no novo site\/aplicativo\/telefone disponibilizado pelo governo nesta ter\u00e7a (7)?<\/strong><\/p>\n<p>As pessoas que precisam se cadastrar para pedir o benef\u00edcio s\u00e3o as que n\u00e3o est\u00e3o registradas no Cad\u00danico, n\u00e3o recebem Bolsa Fam\u00edlia e n\u00e3o pagam INSS. Os trabalhadores aut\u00f4nomos ainda n\u00e3o cadastrados ter\u00e3o o pagamento do benef\u00edcio realizado at\u00e9 48 horas depois da conclus\u00e3o do cadastro no aplicativo.<\/p>\n<p><strong>&#8211; Onde acesso para me cadastrar para receber o benef\u00edcio?<\/strong><\/p>\n<p>Voc\u00ea pode se cadastrar pelo <strong><a href=\"https:\/\/auxilio.caixa.gov.br\/#\/inicio\" target=\"_blank\" rel=\"noopener noreferrer\">site<\/a><\/strong>, pelo aplicativo que pode ser baixado para <a href=\"https:\/\/apps.apple.com\/br\/app\/caixa-aux%C3%ADlio-emergencial\/id1506494331\" target=\"_blank\" rel=\"noopener noreferrer\"><strong>IOS<\/strong><\/a> e <strong><a href=\"https:\/\/play.google.com\/store\/apps\/details?id=br.gov.caixa.auxilio\" target=\"_blank\" rel=\"noopener noreferrer\">Android<\/a><\/strong>, ou pelo telefone 111.<\/p>\n<p><strong>&#8211; Quem N\u00c3O precisa se cadastrar no novo portal do governo?<\/strong><\/p>\n<p>Quem j\u00e1 est\u00e1 cadastrado no Cad\u00danico, \u00e9 benefici\u00e1rio do Bolsa Fam\u00edlia ou j\u00e1 contribui regularmente para o INSS. O governo consegue avaliar se voc\u00ea tem direito \u00e0 Renda B\u00e1sica a partir destes cadastros.<\/p>\n<p><strong>\u2013 De quanto \u00e9 o benef\u00edcio?<\/strong><\/p>\n<p>Cada fam\u00edlia pode acumular no m\u00e1ximo dois benef\u00edcios (R$ 1.200,00). Se a mulher trabalhadora sustentar o lar sozinha tamb\u00e9m ter\u00e1 direito a R$ 1.200,00. Ou seja, as duas pessoas da fam\u00edlia receber\u00e3o R$ 600 cada.<\/p>\n<p><strong>\u2013 Qual a dura\u00e7\u00e3o da Renda B\u00e1sica Emergencial?<\/strong><\/p>\n<p>Tr\u00eas meses.<\/p>\n<p><strong>\u2013 Quem pode receber o benef\u00edcio?<\/strong><\/p>\n<p>Todos que trabalham sem carteira assinada, quem \u00e9 MEI (Microeemprendedor Individual), ou desempregados acima dos 18 anos que estejam no Cadastro \u00danico, desde que atendam os crit\u00e9rios de renda estabelecidos.<\/p>\n<p><strong>\u2013 Quem N\u00c3O pode receber?<\/strong><\/p>\n<p>Pessoas que j\u00e1 recebem algum benef\u00edcio do governo, como o Benef\u00edcio de Presta\u00e7\u00e3o Continuada (BPC), seguro-desemprego, aposentadoria ou pens\u00e3o. O Bolsa Fam\u00edlia \u00e9 a \u00fanica exce\u00e7\u00e3o. Funcion\u00e1rios p\u00fablicos, mesmo em contratos tempor\u00e1rios, tamb\u00e9m n\u00e3o podem receber.<\/p>\n<p>Fam\u00edlias com renda mensal total superior a tr\u00eas sal\u00e1rios m\u00ednimos (R$ 3.135) ou fam\u00edlias com renda per capita (por membro da fam\u00edlia) maior que meio sal\u00e1rio m\u00ednimo (R$ 522,50) tamb\u00e9m n\u00e3o podem receber a Renda B\u00e1sica Emergencial. Quem teve rendimentos tribut\u00e1veis acima de R$ 28.559,70 em 2018 tamb\u00e9m est\u00e1 fora.<\/p>\n<p><strong>\u2013 Quem recebe Bolsa Fam\u00edlia pode receber a Renda B\u00e1sica Emergencial?<\/strong><\/p>\n<p>Sim. \u00c9 o \u00fanico benef\u00edcio que mant\u00e9m o trabalhador dentro dos pr\u00e9-requisitos para solicitar a Renda B\u00e1sica. Se o pagamento de at\u00e9 R$ 1.200 for mais vantajoso, haver\u00e1 uma substitui\u00e7\u00e3o autom\u00e1tica e a pessoa receber\u00e1 apenas esse aux\u00edlio tempor\u00e1rio. No fim dos tr\u00eas meses, se continuar atendendo aos crit\u00e9rios, volta a receber o Bolsa Fam\u00edlia.<\/p>\n<p><strong>\u2013 O que \u00e9 o Cadastro \u00danico?<\/strong><\/p>\n<p>O Cad\u00danico permite \u00e0s fam\u00edlias de baixa renda o acesso aos programas sociais do governo federal, como Bolsa Fam\u00edlia, Tarifa Social de Energia El\u00e9trica e BPC (Benef\u00edcio de Presta\u00e7\u00e3o Continuada).<\/p>\n<p><strong>\u2013 Preciso ter o Cad\u00danico para receber?<\/strong><\/p>\n<p>N\u00e3o. Quem tem o cadastro deve receber o aux\u00edlio primeiro, assim que ele for regulamentado, mas trabalhadores que n\u00e3o est\u00e3o no Cad\u00danico tamb\u00e9m t\u00eam direito \u00e0 Renda B\u00e1sica Emergencial. Ter\u00e3o apenas de fazer autodeclara\u00e7\u00e3o por meio das plataformas digitais do governo que foram divulgadas nesta ter\u00e7a (7).<\/p>\n<p><strong>\u2013 Onde ser\u00e1 feito o pagamento da Renda B\u00e1sica emergencial?<\/strong><\/p>\n<p>O pagamento dever\u00e1 ser feito nos bancos federais, como Caixa, Banco do Brasil, Banco da Amaz\u00f4nia e Banco do Nordeste, lot\u00e9ricas e aplicativos desses bancos.<\/p>\n<p><strong>\u2013 N\u00e3o tenho conta no banco, como vou receber?<\/strong><\/p>\n<p>Vai ser aberta uma conta do tipo poupan\u00e7a social digital, de abertura autom\u00e1tica, em nome dos benefici\u00e1rios, que ter\u00e1 isen\u00e7\u00e3o de cobran\u00e7a de tarifas de manuten\u00e7\u00e3o e direito a uma transfer\u00eancia banc\u00e1ria por m\u00eas, sem custos e em qualquer banco.<\/p>\n","protected":false},"excerpt":{"rendered":"<p>Nesta ter\u00e7a-feira (7) entraram no ar os canais de cadastro para receber a Renda B\u00e1sica Emergencial, benef\u00edcio aprovado no Congresso Nacional. O aux\u00edlio ter\u00e1 a dura\u00e7\u00e3o de tr\u00eas meses e vai auxiliar as fam\u00edlias mais pobres e de trabalhadores aut\u00f4nomos ou informais. Saiba se voc\u00ea tem direito ao benef\u00edcio, se precisa se cadastrar e as [&hellip;]<\/p>\n","protected":false},"author":2,"featured_media":28214,"comment_status":"closed","ping_status":"open","sticky":false,"template":"","format":"standard","meta":{"_acf_changed":false,"footnotes":""},"categories":[6],"tags":[499,329,500,501,387,366,374,502],"class_list":{"0":"post-28211","1":"post","2":"type-post","3":"status-publish","4":"format-standard","5":"has-post-thumbnail","7":"category-noticias","8":"tag-auxilio-emergencial","9":"tag-bolsa-familia","10":"tag-cadastro","11":"tag-caixa","12":"tag-governo","13":"tag-psolcontraocoronavirus","14":"tag-renda-basica","15":"tag-renda-basica-emergencial"},"acf":[],"yoast_head":"<!-- This site is optimized with the Yoast SEO plugin v26.5 - https:\/\/yoast.com\/wordpress\/plugins\/seo\/ -->\n<title>Est\u00e1 no ar o cadastro para receber a Renda B\u00e1sica Emergencial. Saiba tudo sobre o direito conquistado com sua luta - PSOL 50<\/title>\n<meta name=\"description\" content=\"O aux\u00edlio ter\u00e1 a dura\u00e7\u00e3o de tr\u00eas meses e vai auxiliar as fam\u00edlias mais pobres e de trabalhadores aut\u00f4nomos ou informais. Saiba onde se cadastrar.\" \/>\n<meta name=\"robots\" content=\"index, follow, max-snippet:-1, max-image-preview:large, max-video-preview:-1\" \/>\n<link rel=\"canonical\" href=\"https:\/\/psol50.org.br\/esta-no-ar-o-cadastro-para-receber-a-renda-basica-emergencial-saiba-tudo-sobre-o-direito-conquistado-com-sua-luta\/\" \/>\n<meta property=\"og:locale\" content=\"pt_BR\" \/>\n<meta property=\"og:type\" content=\"article\" \/>\n<meta property=\"og:title\" content=\"Est\u00e1 no ar o cadastro para receber a Renda B\u00e1sica Emergencial. Saiba tudo sobre o direito conquistado com sua luta\" \/>\n<meta property=\"og:description\" content=\"O aux\u00edlio ter\u00e1 a dura\u00e7\u00e3o de tr\u00eas meses e vai auxiliar as fam\u00edlias mais pobres e de trabalhadores aut\u00f4nomos ou informais. Saiba onde se cadastrar.\" \/>\n<meta property=\"og:url\" content=\"https:\/\/psol50.org.br\/esta-no-ar-o-cadastro-para-receber-a-renda-basica-emergencial-saiba-tudo-sobre-o-direito-conquistado-com-sua-luta\/\" \/>\n<meta property=\"og:site_name\" content=\"PSOL 50\" \/>\n<meta property=\"article:publisher\" content=\"https:\/\/www.facebook.com\/psol50\" \/>\n<meta property=\"article:published_time\" content=\"2020-04-07T21:55:57+00:00\" \/>\n<meta property=\"og:image\" content=\"https:\/\/psol50.org.br\/inc\/uploads\/2020\/04\/WhatsApp-Image-2020-04-07-at-09.06.04.jpeg\" \/>\n\t<meta property=\"og:image:width\" content=\"1024\" \/>\n\t<meta property=\"og:image:height\" content=\"768\" \/>\n\t<meta property=\"og:image:type\" content=\"image\/jpeg\" \/>\n<meta name=\"author\" content=\"Comunica\u00e7\u00e3o PSOL\" \/>\n<meta name=\"twitter:card\" content=\"summary_large_image\" \/>\n<meta name=\"twitter:title\" content=\"Est\u00e1 no ar o cadastro para receber a Renda B\u00e1sica Emergencial. Saiba tudo sobre o direito conquistado com sua luta\" \/>\n<meta name=\"twitter:description\" content=\"O aux\u00edlio ter\u00e1 a dura\u00e7\u00e3o de tr\u00eas meses e vai auxiliar as fam\u00edlias mais pobres e de trabalhadores aut\u00f4nomos ou informais. Saiba onde se cadastrar.\" \/>\n<meta name=\"twitter:image\" content=\"https:\/\/psol50.org.br\/inc\/uploads\/2020\/04\/WhatsApp-Image-2020-04-07-at-09.06.04.jpeg\" \/>\n<meta name=\"twitter:creator\" content=\"@psol50\" \/>\n<meta name=\"twitter:site\" content=\"@psol50\" \/>\n<meta name=\"twitter:label1\" content=\"Escrito por\" \/>\n\t<meta name=\"twitter:data1\" content=\"Comunica\u00e7\u00e3o PSOL\" \/>\n\t<meta name=\"twitter:label2\" content=\"Est. tempo de leitura\" \/>\n\t<meta name=\"twitter:data2\" content=\"4 minutos\" \/>\n<script type=\"application\/ld+json\" class=\"yoast-schema-graph\">{\"@context\":\"https:\/\/schema.org\",\"@graph\":[{\"@type\":\"Article\",\"@id\":\"https:\/\/psol50.org.br\/esta-no-ar-o-cadastro-para-receber-a-renda-basica-emergencial-saiba-tudo-sobre-o-direito-conquistado-com-sua-luta\/#article\",\"isPartOf\":{\"@id\":\"https:\/\/psol50.org.br\/esta-no-ar-o-cadastro-para-receber-a-renda-basica-emergencial-saiba-tudo-sobre-o-direito-conquistado-com-sua-luta\/\"},\"author\":{\"name\":\"Comunica\u00e7\u00e3o PSOL\",\"@id\":\"https:\/\/psol50.org.br\/#\/schema\/person\/475dfa57d0b815993c714c2e96491fcd\"},\"headline\":\"Est\u00e1 no ar o cadastro para receber a Renda B\u00e1sica Emergencial. Saiba tudo sobre o direito conquistado com sua luta\",\"datePublished\":\"2020-04-07T21:55:57+00:00\",\"mainEntityOfPage\":{\"@id\":\"https:\/\/psol50.org.br\/esta-no-ar-o-cadastro-para-receber-a-renda-basica-emergencial-saiba-tudo-sobre-o-direito-conquistado-com-sua-luta\/\"},\"wordCount\":725,\"publisher\":{\"@id\":\"https:\/\/psol50.org.br\/#organization\"},\"image\":{\"@id\":\"https:\/\/psol50.org.br\/esta-no-ar-o-cadastro-para-receber-a-renda-basica-emergencial-saiba-tudo-sobre-o-direito-conquistado-com-sua-luta\/#primaryimage\"},\"thumbnailUrl\":\"https:\/\/psol50.org.br\/inc\/uploads\/2020\/04\/WhatsApp-Image-2020-04-07-at-09.06.04.jpeg\",\"keywords\":[\"aux\u00edlio emergencial\",\"bolsa fam\u00edlia\",\"cadastro\",\"caixa\",\"governo\",\"psolcontraocoronavirus\",\"renda b\u00e1sica\",\"renda b\u00e1sica emergencial\"],\"articleSection\":[\"Not\u00edcias\"],\"inLanguage\":\"pt-BR\"},{\"@type\":\"WebPage\",\"@id\":\"https:\/\/psol50.org.br\/esta-no-ar-o-cadastro-para-receber-a-renda-basica-emergencial-saiba-tudo-sobre-o-direito-conquistado-com-sua-luta\/\",\"url\":\"https:\/\/psol50.org.br\/esta-no-ar-o-cadastro-para-receber-a-renda-basica-emergencial-saiba-tudo-sobre-o-direito-conquistado-com-sua-luta\/\",\"name\":\"Est\u00e1 no ar o cadastro para receber a Renda B\u00e1sica Emergencial. Saiba tudo sobre o direito conquistado com sua luta - PSOL 50\",\"isPartOf\":{\"@id\":\"https:\/\/psol50.org.br\/#website\"},\"primaryImageOfPage\":{\"@id\":\"https:\/\/psol50.org.br\/esta-no-ar-o-cadastro-para-receber-a-renda-basica-emergencial-saiba-tudo-sobre-o-direito-conquistado-com-sua-luta\/#primaryimage\"},\"image\":{\"@id\":\"https:\/\/psol50.org.br\/esta-no-ar-o-cadastro-para-receber-a-renda-basica-emergencial-saiba-tudo-sobre-o-direito-conquistado-com-sua-luta\/#primaryimage\"},\"thumbnailUrl\":\"https:\/\/psol50.org.br\/inc\/uploads\/2020\/04\/WhatsApp-Image-2020-04-07-at-09.06.04.jpeg\",\"datePublished\":\"2020-04-07T21:55:57+00:00\",\"description\":\"O aux\u00edlio ter\u00e1 a dura\u00e7\u00e3o de tr\u00eas meses e vai auxiliar as fam\u00edlias mais pobres e de trabalhadores aut\u00f4nomos ou informais. Saiba onde se cadastrar.\",\"breadcrumb\":{\"@id\":\"https:\/\/psol50.org.br\/esta-no-ar-o-cadastro-para-receber-a-renda-basica-emergencial-saiba-tudo-sobre-o-direito-conquistado-com-sua-luta\/#breadcrumb\"},\"inLanguage\":\"pt-BR\",\"potentialAction\":[{\"@type\":\"ReadAction\",\"target\":[\"https:\/\/psol50.org.br\/esta-no-ar-o-cadastro-para-receber-a-renda-basica-emergencial-saiba-tudo-sobre-o-direito-conquistado-com-sua-luta\/\"]}]},{\"@type\":\"ImageObject\",\"inLanguage\":\"pt-BR\",\"@id\":\"https:\/\/psol50.org.br\/esta-no-ar-o-cadastro-para-receber-a-renda-basica-emergencial-saiba-tudo-sobre-o-direito-conquistado-com-sua-luta\/#primaryimage\",\"url\":\"https:\/\/psol50.org.br\/inc\/uploads\/2020\/04\/WhatsApp-Image-2020-04-07-at-09.06.04.jpeg\",\"contentUrl\":\"https:\/\/psol50.org.br\/inc\/uploads\/2020\/04\/WhatsApp-Image-2020-04-07-at-09.06.04.jpeg\",\"width\":1024,\"height\":768},{\"@type\":\"BreadcrumbList\",\"@id\":\"https:\/\/psol50.org.br\/esta-no-ar-o-cadastro-para-receber-a-renda-basica-emergencial-saiba-tudo-sobre-o-direito-conquistado-com-sua-luta\/#breadcrumb\",\"itemListElement\":[{\"@type\":\"ListItem\",\"position\":1,\"name\":\"In\u00edcio\",\"item\":\"https:\/\/psol50.org.br\/\"},{\"@type\":\"ListItem\",\"position\":2,\"name\":\"Est\u00e1 no ar o cadastro para receber a Renda B\u00e1sica Emergencial. Saiba tudo sobre o direito conquistado com sua luta\"}]},{\"@type\":\"WebSite\",\"@id\":\"https:\/\/psol50.org.br\/#website\",\"url\":\"https:\/\/psol50.org.br\/\",\"name\":\"PSOL 50\",\"description\":\"Site oficial do Partido Socialismo e Liberdade\",\"publisher\":{\"@id\":\"https:\/\/psol50.org.br\/#organization\"},\"alternateName\":\"PSOL50\",\"potentialAction\":[{\"@type\":\"SearchAction\",\"target\":{\"@type\":\"EntryPoint\",\"urlTemplate\":\"https:\/\/psol50.org.br\/?s={search_term_string}\"},\"query-input\":{\"@type\":\"PropertyValueSpecification\",\"valueRequired\":true,\"valueName\":\"search_term_string\"}}],\"inLanguage\":\"pt-BR\"},{\"@type\":\"Organization\",\"@id\":\"https:\/\/psol50.org.br\/#organization\",\"name\":\"PSOL 50\",\"alternateName\":\"PSOL 50\",\"url\":\"https:\/\/psol50.org.br\/\",\"logo\":{\"@type\":\"ImageObject\",\"inLanguage\":\"pt-BR\",\"@id\":\"https:\/\/psol50.org.br\/#\/schema\/logo\/image\/\",\"url\":\"https:\/\/psol50.org.br\/inc\/uploads\/2018\/07\/capa.png\",\"contentUrl\":\"https:\/\/psol50.org.br\/inc\/uploads\/2018\/07\/capa.png\",\"width\":1350,\"height\":900,\"caption\":\"PSOL 50\"},\"image\":{\"@id\":\"https:\/\/psol50.org.br\/#\/schema\/logo\/image\/\"},\"sameAs\":[\"https:\/\/www.facebook.com\/psol50\",\"https:\/\/x.com\/psol50\",\"https:\/\/www.instagram.com\/psol50\/\",\"https:\/\/www.youtube.com\/channel\/UC7SnJS5o1os7a6CaiNabzcg\"]},{\"@type\":\"Person\",\"@id\":\"https:\/\/psol50.org.br\/#\/schema\/person\/475dfa57d0b815993c714c2e96491fcd\",\"name\":\"Comunica\u00e7\u00e3o PSOL\",\"image\":{\"@type\":\"ImageObject\",\"inLanguage\":\"pt-BR\",\"@id\":\"https:\/\/psol50.org.br\/#\/schema\/person\/image\/\",\"url\":\"https:\/\/secure.gravatar.com\/avatar\/b34fc4f4e468a4e51785917065a3db57b841f5c95dba6ad8c73aaf8f66f8f9bf?s=96&d=mm&r=g\",\"contentUrl\":\"https:\/\/secure.gravatar.com\/avatar\/b34fc4f4e468a4e51785917065a3db57b841f5c95dba6ad8c73aaf8f66f8f9bf?s=96&d=mm&r=g\",\"caption\":\"Comunica\u00e7\u00e3o PSOL\"}}]}<\/script>\n<!-- \/ Yoast SEO plugin. -->","yoast_head_json":{"title":"Est\u00e1 no ar o cadastro para receber a Renda B\u00e1sica Emergencial. Saiba tudo sobre o direito conquistado com sua luta - PSOL 50","description":"O aux\u00edlio ter\u00e1 a dura\u00e7\u00e3o de tr\u00eas meses e vai auxiliar as fam\u00edlias mais pobres e de trabalhadores aut\u00f4nomos ou informais. Saiba onde se cadastrar.","robots":{"index":"index","follow":"follow","max-snippet":"max-snippet:-1","max-image-preview":"max-image-preview:large","max-video-preview":"max-video-preview:-1"},"canonical":"https:\/\/psol50.org.br\/esta-no-ar-o-cadastro-para-receber-a-renda-basica-emergencial-saiba-tudo-sobre-o-direito-conquistado-com-sua-luta\/","og_locale":"pt_BR","og_type":"article","og_title":"Est\u00e1 no ar o cadastro para receber a Renda B\u00e1sica Emergencial. Saiba tudo sobre o direito conquistado com sua luta","og_description":"O aux\u00edlio ter\u00e1 a dura\u00e7\u00e3o de tr\u00eas meses e vai auxiliar as fam\u00edlias mais pobres e de trabalhadores aut\u00f4nomos ou informais. Saiba onde se cadastrar.","og_url":"https:\/\/psol50.org.br\/esta-no-ar-o-cadastro-para-receber-a-renda-basica-emergencial-saiba-tudo-sobre-o-direito-conquistado-com-sua-luta\/","og_site_name":"PSOL 50","article_publisher":"https:\/\/www.facebook.com\/psol50","article_published_time":"2020-04-07T21:55:57+00:00","og_image":[{"width":1024,"height":768,"url":"https:\/\/psol50.org.br\/inc\/uploads\/2020\/04\/WhatsApp-Image-2020-04-07-at-09.06.04.jpeg","type":"image\/jpeg"}],"author":"Comunica\u00e7\u00e3o PSOL","twitter_card":"summary_large_image","twitter_title":"Est\u00e1 no ar o cadastro para receber a Renda B\u00e1sica Emergencial. Saiba tudo sobre o direito conquistado com sua luta","twitter_description":"O aux\u00edlio ter\u00e1 a dura\u00e7\u00e3o de tr\u00eas meses e vai auxiliar as fam\u00edlias mais pobres e de trabalhadores aut\u00f4nomos ou informais. Saiba onde se cadastrar.","twitter_image":"https:\/\/psol50.org.br\/inc\/uploads\/2020\/04\/WhatsApp-Image-2020-04-07-at-09.06.04.jpeg","twitter_creator":"@psol50","twitter_site":"@psol50","twitter_misc":{"Escrito por":"Comunica\u00e7\u00e3o PSOL","Est. tempo de leitura":"4 minutos"},"schema":{"@context":"https:\/\/schema.org","@graph":[{"@type":"Article","@id":"https:\/\/psol50.org.br\/esta-no-ar-o-cadastro-para-receber-a-renda-basica-emergencial-saiba-tudo-sobre-o-direito-conquistado-com-sua-luta\/#article","isPartOf":{"@id":"https:\/\/psol50.org.br\/esta-no-ar-o-cadastro-para-receber-a-renda-basica-emergencial-saiba-tudo-sobre-o-direito-conquistado-com-sua-luta\/"},"author":{"name":"Comunica\u00e7\u00e3o PSOL","@id":"https:\/\/psol50.org.br\/#\/schema\/person\/475dfa57d0b815993c714c2e96491fcd"},"headline":"Est\u00e1 no ar o cadastro para receber a Renda B\u00e1sica Emergencial. Saiba tudo sobre o direito conquistado com sua luta","datePublished":"2020-04-07T21:55:57+00:00","mainEntityOfPage":{"@id":"https:\/\/psol50.org.br\/esta-no-ar-o-cadastro-para-receber-a-renda-basica-emergencial-saiba-tudo-sobre-o-direito-conquistado-com-sua-luta\/"},"wordCount":725,"publisher":{"@id":"https:\/\/psol50.org.br\/#organization"},"image":{"@id":"https:\/\/psol50.org.br\/esta-no-ar-o-cadastro-para-receber-a-renda-basica-emergencial-saiba-tudo-sobre-o-direito-conquistado-com-sua-luta\/#primaryimage"},"thumbnailUrl":"https:\/\/psol50.org.br\/inc\/uploads\/2020\/04\/WhatsApp-Image-2020-04-07-at-09.06.04.jpeg","keywords":["aux\u00edlio emergencial","bolsa fam\u00edlia","cadastro","caixa","governo","psolcontraocoronavirus","renda b\u00e1sica","renda b\u00e1sica emergencial"],"articleSection":["Not\u00edcias"],"inLanguage":"pt-BR"},{"@type":"WebPage","@id":"https:\/\/psol50.org.br\/esta-no-ar-o-cadastro-para-receber-a-renda-basica-emergencial-saiba-tudo-sobre-o-direito-conquistado-com-sua-luta\/","url":"https:\/\/psol50.org.br\/esta-no-ar-o-cadastro-para-receber-a-renda-basica-emergencial-saiba-tudo-sobre-o-direito-conquistado-com-sua-luta\/","name":"Est\u00e1 no ar o cadastro para receber a Renda B\u00e1sica Emergencial. Saiba tudo sobre o direito conquistado com sua luta - PSOL 50","isPartOf":{"@id":"https:\/\/psol50.org.br\/#website"},"primaryImageOfPage":{"@id":"https:\/\/psol50.org.br\/esta-no-ar-o-cadastro-para-receber-a-renda-basica-emergencial-saiba-tudo-sobre-o-direito-conquistado-com-sua-luta\/#primaryimage"},"image":{"@id":"https:\/\/psol50.org.br\/esta-no-ar-o-cadastro-para-receber-a-renda-basica-emergencial-saiba-tudo-sobre-o-direito-conquistado-com-sua-luta\/#primaryimage"},"thumbnailUrl":"https:\/\/psol50.org.br\/inc\/uploads\/2020\/04\/WhatsApp-Image-2020-04-07-at-09.06.04.jpeg","datePublished":"2020-04-07T21:55:57+00:00","description":"O aux\u00edlio ter\u00e1 a dura\u00e7\u00e3o de tr\u00eas meses e vai auxiliar as fam\u00edlias mais pobres e de trabalhadores aut\u00f4nomos ou informais. Saiba onde se cadastrar.","breadcrumb":{"@id":"https:\/\/psol50.org.br\/esta-no-ar-o-cadastro-para-receber-a-renda-basica-emergencial-saiba-tudo-sobre-o-direito-conquistado-com-sua-luta\/#breadcrumb"},"inLanguage":"pt-BR","potentialAction":[{"@type":"ReadAction","target":["https:\/\/psol50.org.br\/esta-no-ar-o-cadastro-para-receber-a-renda-basica-emergencial-saiba-tudo-sobre-o-direito-conquistado-com-sua-luta\/"]}]},{"@type":"ImageObject","inLanguage":"pt-BR","@id":"https:\/\/psol50.org.br\/esta-no-ar-o-cadastro-para-receber-a-renda-basica-emergencial-saiba-tudo-sobre-o-direito-conquistado-com-sua-luta\/#primaryimage","url":"https:\/\/psol50.org.br\/inc\/uploads\/2020\/04\/WhatsApp-Image-2020-04-07-at-09.06.04.jpeg","contentUrl":"https:\/\/psol50.org.br\/inc\/uploads\/2020\/04\/WhatsApp-Image-2020-04-07-at-09.06.04.jpeg","width":1024,"height":768},{"@type":"BreadcrumbList","@id":"https:\/\/psol50.org.br\/esta-no-ar-o-cadastro-para-receber-a-renda-basica-emergencial-saiba-tudo-sobre-o-direito-conquistado-com-sua-luta\/#breadcrumb","itemListElement":[{"@type":"ListItem","position":1,"name":"In\u00edcio","item":"https:\/\/psol50.org.br\/"},{"@type":"ListItem","position":2,"name":"Est\u00e1 no ar o cadastro para receber a Renda B\u00e1sica Emergencial. Saiba tudo sobre o direito conquistado com sua luta"}]},{"@type":"WebSite","@id":"https:\/\/psol50.org.br\/#website","url":"https:\/\/psol50.org.br\/","name":"PSOL 50","description":"Site oficial do Partido Socialismo e Liberdade","publisher":{"@id":"https:\/\/psol50.org.br\/#organization"},"alternateName":"PSOL50","potentialAction":[{"@type":"SearchAction","target":{"@type":"EntryPoint","urlTemplate":"https:\/\/psol50.org.br\/?s={search_term_string}"},"query-input":{"@type":"PropertyValueSpecification","valueRequired":true,"valueName":"search_term_string"}}],"inLanguage":"pt-BR"},{"@type":"Organization","@id":"https:\/\/psol50.org.br\/#organization","name":"PSOL 50","alternateName":"PSOL 50","url":"https:\/\/psol50.org.br\/","logo":{"@type":"ImageObject","inLanguage":"pt-BR","@id":"https:\/\/psol50.org.br\/#\/schema\/logo\/image\/","url":"https:\/\/psol50.org.br\/inc\/uploads\/2018\/07\/capa.png","contentUrl":"https:\/\/psol50.org.br\/inc\/uploads\/2018\/07\/capa.png","width":1350,"height":900,"caption":"PSOL 50"},"image":{"@id":"https:\/\/psol50.org.br\/#\/schema\/logo\/image\/"},"sameAs":["https:\/\/www.facebook.com\/psol50","https:\/\/x.com\/psol50","https:\/\/www.instagram.com\/psol50\/","https:\/\/www.youtube.com\/channel\/UC7SnJS5o1os7a6CaiNabzcg"]},{"@type":"Person","@id":"https:\/\/psol50.org.br\/#\/schema\/person\/475dfa57d0b815993c714c2e96491fcd","name":"Comunica\u00e7\u00e3o PSOL","image":{"@type":"ImageObject","inLanguage":"pt-BR","@id":"https:\/\/psol50.org.br\/#\/schema\/person\/image\/","url":"https:\/\/secure.gravatar.com\/avatar\/b34fc4f4e468a4e51785917065a3db57b841f5c95dba6ad8c73aaf8f66f8f9bf?s=96&d=mm&r=g","contentUrl":"https:\/\/secure.gravatar.com\/avatar\/b34fc4f4e468a4e51785917065a3db57b841f5c95dba6ad8c73aaf8f66f8f9bf?s=96&d=mm&r=g","caption":"Comunica\u00e7\u00e3o PSOL"}}]}},"_links":{"self":[{"href":"https:\/\/psol50.org.br\/rest\/wp\/v2\/posts\/28211","targetHints":{"allow":["GET"]}}],"collection":[{"href":"https:\/\/psol50.org.br\/rest\/wp\/v2\/posts"}],"about":[{"href":"https:\/\/psol50.org.br\/rest\/wp\/v2\/types\/post"}],"author":[{"embeddable":true,"href":"https:\/\/psol50.org.br\/rest\/wp\/v2\/users\/2"}],"replies":[{"embeddable":true,"href":"https:\/\/psol50.org.br\/rest\/wp\/v2\/comments?post=28211"}],"version-history":[{"count":0,"href":"https:\/\/psol50.org.br\/rest\/wp\/v2\/posts\/28211\/revisions"}],"wp:featuredmedia":[{"embeddable":true,"href":"https:\/\/psol50.org.br\/rest\/wp\/v2\/media\/28214"}],"wp:attachment":[{"href":"https:\/\/psol50.org.br\/rest\/wp\/v2\/media?parent=28211"}],"wp:term":[{"taxonomy":"category","embeddable":true,"href":"https:\/\/psol50.org.br\/rest\/wp\/v2\/categories?post=28211"},{"taxonomy":"post_tag","embeddable":true,"href":"https:\/\/psol50.org.br\/rest\/wp\/v2\/tags?post=28211"}],"curies":[{"name":"wp","href":"https:\/\/api.w.org\/{rel}","templated":true}]}}