{"id":28275,"date":"2020-04-11T16:43:49","date_gmt":"2020-04-11T19:43:49","guid":{"rendered":"https:\/\/psol50.org.br\/?p=28275"},"modified":"2020-04-11T16:43:49","modified_gmt":"2020-04-11T19:43:49","slug":"nota-da-executiva-nacional-do-psol-sobre-o-assassinato-de-netinho-pre-candidato-a-prefeito-de-janduis-rn","status":"publish","type":"post","link":"https:\/\/psol50.org.br\/nota-da-executiva-nacional-do-psol-sobre-o-assassinato-de-netinho-pre-candidato-a-prefeito-de-janduis-rn\/","title":{"rendered":"Nota da Executiva Nacional do PSOL sobre o assassinato de Netinho, pr\u00e9-candidato a prefeito de Jandu\u00eds (RN)"},"content":{"rendered":"<p>Acabamos de receber a tr\u00e1gica not\u00edcia da morte de Netinho, lideran\u00e7a do PSOL em Jandu\u00eds (RN), pr\u00e9-candidato a prefeito na cidade, at\u00e9 ent\u00e3o l\u00edder nas pesquisas de opini\u00e3o eleitoral. Microempres\u00e1rio simples, querido por todos, ele foi v\u00edtima de uma emboscada, sem nenhuma chance de rea\u00e7\u00e3o.<\/p>\n<p>\u00c9 importante ressaltar que o munic\u00edpio de Jandu\u00eds tem um hist\u00f3rico de viol\u00eancia pol\u00edtica, e Netinho j\u00e1 havia expressado sua preocupa\u00e7\u00e3o em ser uma futura v\u00edtima por enfrentar os poderes locais institu\u00eddos.<\/p>\n<p>O PSOL buscar\u00e1 provid\u00eancias junto a todas as autoridades de seguran\u00e7a do Estado para que essa execu\u00e7\u00e3o n\u00e3o fique impune. Queremos saber quem matou, mas acima de tudo quem s\u00e3o os mandantes dessa barb\u00e1rie. Podem nos tirar um, dois ou dez, como fizeram com Marielle Franco, mas lutaremos sempre para que essas mortes n\u00e3o sejam em v\u00e3o!<\/p>\n<p>A Executiva Nacional do partido est\u00e1 em contato com o Diret\u00f3rio Regional, com nosso deputado estadual Sandro Pimentel e com as autoridades locais para exigir o imediato esclarecimento e pris\u00e3o dos covardes autores de mais esse crime pol\u00edtico. N\u00e3o nos calar\u00e3o e a democracia vencer\u00e1.<\/p>\n<p>Nossos sentimentos a todos os seus companheiros, amigos e familiares.<\/p>\n<p>Netinho, presente!<\/p>\n<p><strong>Executiva Nacional do PSOL, 11 de abril de 2020<\/strong><\/p>\n","protected":false},"excerpt":{"rendered":"<p>Acabamos de receber a tr\u00e1gica not\u00edcia da morte de Netinho, lideran\u00e7a do PSOL em Jandu\u00eds (RN), pr\u00e9-candidato a prefeito na cidade, at\u00e9 ent\u00e3o l\u00edder nas pesquisas de opini\u00e3o eleitoral. Microempres\u00e1rio simples, querido por todos, ele foi v\u00edtima de uma emboscada, sem nenhuma chance de rea\u00e7\u00e3o. \u00c9 importante ressaltar que o munic\u00edpio de Jandu\u00eds tem um [&hellip;]<\/p>\n","protected":false},"author":2,"featured_media":21539,"comment_status":"closed","ping_status":"open","sticky":false,"template":"","format":"standard","meta":{"_acf_changed":false,"footnotes":""},"categories":[6,14,72],"tags":[242,517,243,518],"class_list":{"0":"post-28275","1":"post","2":"type-post","3":"status-publish","4":"format-standard","5":"has-post-thumbnail","7":"category-noticias","8":"category-partido","9":"category-resolucoes","10":"tag-executiva-nacional-do-psol","11":"tag-netinho","12":"tag-nota-do-psol","13":"tag-rio-grande-do-norte"},"acf":[],"yoast_head":"<!-- This site is optimized with the Yoast SEO plugin v26.5 - https:\/\/yoast.com\/wordpress\/plugins\/seo\/ -->\n<title>Nota da Executiva Nacional do PSOL sobre o assassinato de Netinho, pr\u00e9-candidato a prefeito de Jandu\u00eds (RN)<\/title>\n<meta name=\"robots\" content=\"index, follow, max-snippet:-1, max-image-preview:large, max-video-preview:-1\" \/>\n<link rel=\"canonical\" href=\"https:\/\/psol50.org.br\/nota-da-executiva-nacional-do-psol-sobre-o-assassinato-de-netinho-pre-candidato-a-prefeito-de-janduis-rn\/\" \/>\n<meta property=\"og:locale\" content=\"pt_BR\" \/>\n<meta property=\"og:type\" content=\"article\" \/>\n<meta property=\"og:title\" content=\"Nota do PSOL sobre o assassinato de Netinho, pr\u00e9-candidato a prefeito de Jandu\u00eds (RN)\" \/>\n<meta property=\"og:description\" content=\"Pr\u00e9-candidato do PSOL foi v\u00edtima de uma emboscada.\" \/>\n<meta property=\"og:url\" content=\"https:\/\/psol50.org.br\/nota-da-executiva-nacional-do-psol-sobre-o-assassinato-de-netinho-pre-candidato-a-prefeito-de-janduis-rn\/\" \/>\n<meta property=\"og:site_name\" content=\"PSOL 50\" \/>\n<meta property=\"article:publisher\" content=\"https:\/\/www.facebook.com\/psol50\" \/>\n<meta property=\"article:published_time\" content=\"2020-04-11T19:43:49+00:00\" \/>\n<meta property=\"og:image\" content=\"https:\/\/psol50.org.br\/inc\/uploads\/2018\/09\/capa-546x365-1.png\" \/>\n\t<meta property=\"og:image:width\" content=\"546\" \/>\n\t<meta property=\"og:image:height\" content=\"365\" \/>\n\t<meta property=\"og:image:type\" content=\"image\/png\" \/>\n<meta name=\"author\" content=\"Comunica\u00e7\u00e3o PSOL\" \/>\n<meta name=\"twitter:card\" content=\"summary_large_image\" \/>\n<meta name=\"twitter:title\" content=\"Nota do PSOL sobre o assassinato de Netinho, pr\u00e9-candidato a prefeito de Jandu\u00eds (RN)\" \/>\n<meta name=\"twitter:description\" content=\"Pr\u00e9-candidato do PSOL foi v\u00edtima de uma emboscada.\" \/>\n<meta name=\"twitter:image\" content=\"https:\/\/psol50.org.br\/inc\/uploads\/2018\/09\/capa-546x365-1.png\" \/>\n<meta name=\"twitter:creator\" content=\"@psol50\" \/>\n<meta name=\"twitter:site\" content=\"@psol50\" \/>\n<meta name=\"twitter:label1\" content=\"Escrito por\" \/>\n\t<meta name=\"twitter:data1\" content=\"Comunica\u00e7\u00e3o PSOL\" \/>\n\t<meta name=\"twitter:label2\" content=\"Est. tempo de leitura\" \/>\n\t<meta name=\"twitter:data2\" content=\"1 minuto\" \/>\n<script type=\"application\/ld+json\" class=\"yoast-schema-graph\">{\"@context\":\"https:\/\/schema.org\",\"@graph\":[{\"@type\":\"Article\",\"@id\":\"https:\/\/psol50.org.br\/nota-da-executiva-nacional-do-psol-sobre-o-assassinato-de-netinho-pre-candidato-a-prefeito-de-janduis-rn\/#article\",\"isPartOf\":{\"@id\":\"https:\/\/psol50.org.br\/nota-da-executiva-nacional-do-psol-sobre-o-assassinato-de-netinho-pre-candidato-a-prefeito-de-janduis-rn\/\"},\"author\":{\"name\":\"Comunica\u00e7\u00e3o PSOL\",\"@id\":\"https:\/\/psol50.org.br\/#\/schema\/person\/475dfa57d0b815993c714c2e96491fcd\"},\"headline\":\"Nota da Executiva Nacional do PSOL sobre o assassinato de Netinho, pr\u00e9-candidato a prefeito de Jandu\u00eds (RN)\",\"datePublished\":\"2020-04-11T19:43:49+00:00\",\"mainEntityOfPage\":{\"@id\":\"https:\/\/psol50.org.br\/nota-da-executiva-nacional-do-psol-sobre-o-assassinato-de-netinho-pre-candidato-a-prefeito-de-janduis-rn\/\"},\"wordCount\":248,\"publisher\":{\"@id\":\"https:\/\/psol50.org.br\/#organization\"},\"image\":{\"@id\":\"https:\/\/psol50.org.br\/nota-da-executiva-nacional-do-psol-sobre-o-assassinato-de-netinho-pre-candidato-a-prefeito-de-janduis-rn\/#primaryimage\"},\"thumbnailUrl\":\"https:\/\/psol50.org.br\/inc\/uploads\/2018\/09\/capa-546x365-1.png\",\"keywords\":[\"Executiva Nacional do PSOL\",\"Netinho\",\"Nota do PSOL\",\"Rio Grande do Norte\"],\"articleSection\":[\"Not\u00edcias\",\"Partido\",\"Resolu\u00e7\u00f5es\"],\"inLanguage\":\"pt-BR\"},{\"@type\":\"WebPage\",\"@id\":\"https:\/\/psol50.org.br\/nota-da-executiva-nacional-do-psol-sobre-o-assassinato-de-netinho-pre-candidato-a-prefeito-de-janduis-rn\/\",\"url\":\"https:\/\/psol50.org.br\/nota-da-executiva-nacional-do-psol-sobre-o-assassinato-de-netinho-pre-candidato-a-prefeito-de-janduis-rn\/\",\"name\":\"Nota da Executiva Nacional do PSOL sobre o assassinato de Netinho, pr\u00e9-candidato a prefeito de Jandu\u00eds (RN)\",\"isPartOf\":{\"@id\":\"https:\/\/psol50.org.br\/#website\"},\"primaryImageOfPage\":{\"@id\":\"https:\/\/psol50.org.br\/nota-da-executiva-nacional-do-psol-sobre-o-assassinato-de-netinho-pre-candidato-a-prefeito-de-janduis-rn\/#primaryimage\"},\"image\":{\"@id\":\"https:\/\/psol50.org.br\/nota-da-executiva-nacional-do-psol-sobre-o-assassinato-de-netinho-pre-candidato-a-prefeito-de-janduis-rn\/#primaryimage\"},\"thumbnailUrl\":\"https:\/\/psol50.org.br\/inc\/uploads\/2018\/09\/capa-546x365-1.png\",\"datePublished\":\"2020-04-11T19:43:49+00:00\",\"breadcrumb\":{\"@id\":\"https:\/\/psol50.org.br\/nota-da-executiva-nacional-do-psol-sobre-o-assassinato-de-netinho-pre-candidato-a-prefeito-de-janduis-rn\/#breadcrumb\"},\"inLanguage\":\"pt-BR\",\"potentialAction\":[{\"@type\":\"ReadAction\",\"target\":[\"https:\/\/psol50.org.br\/nota-da-executiva-nacional-do-psol-sobre-o-assassinato-de-netinho-pre-candidato-a-prefeito-de-janduis-rn\/\"]}]},{\"@type\":\"ImageObject\",\"inLanguage\":\"pt-BR\",\"@id\":\"https:\/\/psol50.org.br\/nota-da-executiva-nacional-do-psol-sobre-o-assassinato-de-netinho-pre-candidato-a-prefeito-de-janduis-rn\/#primaryimage\",\"url\":\"https:\/\/psol50.org.br\/inc\/uploads\/2018\/09\/capa-546x365-1.png\",\"contentUrl\":\"https:\/\/psol50.org.br\/inc\/uploads\/2018\/09\/capa-546x365-1.png\",\"width\":546,\"height\":365},{\"@type\":\"BreadcrumbList\",\"@id\":\"https:\/\/psol50.org.br\/nota-da-executiva-nacional-do-psol-sobre-o-assassinato-de-netinho-pre-candidato-a-prefeito-de-janduis-rn\/#breadcrumb\",\"itemListElement\":[{\"@type\":\"ListItem\",\"position\":1,\"name\":\"In\u00edcio\",\"item\":\"https:\/\/psol50.org.br\/\"},{\"@type\":\"ListItem\",\"position\":2,\"name\":\"Nota da Executiva Nacional do PSOL sobre o assassinato de Netinho, pr\u00e9-candidato a prefeito de Jandu\u00eds (RN)\"}]},{\"@type\":\"WebSite\",\"@id\":\"https:\/\/psol50.org.br\/#website\",\"url\":\"https:\/\/psol50.org.br\/\",\"name\":\"PSOL 50\",\"description\":\"Site oficial do Partido Socialismo e Liberdade\",\"publisher\":{\"@id\":\"https:\/\/psol50.org.br\/#organization\"},\"alternateName\":\"PSOL50\",\"potentialAction\":[{\"@type\":\"SearchAction\",\"target\":{\"@type\":\"EntryPoint\",\"urlTemplate\":\"https:\/\/psol50.org.br\/?s={search_term_string}\"},\"query-input\":{\"@type\":\"PropertyValueSpecification\",\"valueRequired\":true,\"valueName\":\"search_term_string\"}}],\"inLanguage\":\"pt-BR\"},{\"@type\":\"Organization\",\"@id\":\"https:\/\/psol50.org.br\/#organization\",\"name\":\"PSOL 50\",\"alternateName\":\"PSOL 50\",\"url\":\"https:\/\/psol50.org.br\/\",\"logo\":{\"@type\":\"ImageObject\",\"inLanguage\":\"pt-BR\",\"@id\":\"https:\/\/psol50.org.br\/#\/schema\/logo\/image\/\",\"url\":\"https:\/\/psol50.org.br\/inc\/uploads\/2018\/07\/capa.png\",\"contentUrl\":\"https:\/\/psol50.org.br\/inc\/uploads\/2018\/07\/capa.png\",\"width\":1350,\"height\":900,\"caption\":\"PSOL 50\"},\"image\":{\"@id\":\"https:\/\/psol50.org.br\/#\/schema\/logo\/image\/\"},\"sameAs\":[\"https:\/\/www.facebook.com\/psol50\",\"https:\/\/x.com\/psol50\",\"https:\/\/www.instagram.com\/psol50\/\",\"https:\/\/www.youtube.com\/channel\/UC7SnJS5o1os7a6CaiNabzcg\"]},{\"@type\":\"Person\",\"@id\":\"https:\/\/psol50.org.br\/#\/schema\/person\/475dfa57d0b815993c714c2e96491fcd\",\"name\":\"Comunica\u00e7\u00e3o PSOL\",\"image\":{\"@type\":\"ImageObject\",\"inLanguage\":\"pt-BR\",\"@id\":\"https:\/\/psol50.org.br\/#\/schema\/person\/image\/\",\"url\":\"https:\/\/secure.gravatar.com\/avatar\/b34fc4f4e468a4e51785917065a3db57b841f5c95dba6ad8c73aaf8f66f8f9bf?s=96&d=mm&r=g\",\"contentUrl\":\"https:\/\/secure.gravatar.com\/avatar\/b34fc4f4e468a4e51785917065a3db57b841f5c95dba6ad8c73aaf8f66f8f9bf?s=96&d=mm&r=g\",\"caption\":\"Comunica\u00e7\u00e3o PSOL\"}}]}<\/script>\n<!-- \/ Yoast SEO plugin. -->","yoast_head_json":{"title":"Nota da Executiva Nacional do PSOL sobre o assassinato de Netinho, pr\u00e9-candidato a prefeito de Jandu\u00eds (RN)","robots":{"index":"index","follow":"follow","max-snippet":"max-snippet:-1","max-image-preview":"max-image-preview:large","max-video-preview":"max-video-preview:-1"},"canonical":"https:\/\/psol50.org.br\/nota-da-executiva-nacional-do-psol-sobre-o-assassinato-de-netinho-pre-candidato-a-prefeito-de-janduis-rn\/","og_locale":"pt_BR","og_type":"article","og_title":"Nota do PSOL sobre o assassinato de Netinho, pr\u00e9-candidato a prefeito de Jandu\u00eds (RN)","og_description":"Pr\u00e9-candidato do PSOL foi v\u00edtima de uma emboscada.","og_url":"https:\/\/psol50.org.br\/nota-da-executiva-nacional-do-psol-sobre-o-assassinato-de-netinho-pre-candidato-a-prefeito-de-janduis-rn\/","og_site_name":"PSOL 50","article_publisher":"https:\/\/www.facebook.com\/psol50","article_published_time":"2020-04-11T19:43:49+00:00","og_image":[{"width":546,"height":365,"url":"https:\/\/psol50.org.br\/inc\/uploads\/2018\/09\/capa-546x365-1.png","type":"image\/png"}],"author":"Comunica\u00e7\u00e3o PSOL","twitter_card":"summary_large_image","twitter_title":"Nota do PSOL sobre o assassinato de Netinho, pr\u00e9-candidato a prefeito de Jandu\u00eds (RN)","twitter_description":"Pr\u00e9-candidato do PSOL foi v\u00edtima de uma emboscada.","twitter_image":"https:\/\/psol50.org.br\/inc\/uploads\/2018\/09\/capa-546x365-1.png","twitter_creator":"@psol50","twitter_site":"@psol50","twitter_misc":{"Escrito por":"Comunica\u00e7\u00e3o PSOL","Est. tempo de leitura":"1 minuto"},"schema":{"@context":"https:\/\/schema.org","@graph":[{"@type":"Article","@id":"https:\/\/psol50.org.br\/nota-da-executiva-nacional-do-psol-sobre-o-assassinato-de-netinho-pre-candidato-a-prefeito-de-janduis-rn\/#article","isPartOf":{"@id":"https:\/\/psol50.org.br\/nota-da-executiva-nacional-do-psol-sobre-o-assassinato-de-netinho-pre-candidato-a-prefeito-de-janduis-rn\/"},"author":{"name":"Comunica\u00e7\u00e3o PSOL","@id":"https:\/\/psol50.org.br\/#\/schema\/person\/475dfa57d0b815993c714c2e96491fcd"},"headline":"Nota da Executiva Nacional do PSOL sobre o assassinato de Netinho, pr\u00e9-candidato a prefeito de Jandu\u00eds (RN)","datePublished":"2020-04-11T19:43:49+00:00","mainEntityOfPage":{"@id":"https:\/\/psol50.org.br\/nota-da-executiva-nacional-do-psol-sobre-o-assassinato-de-netinho-pre-candidato-a-prefeito-de-janduis-rn\/"},"wordCount":248,"publisher":{"@id":"https:\/\/psol50.org.br\/#organization"},"image":{"@id":"https:\/\/psol50.org.br\/nota-da-executiva-nacional-do-psol-sobre-o-assassinato-de-netinho-pre-candidato-a-prefeito-de-janduis-rn\/#primaryimage"},"thumbnailUrl":"https:\/\/psol50.org.br\/inc\/uploads\/2018\/09\/capa-546x365-1.png","keywords":["Executiva Nacional do PSOL","Netinho","Nota do PSOL","Rio Grande do Norte"],"articleSection":["Not\u00edcias","Partido","Resolu\u00e7\u00f5es"],"inLanguage":"pt-BR"},{"@type":"WebPage","@id":"https:\/\/psol50.org.br\/nota-da-executiva-nacional-do-psol-sobre-o-assassinato-de-netinho-pre-candidato-a-prefeito-de-janduis-rn\/","url":"https:\/\/psol50.org.br\/nota-da-executiva-nacional-do-psol-sobre-o-assassinato-de-netinho-pre-candidato-a-prefeito-de-janduis-rn\/","name":"Nota da Executiva Nacional do PSOL sobre o assassinato de Netinho, pr\u00e9-candidato a prefeito de Jandu\u00eds (RN)","isPartOf":{"@id":"https:\/\/psol50.org.br\/#website"},"primaryImageOfPage":{"@id":"https:\/\/psol50.org.br\/nota-da-executiva-nacional-do-psol-sobre-o-assassinato-de-netinho-pre-candidato-a-prefeito-de-janduis-rn\/#primaryimage"},"image":{"@id":"https:\/\/psol50.org.br\/nota-da-executiva-nacional-do-psol-sobre-o-assassinato-de-netinho-pre-candidato-a-prefeito-de-janduis-rn\/#primaryimage"},"thumbnailUrl":"https:\/\/psol50.org.br\/inc\/uploads\/2018\/09\/capa-546x365-1.png","datePublished":"2020-04-11T19:43:49+00:00","breadcrumb":{"@id":"https:\/\/psol50.org.br\/nota-da-executiva-nacional-do-psol-sobre-o-assassinato-de-netinho-pre-candidato-a-prefeito-de-janduis-rn\/#breadcrumb"},"inLanguage":"pt-BR","potentialAction":[{"@type":"ReadAction","target":["https:\/\/psol50.org.br\/nota-da-executiva-nacional-do-psol-sobre-o-assassinato-de-netinho-pre-candidato-a-prefeito-de-janduis-rn\/"]}]},{"@type":"ImageObject","inLanguage":"pt-BR","@id":"https:\/\/psol50.org.br\/nota-da-executiva-nacional-do-psol-sobre-o-assassinato-de-netinho-pre-candidato-a-prefeito-de-janduis-rn\/#primaryimage","url":"https:\/\/psol50.org.br\/inc\/uploads\/2018\/09\/capa-546x365-1.png","contentUrl":"https:\/\/psol50.org.br\/inc\/uploads\/2018\/09\/capa-546x365-1.png","width":546,"height":365},{"@type":"BreadcrumbList","@id":"https:\/\/psol50.org.br\/nota-da-executiva-nacional-do-psol-sobre-o-assassinato-de-netinho-pre-candidato-a-prefeito-de-janduis-rn\/#breadcrumb","itemListElement":[{"@type":"ListItem","position":1,"name":"In\u00edcio","item":"https:\/\/psol50.org.br\/"},{"@type":"ListItem","position":2,"name":"Nota da Executiva Nacional do PSOL sobre o assassinato de Netinho, pr\u00e9-candidato a prefeito de Jandu\u00eds (RN)"}]},{"@type":"WebSite","@id":"https:\/\/psol50.org.br\/#website","url":"https:\/\/psol50.org.br\/","name":"PSOL 50","description":"Site oficial do Partido Socialismo e Liberdade","publisher":{"@id":"https:\/\/psol50.org.br\/#organization"},"alternateName":"PSOL50","potentialAction":[{"@type":"SearchAction","target":{"@type":"EntryPoint","urlTemplate":"https:\/\/psol50.org.br\/?s={search_term_string}"},"query-input":{"@type":"PropertyValueSpecification","valueRequired":true,"valueName":"search_term_string"}}],"inLanguage":"pt-BR"},{"@type":"Organization","@id":"https:\/\/psol50.org.br\/#organization","name":"PSOL 50","alternateName":"PSOL 50","url":"https:\/\/psol50.org.br\/","logo":{"@type":"ImageObject","inLanguage":"pt-BR","@id":"https:\/\/psol50.org.br\/#\/schema\/logo\/image\/","url":"https:\/\/psol50.org.br\/inc\/uploads\/2018\/07\/capa.png","contentUrl":"https:\/\/psol50.org.br\/inc\/uploads\/2018\/07\/capa.png","width":1350,"height":900,"caption":"PSOL 50"},"image":{"@id":"https:\/\/psol50.org.br\/#\/schema\/logo\/image\/"},"sameAs":["https:\/\/www.facebook.com\/psol50","https:\/\/x.com\/psol50","https:\/\/www.instagram.com\/psol50\/","https:\/\/www.youtube.com\/channel\/UC7SnJS5o1os7a6CaiNabzcg"]},{"@type":"Person","@id":"https:\/\/psol50.org.br\/#\/schema\/person\/475dfa57d0b815993c714c2e96491fcd","name":"Comunica\u00e7\u00e3o PSOL","image":{"@type":"ImageObject","inLanguage":"pt-BR","@id":"https:\/\/psol50.org.br\/#\/schema\/person\/image\/","url":"https:\/\/secure.gravatar.com\/avatar\/b34fc4f4e468a4e51785917065a3db57b841f5c95dba6ad8c73aaf8f66f8f9bf?s=96&d=mm&r=g","contentUrl":"https:\/\/secure.gravatar.com\/avatar\/b34fc4f4e468a4e51785917065a3db57b841f5c95dba6ad8c73aaf8f66f8f9bf?s=96&d=mm&r=g","caption":"Comunica\u00e7\u00e3o PSOL"}}]}},"_links":{"self":[{"href":"https:\/\/psol50.org.br\/rest\/wp\/v2\/posts\/28275","targetHints":{"allow":["GET"]}}],"collection":[{"href":"https:\/\/psol50.org.br\/rest\/wp\/v2\/posts"}],"about":[{"href":"https:\/\/psol50.org.br\/rest\/wp\/v2\/types\/post"}],"author":[{"embeddable":true,"href":"https:\/\/psol50.org.br\/rest\/wp\/v2\/users\/2"}],"replies":[{"embeddable":true,"href":"https:\/\/psol50.org.br\/rest\/wp\/v2\/comments?post=28275"}],"version-history":[{"count":0,"href":"https:\/\/psol50.org.br\/rest\/wp\/v2\/posts\/28275\/revisions"}],"wp:featuredmedia":[{"embeddable":true,"href":"https:\/\/psol50.org.br\/rest\/wp\/v2\/media\/21539"}],"wp:attachment":[{"href":"https:\/\/psol50.org.br\/rest\/wp\/v2\/media?parent=28275"}],"wp:term":[{"taxonomy":"category","embeddable":true,"href":"https:\/\/psol50.org.br\/rest\/wp\/v2\/categories?post=28275"},{"taxonomy":"post_tag","embeddable":true,"href":"https:\/\/psol50.org.br\/rest\/wp\/v2\/tags?post=28275"}],"curies":[{"name":"wp","href":"https:\/\/api.w.org\/{rel}","templated":true}]}}