{"id":28300,"date":"2020-04-14T13:01:47","date_gmt":"2020-04-14T16:01:47","guid":{"rendered":"https:\/\/psol50.org.br\/?p=28300"},"modified":"2020-04-14T13:01:47","modified_gmt":"2020-04-14T16:01:47","slug":"psol-parana-e-contra-o-projeto-de-educacao-a-distancia-do-governo-ratinho","status":"publish","type":"post","link":"https:\/\/psol50.org.br\/psol-parana-e-contra-o-projeto-de-educacao-a-distancia-do-governo-ratinho\/","title":{"rendered":"PSOL Paran\u00e1 \u00e9 contra o projeto de \u201cEduca\u00e7\u00e3o \u00e0 Dist\u00e2ncia\u201d do governo Ratinho"},"content":{"rendered":"<p><a href=\"https:\/\/psol50.org.br\/coronavirus\/\" target=\"_blank\" rel=\"noopener noreferrer\"><em><img loading=\"lazy\" decoding=\"async\" class=\"alignnone size-full wp-image-27838\" src=\"https:\/\/psol50.org.br\/inc\/uploads\/2020\/03\/Banner-Site_3.png\" alt=\"\" width=\"1240\" height=\"331\" srcset=\"https:\/\/psol50.org.br\/inc\/uploads\/2020\/03\/Banner-Site_3.png 1240w, https:\/\/psol50.org.br\/inc\/uploads\/2020\/03\/Banner-Site_3-300x80.png 300w, https:\/\/psol50.org.br\/inc\/uploads\/2020\/03\/Banner-Site_3-1024x273.png 1024w, https:\/\/psol50.org.br\/inc\/uploads\/2020\/03\/Banner-Site_3-768x205.png 768w, https:\/\/psol50.org.br\/inc\/uploads\/2020\/03\/Banner-Site_3-150x40.png 150w, https:\/\/psol50.org.br\/inc\/uploads\/2020\/03\/Banner-Site_3-696x186.png 696w, https:\/\/psol50.org.br\/inc\/uploads\/2020\/03\/Banner-Site_3-1068x285.png 1068w\" sizes=\"auto, (max-width: 1240px) 100vw, 1240px\" \/><\/em><\/a><\/p>\n<p><em><a href=\"http:\/\/psolpr50.org\/2020\/04\/psol-contra-educacao-a-distancia-feder-ratinho\/\" target=\"_blank\" rel=\"noopener noreferrer\">Publicado originalmente no site do PSOL Paran\u00e1<\/a><\/em><\/p>\n<p>Aproveitando-se da calamidade provocada pelo COVID-19, o empres\u00e1rio e secret\u00e1rio de educa\u00e7\u00e3o do Paran\u00e1, Renato Feder, lan\u00e7ou m\u00e3o de um question\u00e1vel projeto de \u201cEduca\u00e7\u00e3o \u00e0 Dist\u00e2ncia\u201d, para substituir as aulas presenciais na rede p\u00fablica estadual. Tentando agradar os educadores com o discurso de que assim n\u00e3o haveria a necessidade de reposi\u00e7\u00e3o das aulas e, por outro lado, os pais e os pr\u00f3prios estudantes, indicou que o projeto atenderia 90% dos educandos do Paran\u00e1. Nada mais distante da realidade.<\/p>\n<p>Com o aval do governador Ratinho Junior, Feder organizou uma equipe \u00e0s pressas e tenta, de maneira antidemocr\u00e1tica e atropelada, implementar esse projeto. O resultado n\u00e3o poderia ser outro: improviso, baixa qualidade, gastos enormes e desrespeito aos estudantes, pais e educadores(as).<\/p>\n<h6><strong>O Diret\u00f3rio Estadual do PSOL vem a p\u00fablico apresentar sua contrariedade ao projeto de Renato Feder, pelos seguintes motivos:<\/strong><\/h6>\n<h5>1 \u2013 Pedag\u00f3gico<\/h5>\n<p>Educa\u00e7\u00e3o \u00e0 dist\u00e2ncia \u00e9 uma modalidade de ensino importante, mas em contextos determinados. A maioria dos estudantes da educa\u00e7\u00e3o b\u00e1sica ainda n\u00e3o t\u00eam autonomia para acompanhar essa modalidade. Seus respons\u00e1veis n\u00e3o receberam qualquer orienta\u00e7\u00e3o, muitas vezes n\u00e3o dispondo sequer de tempo para acompanh\u00e1-los. Os professores n\u00e3o tiveram uma forma\u00e7\u00e3o espec\u00edfica. Com um pequeno grupo de educadores gravando aulas para todo o estado, o resultado s\u00e3o conte\u00fados descontextualizados, sem rela\u00e7\u00e3o com o que estava sendo desenvolvido em cada escola.<\/p>\n<h5>2 \u2013 Elementos operacionais<\/h5>\n<p>Pesquisas mostram que apenas 30% dos lares possuem computadores. Os celulares, mais comuns, n\u00e3o possuem muitos recursos e a capacidade de armazenamento \u00e9 pequena. O acesso \u00e0 internet \u00e9 limitado. Muitos estudantes da rede p\u00fablica vivem em casas com apenas uma televis\u00e3o, tendo que compartilhar seu uso com outros membros da fam\u00edlia.<\/p>\n<h5>3 \u2013 Or\u00e7amento<\/h5>\n<p>O governo est\u00e1 gastando uma fortuna em contratos sem licita\u00e7\u00e3o, com redes de televis\u00e3o e empresas de telefonia, engordando o bolso de empres\u00e1rios, para impulsionar um programa educacional de baixa qualidade.<\/p>\n<h5>4 \u2013 Justi\u00e7a social<\/h5>\n<p>Essa proposta refor\u00e7a as desigualdades sociais, com a maioria dos estudantes sendo exclu\u00edda ou com pouco aproveitamento dos conte\u00fados. N\u00e3o somos contra o Estado oferecer programas de forma\u00e7\u00e3o cient\u00edfica ou cultural, de modo complementar aos estudos regulares. \u00c9 mesmo uma de suas tarefas. O problema \u00e9 considerar que isso pode substituir as experi\u00eancias vivenciadas no espa\u00e7o escolar.<\/p>\n<h5>5 \u2013 Enfrentamento a Pandemia do Covid-19<\/h5>\n<p>Todos os esfor\u00e7os dos brasileiros neste momento devem estar voltados para o enfrentamento da pandemia que vem se acentuando com o passar do tempo. Demandar das fam\u00edlias tempo e energia para garantir cumprimento de grade curricular \u00e9 menosprezar os assuntos mais urgentes que precisamos debater e informar \u00e0 popula\u00e7\u00e3o neste momento ca\u00f3tico, em que a maioria das fam\u00edlias sofrer\u00e3o com o adoecimento e morte de entes queridos, dentre tantas outras dificuldades que assolam a nossa popula\u00e7\u00e3o.<\/p>\n<h5>Conclus\u00e3o:<\/h5>\n<p>N\u00e3o \u00e9 de hoje que os empres\u00e1rios que tratam a educa\u00e7\u00e3o como um neg\u00f3cio e est\u00e3o de olho no mercado de Educa\u00e7\u00e3o \u00e0 Dist\u00e2ncia para saciar sua sede de lucro f\u00e1cil. Em momentos de crise essa aposta \u00e9 redobrada, j\u00e1 que novos mercados precisam ser explorados, os custos diminu\u00eddos e os lucros ampliados. Viemos denunciar que milhares de estudantes do Paran\u00e1 estejam sendo usados como cobaias desse projeto pol\u00edtico-empresarial. Isso \u00e9 um crime!<\/p>\n<p>O PSOL faz um chamado \u00e0 comunidade escolar e a sociedade para defender a educa\u00e7\u00e3o p\u00fablica. Para isso, antes de mais nada \u00e9 preciso priorizar o cuidado com a vida. Fazer o que Feder e Ratinho Junior querem na educa\u00e7\u00e3o, nesse momento, significa ferir o direito \u00e0 educa\u00e7\u00e3o de qualidade.<\/p>\n<p>Defendemos a reorganiza\u00e7\u00e3o dos calend\u00e1rios escolares de 2020 e 21, incluindo as datas do ENEM e dos vestibulares. S\u00f3 ap\u00f3s tudo isso passar, debater de maneira ampla e democr\u00e1tica com a comunidade escolar as formas de reposi\u00e7\u00e3o dos conte\u00fados, com responsabilidade e qualidade.<\/p>\n<p><strong>Educa\u00e7\u00e3o n\u00e3o \u00e9 improviso, nem uma mercadoria<\/strong>!<br \/>\n<strong>Respeite nossos alunos e profissionais! Fora Feder!<\/strong><\/p>\n<p><em>Diret\u00f3rio Estadual do PSOL do Paran\u00e1<\/em><br \/>\n<em>11 de abril de 2020<\/em><\/p>\n","protected":false},"excerpt":{"rendered":"<p>Publicado originalmente no site do PSOL Paran\u00e1 Aproveitando-se da calamidade provocada pelo COVID-19, o empres\u00e1rio e secret\u00e1rio de educa\u00e7\u00e3o do Paran\u00e1, Renato Feder, lan\u00e7ou m\u00e3o de um question\u00e1vel projeto de \u201cEduca\u00e7\u00e3o \u00e0 Dist\u00e2ncia\u201d, para substituir as aulas presenciais na rede p\u00fablica estadual. Tentando agradar os educadores com o discurso de que assim n\u00e3o haveria a [&hellip;]<\/p>\n","protected":false},"author":2,"featured_media":28302,"comment_status":"closed","ping_status":"open","sticky":false,"template":"","format":"standard","meta":{"_acf_changed":false,"footnotes":""},"categories":[20,6],"tags":[479,164,525,526,22,527],"class_list":{"0":"post-28300","1":"post","2":"type-post","3":"status-publish","4":"format-standard","5":"has-post-thumbnail","7":"category-notas","8":"category-noticias","9":"tag-ead","10":"tag-educacao","11":"tag-feder","12":"tag-parana","13":"tag-psol","14":"tag-ratinho"},"acf":[],"yoast_head":"<!-- This site is optimized with the Yoast SEO plugin v26.5 - https:\/\/yoast.com\/wordpress\/plugins\/seo\/ -->\n<title>PSOL Paran\u00e1 \u00e9 contra o projeto de \u201cEduca\u00e7\u00e3o \u00e0 Dist\u00e2ncia\u201d do governo Ratinho<\/title>\n<meta name=\"description\" content=\"Nada mais distante da realidade do que alegar que o projeto atenderia 90% dos educandos do Paran\u00e1. O resultado \u00e9 improviso, baixa qualidade e gastos enormes.\" \/>\n<meta name=\"robots\" content=\"index, follow, max-snippet:-1, max-image-preview:large, max-video-preview:-1\" \/>\n<link rel=\"canonical\" href=\"https:\/\/psol50.org.br\/psol-parana-e-contra-o-projeto-de-educacao-a-distancia-do-governo-ratinho\/\" \/>\n<meta property=\"og:locale\" content=\"pt_BR\" \/>\n<meta property=\"og:type\" content=\"article\" \/>\n<meta property=\"og:title\" content=\"PSOL Paran\u00e1 \u00e9 contra o projeto de \u201cEduca\u00e7\u00e3o \u00e0 Dist\u00e2ncia\u201d do governo Ratinho\" \/>\n<meta property=\"og:description\" content=\"Nada mais distante da realidade do que alegar que o projeto atenderia 90% dos educandos do Paran\u00e1. O resultado \u00e9 improviso, baixa qualidade e gastos enormes.\" \/>\n<meta property=\"og:url\" content=\"https:\/\/psol50.org.br\/psol-parana-e-contra-o-projeto-de-educacao-a-distancia-do-governo-ratinho\/\" \/>\n<meta property=\"og:site_name\" content=\"PSOL 50\" \/>\n<meta property=\"article:publisher\" content=\"https:\/\/www.facebook.com\/psol50\" \/>\n<meta property=\"article:published_time\" content=\"2020-04-14T16:01:47+00:00\" \/>\n<meta property=\"og:image\" content=\"https:\/\/psol50.org.br\/inc\/uploads\/2020\/04\/ratinho-feder.jpg\" \/>\n\t<meta property=\"og:image:width\" content=\"600\" \/>\n\t<meta property=\"og:image:height\" content=\"400\" \/>\n\t<meta property=\"og:image:type\" content=\"image\/jpeg\" \/>\n<meta name=\"author\" content=\"Comunica\u00e7\u00e3o PSOL\" \/>\n<meta name=\"twitter:card\" content=\"summary_large_image\" \/>\n<meta name=\"twitter:title\" content=\"PSOL Paran\u00e1 \u00e9 contra o projeto de \u201cEduca\u00e7\u00e3o \u00e0 Dist\u00e2ncia\u201d do governo Ratinho\" \/>\n<meta name=\"twitter:description\" content=\"Nada mais distante da realidade do que alegar que o projeto atenderia 90% dos educandos do Paran\u00e1. O resultado \u00e9 improviso, baixa qualidade e gastos enormes.\" \/>\n<meta name=\"twitter:image\" content=\"https:\/\/psol50.org.br\/inc\/uploads\/2020\/04\/ratinho-feder.jpg\" \/>\n<meta name=\"twitter:creator\" content=\"@psol50\" \/>\n<meta name=\"twitter:site\" content=\"@psol50\" \/>\n<meta name=\"twitter:label1\" content=\"Escrito por\" \/>\n\t<meta name=\"twitter:data1\" content=\"Comunica\u00e7\u00e3o PSOL\" \/>\n\t<meta name=\"twitter:label2\" content=\"Est. tempo de leitura\" \/>\n\t<meta name=\"twitter:data2\" content=\"4 minutos\" \/>\n<script type=\"application\/ld+json\" class=\"yoast-schema-graph\">{\"@context\":\"https:\/\/schema.org\",\"@graph\":[{\"@type\":\"Article\",\"@id\":\"https:\/\/psol50.org.br\/psol-parana-e-contra-o-projeto-de-educacao-a-distancia-do-governo-ratinho\/#article\",\"isPartOf\":{\"@id\":\"https:\/\/psol50.org.br\/psol-parana-e-contra-o-projeto-de-educacao-a-distancia-do-governo-ratinho\/\"},\"author\":{\"name\":\"Comunica\u00e7\u00e3o PSOL\",\"@id\":\"https:\/\/psol50.org.br\/#\/schema\/person\/475dfa57d0b815993c714c2e96491fcd\"},\"headline\":\"PSOL Paran\u00e1 \u00e9 contra o projeto de \u201cEduca\u00e7\u00e3o \u00e0 Dist\u00e2ncia\u201d do governo Ratinho\",\"datePublished\":\"2020-04-14T16:01:47+00:00\",\"mainEntityOfPage\":{\"@id\":\"https:\/\/psol50.org.br\/psol-parana-e-contra-o-projeto-de-educacao-a-distancia-do-governo-ratinho\/\"},\"wordCount\":714,\"publisher\":{\"@id\":\"https:\/\/psol50.org.br\/#organization\"},\"image\":{\"@id\":\"https:\/\/psol50.org.br\/psol-parana-e-contra-o-projeto-de-educacao-a-distancia-do-governo-ratinho\/#primaryimage\"},\"thumbnailUrl\":\"https:\/\/psol50.org.br\/inc\/uploads\/2020\/04\/ratinho-feder.jpg\",\"keywords\":[\"ead\",\"Educa\u00e7\u00e3o\",\"feder\",\"Paran\u00e1\",\"PSOL\",\"Ratinho\"],\"articleSection\":[\"Notas\",\"Not\u00edcias\"],\"inLanguage\":\"pt-BR\"},{\"@type\":\"WebPage\",\"@id\":\"https:\/\/psol50.org.br\/psol-parana-e-contra-o-projeto-de-educacao-a-distancia-do-governo-ratinho\/\",\"url\":\"https:\/\/psol50.org.br\/psol-parana-e-contra-o-projeto-de-educacao-a-distancia-do-governo-ratinho\/\",\"name\":\"PSOL Paran\u00e1 \u00e9 contra o projeto de \u201cEduca\u00e7\u00e3o \u00e0 Dist\u00e2ncia\u201d do governo Ratinho\",\"isPartOf\":{\"@id\":\"https:\/\/psol50.org.br\/#website\"},\"primaryImageOfPage\":{\"@id\":\"https:\/\/psol50.org.br\/psol-parana-e-contra-o-projeto-de-educacao-a-distancia-do-governo-ratinho\/#primaryimage\"},\"image\":{\"@id\":\"https:\/\/psol50.org.br\/psol-parana-e-contra-o-projeto-de-educacao-a-distancia-do-governo-ratinho\/#primaryimage\"},\"thumbnailUrl\":\"https:\/\/psol50.org.br\/inc\/uploads\/2020\/04\/ratinho-feder.jpg\",\"datePublished\":\"2020-04-14T16:01:47+00:00\",\"description\":\"Nada mais distante da realidade do que alegar que o projeto atenderia 90% dos educandos do Paran\u00e1. O resultado \u00e9 improviso, baixa qualidade e gastos enormes.\",\"breadcrumb\":{\"@id\":\"https:\/\/psol50.org.br\/psol-parana-e-contra-o-projeto-de-educacao-a-distancia-do-governo-ratinho\/#breadcrumb\"},\"inLanguage\":\"pt-BR\",\"potentialAction\":[{\"@type\":\"ReadAction\",\"target\":[\"https:\/\/psol50.org.br\/psol-parana-e-contra-o-projeto-de-educacao-a-distancia-do-governo-ratinho\/\"]}]},{\"@type\":\"ImageObject\",\"inLanguage\":\"pt-BR\",\"@id\":\"https:\/\/psol50.org.br\/psol-parana-e-contra-o-projeto-de-educacao-a-distancia-do-governo-ratinho\/#primaryimage\",\"url\":\"https:\/\/psol50.org.br\/inc\/uploads\/2020\/04\/ratinho-feder.jpg\",\"contentUrl\":\"https:\/\/psol50.org.br\/inc\/uploads\/2020\/04\/ratinho-feder.jpg\",\"width\":600,\"height\":400},{\"@type\":\"BreadcrumbList\",\"@id\":\"https:\/\/psol50.org.br\/psol-parana-e-contra-o-projeto-de-educacao-a-distancia-do-governo-ratinho\/#breadcrumb\",\"itemListElement\":[{\"@type\":\"ListItem\",\"position\":1,\"name\":\"In\u00edcio\",\"item\":\"https:\/\/psol50.org.br\/\"},{\"@type\":\"ListItem\",\"position\":2,\"name\":\"PSOL Paran\u00e1 \u00e9 contra o projeto de \u201cEduca\u00e7\u00e3o \u00e0 Dist\u00e2ncia\u201d do governo Ratinho\"}]},{\"@type\":\"WebSite\",\"@id\":\"https:\/\/psol50.org.br\/#website\",\"url\":\"https:\/\/psol50.org.br\/\",\"name\":\"PSOL 50\",\"description\":\"Site oficial do Partido Socialismo e Liberdade\",\"publisher\":{\"@id\":\"https:\/\/psol50.org.br\/#organization\"},\"alternateName\":\"PSOL50\",\"potentialAction\":[{\"@type\":\"SearchAction\",\"target\":{\"@type\":\"EntryPoint\",\"urlTemplate\":\"https:\/\/psol50.org.br\/?s={search_term_string}\"},\"query-input\":{\"@type\":\"PropertyValueSpecification\",\"valueRequired\":true,\"valueName\":\"search_term_string\"}}],\"inLanguage\":\"pt-BR\"},{\"@type\":\"Organization\",\"@id\":\"https:\/\/psol50.org.br\/#organization\",\"name\":\"PSOL 50\",\"alternateName\":\"PSOL 50\",\"url\":\"https:\/\/psol50.org.br\/\",\"logo\":{\"@type\":\"ImageObject\",\"inLanguage\":\"pt-BR\",\"@id\":\"https:\/\/psol50.org.br\/#\/schema\/logo\/image\/\",\"url\":\"https:\/\/psol50.org.br\/inc\/uploads\/2018\/07\/capa.png\",\"contentUrl\":\"https:\/\/psol50.org.br\/inc\/uploads\/2018\/07\/capa.png\",\"width\":1350,\"height\":900,\"caption\":\"PSOL 50\"},\"image\":{\"@id\":\"https:\/\/psol50.org.br\/#\/schema\/logo\/image\/\"},\"sameAs\":[\"https:\/\/www.facebook.com\/psol50\",\"https:\/\/x.com\/psol50\",\"https:\/\/www.instagram.com\/psol50\/\",\"https:\/\/www.youtube.com\/channel\/UC7SnJS5o1os7a6CaiNabzcg\"]},{\"@type\":\"Person\",\"@id\":\"https:\/\/psol50.org.br\/#\/schema\/person\/475dfa57d0b815993c714c2e96491fcd\",\"name\":\"Comunica\u00e7\u00e3o PSOL\",\"image\":{\"@type\":\"ImageObject\",\"inLanguage\":\"pt-BR\",\"@id\":\"https:\/\/psol50.org.br\/#\/schema\/person\/image\/\",\"url\":\"https:\/\/secure.gravatar.com\/avatar\/b34fc4f4e468a4e51785917065a3db57b841f5c95dba6ad8c73aaf8f66f8f9bf?s=96&d=mm&r=g\",\"contentUrl\":\"https:\/\/secure.gravatar.com\/avatar\/b34fc4f4e468a4e51785917065a3db57b841f5c95dba6ad8c73aaf8f66f8f9bf?s=96&d=mm&r=g\",\"caption\":\"Comunica\u00e7\u00e3o PSOL\"}}]}<\/script>\n<!-- \/ Yoast SEO plugin. -->","yoast_head_json":{"title":"PSOL Paran\u00e1 \u00e9 contra o projeto de \u201cEduca\u00e7\u00e3o \u00e0 Dist\u00e2ncia\u201d do governo Ratinho","description":"Nada mais distante da realidade do que alegar que o projeto atenderia 90% dos educandos do Paran\u00e1. O resultado \u00e9 improviso, baixa qualidade e gastos enormes.","robots":{"index":"index","follow":"follow","max-snippet":"max-snippet:-1","max-image-preview":"max-image-preview:large","max-video-preview":"max-video-preview:-1"},"canonical":"https:\/\/psol50.org.br\/psol-parana-e-contra-o-projeto-de-educacao-a-distancia-do-governo-ratinho\/","og_locale":"pt_BR","og_type":"article","og_title":"PSOL Paran\u00e1 \u00e9 contra o projeto de \u201cEduca\u00e7\u00e3o \u00e0 Dist\u00e2ncia\u201d do governo Ratinho","og_description":"Nada mais distante da realidade do que alegar que o projeto atenderia 90% dos educandos do Paran\u00e1. O resultado \u00e9 improviso, baixa qualidade e gastos enormes.","og_url":"https:\/\/psol50.org.br\/psol-parana-e-contra-o-projeto-de-educacao-a-distancia-do-governo-ratinho\/","og_site_name":"PSOL 50","article_publisher":"https:\/\/www.facebook.com\/psol50","article_published_time":"2020-04-14T16:01:47+00:00","og_image":[{"width":600,"height":400,"url":"https:\/\/psol50.org.br\/inc\/uploads\/2020\/04\/ratinho-feder.jpg","type":"image\/jpeg"}],"author":"Comunica\u00e7\u00e3o PSOL","twitter_card":"summary_large_image","twitter_title":"PSOL Paran\u00e1 \u00e9 contra o projeto de \u201cEduca\u00e7\u00e3o \u00e0 Dist\u00e2ncia\u201d do governo Ratinho","twitter_description":"Nada mais distante da realidade do que alegar que o projeto atenderia 90% dos educandos do Paran\u00e1. O resultado \u00e9 improviso, baixa qualidade e gastos enormes.","twitter_image":"https:\/\/psol50.org.br\/inc\/uploads\/2020\/04\/ratinho-feder.jpg","twitter_creator":"@psol50","twitter_site":"@psol50","twitter_misc":{"Escrito por":"Comunica\u00e7\u00e3o PSOL","Est. tempo de leitura":"4 minutos"},"schema":{"@context":"https:\/\/schema.org","@graph":[{"@type":"Article","@id":"https:\/\/psol50.org.br\/psol-parana-e-contra-o-projeto-de-educacao-a-distancia-do-governo-ratinho\/#article","isPartOf":{"@id":"https:\/\/psol50.org.br\/psol-parana-e-contra-o-projeto-de-educacao-a-distancia-do-governo-ratinho\/"},"author":{"name":"Comunica\u00e7\u00e3o PSOL","@id":"https:\/\/psol50.org.br\/#\/schema\/person\/475dfa57d0b815993c714c2e96491fcd"},"headline":"PSOL Paran\u00e1 \u00e9 contra o projeto de \u201cEduca\u00e7\u00e3o \u00e0 Dist\u00e2ncia\u201d do governo Ratinho","datePublished":"2020-04-14T16:01:47+00:00","mainEntityOfPage":{"@id":"https:\/\/psol50.org.br\/psol-parana-e-contra-o-projeto-de-educacao-a-distancia-do-governo-ratinho\/"},"wordCount":714,"publisher":{"@id":"https:\/\/psol50.org.br\/#organization"},"image":{"@id":"https:\/\/psol50.org.br\/psol-parana-e-contra-o-projeto-de-educacao-a-distancia-do-governo-ratinho\/#primaryimage"},"thumbnailUrl":"https:\/\/psol50.org.br\/inc\/uploads\/2020\/04\/ratinho-feder.jpg","keywords":["ead","Educa\u00e7\u00e3o","feder","Paran\u00e1","PSOL","Ratinho"],"articleSection":["Notas","Not\u00edcias"],"inLanguage":"pt-BR"},{"@type":"WebPage","@id":"https:\/\/psol50.org.br\/psol-parana-e-contra-o-projeto-de-educacao-a-distancia-do-governo-ratinho\/","url":"https:\/\/psol50.org.br\/psol-parana-e-contra-o-projeto-de-educacao-a-distancia-do-governo-ratinho\/","name":"PSOL Paran\u00e1 \u00e9 contra o projeto de \u201cEduca\u00e7\u00e3o \u00e0 Dist\u00e2ncia\u201d do governo Ratinho","isPartOf":{"@id":"https:\/\/psol50.org.br\/#website"},"primaryImageOfPage":{"@id":"https:\/\/psol50.org.br\/psol-parana-e-contra-o-projeto-de-educacao-a-distancia-do-governo-ratinho\/#primaryimage"},"image":{"@id":"https:\/\/psol50.org.br\/psol-parana-e-contra-o-projeto-de-educacao-a-distancia-do-governo-ratinho\/#primaryimage"},"thumbnailUrl":"https:\/\/psol50.org.br\/inc\/uploads\/2020\/04\/ratinho-feder.jpg","datePublished":"2020-04-14T16:01:47+00:00","description":"Nada mais distante da realidade do que alegar que o projeto atenderia 90% dos educandos do Paran\u00e1. O resultado \u00e9 improviso, baixa qualidade e gastos enormes.","breadcrumb":{"@id":"https:\/\/psol50.org.br\/psol-parana-e-contra-o-projeto-de-educacao-a-distancia-do-governo-ratinho\/#breadcrumb"},"inLanguage":"pt-BR","potentialAction":[{"@type":"ReadAction","target":["https:\/\/psol50.org.br\/psol-parana-e-contra-o-projeto-de-educacao-a-distancia-do-governo-ratinho\/"]}]},{"@type":"ImageObject","inLanguage":"pt-BR","@id":"https:\/\/psol50.org.br\/psol-parana-e-contra-o-projeto-de-educacao-a-distancia-do-governo-ratinho\/#primaryimage","url":"https:\/\/psol50.org.br\/inc\/uploads\/2020\/04\/ratinho-feder.jpg","contentUrl":"https:\/\/psol50.org.br\/inc\/uploads\/2020\/04\/ratinho-feder.jpg","width":600,"height":400},{"@type":"BreadcrumbList","@id":"https:\/\/psol50.org.br\/psol-parana-e-contra-o-projeto-de-educacao-a-distancia-do-governo-ratinho\/#breadcrumb","itemListElement":[{"@type":"ListItem","position":1,"name":"In\u00edcio","item":"https:\/\/psol50.org.br\/"},{"@type":"ListItem","position":2,"name":"PSOL Paran\u00e1 \u00e9 contra o projeto de \u201cEduca\u00e7\u00e3o \u00e0 Dist\u00e2ncia\u201d do governo Ratinho"}]},{"@type":"WebSite","@id":"https:\/\/psol50.org.br\/#website","url":"https:\/\/psol50.org.br\/","name":"PSOL 50","description":"Site oficial do Partido Socialismo e Liberdade","publisher":{"@id":"https:\/\/psol50.org.br\/#organization"},"alternateName":"PSOL50","potentialAction":[{"@type":"SearchAction","target":{"@type":"EntryPoint","urlTemplate":"https:\/\/psol50.org.br\/?s={search_term_string}"},"query-input":{"@type":"PropertyValueSpecification","valueRequired":true,"valueName":"search_term_string"}}],"inLanguage":"pt-BR"},{"@type":"Organization","@id":"https:\/\/psol50.org.br\/#organization","name":"PSOL 50","alternateName":"PSOL 50","url":"https:\/\/psol50.org.br\/","logo":{"@type":"ImageObject","inLanguage":"pt-BR","@id":"https:\/\/psol50.org.br\/#\/schema\/logo\/image\/","url":"https:\/\/psol50.org.br\/inc\/uploads\/2018\/07\/capa.png","contentUrl":"https:\/\/psol50.org.br\/inc\/uploads\/2018\/07\/capa.png","width":1350,"height":900,"caption":"PSOL 50"},"image":{"@id":"https:\/\/psol50.org.br\/#\/schema\/logo\/image\/"},"sameAs":["https:\/\/www.facebook.com\/psol50","https:\/\/x.com\/psol50","https:\/\/www.instagram.com\/psol50\/","https:\/\/www.youtube.com\/channel\/UC7SnJS5o1os7a6CaiNabzcg"]},{"@type":"Person","@id":"https:\/\/psol50.org.br\/#\/schema\/person\/475dfa57d0b815993c714c2e96491fcd","name":"Comunica\u00e7\u00e3o PSOL","image":{"@type":"ImageObject","inLanguage":"pt-BR","@id":"https:\/\/psol50.org.br\/#\/schema\/person\/image\/","url":"https:\/\/secure.gravatar.com\/avatar\/b34fc4f4e468a4e51785917065a3db57b841f5c95dba6ad8c73aaf8f66f8f9bf?s=96&d=mm&r=g","contentUrl":"https:\/\/secure.gravatar.com\/avatar\/b34fc4f4e468a4e51785917065a3db57b841f5c95dba6ad8c73aaf8f66f8f9bf?s=96&d=mm&r=g","caption":"Comunica\u00e7\u00e3o PSOL"}}]}},"_links":{"self":[{"href":"https:\/\/psol50.org.br\/rest\/wp\/v2\/posts\/28300","targetHints":{"allow":["GET"]}}],"collection":[{"href":"https:\/\/psol50.org.br\/rest\/wp\/v2\/posts"}],"about":[{"href":"https:\/\/psol50.org.br\/rest\/wp\/v2\/types\/post"}],"author":[{"embeddable":true,"href":"https:\/\/psol50.org.br\/rest\/wp\/v2\/users\/2"}],"replies":[{"embeddable":true,"href":"https:\/\/psol50.org.br\/rest\/wp\/v2\/comments?post=28300"}],"version-history":[{"count":0,"href":"https:\/\/psol50.org.br\/rest\/wp\/v2\/posts\/28300\/revisions"}],"wp:featuredmedia":[{"embeddable":true,"href":"https:\/\/psol50.org.br\/rest\/wp\/v2\/media\/28302"}],"wp:attachment":[{"href":"https:\/\/psol50.org.br\/rest\/wp\/v2\/media?parent=28300"}],"wp:term":[{"taxonomy":"category","embeddable":true,"href":"https:\/\/psol50.org.br\/rest\/wp\/v2\/categories?post=28300"},{"taxonomy":"post_tag","embeddable":true,"href":"https:\/\/psol50.org.br\/rest\/wp\/v2\/tags?post=28300"}],"curies":[{"name":"wp","href":"https:\/\/api.w.org\/{rel}","templated":true}]}}