{"id":28306,"date":"2020-04-14T17:28:19","date_gmt":"2020-04-14T20:28:19","guid":{"rendered":"https:\/\/psol50.org.br\/?p=28306"},"modified":"2020-04-14T17:28:19","modified_gmt":"2020-04-14T20:28:19","slug":"pgr-acata-acao-do-psol-e-pede-que-stf-abra-inquerito-contra-weintraub-por-declaracoes-racistas","status":"publish","type":"post","link":"https:\/\/psol50.org.br\/pgr-acata-acao-do-psol-e-pede-que-stf-abra-inquerito-contra-weintraub-por-declaracoes-racistas\/","title":{"rendered":"PGR acata a\u00e7\u00e3o do PSOL e pede que STF abra inqu\u00e9rito contra Weintraub por declara\u00e7\u00f5es racistas"},"content":{"rendered":"<p><a href=\"https:\/\/psol50.org.br\/coronavirus\/\" target=\"_blank\" rel=\"noopener noreferrer\"><img loading=\"lazy\" decoding=\"async\" class=\"alignnone size-full wp-image-27838\" src=\"https:\/\/psol50.org.br\/inc\/uploads\/2020\/03\/Banner-Site_3.png\" alt=\"\" width=\"1240\" height=\"331\" srcset=\"https:\/\/psol50.org.br\/inc\/uploads\/2020\/03\/Banner-Site_3.png 1240w, https:\/\/psol50.org.br\/inc\/uploads\/2020\/03\/Banner-Site_3-300x80.png 300w, https:\/\/psol50.org.br\/inc\/uploads\/2020\/03\/Banner-Site_3-1024x273.png 1024w, https:\/\/psol50.org.br\/inc\/uploads\/2020\/03\/Banner-Site_3-768x205.png 768w, https:\/\/psol50.org.br\/inc\/uploads\/2020\/03\/Banner-Site_3-150x40.png 150w, https:\/\/psol50.org.br\/inc\/uploads\/2020\/03\/Banner-Site_3-696x186.png 696w, https:\/\/psol50.org.br\/inc\/uploads\/2020\/03\/Banner-Site_3-1068x285.png 1068w\" sizes=\"auto, (max-width: 1240px) 100vw, 1240px\" \/><\/a><\/p>\n<p>A Procuradoria-Geral da Rep\u00fablica (PGR) pediu ao Supremo Tribunal Federal (STF) a abertura de um inqu\u00e9rito contra o ministro da Educa\u00e7\u00e3o, Abraham\u00a0Weintraub, para investigar o crime de racismo que o ministro cometeu ao publicar declara\u00e7\u00f5es intoler\u00e1veis e que desrespeitavam o povo chin\u00eas em suas redes sociais.<\/p>\n<p>A manifesta\u00e7\u00e3o da PGR acontece ap\u00f3s representa\u00e7\u00e3o enviada pelo PSOL ao \u00f3rg\u00e3o solicitando a instaura\u00e7\u00e3o de inqu\u00e9rito contra o ministro. \u00c9 a primeira investiga\u00e7\u00e3o aberta pela PGR contra um membro do governo Bolsonaro desde que Augusto Aras foi indicado ao comando da institui\u00e7\u00e3o.<\/p>\n<p>O motivo da a\u00e7\u00e3o foram as postagens racistas e xen\u00f3fobas que o ministro fez em sua conta no Twitter, em que usou uma imagem de um gibi da Turma da M\u00f4nica para ofender o povo chin\u00eas e ridicularizar a forma de falar de imigrantes de ascend\u00eancia chinesa no Brasil.<\/p>\n<p>Para os parlamentares do PSOL, al\u00e9m de propagar o racismo e xenofobia contra chineses e seus descendentes, e contribuir com a desinforma\u00e7\u00e3o acerca do novo coronav\u00edrus, \u201co ministro da Educa\u00e7\u00e3o do Brasil tamb\u00e9m ofende e desafia a Rep\u00fablica Popular da China, parceiro comercial fundamental do Brasil, e amea\u00e7a a boa rela\u00e7\u00e3o e a coopera\u00e7\u00e3o entre os pa\u00edses, fundamentais para minorar as dificuldades apresentadas no combate \u00e0 propaga\u00e7\u00e3o da Covid-19\u201d.<\/p>\n<p>\u201c\u00c9 inaceit\u00e1vel, no Estado Democr\u00e1tico de Direito, que o racismo seja proclamado, abertamente, nas redes sociais de um Ministro de Estado\u201d, alertaram. Al\u00e9m do inqu\u00e9rito, os parlamentares querem indeniza\u00e7\u00e3o a ser paga pelo ministro. O dinheiro seria revertido para organiza\u00e7\u00f5es de direitos humanos de acolhimento aos imigrantes.<\/p>\n","protected":false},"excerpt":{"rendered":"<p>A Procuradoria-Geral da Rep\u00fablica (PGR) pediu ao Supremo Tribunal Federal (STF) a abertura de um inqu\u00e9rito contra o ministro da Educa\u00e7\u00e3o, Abraham\u00a0Weintraub, para investigar o crime de racismo que o ministro cometeu ao publicar declara\u00e7\u00f5es intoler\u00e1veis e que desrespeitavam o povo chin\u00eas em suas redes sociais. A manifesta\u00e7\u00e3o da PGR acontece ap\u00f3s representa\u00e7\u00e3o enviada pelo [&hellip;]<\/p>\n","protected":false},"author":2,"featured_media":27375,"comment_status":"closed","ping_status":"open","sticky":false,"template":"","format":"standard","meta":{"_acf_changed":false,"footnotes":""},"categories":[10,6],"tags":[379,171,164,77,22,127,45,93],"class_list":{"0":"post-28306","1":"post","2":"type-post","3":"status-publish","4":"format-standard","5":"has-post-thumbnail","7":"category-acao-parlamentares","8":"category-noticias","9":"tag-china","10":"tag-coronavirus","11":"tag-educacao","12":"tag-pgr","13":"tag-psol","14":"tag-racismo","15":"tag-stf","16":"tag-weintraub"},"acf":[],"yoast_head":"<!-- This site is optimized with the Yoast SEO plugin v26.5 - https:\/\/yoast.com\/wordpress\/plugins\/seo\/ -->\n<title>PGR acata a\u00e7\u00e3o do PSOL e pede que STF abra inqu\u00e9rito contra Weintraub por declara\u00e7\u00f5es racistas<\/title>\n<meta name=\"description\" content=\"\u00c9 a primeira investiga\u00e7\u00e3o aberta pela PGR contra um membro do governo Bolsonaro desde que Augusto Aras foi indicado ao comando da institui\u00e7\u00e3o.\" \/>\n<meta name=\"robots\" content=\"index, follow, max-snippet:-1, max-image-preview:large, max-video-preview:-1\" \/>\n<link rel=\"canonical\" href=\"https:\/\/psol50.org.br\/pgr-acata-acao-do-psol-e-pede-que-stf-abra-inquerito-contra-weintraub-por-declaracoes-racistas\/\" \/>\n<meta property=\"og:locale\" content=\"pt_BR\" \/>\n<meta property=\"og:type\" content=\"article\" \/>\n<meta property=\"og:title\" content=\"PGR acata a\u00e7\u00e3o do PSOL e pede que STF abra inqu\u00e9rito contra Weintraub por declara\u00e7\u00f5es racistas\" \/>\n<meta property=\"og:description\" content=\"\u00c9 a primeira investiga\u00e7\u00e3o aberta pela PGR contra um membro do governo Bolsonaro desde que Augusto Aras foi indicado ao comando da institui\u00e7\u00e3o.\" \/>\n<meta property=\"og:url\" content=\"https:\/\/psol50.org.br\/pgr-acata-acao-do-psol-e-pede-que-stf-abra-inquerito-contra-weintraub-por-declaracoes-racistas\/\" \/>\n<meta property=\"og:site_name\" content=\"PSOL 50\" \/>\n<meta property=\"article:publisher\" content=\"https:\/\/www.facebook.com\/psol50\" \/>\n<meta property=\"article:published_time\" content=\"2020-04-14T20:28:19+00:00\" \/>\n<meta property=\"og:image\" content=\"https:\/\/psol50.org.br\/inc\/uploads\/2020\/01\/1572917802908.jpg\" \/>\n\t<meta property=\"og:image:width\" content=\"620\" \/>\n\t<meta property=\"og:image:height\" content=\"413\" \/>\n\t<meta property=\"og:image:type\" content=\"image\/jpeg\" \/>\n<meta name=\"author\" content=\"Comunica\u00e7\u00e3o PSOL\" \/>\n<meta name=\"twitter:card\" content=\"summary_large_image\" \/>\n<meta name=\"twitter:title\" content=\"PGR acata a\u00e7\u00e3o do PSOL e pede que STF abra inqu\u00e9rito contra Weintraub por declara\u00e7\u00f5es racistas\" \/>\n<meta name=\"twitter:description\" content=\"\u00c9 a primeira investiga\u00e7\u00e3o aberta pela PGR contra um membro do governo Bolsonaro desde que Augusto Aras foi indicado ao comando da institui\u00e7\u00e3o.\" \/>\n<meta name=\"twitter:image\" content=\"https:\/\/psol50.org.br\/inc\/uploads\/2020\/01\/1572917802908.jpg\" \/>\n<meta name=\"twitter:creator\" content=\"@psol50\" \/>\n<meta name=\"twitter:site\" content=\"@psol50\" \/>\n<meta name=\"twitter:label1\" content=\"Escrito por\" \/>\n\t<meta name=\"twitter:data1\" content=\"Comunica\u00e7\u00e3o PSOL\" \/>\n\t<meta name=\"twitter:label2\" content=\"Est. tempo de leitura\" \/>\n\t<meta name=\"twitter:data2\" content=\"1 minuto\" \/>\n<script type=\"application\/ld+json\" class=\"yoast-schema-graph\">{\"@context\":\"https:\/\/schema.org\",\"@graph\":[{\"@type\":\"Article\",\"@id\":\"https:\/\/psol50.org.br\/pgr-acata-acao-do-psol-e-pede-que-stf-abra-inquerito-contra-weintraub-por-declaracoes-racistas\/#article\",\"isPartOf\":{\"@id\":\"https:\/\/psol50.org.br\/pgr-acata-acao-do-psol-e-pede-que-stf-abra-inquerito-contra-weintraub-por-declaracoes-racistas\/\"},\"author\":{\"name\":\"Comunica\u00e7\u00e3o PSOL\",\"@id\":\"https:\/\/psol50.org.br\/#\/schema\/person\/475dfa57d0b815993c714c2e96491fcd\"},\"headline\":\"PGR acata a\u00e7\u00e3o do PSOL e pede que STF abra inqu\u00e9rito contra Weintraub por declara\u00e7\u00f5es racistas\",\"datePublished\":\"2020-04-14T20:28:19+00:00\",\"mainEntityOfPage\":{\"@id\":\"https:\/\/psol50.org.br\/pgr-acata-acao-do-psol-e-pede-que-stf-abra-inquerito-contra-weintraub-por-declaracoes-racistas\/\"},\"wordCount\":307,\"publisher\":{\"@id\":\"https:\/\/psol50.org.br\/#organization\"},\"image\":{\"@id\":\"https:\/\/psol50.org.br\/pgr-acata-acao-do-psol-e-pede-que-stf-abra-inquerito-contra-weintraub-por-declaracoes-racistas\/#primaryimage\"},\"thumbnailUrl\":\"https:\/\/psol50.org.br\/inc\/uploads\/2020\/01\/1572917802908.jpg\",\"keywords\":[\"china\",\"coronav\u00edrus\",\"Educa\u00e7\u00e3o\",\"PGR\",\"PSOL\",\"racismo\",\"STF\",\"weintraub\"],\"articleSection\":[\"A\u00e7\u00e3o Parlamentar\",\"Not\u00edcias\"],\"inLanguage\":\"pt-BR\"},{\"@type\":\"WebPage\",\"@id\":\"https:\/\/psol50.org.br\/pgr-acata-acao-do-psol-e-pede-que-stf-abra-inquerito-contra-weintraub-por-declaracoes-racistas\/\",\"url\":\"https:\/\/psol50.org.br\/pgr-acata-acao-do-psol-e-pede-que-stf-abra-inquerito-contra-weintraub-por-declaracoes-racistas\/\",\"name\":\"PGR acata a\u00e7\u00e3o do PSOL e pede que STF abra inqu\u00e9rito contra Weintraub por declara\u00e7\u00f5es racistas\",\"isPartOf\":{\"@id\":\"https:\/\/psol50.org.br\/#website\"},\"primaryImageOfPage\":{\"@id\":\"https:\/\/psol50.org.br\/pgr-acata-acao-do-psol-e-pede-que-stf-abra-inquerito-contra-weintraub-por-declaracoes-racistas\/#primaryimage\"},\"image\":{\"@id\":\"https:\/\/psol50.org.br\/pgr-acata-acao-do-psol-e-pede-que-stf-abra-inquerito-contra-weintraub-por-declaracoes-racistas\/#primaryimage\"},\"thumbnailUrl\":\"https:\/\/psol50.org.br\/inc\/uploads\/2020\/01\/1572917802908.jpg\",\"datePublished\":\"2020-04-14T20:28:19+00:00\",\"description\":\"\u00c9 a primeira investiga\u00e7\u00e3o aberta pela PGR contra um membro do governo Bolsonaro desde que Augusto Aras foi indicado ao comando da institui\u00e7\u00e3o.\",\"breadcrumb\":{\"@id\":\"https:\/\/psol50.org.br\/pgr-acata-acao-do-psol-e-pede-que-stf-abra-inquerito-contra-weintraub-por-declaracoes-racistas\/#breadcrumb\"},\"inLanguage\":\"pt-BR\",\"potentialAction\":[{\"@type\":\"ReadAction\",\"target\":[\"https:\/\/psol50.org.br\/pgr-acata-acao-do-psol-e-pede-que-stf-abra-inquerito-contra-weintraub-por-declaracoes-racistas\/\"]}]},{\"@type\":\"ImageObject\",\"inLanguage\":\"pt-BR\",\"@id\":\"https:\/\/psol50.org.br\/pgr-acata-acao-do-psol-e-pede-que-stf-abra-inquerito-contra-weintraub-por-declaracoes-racistas\/#primaryimage\",\"url\":\"https:\/\/psol50.org.br\/inc\/uploads\/2020\/01\/1572917802908.jpg\",\"contentUrl\":\"https:\/\/psol50.org.br\/inc\/uploads\/2020\/01\/1572917802908.jpg\",\"width\":620,\"height\":413,\"caption\":\"Wilson Dias\/ Ag\u00eancia Brasil\"},{\"@type\":\"BreadcrumbList\",\"@id\":\"https:\/\/psol50.org.br\/pgr-acata-acao-do-psol-e-pede-que-stf-abra-inquerito-contra-weintraub-por-declaracoes-racistas\/#breadcrumb\",\"itemListElement\":[{\"@type\":\"ListItem\",\"position\":1,\"name\":\"In\u00edcio\",\"item\":\"https:\/\/psol50.org.br\/\"},{\"@type\":\"ListItem\",\"position\":2,\"name\":\"PGR acata a\u00e7\u00e3o do PSOL e pede que STF abra inqu\u00e9rito contra Weintraub por declara\u00e7\u00f5es racistas\"}]},{\"@type\":\"WebSite\",\"@id\":\"https:\/\/psol50.org.br\/#website\",\"url\":\"https:\/\/psol50.org.br\/\",\"name\":\"PSOL 50\",\"description\":\"Site oficial do Partido Socialismo e Liberdade\",\"publisher\":{\"@id\":\"https:\/\/psol50.org.br\/#organization\"},\"alternateName\":\"PSOL50\",\"potentialAction\":[{\"@type\":\"SearchAction\",\"target\":{\"@type\":\"EntryPoint\",\"urlTemplate\":\"https:\/\/psol50.org.br\/?s={search_term_string}\"},\"query-input\":{\"@type\":\"PropertyValueSpecification\",\"valueRequired\":true,\"valueName\":\"search_term_string\"}}],\"inLanguage\":\"pt-BR\"},{\"@type\":\"Organization\",\"@id\":\"https:\/\/psol50.org.br\/#organization\",\"name\":\"PSOL 50\",\"alternateName\":\"PSOL 50\",\"url\":\"https:\/\/psol50.org.br\/\",\"logo\":{\"@type\":\"ImageObject\",\"inLanguage\":\"pt-BR\",\"@id\":\"https:\/\/psol50.org.br\/#\/schema\/logo\/image\/\",\"url\":\"https:\/\/psol50.org.br\/inc\/uploads\/2018\/07\/capa.png\",\"contentUrl\":\"https:\/\/psol50.org.br\/inc\/uploads\/2018\/07\/capa.png\",\"width\":1350,\"height\":900,\"caption\":\"PSOL 50\"},\"image\":{\"@id\":\"https:\/\/psol50.org.br\/#\/schema\/logo\/image\/\"},\"sameAs\":[\"https:\/\/www.facebook.com\/psol50\",\"https:\/\/x.com\/psol50\",\"https:\/\/www.instagram.com\/psol50\/\",\"https:\/\/www.youtube.com\/channel\/UC7SnJS5o1os7a6CaiNabzcg\"]},{\"@type\":\"Person\",\"@id\":\"https:\/\/psol50.org.br\/#\/schema\/person\/475dfa57d0b815993c714c2e96491fcd\",\"name\":\"Comunica\u00e7\u00e3o PSOL\",\"image\":{\"@type\":\"ImageObject\",\"inLanguage\":\"pt-BR\",\"@id\":\"https:\/\/psol50.org.br\/#\/schema\/person\/image\/\",\"url\":\"https:\/\/secure.gravatar.com\/avatar\/b34fc4f4e468a4e51785917065a3db57b841f5c95dba6ad8c73aaf8f66f8f9bf?s=96&d=mm&r=g\",\"contentUrl\":\"https:\/\/secure.gravatar.com\/avatar\/b34fc4f4e468a4e51785917065a3db57b841f5c95dba6ad8c73aaf8f66f8f9bf?s=96&d=mm&r=g\",\"caption\":\"Comunica\u00e7\u00e3o PSOL\"}}]}<\/script>\n<!-- \/ Yoast SEO plugin. -->","yoast_head_json":{"title":"PGR acata a\u00e7\u00e3o do PSOL e pede que STF abra inqu\u00e9rito contra Weintraub por declara\u00e7\u00f5es racistas","description":"\u00c9 a primeira investiga\u00e7\u00e3o aberta pela PGR contra um membro do governo Bolsonaro desde que Augusto Aras foi indicado ao comando da institui\u00e7\u00e3o.","robots":{"index":"index","follow":"follow","max-snippet":"max-snippet:-1","max-image-preview":"max-image-preview:large","max-video-preview":"max-video-preview:-1"},"canonical":"https:\/\/psol50.org.br\/pgr-acata-acao-do-psol-e-pede-que-stf-abra-inquerito-contra-weintraub-por-declaracoes-racistas\/","og_locale":"pt_BR","og_type":"article","og_title":"PGR acata a\u00e7\u00e3o do PSOL e pede que STF abra inqu\u00e9rito contra Weintraub por declara\u00e7\u00f5es racistas","og_description":"\u00c9 a primeira investiga\u00e7\u00e3o aberta pela PGR contra um membro do governo Bolsonaro desde que Augusto Aras foi indicado ao comando da institui\u00e7\u00e3o.","og_url":"https:\/\/psol50.org.br\/pgr-acata-acao-do-psol-e-pede-que-stf-abra-inquerito-contra-weintraub-por-declaracoes-racistas\/","og_site_name":"PSOL 50","article_publisher":"https:\/\/www.facebook.com\/psol50","article_published_time":"2020-04-14T20:28:19+00:00","og_image":[{"width":620,"height":413,"url":"https:\/\/psol50.org.br\/inc\/uploads\/2020\/01\/1572917802908.jpg","type":"image\/jpeg"}],"author":"Comunica\u00e7\u00e3o PSOL","twitter_card":"summary_large_image","twitter_title":"PGR acata a\u00e7\u00e3o do PSOL e pede que STF abra inqu\u00e9rito contra Weintraub por declara\u00e7\u00f5es racistas","twitter_description":"\u00c9 a primeira investiga\u00e7\u00e3o aberta pela PGR contra um membro do governo Bolsonaro desde que Augusto Aras foi indicado ao comando da institui\u00e7\u00e3o.","twitter_image":"https:\/\/psol50.org.br\/inc\/uploads\/2020\/01\/1572917802908.jpg","twitter_creator":"@psol50","twitter_site":"@psol50","twitter_misc":{"Escrito por":"Comunica\u00e7\u00e3o PSOL","Est. tempo de leitura":"1 minuto"},"schema":{"@context":"https:\/\/schema.org","@graph":[{"@type":"Article","@id":"https:\/\/psol50.org.br\/pgr-acata-acao-do-psol-e-pede-que-stf-abra-inquerito-contra-weintraub-por-declaracoes-racistas\/#article","isPartOf":{"@id":"https:\/\/psol50.org.br\/pgr-acata-acao-do-psol-e-pede-que-stf-abra-inquerito-contra-weintraub-por-declaracoes-racistas\/"},"author":{"name":"Comunica\u00e7\u00e3o PSOL","@id":"https:\/\/psol50.org.br\/#\/schema\/person\/475dfa57d0b815993c714c2e96491fcd"},"headline":"PGR acata a\u00e7\u00e3o do PSOL e pede que STF abra inqu\u00e9rito contra Weintraub por declara\u00e7\u00f5es racistas","datePublished":"2020-04-14T20:28:19+00:00","mainEntityOfPage":{"@id":"https:\/\/psol50.org.br\/pgr-acata-acao-do-psol-e-pede-que-stf-abra-inquerito-contra-weintraub-por-declaracoes-racistas\/"},"wordCount":307,"publisher":{"@id":"https:\/\/psol50.org.br\/#organization"},"image":{"@id":"https:\/\/psol50.org.br\/pgr-acata-acao-do-psol-e-pede-que-stf-abra-inquerito-contra-weintraub-por-declaracoes-racistas\/#primaryimage"},"thumbnailUrl":"https:\/\/psol50.org.br\/inc\/uploads\/2020\/01\/1572917802908.jpg","keywords":["china","coronav\u00edrus","Educa\u00e7\u00e3o","PGR","PSOL","racismo","STF","weintraub"],"articleSection":["A\u00e7\u00e3o Parlamentar","Not\u00edcias"],"inLanguage":"pt-BR"},{"@type":"WebPage","@id":"https:\/\/psol50.org.br\/pgr-acata-acao-do-psol-e-pede-que-stf-abra-inquerito-contra-weintraub-por-declaracoes-racistas\/","url":"https:\/\/psol50.org.br\/pgr-acata-acao-do-psol-e-pede-que-stf-abra-inquerito-contra-weintraub-por-declaracoes-racistas\/","name":"PGR acata a\u00e7\u00e3o do PSOL e pede que STF abra inqu\u00e9rito contra Weintraub por declara\u00e7\u00f5es racistas","isPartOf":{"@id":"https:\/\/psol50.org.br\/#website"},"primaryImageOfPage":{"@id":"https:\/\/psol50.org.br\/pgr-acata-acao-do-psol-e-pede-que-stf-abra-inquerito-contra-weintraub-por-declaracoes-racistas\/#primaryimage"},"image":{"@id":"https:\/\/psol50.org.br\/pgr-acata-acao-do-psol-e-pede-que-stf-abra-inquerito-contra-weintraub-por-declaracoes-racistas\/#primaryimage"},"thumbnailUrl":"https:\/\/psol50.org.br\/inc\/uploads\/2020\/01\/1572917802908.jpg","datePublished":"2020-04-14T20:28:19+00:00","description":"\u00c9 a primeira investiga\u00e7\u00e3o aberta pela PGR contra um membro do governo Bolsonaro desde que Augusto Aras foi indicado ao comando da institui\u00e7\u00e3o.","breadcrumb":{"@id":"https:\/\/psol50.org.br\/pgr-acata-acao-do-psol-e-pede-que-stf-abra-inquerito-contra-weintraub-por-declaracoes-racistas\/#breadcrumb"},"inLanguage":"pt-BR","potentialAction":[{"@type":"ReadAction","target":["https:\/\/psol50.org.br\/pgr-acata-acao-do-psol-e-pede-que-stf-abra-inquerito-contra-weintraub-por-declaracoes-racistas\/"]}]},{"@type":"ImageObject","inLanguage":"pt-BR","@id":"https:\/\/psol50.org.br\/pgr-acata-acao-do-psol-e-pede-que-stf-abra-inquerito-contra-weintraub-por-declaracoes-racistas\/#primaryimage","url":"https:\/\/psol50.org.br\/inc\/uploads\/2020\/01\/1572917802908.jpg","contentUrl":"https:\/\/psol50.org.br\/inc\/uploads\/2020\/01\/1572917802908.jpg","width":620,"height":413,"caption":"Wilson Dias\/ Ag\u00eancia Brasil"},{"@type":"BreadcrumbList","@id":"https:\/\/psol50.org.br\/pgr-acata-acao-do-psol-e-pede-que-stf-abra-inquerito-contra-weintraub-por-declaracoes-racistas\/#breadcrumb","itemListElement":[{"@type":"ListItem","position":1,"name":"In\u00edcio","item":"https:\/\/psol50.org.br\/"},{"@type":"ListItem","position":2,"name":"PGR acata a\u00e7\u00e3o do PSOL e pede que STF abra inqu\u00e9rito contra Weintraub por declara\u00e7\u00f5es racistas"}]},{"@type":"WebSite","@id":"https:\/\/psol50.org.br\/#website","url":"https:\/\/psol50.org.br\/","name":"PSOL 50","description":"Site oficial do Partido Socialismo e Liberdade","publisher":{"@id":"https:\/\/psol50.org.br\/#organization"},"alternateName":"PSOL50","potentialAction":[{"@type":"SearchAction","target":{"@type":"EntryPoint","urlTemplate":"https:\/\/psol50.org.br\/?s={search_term_string}"},"query-input":{"@type":"PropertyValueSpecification","valueRequired":true,"valueName":"search_term_string"}}],"inLanguage":"pt-BR"},{"@type":"Organization","@id":"https:\/\/psol50.org.br\/#organization","name":"PSOL 50","alternateName":"PSOL 50","url":"https:\/\/psol50.org.br\/","logo":{"@type":"ImageObject","inLanguage":"pt-BR","@id":"https:\/\/psol50.org.br\/#\/schema\/logo\/image\/","url":"https:\/\/psol50.org.br\/inc\/uploads\/2018\/07\/capa.png","contentUrl":"https:\/\/psol50.org.br\/inc\/uploads\/2018\/07\/capa.png","width":1350,"height":900,"caption":"PSOL 50"},"image":{"@id":"https:\/\/psol50.org.br\/#\/schema\/logo\/image\/"},"sameAs":["https:\/\/www.facebook.com\/psol50","https:\/\/x.com\/psol50","https:\/\/www.instagram.com\/psol50\/","https:\/\/www.youtube.com\/channel\/UC7SnJS5o1os7a6CaiNabzcg"]},{"@type":"Person","@id":"https:\/\/psol50.org.br\/#\/schema\/person\/475dfa57d0b815993c714c2e96491fcd","name":"Comunica\u00e7\u00e3o PSOL","image":{"@type":"ImageObject","inLanguage":"pt-BR","@id":"https:\/\/psol50.org.br\/#\/schema\/person\/image\/","url":"https:\/\/secure.gravatar.com\/avatar\/b34fc4f4e468a4e51785917065a3db57b841f5c95dba6ad8c73aaf8f66f8f9bf?s=96&d=mm&r=g","contentUrl":"https:\/\/secure.gravatar.com\/avatar\/b34fc4f4e468a4e51785917065a3db57b841f5c95dba6ad8c73aaf8f66f8f9bf?s=96&d=mm&r=g","caption":"Comunica\u00e7\u00e3o PSOL"}}]}},"_links":{"self":[{"href":"https:\/\/psol50.org.br\/rest\/wp\/v2\/posts\/28306","targetHints":{"allow":["GET"]}}],"collection":[{"href":"https:\/\/psol50.org.br\/rest\/wp\/v2\/posts"}],"about":[{"href":"https:\/\/psol50.org.br\/rest\/wp\/v2\/types\/post"}],"author":[{"embeddable":true,"href":"https:\/\/psol50.org.br\/rest\/wp\/v2\/users\/2"}],"replies":[{"embeddable":true,"href":"https:\/\/psol50.org.br\/rest\/wp\/v2\/comments?post=28306"}],"version-history":[{"count":0,"href":"https:\/\/psol50.org.br\/rest\/wp\/v2\/posts\/28306\/revisions"}],"wp:featuredmedia":[{"embeddable":true,"href":"https:\/\/psol50.org.br\/rest\/wp\/v2\/media\/27375"}],"wp:attachment":[{"href":"https:\/\/psol50.org.br\/rest\/wp\/v2\/media?parent=28306"}],"wp:term":[{"taxonomy":"category","embeddable":true,"href":"https:\/\/psol50.org.br\/rest\/wp\/v2\/categories?post=28306"},{"taxonomy":"post_tag","embeddable":true,"href":"https:\/\/psol50.org.br\/rest\/wp\/v2\/tags?post=28306"}],"curies":[{"name":"wp","href":"https:\/\/api.w.org\/{rel}","templated":true}]}}