{"id":28323,"date":"2020-04-15T17:20:54","date_gmt":"2020-04-15T20:20:54","guid":{"rendered":"https:\/\/psol50.org.br\/?p=28323"},"modified":"2020-04-15T17:20:54","modified_gmt":"2020-04-15T20:20:54","slug":"psol-pede-investigacao-sobre-mais-de-r-10-milhoes-que-funai-nao-usou-no-combate-ao-coronavirus","status":"publish","type":"post","link":"https:\/\/psol50.org.br\/psol-pede-investigacao-sobre-mais-de-r-10-milhoes-que-funai-nao-usou-no-combate-ao-coronavirus\/","title":{"rendered":"PSOL pede investiga\u00e7\u00e3o sobre mais de R$ 10 milh\u00f5es que Funai n\u00e3o usou no combate ao coronav\u00edrus"},"content":{"rendered":"<p><a href=\"https:\/\/psol50.org.br\/coronavirus\/\" target=\"_blank\" rel=\"noopener noreferrer\"><img loading=\"lazy\" decoding=\"async\" class=\"alignnone size-full wp-image-27838\" src=\"https:\/\/psol50.org.br\/inc\/uploads\/2020\/03\/Banner-Site_3.png\" alt=\"\" width=\"1240\" height=\"331\" srcset=\"https:\/\/psol50.org.br\/inc\/uploads\/2020\/03\/Banner-Site_3.png 1240w, https:\/\/psol50.org.br\/inc\/uploads\/2020\/03\/Banner-Site_3-300x80.png 300w, https:\/\/psol50.org.br\/inc\/uploads\/2020\/03\/Banner-Site_3-1024x273.png 1024w, https:\/\/psol50.org.br\/inc\/uploads\/2020\/03\/Banner-Site_3-768x205.png 768w, https:\/\/psol50.org.br\/inc\/uploads\/2020\/03\/Banner-Site_3-150x40.png 150w, https:\/\/psol50.org.br\/inc\/uploads\/2020\/03\/Banner-Site_3-696x186.png 696w, https:\/\/psol50.org.br\/inc\/uploads\/2020\/03\/Banner-Site_3-1068x285.png 1068w\" sizes=\"auto, (max-width: 1240px) 100vw, 1240px\" \/><\/a><\/p>\n<p>A bancada do PSOL na C\u00e2mara dos Deputados enviou uma representa\u00e7\u00e3o ao Minist\u00e9rio P\u00fablico Federal para que a entidade investigue a Funda\u00e7\u00e3o Nacional do \u00cdndio (FUNAI), \u00f3rg\u00e3o ligado ao Minist\u00e9rio da Justi\u00e7a e Seguran\u00e7a P\u00fablica, que n\u00e3o executou nenhum centavo dos R$ 10,840 milh\u00f5es que recebeu para apoiar os ind\u00edgenas em a\u00e7\u00f5es de prote\u00e7\u00e3o e combate ao novo coronav\u00edrus.<\/p>\n<p>No dia 2 de abril, a Funai passou a dispor de R$ 10,840 milh\u00f5es a partir da publica\u00e7\u00e3o da medida provis\u00f3ria 942, que tratou de uma s\u00e9rie de medidas federais de enfrentamento \u00e0 pandemia. A MP tem efeito imediato. Por isso, o recurso, de car\u00e1ter emergencial e extraordin\u00e1rio, ficou \u00e0 disposi\u00e7\u00e3o da Funai, que n\u00e3o encostou na verba.<\/p>\n<p>O of\u00edcio do PSOL foi encaminhado ao subprocurador-geral da Rep\u00fablica Ant\u00f4nio Carlos Bigonha, que comanda a 6\u00aa C\u00e2mara de Coordena\u00e7\u00e3o e Revis\u00e3o de Povos Ind\u00edgenas e Comunidades Tradicionais e pede que o MPF investigue as causas da n\u00e3o utiliza\u00e7\u00e3o dos recursos pela Funai, mesmo duas semanas depois de ter acesso ao dinheiro.<\/p>\n<p>Dados de secretarias estaduais de sa\u00fade consolidados pelo Instituto Socioambiental apontam que j\u00e1 h\u00e1 16 casos confirmados de contamina\u00e7\u00e3o de ind\u00edgenas por Covid-19 at\u00e9 esta ter\u00e7a-feira, 14, al\u00e9m de tr\u00eas mortes.<\/p>\n<p>A situa\u00e7\u00e3o dos cerca de 800 mil \u00edndios do Pa\u00eds \u00e9 alarmante, principalmente daqueles que vivem na regi\u00e3o amaz\u00f4nica, onde o coronav\u00edrus tem avan\u00e7ado rapidamente, em contraposi\u00e7\u00e3o \u00e0 chegada de suprimentos de sa\u00fade, alimenta\u00e7\u00e3o, higiene e infraestrutura m\u00e9dica.<\/p>\n<p>Nesta ter\u00e7a, em carta aberta enviada ao Minist\u00e9rio P\u00fablico Federal em Altamira (PA), regi\u00e3o de constantes conflitos com povos ind\u00edgenas, o Instituto Kabu, que representa povos da regi\u00e3o, fez um apelo ao MPF, relatando que as \u201ccomunidades est\u00e3o muito alarmadas com o aumento da invas\u00e3o dos garimpeiros e a possibilidade de os invasores trazerem a Covid-19 para nossas terras.\u201d<\/p>\n<p><a href=\"https:\/\/saude.estadao.com.br\/noticias\/geral,mpf-vai-investigar-por-que-funai-deixou-de-usar-recursos-contra-coronavirus,70003271163\" target=\"_blank\" rel=\"noopener noreferrer\">Com informa\u00e7\u00f5es do Estad\u00e3o<\/a><\/p>\n","protected":false},"excerpt":{"rendered":"<p>A bancada do PSOL na C\u00e2mara dos Deputados enviou uma representa\u00e7\u00e3o ao Minist\u00e9rio P\u00fablico Federal para que a entidade investigue a Funda\u00e7\u00e3o Nacional do \u00cdndio (FUNAI), \u00f3rg\u00e3o ligado ao Minist\u00e9rio da Justi\u00e7a e Seguran\u00e7a P\u00fablica, que n\u00e3o executou nenhum centavo dos R$ 10,840 milh\u00f5es que recebeu para apoiar os ind\u00edgenas em a\u00e7\u00f5es de prote\u00e7\u00e3o e [&hellip;]<\/p>\n","protected":false},"author":2,"featured_media":28059,"comment_status":"closed","ping_status":"open","sticky":false,"template":"","format":"standard","meta":{"_acf_changed":false,"footnotes":""},"categories":[10,6],"tags":[171,371,533,12,367,22,366],"class_list":{"0":"post-28323","1":"post","2":"type-post","3":"status-publish","4":"format-standard","5":"has-post-thumbnail","7":"category-acao-parlamentares","8":"category-noticias","9":"tag-coronavirus","10":"tag-covid-19","11":"tag-funai","12":"tag-indigenas","13":"tag-pandemia","14":"tag-psol","15":"tag-psolcontraocoronavirus"},"acf":[],"yoast_head":"<!-- This site is optimized with the Yoast SEO plugin v26.5 - https:\/\/yoast.com\/wordpress\/plugins\/seo\/ -->\n<title>PSOL pede investiga\u00e7\u00e3o sobre mais de R$ 10 milh\u00f5es que Funai n\u00e3o usou no combate ao coronav\u00edrus<\/title>\n<meta name=\"description\" content=\"No dia 2 de abril, a Funai passou a dispor de R$ 10,840 milh\u00f5es, mas o \u00f3rg\u00e3o n\u00e3o tocou na verba depois de duas semanas.\" \/>\n<meta name=\"robots\" content=\"index, follow, max-snippet:-1, max-image-preview:large, max-video-preview:-1\" \/>\n<link rel=\"canonical\" href=\"https:\/\/psol50.org.br\/psol-pede-investigacao-sobre-mais-de-r-10-milhoes-que-funai-nao-usou-no-combate-ao-coronavirus\/\" \/>\n<meta property=\"og:locale\" content=\"pt_BR\" \/>\n<meta property=\"og:type\" content=\"article\" \/>\n<meta property=\"og:title\" content=\"PSOL pede investiga\u00e7\u00e3o sobre mais de R$ 10 milh\u00f5es que Funai n\u00e3o usou no combate ao coronav\u00edrus\" \/>\n<meta property=\"og:description\" content=\"No dia 2 de abril, a Funai passou a dispor de R$ 10,840 milh\u00f5es, mas o \u00f3rg\u00e3o n\u00e3o tocou na verba depois de duas semanas.\" \/>\n<meta property=\"og:url\" content=\"https:\/\/psol50.org.br\/psol-pede-investigacao-sobre-mais-de-r-10-milhoes-que-funai-nao-usou-no-combate-ao-coronavirus\/\" \/>\n<meta property=\"og:site_name\" content=\"PSOL 50\" \/>\n<meta property=\"article:publisher\" content=\"https:\/\/www.facebook.com\/psol50\" \/>\n<meta property=\"article:published_time\" content=\"2020-04-15T20:20:54+00:00\" \/>\n<meta property=\"og:image\" content=\"https:\/\/psol50.org.br\/inc\/uploads\/2019\/04\/34303641611_1ad1b3475c_k.jpg\" \/>\n\t<meta property=\"og:image:width\" content=\"1800\" \/>\n\t<meta property=\"og:image:height\" content=\"1200\" \/>\n\t<meta property=\"og:image:type\" content=\"image\/jpeg\" \/>\n<meta name=\"author\" content=\"Comunica\u00e7\u00e3o PSOL\" \/>\n<meta name=\"twitter:card\" content=\"summary_large_image\" \/>\n<meta name=\"twitter:title\" content=\"PSOL pede investiga\u00e7\u00e3o sobre mais de R$ 10 milh\u00f5es que Funai n\u00e3o usou no combate ao coronav\u00edrus\" \/>\n<meta name=\"twitter:description\" content=\"No dia 2 de abril, a Funai passou a dispor de R$ 10,840 milh\u00f5es, mas o \u00f3rg\u00e3o n\u00e3o tocou na verba depois de duas semanas.\" \/>\n<meta name=\"twitter:image\" content=\"https:\/\/psol50.org.br\/inc\/uploads\/2019\/04\/34303641611_1ad1b3475c_k.jpg\" \/>\n<meta name=\"twitter:creator\" content=\"@psol50\" \/>\n<meta name=\"twitter:site\" content=\"@psol50\" \/>\n<meta name=\"twitter:label1\" content=\"Escrito por\" \/>\n\t<meta name=\"twitter:data1\" content=\"Comunica\u00e7\u00e3o PSOL\" \/>\n\t<meta name=\"twitter:label2\" content=\"Est. tempo de leitura\" \/>\n\t<meta name=\"twitter:data2\" content=\"2 minutos\" \/>\n<script type=\"application\/ld+json\" class=\"yoast-schema-graph\">{\"@context\":\"https:\/\/schema.org\",\"@graph\":[{\"@type\":\"Article\",\"@id\":\"https:\/\/psol50.org.br\/psol-pede-investigacao-sobre-mais-de-r-10-milhoes-que-funai-nao-usou-no-combate-ao-coronavirus\/#article\",\"isPartOf\":{\"@id\":\"https:\/\/psol50.org.br\/psol-pede-investigacao-sobre-mais-de-r-10-milhoes-que-funai-nao-usou-no-combate-ao-coronavirus\/\"},\"author\":{\"name\":\"Comunica\u00e7\u00e3o PSOL\",\"@id\":\"https:\/\/psol50.org.br\/#\/schema\/person\/475dfa57d0b815993c714c2e96491fcd\"},\"headline\":\"PSOL pede investiga\u00e7\u00e3o sobre mais de R$ 10 milh\u00f5es que Funai n\u00e3o usou no combate ao coronav\u00edrus\",\"datePublished\":\"2020-04-15T20:20:54+00:00\",\"mainEntityOfPage\":{\"@id\":\"https:\/\/psol50.org.br\/psol-pede-investigacao-sobre-mais-de-r-10-milhoes-que-funai-nao-usou-no-combate-ao-coronavirus\/\"},\"wordCount\":368,\"publisher\":{\"@id\":\"https:\/\/psol50.org.br\/#organization\"},\"image\":{\"@id\":\"https:\/\/psol50.org.br\/psol-pede-investigacao-sobre-mais-de-r-10-milhoes-que-funai-nao-usou-no-combate-ao-coronavirus\/#primaryimage\"},\"thumbnailUrl\":\"https:\/\/psol50.org.br\/inc\/uploads\/2020\/04\/demarca5-scaled-1.jpg\",\"keywords\":[\"coronav\u00edrus\",\"covid-19\",\"Funai\",\"Ind\u00edgenas\",\"pandemia\",\"PSOL\",\"psolcontraocoronavirus\"],\"articleSection\":[\"A\u00e7\u00e3o Parlamentar\",\"Not\u00edcias\"],\"inLanguage\":\"pt-BR\"},{\"@type\":\"WebPage\",\"@id\":\"https:\/\/psol50.org.br\/psol-pede-investigacao-sobre-mais-de-r-10-milhoes-que-funai-nao-usou-no-combate-ao-coronavirus\/\",\"url\":\"https:\/\/psol50.org.br\/psol-pede-investigacao-sobre-mais-de-r-10-milhoes-que-funai-nao-usou-no-combate-ao-coronavirus\/\",\"name\":\"PSOL pede investiga\u00e7\u00e3o sobre mais de R$ 10 milh\u00f5es que Funai n\u00e3o usou no combate ao coronav\u00edrus\",\"isPartOf\":{\"@id\":\"https:\/\/psol50.org.br\/#website\"},\"primaryImageOfPage\":{\"@id\":\"https:\/\/psol50.org.br\/psol-pede-investigacao-sobre-mais-de-r-10-milhoes-que-funai-nao-usou-no-combate-ao-coronavirus\/#primaryimage\"},\"image\":{\"@id\":\"https:\/\/psol50.org.br\/psol-pede-investigacao-sobre-mais-de-r-10-milhoes-que-funai-nao-usou-no-combate-ao-coronavirus\/#primaryimage\"},\"thumbnailUrl\":\"https:\/\/psol50.org.br\/inc\/uploads\/2020\/04\/demarca5-scaled-1.jpg\",\"datePublished\":\"2020-04-15T20:20:54+00:00\",\"description\":\"No dia 2 de abril, a Funai passou a dispor de R$ 10,840 milh\u00f5es, mas o \u00f3rg\u00e3o n\u00e3o tocou na verba depois de duas semanas.\",\"breadcrumb\":{\"@id\":\"https:\/\/psol50.org.br\/psol-pede-investigacao-sobre-mais-de-r-10-milhoes-que-funai-nao-usou-no-combate-ao-coronavirus\/#breadcrumb\"},\"inLanguage\":\"pt-BR\",\"potentialAction\":[{\"@type\":\"ReadAction\",\"target\":[\"https:\/\/psol50.org.br\/psol-pede-investigacao-sobre-mais-de-r-10-milhoes-que-funai-nao-usou-no-combate-ao-coronavirus\/\"]}]},{\"@type\":\"ImageObject\",\"inLanguage\":\"pt-BR\",\"@id\":\"https:\/\/psol50.org.br\/psol-pede-investigacao-sobre-mais-de-r-10-milhoes-que-funai-nao-usou-no-combate-ao-coronavirus\/#primaryimage\",\"url\":\"https:\/\/psol50.org.br\/inc\/uploads\/2020\/04\/demarca5-scaled-1.jpg\",\"contentUrl\":\"https:\/\/psol50.org.br\/inc\/uploads\/2020\/04\/demarca5-scaled-1.jpg\",\"width\":1800,\"height\":1200,\"caption\":\"Foto Marcelo Camargo\/Ag\u00eancia Brasil\"},{\"@type\":\"BreadcrumbList\",\"@id\":\"https:\/\/psol50.org.br\/psol-pede-investigacao-sobre-mais-de-r-10-milhoes-que-funai-nao-usou-no-combate-ao-coronavirus\/#breadcrumb\",\"itemListElement\":[{\"@type\":\"ListItem\",\"position\":1,\"name\":\"In\u00edcio\",\"item\":\"https:\/\/psol50.org.br\/\"},{\"@type\":\"ListItem\",\"position\":2,\"name\":\"PSOL pede investiga\u00e7\u00e3o sobre mais de R$ 10 milh\u00f5es que Funai n\u00e3o usou no combate ao coronav\u00edrus\"}]},{\"@type\":\"WebSite\",\"@id\":\"https:\/\/psol50.org.br\/#website\",\"url\":\"https:\/\/psol50.org.br\/\",\"name\":\"PSOL 50\",\"description\":\"Site oficial do Partido Socialismo e Liberdade\",\"publisher\":{\"@id\":\"https:\/\/psol50.org.br\/#organization\"},\"alternateName\":\"PSOL50\",\"potentialAction\":[{\"@type\":\"SearchAction\",\"target\":{\"@type\":\"EntryPoint\",\"urlTemplate\":\"https:\/\/psol50.org.br\/?s={search_term_string}\"},\"query-input\":{\"@type\":\"PropertyValueSpecification\",\"valueRequired\":true,\"valueName\":\"search_term_string\"}}],\"inLanguage\":\"pt-BR\"},{\"@type\":\"Organization\",\"@id\":\"https:\/\/psol50.org.br\/#organization\",\"name\":\"PSOL 50\",\"alternateName\":\"PSOL 50\",\"url\":\"https:\/\/psol50.org.br\/\",\"logo\":{\"@type\":\"ImageObject\",\"inLanguage\":\"pt-BR\",\"@id\":\"https:\/\/psol50.org.br\/#\/schema\/logo\/image\/\",\"url\":\"https:\/\/psol50.org.br\/inc\/uploads\/2018\/07\/capa.png\",\"contentUrl\":\"https:\/\/psol50.org.br\/inc\/uploads\/2018\/07\/capa.png\",\"width\":1350,\"height\":900,\"caption\":\"PSOL 50\"},\"image\":{\"@id\":\"https:\/\/psol50.org.br\/#\/schema\/logo\/image\/\"},\"sameAs\":[\"https:\/\/www.facebook.com\/psol50\",\"https:\/\/x.com\/psol50\",\"https:\/\/www.instagram.com\/psol50\/\",\"https:\/\/www.youtube.com\/channel\/UC7SnJS5o1os7a6CaiNabzcg\"]},{\"@type\":\"Person\",\"@id\":\"https:\/\/psol50.org.br\/#\/schema\/person\/475dfa57d0b815993c714c2e96491fcd\",\"name\":\"Comunica\u00e7\u00e3o PSOL\",\"image\":{\"@type\":\"ImageObject\",\"inLanguage\":\"pt-BR\",\"@id\":\"https:\/\/psol50.org.br\/#\/schema\/person\/image\/\",\"url\":\"https:\/\/secure.gravatar.com\/avatar\/b34fc4f4e468a4e51785917065a3db57b841f5c95dba6ad8c73aaf8f66f8f9bf?s=96&d=mm&r=g\",\"contentUrl\":\"https:\/\/secure.gravatar.com\/avatar\/b34fc4f4e468a4e51785917065a3db57b841f5c95dba6ad8c73aaf8f66f8f9bf?s=96&d=mm&r=g\",\"caption\":\"Comunica\u00e7\u00e3o PSOL\"}}]}<\/script>\n<!-- \/ Yoast SEO plugin. -->","yoast_head_json":{"title":"PSOL pede investiga\u00e7\u00e3o sobre mais de R$ 10 milh\u00f5es que Funai n\u00e3o usou no combate ao coronav\u00edrus","description":"No dia 2 de abril, a Funai passou a dispor de R$ 10,840 milh\u00f5es, mas o \u00f3rg\u00e3o n\u00e3o tocou na verba depois de duas semanas.","robots":{"index":"index","follow":"follow","max-snippet":"max-snippet:-1","max-image-preview":"max-image-preview:large","max-video-preview":"max-video-preview:-1"},"canonical":"https:\/\/psol50.org.br\/psol-pede-investigacao-sobre-mais-de-r-10-milhoes-que-funai-nao-usou-no-combate-ao-coronavirus\/","og_locale":"pt_BR","og_type":"article","og_title":"PSOL pede investiga\u00e7\u00e3o sobre mais de R$ 10 milh\u00f5es que Funai n\u00e3o usou no combate ao coronav\u00edrus","og_description":"No dia 2 de abril, a Funai passou a dispor de R$ 10,840 milh\u00f5es, mas o \u00f3rg\u00e3o n\u00e3o tocou na verba depois de duas semanas.","og_url":"https:\/\/psol50.org.br\/psol-pede-investigacao-sobre-mais-de-r-10-milhoes-que-funai-nao-usou-no-combate-ao-coronavirus\/","og_site_name":"PSOL 50","article_publisher":"https:\/\/www.facebook.com\/psol50","article_published_time":"2020-04-15T20:20:54+00:00","og_image":[{"width":1800,"height":1200,"url":"https:\/\/psol50.org.br\/inc\/uploads\/2019\/04\/34303641611_1ad1b3475c_k.jpg","type":"image\/jpeg"}],"author":"Comunica\u00e7\u00e3o PSOL","twitter_card":"summary_large_image","twitter_title":"PSOL pede investiga\u00e7\u00e3o sobre mais de R$ 10 milh\u00f5es que Funai n\u00e3o usou no combate ao coronav\u00edrus","twitter_description":"No dia 2 de abril, a Funai passou a dispor de R$ 10,840 milh\u00f5es, mas o \u00f3rg\u00e3o n\u00e3o tocou na verba depois de duas semanas.","twitter_image":"https:\/\/psol50.org.br\/inc\/uploads\/2019\/04\/34303641611_1ad1b3475c_k.jpg","twitter_creator":"@psol50","twitter_site":"@psol50","twitter_misc":{"Escrito por":"Comunica\u00e7\u00e3o PSOL","Est. tempo de leitura":"2 minutos"},"schema":{"@context":"https:\/\/schema.org","@graph":[{"@type":"Article","@id":"https:\/\/psol50.org.br\/psol-pede-investigacao-sobre-mais-de-r-10-milhoes-que-funai-nao-usou-no-combate-ao-coronavirus\/#article","isPartOf":{"@id":"https:\/\/psol50.org.br\/psol-pede-investigacao-sobre-mais-de-r-10-milhoes-que-funai-nao-usou-no-combate-ao-coronavirus\/"},"author":{"name":"Comunica\u00e7\u00e3o PSOL","@id":"https:\/\/psol50.org.br\/#\/schema\/person\/475dfa57d0b815993c714c2e96491fcd"},"headline":"PSOL pede investiga\u00e7\u00e3o sobre mais de R$ 10 milh\u00f5es que Funai n\u00e3o usou no combate ao coronav\u00edrus","datePublished":"2020-04-15T20:20:54+00:00","mainEntityOfPage":{"@id":"https:\/\/psol50.org.br\/psol-pede-investigacao-sobre-mais-de-r-10-milhoes-que-funai-nao-usou-no-combate-ao-coronavirus\/"},"wordCount":368,"publisher":{"@id":"https:\/\/psol50.org.br\/#organization"},"image":{"@id":"https:\/\/psol50.org.br\/psol-pede-investigacao-sobre-mais-de-r-10-milhoes-que-funai-nao-usou-no-combate-ao-coronavirus\/#primaryimage"},"thumbnailUrl":"https:\/\/psol50.org.br\/inc\/uploads\/2020\/04\/demarca5-scaled-1.jpg","keywords":["coronav\u00edrus","covid-19","Funai","Ind\u00edgenas","pandemia","PSOL","psolcontraocoronavirus"],"articleSection":["A\u00e7\u00e3o Parlamentar","Not\u00edcias"],"inLanguage":"pt-BR"},{"@type":"WebPage","@id":"https:\/\/psol50.org.br\/psol-pede-investigacao-sobre-mais-de-r-10-milhoes-que-funai-nao-usou-no-combate-ao-coronavirus\/","url":"https:\/\/psol50.org.br\/psol-pede-investigacao-sobre-mais-de-r-10-milhoes-que-funai-nao-usou-no-combate-ao-coronavirus\/","name":"PSOL pede investiga\u00e7\u00e3o sobre mais de R$ 10 milh\u00f5es que Funai n\u00e3o usou no combate ao coronav\u00edrus","isPartOf":{"@id":"https:\/\/psol50.org.br\/#website"},"primaryImageOfPage":{"@id":"https:\/\/psol50.org.br\/psol-pede-investigacao-sobre-mais-de-r-10-milhoes-que-funai-nao-usou-no-combate-ao-coronavirus\/#primaryimage"},"image":{"@id":"https:\/\/psol50.org.br\/psol-pede-investigacao-sobre-mais-de-r-10-milhoes-que-funai-nao-usou-no-combate-ao-coronavirus\/#primaryimage"},"thumbnailUrl":"https:\/\/psol50.org.br\/inc\/uploads\/2020\/04\/demarca5-scaled-1.jpg","datePublished":"2020-04-15T20:20:54+00:00","description":"No dia 2 de abril, a Funai passou a dispor de R$ 10,840 milh\u00f5es, mas o \u00f3rg\u00e3o n\u00e3o tocou na verba depois de duas semanas.","breadcrumb":{"@id":"https:\/\/psol50.org.br\/psol-pede-investigacao-sobre-mais-de-r-10-milhoes-que-funai-nao-usou-no-combate-ao-coronavirus\/#breadcrumb"},"inLanguage":"pt-BR","potentialAction":[{"@type":"ReadAction","target":["https:\/\/psol50.org.br\/psol-pede-investigacao-sobre-mais-de-r-10-milhoes-que-funai-nao-usou-no-combate-ao-coronavirus\/"]}]},{"@type":"ImageObject","inLanguage":"pt-BR","@id":"https:\/\/psol50.org.br\/psol-pede-investigacao-sobre-mais-de-r-10-milhoes-que-funai-nao-usou-no-combate-ao-coronavirus\/#primaryimage","url":"https:\/\/psol50.org.br\/inc\/uploads\/2020\/04\/demarca5-scaled-1.jpg","contentUrl":"https:\/\/psol50.org.br\/inc\/uploads\/2020\/04\/demarca5-scaled-1.jpg","width":1800,"height":1200,"caption":"Foto Marcelo Camargo\/Ag\u00eancia Brasil"},{"@type":"BreadcrumbList","@id":"https:\/\/psol50.org.br\/psol-pede-investigacao-sobre-mais-de-r-10-milhoes-que-funai-nao-usou-no-combate-ao-coronavirus\/#breadcrumb","itemListElement":[{"@type":"ListItem","position":1,"name":"In\u00edcio","item":"https:\/\/psol50.org.br\/"},{"@type":"ListItem","position":2,"name":"PSOL pede investiga\u00e7\u00e3o sobre mais de R$ 10 milh\u00f5es que Funai n\u00e3o usou no combate ao coronav\u00edrus"}]},{"@type":"WebSite","@id":"https:\/\/psol50.org.br\/#website","url":"https:\/\/psol50.org.br\/","name":"PSOL 50","description":"Site oficial do Partido Socialismo e Liberdade","publisher":{"@id":"https:\/\/psol50.org.br\/#organization"},"alternateName":"PSOL50","potentialAction":[{"@type":"SearchAction","target":{"@type":"EntryPoint","urlTemplate":"https:\/\/psol50.org.br\/?s={search_term_string}"},"query-input":{"@type":"PropertyValueSpecification","valueRequired":true,"valueName":"search_term_string"}}],"inLanguage":"pt-BR"},{"@type":"Organization","@id":"https:\/\/psol50.org.br\/#organization","name":"PSOL 50","alternateName":"PSOL 50","url":"https:\/\/psol50.org.br\/","logo":{"@type":"ImageObject","inLanguage":"pt-BR","@id":"https:\/\/psol50.org.br\/#\/schema\/logo\/image\/","url":"https:\/\/psol50.org.br\/inc\/uploads\/2018\/07\/capa.png","contentUrl":"https:\/\/psol50.org.br\/inc\/uploads\/2018\/07\/capa.png","width":1350,"height":900,"caption":"PSOL 50"},"image":{"@id":"https:\/\/psol50.org.br\/#\/schema\/logo\/image\/"},"sameAs":["https:\/\/www.facebook.com\/psol50","https:\/\/x.com\/psol50","https:\/\/www.instagram.com\/psol50\/","https:\/\/www.youtube.com\/channel\/UC7SnJS5o1os7a6CaiNabzcg"]},{"@type":"Person","@id":"https:\/\/psol50.org.br\/#\/schema\/person\/475dfa57d0b815993c714c2e96491fcd","name":"Comunica\u00e7\u00e3o PSOL","image":{"@type":"ImageObject","inLanguage":"pt-BR","@id":"https:\/\/psol50.org.br\/#\/schema\/person\/image\/","url":"https:\/\/secure.gravatar.com\/avatar\/b34fc4f4e468a4e51785917065a3db57b841f5c95dba6ad8c73aaf8f66f8f9bf?s=96&d=mm&r=g","contentUrl":"https:\/\/secure.gravatar.com\/avatar\/b34fc4f4e468a4e51785917065a3db57b841f5c95dba6ad8c73aaf8f66f8f9bf?s=96&d=mm&r=g","caption":"Comunica\u00e7\u00e3o PSOL"}}]}},"_links":{"self":[{"href":"https:\/\/psol50.org.br\/rest\/wp\/v2\/posts\/28323","targetHints":{"allow":["GET"]}}],"collection":[{"href":"https:\/\/psol50.org.br\/rest\/wp\/v2\/posts"}],"about":[{"href":"https:\/\/psol50.org.br\/rest\/wp\/v2\/types\/post"}],"author":[{"embeddable":true,"href":"https:\/\/psol50.org.br\/rest\/wp\/v2\/users\/2"}],"replies":[{"embeddable":true,"href":"https:\/\/psol50.org.br\/rest\/wp\/v2\/comments?post=28323"}],"version-history":[{"count":0,"href":"https:\/\/psol50.org.br\/rest\/wp\/v2\/posts\/28323\/revisions"}],"wp:featuredmedia":[{"embeddable":true,"href":"https:\/\/psol50.org.br\/rest\/wp\/v2\/media\/28059"}],"wp:attachment":[{"href":"https:\/\/psol50.org.br\/rest\/wp\/v2\/media?parent=28323"}],"wp:term":[{"taxonomy":"category","embeddable":true,"href":"https:\/\/psol50.org.br\/rest\/wp\/v2\/categories?post=28323"},{"taxonomy":"post_tag","embeddable":true,"href":"https:\/\/psol50.org.br\/rest\/wp\/v2\/tags?post=28323"}],"curies":[{"name":"wp","href":"https:\/\/api.w.org\/{rel}","templated":true}]}}