{"id":28328,"date":"2020-04-15T17:57:08","date_gmt":"2020-04-15T20:57:08","guid":{"rendered":"https:\/\/psol50.org.br\/?p=28328"},"modified":"2020-04-15T17:57:08","modified_gmt":"2020-04-15T20:57:08","slug":"dezenas-de-entidades-assinam-nota-de-apoio-a-projeto-do-psol-que-protege-populacao-carceraria-durante-pandemia","status":"publish","type":"post","link":"https:\/\/psol50.org.br\/dezenas-de-entidades-assinam-nota-de-apoio-a-projeto-do-psol-que-protege-populacao-carceraria-durante-pandemia\/","title":{"rendered":"Dezenas de entidades assinam nota de apoio a projeto do PSOL que protege popula\u00e7\u00e3o carcer\u00e1ria durante pandemia"},"content":{"rendered":"<p><a href=\"https:\/\/psol50.org.br\/coronavirus\/\" target=\"_blank\" rel=\"noopener noreferrer\"><img loading=\"lazy\" decoding=\"async\" class=\"alignnone size-full wp-image-27838\" src=\"https:\/\/psol50.org.br\/inc\/uploads\/2020\/03\/Banner-Site_3.png\" alt=\"\" width=\"1240\" height=\"331\" srcset=\"https:\/\/psol50.org.br\/inc\/uploads\/2020\/03\/Banner-Site_3.png 1240w, https:\/\/psol50.org.br\/inc\/uploads\/2020\/03\/Banner-Site_3-300x80.png 300w, https:\/\/psol50.org.br\/inc\/uploads\/2020\/03\/Banner-Site_3-1024x273.png 1024w, https:\/\/psol50.org.br\/inc\/uploads\/2020\/03\/Banner-Site_3-768x205.png 768w, https:\/\/psol50.org.br\/inc\/uploads\/2020\/03\/Banner-Site_3-150x40.png 150w, https:\/\/psol50.org.br\/inc\/uploads\/2020\/03\/Banner-Site_3-696x186.png 696w, https:\/\/psol50.org.br\/inc\/uploads\/2020\/03\/Banner-Site_3-1068x285.png 1068w\" sizes=\"auto, (max-width: 1240px) 100vw, 1240px\" \/><\/a><\/p>\n<p>Diversas entidades especializadas em seguran\u00e7a p\u00fablica e direitos humanos divulgaram uma nota em apoio ao <strong><a href=\"https:\/\/psol50.org.br\/psol-propoe-regime-domiciliar-para-maes-e-portadores-de-doencas-cronicas-encarcerados-durante-pandemia\/\" target=\"_blank\" rel=\"noopener noreferrer\">projeto de lei 978\/2020, de autoria de Glauber Braga e Tal\u00edria Petrone<\/a><\/strong>, ambos do PSOL-RJ, que tem diversas propostas para evitar o avan\u00e7o do cont\u00e1gio do novo coronav\u00edrus na popula\u00e7\u00e3o carcer\u00e1ria do Brasil.<\/p>\n<p>Entre as propostas est\u00e1 a implementa\u00e7\u00e3o de regime domiciliar para mulheres gestantes e lactantes e tamb\u00e9m para adultos e adolescentes portadores de doen\u00e7as cr\u00f4nicas. Mulheres que s\u00e3o m\u00e3es de crian\u00e7as at\u00e9 12 anos de idade ou de pessoas com defici\u00eancia tamb\u00e9m seriam contempladas na proposta do PSOL. J\u00e1 as pessoas presas que fazem parte diretamente dos grupos de risco da Covid-19 poderiam receber liberdade condicional at\u00e9 a normaliza\u00e7\u00e3o da situa\u00e7\u00e3o no pa\u00eds.<\/p>\n<p>O projeto ainda prev\u00ea que, enquanto durar a pandemia, pessoas presas em flagrante sejam mantidas isoladas por ao menos 14 dias. E que condenados a pena igual ou inferior a quatro anos recebam uma pena restritiva de direitos ao inv\u00e9s da priva\u00e7\u00e3o de liberdade.<\/p>\n<h6>Leia a nota de apoio na \u00edntegra e quais entidades assinam:<\/h6>\n<p>As entidades abaixo assinadas refor\u00e7am preocupa\u00e7\u00e3o com o per\u00edodo de pandemia da COVID-19 e os impactos nas institui\u00e7\u00f5es de priva\u00e7\u00e3o de liberdade. Sabe-se que a desigualdade no Brasil intensifica a vulnerabilidade de pessoas ind\u00edgenas, pobres e negras, estas maioria entre a popula\u00e7\u00e3o privada de liberdade seletivamente marcada pelo racismo e pelo classismo em sua composi\u00e7\u00e3o e manuten\u00e7\u00e3o.<\/p>\n<p>Diante de um cen\u00e1rio iminente de milhares de mortes pela contamina\u00e7\u00e3o do v\u00edrus e escassez de acesso \u00e0 sa\u00fade e a tratamento adequado, em conjunto com a amplamente reconhecida situa\u00e7\u00e3o de precariedade, insalubridade, superlota\u00e7\u00e3o, falta de \u00e1gua e recorr\u00eancia de doen\u00e7as preexistentes no sistema penitenci\u00e1rio (62% das mortes de pessoas presas resultam de doen\u00e7as como tuberculose e HIV), as entidades subscritas apoiam a aprova\u00e7\u00e3o do Projeto de Lei n. 978 de 2020, de autoria do Deputado Federal Glauber Braga e da Deputada Federal Tal\u00edria Petrone.<\/p>\n<p>O PL 978\/2020 prop\u00f5e medidas concretas de redu\u00e7\u00e3o da popula\u00e7\u00e3o prisional e de adolescentes em cumprimento de medida socioeducativa de interna\u00e7\u00e3o, em conson\u00e2ncia \u00e0 Resolu\u00e7\u00e3o n. 62 do Conselho Nacional de Justi\u00e7a. A substitui\u00e7\u00e3o da pena privativa de liberdade em regime fechado ou semiaberto, das medidas socioeducativas de interna\u00e7\u00e3o ou semiliberdade, ou mesmo da pris\u00e3o provis\u00f3ria por pris\u00e3o\/interna\u00e7\u00e3o domiciliar ou outras medidas cautelares alternativas \u00e0 pris\u00e3o para pessoas do grupo de risco, idosas, gestantes, lactantes e m\u00e3es ou portadoras de doen\u00e7as preexistentes, incluindo tamb\u00e9m casos que n\u00e3o envolvam viol\u00eancia ou grave amea\u00e7a, com penas inferiores a 4 anos, \u00e9 fact\u00edvel e evitar\u00e1 que pessoas sob a tutela do Estado estejam expostas a maior risco de contamina\u00e7\u00e3o e agravamento da doen\u00e7a em raz\u00e3o das condi\u00e7\u00f5es inconstitucionais a que s\u00e3o submetidas dentro do sistema prisional. O PL est\u00e1 em plena conformidade com o que o ordenamento jur\u00eddico e com recomenda\u00e7\u00f5es internacionais, como a divulgada em 10 de abril de 2020 pela Comiss\u00e3o Interamericana de Direitos Humanos, que j\u00e1 prev\u00ea, por exemplo, a aplica\u00e7\u00e3o excepcional de pena em regime fechado, o respeito a direitos fundamentais como a sa\u00fade e a prioridade absoluta de crian\u00e7as e adolescentes. Ademais, o PL tamb\u00e9m \u00e9 embasado em jurisprud\u00eancia favor\u00e1vel contra a superlota\u00e7\u00e3o em institui\u00e7\u00f5es de cust\u00f3dia, como a decis\u00e3o proferida pelo STF no HC 143.988\/ES, voltada \u00e0s unidades socioeducativas.<\/p>\n<p>Ao final, h\u00e1 tamb\u00e9m no PL a proposta de mutir\u00f5es envolvendo magistrados\/as, promotores\/as e defensores\/as para an\u00e1lise dos processos. Trata-se, portanto, de uma proposta com medidas efetivas e de viabilidade de implementa\u00e7\u00e3o que ser\u00e3o tamb\u00e9m ben\u00e9ficas aos\/\u00e0s servidores\/as p\u00fablicos\/as e agentes de seguran\u00e7a, bem como \u00e0 sa\u00fade de toda a popula\u00e7\u00e3o.<\/p>\n<p>N\u00f3s estamos acompanhando o movimento de pa\u00edses como a Turquia e o Ir\u00e3, que promoveram a redu\u00e7\u00e3o da popula\u00e7\u00e3o carcer\u00e1ria em 100 mil e em 85 mil pessoas, respectivamente. Ademais, alguns estados dos Estados Unidos, pa\u00eds com a maior popula\u00e7\u00e3o carcer\u00e1ria do mundo, como Calif\u00f3rnia, Ohio, Texas e Colorado, tamb\u00e9m est\u00e3o desencarcerando n\u00fameros significativos de pessoas presas por conta da COVID-19.<\/p>\n<p>Diante desse cen\u00e1rio previs\u00edvel de mortes, que tem como principal alvo a popula\u00e7\u00e3o negra e pobre, j\u00e1 estruturalmente violada, e em aten\u00e7\u00e3o ao que outros pa\u00edses est\u00e3o realizando, bem como pela constitucionalidade das medidas, as entidades abaixo apoiam a aprova\u00e7\u00e3o do PL 978\/2020 como a\u00e7\u00e3o eficaz e respons\u00e1vel.<\/p>\n<p><em>14 de abril de 2020<\/em><\/p>\n<p>Assinam:<br \/>\n1. Assessoria Popular Maria Felipa (MG)<br \/>\n2. Associa\u00e7\u00e3o Ju\u00edzes para a Democracia \u2013 AJD<br \/>\n3. Associa\u00e7\u00e3o Nacional da Advocacia Criminal \u2013 ANACRIM\/PB<br \/>\n4. Observat\u00f3rio Paulista de Defesa dos Direitos Humanos<br \/>\n5. CARMIM Feminismo Jur\u00eddico (UFAL)<br \/>\n6. Centro de Estudos das Rela\u00e7\u00f5es de Trabalho e Desigualdades &#8211; CEERT<br \/>\n7. Centro de Estudos de Seguran\u00e7a e Cidadania \u2013 Cesec<br \/>\n8. Coletivo Arte Solid\u00e1ria, Aut\u00f4noma e Militante \u2013 Coletivo ArtSam<br \/>\n9. Coletivo Transforma MP<br \/>\n10. Comiss\u00e3o de Direitos Humanos da OAB\/PB<br \/>\n11. Comiss\u00e3o de Direitos Humanos da OAB\/SP<br \/>\n12. Comiss\u00e3o de Pol\u00edtica Criminal e Penitenci\u00e1ria da OAB\/SP<br \/>\n13. Comiss\u00e3o de Direito Penal da OAB\/SP<br \/>\n14. Comiss\u00e3o de Seguran\u00e7a P\u00fablica da OAB\/RJ<br \/>\n15. Comit\u00ea Estadual de Preven\u00e7\u00e3o e Combate \u00e0 Tortura \u2013 CEPCT\/PB<br \/>\n16. Conectas Direitos Humanos<br \/>\n17. Defensoria P\u00fablica do Estado do Rio de Janeiro \u2013 DPE\/RJ<br \/>\n18. Educafro<br \/>\n19. F\u00f3rum Brasileiro de Seguran\u00e7a P\u00fablica \u2013 FBSP<br \/>\n20. Frente de Mulheres Negras<br \/>\n21. Gabinete de Assessoria Jur\u00eddica \u00e0s Organiza\u00e7\u00f5es Populares \u2013 GAJOP<br \/>\n22. Grupo de Amigos e Familiares de Pessoas Privadas de Liberdade (MG)<br \/>\n23. Grupo de Pesquisa Educa\u00e7\u00e3o em Pris\u00f5es &#8211; GPEP\/UFAL<br \/>\n24. Grupo Prerrogativas<br \/>\n25. Instituto Brasileiro de Ci\u00eancias Criminais \u2013 IBCCRIM<br \/>\n26. Instituto Carioca de Criminologia<br \/>\n27. Instituto de Defensores de Direitos Humanos \u2013 DDH<br \/>\n28. Instituto de Defesa do Direito de Defesa \u2013 IDDD<br \/>\n29. Instituto de Desenvolvimento de a\u00e7\u00f5es sociais \u2013 IDEAS<br \/>\n30. Instituto de Estudos da Religi\u00e3o \u2013 ISER<br \/>\n31. Instituto dos Advogados Brasileiros &#8211; IAB<br \/>\n32. Instituto Pro Bono<br \/>\n33. Instituto Sou da Paz<br \/>\n34. Instituto Terra, Trabalho e Cidadania \u2013 ITTC<br \/>\n35. Justi\u00e7a Global<br \/>\n36. Laborat\u00f3rio de Direitos Humanos LADIH\/UFRJ<br \/>\n37. Mecanismo Nacional de Preven\u00e7\u00e3o e Combate a Tortura &#8211; MNPCT<br \/>\n38. Movimento Afronte<br \/>\n39. Movimento Nacional de Direitos Humanos \u2013 MNDH\/SP<br \/>\n40. N\u00facleo de Cidadania e Direitos Humanos (UFPB)<br \/>\n41. N\u00facleo de Estudos e Pol\u00edticas Penitenci\u00e1rias &#8211; NEPP\/UFAL<br \/>\n42. Pastoral da Mulher Marginalizada<br \/>\n43. Pastoral Carcer\u00e1ria Nacional \u2013 CNBB<br \/>\n44. Plataforma Brasileira de Pol\u00edtica de Drogas \u2013 PBPD<br \/>\n45. Sindicato dos Advogados e Advogadas de S\u00e3o Paulo &#8211; SASP<\/p>\n","protected":false},"excerpt":{"rendered":"<p>Diversas entidades especializadas em seguran\u00e7a p\u00fablica e direitos humanos divulgaram uma nota em apoio ao projeto de lei 978\/2020, de autoria de Glauber Braga e Tal\u00edria Petrone, ambos do PSOL-RJ, que tem diversas propostas para evitar o avan\u00e7o do cont\u00e1gio do novo coronav\u00edrus na popula\u00e7\u00e3o carcer\u00e1ria do Brasil. Entre as propostas est\u00e1 a implementa\u00e7\u00e3o de [&hellip;]<\/p>\n","protected":false},"author":2,"featured_media":28330,"comment_status":"closed","ping_status":"open","sticky":false,"template":"","format":"standard","meta":{"_acf_changed":false,"footnotes":""},"categories":[10,6],"tags":[171,371,534,535,367,536,537,22,366,538],"class_list":{"0":"post-28328","1":"post","2":"type-post","3":"status-publish","4":"format-standard","5":"has-post-thumbnail","7":"category-acao-parlamentares","8":"category-noticias","9":"tag-coronavirus","10":"tag-covid-19","11":"tag-direitos-humanos","12":"tag-entidades","13":"tag-pandemia","14":"tag-populacao-carceraria","15":"tag-prisao","16":"tag-psol","17":"tag-psolcontraocoronavirus","18":"tag-seguranca-publica"},"acf":[],"yoast_head":"<!-- This site is optimized with the Yoast SEO plugin v26.5 - https:\/\/yoast.com\/wordpress\/plugins\/seo\/ -->\n<title>Dezenas de entidades assinam nota de apoio a projeto do PSOL que protege popula\u00e7\u00e3o carcer\u00e1ria durante pandemia - PSOL 50<\/title>\n<meta name=\"description\" content=\"O projeto tem diversas propostas para evitar o avan\u00e7o do cont\u00e1gio do novo coronav\u00edrus na popula\u00e7\u00e3o carcer\u00e1ria do Brasil.\u00a0\" \/>\n<meta name=\"robots\" content=\"index, follow, max-snippet:-1, max-image-preview:large, max-video-preview:-1\" \/>\n<link rel=\"canonical\" href=\"https:\/\/psol50.org.br\/dezenas-de-entidades-assinam-nota-de-apoio-a-projeto-do-psol-que-protege-populacao-carceraria-durante-pandemia\/\" \/>\n<meta property=\"og:locale\" content=\"pt_BR\" \/>\n<meta property=\"og:type\" content=\"article\" \/>\n<meta property=\"og:title\" content=\"Dezenas de entidades assinam nota de apoio a projeto do PSOL que protege popula\u00e7\u00e3o carcer\u00e1ria durante pandemia\" \/>\n<meta property=\"og:description\" content=\"O projeto tem diversas propostas para evitar o avan\u00e7o do cont\u00e1gio do novo coronav\u00edrus na popula\u00e7\u00e3o carcer\u00e1ria do Brasil.\u00a0\" \/>\n<meta property=\"og:url\" content=\"https:\/\/psol50.org.br\/dezenas-de-entidades-assinam-nota-de-apoio-a-projeto-do-psol-que-protege-populacao-carceraria-durante-pandemia\/\" \/>\n<meta property=\"og:site_name\" content=\"PSOL 50\" \/>\n<meta property=\"article:publisher\" content=\"https:\/\/www.facebook.com\/psol50\" \/>\n<meta property=\"article:published_time\" content=\"2020-04-15T20:57:08+00:00\" \/>\n<meta property=\"og:image\" content=\"https:\/\/psol50.org.br\/inc\/uploads\/2020\/04\/presos2.jpg\" \/>\n\t<meta property=\"og:image:width\" content=\"1170\" \/>\n\t<meta property=\"og:image:height\" content=\"700\" \/>\n\t<meta property=\"og:image:type\" content=\"image\/jpeg\" \/>\n<meta name=\"author\" content=\"Comunica\u00e7\u00e3o PSOL\" \/>\n<meta name=\"twitter:card\" content=\"summary_large_image\" \/>\n<meta name=\"twitter:title\" content=\"Dezenas de entidades assinam nota de apoio a projeto do PSOL que protege popula\u00e7\u00e3o carcer\u00e1ria durante pandemia\" \/>\n<meta name=\"twitter:description\" content=\"O projeto tem diversas propostas para evitar o avan\u00e7o do cont\u00e1gio do novo coronav\u00edrus na popula\u00e7\u00e3o carcer\u00e1ria do Brasil.\u00a0\" \/>\n<meta name=\"twitter:image\" content=\"https:\/\/psol50.org.br\/inc\/uploads\/2020\/04\/presos2.jpg\" \/>\n<meta name=\"twitter:creator\" content=\"@psol50\" \/>\n<meta name=\"twitter:site\" content=\"@psol50\" \/>\n<meta name=\"twitter:label1\" content=\"Escrito por\" \/>\n\t<meta name=\"twitter:data1\" content=\"Comunica\u00e7\u00e3o PSOL\" \/>\n\t<meta name=\"twitter:label2\" content=\"Est. tempo de leitura\" \/>\n\t<meta name=\"twitter:data2\" content=\"6 minutos\" \/>\n<script type=\"application\/ld+json\" class=\"yoast-schema-graph\">{\"@context\":\"https:\/\/schema.org\",\"@graph\":[{\"@type\":\"Article\",\"@id\":\"https:\/\/psol50.org.br\/dezenas-de-entidades-assinam-nota-de-apoio-a-projeto-do-psol-que-protege-populacao-carceraria-durante-pandemia\/#article\",\"isPartOf\":{\"@id\":\"https:\/\/psol50.org.br\/dezenas-de-entidades-assinam-nota-de-apoio-a-projeto-do-psol-que-protege-populacao-carceraria-durante-pandemia\/\"},\"author\":{\"name\":\"Comunica\u00e7\u00e3o PSOL\",\"@id\":\"https:\/\/psol50.org.br\/#\/schema\/person\/475dfa57d0b815993c714c2e96491fcd\"},\"headline\":\"Dezenas de entidades assinam nota de apoio a projeto do PSOL que protege popula\u00e7\u00e3o carcer\u00e1ria durante pandemia\",\"datePublished\":\"2020-04-15T20:57:08+00:00\",\"mainEntityOfPage\":{\"@id\":\"https:\/\/psol50.org.br\/dezenas-de-entidades-assinam-nota-de-apoio-a-projeto-do-psol-que-protege-populacao-carceraria-durante-pandemia\/\"},\"wordCount\":1147,\"publisher\":{\"@id\":\"https:\/\/psol50.org.br\/#organization\"},\"image\":{\"@id\":\"https:\/\/psol50.org.br\/dezenas-de-entidades-assinam-nota-de-apoio-a-projeto-do-psol-que-protege-populacao-carceraria-durante-pandemia\/#primaryimage\"},\"thumbnailUrl\":\"https:\/\/psol50.org.br\/inc\/uploads\/2020\/04\/presos2.jpg\",\"keywords\":[\"coronav\u00edrus\",\"covid-19\",\"direitos humanos\",\"entidades\",\"pandemia\",\"popula\u00e7\u00e3o carcer\u00e1ria\",\"pris\u00e3o\",\"PSOL\",\"psolcontraocoronavirus\",\"Seguran\u00e7a P\u00fablica\"],\"articleSection\":[\"A\u00e7\u00e3o Parlamentar\",\"Not\u00edcias\"],\"inLanguage\":\"pt-BR\"},{\"@type\":\"WebPage\",\"@id\":\"https:\/\/psol50.org.br\/dezenas-de-entidades-assinam-nota-de-apoio-a-projeto-do-psol-que-protege-populacao-carceraria-durante-pandemia\/\",\"url\":\"https:\/\/psol50.org.br\/dezenas-de-entidades-assinam-nota-de-apoio-a-projeto-do-psol-que-protege-populacao-carceraria-durante-pandemia\/\",\"name\":\"Dezenas de entidades assinam nota de apoio a projeto do PSOL que protege popula\u00e7\u00e3o carcer\u00e1ria durante pandemia - PSOL 50\",\"isPartOf\":{\"@id\":\"https:\/\/psol50.org.br\/#website\"},\"primaryImageOfPage\":{\"@id\":\"https:\/\/psol50.org.br\/dezenas-de-entidades-assinam-nota-de-apoio-a-projeto-do-psol-que-protege-populacao-carceraria-durante-pandemia\/#primaryimage\"},\"image\":{\"@id\":\"https:\/\/psol50.org.br\/dezenas-de-entidades-assinam-nota-de-apoio-a-projeto-do-psol-que-protege-populacao-carceraria-durante-pandemia\/#primaryimage\"},\"thumbnailUrl\":\"https:\/\/psol50.org.br\/inc\/uploads\/2020\/04\/presos2.jpg\",\"datePublished\":\"2020-04-15T20:57:08+00:00\",\"description\":\"O projeto tem diversas propostas para evitar o avan\u00e7o do cont\u00e1gio do novo coronav\u00edrus na popula\u00e7\u00e3o carcer\u00e1ria do Brasil.\u00a0\",\"breadcrumb\":{\"@id\":\"https:\/\/psol50.org.br\/dezenas-de-entidades-assinam-nota-de-apoio-a-projeto-do-psol-que-protege-populacao-carceraria-durante-pandemia\/#breadcrumb\"},\"inLanguage\":\"pt-BR\",\"potentialAction\":[{\"@type\":\"ReadAction\",\"target\":[\"https:\/\/psol50.org.br\/dezenas-de-entidades-assinam-nota-de-apoio-a-projeto-do-psol-que-protege-populacao-carceraria-durante-pandemia\/\"]}]},{\"@type\":\"ImageObject\",\"inLanguage\":\"pt-BR\",\"@id\":\"https:\/\/psol50.org.br\/dezenas-de-entidades-assinam-nota-de-apoio-a-projeto-do-psol-que-protege-populacao-carceraria-durante-pandemia\/#primaryimage\",\"url\":\"https:\/\/psol50.org.br\/inc\/uploads\/2020\/04\/presos2.jpg\",\"contentUrl\":\"https:\/\/psol50.org.br\/inc\/uploads\/2020\/04\/presos2.jpg\",\"width\":1170,\"height\":700,\"caption\":\"Foto: Arquivo\/Ag\u00eancia Brasil\"},{\"@type\":\"BreadcrumbList\",\"@id\":\"https:\/\/psol50.org.br\/dezenas-de-entidades-assinam-nota-de-apoio-a-projeto-do-psol-que-protege-populacao-carceraria-durante-pandemia\/#breadcrumb\",\"itemListElement\":[{\"@type\":\"ListItem\",\"position\":1,\"name\":\"In\u00edcio\",\"item\":\"https:\/\/psol50.org.br\/\"},{\"@type\":\"ListItem\",\"position\":2,\"name\":\"Dezenas de entidades assinam nota de apoio a projeto do PSOL que protege popula\u00e7\u00e3o carcer\u00e1ria durante pandemia\"}]},{\"@type\":\"WebSite\",\"@id\":\"https:\/\/psol50.org.br\/#website\",\"url\":\"https:\/\/psol50.org.br\/\",\"name\":\"PSOL 50\",\"description\":\"Site oficial do Partido Socialismo e Liberdade\",\"publisher\":{\"@id\":\"https:\/\/psol50.org.br\/#organization\"},\"alternateName\":\"PSOL50\",\"potentialAction\":[{\"@type\":\"SearchAction\",\"target\":{\"@type\":\"EntryPoint\",\"urlTemplate\":\"https:\/\/psol50.org.br\/?s={search_term_string}\"},\"query-input\":{\"@type\":\"PropertyValueSpecification\",\"valueRequired\":true,\"valueName\":\"search_term_string\"}}],\"inLanguage\":\"pt-BR\"},{\"@type\":\"Organization\",\"@id\":\"https:\/\/psol50.org.br\/#organization\",\"name\":\"PSOL 50\",\"alternateName\":\"PSOL 50\",\"url\":\"https:\/\/psol50.org.br\/\",\"logo\":{\"@type\":\"ImageObject\",\"inLanguage\":\"pt-BR\",\"@id\":\"https:\/\/psol50.org.br\/#\/schema\/logo\/image\/\",\"url\":\"https:\/\/psol50.org.br\/inc\/uploads\/2018\/07\/capa.png\",\"contentUrl\":\"https:\/\/psol50.org.br\/inc\/uploads\/2018\/07\/capa.png\",\"width\":1350,\"height\":900,\"caption\":\"PSOL 50\"},\"image\":{\"@id\":\"https:\/\/psol50.org.br\/#\/schema\/logo\/image\/\"},\"sameAs\":[\"https:\/\/www.facebook.com\/psol50\",\"https:\/\/x.com\/psol50\",\"https:\/\/www.instagram.com\/psol50\/\",\"https:\/\/www.youtube.com\/channel\/UC7SnJS5o1os7a6CaiNabzcg\"]},{\"@type\":\"Person\",\"@id\":\"https:\/\/psol50.org.br\/#\/schema\/person\/475dfa57d0b815993c714c2e96491fcd\",\"name\":\"Comunica\u00e7\u00e3o PSOL\",\"image\":{\"@type\":\"ImageObject\",\"inLanguage\":\"pt-BR\",\"@id\":\"https:\/\/psol50.org.br\/#\/schema\/person\/image\/\",\"url\":\"https:\/\/secure.gravatar.com\/avatar\/b34fc4f4e468a4e51785917065a3db57b841f5c95dba6ad8c73aaf8f66f8f9bf?s=96&d=mm&r=g\",\"contentUrl\":\"https:\/\/secure.gravatar.com\/avatar\/b34fc4f4e468a4e51785917065a3db57b841f5c95dba6ad8c73aaf8f66f8f9bf?s=96&d=mm&r=g\",\"caption\":\"Comunica\u00e7\u00e3o PSOL\"}}]}<\/script>\n<!-- \/ Yoast SEO plugin. -->","yoast_head_json":{"title":"Dezenas de entidades assinam nota de apoio a projeto do PSOL que protege popula\u00e7\u00e3o carcer\u00e1ria durante pandemia - PSOL 50","description":"O projeto tem diversas propostas para evitar o avan\u00e7o do cont\u00e1gio do novo coronav\u00edrus na popula\u00e7\u00e3o carcer\u00e1ria do Brasil.\u00a0","robots":{"index":"index","follow":"follow","max-snippet":"max-snippet:-1","max-image-preview":"max-image-preview:large","max-video-preview":"max-video-preview:-1"},"canonical":"https:\/\/psol50.org.br\/dezenas-de-entidades-assinam-nota-de-apoio-a-projeto-do-psol-que-protege-populacao-carceraria-durante-pandemia\/","og_locale":"pt_BR","og_type":"article","og_title":"Dezenas de entidades assinam nota de apoio a projeto do PSOL que protege popula\u00e7\u00e3o carcer\u00e1ria durante pandemia","og_description":"O projeto tem diversas propostas para evitar o avan\u00e7o do cont\u00e1gio do novo coronav\u00edrus na popula\u00e7\u00e3o carcer\u00e1ria do Brasil.\u00a0","og_url":"https:\/\/psol50.org.br\/dezenas-de-entidades-assinam-nota-de-apoio-a-projeto-do-psol-que-protege-populacao-carceraria-durante-pandemia\/","og_site_name":"PSOL 50","article_publisher":"https:\/\/www.facebook.com\/psol50","article_published_time":"2020-04-15T20:57:08+00:00","og_image":[{"width":1170,"height":700,"url":"https:\/\/psol50.org.br\/inc\/uploads\/2020\/04\/presos2.jpg","type":"image\/jpeg"}],"author":"Comunica\u00e7\u00e3o PSOL","twitter_card":"summary_large_image","twitter_title":"Dezenas de entidades assinam nota de apoio a projeto do PSOL que protege popula\u00e7\u00e3o carcer\u00e1ria durante pandemia","twitter_description":"O projeto tem diversas propostas para evitar o avan\u00e7o do cont\u00e1gio do novo coronav\u00edrus na popula\u00e7\u00e3o carcer\u00e1ria do Brasil.\u00a0","twitter_image":"https:\/\/psol50.org.br\/inc\/uploads\/2020\/04\/presos2.jpg","twitter_creator":"@psol50","twitter_site":"@psol50","twitter_misc":{"Escrito por":"Comunica\u00e7\u00e3o PSOL","Est. tempo de leitura":"6 minutos"},"schema":{"@context":"https:\/\/schema.org","@graph":[{"@type":"Article","@id":"https:\/\/psol50.org.br\/dezenas-de-entidades-assinam-nota-de-apoio-a-projeto-do-psol-que-protege-populacao-carceraria-durante-pandemia\/#article","isPartOf":{"@id":"https:\/\/psol50.org.br\/dezenas-de-entidades-assinam-nota-de-apoio-a-projeto-do-psol-que-protege-populacao-carceraria-durante-pandemia\/"},"author":{"name":"Comunica\u00e7\u00e3o PSOL","@id":"https:\/\/psol50.org.br\/#\/schema\/person\/475dfa57d0b815993c714c2e96491fcd"},"headline":"Dezenas de entidades assinam nota de apoio a projeto do PSOL que protege popula\u00e7\u00e3o carcer\u00e1ria durante pandemia","datePublished":"2020-04-15T20:57:08+00:00","mainEntityOfPage":{"@id":"https:\/\/psol50.org.br\/dezenas-de-entidades-assinam-nota-de-apoio-a-projeto-do-psol-que-protege-populacao-carceraria-durante-pandemia\/"},"wordCount":1147,"publisher":{"@id":"https:\/\/psol50.org.br\/#organization"},"image":{"@id":"https:\/\/psol50.org.br\/dezenas-de-entidades-assinam-nota-de-apoio-a-projeto-do-psol-que-protege-populacao-carceraria-durante-pandemia\/#primaryimage"},"thumbnailUrl":"https:\/\/psol50.org.br\/inc\/uploads\/2020\/04\/presos2.jpg","keywords":["coronav\u00edrus","covid-19","direitos humanos","entidades","pandemia","popula\u00e7\u00e3o carcer\u00e1ria","pris\u00e3o","PSOL","psolcontraocoronavirus","Seguran\u00e7a P\u00fablica"],"articleSection":["A\u00e7\u00e3o Parlamentar","Not\u00edcias"],"inLanguage":"pt-BR"},{"@type":"WebPage","@id":"https:\/\/psol50.org.br\/dezenas-de-entidades-assinam-nota-de-apoio-a-projeto-do-psol-que-protege-populacao-carceraria-durante-pandemia\/","url":"https:\/\/psol50.org.br\/dezenas-de-entidades-assinam-nota-de-apoio-a-projeto-do-psol-que-protege-populacao-carceraria-durante-pandemia\/","name":"Dezenas de entidades assinam nota de apoio a projeto do PSOL que protege popula\u00e7\u00e3o carcer\u00e1ria durante pandemia - PSOL 50","isPartOf":{"@id":"https:\/\/psol50.org.br\/#website"},"primaryImageOfPage":{"@id":"https:\/\/psol50.org.br\/dezenas-de-entidades-assinam-nota-de-apoio-a-projeto-do-psol-que-protege-populacao-carceraria-durante-pandemia\/#primaryimage"},"image":{"@id":"https:\/\/psol50.org.br\/dezenas-de-entidades-assinam-nota-de-apoio-a-projeto-do-psol-que-protege-populacao-carceraria-durante-pandemia\/#primaryimage"},"thumbnailUrl":"https:\/\/psol50.org.br\/inc\/uploads\/2020\/04\/presos2.jpg","datePublished":"2020-04-15T20:57:08+00:00","description":"O projeto tem diversas propostas para evitar o avan\u00e7o do cont\u00e1gio do novo coronav\u00edrus na popula\u00e7\u00e3o carcer\u00e1ria do Brasil.\u00a0","breadcrumb":{"@id":"https:\/\/psol50.org.br\/dezenas-de-entidades-assinam-nota-de-apoio-a-projeto-do-psol-que-protege-populacao-carceraria-durante-pandemia\/#breadcrumb"},"inLanguage":"pt-BR","potentialAction":[{"@type":"ReadAction","target":["https:\/\/psol50.org.br\/dezenas-de-entidades-assinam-nota-de-apoio-a-projeto-do-psol-que-protege-populacao-carceraria-durante-pandemia\/"]}]},{"@type":"ImageObject","inLanguage":"pt-BR","@id":"https:\/\/psol50.org.br\/dezenas-de-entidades-assinam-nota-de-apoio-a-projeto-do-psol-que-protege-populacao-carceraria-durante-pandemia\/#primaryimage","url":"https:\/\/psol50.org.br\/inc\/uploads\/2020\/04\/presos2.jpg","contentUrl":"https:\/\/psol50.org.br\/inc\/uploads\/2020\/04\/presos2.jpg","width":1170,"height":700,"caption":"Foto: Arquivo\/Ag\u00eancia Brasil"},{"@type":"BreadcrumbList","@id":"https:\/\/psol50.org.br\/dezenas-de-entidades-assinam-nota-de-apoio-a-projeto-do-psol-que-protege-populacao-carceraria-durante-pandemia\/#breadcrumb","itemListElement":[{"@type":"ListItem","position":1,"name":"In\u00edcio","item":"https:\/\/psol50.org.br\/"},{"@type":"ListItem","position":2,"name":"Dezenas de entidades assinam nota de apoio a projeto do PSOL que protege popula\u00e7\u00e3o carcer\u00e1ria durante pandemia"}]},{"@type":"WebSite","@id":"https:\/\/psol50.org.br\/#website","url":"https:\/\/psol50.org.br\/","name":"PSOL 50","description":"Site oficial do Partido Socialismo e Liberdade","publisher":{"@id":"https:\/\/psol50.org.br\/#organization"},"alternateName":"PSOL50","potentialAction":[{"@type":"SearchAction","target":{"@type":"EntryPoint","urlTemplate":"https:\/\/psol50.org.br\/?s={search_term_string}"},"query-input":{"@type":"PropertyValueSpecification","valueRequired":true,"valueName":"search_term_string"}}],"inLanguage":"pt-BR"},{"@type":"Organization","@id":"https:\/\/psol50.org.br\/#organization","name":"PSOL 50","alternateName":"PSOL 50","url":"https:\/\/psol50.org.br\/","logo":{"@type":"ImageObject","inLanguage":"pt-BR","@id":"https:\/\/psol50.org.br\/#\/schema\/logo\/image\/","url":"https:\/\/psol50.org.br\/inc\/uploads\/2018\/07\/capa.png","contentUrl":"https:\/\/psol50.org.br\/inc\/uploads\/2018\/07\/capa.png","width":1350,"height":900,"caption":"PSOL 50"},"image":{"@id":"https:\/\/psol50.org.br\/#\/schema\/logo\/image\/"},"sameAs":["https:\/\/www.facebook.com\/psol50","https:\/\/x.com\/psol50","https:\/\/www.instagram.com\/psol50\/","https:\/\/www.youtube.com\/channel\/UC7SnJS5o1os7a6CaiNabzcg"]},{"@type":"Person","@id":"https:\/\/psol50.org.br\/#\/schema\/person\/475dfa57d0b815993c714c2e96491fcd","name":"Comunica\u00e7\u00e3o PSOL","image":{"@type":"ImageObject","inLanguage":"pt-BR","@id":"https:\/\/psol50.org.br\/#\/schema\/person\/image\/","url":"https:\/\/secure.gravatar.com\/avatar\/b34fc4f4e468a4e51785917065a3db57b841f5c95dba6ad8c73aaf8f66f8f9bf?s=96&d=mm&r=g","contentUrl":"https:\/\/secure.gravatar.com\/avatar\/b34fc4f4e468a4e51785917065a3db57b841f5c95dba6ad8c73aaf8f66f8f9bf?s=96&d=mm&r=g","caption":"Comunica\u00e7\u00e3o PSOL"}}]}},"_links":{"self":[{"href":"https:\/\/psol50.org.br\/rest\/wp\/v2\/posts\/28328","targetHints":{"allow":["GET"]}}],"collection":[{"href":"https:\/\/psol50.org.br\/rest\/wp\/v2\/posts"}],"about":[{"href":"https:\/\/psol50.org.br\/rest\/wp\/v2\/types\/post"}],"author":[{"embeddable":true,"href":"https:\/\/psol50.org.br\/rest\/wp\/v2\/users\/2"}],"replies":[{"embeddable":true,"href":"https:\/\/psol50.org.br\/rest\/wp\/v2\/comments?post=28328"}],"version-history":[{"count":0,"href":"https:\/\/psol50.org.br\/rest\/wp\/v2\/posts\/28328\/revisions"}],"wp:featuredmedia":[{"embeddable":true,"href":"https:\/\/psol50.org.br\/rest\/wp\/v2\/media\/28330"}],"wp:attachment":[{"href":"https:\/\/psol50.org.br\/rest\/wp\/v2\/media?parent=28328"}],"wp:term":[{"taxonomy":"category","embeddable":true,"href":"https:\/\/psol50.org.br\/rest\/wp\/v2\/categories?post=28328"},{"taxonomy":"post_tag","embeddable":true,"href":"https:\/\/psol50.org.br\/rest\/wp\/v2\/tags?post=28328"}],"curies":[{"name":"wp","href":"https:\/\/api.w.org\/{rel}","templated":true}]}}