{"id":2833,"date":"2014-07-02T00:00:00","date_gmt":"2014-07-02T16:20:30","guid":{"rendered":"http:\/\/psol50.org.br\/arquivo\/2014\/07\/02\/advogados-ativistas-sao-presos-arbitrariamente-durante-ato-na-praca-roosvelt-em-sao-paulo\/"},"modified":"2014-07-02T00:00:00","modified_gmt":"2014-07-02T16:20:30","slug":"advogados-ativistas-sao-presos-arbitrariamente-durante-ato-na-praca-roosvelt-em-sao-paulo","status":"publish","type":"post","link":"https:\/\/psol50.org.br\/advogados-ativistas-sao-presos-arbitrariamente-durante-ato-na-praca-roosvelt-em-sao-paulo\/","title":{"rendered":"Advogados ativistas s\u00e3o presos arbitrariamente durante ato na Pra\u00e7a Roosvelt, em S\u00e3o Paulo"},"content":{"rendered":"<div style=\"text-align: justify;\">\n\tFoi realizada neta ter\u00e7a-feira (01), na Pra\u00e7a Roosevelt, em S\u00e3o Paulo, com a participa\u00e7\u00e3o de cerca de 500 pessoas, ato pela liberta\u00e7\u00e3o de dois manifestantes presos durante protesto na Avenida Paulista, no \u00faltimo dia 23. Por volta das 18hs, ativistas de direitos humanos e manifestantes que queriam participar das discuss\u00f5es, passaram a ser revistados pela pol\u00edcia e ter seus nomes anotados e documentos verificados. Quando os advogados ativistas questionaram o procedimento policial, dois deles foram levados pelos policiais, sem voz de pris\u00e3o: Daniel Biral e Silvia Daskal.<br \/>\n\t&nbsp;<br \/>\n\tEntre os que pediram a palavra estavam integrantes do Movimento dos Trabalhadores Sem-Teto (MTST), do Sindicato dos Metrovi\u00e1rios e de grupos de direitos humanos, como o padre J\u00falio Lancellotti.<br \/>\n\t&nbsp;<br \/>\n\tPoliciais do Choque jogaram bombas de g\u00e1s lacrimog\u00eaneo para dispersar o ato e tamb\u00e9m lan\u00e7aram spray de pimenta contra jornalistas que faziam a cobertura.<br \/>\n\t&nbsp;<br \/>\n\tBiral foi espancado pela pol\u00edcia e circunstanciado por desacato. Chegou \u00e0 78\u00aa DP desacordado e na madrugada foi submetido a exame de corpo delito no Instituto M\u00e9dico Legal.<br \/>\n\t&nbsp;<br \/>\n\tAl\u00e9m dos advogados detidos, mais tr\u00eas manifestantes foram levados para a delegacia, onde contaram com a presen\u00e7a do vereador do PSOL Toninho Vespoli e de um advogado para acompanhar seus depoimentos e garantir sua libera\u00e7\u00e3o.<br \/>\n\t&nbsp;<br \/>\n\tO mandato do deputado Ivan Valente repudia a falta de preparo da Policia Militar de S\u00e3o Paulo e a viol\u00eancia contra manifestantes, ativistas e profissionais de imprensa.<br \/>\n\t&nbsp;<br \/>\n\tAssista ao <a href=\"https:\/\/www.youtube.com\/watch?v=roaeihsDyz0\">v\u00eddeo<\/a>, divulgado pelo grupo Advogados Ativistas, que mostra o momento em que os advogados foram presos.<\/div>\n","protected":false},"excerpt":{"rendered":"<p>O mandato do deputado Ivan Valente repudia a falta de preparo da Policia Militar de S\u00e3o Paulo e a viol\u00eancia contra manifestantes, ativistas e profissionais de imprensa<\/p>\n","protected":false},"author":2,"featured_media":0,"comment_status":"open","ping_status":"open","sticky":false,"template":"","format":"standard","meta":{"_acf_changed":false,"footnotes":""},"categories":[4766,6],"tags":[],"class_list":{"0":"post-2833","1":"post","2":"type-post","3":"status-publish","4":"format-standard","6":"category-arquivo","7":"category-noticias"},"acf":[],"yoast_head":"<!-- This site is optimized with the Yoast SEO plugin v26.5 - https:\/\/yoast.com\/wordpress\/plugins\/seo\/ -->\n<title>Advogados ativistas s\u00e3o presos arbitrariamente durante ato na Pra\u00e7a Roosvelt, em S\u00e3o Paulo - PSOL 50<\/title>\n<meta name=\"robots\" content=\"index, follow, max-snippet:-1, max-image-preview:large, max-video-preview:-1\" \/>\n<link rel=\"canonical\" href=\"https:\/\/psol50.org.br\/advogados-ativistas-sao-presos-arbitrariamente-durante-ato-na-praca-roosvelt-em-sao-paulo\/\" \/>\n<meta property=\"og:locale\" content=\"pt_BR\" \/>\n<meta property=\"og:type\" content=\"article\" \/>\n<meta property=\"og:title\" content=\"Advogados ativistas s\u00e3o presos arbitrariamente durante ato na Pra\u00e7a Roosvelt, em S\u00e3o Paulo - PSOL 50\" \/>\n<meta property=\"og:description\" content=\"O mandato do deputado Ivan Valente repudia a falta de preparo da Policia Militar de S\u00e3o Paulo e a viol\u00eancia contra manifestantes, ativistas e profissionais de imprensa\" \/>\n<meta property=\"og:url\" content=\"https:\/\/psol50.org.br\/advogados-ativistas-sao-presos-arbitrariamente-durante-ato-na-praca-roosvelt-em-sao-paulo\/\" \/>\n<meta property=\"og:site_name\" content=\"PSOL 50\" \/>\n<meta property=\"article:publisher\" content=\"https:\/\/www.facebook.com\/psol50\" \/>\n<meta property=\"article:published_time\" content=\"2014-07-02T16:20:30+00:00\" \/>\n<meta property=\"og:image\" content=\"https:\/\/psol50.org.br\/inc\/uploads\/2018\/07\/capa.png\" \/>\n\t<meta property=\"og:image:width\" content=\"1350\" \/>\n\t<meta property=\"og:image:height\" content=\"900\" \/>\n\t<meta property=\"og:image:type\" content=\"image\/png\" \/>\n<meta name=\"author\" content=\"Comunica\u00e7\u00e3o PSOL\" \/>\n<meta name=\"twitter:card\" content=\"summary_large_image\" \/>\n<meta name=\"twitter:creator\" content=\"@psol50\" \/>\n<meta name=\"twitter:site\" content=\"@psol50\" \/>\n<meta name=\"twitter:label1\" content=\"Escrito por\" \/>\n\t<meta name=\"twitter:data1\" content=\"Comunica\u00e7\u00e3o PSOL\" \/>\n\t<meta name=\"twitter:label2\" content=\"Est. tempo de leitura\" \/>\n\t<meta name=\"twitter:data2\" content=\"1 minuto\" \/>\n<script type=\"application\/ld+json\" class=\"yoast-schema-graph\">{\"@context\":\"https:\/\/schema.org\",\"@graph\":[{\"@type\":\"Article\",\"@id\":\"https:\/\/psol50.org.br\/advogados-ativistas-sao-presos-arbitrariamente-durante-ato-na-praca-roosvelt-em-sao-paulo\/#article\",\"isPartOf\":{\"@id\":\"https:\/\/psol50.org.br\/advogados-ativistas-sao-presos-arbitrariamente-durante-ato-na-praca-roosvelt-em-sao-paulo\/\"},\"author\":{\"name\":\"Comunica\u00e7\u00e3o PSOL\",\"@id\":\"https:\/\/psol50.org.br\/#\/schema\/person\/475dfa57d0b815993c714c2e96491fcd\"},\"headline\":\"Advogados ativistas s\u00e3o presos arbitrariamente durante ato na Pra\u00e7a Roosvelt, em S\u00e3o Paulo\",\"datePublished\":\"2014-07-02T16:20:30+00:00\",\"mainEntityOfPage\":{\"@id\":\"https:\/\/psol50.org.br\/advogados-ativistas-sao-presos-arbitrariamente-durante-ato-na-praca-roosvelt-em-sao-paulo\/\"},\"wordCount\":288,\"commentCount\":0,\"publisher\":{\"@id\":\"https:\/\/psol50.org.br\/#organization\"},\"articleSection\":[\"Arquivo\",\"Not\u00edcias\"],\"inLanguage\":\"pt-BR\",\"potentialAction\":[{\"@type\":\"CommentAction\",\"name\":\"Comment\",\"target\":[\"https:\/\/psol50.org.br\/advogados-ativistas-sao-presos-arbitrariamente-durante-ato-na-praca-roosvelt-em-sao-paulo\/#respond\"]}]},{\"@type\":\"WebPage\",\"@id\":\"https:\/\/psol50.org.br\/advogados-ativistas-sao-presos-arbitrariamente-durante-ato-na-praca-roosvelt-em-sao-paulo\/\",\"url\":\"https:\/\/psol50.org.br\/advogados-ativistas-sao-presos-arbitrariamente-durante-ato-na-praca-roosvelt-em-sao-paulo\/\",\"name\":\"Advogados ativistas s\u00e3o presos arbitrariamente durante ato na Pra\u00e7a Roosvelt, em S\u00e3o Paulo - PSOL 50\",\"isPartOf\":{\"@id\":\"https:\/\/psol50.org.br\/#website\"},\"datePublished\":\"2014-07-02T16:20:30+00:00\",\"breadcrumb\":{\"@id\":\"https:\/\/psol50.org.br\/advogados-ativistas-sao-presos-arbitrariamente-durante-ato-na-praca-roosvelt-em-sao-paulo\/#breadcrumb\"},\"inLanguage\":\"pt-BR\",\"potentialAction\":[{\"@type\":\"ReadAction\",\"target\":[\"https:\/\/psol50.org.br\/advogados-ativistas-sao-presos-arbitrariamente-durante-ato-na-praca-roosvelt-em-sao-paulo\/\"]}]},{\"@type\":\"BreadcrumbList\",\"@id\":\"https:\/\/psol50.org.br\/advogados-ativistas-sao-presos-arbitrariamente-durante-ato-na-praca-roosvelt-em-sao-paulo\/#breadcrumb\",\"itemListElement\":[{\"@type\":\"ListItem\",\"position\":1,\"name\":\"In\u00edcio\",\"item\":\"https:\/\/psol50.org.br\/\"},{\"@type\":\"ListItem\",\"position\":2,\"name\":\"Advogados ativistas s\u00e3o presos arbitrariamente durante ato na Pra\u00e7a Roosvelt, em S\u00e3o Paulo\"}]},{\"@type\":\"WebSite\",\"@id\":\"https:\/\/psol50.org.br\/#website\",\"url\":\"https:\/\/psol50.org.br\/\",\"name\":\"PSOL 50\",\"description\":\"Site oficial do Partido Socialismo e Liberdade\",\"publisher\":{\"@id\":\"https:\/\/psol50.org.br\/#organization\"},\"alternateName\":\"PSOL50\",\"potentialAction\":[{\"@type\":\"SearchAction\",\"target\":{\"@type\":\"EntryPoint\",\"urlTemplate\":\"https:\/\/psol50.org.br\/?s={search_term_string}\"},\"query-input\":{\"@type\":\"PropertyValueSpecification\",\"valueRequired\":true,\"valueName\":\"search_term_string\"}}],\"inLanguage\":\"pt-BR\"},{\"@type\":\"Organization\",\"@id\":\"https:\/\/psol50.org.br\/#organization\",\"name\":\"PSOL 50\",\"alternateName\":\"PSOL 50\",\"url\":\"https:\/\/psol50.org.br\/\",\"logo\":{\"@type\":\"ImageObject\",\"inLanguage\":\"pt-BR\",\"@id\":\"https:\/\/psol50.org.br\/#\/schema\/logo\/image\/\",\"url\":\"https:\/\/psol50.org.br\/inc\/uploads\/2018\/07\/capa.png\",\"contentUrl\":\"https:\/\/psol50.org.br\/inc\/uploads\/2018\/07\/capa.png\",\"width\":1350,\"height\":900,\"caption\":\"PSOL 50\"},\"image\":{\"@id\":\"https:\/\/psol50.org.br\/#\/schema\/logo\/image\/\"},\"sameAs\":[\"https:\/\/www.facebook.com\/psol50\",\"https:\/\/x.com\/psol50\",\"https:\/\/www.instagram.com\/psol50\/\",\"https:\/\/www.youtube.com\/channel\/UC7SnJS5o1os7a6CaiNabzcg\"]},{\"@type\":\"Person\",\"@id\":\"https:\/\/psol50.org.br\/#\/schema\/person\/475dfa57d0b815993c714c2e96491fcd\",\"name\":\"Comunica\u00e7\u00e3o PSOL\",\"image\":{\"@type\":\"ImageObject\",\"inLanguage\":\"pt-BR\",\"@id\":\"https:\/\/psol50.org.br\/#\/schema\/person\/image\/\",\"url\":\"https:\/\/secure.gravatar.com\/avatar\/b34fc4f4e468a4e51785917065a3db57b841f5c95dba6ad8c73aaf8f66f8f9bf?s=96&d=mm&r=g\",\"contentUrl\":\"https:\/\/secure.gravatar.com\/avatar\/b34fc4f4e468a4e51785917065a3db57b841f5c95dba6ad8c73aaf8f66f8f9bf?s=96&d=mm&r=g\",\"caption\":\"Comunica\u00e7\u00e3o PSOL\"}}]}<\/script>\n<!-- \/ Yoast SEO plugin. -->","yoast_head_json":{"title":"Advogados ativistas s\u00e3o presos arbitrariamente durante ato na Pra\u00e7a Roosvelt, em S\u00e3o Paulo - PSOL 50","robots":{"index":"index","follow":"follow","max-snippet":"max-snippet:-1","max-image-preview":"max-image-preview:large","max-video-preview":"max-video-preview:-1"},"canonical":"https:\/\/psol50.org.br\/advogados-ativistas-sao-presos-arbitrariamente-durante-ato-na-praca-roosvelt-em-sao-paulo\/","og_locale":"pt_BR","og_type":"article","og_title":"Advogados ativistas s\u00e3o presos arbitrariamente durante ato na Pra\u00e7a Roosvelt, em S\u00e3o Paulo - PSOL 50","og_description":"O mandato do deputado Ivan Valente repudia a falta de preparo da Policia Militar de S\u00e3o Paulo e a viol\u00eancia contra manifestantes, ativistas e profissionais de imprensa","og_url":"https:\/\/psol50.org.br\/advogados-ativistas-sao-presos-arbitrariamente-durante-ato-na-praca-roosvelt-em-sao-paulo\/","og_site_name":"PSOL 50","article_publisher":"https:\/\/www.facebook.com\/psol50","article_published_time":"2014-07-02T16:20:30+00:00","og_image":[{"width":1350,"height":900,"url":"https:\/\/psol50.org.br\/inc\/uploads\/2018\/07\/capa.png","type":"image\/png"}],"author":"Comunica\u00e7\u00e3o PSOL","twitter_card":"summary_large_image","twitter_creator":"@psol50","twitter_site":"@psol50","twitter_misc":{"Escrito por":"Comunica\u00e7\u00e3o PSOL","Est. tempo de leitura":"1 minuto"},"schema":{"@context":"https:\/\/schema.org","@graph":[{"@type":"Article","@id":"https:\/\/psol50.org.br\/advogados-ativistas-sao-presos-arbitrariamente-durante-ato-na-praca-roosvelt-em-sao-paulo\/#article","isPartOf":{"@id":"https:\/\/psol50.org.br\/advogados-ativistas-sao-presos-arbitrariamente-durante-ato-na-praca-roosvelt-em-sao-paulo\/"},"author":{"name":"Comunica\u00e7\u00e3o PSOL","@id":"https:\/\/psol50.org.br\/#\/schema\/person\/475dfa57d0b815993c714c2e96491fcd"},"headline":"Advogados ativistas s\u00e3o presos arbitrariamente durante ato na Pra\u00e7a Roosvelt, em S\u00e3o Paulo","datePublished":"2014-07-02T16:20:30+00:00","mainEntityOfPage":{"@id":"https:\/\/psol50.org.br\/advogados-ativistas-sao-presos-arbitrariamente-durante-ato-na-praca-roosvelt-em-sao-paulo\/"},"wordCount":288,"commentCount":0,"publisher":{"@id":"https:\/\/psol50.org.br\/#organization"},"articleSection":["Arquivo","Not\u00edcias"],"inLanguage":"pt-BR","potentialAction":[{"@type":"CommentAction","name":"Comment","target":["https:\/\/psol50.org.br\/advogados-ativistas-sao-presos-arbitrariamente-durante-ato-na-praca-roosvelt-em-sao-paulo\/#respond"]}]},{"@type":"WebPage","@id":"https:\/\/psol50.org.br\/advogados-ativistas-sao-presos-arbitrariamente-durante-ato-na-praca-roosvelt-em-sao-paulo\/","url":"https:\/\/psol50.org.br\/advogados-ativistas-sao-presos-arbitrariamente-durante-ato-na-praca-roosvelt-em-sao-paulo\/","name":"Advogados ativistas s\u00e3o presos arbitrariamente durante ato na Pra\u00e7a Roosvelt, em S\u00e3o Paulo - PSOL 50","isPartOf":{"@id":"https:\/\/psol50.org.br\/#website"},"datePublished":"2014-07-02T16:20:30+00:00","breadcrumb":{"@id":"https:\/\/psol50.org.br\/advogados-ativistas-sao-presos-arbitrariamente-durante-ato-na-praca-roosvelt-em-sao-paulo\/#breadcrumb"},"inLanguage":"pt-BR","potentialAction":[{"@type":"ReadAction","target":["https:\/\/psol50.org.br\/advogados-ativistas-sao-presos-arbitrariamente-durante-ato-na-praca-roosvelt-em-sao-paulo\/"]}]},{"@type":"BreadcrumbList","@id":"https:\/\/psol50.org.br\/advogados-ativistas-sao-presos-arbitrariamente-durante-ato-na-praca-roosvelt-em-sao-paulo\/#breadcrumb","itemListElement":[{"@type":"ListItem","position":1,"name":"In\u00edcio","item":"https:\/\/psol50.org.br\/"},{"@type":"ListItem","position":2,"name":"Advogados ativistas s\u00e3o presos arbitrariamente durante ato na Pra\u00e7a Roosvelt, em S\u00e3o Paulo"}]},{"@type":"WebSite","@id":"https:\/\/psol50.org.br\/#website","url":"https:\/\/psol50.org.br\/","name":"PSOL 50","description":"Site oficial do Partido Socialismo e Liberdade","publisher":{"@id":"https:\/\/psol50.org.br\/#organization"},"alternateName":"PSOL50","potentialAction":[{"@type":"SearchAction","target":{"@type":"EntryPoint","urlTemplate":"https:\/\/psol50.org.br\/?s={search_term_string}"},"query-input":{"@type":"PropertyValueSpecification","valueRequired":true,"valueName":"search_term_string"}}],"inLanguage":"pt-BR"},{"@type":"Organization","@id":"https:\/\/psol50.org.br\/#organization","name":"PSOL 50","alternateName":"PSOL 50","url":"https:\/\/psol50.org.br\/","logo":{"@type":"ImageObject","inLanguage":"pt-BR","@id":"https:\/\/psol50.org.br\/#\/schema\/logo\/image\/","url":"https:\/\/psol50.org.br\/inc\/uploads\/2018\/07\/capa.png","contentUrl":"https:\/\/psol50.org.br\/inc\/uploads\/2018\/07\/capa.png","width":1350,"height":900,"caption":"PSOL 50"},"image":{"@id":"https:\/\/psol50.org.br\/#\/schema\/logo\/image\/"},"sameAs":["https:\/\/www.facebook.com\/psol50","https:\/\/x.com\/psol50","https:\/\/www.instagram.com\/psol50\/","https:\/\/www.youtube.com\/channel\/UC7SnJS5o1os7a6CaiNabzcg"]},{"@type":"Person","@id":"https:\/\/psol50.org.br\/#\/schema\/person\/475dfa57d0b815993c714c2e96491fcd","name":"Comunica\u00e7\u00e3o PSOL","image":{"@type":"ImageObject","inLanguage":"pt-BR","@id":"https:\/\/psol50.org.br\/#\/schema\/person\/image\/","url":"https:\/\/secure.gravatar.com\/avatar\/b34fc4f4e468a4e51785917065a3db57b841f5c95dba6ad8c73aaf8f66f8f9bf?s=96&d=mm&r=g","contentUrl":"https:\/\/secure.gravatar.com\/avatar\/b34fc4f4e468a4e51785917065a3db57b841f5c95dba6ad8c73aaf8f66f8f9bf?s=96&d=mm&r=g","caption":"Comunica\u00e7\u00e3o PSOL"}}]}},"_links":{"self":[{"href":"https:\/\/psol50.org.br\/rest\/wp\/v2\/posts\/2833","targetHints":{"allow":["GET"]}}],"collection":[{"href":"https:\/\/psol50.org.br\/rest\/wp\/v2\/posts"}],"about":[{"href":"https:\/\/psol50.org.br\/rest\/wp\/v2\/types\/post"}],"author":[{"embeddable":true,"href":"https:\/\/psol50.org.br\/rest\/wp\/v2\/users\/2"}],"replies":[{"embeddable":true,"href":"https:\/\/psol50.org.br\/rest\/wp\/v2\/comments?post=2833"}],"version-history":[{"count":0,"href":"https:\/\/psol50.org.br\/rest\/wp\/v2\/posts\/2833\/revisions"}],"wp:attachment":[{"href":"https:\/\/psol50.org.br\/rest\/wp\/v2\/media?parent=2833"}],"wp:term":[{"taxonomy":"category","embeddable":true,"href":"https:\/\/psol50.org.br\/rest\/wp\/v2\/categories?post=2833"},{"taxonomy":"post_tag","embeddable":true,"href":"https:\/\/psol50.org.br\/rest\/wp\/v2\/tags?post=2833"}],"curies":[{"name":"wp","href":"https:\/\/api.w.org\/{rel}","templated":true}]}}