{"id":2834,"date":"2014-07-02T00:00:00","date_gmt":"2014-07-02T17:09:01","guid":{"rendered":"http:\/\/psol50.org.br\/arquivo\/2014\/07\/02\/psol-registra-no-tse-candidatura-de-luciana-genro-e-jorge-paz\/"},"modified":"2014-07-02T00:00:00","modified_gmt":"2014-07-02T17:09:01","slug":"psol-registra-no-tse-candidatura-de-luciana-genro-e-jorge-paz","status":"publish","type":"post","link":"https:\/\/psol50.org.br\/psol-registra-no-tse-candidatura-de-luciana-genro-e-jorge-paz\/","title":{"rendered":"PSOL registra, no TSE, candidatura de Luciana Genro e Jorge Paz"},"content":{"rendered":"<p style=\"text-align: justify;\">\n\t<span style=\"font-family:arial,helvetica,sans-serif;\"><span style=\"font-size: 12px;\">O PSOL oficializou hoje, junto \u00e0 Justi\u00e7a Eleitoral, a corrida ao Pal\u00e1cio do Planalto. O presidente nacional do partido, Luiz Ara\u00fajo, e a integrante da Executiva Nacional, Mariana Riscali, registraram, na tarde desta quarta-feira (02), no Tribunal Superior Eleitoral (TSE), a candidatura de Luciana Genro \u00e0 Presid\u00eancia da Rep\u00fablica. Tamb\u00e9m foi registrado o nome do candidato a vice-presidente pelo PSOL, o professor da rede estadual de S\u00e3o Paulo e dirigente da Apeoesp (Sindicato dos Professores do Estado de S\u00e3o Paulo), Jorge Paz.<br \/>\n\t&nbsp;<br \/>\n\tSeguindo o prazo estabelecido pela Justi\u00e7a Eleitoral, os dirigentes do partido entregaram todos os documentos necess\u00e1rios para a homologa\u00e7\u00e3o das candidaturas. Agora, o PSOL aguardar\u00e1 o deferimento do registro pelo TSE.<br \/>\n\t&nbsp;<br \/>\n\tDe acordo com o calend\u00e1rio definido pelo TSE, a partir do dia 6 de julho, pr\u00f3ximo domingo, os partidos poder\u00e3o iniciar a campanha eleitoral, quando as candidaturas j\u00e1 ter\u00e3o sido homologadas pelo Tribunal.<br \/>\n\t&nbsp;<br \/>\n\t\u201cHoje demos um passo importante rumo \u00e0 nossa participa\u00e7\u00e3o, como alternativa de esquerda socialista, no processo eleitoral de outubro pr\u00f3ximo. Com a nossa chapa homologada, a tarefa seguinte da nossa milit\u00e2ncia ser\u00e1 apresentar ao pa\u00eds, juntamente com Luciana Genro e Jorge Paz, as nossas propostas para transformar, efetivamente, o Brasil\u201d, afirma Luiz Ara\u00fajo.<br \/>\n\t&nbsp;<br \/>\n\tClique <a href=\"http:\/\/www.tse.jus.br\/eleicoes\/eleicoes-2014\/calendario-eleitoral#3_7_2014\">aqui<\/a> e confira, na p\u00e1gina do TSE, o calend\u00e1rio das Elei\u00e7\u00f5es 2014.<\/p>\n<p>\t<span id=\"Texto\"><span id=\"Texto\"><b>Conhe\u00e7a os candidatos <\/b><\/span><span id=\"Texto\"><b><span id=\"Texto\"><span id=\"Texto\">d<\/span><\/span><\/b><\/span><span id=\"Texto\"><b><span id=\"Texto\"><span id=\"Texto\"><b>o PSOL<\/b><\/span><\/span> ao Pal\u00e1cio do Planalto <\/b><\/p>\n<p>\t<b>Luciana Genro<\/b><br \/>\n\tLuciana Krebs Genro<br \/>\n\tData de Nascimento: 17\/01\/1971<br \/>\n\tCidade Natal: Santa Maria\/RS<\/p>\n<p>\tLuciana Genro \u00e9 professora e advogada. Preside a Funda\u00e7\u00e3o Lauro Campos, a funda\u00e7\u00e3o de estudos pol\u00edticos do PSOL, e comp\u00f5e a Executiva Nacional do Partido. Coordena o cursinho popular pr\u00e9-vestibular Emancipa, em Porto Alegre\/RS. \u00c9 estudante de Mestrado em Direito na Universidade de S\u00e3o Paulo.<\/p>\n<p>\tLuciana Genro come\u00e7ou sua milit\u00e2ncia aos 14 anos, no movimento estudantil, em Porto Alegre. Em 1994, aos 23 anos foi eleita deputada estadual pelo PT pela primeira vez, sendo reeleita em 1998.<\/p>\n<p>\tEm 2002, foi eleita deputada federal, ano que Lula foi eleito presidente da Rep\u00fablica. Cr\u00edtica ao governo petista desde a composi\u00e7\u00e3o da base aliada e dos minist\u00e9rios, Luciana Genro foi expulsa do PT, em dezembro de 2003, por ter votado contra a Reforma da Previd\u00eancia do governo Lula, em coer\u00eancia com as bandeiras de defesa dos trabalhadores. Neste momento, tornou-se uma lideran\u00e7a da esquerda brasileira nacionalmente conhecida.<\/p>\n<p>\tParticipou ativamente do processo de constru\u00e7\u00e3o e da coleta das 500 mil assinaturas que legalizaram o PSOL em setembro de 2005.<\/p>\n<p>\tReeleita deputada federal pelo PSOL-RS em 2006 com mais de 180 mil votos. Em 2008, disputou a prefeitura de Porto Alegre, obtendo 10% dos votos v\u00e1lidos.<\/p>\n<p>\tAos 43 anos, Luciana Genro \u00e9 a candidata do PSOL \u00e0 Presid\u00eancia da Rep\u00fablica em 2014 com uma plataforma pol\u00edtica conectada com as reivindica\u00e7\u00f5es populares das jornadas de junho de 2013, na perspectiva da amplia\u00e7\u00e3o dos direitos sociais e combatendo os mecanismos institucionais que impedem a realiza\u00e7\u00e3o das demandas das ruas.<\/p>\n<p>\t<b>Jorge Paz<\/b><br \/>\n\tJorge Paz tem de 65 anos, pai de 4 filhos e natural do estado de S\u00e3o Paulo. \u00c9 militante pol\u00edtico h\u00e1 40 anos. Foi perseguido pela ditadura, tendo atuado na clandestinidade de 1977 a 1982. \u00c9 professor da rede estadual de S\u00e3o Paulo.<\/p>\n<p>\tFoi fundador do PT e da CUT, \u00e9 membro da Intersindical e da Executiva da Apeoesp, o sindicato dos professores do estado de SP. \u00c9 integrante do Diret\u00f3rio Estadual do PSOL-SP.<\/p>\n<p>\tAssessor do primeiro mandato de Ivan Valente como deputado estadual em S\u00e3o Paulo, em 1986.<\/p>\n<p>\tEm 2012, foi candidato a prefeito pelo PSOL em Mogi das Cruzes-SP.<\/span><\/span><\/p>\n<p>\t<span id=\"Texto\">Cliquei <a href=\"http:\/\/www.psol50.org.br\/\/Store\/Arquivos\/DIRETRIZES%20PROGRAMA%20DE%20GOVERNO%202014.pdf\">aqui<\/a> para acessar as diretrizes do programa de governo, aprovado na Conven\u00e7\u00e3o Nacional do PSOL e registrado no TSE juntamente com a chapa \u00e0 Presid\u00eancia da Rep\u00fablica.<\/span><\/span><\/span><\/p>\n<p>\n\t&nbsp;<\/p>\n","protected":false},"excerpt":{"rendered":"<p>Chapa ainda ser\u00e1 homologada pela Justi\u00e7a Eleitoral<\/p>\n","protected":false},"author":2,"featured_media":0,"comment_status":"open","ping_status":"open","sticky":false,"template":"","format":"standard","meta":{"_acf_changed":false,"footnotes":""},"categories":[4766,4960,6],"tags":[2506,22],"class_list":{"0":"post-2834","1":"post","2":"type-post","3":"status-publish","4":"format-standard","6":"category-arquivo","7":"category-eleicoes-2014","8":"category-noticias","9":"tag-eleicoes-2014","10":"tag-psol"},"acf":[],"yoast_head":"<!-- This site is optimized with the Yoast SEO plugin v26.5 - https:\/\/yoast.com\/wordpress\/plugins\/seo\/ -->\n<title>PSOL registra, no TSE, candidatura de Luciana Genro e Jorge Paz - PSOL 50<\/title>\n<meta name=\"robots\" content=\"index, follow, max-snippet:-1, max-image-preview:large, max-video-preview:-1\" \/>\n<link rel=\"canonical\" href=\"https:\/\/psol50.org.br\/psol-registra-no-tse-candidatura-de-luciana-genro-e-jorge-paz\/\" \/>\n<meta property=\"og:locale\" content=\"pt_BR\" \/>\n<meta property=\"og:type\" content=\"article\" \/>\n<meta property=\"og:title\" content=\"PSOL registra, no TSE, candidatura de Luciana Genro e Jorge Paz - PSOL 50\" \/>\n<meta property=\"og:description\" content=\"Chapa ainda ser\u00e1 homologada pela Justi\u00e7a Eleitoral\" \/>\n<meta property=\"og:url\" content=\"https:\/\/psol50.org.br\/psol-registra-no-tse-candidatura-de-luciana-genro-e-jorge-paz\/\" \/>\n<meta property=\"og:site_name\" content=\"PSOL 50\" \/>\n<meta property=\"article:publisher\" content=\"https:\/\/www.facebook.com\/psol50\" \/>\n<meta property=\"article:published_time\" content=\"2014-07-02T17:09:01+00:00\" \/>\n<meta property=\"og:image\" content=\"https:\/\/psol50.org.br\/inc\/uploads\/2018\/07\/capa.png\" \/>\n\t<meta property=\"og:image:width\" content=\"1350\" \/>\n\t<meta property=\"og:image:height\" content=\"900\" \/>\n\t<meta property=\"og:image:type\" content=\"image\/png\" \/>\n<meta name=\"author\" content=\"Comunica\u00e7\u00e3o PSOL\" \/>\n<meta name=\"twitter:card\" content=\"summary_large_image\" \/>\n<meta name=\"twitter:creator\" content=\"@psol50\" \/>\n<meta name=\"twitter:site\" content=\"@psol50\" \/>\n<meta name=\"twitter:label1\" content=\"Escrito por\" \/>\n\t<meta name=\"twitter:data1\" content=\"Comunica\u00e7\u00e3o PSOL\" \/>\n\t<meta name=\"twitter:label2\" content=\"Est. tempo de leitura\" \/>\n\t<meta name=\"twitter:data2\" content=\"3 minutos\" \/>\n<script type=\"application\/ld+json\" class=\"yoast-schema-graph\">{\"@context\":\"https:\/\/schema.org\",\"@graph\":[{\"@type\":\"Article\",\"@id\":\"https:\/\/psol50.org.br\/psol-registra-no-tse-candidatura-de-luciana-genro-e-jorge-paz\/#article\",\"isPartOf\":{\"@id\":\"https:\/\/psol50.org.br\/psol-registra-no-tse-candidatura-de-luciana-genro-e-jorge-paz\/\"},\"author\":{\"name\":\"Comunica\u00e7\u00e3o PSOL\",\"@id\":\"https:\/\/psol50.org.br\/#\/schema\/person\/475dfa57d0b815993c714c2e96491fcd\"},\"headline\":\"PSOL registra, no TSE, candidatura de Luciana Genro e Jorge Paz\",\"datePublished\":\"2014-07-02T17:09:01+00:00\",\"mainEntityOfPage\":{\"@id\":\"https:\/\/psol50.org.br\/psol-registra-no-tse-candidatura-de-luciana-genro-e-jorge-paz\/\"},\"wordCount\":644,\"commentCount\":0,\"publisher\":{\"@id\":\"https:\/\/psol50.org.br\/#organization\"},\"keywords\":[\"elei\u00e7\u00f5es 2014\",\"PSOL\"],\"articleSection\":[\"Arquivo\",\"ELEI\u00c7\u00d5ES 2014\",\"Not\u00edcias\"],\"inLanguage\":\"pt-BR\",\"potentialAction\":[{\"@type\":\"CommentAction\",\"name\":\"Comment\",\"target\":[\"https:\/\/psol50.org.br\/psol-registra-no-tse-candidatura-de-luciana-genro-e-jorge-paz\/#respond\"]}]},{\"@type\":\"WebPage\",\"@id\":\"https:\/\/psol50.org.br\/psol-registra-no-tse-candidatura-de-luciana-genro-e-jorge-paz\/\",\"url\":\"https:\/\/psol50.org.br\/psol-registra-no-tse-candidatura-de-luciana-genro-e-jorge-paz\/\",\"name\":\"PSOL registra, no TSE, candidatura de Luciana Genro e Jorge Paz - PSOL 50\",\"isPartOf\":{\"@id\":\"https:\/\/psol50.org.br\/#website\"},\"datePublished\":\"2014-07-02T17:09:01+00:00\",\"breadcrumb\":{\"@id\":\"https:\/\/psol50.org.br\/psol-registra-no-tse-candidatura-de-luciana-genro-e-jorge-paz\/#breadcrumb\"},\"inLanguage\":\"pt-BR\",\"potentialAction\":[{\"@type\":\"ReadAction\",\"target\":[\"https:\/\/psol50.org.br\/psol-registra-no-tse-candidatura-de-luciana-genro-e-jorge-paz\/\"]}]},{\"@type\":\"BreadcrumbList\",\"@id\":\"https:\/\/psol50.org.br\/psol-registra-no-tse-candidatura-de-luciana-genro-e-jorge-paz\/#breadcrumb\",\"itemListElement\":[{\"@type\":\"ListItem\",\"position\":1,\"name\":\"In\u00edcio\",\"item\":\"https:\/\/psol50.org.br\/\"},{\"@type\":\"ListItem\",\"position\":2,\"name\":\"PSOL registra, no TSE, candidatura de Luciana Genro e Jorge Paz\"}]},{\"@type\":\"WebSite\",\"@id\":\"https:\/\/psol50.org.br\/#website\",\"url\":\"https:\/\/psol50.org.br\/\",\"name\":\"PSOL 50\",\"description\":\"Site oficial do Partido Socialismo e Liberdade\",\"publisher\":{\"@id\":\"https:\/\/psol50.org.br\/#organization\"},\"alternateName\":\"PSOL50\",\"potentialAction\":[{\"@type\":\"SearchAction\",\"target\":{\"@type\":\"EntryPoint\",\"urlTemplate\":\"https:\/\/psol50.org.br\/?s={search_term_string}\"},\"query-input\":{\"@type\":\"PropertyValueSpecification\",\"valueRequired\":true,\"valueName\":\"search_term_string\"}}],\"inLanguage\":\"pt-BR\"},{\"@type\":\"Organization\",\"@id\":\"https:\/\/psol50.org.br\/#organization\",\"name\":\"PSOL 50\",\"alternateName\":\"PSOL 50\",\"url\":\"https:\/\/psol50.org.br\/\",\"logo\":{\"@type\":\"ImageObject\",\"inLanguage\":\"pt-BR\",\"@id\":\"https:\/\/psol50.org.br\/#\/schema\/logo\/image\/\",\"url\":\"https:\/\/psol50.org.br\/inc\/uploads\/2018\/07\/capa.png\",\"contentUrl\":\"https:\/\/psol50.org.br\/inc\/uploads\/2018\/07\/capa.png\",\"width\":1350,\"height\":900,\"caption\":\"PSOL 50\"},\"image\":{\"@id\":\"https:\/\/psol50.org.br\/#\/schema\/logo\/image\/\"},\"sameAs\":[\"https:\/\/www.facebook.com\/psol50\",\"https:\/\/x.com\/psol50\",\"https:\/\/www.instagram.com\/psol50\/\",\"https:\/\/www.youtube.com\/channel\/UC7SnJS5o1os7a6CaiNabzcg\"]},{\"@type\":\"Person\",\"@id\":\"https:\/\/psol50.org.br\/#\/schema\/person\/475dfa57d0b815993c714c2e96491fcd\",\"name\":\"Comunica\u00e7\u00e3o PSOL\",\"image\":{\"@type\":\"ImageObject\",\"inLanguage\":\"pt-BR\",\"@id\":\"https:\/\/psol50.org.br\/#\/schema\/person\/image\/\",\"url\":\"https:\/\/secure.gravatar.com\/avatar\/b34fc4f4e468a4e51785917065a3db57b841f5c95dba6ad8c73aaf8f66f8f9bf?s=96&d=mm&r=g\",\"contentUrl\":\"https:\/\/secure.gravatar.com\/avatar\/b34fc4f4e468a4e51785917065a3db57b841f5c95dba6ad8c73aaf8f66f8f9bf?s=96&d=mm&r=g\",\"caption\":\"Comunica\u00e7\u00e3o PSOL\"}}]}<\/script>\n<!-- \/ Yoast SEO plugin. -->","yoast_head_json":{"title":"PSOL registra, no TSE, candidatura de Luciana Genro e Jorge Paz - PSOL 50","robots":{"index":"index","follow":"follow","max-snippet":"max-snippet:-1","max-image-preview":"max-image-preview:large","max-video-preview":"max-video-preview:-1"},"canonical":"https:\/\/psol50.org.br\/psol-registra-no-tse-candidatura-de-luciana-genro-e-jorge-paz\/","og_locale":"pt_BR","og_type":"article","og_title":"PSOL registra, no TSE, candidatura de Luciana Genro e Jorge Paz - PSOL 50","og_description":"Chapa ainda ser\u00e1 homologada pela Justi\u00e7a Eleitoral","og_url":"https:\/\/psol50.org.br\/psol-registra-no-tse-candidatura-de-luciana-genro-e-jorge-paz\/","og_site_name":"PSOL 50","article_publisher":"https:\/\/www.facebook.com\/psol50","article_published_time":"2014-07-02T17:09:01+00:00","og_image":[{"width":1350,"height":900,"url":"https:\/\/psol50.org.br\/inc\/uploads\/2018\/07\/capa.png","type":"image\/png"}],"author":"Comunica\u00e7\u00e3o PSOL","twitter_card":"summary_large_image","twitter_creator":"@psol50","twitter_site":"@psol50","twitter_misc":{"Escrito por":"Comunica\u00e7\u00e3o PSOL","Est. tempo de leitura":"3 minutos"},"schema":{"@context":"https:\/\/schema.org","@graph":[{"@type":"Article","@id":"https:\/\/psol50.org.br\/psol-registra-no-tse-candidatura-de-luciana-genro-e-jorge-paz\/#article","isPartOf":{"@id":"https:\/\/psol50.org.br\/psol-registra-no-tse-candidatura-de-luciana-genro-e-jorge-paz\/"},"author":{"name":"Comunica\u00e7\u00e3o PSOL","@id":"https:\/\/psol50.org.br\/#\/schema\/person\/475dfa57d0b815993c714c2e96491fcd"},"headline":"PSOL registra, no TSE, candidatura de Luciana Genro e Jorge Paz","datePublished":"2014-07-02T17:09:01+00:00","mainEntityOfPage":{"@id":"https:\/\/psol50.org.br\/psol-registra-no-tse-candidatura-de-luciana-genro-e-jorge-paz\/"},"wordCount":644,"commentCount":0,"publisher":{"@id":"https:\/\/psol50.org.br\/#organization"},"keywords":["elei\u00e7\u00f5es 2014","PSOL"],"articleSection":["Arquivo","ELEI\u00c7\u00d5ES 2014","Not\u00edcias"],"inLanguage":"pt-BR","potentialAction":[{"@type":"CommentAction","name":"Comment","target":["https:\/\/psol50.org.br\/psol-registra-no-tse-candidatura-de-luciana-genro-e-jorge-paz\/#respond"]}]},{"@type":"WebPage","@id":"https:\/\/psol50.org.br\/psol-registra-no-tse-candidatura-de-luciana-genro-e-jorge-paz\/","url":"https:\/\/psol50.org.br\/psol-registra-no-tse-candidatura-de-luciana-genro-e-jorge-paz\/","name":"PSOL registra, no TSE, candidatura de Luciana Genro e Jorge Paz - PSOL 50","isPartOf":{"@id":"https:\/\/psol50.org.br\/#website"},"datePublished":"2014-07-02T17:09:01+00:00","breadcrumb":{"@id":"https:\/\/psol50.org.br\/psol-registra-no-tse-candidatura-de-luciana-genro-e-jorge-paz\/#breadcrumb"},"inLanguage":"pt-BR","potentialAction":[{"@type":"ReadAction","target":["https:\/\/psol50.org.br\/psol-registra-no-tse-candidatura-de-luciana-genro-e-jorge-paz\/"]}]},{"@type":"BreadcrumbList","@id":"https:\/\/psol50.org.br\/psol-registra-no-tse-candidatura-de-luciana-genro-e-jorge-paz\/#breadcrumb","itemListElement":[{"@type":"ListItem","position":1,"name":"In\u00edcio","item":"https:\/\/psol50.org.br\/"},{"@type":"ListItem","position":2,"name":"PSOL registra, no TSE, candidatura de Luciana Genro e Jorge Paz"}]},{"@type":"WebSite","@id":"https:\/\/psol50.org.br\/#website","url":"https:\/\/psol50.org.br\/","name":"PSOL 50","description":"Site oficial do Partido Socialismo e Liberdade","publisher":{"@id":"https:\/\/psol50.org.br\/#organization"},"alternateName":"PSOL50","potentialAction":[{"@type":"SearchAction","target":{"@type":"EntryPoint","urlTemplate":"https:\/\/psol50.org.br\/?s={search_term_string}"},"query-input":{"@type":"PropertyValueSpecification","valueRequired":true,"valueName":"search_term_string"}}],"inLanguage":"pt-BR"},{"@type":"Organization","@id":"https:\/\/psol50.org.br\/#organization","name":"PSOL 50","alternateName":"PSOL 50","url":"https:\/\/psol50.org.br\/","logo":{"@type":"ImageObject","inLanguage":"pt-BR","@id":"https:\/\/psol50.org.br\/#\/schema\/logo\/image\/","url":"https:\/\/psol50.org.br\/inc\/uploads\/2018\/07\/capa.png","contentUrl":"https:\/\/psol50.org.br\/inc\/uploads\/2018\/07\/capa.png","width":1350,"height":900,"caption":"PSOL 50"},"image":{"@id":"https:\/\/psol50.org.br\/#\/schema\/logo\/image\/"},"sameAs":["https:\/\/www.facebook.com\/psol50","https:\/\/x.com\/psol50","https:\/\/www.instagram.com\/psol50\/","https:\/\/www.youtube.com\/channel\/UC7SnJS5o1os7a6CaiNabzcg"]},{"@type":"Person","@id":"https:\/\/psol50.org.br\/#\/schema\/person\/475dfa57d0b815993c714c2e96491fcd","name":"Comunica\u00e7\u00e3o PSOL","image":{"@type":"ImageObject","inLanguage":"pt-BR","@id":"https:\/\/psol50.org.br\/#\/schema\/person\/image\/","url":"https:\/\/secure.gravatar.com\/avatar\/b34fc4f4e468a4e51785917065a3db57b841f5c95dba6ad8c73aaf8f66f8f9bf?s=96&d=mm&r=g","contentUrl":"https:\/\/secure.gravatar.com\/avatar\/b34fc4f4e468a4e51785917065a3db57b841f5c95dba6ad8c73aaf8f66f8f9bf?s=96&d=mm&r=g","caption":"Comunica\u00e7\u00e3o PSOL"}}]}},"_links":{"self":[{"href":"https:\/\/psol50.org.br\/rest\/wp\/v2\/posts\/2834","targetHints":{"allow":["GET"]}}],"collection":[{"href":"https:\/\/psol50.org.br\/rest\/wp\/v2\/posts"}],"about":[{"href":"https:\/\/psol50.org.br\/rest\/wp\/v2\/types\/post"}],"author":[{"embeddable":true,"href":"https:\/\/psol50.org.br\/rest\/wp\/v2\/users\/2"}],"replies":[{"embeddable":true,"href":"https:\/\/psol50.org.br\/rest\/wp\/v2\/comments?post=2834"}],"version-history":[{"count":0,"href":"https:\/\/psol50.org.br\/rest\/wp\/v2\/posts\/2834\/revisions"}],"wp:attachment":[{"href":"https:\/\/psol50.org.br\/rest\/wp\/v2\/media?parent=2834"}],"wp:term":[{"taxonomy":"category","embeddable":true,"href":"https:\/\/psol50.org.br\/rest\/wp\/v2\/categories?post=2834"},{"taxonomy":"post_tag","embeddable":true,"href":"https:\/\/psol50.org.br\/rest\/wp\/v2\/tags?post=2834"}],"curies":[{"name":"wp","href":"https:\/\/api.w.org\/{rel}","templated":true}]}}