{"id":28343,"date":"2020-04-16T20:03:02","date_gmt":"2020-04-16T23:03:02","guid":{"rendered":"https:\/\/psol50.org.br\/?p=28343"},"modified":"2020-04-16T20:03:02","modified_gmt":"2020-04-16T23:03:02","slug":"psol-pede-convocacao-de-novo-ministro-da-saude-para-que-ele-apresente-plano-de-trabalho-contra-a-pandemia","status":"publish","type":"post","link":"https:\/\/psol50.org.br\/psol-pede-convocacao-de-novo-ministro-da-saude-para-que-ele-apresente-plano-de-trabalho-contra-a-pandemia\/","title":{"rendered":"PSOL pede convoca\u00e7\u00e3o de novo ministro da Sa\u00fade para que ele apresente plano de trabalho contra a pandemia"},"content":{"rendered":"<p><a href=\"https:\/\/psol50.org.br\/coronavirus\/\" target=\"_blank\" rel=\"noopener noreferrer\"><img loading=\"lazy\" decoding=\"async\" class=\"alignnone size-full wp-image-27838\" src=\"https:\/\/psol50.org.br\/inc\/uploads\/2020\/03\/Banner-Site_3.png\" alt=\"\" width=\"1240\" height=\"331\" srcset=\"https:\/\/psol50.org.br\/inc\/uploads\/2020\/03\/Banner-Site_3.png 1240w, https:\/\/psol50.org.br\/inc\/uploads\/2020\/03\/Banner-Site_3-300x80.png 300w, https:\/\/psol50.org.br\/inc\/uploads\/2020\/03\/Banner-Site_3-1024x273.png 1024w, https:\/\/psol50.org.br\/inc\/uploads\/2020\/03\/Banner-Site_3-768x205.png 768w, https:\/\/psol50.org.br\/inc\/uploads\/2020\/03\/Banner-Site_3-150x40.png 150w, https:\/\/psol50.org.br\/inc\/uploads\/2020\/03\/Banner-Site_3-696x186.png 696w, https:\/\/psol50.org.br\/inc\/uploads\/2020\/03\/Banner-Site_3-1068x285.png 1068w\" sizes=\"auto, (max-width: 1240px) 100vw, 1240px\" \/><\/a><\/p>\n<p>A bancada do PSOL na C\u00e2mara dos Deputados reagiu rapidamente \u00e0 decis\u00e3o do presidente Jair Bolsonaro de demitir Luiz Henrique Mandetta do Minist\u00e9rio da Sa\u00fade e chamar para seu lugar o oncologista Nelson Teich. O partido apresentou, nesta quinta-feira (16), um <strong><a href=\"https:\/\/psol50.org.br\/inc\/uploads\/2020\/04\/Convocacao-Ministro-da-sa\u00fade-convertido.pdf\" target=\"_blank\" rel=\"noopener noreferrer\">pedido de convoca\u00e7\u00e3o do novo ministro ao plen\u00e1rio da C\u00e2mara<\/a><\/strong> para que ele apresente, atrav\u00e9s de videoconfer\u00eancia, seu plano de trabalho no combate \u00e0 pandemia do novo coronav\u00edrus.<\/p>\n<p>Ap\u00f3s intensa queda de bra\u00e7o entre Bolsonaro e Mandetta sobre seguir ou n\u00e3o as recomenda\u00e7\u00f5es da OMS de isolamento social para evitar a propaga\u00e7\u00e3o do coronav\u00edrus, o presidente anunciou a demiss\u00e3o do ent\u00e3o ministro na tarde da quinta-feira (16). At\u00e9 este dia, no Brasil j\u00e1 s\u00e3o mais de 30 mil casos e 1.900 mortes por causa do novo coronav\u00edrus.<\/p>\n<p>Em entrevista coletiva para anunciar Nelson Teich como o novo ministro da \u00e1rea, Jair Bolsonaro voltou a defender a flexibiliza\u00e7\u00e3o do isolamento social e deu a entender que as mudan\u00e7as no minist\u00e9rio ocorreram para caminhar nesta dire\u00e7\u00e3o, que pode acarretar em uma trag\u00e9dia social sem precedentes no Brasil.<\/p>\n<p>&#8220;Como \u00e9 n\u00edtido, sem amparo em medidas cient\u00edficas e contrariando autoridades sanit\u00e1rias nacionais e internacionais, na linha do Presidente, uma poss\u00edvel gest\u00e3o frente ao Minist\u00e9rio da Sa\u00fade que desrespeite \u00e0s orienta\u00e7\u00f5es das autoridades sanit\u00e1rias pode levar a uma trag\u00e9dia sem precedentes no nosso pa\u00eds&#8221;, afirmam os deputados do PSOL no pedido de convoca\u00e7\u00e3o.<\/p>\n","protected":false},"excerpt":{"rendered":"<p>A bancada do PSOL na C\u00e2mara dos Deputados reagiu rapidamente \u00e0 decis\u00e3o do presidente Jair Bolsonaro de demitir Luiz Henrique Mandetta do Minist\u00e9rio da Sa\u00fade e chamar para seu lugar o oncologista Nelson Teich. O partido apresentou, nesta quinta-feira (16), um pedido de convoca\u00e7\u00e3o do novo ministro ao plen\u00e1rio da C\u00e2mara para que ele apresente, [&hellip;]<\/p>\n","protected":false},"author":2,"featured_media":28347,"comment_status":"closed","ping_status":"open","sticky":false,"template":"","format":"standard","meta":{"_acf_changed":false,"footnotes":""},"categories":[10,6],"tags":[163,212,171,371,540,494,172,541,367,22,366,173],"class_list":{"0":"post-28343","1":"post","2":"type-post","3":"status-publish","4":"format-standard","5":"has-post-thumbnail","7":"category-acao-parlamentares","8":"category-noticias","9":"tag-camara","10":"tag-convocacao","11":"tag-coronavirus","12":"tag-covid-19","13":"tag-isolamento-social","14":"tag-mandetta","15":"tag-ministerio","16":"tag-nelson-teich","17":"tag-pandemia","18":"tag-psol","19":"tag-psolcontraocoronavirus","20":"tag-saude"},"acf":[],"yoast_head":"<!-- This site is optimized with the Yoast SEO plugin v26.5 - https:\/\/yoast.com\/wordpress\/plugins\/seo\/ -->\n<title>PSOL pede convoca\u00e7\u00e3o de novo ministro da Sa\u00fade para que ele apresente plano de trabalho contra a pandemia<\/title>\n<meta name=\"description\" content=\"Em entrevista coletiva para anunciar Nelson Teich como o novo ministro da \u00e1rea, Jair Bolsonaro voltou a defender a flexibiliza\u00e7\u00e3o do isolamento social.\" \/>\n<meta name=\"robots\" content=\"index, follow, max-snippet:-1, max-image-preview:large, max-video-preview:-1\" \/>\n<link rel=\"canonical\" href=\"https:\/\/psol50.org.br\/psol-pede-convocacao-de-novo-ministro-da-saude-para-que-ele-apresente-plano-de-trabalho-contra-a-pandemia\/\" \/>\n<meta property=\"og:locale\" content=\"pt_BR\" \/>\n<meta property=\"og:type\" content=\"article\" \/>\n<meta property=\"og:title\" content=\"PSOL pede convoca\u00e7\u00e3o de novo ministro da Sa\u00fade para que ele apresente plano de trabalho contra a pandemia\" \/>\n<meta property=\"og:description\" content=\"Em entrevista coletiva para anunciar Nelson Teich como o novo ministro da \u00e1rea, Jair Bolsonaro voltou a defender a flexibiliza\u00e7\u00e3o do isolamento social.\" \/>\n<meta property=\"og:url\" content=\"https:\/\/psol50.org.br\/psol-pede-convocacao-de-novo-ministro-da-saude-para-que-ele-apresente-plano-de-trabalho-contra-a-pandemia\/\" \/>\n<meta property=\"og:site_name\" content=\"PSOL 50\" \/>\n<meta property=\"article:publisher\" content=\"https:\/\/www.facebook.com\/psol50\" \/>\n<meta property=\"article:published_time\" content=\"2020-04-16T23:03:02+00:00\" \/>\n<meta property=\"og:image\" content=\"https:\/\/psol50.org.br\/inc\/uploads\/2020\/04\/bolsonaro_nelson_teich.jpg\" \/>\n\t<meta property=\"og:image:width\" content=\"680\" \/>\n\t<meta property=\"og:image:height\" content=\"453\" \/>\n\t<meta property=\"og:image:type\" content=\"image\/jpeg\" \/>\n<meta name=\"author\" content=\"Comunica\u00e7\u00e3o PSOL\" \/>\n<meta name=\"twitter:card\" content=\"summary_large_image\" \/>\n<meta name=\"twitter:title\" content=\"PSOL pede convoca\u00e7\u00e3o de novo ministro da Sa\u00fade para que ele apresente plano de trabalho contra a pandemia\" \/>\n<meta name=\"twitter:description\" content=\"Em entrevista coletiva para anunciar Nelson Teich como o novo ministro da \u00e1rea, Jair Bolsonaro voltou a defender a flexibiliza\u00e7\u00e3o do isolamento social.\" \/>\n<meta name=\"twitter:image\" content=\"https:\/\/psol50.org.br\/inc\/uploads\/2020\/04\/bolsonaro_nelson_teich.jpg\" \/>\n<meta name=\"twitter:creator\" content=\"@psol50\" \/>\n<meta name=\"twitter:site\" content=\"@psol50\" \/>\n<meta name=\"twitter:label1\" content=\"Escrito por\" \/>\n\t<meta name=\"twitter:data1\" content=\"Comunica\u00e7\u00e3o PSOL\" \/>\n\t<meta name=\"twitter:label2\" content=\"Est. tempo de leitura\" \/>\n\t<meta name=\"twitter:data2\" content=\"1 minuto\" \/>\n<script type=\"application\/ld+json\" class=\"yoast-schema-graph\">{\"@context\":\"https:\/\/schema.org\",\"@graph\":[{\"@type\":\"Article\",\"@id\":\"https:\/\/psol50.org.br\/psol-pede-convocacao-de-novo-ministro-da-saude-para-que-ele-apresente-plano-de-trabalho-contra-a-pandemia\/#article\",\"isPartOf\":{\"@id\":\"https:\/\/psol50.org.br\/psol-pede-convocacao-de-novo-ministro-da-saude-para-que-ele-apresente-plano-de-trabalho-contra-a-pandemia\/\"},\"author\":{\"name\":\"Comunica\u00e7\u00e3o PSOL\",\"@id\":\"https:\/\/psol50.org.br\/#\/schema\/person\/475dfa57d0b815993c714c2e96491fcd\"},\"headline\":\"PSOL pede convoca\u00e7\u00e3o de novo ministro da Sa\u00fade para que ele apresente plano de trabalho contra a pandemia\",\"datePublished\":\"2020-04-16T23:03:02+00:00\",\"mainEntityOfPage\":{\"@id\":\"https:\/\/psol50.org.br\/psol-pede-convocacao-de-novo-ministro-da-saude-para-que-ele-apresente-plano-de-trabalho-contra-a-pandemia\/\"},\"wordCount\":279,\"publisher\":{\"@id\":\"https:\/\/psol50.org.br\/#organization\"},\"image\":{\"@id\":\"https:\/\/psol50.org.br\/psol-pede-convocacao-de-novo-ministro-da-saude-para-que-ele-apresente-plano-de-trabalho-contra-a-pandemia\/#primaryimage\"},\"thumbnailUrl\":\"https:\/\/psol50.org.br\/inc\/uploads\/2020\/04\/bolsonaro_nelson_teich.jpg\",\"keywords\":[\"c\u00e2mara\",\"convoca\u00e7\u00e3o\",\"coronav\u00edrus\",\"covid-19\",\"isolamento social\",\"mandetta\",\"minist\u00e9rio\",\"nelson teich\",\"pandemia\",\"PSOL\",\"psolcontraocoronavirus\",\"sa\u00fade\"],\"articleSection\":[\"A\u00e7\u00e3o Parlamentar\",\"Not\u00edcias\"],\"inLanguage\":\"pt-BR\"},{\"@type\":\"WebPage\",\"@id\":\"https:\/\/psol50.org.br\/psol-pede-convocacao-de-novo-ministro-da-saude-para-que-ele-apresente-plano-de-trabalho-contra-a-pandemia\/\",\"url\":\"https:\/\/psol50.org.br\/psol-pede-convocacao-de-novo-ministro-da-saude-para-que-ele-apresente-plano-de-trabalho-contra-a-pandemia\/\",\"name\":\"PSOL pede convoca\u00e7\u00e3o de novo ministro da Sa\u00fade para que ele apresente plano de trabalho contra a pandemia\",\"isPartOf\":{\"@id\":\"https:\/\/psol50.org.br\/#website\"},\"primaryImageOfPage\":{\"@id\":\"https:\/\/psol50.org.br\/psol-pede-convocacao-de-novo-ministro-da-saude-para-que-ele-apresente-plano-de-trabalho-contra-a-pandemia\/#primaryimage\"},\"image\":{\"@id\":\"https:\/\/psol50.org.br\/psol-pede-convocacao-de-novo-ministro-da-saude-para-que-ele-apresente-plano-de-trabalho-contra-a-pandemia\/#primaryimage\"},\"thumbnailUrl\":\"https:\/\/psol50.org.br\/inc\/uploads\/2020\/04\/bolsonaro_nelson_teich.jpg\",\"datePublished\":\"2020-04-16T23:03:02+00:00\",\"description\":\"Em entrevista coletiva para anunciar Nelson Teich como o novo ministro da \u00e1rea, Jair Bolsonaro voltou a defender a flexibiliza\u00e7\u00e3o do isolamento social.\",\"breadcrumb\":{\"@id\":\"https:\/\/psol50.org.br\/psol-pede-convocacao-de-novo-ministro-da-saude-para-que-ele-apresente-plano-de-trabalho-contra-a-pandemia\/#breadcrumb\"},\"inLanguage\":\"pt-BR\",\"potentialAction\":[{\"@type\":\"ReadAction\",\"target\":[\"https:\/\/psol50.org.br\/psol-pede-convocacao-de-novo-ministro-da-saude-para-que-ele-apresente-plano-de-trabalho-contra-a-pandemia\/\"]}]},{\"@type\":\"ImageObject\",\"inLanguage\":\"pt-BR\",\"@id\":\"https:\/\/psol50.org.br\/psol-pede-convocacao-de-novo-ministro-da-saude-para-que-ele-apresente-plano-de-trabalho-contra-a-pandemia\/#primaryimage\",\"url\":\"https:\/\/psol50.org.br\/inc\/uploads\/2020\/04\/bolsonaro_nelson_teich.jpg\",\"contentUrl\":\"https:\/\/psol50.org.br\/inc\/uploads\/2020\/04\/bolsonaro_nelson_teich.jpg\",\"width\":680,\"height\":453,\"caption\":\"Foto: Reprodu\u00e7\u00e3o\"},{\"@type\":\"BreadcrumbList\",\"@id\":\"https:\/\/psol50.org.br\/psol-pede-convocacao-de-novo-ministro-da-saude-para-que-ele-apresente-plano-de-trabalho-contra-a-pandemia\/#breadcrumb\",\"itemListElement\":[{\"@type\":\"ListItem\",\"position\":1,\"name\":\"In\u00edcio\",\"item\":\"https:\/\/psol50.org.br\/\"},{\"@type\":\"ListItem\",\"position\":2,\"name\":\"PSOL pede convoca\u00e7\u00e3o de novo ministro da Sa\u00fade para que ele apresente plano de trabalho contra a pandemia\"}]},{\"@type\":\"WebSite\",\"@id\":\"https:\/\/psol50.org.br\/#website\",\"url\":\"https:\/\/psol50.org.br\/\",\"name\":\"PSOL 50\",\"description\":\"Site oficial do Partido Socialismo e Liberdade\",\"publisher\":{\"@id\":\"https:\/\/psol50.org.br\/#organization\"},\"alternateName\":\"PSOL50\",\"potentialAction\":[{\"@type\":\"SearchAction\",\"target\":{\"@type\":\"EntryPoint\",\"urlTemplate\":\"https:\/\/psol50.org.br\/?s={search_term_string}\"},\"query-input\":{\"@type\":\"PropertyValueSpecification\",\"valueRequired\":true,\"valueName\":\"search_term_string\"}}],\"inLanguage\":\"pt-BR\"},{\"@type\":\"Organization\",\"@id\":\"https:\/\/psol50.org.br\/#organization\",\"name\":\"PSOL 50\",\"alternateName\":\"PSOL 50\",\"url\":\"https:\/\/psol50.org.br\/\",\"logo\":{\"@type\":\"ImageObject\",\"inLanguage\":\"pt-BR\",\"@id\":\"https:\/\/psol50.org.br\/#\/schema\/logo\/image\/\",\"url\":\"https:\/\/psol50.org.br\/inc\/uploads\/2018\/07\/capa.png\",\"contentUrl\":\"https:\/\/psol50.org.br\/inc\/uploads\/2018\/07\/capa.png\",\"width\":1350,\"height\":900,\"caption\":\"PSOL 50\"},\"image\":{\"@id\":\"https:\/\/psol50.org.br\/#\/schema\/logo\/image\/\"},\"sameAs\":[\"https:\/\/www.facebook.com\/psol50\",\"https:\/\/x.com\/psol50\",\"https:\/\/www.instagram.com\/psol50\/\",\"https:\/\/www.youtube.com\/channel\/UC7SnJS5o1os7a6CaiNabzcg\"]},{\"@type\":\"Person\",\"@id\":\"https:\/\/psol50.org.br\/#\/schema\/person\/475dfa57d0b815993c714c2e96491fcd\",\"name\":\"Comunica\u00e7\u00e3o PSOL\",\"image\":{\"@type\":\"ImageObject\",\"inLanguage\":\"pt-BR\",\"@id\":\"https:\/\/psol50.org.br\/#\/schema\/person\/image\/\",\"url\":\"https:\/\/secure.gravatar.com\/avatar\/b34fc4f4e468a4e51785917065a3db57b841f5c95dba6ad8c73aaf8f66f8f9bf?s=96&d=mm&r=g\",\"contentUrl\":\"https:\/\/secure.gravatar.com\/avatar\/b34fc4f4e468a4e51785917065a3db57b841f5c95dba6ad8c73aaf8f66f8f9bf?s=96&d=mm&r=g\",\"caption\":\"Comunica\u00e7\u00e3o PSOL\"}}]}<\/script>\n<!-- \/ Yoast SEO plugin. -->","yoast_head_json":{"title":"PSOL pede convoca\u00e7\u00e3o de novo ministro da Sa\u00fade para que ele apresente plano de trabalho contra a pandemia","description":"Em entrevista coletiva para anunciar Nelson Teich como o novo ministro da \u00e1rea, Jair Bolsonaro voltou a defender a flexibiliza\u00e7\u00e3o do isolamento social.","robots":{"index":"index","follow":"follow","max-snippet":"max-snippet:-1","max-image-preview":"max-image-preview:large","max-video-preview":"max-video-preview:-1"},"canonical":"https:\/\/psol50.org.br\/psol-pede-convocacao-de-novo-ministro-da-saude-para-que-ele-apresente-plano-de-trabalho-contra-a-pandemia\/","og_locale":"pt_BR","og_type":"article","og_title":"PSOL pede convoca\u00e7\u00e3o de novo ministro da Sa\u00fade para que ele apresente plano de trabalho contra a pandemia","og_description":"Em entrevista coletiva para anunciar Nelson Teich como o novo ministro da \u00e1rea, Jair Bolsonaro voltou a defender a flexibiliza\u00e7\u00e3o do isolamento social.","og_url":"https:\/\/psol50.org.br\/psol-pede-convocacao-de-novo-ministro-da-saude-para-que-ele-apresente-plano-de-trabalho-contra-a-pandemia\/","og_site_name":"PSOL 50","article_publisher":"https:\/\/www.facebook.com\/psol50","article_published_time":"2020-04-16T23:03:02+00:00","og_image":[{"width":680,"height":453,"url":"https:\/\/psol50.org.br\/inc\/uploads\/2020\/04\/bolsonaro_nelson_teich.jpg","type":"image\/jpeg"}],"author":"Comunica\u00e7\u00e3o PSOL","twitter_card":"summary_large_image","twitter_title":"PSOL pede convoca\u00e7\u00e3o de novo ministro da Sa\u00fade para que ele apresente plano de trabalho contra a pandemia","twitter_description":"Em entrevista coletiva para anunciar Nelson Teich como o novo ministro da \u00e1rea, Jair Bolsonaro voltou a defender a flexibiliza\u00e7\u00e3o do isolamento social.","twitter_image":"https:\/\/psol50.org.br\/inc\/uploads\/2020\/04\/bolsonaro_nelson_teich.jpg","twitter_creator":"@psol50","twitter_site":"@psol50","twitter_misc":{"Escrito por":"Comunica\u00e7\u00e3o PSOL","Est. tempo de leitura":"1 minuto"},"schema":{"@context":"https:\/\/schema.org","@graph":[{"@type":"Article","@id":"https:\/\/psol50.org.br\/psol-pede-convocacao-de-novo-ministro-da-saude-para-que-ele-apresente-plano-de-trabalho-contra-a-pandemia\/#article","isPartOf":{"@id":"https:\/\/psol50.org.br\/psol-pede-convocacao-de-novo-ministro-da-saude-para-que-ele-apresente-plano-de-trabalho-contra-a-pandemia\/"},"author":{"name":"Comunica\u00e7\u00e3o PSOL","@id":"https:\/\/psol50.org.br\/#\/schema\/person\/475dfa57d0b815993c714c2e96491fcd"},"headline":"PSOL pede convoca\u00e7\u00e3o de novo ministro da Sa\u00fade para que ele apresente plano de trabalho contra a pandemia","datePublished":"2020-04-16T23:03:02+00:00","mainEntityOfPage":{"@id":"https:\/\/psol50.org.br\/psol-pede-convocacao-de-novo-ministro-da-saude-para-que-ele-apresente-plano-de-trabalho-contra-a-pandemia\/"},"wordCount":279,"publisher":{"@id":"https:\/\/psol50.org.br\/#organization"},"image":{"@id":"https:\/\/psol50.org.br\/psol-pede-convocacao-de-novo-ministro-da-saude-para-que-ele-apresente-plano-de-trabalho-contra-a-pandemia\/#primaryimage"},"thumbnailUrl":"https:\/\/psol50.org.br\/inc\/uploads\/2020\/04\/bolsonaro_nelson_teich.jpg","keywords":["c\u00e2mara","convoca\u00e7\u00e3o","coronav\u00edrus","covid-19","isolamento social","mandetta","minist\u00e9rio","nelson teich","pandemia","PSOL","psolcontraocoronavirus","sa\u00fade"],"articleSection":["A\u00e7\u00e3o Parlamentar","Not\u00edcias"],"inLanguage":"pt-BR"},{"@type":"WebPage","@id":"https:\/\/psol50.org.br\/psol-pede-convocacao-de-novo-ministro-da-saude-para-que-ele-apresente-plano-de-trabalho-contra-a-pandemia\/","url":"https:\/\/psol50.org.br\/psol-pede-convocacao-de-novo-ministro-da-saude-para-que-ele-apresente-plano-de-trabalho-contra-a-pandemia\/","name":"PSOL pede convoca\u00e7\u00e3o de novo ministro da Sa\u00fade para que ele apresente plano de trabalho contra a pandemia","isPartOf":{"@id":"https:\/\/psol50.org.br\/#website"},"primaryImageOfPage":{"@id":"https:\/\/psol50.org.br\/psol-pede-convocacao-de-novo-ministro-da-saude-para-que-ele-apresente-plano-de-trabalho-contra-a-pandemia\/#primaryimage"},"image":{"@id":"https:\/\/psol50.org.br\/psol-pede-convocacao-de-novo-ministro-da-saude-para-que-ele-apresente-plano-de-trabalho-contra-a-pandemia\/#primaryimage"},"thumbnailUrl":"https:\/\/psol50.org.br\/inc\/uploads\/2020\/04\/bolsonaro_nelson_teich.jpg","datePublished":"2020-04-16T23:03:02+00:00","description":"Em entrevista coletiva para anunciar Nelson Teich como o novo ministro da \u00e1rea, Jair Bolsonaro voltou a defender a flexibiliza\u00e7\u00e3o do isolamento social.","breadcrumb":{"@id":"https:\/\/psol50.org.br\/psol-pede-convocacao-de-novo-ministro-da-saude-para-que-ele-apresente-plano-de-trabalho-contra-a-pandemia\/#breadcrumb"},"inLanguage":"pt-BR","potentialAction":[{"@type":"ReadAction","target":["https:\/\/psol50.org.br\/psol-pede-convocacao-de-novo-ministro-da-saude-para-que-ele-apresente-plano-de-trabalho-contra-a-pandemia\/"]}]},{"@type":"ImageObject","inLanguage":"pt-BR","@id":"https:\/\/psol50.org.br\/psol-pede-convocacao-de-novo-ministro-da-saude-para-que-ele-apresente-plano-de-trabalho-contra-a-pandemia\/#primaryimage","url":"https:\/\/psol50.org.br\/inc\/uploads\/2020\/04\/bolsonaro_nelson_teich.jpg","contentUrl":"https:\/\/psol50.org.br\/inc\/uploads\/2020\/04\/bolsonaro_nelson_teich.jpg","width":680,"height":453,"caption":"Foto: Reprodu\u00e7\u00e3o"},{"@type":"BreadcrumbList","@id":"https:\/\/psol50.org.br\/psol-pede-convocacao-de-novo-ministro-da-saude-para-que-ele-apresente-plano-de-trabalho-contra-a-pandemia\/#breadcrumb","itemListElement":[{"@type":"ListItem","position":1,"name":"In\u00edcio","item":"https:\/\/psol50.org.br\/"},{"@type":"ListItem","position":2,"name":"PSOL pede convoca\u00e7\u00e3o de novo ministro da Sa\u00fade para que ele apresente plano de trabalho contra a pandemia"}]},{"@type":"WebSite","@id":"https:\/\/psol50.org.br\/#website","url":"https:\/\/psol50.org.br\/","name":"PSOL 50","description":"Site oficial do Partido Socialismo e Liberdade","publisher":{"@id":"https:\/\/psol50.org.br\/#organization"},"alternateName":"PSOL50","potentialAction":[{"@type":"SearchAction","target":{"@type":"EntryPoint","urlTemplate":"https:\/\/psol50.org.br\/?s={search_term_string}"},"query-input":{"@type":"PropertyValueSpecification","valueRequired":true,"valueName":"search_term_string"}}],"inLanguage":"pt-BR"},{"@type":"Organization","@id":"https:\/\/psol50.org.br\/#organization","name":"PSOL 50","alternateName":"PSOL 50","url":"https:\/\/psol50.org.br\/","logo":{"@type":"ImageObject","inLanguage":"pt-BR","@id":"https:\/\/psol50.org.br\/#\/schema\/logo\/image\/","url":"https:\/\/psol50.org.br\/inc\/uploads\/2018\/07\/capa.png","contentUrl":"https:\/\/psol50.org.br\/inc\/uploads\/2018\/07\/capa.png","width":1350,"height":900,"caption":"PSOL 50"},"image":{"@id":"https:\/\/psol50.org.br\/#\/schema\/logo\/image\/"},"sameAs":["https:\/\/www.facebook.com\/psol50","https:\/\/x.com\/psol50","https:\/\/www.instagram.com\/psol50\/","https:\/\/www.youtube.com\/channel\/UC7SnJS5o1os7a6CaiNabzcg"]},{"@type":"Person","@id":"https:\/\/psol50.org.br\/#\/schema\/person\/475dfa57d0b815993c714c2e96491fcd","name":"Comunica\u00e7\u00e3o PSOL","image":{"@type":"ImageObject","inLanguage":"pt-BR","@id":"https:\/\/psol50.org.br\/#\/schema\/person\/image\/","url":"https:\/\/secure.gravatar.com\/avatar\/b34fc4f4e468a4e51785917065a3db57b841f5c95dba6ad8c73aaf8f66f8f9bf?s=96&d=mm&r=g","contentUrl":"https:\/\/secure.gravatar.com\/avatar\/b34fc4f4e468a4e51785917065a3db57b841f5c95dba6ad8c73aaf8f66f8f9bf?s=96&d=mm&r=g","caption":"Comunica\u00e7\u00e3o PSOL"}}]}},"_links":{"self":[{"href":"https:\/\/psol50.org.br\/rest\/wp\/v2\/posts\/28343","targetHints":{"allow":["GET"]}}],"collection":[{"href":"https:\/\/psol50.org.br\/rest\/wp\/v2\/posts"}],"about":[{"href":"https:\/\/psol50.org.br\/rest\/wp\/v2\/types\/post"}],"author":[{"embeddable":true,"href":"https:\/\/psol50.org.br\/rest\/wp\/v2\/users\/2"}],"replies":[{"embeddable":true,"href":"https:\/\/psol50.org.br\/rest\/wp\/v2\/comments?post=28343"}],"version-history":[{"count":0,"href":"https:\/\/psol50.org.br\/rest\/wp\/v2\/posts\/28343\/revisions"}],"wp:featuredmedia":[{"embeddable":true,"href":"https:\/\/psol50.org.br\/rest\/wp\/v2\/media\/28347"}],"wp:attachment":[{"href":"https:\/\/psol50.org.br\/rest\/wp\/v2\/media?parent=28343"}],"wp:term":[{"taxonomy":"category","embeddable":true,"href":"https:\/\/psol50.org.br\/rest\/wp\/v2\/categories?post=28343"},{"taxonomy":"post_tag","embeddable":true,"href":"https:\/\/psol50.org.br\/rest\/wp\/v2\/tags?post=28343"}],"curies":[{"name":"wp","href":"https:\/\/api.w.org\/{rel}","templated":true}]}}