{"id":28345,"date":"2020-04-16T20:00:56","date_gmt":"2020-04-16T23:00:56","guid":{"rendered":"https:\/\/psol50.org.br\/?p=28345"},"modified":"2020-04-16T20:00:56","modified_gmt":"2020-04-16T23:00:56","slug":"psol-reforca-denuncia-contra-bolsonaro-a-oms-apos-demissao-de-mandetta","status":"publish","type":"post","link":"https:\/\/psol50.org.br\/psol-reforca-denuncia-contra-bolsonaro-a-oms-apos-demissao-de-mandetta\/","title":{"rendered":"PSOL refor\u00e7a den\u00fancia contra Bolsonaro \u00e0 OMS ap\u00f3s demiss\u00e3o de Mandetta"},"content":{"rendered":"<p>Nesta quinta-feira (16), ap\u00f3s a demiss\u00e3o de Luiz Henrique Mandetta do Minist\u00e9rio da Sa\u00fade, o PSOL refor\u00e7ou \u00e0 Organiza\u00e7\u00e3o Mundial de Sa\u00fade (OMS) a <a href=\"https:\/\/psol50.org.br\/psol-denuncia-bolsonaro-na-oms-e-na-onu-por-participar-de-atos-de-rua-durante-pandemia-de-coronavirus\/\" target=\"_blank\" rel=\"noopener noreferrer\">den\u00fancia feita em mar\u00e7o contra Bolsonaro<\/a> por desrespeitar as recomenda\u00e7\u00f5es do \u00f3rg\u00e3o no combate \u00e0 pandemia do novo coronav\u00edrus.<\/p>\n<p>Na carta, assinada pela bancada do partido na C\u00e2mara dos Deputados, o PSOL afirma que Mandetta foi demitido por ter seguido as recomenda\u00e7\u00f5es do \u00f3rg\u00e3o e que sua demiss\u00e3o por Bolsonaro \u00e9 uma tentativa imprudente de acabar com as medidas necess\u00e1rias de distanciamento social para combater o v\u00edrus.<\/p>\n<p>O partido tamb\u00e9m considera que a demiss\u00e3o ocorre em um momento perigoso, no dia em que foi constatado que o Brasil superou o patamar de 30 mil casos confirmados e quase 2 mil mortes &#8211; e estudos independentes mostram que o n\u00famero real pode ser at\u00e9 15 vezes maior, dada a subnotifica\u00e7\u00e3o confirmada pelo pr\u00f3prio Minist\u00e9rio da Sa\u00fade.<\/p>\n<p>No texto, o PSOL refor\u00e7a a necessidade de a OMS cobrar da representa\u00e7\u00e3o brasileira na Organiza\u00e7\u00e3o das Na\u00e7\u00f5es Unidas (ONU) e do novo ministro da Sa\u00fade explica\u00e7\u00f5es sobre as a\u00e7\u00f5es de Bolsonaro durante a pandemia e, tamb\u00e9m, de que o \u00f3rg\u00e3o manifeste publicamente sua desaprova\u00e7\u00e3o sobre as medidas adotadas pelo presidente brasileiro, al\u00e9m de exigir a\u00e7\u00f5es de acordo com as recomenda\u00e7\u00f5es internacionais da OMS.<\/p>\n<p>Voc\u00ea pode ser a carta na \u00edntegra (em ingl\u00eas) <a href=\"https:\/\/psol50.org.br\/inc\/uploads\/2020\/04\/Letter_WHO-and-UN_Mandetta.pdf\" target=\"_blank\" rel=\"noopener noreferrer\">clicando aqui<\/a>.<\/p>\n","protected":false},"excerpt":{"rendered":"<p>Nesta quinta-feira (16), ap\u00f3s a demiss\u00e3o de Luiz Henrique Mandetta do Minist\u00e9rio da Sa\u00fade, o PSOL refor\u00e7ou \u00e0 Organiza\u00e7\u00e3o Mundial de Sa\u00fade (OMS) a den\u00fancia feita em mar\u00e7o contra Bolsonaro por desrespeitar as recomenda\u00e7\u00f5es do \u00f3rg\u00e3o no combate \u00e0 pandemia do novo coronav\u00edrus. Na carta, assinada pela bancada do partido na C\u00e2mara dos Deputados, o [&hellip;]<\/p>\n","protected":false},"author":2,"featured_media":28348,"comment_status":"closed","ping_status":"open","sticky":false,"template":"","format":"standard","meta":{"_acf_changed":false,"footnotes":""},"categories":[10,6,14],"tags":[56,171,542,543,365,232,544,366],"class_list":{"0":"post-28345","1":"post","2":"type-post","3":"status-publish","4":"format-standard","5":"has-post-thumbnail","7":"category-acao-parlamentares","8":"category-noticias","9":"category-partido","10":"tag-bolsonaro","11":"tag-coronavirus","12":"tag-luiz-henrique-mandetta","13":"tag-ministerio-da-saude","14":"tag-oms","15":"tag-onu","16":"tag-organizacao-mundial-de-saude","17":"tag-psolcontraocoronavirus"},"acf":[],"yoast_head":"<!-- This site is optimized with the Yoast SEO plugin v26.5 - https:\/\/yoast.com\/wordpress\/plugins\/seo\/ -->\n<title>PSOL refor\u00e7a den\u00fancia contra Bolsonaro \u00e0 OMS ap\u00f3s demiss\u00e3o de Mandetta<\/title>\n<meta name=\"description\" content=\"Partido quer que \u00f3rg\u00e3o desaprove medidas do presidente contra confinamento.\" \/>\n<meta name=\"robots\" content=\"index, follow, max-snippet:-1, max-image-preview:large, max-video-preview:-1\" \/>\n<link rel=\"canonical\" href=\"https:\/\/psol50.org.br\/psol-reforca-denuncia-contra-bolsonaro-a-oms-apos-demissao-de-mandetta\/\" \/>\n<meta property=\"og:locale\" content=\"pt_BR\" \/>\n<meta property=\"og:type\" content=\"article\" \/>\n<meta property=\"og:title\" content=\"PSOL refor\u00e7a den\u00fancia contra Bolsonaro \u00e0 OMS ap\u00f3s demiss\u00e3o de Mandetta\" \/>\n<meta property=\"og:description\" content=\"Partido quer que \u00f3rg\u00e3o desaprove medidas do presidente contra confinamento.\" \/>\n<meta property=\"og:url\" content=\"https:\/\/psol50.org.br\/psol-reforca-denuncia-contra-bolsonaro-a-oms-apos-demissao-de-mandetta\/\" \/>\n<meta property=\"og:site_name\" content=\"PSOL 50\" \/>\n<meta property=\"article:publisher\" content=\"https:\/\/www.facebook.com\/psol50\" \/>\n<meta property=\"article:published_time\" content=\"2020-04-16T23:00:56+00:00\" \/>\n<meta property=\"og:image\" content=\"https:\/\/psol50.org.br\/inc\/uploads\/2020\/04\/OMS.reproducao.jpg\" \/>\n\t<meta property=\"og:image:width\" content=\"900\" \/>\n\t<meta property=\"og:image:height\" content=\"506\" \/>\n\t<meta property=\"og:image:type\" content=\"image\/jpeg\" \/>\n<meta name=\"author\" content=\"Comunica\u00e7\u00e3o PSOL\" \/>\n<meta name=\"twitter:card\" content=\"summary_large_image\" \/>\n<meta name=\"twitter:title\" content=\"PSOL refor\u00e7a den\u00fancia contra Bolsonaro \u00e0 OMS ap\u00f3s demiss\u00e3o de Mandetta\" \/>\n<meta name=\"twitter:description\" content=\"Partido quer que \u00f3rg\u00e3o desaprove medidas do presidente contra confinamento.\" \/>\n<meta name=\"twitter:image\" content=\"https:\/\/psol50.org.br\/inc\/uploads\/2020\/04\/OMS.reproducao.jpg\" \/>\n<meta name=\"twitter:creator\" content=\"@psol50\" \/>\n<meta name=\"twitter:site\" content=\"@psol50\" \/>\n<meta name=\"twitter:label1\" content=\"Escrito por\" \/>\n\t<meta name=\"twitter:data1\" content=\"Comunica\u00e7\u00e3o PSOL\" \/>\n\t<meta name=\"twitter:label2\" content=\"Est. tempo de leitura\" \/>\n\t<meta name=\"twitter:data2\" content=\"1 minuto\" \/>\n<script type=\"application\/ld+json\" class=\"yoast-schema-graph\">{\"@context\":\"https:\/\/schema.org\",\"@graph\":[{\"@type\":\"Article\",\"@id\":\"https:\/\/psol50.org.br\/psol-reforca-denuncia-contra-bolsonaro-a-oms-apos-demissao-de-mandetta\/#article\",\"isPartOf\":{\"@id\":\"https:\/\/psol50.org.br\/psol-reforca-denuncia-contra-bolsonaro-a-oms-apos-demissao-de-mandetta\/\"},\"author\":{\"name\":\"Comunica\u00e7\u00e3o PSOL\",\"@id\":\"https:\/\/psol50.org.br\/#\/schema\/person\/475dfa57d0b815993c714c2e96491fcd\"},\"headline\":\"PSOL refor\u00e7a den\u00fancia contra Bolsonaro \u00e0 OMS ap\u00f3s demiss\u00e3o de Mandetta\",\"datePublished\":\"2020-04-16T23:00:56+00:00\",\"mainEntityOfPage\":{\"@id\":\"https:\/\/psol50.org.br\/psol-reforca-denuncia-contra-bolsonaro-a-oms-apos-demissao-de-mandetta\/\"},\"wordCount\":270,\"publisher\":{\"@id\":\"https:\/\/psol50.org.br\/#organization\"},\"image\":{\"@id\":\"https:\/\/psol50.org.br\/psol-reforca-denuncia-contra-bolsonaro-a-oms-apos-demissao-de-mandetta\/#primaryimage\"},\"thumbnailUrl\":\"https:\/\/psol50.org.br\/inc\/uploads\/2020\/04\/OMS.reproducao.jpg\",\"keywords\":[\"Bolsonaro\",\"coronav\u00edrus\",\"Luiz Henrique Mandetta\",\"Minist\u00e9rio da Sa\u00fade\",\"oms\",\"ONU\",\"Organiza\u00e7\u00e3o Mundial de Sa\u00fade\",\"psolcontraocoronavirus\"],\"articleSection\":[\"A\u00e7\u00e3o Parlamentar\",\"Not\u00edcias\",\"Partido\"],\"inLanguage\":\"pt-BR\"},{\"@type\":\"WebPage\",\"@id\":\"https:\/\/psol50.org.br\/psol-reforca-denuncia-contra-bolsonaro-a-oms-apos-demissao-de-mandetta\/\",\"url\":\"https:\/\/psol50.org.br\/psol-reforca-denuncia-contra-bolsonaro-a-oms-apos-demissao-de-mandetta\/\",\"name\":\"PSOL refor\u00e7a den\u00fancia contra Bolsonaro \u00e0 OMS ap\u00f3s demiss\u00e3o de Mandetta\",\"isPartOf\":{\"@id\":\"https:\/\/psol50.org.br\/#website\"},\"primaryImageOfPage\":{\"@id\":\"https:\/\/psol50.org.br\/psol-reforca-denuncia-contra-bolsonaro-a-oms-apos-demissao-de-mandetta\/#primaryimage\"},\"image\":{\"@id\":\"https:\/\/psol50.org.br\/psol-reforca-denuncia-contra-bolsonaro-a-oms-apos-demissao-de-mandetta\/#primaryimage\"},\"thumbnailUrl\":\"https:\/\/psol50.org.br\/inc\/uploads\/2020\/04\/OMS.reproducao.jpg\",\"datePublished\":\"2020-04-16T23:00:56+00:00\",\"description\":\"Partido quer que \u00f3rg\u00e3o desaprove medidas do presidente contra confinamento.\",\"breadcrumb\":{\"@id\":\"https:\/\/psol50.org.br\/psol-reforca-denuncia-contra-bolsonaro-a-oms-apos-demissao-de-mandetta\/#breadcrumb\"},\"inLanguage\":\"pt-BR\",\"potentialAction\":[{\"@type\":\"ReadAction\",\"target\":[\"https:\/\/psol50.org.br\/psol-reforca-denuncia-contra-bolsonaro-a-oms-apos-demissao-de-mandetta\/\"]}]},{\"@type\":\"ImageObject\",\"inLanguage\":\"pt-BR\",\"@id\":\"https:\/\/psol50.org.br\/psol-reforca-denuncia-contra-bolsonaro-a-oms-apos-demissao-de-mandetta\/#primaryimage\",\"url\":\"https:\/\/psol50.org.br\/inc\/uploads\/2020\/04\/OMS.reproducao.jpg\",\"contentUrl\":\"https:\/\/psol50.org.br\/inc\/uploads\/2020\/04\/OMS.reproducao.jpg\",\"width\":900,\"height\":506,\"caption\":\"Reprodu\u00e7\u00e3o\"},{\"@type\":\"BreadcrumbList\",\"@id\":\"https:\/\/psol50.org.br\/psol-reforca-denuncia-contra-bolsonaro-a-oms-apos-demissao-de-mandetta\/#breadcrumb\",\"itemListElement\":[{\"@type\":\"ListItem\",\"position\":1,\"name\":\"In\u00edcio\",\"item\":\"https:\/\/psol50.org.br\/\"},{\"@type\":\"ListItem\",\"position\":2,\"name\":\"PSOL refor\u00e7a den\u00fancia contra Bolsonaro \u00e0 OMS ap\u00f3s demiss\u00e3o de Mandetta\"}]},{\"@type\":\"WebSite\",\"@id\":\"https:\/\/psol50.org.br\/#website\",\"url\":\"https:\/\/psol50.org.br\/\",\"name\":\"PSOL 50\",\"description\":\"Site oficial do Partido Socialismo e Liberdade\",\"publisher\":{\"@id\":\"https:\/\/psol50.org.br\/#organization\"},\"alternateName\":\"PSOL50\",\"potentialAction\":[{\"@type\":\"SearchAction\",\"target\":{\"@type\":\"EntryPoint\",\"urlTemplate\":\"https:\/\/psol50.org.br\/?s={search_term_string}\"},\"query-input\":{\"@type\":\"PropertyValueSpecification\",\"valueRequired\":true,\"valueName\":\"search_term_string\"}}],\"inLanguage\":\"pt-BR\"},{\"@type\":\"Organization\",\"@id\":\"https:\/\/psol50.org.br\/#organization\",\"name\":\"PSOL 50\",\"alternateName\":\"PSOL 50\",\"url\":\"https:\/\/psol50.org.br\/\",\"logo\":{\"@type\":\"ImageObject\",\"inLanguage\":\"pt-BR\",\"@id\":\"https:\/\/psol50.org.br\/#\/schema\/logo\/image\/\",\"url\":\"https:\/\/psol50.org.br\/inc\/uploads\/2018\/07\/capa.png\",\"contentUrl\":\"https:\/\/psol50.org.br\/inc\/uploads\/2018\/07\/capa.png\",\"width\":1350,\"height\":900,\"caption\":\"PSOL 50\"},\"image\":{\"@id\":\"https:\/\/psol50.org.br\/#\/schema\/logo\/image\/\"},\"sameAs\":[\"https:\/\/www.facebook.com\/psol50\",\"https:\/\/x.com\/psol50\",\"https:\/\/www.instagram.com\/psol50\/\",\"https:\/\/www.youtube.com\/channel\/UC7SnJS5o1os7a6CaiNabzcg\"]},{\"@type\":\"Person\",\"@id\":\"https:\/\/psol50.org.br\/#\/schema\/person\/475dfa57d0b815993c714c2e96491fcd\",\"name\":\"Comunica\u00e7\u00e3o PSOL\",\"image\":{\"@type\":\"ImageObject\",\"inLanguage\":\"pt-BR\",\"@id\":\"https:\/\/psol50.org.br\/#\/schema\/person\/image\/\",\"url\":\"https:\/\/secure.gravatar.com\/avatar\/b34fc4f4e468a4e51785917065a3db57b841f5c95dba6ad8c73aaf8f66f8f9bf?s=96&d=mm&r=g\",\"contentUrl\":\"https:\/\/secure.gravatar.com\/avatar\/b34fc4f4e468a4e51785917065a3db57b841f5c95dba6ad8c73aaf8f66f8f9bf?s=96&d=mm&r=g\",\"caption\":\"Comunica\u00e7\u00e3o PSOL\"}}]}<\/script>\n<!-- \/ Yoast SEO plugin. -->","yoast_head_json":{"title":"PSOL refor\u00e7a den\u00fancia contra Bolsonaro \u00e0 OMS ap\u00f3s demiss\u00e3o de Mandetta","description":"Partido quer que \u00f3rg\u00e3o desaprove medidas do presidente contra confinamento.","robots":{"index":"index","follow":"follow","max-snippet":"max-snippet:-1","max-image-preview":"max-image-preview:large","max-video-preview":"max-video-preview:-1"},"canonical":"https:\/\/psol50.org.br\/psol-reforca-denuncia-contra-bolsonaro-a-oms-apos-demissao-de-mandetta\/","og_locale":"pt_BR","og_type":"article","og_title":"PSOL refor\u00e7a den\u00fancia contra Bolsonaro \u00e0 OMS ap\u00f3s demiss\u00e3o de Mandetta","og_description":"Partido quer que \u00f3rg\u00e3o desaprove medidas do presidente contra confinamento.","og_url":"https:\/\/psol50.org.br\/psol-reforca-denuncia-contra-bolsonaro-a-oms-apos-demissao-de-mandetta\/","og_site_name":"PSOL 50","article_publisher":"https:\/\/www.facebook.com\/psol50","article_published_time":"2020-04-16T23:00:56+00:00","og_image":[{"width":900,"height":506,"url":"https:\/\/psol50.org.br\/inc\/uploads\/2020\/04\/OMS.reproducao.jpg","type":"image\/jpeg"}],"author":"Comunica\u00e7\u00e3o PSOL","twitter_card":"summary_large_image","twitter_title":"PSOL refor\u00e7a den\u00fancia contra Bolsonaro \u00e0 OMS ap\u00f3s demiss\u00e3o de Mandetta","twitter_description":"Partido quer que \u00f3rg\u00e3o desaprove medidas do presidente contra confinamento.","twitter_image":"https:\/\/psol50.org.br\/inc\/uploads\/2020\/04\/OMS.reproducao.jpg","twitter_creator":"@psol50","twitter_site":"@psol50","twitter_misc":{"Escrito por":"Comunica\u00e7\u00e3o PSOL","Est. tempo de leitura":"1 minuto"},"schema":{"@context":"https:\/\/schema.org","@graph":[{"@type":"Article","@id":"https:\/\/psol50.org.br\/psol-reforca-denuncia-contra-bolsonaro-a-oms-apos-demissao-de-mandetta\/#article","isPartOf":{"@id":"https:\/\/psol50.org.br\/psol-reforca-denuncia-contra-bolsonaro-a-oms-apos-demissao-de-mandetta\/"},"author":{"name":"Comunica\u00e7\u00e3o PSOL","@id":"https:\/\/psol50.org.br\/#\/schema\/person\/475dfa57d0b815993c714c2e96491fcd"},"headline":"PSOL refor\u00e7a den\u00fancia contra Bolsonaro \u00e0 OMS ap\u00f3s demiss\u00e3o de Mandetta","datePublished":"2020-04-16T23:00:56+00:00","mainEntityOfPage":{"@id":"https:\/\/psol50.org.br\/psol-reforca-denuncia-contra-bolsonaro-a-oms-apos-demissao-de-mandetta\/"},"wordCount":270,"publisher":{"@id":"https:\/\/psol50.org.br\/#organization"},"image":{"@id":"https:\/\/psol50.org.br\/psol-reforca-denuncia-contra-bolsonaro-a-oms-apos-demissao-de-mandetta\/#primaryimage"},"thumbnailUrl":"https:\/\/psol50.org.br\/inc\/uploads\/2020\/04\/OMS.reproducao.jpg","keywords":["Bolsonaro","coronav\u00edrus","Luiz Henrique Mandetta","Minist\u00e9rio da Sa\u00fade","oms","ONU","Organiza\u00e7\u00e3o Mundial de Sa\u00fade","psolcontraocoronavirus"],"articleSection":["A\u00e7\u00e3o Parlamentar","Not\u00edcias","Partido"],"inLanguage":"pt-BR"},{"@type":"WebPage","@id":"https:\/\/psol50.org.br\/psol-reforca-denuncia-contra-bolsonaro-a-oms-apos-demissao-de-mandetta\/","url":"https:\/\/psol50.org.br\/psol-reforca-denuncia-contra-bolsonaro-a-oms-apos-demissao-de-mandetta\/","name":"PSOL refor\u00e7a den\u00fancia contra Bolsonaro \u00e0 OMS ap\u00f3s demiss\u00e3o de Mandetta","isPartOf":{"@id":"https:\/\/psol50.org.br\/#website"},"primaryImageOfPage":{"@id":"https:\/\/psol50.org.br\/psol-reforca-denuncia-contra-bolsonaro-a-oms-apos-demissao-de-mandetta\/#primaryimage"},"image":{"@id":"https:\/\/psol50.org.br\/psol-reforca-denuncia-contra-bolsonaro-a-oms-apos-demissao-de-mandetta\/#primaryimage"},"thumbnailUrl":"https:\/\/psol50.org.br\/inc\/uploads\/2020\/04\/OMS.reproducao.jpg","datePublished":"2020-04-16T23:00:56+00:00","description":"Partido quer que \u00f3rg\u00e3o desaprove medidas do presidente contra confinamento.","breadcrumb":{"@id":"https:\/\/psol50.org.br\/psol-reforca-denuncia-contra-bolsonaro-a-oms-apos-demissao-de-mandetta\/#breadcrumb"},"inLanguage":"pt-BR","potentialAction":[{"@type":"ReadAction","target":["https:\/\/psol50.org.br\/psol-reforca-denuncia-contra-bolsonaro-a-oms-apos-demissao-de-mandetta\/"]}]},{"@type":"ImageObject","inLanguage":"pt-BR","@id":"https:\/\/psol50.org.br\/psol-reforca-denuncia-contra-bolsonaro-a-oms-apos-demissao-de-mandetta\/#primaryimage","url":"https:\/\/psol50.org.br\/inc\/uploads\/2020\/04\/OMS.reproducao.jpg","contentUrl":"https:\/\/psol50.org.br\/inc\/uploads\/2020\/04\/OMS.reproducao.jpg","width":900,"height":506,"caption":"Reprodu\u00e7\u00e3o"},{"@type":"BreadcrumbList","@id":"https:\/\/psol50.org.br\/psol-reforca-denuncia-contra-bolsonaro-a-oms-apos-demissao-de-mandetta\/#breadcrumb","itemListElement":[{"@type":"ListItem","position":1,"name":"In\u00edcio","item":"https:\/\/psol50.org.br\/"},{"@type":"ListItem","position":2,"name":"PSOL refor\u00e7a den\u00fancia contra Bolsonaro \u00e0 OMS ap\u00f3s demiss\u00e3o de Mandetta"}]},{"@type":"WebSite","@id":"https:\/\/psol50.org.br\/#website","url":"https:\/\/psol50.org.br\/","name":"PSOL 50","description":"Site oficial do Partido Socialismo e Liberdade","publisher":{"@id":"https:\/\/psol50.org.br\/#organization"},"alternateName":"PSOL50","potentialAction":[{"@type":"SearchAction","target":{"@type":"EntryPoint","urlTemplate":"https:\/\/psol50.org.br\/?s={search_term_string}"},"query-input":{"@type":"PropertyValueSpecification","valueRequired":true,"valueName":"search_term_string"}}],"inLanguage":"pt-BR"},{"@type":"Organization","@id":"https:\/\/psol50.org.br\/#organization","name":"PSOL 50","alternateName":"PSOL 50","url":"https:\/\/psol50.org.br\/","logo":{"@type":"ImageObject","inLanguage":"pt-BR","@id":"https:\/\/psol50.org.br\/#\/schema\/logo\/image\/","url":"https:\/\/psol50.org.br\/inc\/uploads\/2018\/07\/capa.png","contentUrl":"https:\/\/psol50.org.br\/inc\/uploads\/2018\/07\/capa.png","width":1350,"height":900,"caption":"PSOL 50"},"image":{"@id":"https:\/\/psol50.org.br\/#\/schema\/logo\/image\/"},"sameAs":["https:\/\/www.facebook.com\/psol50","https:\/\/x.com\/psol50","https:\/\/www.instagram.com\/psol50\/","https:\/\/www.youtube.com\/channel\/UC7SnJS5o1os7a6CaiNabzcg"]},{"@type":"Person","@id":"https:\/\/psol50.org.br\/#\/schema\/person\/475dfa57d0b815993c714c2e96491fcd","name":"Comunica\u00e7\u00e3o PSOL","image":{"@type":"ImageObject","inLanguage":"pt-BR","@id":"https:\/\/psol50.org.br\/#\/schema\/person\/image\/","url":"https:\/\/secure.gravatar.com\/avatar\/b34fc4f4e468a4e51785917065a3db57b841f5c95dba6ad8c73aaf8f66f8f9bf?s=96&d=mm&r=g","contentUrl":"https:\/\/secure.gravatar.com\/avatar\/b34fc4f4e468a4e51785917065a3db57b841f5c95dba6ad8c73aaf8f66f8f9bf?s=96&d=mm&r=g","caption":"Comunica\u00e7\u00e3o PSOL"}}]}},"_links":{"self":[{"href":"https:\/\/psol50.org.br\/rest\/wp\/v2\/posts\/28345","targetHints":{"allow":["GET"]}}],"collection":[{"href":"https:\/\/psol50.org.br\/rest\/wp\/v2\/posts"}],"about":[{"href":"https:\/\/psol50.org.br\/rest\/wp\/v2\/types\/post"}],"author":[{"embeddable":true,"href":"https:\/\/psol50.org.br\/rest\/wp\/v2\/users\/2"}],"replies":[{"embeddable":true,"href":"https:\/\/psol50.org.br\/rest\/wp\/v2\/comments?post=28345"}],"version-history":[{"count":0,"href":"https:\/\/psol50.org.br\/rest\/wp\/v2\/posts\/28345\/revisions"}],"wp:featuredmedia":[{"embeddable":true,"href":"https:\/\/psol50.org.br\/rest\/wp\/v2\/media\/28348"}],"wp:attachment":[{"href":"https:\/\/psol50.org.br\/rest\/wp\/v2\/media?parent=28345"}],"wp:term":[{"taxonomy":"category","embeddable":true,"href":"https:\/\/psol50.org.br\/rest\/wp\/v2\/categories?post=28345"},{"taxonomy":"post_tag","embeddable":true,"href":"https:\/\/psol50.org.br\/rest\/wp\/v2\/tags?post=28345"}],"curies":[{"name":"wp","href":"https:\/\/api.w.org\/{rel}","templated":true}]}}