{"id":28373,"date":"2020-04-17T17:57:18","date_gmt":"2020-04-17T20:57:18","guid":{"rendered":"https:\/\/psol50.org.br\/?p=28373"},"modified":"2020-04-17T17:57:18","modified_gmt":"2020-04-17T20:57:18","slug":"psol-denuncia-wajngarten-e-esposa-por-viagem-particular-feita-com-dinheiro-publico","status":"publish","type":"post","link":"https:\/\/psol50.org.br\/psol-denuncia-wajngarten-e-esposa-por-viagem-particular-feita-com-dinheiro-publico\/","title":{"rendered":"PSOL denuncia Wajngarten e esposa por viagem particular feita com dinheiro p\u00fablico"},"content":{"rendered":"<p><a href=\"https:\/\/psol50.org.br\/coronavirus\/\" target=\"_blank\" rel=\"noopener noreferrer\"><img loading=\"lazy\" decoding=\"async\" class=\"alignnone size-full wp-image-27838\" src=\"https:\/\/psol50.org.br\/inc\/uploads\/2020\/03\/Banner-Site_3.png\" alt=\"\" width=\"1240\" height=\"331\" srcset=\"https:\/\/psol50.org.br\/inc\/uploads\/2020\/03\/Banner-Site_3.png 1240w, https:\/\/psol50.org.br\/inc\/uploads\/2020\/03\/Banner-Site_3-300x80.png 300w, https:\/\/psol50.org.br\/inc\/uploads\/2020\/03\/Banner-Site_3-1024x273.png 1024w, https:\/\/psol50.org.br\/inc\/uploads\/2020\/03\/Banner-Site_3-768x205.png 768w, https:\/\/psol50.org.br\/inc\/uploads\/2020\/03\/Banner-Site_3-150x40.png 150w, https:\/\/psol50.org.br\/inc\/uploads\/2020\/03\/Banner-Site_3-696x186.png 696w, https:\/\/psol50.org.br\/inc\/uploads\/2020\/03\/Banner-Site_3-1068x285.png 1068w\" sizes=\"auto, (max-width: 1240px) 100vw, 1240px\" \/><\/a><\/p>\n<p>O PSOL, atrav\u00e9s do deputado federal Ivan Valente, denunciou o chefe da Secretaria de Comunica\u00e7\u00e3o da Presid\u00eancia, Fabio Wajngarten, e sua esposa, a publicit\u00e1ria Sophie Wajngarten por causa de uma viagem particular feita por ela com recursos p\u00fablicos. A a\u00e7\u00e3o foi protocolada nesta sexta-feira (17) na Comiss\u00e3o de \u00c9tica da Presid\u00eancia e pede a investiga\u00e7\u00e3o, que pode culminar na recomenda\u00e7\u00e3o de demiss\u00e3o de Wajngarten.<\/p>\n<p>A publicit\u00e1ria, nomeada h\u00e1 oito dias para o conselho de voluntariado presidido por Michelle Bolsonaro,\u00a0teve uma viagem de S\u00e3o Paulo a Bras\u00edlia paga no ano passado, exatamente no dia do anivers\u00e1rio do marido, com dinheiro p\u00fablico.<\/p>\n<p>Wajngarten justificou o gasto, desembolsado pela Secom, \u00f3rg\u00e3o que chefia, afirmando que a publicit\u00e1ria teria participado de um encontro do Conselho de Voluntariado. Entretanto, a pr\u00f3pria Casa Civil do governo Bolsonaro nega que tenha ocorrido qualquer encontro do programa de voluntariado no per\u00edodo informado pelo secret\u00e1rio.<\/p>\n<p>&#8220;H\u00e1 fortes ind\u00edcios de que o representado, Fabio Wajngarten, e a representada, Sophie Wajngarten, tenham mentido para utilizar recursos p\u00fablicos para o custeio da viagem desta \u00faltima com a finalidade de participar da confraterniza\u00e7\u00e3o de anivers\u00e1rio do representado&#8221;, escreveu Ivan Valente.<\/p>\n<p>&#8220;N\u00e3o bastasse a improbidade inerente \u00e0 referida conduta, foram utilizados motivos falsos para justificar a referida viagem, conforme atesta a pr\u00f3pria Casa Civil da Presid\u00eancia da Rep\u00fablica&#8221;, continua.<\/p>\n<p>No mesmo per\u00edodo, F\u00e1bio Wajngarten, que faz anivers\u00e1rio em 1\u00ba de novembro, publicou uma foto no Instagram ao lado de Sophie e de Jair e Michelle Bolsonaro, numa pequena festa para comemorar a data. A viagem custou R$ 3.298, sendo R$ 2,8 mil de passagens e R$ 431 de di\u00e1rias, mesmo sem ela ter nenhum v\u00ednculo com o governo naquele momento.<\/p>\n<p>Para a Secom, a viagem na data do anivers\u00e1rio de Wajngarten foi uma &#8220;coincid\u00eancia&#8221;.<\/p>\n","protected":false},"excerpt":{"rendered":"<p>O PSOL, atrav\u00e9s do deputado federal Ivan Valente, denunciou o chefe da Secretaria de Comunica\u00e7\u00e3o da Presid\u00eancia, Fabio Wajngarten, e sua esposa, a publicit\u00e1ria Sophie Wajngarten por causa de uma viagem particular feita por ela com recursos p\u00fablicos. A a\u00e7\u00e3o foi protocolada nesta sexta-feira (17) na Comiss\u00e3o de \u00c9tica da Presid\u00eancia e pede a investiga\u00e7\u00e3o, [&hellip;]<\/p>\n","protected":false},"author":2,"featured_media":28375,"comment_status":"closed","ping_status":"open","sticky":false,"template":"","format":"standard","meta":{"_acf_changed":false,"footnotes":""},"categories":[10,6],"tags":[549,58,550,60,216],"class_list":{"0":"post-28373","1":"post","2":"type-post","3":"status-publish","4":"format-standard","5":"has-post-thumbnail","7":"category-acao-parlamentares","8":"category-noticias","9":"tag-aniversario","10":"tag-corrupcao","11":"tag-dinheiro-publico","12":"tag-secom","13":"tag-wajngarten"},"acf":[],"yoast_head":"<!-- This site is optimized with the Yoast SEO plugin v26.5 - https:\/\/yoast.com\/wordpress\/plugins\/seo\/ -->\n<title>PSOL denuncia Wajngarten e esposa por viagem particular feita com dinheiro p\u00fablico<\/title>\n<meta name=\"description\" content=\"Justificativa da viagem foi um encontro que, segundo o pr\u00f3prio governo, n\u00e3o aconteceu. E coincidiu com o anivers\u00e1rio do chefe da Secom.\" \/>\n<meta name=\"robots\" content=\"index, follow, max-snippet:-1, max-image-preview:large, max-video-preview:-1\" \/>\n<link rel=\"canonical\" href=\"https:\/\/psol50.org.br\/psol-denuncia-wajngarten-e-esposa-por-viagem-particular-feita-com-dinheiro-publico\/\" \/>\n<meta property=\"og:locale\" content=\"pt_BR\" \/>\n<meta property=\"og:type\" content=\"article\" \/>\n<meta property=\"og:title\" content=\"PSOL denuncia Wajngarten e esposa por viagem particular feita com dinheiro p\u00fablico\" \/>\n<meta property=\"og:description\" content=\"Justificativa da viagem foi um encontro que, segundo o pr\u00f3prio governo, n\u00e3o aconteceu. E coincidiu com o anivers\u00e1rio do chefe da Secom.\" \/>\n<meta property=\"og:url\" content=\"https:\/\/psol50.org.br\/psol-denuncia-wajngarten-e-esposa-por-viagem-particular-feita-com-dinheiro-publico\/\" \/>\n<meta property=\"og:site_name\" content=\"PSOL 50\" \/>\n<meta property=\"article:publisher\" content=\"https:\/\/www.facebook.com\/psol50\" \/>\n<meta property=\"article:published_time\" content=\"2020-04-17T20:57:18+00:00\" \/>\n<meta property=\"og:image\" content=\"https:\/\/psol50.org.br\/inc\/uploads\/2020\/04\/photo_2020-04-17_17-55-13-e1587157163556.jpg\" \/>\n\t<meta property=\"og:image:width\" content=\"820\" \/>\n\t<meta property=\"og:image:height\" content=\"509\" \/>\n\t<meta property=\"og:image:type\" content=\"image\/jpeg\" \/>\n<meta name=\"author\" content=\"Comunica\u00e7\u00e3o PSOL\" \/>\n<meta name=\"twitter:card\" content=\"summary_large_image\" \/>\n<meta name=\"twitter:title\" content=\"PSOL denuncia Wajngarten e esposa por viagem particular feita com dinheiro p\u00fablico\" \/>\n<meta name=\"twitter:description\" content=\"Justificativa da viagem foi um encontro que, segundo o pr\u00f3prio governo, n\u00e3o aconteceu. E coincidiu com o anivers\u00e1rio do chefe da Secom.\" \/>\n<meta name=\"twitter:image\" content=\"https:\/\/psol50.org.br\/inc\/uploads\/2020\/04\/photo_2020-04-17_17-55-13-e1587157163556.jpg\" \/>\n<meta name=\"twitter:creator\" content=\"@psol50\" \/>\n<meta name=\"twitter:site\" content=\"@psol50\" \/>\n<meta name=\"twitter:label1\" content=\"Escrito por\" \/>\n\t<meta name=\"twitter:data1\" content=\"Comunica\u00e7\u00e3o PSOL\" \/>\n\t<meta name=\"twitter:label2\" content=\"Est. tempo de leitura\" \/>\n\t<meta name=\"twitter:data2\" content=\"2 minutos\" \/>\n<script type=\"application\/ld+json\" class=\"yoast-schema-graph\">{\"@context\":\"https:\/\/schema.org\",\"@graph\":[{\"@type\":\"Article\",\"@id\":\"https:\/\/psol50.org.br\/psol-denuncia-wajngarten-e-esposa-por-viagem-particular-feita-com-dinheiro-publico\/#article\",\"isPartOf\":{\"@id\":\"https:\/\/psol50.org.br\/psol-denuncia-wajngarten-e-esposa-por-viagem-particular-feita-com-dinheiro-publico\/\"},\"author\":{\"name\":\"Comunica\u00e7\u00e3o PSOL\",\"@id\":\"https:\/\/psol50.org.br\/#\/schema\/person\/475dfa57d0b815993c714c2e96491fcd\"},\"headline\":\"PSOL denuncia Wajngarten e esposa por viagem particular feita com dinheiro p\u00fablico\",\"datePublished\":\"2020-04-17T20:57:18+00:00\",\"mainEntityOfPage\":{\"@id\":\"https:\/\/psol50.org.br\/psol-denuncia-wajngarten-e-esposa-por-viagem-particular-feita-com-dinheiro-publico\/\"},\"wordCount\":334,\"publisher\":{\"@id\":\"https:\/\/psol50.org.br\/#organization\"},\"image\":{\"@id\":\"https:\/\/psol50.org.br\/psol-denuncia-wajngarten-e-esposa-por-viagem-particular-feita-com-dinheiro-publico\/#primaryimage\"},\"thumbnailUrl\":\"https:\/\/psol50.org.br\/inc\/uploads\/2020\/04\/photo_2020-04-17_17-55-13-e1587157163556.jpg\",\"keywords\":[\"anivers\u00e1rio\",\"corrup\u00e7\u00e3o\",\"dinheiro p\u00fablico\",\"secom\",\"wajngarten\"],\"articleSection\":[\"A\u00e7\u00e3o Parlamentar\",\"Not\u00edcias\"],\"inLanguage\":\"pt-BR\"},{\"@type\":\"WebPage\",\"@id\":\"https:\/\/psol50.org.br\/psol-denuncia-wajngarten-e-esposa-por-viagem-particular-feita-com-dinheiro-publico\/\",\"url\":\"https:\/\/psol50.org.br\/psol-denuncia-wajngarten-e-esposa-por-viagem-particular-feita-com-dinheiro-publico\/\",\"name\":\"PSOL denuncia Wajngarten e esposa por viagem particular feita com dinheiro p\u00fablico\",\"isPartOf\":{\"@id\":\"https:\/\/psol50.org.br\/#website\"},\"primaryImageOfPage\":{\"@id\":\"https:\/\/psol50.org.br\/psol-denuncia-wajngarten-e-esposa-por-viagem-particular-feita-com-dinheiro-publico\/#primaryimage\"},\"image\":{\"@id\":\"https:\/\/psol50.org.br\/psol-denuncia-wajngarten-e-esposa-por-viagem-particular-feita-com-dinheiro-publico\/#primaryimage\"},\"thumbnailUrl\":\"https:\/\/psol50.org.br\/inc\/uploads\/2020\/04\/photo_2020-04-17_17-55-13-e1587157163556.jpg\",\"datePublished\":\"2020-04-17T20:57:18+00:00\",\"description\":\"Justificativa da viagem foi um encontro que, segundo o pr\u00f3prio governo, n\u00e3o aconteceu. E coincidiu com o anivers\u00e1rio do chefe da Secom.\",\"breadcrumb\":{\"@id\":\"https:\/\/psol50.org.br\/psol-denuncia-wajngarten-e-esposa-por-viagem-particular-feita-com-dinheiro-publico\/#breadcrumb\"},\"inLanguage\":\"pt-BR\",\"potentialAction\":[{\"@type\":\"ReadAction\",\"target\":[\"https:\/\/psol50.org.br\/psol-denuncia-wajngarten-e-esposa-por-viagem-particular-feita-com-dinheiro-publico\/\"]}]},{\"@type\":\"ImageObject\",\"inLanguage\":\"pt-BR\",\"@id\":\"https:\/\/psol50.org.br\/psol-denuncia-wajngarten-e-esposa-por-viagem-particular-feita-com-dinheiro-publico\/#primaryimage\",\"url\":\"https:\/\/psol50.org.br\/inc\/uploads\/2020\/04\/photo_2020-04-17_17-55-13-e1587157163556.jpg\",\"contentUrl\":\"https:\/\/psol50.org.br\/inc\/uploads\/2020\/04\/photo_2020-04-17_17-55-13-e1587157163556.jpg\",\"width\":820,\"height\":509,\"caption\":\"Registro do dia 1\u00ba de novembro, anivers\u00e1rio de Wajngarten, Foto: Reprodu\u00e7\u00e3o\/Instagram\"},{\"@type\":\"BreadcrumbList\",\"@id\":\"https:\/\/psol50.org.br\/psol-denuncia-wajngarten-e-esposa-por-viagem-particular-feita-com-dinheiro-publico\/#breadcrumb\",\"itemListElement\":[{\"@type\":\"ListItem\",\"position\":1,\"name\":\"In\u00edcio\",\"item\":\"https:\/\/psol50.org.br\/\"},{\"@type\":\"ListItem\",\"position\":2,\"name\":\"PSOL denuncia Wajngarten e esposa por viagem particular feita com dinheiro p\u00fablico\"}]},{\"@type\":\"WebSite\",\"@id\":\"https:\/\/psol50.org.br\/#website\",\"url\":\"https:\/\/psol50.org.br\/\",\"name\":\"PSOL 50\",\"description\":\"Site oficial do Partido Socialismo e Liberdade\",\"publisher\":{\"@id\":\"https:\/\/psol50.org.br\/#organization\"},\"alternateName\":\"PSOL50\",\"potentialAction\":[{\"@type\":\"SearchAction\",\"target\":{\"@type\":\"EntryPoint\",\"urlTemplate\":\"https:\/\/psol50.org.br\/?s={search_term_string}\"},\"query-input\":{\"@type\":\"PropertyValueSpecification\",\"valueRequired\":true,\"valueName\":\"search_term_string\"}}],\"inLanguage\":\"pt-BR\"},{\"@type\":\"Organization\",\"@id\":\"https:\/\/psol50.org.br\/#organization\",\"name\":\"PSOL 50\",\"alternateName\":\"PSOL 50\",\"url\":\"https:\/\/psol50.org.br\/\",\"logo\":{\"@type\":\"ImageObject\",\"inLanguage\":\"pt-BR\",\"@id\":\"https:\/\/psol50.org.br\/#\/schema\/logo\/image\/\",\"url\":\"https:\/\/psol50.org.br\/inc\/uploads\/2018\/07\/capa.png\",\"contentUrl\":\"https:\/\/psol50.org.br\/inc\/uploads\/2018\/07\/capa.png\",\"width\":1350,\"height\":900,\"caption\":\"PSOL 50\"},\"image\":{\"@id\":\"https:\/\/psol50.org.br\/#\/schema\/logo\/image\/\"},\"sameAs\":[\"https:\/\/www.facebook.com\/psol50\",\"https:\/\/x.com\/psol50\",\"https:\/\/www.instagram.com\/psol50\/\",\"https:\/\/www.youtube.com\/channel\/UC7SnJS5o1os7a6CaiNabzcg\"]},{\"@type\":\"Person\",\"@id\":\"https:\/\/psol50.org.br\/#\/schema\/person\/475dfa57d0b815993c714c2e96491fcd\",\"name\":\"Comunica\u00e7\u00e3o PSOL\",\"image\":{\"@type\":\"ImageObject\",\"inLanguage\":\"pt-BR\",\"@id\":\"https:\/\/psol50.org.br\/#\/schema\/person\/image\/\",\"url\":\"https:\/\/secure.gravatar.com\/avatar\/b34fc4f4e468a4e51785917065a3db57b841f5c95dba6ad8c73aaf8f66f8f9bf?s=96&d=mm&r=g\",\"contentUrl\":\"https:\/\/secure.gravatar.com\/avatar\/b34fc4f4e468a4e51785917065a3db57b841f5c95dba6ad8c73aaf8f66f8f9bf?s=96&d=mm&r=g\",\"caption\":\"Comunica\u00e7\u00e3o PSOL\"}}]}<\/script>\n<!-- \/ Yoast SEO plugin. -->","yoast_head_json":{"title":"PSOL denuncia Wajngarten e esposa por viagem particular feita com dinheiro p\u00fablico","description":"Justificativa da viagem foi um encontro que, segundo o pr\u00f3prio governo, n\u00e3o aconteceu. E coincidiu com o anivers\u00e1rio do chefe da Secom.","robots":{"index":"index","follow":"follow","max-snippet":"max-snippet:-1","max-image-preview":"max-image-preview:large","max-video-preview":"max-video-preview:-1"},"canonical":"https:\/\/psol50.org.br\/psol-denuncia-wajngarten-e-esposa-por-viagem-particular-feita-com-dinheiro-publico\/","og_locale":"pt_BR","og_type":"article","og_title":"PSOL denuncia Wajngarten e esposa por viagem particular feita com dinheiro p\u00fablico","og_description":"Justificativa da viagem foi um encontro que, segundo o pr\u00f3prio governo, n\u00e3o aconteceu. E coincidiu com o anivers\u00e1rio do chefe da Secom.","og_url":"https:\/\/psol50.org.br\/psol-denuncia-wajngarten-e-esposa-por-viagem-particular-feita-com-dinheiro-publico\/","og_site_name":"PSOL 50","article_publisher":"https:\/\/www.facebook.com\/psol50","article_published_time":"2020-04-17T20:57:18+00:00","og_image":[{"width":820,"height":509,"url":"https:\/\/psol50.org.br\/inc\/uploads\/2020\/04\/photo_2020-04-17_17-55-13-e1587157163556.jpg","type":"image\/jpeg"}],"author":"Comunica\u00e7\u00e3o PSOL","twitter_card":"summary_large_image","twitter_title":"PSOL denuncia Wajngarten e esposa por viagem particular feita com dinheiro p\u00fablico","twitter_description":"Justificativa da viagem foi um encontro que, segundo o pr\u00f3prio governo, n\u00e3o aconteceu. E coincidiu com o anivers\u00e1rio do chefe da Secom.","twitter_image":"https:\/\/psol50.org.br\/inc\/uploads\/2020\/04\/photo_2020-04-17_17-55-13-e1587157163556.jpg","twitter_creator":"@psol50","twitter_site":"@psol50","twitter_misc":{"Escrito por":"Comunica\u00e7\u00e3o PSOL","Est. tempo de leitura":"2 minutos"},"schema":{"@context":"https:\/\/schema.org","@graph":[{"@type":"Article","@id":"https:\/\/psol50.org.br\/psol-denuncia-wajngarten-e-esposa-por-viagem-particular-feita-com-dinheiro-publico\/#article","isPartOf":{"@id":"https:\/\/psol50.org.br\/psol-denuncia-wajngarten-e-esposa-por-viagem-particular-feita-com-dinheiro-publico\/"},"author":{"name":"Comunica\u00e7\u00e3o PSOL","@id":"https:\/\/psol50.org.br\/#\/schema\/person\/475dfa57d0b815993c714c2e96491fcd"},"headline":"PSOL denuncia Wajngarten e esposa por viagem particular feita com dinheiro p\u00fablico","datePublished":"2020-04-17T20:57:18+00:00","mainEntityOfPage":{"@id":"https:\/\/psol50.org.br\/psol-denuncia-wajngarten-e-esposa-por-viagem-particular-feita-com-dinheiro-publico\/"},"wordCount":334,"publisher":{"@id":"https:\/\/psol50.org.br\/#organization"},"image":{"@id":"https:\/\/psol50.org.br\/psol-denuncia-wajngarten-e-esposa-por-viagem-particular-feita-com-dinheiro-publico\/#primaryimage"},"thumbnailUrl":"https:\/\/psol50.org.br\/inc\/uploads\/2020\/04\/photo_2020-04-17_17-55-13-e1587157163556.jpg","keywords":["anivers\u00e1rio","corrup\u00e7\u00e3o","dinheiro p\u00fablico","secom","wajngarten"],"articleSection":["A\u00e7\u00e3o Parlamentar","Not\u00edcias"],"inLanguage":"pt-BR"},{"@type":"WebPage","@id":"https:\/\/psol50.org.br\/psol-denuncia-wajngarten-e-esposa-por-viagem-particular-feita-com-dinheiro-publico\/","url":"https:\/\/psol50.org.br\/psol-denuncia-wajngarten-e-esposa-por-viagem-particular-feita-com-dinheiro-publico\/","name":"PSOL denuncia Wajngarten e esposa por viagem particular feita com dinheiro p\u00fablico","isPartOf":{"@id":"https:\/\/psol50.org.br\/#website"},"primaryImageOfPage":{"@id":"https:\/\/psol50.org.br\/psol-denuncia-wajngarten-e-esposa-por-viagem-particular-feita-com-dinheiro-publico\/#primaryimage"},"image":{"@id":"https:\/\/psol50.org.br\/psol-denuncia-wajngarten-e-esposa-por-viagem-particular-feita-com-dinheiro-publico\/#primaryimage"},"thumbnailUrl":"https:\/\/psol50.org.br\/inc\/uploads\/2020\/04\/photo_2020-04-17_17-55-13-e1587157163556.jpg","datePublished":"2020-04-17T20:57:18+00:00","description":"Justificativa da viagem foi um encontro que, segundo o pr\u00f3prio governo, n\u00e3o aconteceu. E coincidiu com o anivers\u00e1rio do chefe da Secom.","breadcrumb":{"@id":"https:\/\/psol50.org.br\/psol-denuncia-wajngarten-e-esposa-por-viagem-particular-feita-com-dinheiro-publico\/#breadcrumb"},"inLanguage":"pt-BR","potentialAction":[{"@type":"ReadAction","target":["https:\/\/psol50.org.br\/psol-denuncia-wajngarten-e-esposa-por-viagem-particular-feita-com-dinheiro-publico\/"]}]},{"@type":"ImageObject","inLanguage":"pt-BR","@id":"https:\/\/psol50.org.br\/psol-denuncia-wajngarten-e-esposa-por-viagem-particular-feita-com-dinheiro-publico\/#primaryimage","url":"https:\/\/psol50.org.br\/inc\/uploads\/2020\/04\/photo_2020-04-17_17-55-13-e1587157163556.jpg","contentUrl":"https:\/\/psol50.org.br\/inc\/uploads\/2020\/04\/photo_2020-04-17_17-55-13-e1587157163556.jpg","width":820,"height":509,"caption":"Registro do dia 1\u00ba de novembro, anivers\u00e1rio de Wajngarten, Foto: Reprodu\u00e7\u00e3o\/Instagram"},{"@type":"BreadcrumbList","@id":"https:\/\/psol50.org.br\/psol-denuncia-wajngarten-e-esposa-por-viagem-particular-feita-com-dinheiro-publico\/#breadcrumb","itemListElement":[{"@type":"ListItem","position":1,"name":"In\u00edcio","item":"https:\/\/psol50.org.br\/"},{"@type":"ListItem","position":2,"name":"PSOL denuncia Wajngarten e esposa por viagem particular feita com dinheiro p\u00fablico"}]},{"@type":"WebSite","@id":"https:\/\/psol50.org.br\/#website","url":"https:\/\/psol50.org.br\/","name":"PSOL 50","description":"Site oficial do Partido Socialismo e Liberdade","publisher":{"@id":"https:\/\/psol50.org.br\/#organization"},"alternateName":"PSOL50","potentialAction":[{"@type":"SearchAction","target":{"@type":"EntryPoint","urlTemplate":"https:\/\/psol50.org.br\/?s={search_term_string}"},"query-input":{"@type":"PropertyValueSpecification","valueRequired":true,"valueName":"search_term_string"}}],"inLanguage":"pt-BR"},{"@type":"Organization","@id":"https:\/\/psol50.org.br\/#organization","name":"PSOL 50","alternateName":"PSOL 50","url":"https:\/\/psol50.org.br\/","logo":{"@type":"ImageObject","inLanguage":"pt-BR","@id":"https:\/\/psol50.org.br\/#\/schema\/logo\/image\/","url":"https:\/\/psol50.org.br\/inc\/uploads\/2018\/07\/capa.png","contentUrl":"https:\/\/psol50.org.br\/inc\/uploads\/2018\/07\/capa.png","width":1350,"height":900,"caption":"PSOL 50"},"image":{"@id":"https:\/\/psol50.org.br\/#\/schema\/logo\/image\/"},"sameAs":["https:\/\/www.facebook.com\/psol50","https:\/\/x.com\/psol50","https:\/\/www.instagram.com\/psol50\/","https:\/\/www.youtube.com\/channel\/UC7SnJS5o1os7a6CaiNabzcg"]},{"@type":"Person","@id":"https:\/\/psol50.org.br\/#\/schema\/person\/475dfa57d0b815993c714c2e96491fcd","name":"Comunica\u00e7\u00e3o PSOL","image":{"@type":"ImageObject","inLanguage":"pt-BR","@id":"https:\/\/psol50.org.br\/#\/schema\/person\/image\/","url":"https:\/\/secure.gravatar.com\/avatar\/b34fc4f4e468a4e51785917065a3db57b841f5c95dba6ad8c73aaf8f66f8f9bf?s=96&d=mm&r=g","contentUrl":"https:\/\/secure.gravatar.com\/avatar\/b34fc4f4e468a4e51785917065a3db57b841f5c95dba6ad8c73aaf8f66f8f9bf?s=96&d=mm&r=g","caption":"Comunica\u00e7\u00e3o PSOL"}}]}},"_links":{"self":[{"href":"https:\/\/psol50.org.br\/rest\/wp\/v2\/posts\/28373","targetHints":{"allow":["GET"]}}],"collection":[{"href":"https:\/\/psol50.org.br\/rest\/wp\/v2\/posts"}],"about":[{"href":"https:\/\/psol50.org.br\/rest\/wp\/v2\/types\/post"}],"author":[{"embeddable":true,"href":"https:\/\/psol50.org.br\/rest\/wp\/v2\/users\/2"}],"replies":[{"embeddable":true,"href":"https:\/\/psol50.org.br\/rest\/wp\/v2\/comments?post=28373"}],"version-history":[{"count":0,"href":"https:\/\/psol50.org.br\/rest\/wp\/v2\/posts\/28373\/revisions"}],"wp:featuredmedia":[{"embeddable":true,"href":"https:\/\/psol50.org.br\/rest\/wp\/v2\/media\/28375"}],"wp:attachment":[{"href":"https:\/\/psol50.org.br\/rest\/wp\/v2\/media?parent=28373"}],"wp:term":[{"taxonomy":"category","embeddable":true,"href":"https:\/\/psol50.org.br\/rest\/wp\/v2\/categories?post=28373"},{"taxonomy":"post_tag","embeddable":true,"href":"https:\/\/psol50.org.br\/rest\/wp\/v2\/tags?post=28373"}],"curies":[{"name":"wp","href":"https:\/\/api.w.org\/{rel}","templated":true}]}}