{"id":28388,"date":"2020-04-22T11:24:22","date_gmt":"2020-04-22T14:24:22","guid":{"rendered":"https:\/\/psol50.org.br\/?p=28388"},"modified":"2020-04-22T11:24:22","modified_gmt":"2020-04-22T14:24:22","slug":"psol-entra-na-justica-para-bolsonaro-pagar-custos-por-queda-do-isolamento-social","status":"publish","type":"post","link":"https:\/\/psol50.org.br\/psol-entra-na-justica-para-bolsonaro-pagar-custos-por-queda-do-isolamento-social\/","title":{"rendered":"PSOL entra na Justi\u00e7a para Bolsonaro pagar custos por queda do isolamento social"},"content":{"rendered":"<p><a href=\"https:\/\/psol50.org.br\/coronavirus\/\" target=\"_blank\" rel=\"noopener noreferrer\"><img loading=\"lazy\" decoding=\"async\" class=\"alignnone size-full wp-image-27838\" src=\"https:\/\/psol50.org.br\/inc\/uploads\/2020\/03\/Banner-Site_3.png\" alt=\"\" width=\"1240\" height=\"331\" srcset=\"https:\/\/psol50.org.br\/inc\/uploads\/2020\/03\/Banner-Site_3.png 1240w, https:\/\/psol50.org.br\/inc\/uploads\/2020\/03\/Banner-Site_3-300x80.png 300w, https:\/\/psol50.org.br\/inc\/uploads\/2020\/03\/Banner-Site_3-1024x273.png 1024w, https:\/\/psol50.org.br\/inc\/uploads\/2020\/03\/Banner-Site_3-768x205.png 768w, https:\/\/psol50.org.br\/inc\/uploads\/2020\/03\/Banner-Site_3-150x40.png 150w, https:\/\/psol50.org.br\/inc\/uploads\/2020\/03\/Banner-Site_3-696x186.png 696w, https:\/\/psol50.org.br\/inc\/uploads\/2020\/03\/Banner-Site_3-1068x285.png 1068w\" sizes=\"auto, (max-width: 1240px) 100vw, 1240px\" \/><\/a><\/p>\n<p>Os deputados do PSOL Ivan Valente e Luiza Erundina, ambos de S\u00e3o Paulo, protocolaram uma a\u00e7\u00e3o civil p\u00fablica contra o presidente Jair Bolsonaro para fazer com que ele arque com os gastos adicionais que estados e munic\u00edpios ter\u00e3o para tratar do aumento do n\u00famero de infectados pelo novo coronav\u00edrus e para garantir a conten\u00e7\u00e3o da popula\u00e7\u00e3o durante o isolamento social.<\/p>\n<p>Bolsonaro incentiva a popula\u00e7\u00e3o a burlar o isolamento social e segue fazendo apari\u00e7\u00f5es p\u00fablicas e participando de manifesta\u00e7\u00f5es, o que causa aglomera\u00e7\u00f5es e aumenta o risco de cont\u00e1gio do novo coronav\u00edrus. A recomenda\u00e7\u00e3o da OMS \u00e9 para que qualquer tipo de aglomera\u00e7\u00e3o seja evitada e que o isolamento social seja respeitado, para evitar o colapso do sistema de sa\u00fade.<\/p>\n<p>Os autores da a\u00e7\u00e3o argumentam que essa postura do presidente incentiva o desrespeito \u00e0s recomenda\u00e7\u00f5es de autoridades sanit\u00e1rias e vai produzir um aumento do n\u00famero de pessoas infectadas e mortas por Covid-19. Isso vai gerar grandes gastos p\u00fablicos adicionais que n\u00e3o seriam necess\u00e1rios caso as recomenda\u00e7\u00f5es sanit\u00e1rias fossem respeitadas pela principal autoridade do pa\u00eds.<\/p>\n","protected":false},"excerpt":{"rendered":"<p>Os deputados do PSOL Ivan Valente e Luiza Erundina, ambos de S\u00e3o Paulo, protocolaram uma a\u00e7\u00e3o civil p\u00fablica contra o presidente Jair Bolsonaro para fazer com que ele arque com os gastos adicionais que estados e munic\u00edpios ter\u00e3o para tratar do aumento do n\u00famero de infectados pelo novo coronav\u00edrus e para garantir a conten\u00e7\u00e3o da [&hellip;]<\/p>\n","protected":false},"author":2,"featured_media":28390,"comment_status":"closed","ping_status":"open","sticky":false,"template":"","format":"standard","meta":{"_acf_changed":false,"footnotes":""},"categories":[10,6],"tags":[56,171,371,551,552,54,553,367,22,366],"class_list":{"0":"post-28388","1":"post","2":"type-post","3":"status-publish","4":"format-standard","5":"has-post-thumbnail","7":"category-acao-parlamentares","8":"category-noticias","9":"tag-bolsonaro","10":"tag-coronavirus","11":"tag-covid-19","12":"tag-isolamento","13":"tag-ivan-valente","14":"tag-justica","15":"tag-luiza-erundina","16":"tag-pandemia","17":"tag-psol","18":"tag-psolcontraocoronavirus"},"acf":[],"yoast_head":"<!-- This site is optimized with the Yoast SEO plugin v26.5 - https:\/\/yoast.com\/wordpress\/plugins\/seo\/ -->\n<title>PSOL entra na Justi\u00e7a para Bolsonaro pagar custos por queda do isolamento social<\/title>\n<meta name=\"description\" content=\"Bolsonaro incentiva a popula\u00e7\u00e3o a burlar o isolamento social e segue fazendo apari\u00e7\u00f5es p\u00fablicas e participando de manifesta\u00e7\u00f5es.\" \/>\n<meta name=\"robots\" content=\"index, follow, max-snippet:-1, max-image-preview:large, max-video-preview:-1\" \/>\n<link rel=\"canonical\" href=\"https:\/\/psol50.org.br\/psol-entra-na-justica-para-bolsonaro-pagar-custos-por-queda-do-isolamento-social\/\" \/>\n<meta property=\"og:locale\" content=\"pt_BR\" \/>\n<meta property=\"og:type\" content=\"article\" \/>\n<meta property=\"og:title\" content=\"PSOL entra na Justi\u00e7a para Bolsonaro pagar custos por queda do isolamento social\" \/>\n<meta property=\"og:description\" content=\"Bolsonaro incentiva a popula\u00e7\u00e3o a burlar o isolamento social e segue fazendo apari\u00e7\u00f5es p\u00fablicas e participando de manifesta\u00e7\u00f5es.\" \/>\n<meta property=\"og:url\" content=\"https:\/\/psol50.org.br\/psol-entra-na-justica-para-bolsonaro-pagar-custos-por-queda-do-isolamento-social\/\" \/>\n<meta property=\"og:site_name\" content=\"PSOL 50\" \/>\n<meta property=\"article:publisher\" content=\"https:\/\/www.facebook.com\/psol50\" \/>\n<meta property=\"article:published_time\" content=\"2020-04-22T14:24:22+00:00\" \/>\n<meta property=\"og:image\" content=\"https:\/\/psol50.org.br\/inc\/uploads\/2020\/04\/efdd5dba-80ef-4735-803e-aa88fc5f4b99.png\" \/>\n\t<meta property=\"og:image:width\" content=\"768\" \/>\n\t<meta property=\"og:image:height\" content=\"401\" \/>\n\t<meta property=\"og:image:type\" content=\"image\/png\" \/>\n<meta name=\"author\" content=\"Comunica\u00e7\u00e3o PSOL\" \/>\n<meta name=\"twitter:card\" content=\"summary_large_image\" \/>\n<meta name=\"twitter:title\" content=\"PSOL entra na Justi\u00e7a para Bolsonaro pagar custos por queda do isolamento social\" \/>\n<meta name=\"twitter:description\" content=\"Bolsonaro incentiva a popula\u00e7\u00e3o a burlar o isolamento social e segue fazendo apari\u00e7\u00f5es p\u00fablicas e participando de manifesta\u00e7\u00f5es.\" \/>\n<meta name=\"twitter:image\" content=\"https:\/\/psol50.org.br\/inc\/uploads\/2020\/04\/efdd5dba-80ef-4735-803e-aa88fc5f4b99.png\" \/>\n<meta name=\"twitter:creator\" content=\"@psol50\" \/>\n<meta name=\"twitter:site\" content=\"@psol50\" \/>\n<meta name=\"twitter:label1\" content=\"Escrito por\" \/>\n\t<meta name=\"twitter:data1\" content=\"Comunica\u00e7\u00e3o PSOL\" \/>\n\t<meta name=\"twitter:label2\" content=\"Est. tempo de leitura\" \/>\n\t<meta name=\"twitter:data2\" content=\"1 minuto\" \/>\n<script type=\"application\/ld+json\" class=\"yoast-schema-graph\">{\"@context\":\"https:\/\/schema.org\",\"@graph\":[{\"@type\":\"Article\",\"@id\":\"https:\/\/psol50.org.br\/psol-entra-na-justica-para-bolsonaro-pagar-custos-por-queda-do-isolamento-social\/#article\",\"isPartOf\":{\"@id\":\"https:\/\/psol50.org.br\/psol-entra-na-justica-para-bolsonaro-pagar-custos-por-queda-do-isolamento-social\/\"},\"author\":{\"name\":\"Comunica\u00e7\u00e3o PSOL\",\"@id\":\"https:\/\/psol50.org.br\/#\/schema\/person\/475dfa57d0b815993c714c2e96491fcd\"},\"headline\":\"PSOL entra na Justi\u00e7a para Bolsonaro pagar custos por queda do isolamento social\",\"datePublished\":\"2020-04-22T14:24:22+00:00\",\"mainEntityOfPage\":{\"@id\":\"https:\/\/psol50.org.br\/psol-entra-na-justica-para-bolsonaro-pagar-custos-por-queda-do-isolamento-social\/\"},\"wordCount\":215,\"publisher\":{\"@id\":\"https:\/\/psol50.org.br\/#organization\"},\"image\":{\"@id\":\"https:\/\/psol50.org.br\/psol-entra-na-justica-para-bolsonaro-pagar-custos-por-queda-do-isolamento-social\/#primaryimage\"},\"thumbnailUrl\":\"https:\/\/psol50.org.br\/inc\/uploads\/2020\/04\/efdd5dba-80ef-4735-803e-aa88fc5f4b99.png\",\"keywords\":[\"Bolsonaro\",\"coronav\u00edrus\",\"covid-19\",\"isolamento\",\"Ivan Valente\",\"justi\u00e7a\",\"Luiza Erundina\",\"pandemia\",\"PSOL\",\"psolcontraocoronavirus\"],\"articleSection\":[\"A\u00e7\u00e3o Parlamentar\",\"Not\u00edcias\"],\"inLanguage\":\"pt-BR\"},{\"@type\":\"WebPage\",\"@id\":\"https:\/\/psol50.org.br\/psol-entra-na-justica-para-bolsonaro-pagar-custos-por-queda-do-isolamento-social\/\",\"url\":\"https:\/\/psol50.org.br\/psol-entra-na-justica-para-bolsonaro-pagar-custos-por-queda-do-isolamento-social\/\",\"name\":\"PSOL entra na Justi\u00e7a para Bolsonaro pagar custos por queda do isolamento social\",\"isPartOf\":{\"@id\":\"https:\/\/psol50.org.br\/#website\"},\"primaryImageOfPage\":{\"@id\":\"https:\/\/psol50.org.br\/psol-entra-na-justica-para-bolsonaro-pagar-custos-por-queda-do-isolamento-social\/#primaryimage\"},\"image\":{\"@id\":\"https:\/\/psol50.org.br\/psol-entra-na-justica-para-bolsonaro-pagar-custos-por-queda-do-isolamento-social\/#primaryimage\"},\"thumbnailUrl\":\"https:\/\/psol50.org.br\/inc\/uploads\/2020\/04\/efdd5dba-80ef-4735-803e-aa88fc5f4b99.png\",\"datePublished\":\"2020-04-22T14:24:22+00:00\",\"description\":\"Bolsonaro incentiva a popula\u00e7\u00e3o a burlar o isolamento social e segue fazendo apari\u00e7\u00f5es p\u00fablicas e participando de manifesta\u00e7\u00f5es.\",\"breadcrumb\":{\"@id\":\"https:\/\/psol50.org.br\/psol-entra-na-justica-para-bolsonaro-pagar-custos-por-queda-do-isolamento-social\/#breadcrumb\"},\"inLanguage\":\"pt-BR\",\"potentialAction\":[{\"@type\":\"ReadAction\",\"target\":[\"https:\/\/psol50.org.br\/psol-entra-na-justica-para-bolsonaro-pagar-custos-por-queda-do-isolamento-social\/\"]}]},{\"@type\":\"ImageObject\",\"inLanguage\":\"pt-BR\",\"@id\":\"https:\/\/psol50.org.br\/psol-entra-na-justica-para-bolsonaro-pagar-custos-por-queda-do-isolamento-social\/#primaryimage\",\"url\":\"https:\/\/psol50.org.br\/inc\/uploads\/2020\/04\/efdd5dba-80ef-4735-803e-aa88fc5f4b99.png\",\"contentUrl\":\"https:\/\/psol50.org.br\/inc\/uploads\/2020\/04\/efdd5dba-80ef-4735-803e-aa88fc5f4b99.png\",\"width\":768,\"height\":401,\"caption\":\"Foto: Gabriela Bil\u00f3\"},{\"@type\":\"BreadcrumbList\",\"@id\":\"https:\/\/psol50.org.br\/psol-entra-na-justica-para-bolsonaro-pagar-custos-por-queda-do-isolamento-social\/#breadcrumb\",\"itemListElement\":[{\"@type\":\"ListItem\",\"position\":1,\"name\":\"In\u00edcio\",\"item\":\"https:\/\/psol50.org.br\/\"},{\"@type\":\"ListItem\",\"position\":2,\"name\":\"PSOL entra na Justi\u00e7a para Bolsonaro pagar custos por queda do isolamento social\"}]},{\"@type\":\"WebSite\",\"@id\":\"https:\/\/psol50.org.br\/#website\",\"url\":\"https:\/\/psol50.org.br\/\",\"name\":\"PSOL 50\",\"description\":\"Site oficial do Partido Socialismo e Liberdade\",\"publisher\":{\"@id\":\"https:\/\/psol50.org.br\/#organization\"},\"alternateName\":\"PSOL50\",\"potentialAction\":[{\"@type\":\"SearchAction\",\"target\":{\"@type\":\"EntryPoint\",\"urlTemplate\":\"https:\/\/psol50.org.br\/?s={search_term_string}\"},\"query-input\":{\"@type\":\"PropertyValueSpecification\",\"valueRequired\":true,\"valueName\":\"search_term_string\"}}],\"inLanguage\":\"pt-BR\"},{\"@type\":\"Organization\",\"@id\":\"https:\/\/psol50.org.br\/#organization\",\"name\":\"PSOL 50\",\"alternateName\":\"PSOL 50\",\"url\":\"https:\/\/psol50.org.br\/\",\"logo\":{\"@type\":\"ImageObject\",\"inLanguage\":\"pt-BR\",\"@id\":\"https:\/\/psol50.org.br\/#\/schema\/logo\/image\/\",\"url\":\"https:\/\/psol50.org.br\/inc\/uploads\/2018\/07\/capa.png\",\"contentUrl\":\"https:\/\/psol50.org.br\/inc\/uploads\/2018\/07\/capa.png\",\"width\":1350,\"height\":900,\"caption\":\"PSOL 50\"},\"image\":{\"@id\":\"https:\/\/psol50.org.br\/#\/schema\/logo\/image\/\"},\"sameAs\":[\"https:\/\/www.facebook.com\/psol50\",\"https:\/\/x.com\/psol50\",\"https:\/\/www.instagram.com\/psol50\/\",\"https:\/\/www.youtube.com\/channel\/UC7SnJS5o1os7a6CaiNabzcg\"]},{\"@type\":\"Person\",\"@id\":\"https:\/\/psol50.org.br\/#\/schema\/person\/475dfa57d0b815993c714c2e96491fcd\",\"name\":\"Comunica\u00e7\u00e3o PSOL\",\"image\":{\"@type\":\"ImageObject\",\"inLanguage\":\"pt-BR\",\"@id\":\"https:\/\/psol50.org.br\/#\/schema\/person\/image\/\",\"url\":\"https:\/\/secure.gravatar.com\/avatar\/b34fc4f4e468a4e51785917065a3db57b841f5c95dba6ad8c73aaf8f66f8f9bf?s=96&d=mm&r=g\",\"contentUrl\":\"https:\/\/secure.gravatar.com\/avatar\/b34fc4f4e468a4e51785917065a3db57b841f5c95dba6ad8c73aaf8f66f8f9bf?s=96&d=mm&r=g\",\"caption\":\"Comunica\u00e7\u00e3o PSOL\"}}]}<\/script>\n<!-- \/ Yoast SEO plugin. -->","yoast_head_json":{"title":"PSOL entra na Justi\u00e7a para Bolsonaro pagar custos por queda do isolamento social","description":"Bolsonaro incentiva a popula\u00e7\u00e3o a burlar o isolamento social e segue fazendo apari\u00e7\u00f5es p\u00fablicas e participando de manifesta\u00e7\u00f5es.","robots":{"index":"index","follow":"follow","max-snippet":"max-snippet:-1","max-image-preview":"max-image-preview:large","max-video-preview":"max-video-preview:-1"},"canonical":"https:\/\/psol50.org.br\/psol-entra-na-justica-para-bolsonaro-pagar-custos-por-queda-do-isolamento-social\/","og_locale":"pt_BR","og_type":"article","og_title":"PSOL entra na Justi\u00e7a para Bolsonaro pagar custos por queda do isolamento social","og_description":"Bolsonaro incentiva a popula\u00e7\u00e3o a burlar o isolamento social e segue fazendo apari\u00e7\u00f5es p\u00fablicas e participando de manifesta\u00e7\u00f5es.","og_url":"https:\/\/psol50.org.br\/psol-entra-na-justica-para-bolsonaro-pagar-custos-por-queda-do-isolamento-social\/","og_site_name":"PSOL 50","article_publisher":"https:\/\/www.facebook.com\/psol50","article_published_time":"2020-04-22T14:24:22+00:00","og_image":[{"width":768,"height":401,"url":"https:\/\/psol50.org.br\/inc\/uploads\/2020\/04\/efdd5dba-80ef-4735-803e-aa88fc5f4b99.png","type":"image\/png"}],"author":"Comunica\u00e7\u00e3o PSOL","twitter_card":"summary_large_image","twitter_title":"PSOL entra na Justi\u00e7a para Bolsonaro pagar custos por queda do isolamento social","twitter_description":"Bolsonaro incentiva a popula\u00e7\u00e3o a burlar o isolamento social e segue fazendo apari\u00e7\u00f5es p\u00fablicas e participando de manifesta\u00e7\u00f5es.","twitter_image":"https:\/\/psol50.org.br\/inc\/uploads\/2020\/04\/efdd5dba-80ef-4735-803e-aa88fc5f4b99.png","twitter_creator":"@psol50","twitter_site":"@psol50","twitter_misc":{"Escrito por":"Comunica\u00e7\u00e3o PSOL","Est. tempo de leitura":"1 minuto"},"schema":{"@context":"https:\/\/schema.org","@graph":[{"@type":"Article","@id":"https:\/\/psol50.org.br\/psol-entra-na-justica-para-bolsonaro-pagar-custos-por-queda-do-isolamento-social\/#article","isPartOf":{"@id":"https:\/\/psol50.org.br\/psol-entra-na-justica-para-bolsonaro-pagar-custos-por-queda-do-isolamento-social\/"},"author":{"name":"Comunica\u00e7\u00e3o PSOL","@id":"https:\/\/psol50.org.br\/#\/schema\/person\/475dfa57d0b815993c714c2e96491fcd"},"headline":"PSOL entra na Justi\u00e7a para Bolsonaro pagar custos por queda do isolamento social","datePublished":"2020-04-22T14:24:22+00:00","mainEntityOfPage":{"@id":"https:\/\/psol50.org.br\/psol-entra-na-justica-para-bolsonaro-pagar-custos-por-queda-do-isolamento-social\/"},"wordCount":215,"publisher":{"@id":"https:\/\/psol50.org.br\/#organization"},"image":{"@id":"https:\/\/psol50.org.br\/psol-entra-na-justica-para-bolsonaro-pagar-custos-por-queda-do-isolamento-social\/#primaryimage"},"thumbnailUrl":"https:\/\/psol50.org.br\/inc\/uploads\/2020\/04\/efdd5dba-80ef-4735-803e-aa88fc5f4b99.png","keywords":["Bolsonaro","coronav\u00edrus","covid-19","isolamento","Ivan Valente","justi\u00e7a","Luiza Erundina","pandemia","PSOL","psolcontraocoronavirus"],"articleSection":["A\u00e7\u00e3o Parlamentar","Not\u00edcias"],"inLanguage":"pt-BR"},{"@type":"WebPage","@id":"https:\/\/psol50.org.br\/psol-entra-na-justica-para-bolsonaro-pagar-custos-por-queda-do-isolamento-social\/","url":"https:\/\/psol50.org.br\/psol-entra-na-justica-para-bolsonaro-pagar-custos-por-queda-do-isolamento-social\/","name":"PSOL entra na Justi\u00e7a para Bolsonaro pagar custos por queda do isolamento social","isPartOf":{"@id":"https:\/\/psol50.org.br\/#website"},"primaryImageOfPage":{"@id":"https:\/\/psol50.org.br\/psol-entra-na-justica-para-bolsonaro-pagar-custos-por-queda-do-isolamento-social\/#primaryimage"},"image":{"@id":"https:\/\/psol50.org.br\/psol-entra-na-justica-para-bolsonaro-pagar-custos-por-queda-do-isolamento-social\/#primaryimage"},"thumbnailUrl":"https:\/\/psol50.org.br\/inc\/uploads\/2020\/04\/efdd5dba-80ef-4735-803e-aa88fc5f4b99.png","datePublished":"2020-04-22T14:24:22+00:00","description":"Bolsonaro incentiva a popula\u00e7\u00e3o a burlar o isolamento social e segue fazendo apari\u00e7\u00f5es p\u00fablicas e participando de manifesta\u00e7\u00f5es.","breadcrumb":{"@id":"https:\/\/psol50.org.br\/psol-entra-na-justica-para-bolsonaro-pagar-custos-por-queda-do-isolamento-social\/#breadcrumb"},"inLanguage":"pt-BR","potentialAction":[{"@type":"ReadAction","target":["https:\/\/psol50.org.br\/psol-entra-na-justica-para-bolsonaro-pagar-custos-por-queda-do-isolamento-social\/"]}]},{"@type":"ImageObject","inLanguage":"pt-BR","@id":"https:\/\/psol50.org.br\/psol-entra-na-justica-para-bolsonaro-pagar-custos-por-queda-do-isolamento-social\/#primaryimage","url":"https:\/\/psol50.org.br\/inc\/uploads\/2020\/04\/efdd5dba-80ef-4735-803e-aa88fc5f4b99.png","contentUrl":"https:\/\/psol50.org.br\/inc\/uploads\/2020\/04\/efdd5dba-80ef-4735-803e-aa88fc5f4b99.png","width":768,"height":401,"caption":"Foto: Gabriela Bil\u00f3"},{"@type":"BreadcrumbList","@id":"https:\/\/psol50.org.br\/psol-entra-na-justica-para-bolsonaro-pagar-custos-por-queda-do-isolamento-social\/#breadcrumb","itemListElement":[{"@type":"ListItem","position":1,"name":"In\u00edcio","item":"https:\/\/psol50.org.br\/"},{"@type":"ListItem","position":2,"name":"PSOL entra na Justi\u00e7a para Bolsonaro pagar custos por queda do isolamento social"}]},{"@type":"WebSite","@id":"https:\/\/psol50.org.br\/#website","url":"https:\/\/psol50.org.br\/","name":"PSOL 50","description":"Site oficial do Partido Socialismo e Liberdade","publisher":{"@id":"https:\/\/psol50.org.br\/#organization"},"alternateName":"PSOL50","potentialAction":[{"@type":"SearchAction","target":{"@type":"EntryPoint","urlTemplate":"https:\/\/psol50.org.br\/?s={search_term_string}"},"query-input":{"@type":"PropertyValueSpecification","valueRequired":true,"valueName":"search_term_string"}}],"inLanguage":"pt-BR"},{"@type":"Organization","@id":"https:\/\/psol50.org.br\/#organization","name":"PSOL 50","alternateName":"PSOL 50","url":"https:\/\/psol50.org.br\/","logo":{"@type":"ImageObject","inLanguage":"pt-BR","@id":"https:\/\/psol50.org.br\/#\/schema\/logo\/image\/","url":"https:\/\/psol50.org.br\/inc\/uploads\/2018\/07\/capa.png","contentUrl":"https:\/\/psol50.org.br\/inc\/uploads\/2018\/07\/capa.png","width":1350,"height":900,"caption":"PSOL 50"},"image":{"@id":"https:\/\/psol50.org.br\/#\/schema\/logo\/image\/"},"sameAs":["https:\/\/www.facebook.com\/psol50","https:\/\/x.com\/psol50","https:\/\/www.instagram.com\/psol50\/","https:\/\/www.youtube.com\/channel\/UC7SnJS5o1os7a6CaiNabzcg"]},{"@type":"Person","@id":"https:\/\/psol50.org.br\/#\/schema\/person\/475dfa57d0b815993c714c2e96491fcd","name":"Comunica\u00e7\u00e3o PSOL","image":{"@type":"ImageObject","inLanguage":"pt-BR","@id":"https:\/\/psol50.org.br\/#\/schema\/person\/image\/","url":"https:\/\/secure.gravatar.com\/avatar\/b34fc4f4e468a4e51785917065a3db57b841f5c95dba6ad8c73aaf8f66f8f9bf?s=96&d=mm&r=g","contentUrl":"https:\/\/secure.gravatar.com\/avatar\/b34fc4f4e468a4e51785917065a3db57b841f5c95dba6ad8c73aaf8f66f8f9bf?s=96&d=mm&r=g","caption":"Comunica\u00e7\u00e3o PSOL"}}]}},"_links":{"self":[{"href":"https:\/\/psol50.org.br\/rest\/wp\/v2\/posts\/28388","targetHints":{"allow":["GET"]}}],"collection":[{"href":"https:\/\/psol50.org.br\/rest\/wp\/v2\/posts"}],"about":[{"href":"https:\/\/psol50.org.br\/rest\/wp\/v2\/types\/post"}],"author":[{"embeddable":true,"href":"https:\/\/psol50.org.br\/rest\/wp\/v2\/users\/2"}],"replies":[{"embeddable":true,"href":"https:\/\/psol50.org.br\/rest\/wp\/v2\/comments?post=28388"}],"version-history":[{"count":0,"href":"https:\/\/psol50.org.br\/rest\/wp\/v2\/posts\/28388\/revisions"}],"wp:featuredmedia":[{"embeddable":true,"href":"https:\/\/psol50.org.br\/rest\/wp\/v2\/media\/28390"}],"wp:attachment":[{"href":"https:\/\/psol50.org.br\/rest\/wp\/v2\/media?parent=28388"}],"wp:term":[{"taxonomy":"category","embeddable":true,"href":"https:\/\/psol50.org.br\/rest\/wp\/v2\/categories?post=28388"},{"taxonomy":"post_tag","embeddable":true,"href":"https:\/\/psol50.org.br\/rest\/wp\/v2\/tags?post=28388"}],"curies":[{"name":"wp","href":"https:\/\/api.w.org\/{rel}","templated":true}]}}