{"id":28410,"date":"2020-04-22T12:43:53","date_gmt":"2020-04-22T15:43:53","guid":{"rendered":"https:\/\/psol50.org.br\/?p=28410"},"modified":"2020-04-22T12:43:53","modified_gmt":"2020-04-22T15:43:53","slug":"artigo-parar-pela-vida-fora-bolsonaro-e-mourao","status":"publish","type":"post","link":"https:\/\/psol50.org.br\/artigo-parar-pela-vida-fora-bolsonaro-e-mourao\/","title":{"rendered":"Artigo | Parar pela vida, Fora Bolsonaro e Mour\u00e3o!"},"content":{"rendered":"<p><em><strong>Por Thaianne de Souza, da Constru\u00e7\u00e3o Socialista e que constr\u00f3i o Coletivo Feminista Marielle Vive \/RJ<\/strong><\/em><\/p>\n<p>A classe trabalhadora\u00a0do mundo todo vivencia uma condi\u00e7\u00e3o dram\u00e1tica na sua exist\u00eancia. A situa\u00e7\u00e3o de miserabilidade e de carestia, que j\u00e1 era a realidade da maioria da popula\u00e7\u00e3o antes da pandemia do COVID 19, se agrava.<\/p>\n<p>A crueldade a que o capitalismo submete a maioria da popula\u00e7\u00e3o cotidianamente est\u00e1 escancarada. Quando, mesmo diante dos n\u00edveis tecnol\u00f3gicos e possibilidades cient\u00edficas, o \u00fanico m\u00e9todo vi\u00e1vel de evitar o cont\u00e1gio em massa \u00e9 uma medida medieval, o isolamento, mesmo isto \u00e9 negado a uma parcela gigantesca da popula\u00e7\u00e3o, n\u00e3o h\u00e1 como mascarar a barb\u00e1rie do sistema.<\/p>\n<p>A popula\u00e7\u00e3o das favelas brasileiras enfrenta dificuldades para parar e se proteger: moradias pequenas e com muitas pessoas, falta de \u00e1gua e at\u00e9 de saneamento b\u00e1sico. Uma pesquisa revela que cerca de 13,6 milh\u00f5es de pessoas moram em favelas e que 7 em cada 10 fam\u00edlias tiveram a renda reduzida devido \u00e0 pandemia, sendo que 49% das fam\u00edlias nas favelas s\u00e3o chefiadas por mulheres e 67% dos moradores s\u00e3o negros.<\/p>\n<p>Mais de 20% da popula\u00e7\u00e3o do Rio de Janeiro vive nas favelas e em pelo menos 11 favelas j\u00e1 foram registrados casos suspeitos de coronav\u00edrus, mas at\u00e9 agora o poder p\u00fablico foi incapaz de oferecer solu\u00e7\u00f5es espec\u00edficas para estes locais.<\/p>\n<p>O que se v\u00ea em v\u00e1rias localidades s\u00e3o os traficantes de drogas e os milicianos ditarem as medidas contra a propaga\u00e7\u00e3o do v\u00edrus, em alguns casos impondo toque de recolher e com amea\u00e7as de viol\u00eancia f\u00edsica. Como combater a pandemia se o Estado n\u00e3o oferece as m\u00ednimas condi\u00e7\u00f5es econ\u00f4micas e sociais aos trabalhadores negros e pobres?<\/p>\n<p>Neste sentido o nosso olhar precisa estar voltado para as mulheres, al\u00e9m de serem a maioria entre os trabalhadores da \u00e1rea da sa\u00fade, que permanecem na linha de frente do combate \u00e0 pandemia, s\u00e3o as exclu\u00eddas do direito de parar.<\/p>\n<p>No Rio de Janeiro a primeira morte registrada por coronav\u00edrus foi de uma mulher de 63 anos que trabalhava como dom\u00e9stica em uma casa no Leblon (bairro nobre localizado na Zona Sul). Ela contraiu o v\u00edrus da patroa que havia voltado da It\u00e1lia (um dos pa\u00edses com mais mortes por coronav\u00edrus). O caso levantou a discuss\u00e3o para a situa\u00e7\u00e3o das trabalhadoras dom\u00e9sticas, formais e informais, em meio \u00e0 crise.<\/p>\n<p>No Brasil as mulheres est\u00e3o mais sujeitas \u00e0 informalidade do que os homens. For\u00e7adas pela necessidade de complementar a renda familiar e, muitas vezes, pela responsabilidade de chefiar suas fam\u00edlias, aceitam empregos com pouco ou nenhum direito. Durante a pandemia, precisam escolher entre sair para trabalhar (correndo o risco de se infectarem no trajeto ou mesmo na casa dos patr\u00f5es) ou morrer de fome.<\/p>\n<p><strong>A VIOL\u00caNCIA CONTRA A MULHER<\/strong><\/p>\n<p>Para proteger a si e suas fam\u00edlias do coronav\u00edrus, milhares de mulheres (aquelas que podem) adotam o isolamento social. E, como se j\u00e1 n\u00e3o bastasse o aumento da sobrecarga de trabalho dom\u00e9stico, intensificado pelo fechamento de creches e escolas, as mulheres ainda enfrentam o aumento da exposi\u00e7\u00e3o \u00e0 viol\u00eancia.<\/p>\n<p>At\u00e9 o dia 23 de mar\u00e7o (menos de uma semana depois do decreto de quarentena), a Justi\u00e7a Estadual do Rio de Janeiro j\u00e1 havia registrado um aumento de 50% nos casos de viol\u00eancia dom\u00e9stica. Para muitas mulheres, ficar em quarentena pode significar estar confinada com o seu agressor, j\u00e1 que a maior parte da viol\u00eancia contra mulher acontece dentro de casa.<\/p>\n<p>O coronav\u00edrus n\u00e3o escolhe a ra\u00e7a, a classe e nem o g\u00eanero que ir\u00e1 infectar, mas, com certeza, as pol\u00edticas do Estado e a forma como s\u00e3o implementadas ditam quem vai viver e quem deve morrer.<\/p>\n<p>O desafio que est\u00e1 colocado para as organiza\u00e7\u00f5es da esquerda socialista \u00e9 o de, em primeiro lugar, cobrir de solidariedade as mulheres, que s\u00e3o as maiores v\u00edtimas, e, tamb\u00e9m n\u00e3o abrir m\u00e3o de defender a pol\u00edtica de enfrentar a l\u00f3gica do lucro imposta por Bolsonaro e patr\u00f5es. \u00c9 preciso \u201cparar pela vida\u201d.<\/p>\n<p>\u00c9 imprescind\u00edvel continuar denunciando este governo genocida e ultraliberal, se \u00e9 verdade que hoje nos faltam as ruas para ecoar o nosso grito, \u201cFora Bolsonaro e Mour\u00e3o\u201d, temos as nossas janelas, e meios virtuais para combater a hipocrisia dos banqueiros e da burguesia, que, com as suas campanhas de solidariedade anunciadas pela Rede Globo, querem apenas enganar a popula\u00e7\u00e3o de que est\u00e3o preocupados com a vida do povo.<\/p>\n","protected":false},"excerpt":{"rendered":"<p>Por Thaianne de Souza, da Constru\u00e7\u00e3o Socialista e que constr\u00f3i o Coletivo Feminista Marielle Vive \/RJ A classe trabalhadora\u00a0do mundo todo vivencia uma condi\u00e7\u00e3o dram\u00e1tica na sua exist\u00eancia. A situa\u00e7\u00e3o de miserabilidade e de carestia, que j\u00e1 era a realidade da maioria da popula\u00e7\u00e3o antes da pandemia do COVID 19, se agrava. A crueldade a [&hellip;]<\/p>\n","protected":false},"author":2,"featured_media":28412,"comment_status":"closed","ping_status":"open","sticky":false,"template":"","format":"standard","meta":{"_acf_changed":false,"footnotes":""},"categories":[49],"tags":[171,371,407,4,367],"class_list":{"0":"post-28410","1":"post","2":"type-post","3":"status-publish","4":"format-standard","5":"has-post-thumbnail","7":"category-mulheres","8":"tag-coronavirus","9":"tag-covid-19","10":"tag-fora-bolsonaro","11":"tag-mulheres","12":"tag-pandemia"},"acf":[],"yoast_head":"<!-- This site is optimized with the Yoast SEO plugin v26.5 - https:\/\/yoast.com\/wordpress\/plugins\/seo\/ -->\n<title>Artigo | Parar pela vida, Fora Bolsonaro e Mour\u00e3o! - PSOL 50<\/title>\n<meta name=\"description\" content=\"Se \u00e9 verdade que hoje nos faltam as ruas para ecoar o nosso grito de \u201cFora Bolsonaro e Mour\u00e3o\u201d, temos as nossas janelas e meios virtuais.\" \/>\n<meta name=\"robots\" content=\"index, follow, max-snippet:-1, max-image-preview:large, max-video-preview:-1\" \/>\n<link rel=\"canonical\" href=\"https:\/\/psol50.org.br\/artigo-parar-pela-vida-fora-bolsonaro-e-mourao\/\" \/>\n<meta property=\"og:locale\" content=\"pt_BR\" \/>\n<meta property=\"og:type\" content=\"article\" \/>\n<meta property=\"og:title\" content=\"Artigo | Parar pela vida, Fora Bolsonaro e Mour\u00e3o!\" \/>\n<meta property=\"og:description\" content=\"Se \u00e9 verdade que hoje nos faltam as ruas para ecoar o nosso grito de \u201cFora Bolsonaro e Mour\u00e3o\u201d, temos as nossas janelas e meios virtuais.\" \/>\n<meta property=\"og:url\" content=\"https:\/\/psol50.org.br\/artigo-parar-pela-vida-fora-bolsonaro-e-mourao\/\" \/>\n<meta property=\"og:site_name\" content=\"PSOL 50\" \/>\n<meta property=\"article:publisher\" content=\"https:\/\/www.facebook.com\/psol50\" \/>\n<meta property=\"article:published_time\" content=\"2020-04-22T15:43:53+00:00\" \/>\n<meta property=\"og:image\" content=\"https:\/\/psol50.org.br\/inc\/uploads\/2020\/04\/bolsonaro-panelacos.jpg\" \/>\n\t<meta property=\"og:image:width\" content=\"1200\" \/>\n\t<meta property=\"og:image:height\" content=\"754\" \/>\n\t<meta property=\"og:image:type\" content=\"image\/jpeg\" \/>\n<meta name=\"author\" content=\"Comunica\u00e7\u00e3o PSOL\" \/>\n<meta name=\"twitter:card\" content=\"summary_large_image\" \/>\n<meta name=\"twitter:title\" content=\"Artigo | Parar pela vida, Fora Bolsonaro e Mour\u00e3o!\" \/>\n<meta name=\"twitter:description\" content=\"Se \u00e9 verdade que hoje nos faltam as ruas para ecoar o nosso grito de \u201cFora Bolsonaro e Mour\u00e3o\u201d, temos as nossas janelas e meios virtuais.\" \/>\n<meta name=\"twitter:image\" content=\"https:\/\/psol50.org.br\/inc\/uploads\/2020\/04\/bolsonaro-panelacos.jpg\" \/>\n<meta name=\"twitter:creator\" content=\"@psol50\" \/>\n<meta name=\"twitter:site\" content=\"@psol50\" \/>\n<meta name=\"twitter:label1\" content=\"Escrito por\" \/>\n\t<meta name=\"twitter:data1\" content=\"Comunica\u00e7\u00e3o PSOL\" \/>\n\t<meta name=\"twitter:label2\" content=\"Est. tempo de leitura\" \/>\n\t<meta name=\"twitter:data2\" content=\"4 minutos\" \/>\n<script type=\"application\/ld+json\" class=\"yoast-schema-graph\">{\"@context\":\"https:\/\/schema.org\",\"@graph\":[{\"@type\":\"Article\",\"@id\":\"https:\/\/psol50.org.br\/artigo-parar-pela-vida-fora-bolsonaro-e-mourao\/#article\",\"isPartOf\":{\"@id\":\"https:\/\/psol50.org.br\/artigo-parar-pela-vida-fora-bolsonaro-e-mourao\/\"},\"author\":{\"name\":\"Comunica\u00e7\u00e3o PSOL\",\"@id\":\"https:\/\/psol50.org.br\/#\/schema\/person\/475dfa57d0b815993c714c2e96491fcd\"},\"headline\":\"Artigo | Parar pela vida, Fora Bolsonaro e Mour\u00e3o!\",\"datePublished\":\"2020-04-22T15:43:53+00:00\",\"mainEntityOfPage\":{\"@id\":\"https:\/\/psol50.org.br\/artigo-parar-pela-vida-fora-bolsonaro-e-mourao\/\"},\"wordCount\":795,\"publisher\":{\"@id\":\"https:\/\/psol50.org.br\/#organization\"},\"image\":{\"@id\":\"https:\/\/psol50.org.br\/artigo-parar-pela-vida-fora-bolsonaro-e-mourao\/#primaryimage\"},\"thumbnailUrl\":\"https:\/\/psol50.org.br\/inc\/uploads\/2020\/04\/bolsonaro-panelacos.jpg\",\"keywords\":[\"coronav\u00edrus\",\"covid-19\",\"Fora Bolsonaro\",\"mulheres\",\"pandemia\"],\"articleSection\":[\"Mulheres\"],\"inLanguage\":\"pt-BR\"},{\"@type\":\"WebPage\",\"@id\":\"https:\/\/psol50.org.br\/artigo-parar-pela-vida-fora-bolsonaro-e-mourao\/\",\"url\":\"https:\/\/psol50.org.br\/artigo-parar-pela-vida-fora-bolsonaro-e-mourao\/\",\"name\":\"Artigo | Parar pela vida, Fora Bolsonaro e Mour\u00e3o! - PSOL 50\",\"isPartOf\":{\"@id\":\"https:\/\/psol50.org.br\/#website\"},\"primaryImageOfPage\":{\"@id\":\"https:\/\/psol50.org.br\/artigo-parar-pela-vida-fora-bolsonaro-e-mourao\/#primaryimage\"},\"image\":{\"@id\":\"https:\/\/psol50.org.br\/artigo-parar-pela-vida-fora-bolsonaro-e-mourao\/#primaryimage\"},\"thumbnailUrl\":\"https:\/\/psol50.org.br\/inc\/uploads\/2020\/04\/bolsonaro-panelacos.jpg\",\"datePublished\":\"2020-04-22T15:43:53+00:00\",\"description\":\"Se \u00e9 verdade que hoje nos faltam as ruas para ecoar o nosso grito de \u201cFora Bolsonaro e Mour\u00e3o\u201d, temos as nossas janelas e meios virtuais.\",\"breadcrumb\":{\"@id\":\"https:\/\/psol50.org.br\/artigo-parar-pela-vida-fora-bolsonaro-e-mourao\/#breadcrumb\"},\"inLanguage\":\"pt-BR\",\"potentialAction\":[{\"@type\":\"ReadAction\",\"target\":[\"https:\/\/psol50.org.br\/artigo-parar-pela-vida-fora-bolsonaro-e-mourao\/\"]}]},{\"@type\":\"ImageObject\",\"inLanguage\":\"pt-BR\",\"@id\":\"https:\/\/psol50.org.br\/artigo-parar-pela-vida-fora-bolsonaro-e-mourao\/#primaryimage\",\"url\":\"https:\/\/psol50.org.br\/inc\/uploads\/2020\/04\/bolsonaro-panelacos.jpg\",\"contentUrl\":\"https:\/\/psol50.org.br\/inc\/uploads\/2020\/04\/bolsonaro-panelacos.jpg\",\"width\":1200,\"height\":754,\"caption\":\"Foto: Reprodu\u00e7\u00e3o\"},{\"@type\":\"BreadcrumbList\",\"@id\":\"https:\/\/psol50.org.br\/artigo-parar-pela-vida-fora-bolsonaro-e-mourao\/#breadcrumb\",\"itemListElement\":[{\"@type\":\"ListItem\",\"position\":1,\"name\":\"In\u00edcio\",\"item\":\"https:\/\/psol50.org.br\/\"},{\"@type\":\"ListItem\",\"position\":2,\"name\":\"Artigo | Parar pela vida, Fora Bolsonaro e Mour\u00e3o!\"}]},{\"@type\":\"WebSite\",\"@id\":\"https:\/\/psol50.org.br\/#website\",\"url\":\"https:\/\/psol50.org.br\/\",\"name\":\"PSOL 50\",\"description\":\"Site oficial do Partido Socialismo e Liberdade\",\"publisher\":{\"@id\":\"https:\/\/psol50.org.br\/#organization\"},\"alternateName\":\"PSOL50\",\"potentialAction\":[{\"@type\":\"SearchAction\",\"target\":{\"@type\":\"EntryPoint\",\"urlTemplate\":\"https:\/\/psol50.org.br\/?s={search_term_string}\"},\"query-input\":{\"@type\":\"PropertyValueSpecification\",\"valueRequired\":true,\"valueName\":\"search_term_string\"}}],\"inLanguage\":\"pt-BR\"},{\"@type\":\"Organization\",\"@id\":\"https:\/\/psol50.org.br\/#organization\",\"name\":\"PSOL 50\",\"alternateName\":\"PSOL 50\",\"url\":\"https:\/\/psol50.org.br\/\",\"logo\":{\"@type\":\"ImageObject\",\"inLanguage\":\"pt-BR\",\"@id\":\"https:\/\/psol50.org.br\/#\/schema\/logo\/image\/\",\"url\":\"https:\/\/psol50.org.br\/inc\/uploads\/2018\/07\/capa.png\",\"contentUrl\":\"https:\/\/psol50.org.br\/inc\/uploads\/2018\/07\/capa.png\",\"width\":1350,\"height\":900,\"caption\":\"PSOL 50\"},\"image\":{\"@id\":\"https:\/\/psol50.org.br\/#\/schema\/logo\/image\/\"},\"sameAs\":[\"https:\/\/www.facebook.com\/psol50\",\"https:\/\/x.com\/psol50\",\"https:\/\/www.instagram.com\/psol50\/\",\"https:\/\/www.youtube.com\/channel\/UC7SnJS5o1os7a6CaiNabzcg\"]},{\"@type\":\"Person\",\"@id\":\"https:\/\/psol50.org.br\/#\/schema\/person\/475dfa57d0b815993c714c2e96491fcd\",\"name\":\"Comunica\u00e7\u00e3o PSOL\",\"image\":{\"@type\":\"ImageObject\",\"inLanguage\":\"pt-BR\",\"@id\":\"https:\/\/psol50.org.br\/#\/schema\/person\/image\/\",\"url\":\"https:\/\/secure.gravatar.com\/avatar\/b34fc4f4e468a4e51785917065a3db57b841f5c95dba6ad8c73aaf8f66f8f9bf?s=96&d=mm&r=g\",\"contentUrl\":\"https:\/\/secure.gravatar.com\/avatar\/b34fc4f4e468a4e51785917065a3db57b841f5c95dba6ad8c73aaf8f66f8f9bf?s=96&d=mm&r=g\",\"caption\":\"Comunica\u00e7\u00e3o PSOL\"}}]}<\/script>\n<!-- \/ Yoast SEO plugin. -->","yoast_head_json":{"title":"Artigo | Parar pela vida, Fora Bolsonaro e Mour\u00e3o! - PSOL 50","description":"Se \u00e9 verdade que hoje nos faltam as ruas para ecoar o nosso grito de \u201cFora Bolsonaro e Mour\u00e3o\u201d, temos as nossas janelas e meios virtuais.","robots":{"index":"index","follow":"follow","max-snippet":"max-snippet:-1","max-image-preview":"max-image-preview:large","max-video-preview":"max-video-preview:-1"},"canonical":"https:\/\/psol50.org.br\/artigo-parar-pela-vida-fora-bolsonaro-e-mourao\/","og_locale":"pt_BR","og_type":"article","og_title":"Artigo | Parar pela vida, Fora Bolsonaro e Mour\u00e3o!","og_description":"Se \u00e9 verdade que hoje nos faltam as ruas para ecoar o nosso grito de \u201cFora Bolsonaro e Mour\u00e3o\u201d, temos as nossas janelas e meios virtuais.","og_url":"https:\/\/psol50.org.br\/artigo-parar-pela-vida-fora-bolsonaro-e-mourao\/","og_site_name":"PSOL 50","article_publisher":"https:\/\/www.facebook.com\/psol50","article_published_time":"2020-04-22T15:43:53+00:00","og_image":[{"width":1200,"height":754,"url":"https:\/\/psol50.org.br\/inc\/uploads\/2020\/04\/bolsonaro-panelacos.jpg","type":"image\/jpeg"}],"author":"Comunica\u00e7\u00e3o PSOL","twitter_card":"summary_large_image","twitter_title":"Artigo | Parar pela vida, Fora Bolsonaro e Mour\u00e3o!","twitter_description":"Se \u00e9 verdade que hoje nos faltam as ruas para ecoar o nosso grito de \u201cFora Bolsonaro e Mour\u00e3o\u201d, temos as nossas janelas e meios virtuais.","twitter_image":"https:\/\/psol50.org.br\/inc\/uploads\/2020\/04\/bolsonaro-panelacos.jpg","twitter_creator":"@psol50","twitter_site":"@psol50","twitter_misc":{"Escrito por":"Comunica\u00e7\u00e3o PSOL","Est. tempo de leitura":"4 minutos"},"schema":{"@context":"https:\/\/schema.org","@graph":[{"@type":"Article","@id":"https:\/\/psol50.org.br\/artigo-parar-pela-vida-fora-bolsonaro-e-mourao\/#article","isPartOf":{"@id":"https:\/\/psol50.org.br\/artigo-parar-pela-vida-fora-bolsonaro-e-mourao\/"},"author":{"name":"Comunica\u00e7\u00e3o PSOL","@id":"https:\/\/psol50.org.br\/#\/schema\/person\/475dfa57d0b815993c714c2e96491fcd"},"headline":"Artigo | Parar pela vida, Fora Bolsonaro e Mour\u00e3o!","datePublished":"2020-04-22T15:43:53+00:00","mainEntityOfPage":{"@id":"https:\/\/psol50.org.br\/artigo-parar-pela-vida-fora-bolsonaro-e-mourao\/"},"wordCount":795,"publisher":{"@id":"https:\/\/psol50.org.br\/#organization"},"image":{"@id":"https:\/\/psol50.org.br\/artigo-parar-pela-vida-fora-bolsonaro-e-mourao\/#primaryimage"},"thumbnailUrl":"https:\/\/psol50.org.br\/inc\/uploads\/2020\/04\/bolsonaro-panelacos.jpg","keywords":["coronav\u00edrus","covid-19","Fora Bolsonaro","mulheres","pandemia"],"articleSection":["Mulheres"],"inLanguage":"pt-BR"},{"@type":"WebPage","@id":"https:\/\/psol50.org.br\/artigo-parar-pela-vida-fora-bolsonaro-e-mourao\/","url":"https:\/\/psol50.org.br\/artigo-parar-pela-vida-fora-bolsonaro-e-mourao\/","name":"Artigo | Parar pela vida, Fora Bolsonaro e Mour\u00e3o! - PSOL 50","isPartOf":{"@id":"https:\/\/psol50.org.br\/#website"},"primaryImageOfPage":{"@id":"https:\/\/psol50.org.br\/artigo-parar-pela-vida-fora-bolsonaro-e-mourao\/#primaryimage"},"image":{"@id":"https:\/\/psol50.org.br\/artigo-parar-pela-vida-fora-bolsonaro-e-mourao\/#primaryimage"},"thumbnailUrl":"https:\/\/psol50.org.br\/inc\/uploads\/2020\/04\/bolsonaro-panelacos.jpg","datePublished":"2020-04-22T15:43:53+00:00","description":"Se \u00e9 verdade que hoje nos faltam as ruas para ecoar o nosso grito de \u201cFora Bolsonaro e Mour\u00e3o\u201d, temos as nossas janelas e meios virtuais.","breadcrumb":{"@id":"https:\/\/psol50.org.br\/artigo-parar-pela-vida-fora-bolsonaro-e-mourao\/#breadcrumb"},"inLanguage":"pt-BR","potentialAction":[{"@type":"ReadAction","target":["https:\/\/psol50.org.br\/artigo-parar-pela-vida-fora-bolsonaro-e-mourao\/"]}]},{"@type":"ImageObject","inLanguage":"pt-BR","@id":"https:\/\/psol50.org.br\/artigo-parar-pela-vida-fora-bolsonaro-e-mourao\/#primaryimage","url":"https:\/\/psol50.org.br\/inc\/uploads\/2020\/04\/bolsonaro-panelacos.jpg","contentUrl":"https:\/\/psol50.org.br\/inc\/uploads\/2020\/04\/bolsonaro-panelacos.jpg","width":1200,"height":754,"caption":"Foto: Reprodu\u00e7\u00e3o"},{"@type":"BreadcrumbList","@id":"https:\/\/psol50.org.br\/artigo-parar-pela-vida-fora-bolsonaro-e-mourao\/#breadcrumb","itemListElement":[{"@type":"ListItem","position":1,"name":"In\u00edcio","item":"https:\/\/psol50.org.br\/"},{"@type":"ListItem","position":2,"name":"Artigo | Parar pela vida, Fora Bolsonaro e Mour\u00e3o!"}]},{"@type":"WebSite","@id":"https:\/\/psol50.org.br\/#website","url":"https:\/\/psol50.org.br\/","name":"PSOL 50","description":"Site oficial do Partido Socialismo e Liberdade","publisher":{"@id":"https:\/\/psol50.org.br\/#organization"},"alternateName":"PSOL50","potentialAction":[{"@type":"SearchAction","target":{"@type":"EntryPoint","urlTemplate":"https:\/\/psol50.org.br\/?s={search_term_string}"},"query-input":{"@type":"PropertyValueSpecification","valueRequired":true,"valueName":"search_term_string"}}],"inLanguage":"pt-BR"},{"@type":"Organization","@id":"https:\/\/psol50.org.br\/#organization","name":"PSOL 50","alternateName":"PSOL 50","url":"https:\/\/psol50.org.br\/","logo":{"@type":"ImageObject","inLanguage":"pt-BR","@id":"https:\/\/psol50.org.br\/#\/schema\/logo\/image\/","url":"https:\/\/psol50.org.br\/inc\/uploads\/2018\/07\/capa.png","contentUrl":"https:\/\/psol50.org.br\/inc\/uploads\/2018\/07\/capa.png","width":1350,"height":900,"caption":"PSOL 50"},"image":{"@id":"https:\/\/psol50.org.br\/#\/schema\/logo\/image\/"},"sameAs":["https:\/\/www.facebook.com\/psol50","https:\/\/x.com\/psol50","https:\/\/www.instagram.com\/psol50\/","https:\/\/www.youtube.com\/channel\/UC7SnJS5o1os7a6CaiNabzcg"]},{"@type":"Person","@id":"https:\/\/psol50.org.br\/#\/schema\/person\/475dfa57d0b815993c714c2e96491fcd","name":"Comunica\u00e7\u00e3o PSOL","image":{"@type":"ImageObject","inLanguage":"pt-BR","@id":"https:\/\/psol50.org.br\/#\/schema\/person\/image\/","url":"https:\/\/secure.gravatar.com\/avatar\/b34fc4f4e468a4e51785917065a3db57b841f5c95dba6ad8c73aaf8f66f8f9bf?s=96&d=mm&r=g","contentUrl":"https:\/\/secure.gravatar.com\/avatar\/b34fc4f4e468a4e51785917065a3db57b841f5c95dba6ad8c73aaf8f66f8f9bf?s=96&d=mm&r=g","caption":"Comunica\u00e7\u00e3o PSOL"}}]}},"_links":{"self":[{"href":"https:\/\/psol50.org.br\/rest\/wp\/v2\/posts\/28410","targetHints":{"allow":["GET"]}}],"collection":[{"href":"https:\/\/psol50.org.br\/rest\/wp\/v2\/posts"}],"about":[{"href":"https:\/\/psol50.org.br\/rest\/wp\/v2\/types\/post"}],"author":[{"embeddable":true,"href":"https:\/\/psol50.org.br\/rest\/wp\/v2\/users\/2"}],"replies":[{"embeddable":true,"href":"https:\/\/psol50.org.br\/rest\/wp\/v2\/comments?post=28410"}],"version-history":[{"count":0,"href":"https:\/\/psol50.org.br\/rest\/wp\/v2\/posts\/28410\/revisions"}],"wp:featuredmedia":[{"embeddable":true,"href":"https:\/\/psol50.org.br\/rest\/wp\/v2\/media\/28412"}],"wp:attachment":[{"href":"https:\/\/psol50.org.br\/rest\/wp\/v2\/media?parent=28410"}],"wp:term":[{"taxonomy":"category","embeddable":true,"href":"https:\/\/psol50.org.br\/rest\/wp\/v2\/categories?post=28410"},{"taxonomy":"post_tag","embeddable":true,"href":"https:\/\/psol50.org.br\/rest\/wp\/v2\/tags?post=28410"}],"curies":[{"name":"wp","href":"https:\/\/api.w.org\/{rel}","templated":true}]}}