{"id":28426,"date":"2020-04-23T17:33:11","date_gmt":"2020-04-23T20:33:11","guid":{"rendered":"https:\/\/psol50.org.br\/?p=28426"},"modified":"2020-04-23T17:33:11","modified_gmt":"2020-04-23T20:33:11","slug":"proposta-do-psol-e-aprovada-e-professores-com-contratos-eventuais-tambem-poderao-receber-auxilio-emergencial","status":"publish","type":"post","link":"https:\/\/psol50.org.br\/proposta-do-psol-e-aprovada-e-professores-com-contratos-eventuais-tambem-poderao-receber-auxilio-emergencial\/","title":{"rendered":"Proposta do PSOL \u00e9 aprovada e professores com contratos eventuais tamb\u00e9m poder\u00e3o receber aux\u00edlio emergencial"},"content":{"rendered":"<p><a href=\"https:\/\/psol50.org.br\/coronavirus\/\" target=\"_blank\" rel=\"noopener noreferrer\"><img loading=\"lazy\" decoding=\"async\" class=\"alignnone size-full wp-image-27838\" src=\"https:\/\/psol50.org.br\/inc\/uploads\/2020\/03\/Banner-Site_3.png\" alt=\"\" width=\"1240\" height=\"331\" srcset=\"https:\/\/psol50.org.br\/inc\/uploads\/2020\/03\/Banner-Site_3.png 1240w, https:\/\/psol50.org.br\/inc\/uploads\/2020\/03\/Banner-Site_3-300x80.png 300w, https:\/\/psol50.org.br\/inc\/uploads\/2020\/03\/Banner-Site_3-1024x273.png 1024w, https:\/\/psol50.org.br\/inc\/uploads\/2020\/03\/Banner-Site_3-768x205.png 768w, https:\/\/psol50.org.br\/inc\/uploads\/2020\/03\/Banner-Site_3-150x40.png 150w, https:\/\/psol50.org.br\/inc\/uploads\/2020\/03\/Banner-Site_3-696x186.png 696w, https:\/\/psol50.org.br\/inc\/uploads\/2020\/03\/Banner-Site_3-1068x285.png 1068w\" sizes=\"auto, (max-width: 1240px) 100vw, 1240px\" \/><\/a><\/p>\n<p>O Senado Federal votou e aprovou, na noite da \u00faltima quarta-feira (22), o projeto de lei que diminui burocracias e amplia as categorias que podem pedir a Renda B\u00e1sica emergencial de R$ 600 paga pelo governo federal. Entre as categorias aprovadas, ap\u00f3s uma emenda proposta pela deputada federal do PSOL S\u00e2mia Bomfim, est\u00e3o os professores com contratos eventuais, que tiveram seus rendimentos cortados durante esta pandemia do novo coronav\u00edrus.<\/p>\n<p>O projeto j\u00e1 havia sido aprovado na semana passada na C\u00e2mara dos Deputados e agora vai a san\u00e7\u00e3o presidencial. &#8220;Uma conquista importante dos professores nesse contexto de crise. Agora \u00e9 pressionar pela san\u00e7\u00e3o e pelo pagamento imediato&#8221;, falou em suas redes sociais a deputada autora da emenda.<\/p>\n<blockquote class=\"twitter-tweet\" data-width=\"550\" data-dnt=\"true\">\n<p lang=\"pt\" dir=\"ltr\">\u2705 APROVADO<\/p>\n<p>Nossa emenda que estende o pagamento da renda emergencial tamb\u00e9m aos professores com contratos eventuais foi aprovada no Senado! Conquista importante dos professores nesse contexto de crise. Agora \u00e9 pressionar pela san\u00e7\u00e3o e pelo pagamento imediato. <a href=\"https:\/\/twitter.com\/hashtag\/SancionaBolsonaro?src=hash&amp;ref_src=twsrc%5Etfw\">#SancionaBolsonaro<\/a> <a href=\"https:\/\/t.co\/v2DLzj2Oo4\">pic.twitter.com\/v2DLzj2Oo4<\/a><\/p>\n<p>&mdash; S\u00e2mia Bomfim (@samiabomfim) <a href=\"https:\/\/twitter.com\/samiabomfim\/status\/1253126813309599745?ref_src=twsrc%5Etfw\">April 23, 2020<\/a><\/p><\/blockquote>\n<p><script async src=\"https:\/\/platform.twitter.com\/widgets.js\" charset=\"utf-8\"><\/script><\/p>\n<p>Entre as outras categorias que poder\u00e3o fazer o requerimento do benef\u00edcio est\u00e3o ambulantes, manicures, cabeleireiros, artes\u00e3os, fisioterapeutas, nutricionistas, psic\u00f3logos, motoristas por aplicativo, catadores, agricultores familiares, quem trabalha com economia solid\u00e1ria, entre v\u00e1rias outras.<\/p>\n<p>Outras emendas do PSOL na C\u00e2mara e que foram mantidas no Senado s\u00e3o a derrubada da necessidade de regularizar o CPF para solicitar o aux\u00edlio, como impedir que bancos e institui\u00e7\u00f5es financeiras confisquem o valor recebido do aux\u00edlio da Renda B\u00e1sica emergencial para cobrar d\u00edvidas.<\/p>\n","protected":false},"excerpt":{"rendered":"<p>O Senado Federal votou e aprovou, na noite da \u00faltima quarta-feira (22), o projeto de lei que diminui burocracias e amplia as categorias que podem pedir a Renda B\u00e1sica emergencial de R$ 600 paga pelo governo federal. Entre as categorias aprovadas, ap\u00f3s uma emenda proposta pela deputada federal do PSOL S\u00e2mia Bomfim, est\u00e3o os professores [&hellip;]<\/p>\n","protected":false},"author":2,"featured_media":25412,"comment_status":"closed","ping_status":"open","sticky":false,"template":"","format":"standard","meta":{"_acf_changed":false,"footnotes":""},"categories":[10,6],"tags":[499,171,371,272,22,366,374],"class_list":{"0":"post-28426","1":"post","2":"type-post","3":"status-publish","4":"format-standard","5":"has-post-thumbnail","7":"category-acao-parlamentares","8":"category-noticias","9":"tag-auxilio-emergencial","10":"tag-coronavirus","11":"tag-covid-19","12":"tag-professores","13":"tag-psol","14":"tag-psolcontraocoronavirus","15":"tag-renda-basica"},"acf":[],"yoast_head":"<!-- This site is optimized with the Yoast SEO plugin v26.5 - https:\/\/yoast.com\/wordpress\/plugins\/seo\/ -->\n<title>Proposta do PSOL \u00e9 aprovada e professores com contratos eventuais tamb\u00e9m poder\u00e3o receber aux\u00edlio emergencial<\/title>\n<meta name=\"description\" content=\"Emenda foi proposta pela deputada federal S\u00e2mia Bomfim na C\u00e2mara e mantida no Senado, como outras propostas adicionadas pelo PSOL na amplia\u00e7\u00e3o do benef\u00edcio.\" \/>\n<meta name=\"robots\" content=\"index, follow, max-snippet:-1, max-image-preview:large, max-video-preview:-1\" \/>\n<link rel=\"canonical\" href=\"https:\/\/psol50.org.br\/proposta-do-psol-e-aprovada-e-professores-com-contratos-eventuais-tambem-poderao-receber-auxilio-emergencial\/\" \/>\n<meta property=\"og:locale\" content=\"pt_BR\" \/>\n<meta property=\"og:type\" content=\"article\" \/>\n<meta property=\"og:title\" content=\"Proposta do PSOL \u00e9 aprovada e professores com contratos eventuais tamb\u00e9m poder\u00e3o receber aux\u00edlio emergencial\" \/>\n<meta property=\"og:description\" content=\"Emenda foi proposta pela deputada federal S\u00e2mia Bomfim na C\u00e2mara e mantida no Senado, como outras propostas adicionadas pelo PSOL na amplia\u00e7\u00e3o do benef\u00edcio.\" \/>\n<meta property=\"og:url\" content=\"https:\/\/psol50.org.br\/proposta-do-psol-e-aprovada-e-professores-com-contratos-eventuais-tambem-poderao-receber-auxilio-emergencial\/\" \/>\n<meta property=\"og:site_name\" content=\"PSOL 50\" \/>\n<meta property=\"article:publisher\" content=\"https:\/\/www.facebook.com\/psol50\" \/>\n<meta property=\"article:published_time\" content=\"2020-04-23T20:33:11+00:00\" \/>\n<meta property=\"og:image\" content=\"https:\/\/psol50.org.br\/inc\/uploads\/2019\/06\/Cartaz-Educacao.Lia-Castanho.jpg\" \/>\n\t<meta property=\"og:image:width\" content=\"1084\" \/>\n\t<meta property=\"og:image:height\" content=\"750\" \/>\n\t<meta property=\"og:image:type\" content=\"image\/jpeg\" \/>\n<meta name=\"author\" content=\"Comunica\u00e7\u00e3o PSOL\" \/>\n<meta name=\"twitter:card\" content=\"summary_large_image\" \/>\n<meta name=\"twitter:title\" content=\"Proposta do PSOL \u00e9 aprovada e professores com contratos eventuais tamb\u00e9m poder\u00e3o receber aux\u00edlio emergencial\" \/>\n<meta name=\"twitter:description\" content=\"Emenda foi proposta pela deputada federal S\u00e2mia Bomfim na C\u00e2mara e mantida no Senado, como outras propostas adicionadas pelo PSOL na amplia\u00e7\u00e3o do benef\u00edcio.\" \/>\n<meta name=\"twitter:image\" content=\"https:\/\/psol50.org.br\/inc\/uploads\/2019\/06\/Cartaz-Educacao.Lia-Castanho.jpg\" \/>\n<meta name=\"twitter:creator\" content=\"@psol50\" \/>\n<meta name=\"twitter:site\" content=\"@psol50\" \/>\n<meta name=\"twitter:label1\" content=\"Escrito por\" \/>\n\t<meta name=\"twitter:data1\" content=\"Comunica\u00e7\u00e3o PSOL\" \/>\n\t<meta name=\"twitter:label2\" content=\"Est. tempo de leitura\" \/>\n\t<meta name=\"twitter:data2\" content=\"1 minuto\" \/>\n<script type=\"application\/ld+json\" class=\"yoast-schema-graph\">{\"@context\":\"https:\/\/schema.org\",\"@graph\":[{\"@type\":\"Article\",\"@id\":\"https:\/\/psol50.org.br\/proposta-do-psol-e-aprovada-e-professores-com-contratos-eventuais-tambem-poderao-receber-auxilio-emergencial\/#article\",\"isPartOf\":{\"@id\":\"https:\/\/psol50.org.br\/proposta-do-psol-e-aprovada-e-professores-com-contratos-eventuais-tambem-poderao-receber-auxilio-emergencial\/\"},\"author\":{\"name\":\"Comunica\u00e7\u00e3o PSOL\",\"@id\":\"https:\/\/psol50.org.br\/#\/schema\/person\/475dfa57d0b815993c714c2e96491fcd\"},\"headline\":\"Proposta do PSOL \u00e9 aprovada e professores com contratos eventuais tamb\u00e9m poder\u00e3o receber aux\u00edlio emergencial\",\"datePublished\":\"2020-04-23T20:33:11+00:00\",\"mainEntityOfPage\":{\"@id\":\"https:\/\/psol50.org.br\/proposta-do-psol-e-aprovada-e-professores-com-contratos-eventuais-tambem-poderao-receber-auxilio-emergencial\/\"},\"wordCount\":235,\"publisher\":{\"@id\":\"https:\/\/psol50.org.br\/#organization\"},\"image\":{\"@id\":\"https:\/\/psol50.org.br\/proposta-do-psol-e-aprovada-e-professores-com-contratos-eventuais-tambem-poderao-receber-auxilio-emergencial\/#primaryimage\"},\"thumbnailUrl\":\"https:\/\/psol50.org.br\/inc\/uploads\/2019\/06\/Cartaz-Educacao.Lia-Castanho.jpg\",\"keywords\":[\"aux\u00edlio emergencial\",\"coronav\u00edrus\",\"covid-19\",\"professores\",\"PSOL\",\"psolcontraocoronavirus\",\"renda b\u00e1sica\"],\"articleSection\":[\"A\u00e7\u00e3o Parlamentar\",\"Not\u00edcias\"],\"inLanguage\":\"pt-BR\"},{\"@type\":\"WebPage\",\"@id\":\"https:\/\/psol50.org.br\/proposta-do-psol-e-aprovada-e-professores-com-contratos-eventuais-tambem-poderao-receber-auxilio-emergencial\/\",\"url\":\"https:\/\/psol50.org.br\/proposta-do-psol-e-aprovada-e-professores-com-contratos-eventuais-tambem-poderao-receber-auxilio-emergencial\/\",\"name\":\"Proposta do PSOL \u00e9 aprovada e professores com contratos eventuais tamb\u00e9m poder\u00e3o receber aux\u00edlio emergencial\",\"isPartOf\":{\"@id\":\"https:\/\/psol50.org.br\/#website\"},\"primaryImageOfPage\":{\"@id\":\"https:\/\/psol50.org.br\/proposta-do-psol-e-aprovada-e-professores-com-contratos-eventuais-tambem-poderao-receber-auxilio-emergencial\/#primaryimage\"},\"image\":{\"@id\":\"https:\/\/psol50.org.br\/proposta-do-psol-e-aprovada-e-professores-com-contratos-eventuais-tambem-poderao-receber-auxilio-emergencial\/#primaryimage\"},\"thumbnailUrl\":\"https:\/\/psol50.org.br\/inc\/uploads\/2019\/06\/Cartaz-Educacao.Lia-Castanho.jpg\",\"datePublished\":\"2020-04-23T20:33:11+00:00\",\"description\":\"Emenda foi proposta pela deputada federal S\u00e2mia Bomfim na C\u00e2mara e mantida no Senado, como outras propostas adicionadas pelo PSOL na amplia\u00e7\u00e3o do benef\u00edcio.\",\"breadcrumb\":{\"@id\":\"https:\/\/psol50.org.br\/proposta-do-psol-e-aprovada-e-professores-com-contratos-eventuais-tambem-poderao-receber-auxilio-emergencial\/#breadcrumb\"},\"inLanguage\":\"pt-BR\",\"potentialAction\":[{\"@type\":\"ReadAction\",\"target\":[\"https:\/\/psol50.org.br\/proposta-do-psol-e-aprovada-e-professores-com-contratos-eventuais-tambem-poderao-receber-auxilio-emergencial\/\"]}]},{\"@type\":\"ImageObject\",\"inLanguage\":\"pt-BR\",\"@id\":\"https:\/\/psol50.org.br\/proposta-do-psol-e-aprovada-e-professores-com-contratos-eventuais-tambem-poderao-receber-auxilio-emergencial\/#primaryimage\",\"url\":\"https:\/\/psol50.org.br\/inc\/uploads\/2019\/06\/Cartaz-Educacao.Lia-Castanho.jpg\",\"contentUrl\":\"https:\/\/psol50.org.br\/inc\/uploads\/2019\/06\/Cartaz-Educacao.Lia-Castanho.jpg\",\"width\":1084,\"height\":750,\"caption\":\"Lia Castanho\"},{\"@type\":\"BreadcrumbList\",\"@id\":\"https:\/\/psol50.org.br\/proposta-do-psol-e-aprovada-e-professores-com-contratos-eventuais-tambem-poderao-receber-auxilio-emergencial\/#breadcrumb\",\"itemListElement\":[{\"@type\":\"ListItem\",\"position\":1,\"name\":\"In\u00edcio\",\"item\":\"https:\/\/psol50.org.br\/\"},{\"@type\":\"ListItem\",\"position\":2,\"name\":\"Proposta do PSOL \u00e9 aprovada e professores com contratos eventuais tamb\u00e9m poder\u00e3o receber aux\u00edlio emergencial\"}]},{\"@type\":\"WebSite\",\"@id\":\"https:\/\/psol50.org.br\/#website\",\"url\":\"https:\/\/psol50.org.br\/\",\"name\":\"PSOL 50\",\"description\":\"Site oficial do Partido Socialismo e Liberdade\",\"publisher\":{\"@id\":\"https:\/\/psol50.org.br\/#organization\"},\"alternateName\":\"PSOL50\",\"potentialAction\":[{\"@type\":\"SearchAction\",\"target\":{\"@type\":\"EntryPoint\",\"urlTemplate\":\"https:\/\/psol50.org.br\/?s={search_term_string}\"},\"query-input\":{\"@type\":\"PropertyValueSpecification\",\"valueRequired\":true,\"valueName\":\"search_term_string\"}}],\"inLanguage\":\"pt-BR\"},{\"@type\":\"Organization\",\"@id\":\"https:\/\/psol50.org.br\/#organization\",\"name\":\"PSOL 50\",\"alternateName\":\"PSOL 50\",\"url\":\"https:\/\/psol50.org.br\/\",\"logo\":{\"@type\":\"ImageObject\",\"inLanguage\":\"pt-BR\",\"@id\":\"https:\/\/psol50.org.br\/#\/schema\/logo\/image\/\",\"url\":\"https:\/\/psol50.org.br\/inc\/uploads\/2018\/07\/capa.png\",\"contentUrl\":\"https:\/\/psol50.org.br\/inc\/uploads\/2018\/07\/capa.png\",\"width\":1350,\"height\":900,\"caption\":\"PSOL 50\"},\"image\":{\"@id\":\"https:\/\/psol50.org.br\/#\/schema\/logo\/image\/\"},\"sameAs\":[\"https:\/\/www.facebook.com\/psol50\",\"https:\/\/x.com\/psol50\",\"https:\/\/www.instagram.com\/psol50\/\",\"https:\/\/www.youtube.com\/channel\/UC7SnJS5o1os7a6CaiNabzcg\"]},{\"@type\":\"Person\",\"@id\":\"https:\/\/psol50.org.br\/#\/schema\/person\/475dfa57d0b815993c714c2e96491fcd\",\"name\":\"Comunica\u00e7\u00e3o PSOL\",\"image\":{\"@type\":\"ImageObject\",\"inLanguage\":\"pt-BR\",\"@id\":\"https:\/\/psol50.org.br\/#\/schema\/person\/image\/\",\"url\":\"https:\/\/secure.gravatar.com\/avatar\/b34fc4f4e468a4e51785917065a3db57b841f5c95dba6ad8c73aaf8f66f8f9bf?s=96&d=mm&r=g\",\"contentUrl\":\"https:\/\/secure.gravatar.com\/avatar\/b34fc4f4e468a4e51785917065a3db57b841f5c95dba6ad8c73aaf8f66f8f9bf?s=96&d=mm&r=g\",\"caption\":\"Comunica\u00e7\u00e3o PSOL\"}}]}<\/script>\n<!-- \/ Yoast SEO plugin. -->","yoast_head_json":{"title":"Proposta do PSOL \u00e9 aprovada e professores com contratos eventuais tamb\u00e9m poder\u00e3o receber aux\u00edlio emergencial","description":"Emenda foi proposta pela deputada federal S\u00e2mia Bomfim na C\u00e2mara e mantida no Senado, como outras propostas adicionadas pelo PSOL na amplia\u00e7\u00e3o do benef\u00edcio.","robots":{"index":"index","follow":"follow","max-snippet":"max-snippet:-1","max-image-preview":"max-image-preview:large","max-video-preview":"max-video-preview:-1"},"canonical":"https:\/\/psol50.org.br\/proposta-do-psol-e-aprovada-e-professores-com-contratos-eventuais-tambem-poderao-receber-auxilio-emergencial\/","og_locale":"pt_BR","og_type":"article","og_title":"Proposta do PSOL \u00e9 aprovada e professores com contratos eventuais tamb\u00e9m poder\u00e3o receber aux\u00edlio emergencial","og_description":"Emenda foi proposta pela deputada federal S\u00e2mia Bomfim na C\u00e2mara e mantida no Senado, como outras propostas adicionadas pelo PSOL na amplia\u00e7\u00e3o do benef\u00edcio.","og_url":"https:\/\/psol50.org.br\/proposta-do-psol-e-aprovada-e-professores-com-contratos-eventuais-tambem-poderao-receber-auxilio-emergencial\/","og_site_name":"PSOL 50","article_publisher":"https:\/\/www.facebook.com\/psol50","article_published_time":"2020-04-23T20:33:11+00:00","og_image":[{"width":1084,"height":750,"url":"https:\/\/psol50.org.br\/inc\/uploads\/2019\/06\/Cartaz-Educacao.Lia-Castanho.jpg","type":"image\/jpeg"}],"author":"Comunica\u00e7\u00e3o PSOL","twitter_card":"summary_large_image","twitter_title":"Proposta do PSOL \u00e9 aprovada e professores com contratos eventuais tamb\u00e9m poder\u00e3o receber aux\u00edlio emergencial","twitter_description":"Emenda foi proposta pela deputada federal S\u00e2mia Bomfim na C\u00e2mara e mantida no Senado, como outras propostas adicionadas pelo PSOL na amplia\u00e7\u00e3o do benef\u00edcio.","twitter_image":"https:\/\/psol50.org.br\/inc\/uploads\/2019\/06\/Cartaz-Educacao.Lia-Castanho.jpg","twitter_creator":"@psol50","twitter_site":"@psol50","twitter_misc":{"Escrito por":"Comunica\u00e7\u00e3o PSOL","Est. tempo de leitura":"1 minuto"},"schema":{"@context":"https:\/\/schema.org","@graph":[{"@type":"Article","@id":"https:\/\/psol50.org.br\/proposta-do-psol-e-aprovada-e-professores-com-contratos-eventuais-tambem-poderao-receber-auxilio-emergencial\/#article","isPartOf":{"@id":"https:\/\/psol50.org.br\/proposta-do-psol-e-aprovada-e-professores-com-contratos-eventuais-tambem-poderao-receber-auxilio-emergencial\/"},"author":{"name":"Comunica\u00e7\u00e3o PSOL","@id":"https:\/\/psol50.org.br\/#\/schema\/person\/475dfa57d0b815993c714c2e96491fcd"},"headline":"Proposta do PSOL \u00e9 aprovada e professores com contratos eventuais tamb\u00e9m poder\u00e3o receber aux\u00edlio emergencial","datePublished":"2020-04-23T20:33:11+00:00","mainEntityOfPage":{"@id":"https:\/\/psol50.org.br\/proposta-do-psol-e-aprovada-e-professores-com-contratos-eventuais-tambem-poderao-receber-auxilio-emergencial\/"},"wordCount":235,"publisher":{"@id":"https:\/\/psol50.org.br\/#organization"},"image":{"@id":"https:\/\/psol50.org.br\/proposta-do-psol-e-aprovada-e-professores-com-contratos-eventuais-tambem-poderao-receber-auxilio-emergencial\/#primaryimage"},"thumbnailUrl":"https:\/\/psol50.org.br\/inc\/uploads\/2019\/06\/Cartaz-Educacao.Lia-Castanho.jpg","keywords":["aux\u00edlio emergencial","coronav\u00edrus","covid-19","professores","PSOL","psolcontraocoronavirus","renda b\u00e1sica"],"articleSection":["A\u00e7\u00e3o Parlamentar","Not\u00edcias"],"inLanguage":"pt-BR"},{"@type":"WebPage","@id":"https:\/\/psol50.org.br\/proposta-do-psol-e-aprovada-e-professores-com-contratos-eventuais-tambem-poderao-receber-auxilio-emergencial\/","url":"https:\/\/psol50.org.br\/proposta-do-psol-e-aprovada-e-professores-com-contratos-eventuais-tambem-poderao-receber-auxilio-emergencial\/","name":"Proposta do PSOL \u00e9 aprovada e professores com contratos eventuais tamb\u00e9m poder\u00e3o receber aux\u00edlio emergencial","isPartOf":{"@id":"https:\/\/psol50.org.br\/#website"},"primaryImageOfPage":{"@id":"https:\/\/psol50.org.br\/proposta-do-psol-e-aprovada-e-professores-com-contratos-eventuais-tambem-poderao-receber-auxilio-emergencial\/#primaryimage"},"image":{"@id":"https:\/\/psol50.org.br\/proposta-do-psol-e-aprovada-e-professores-com-contratos-eventuais-tambem-poderao-receber-auxilio-emergencial\/#primaryimage"},"thumbnailUrl":"https:\/\/psol50.org.br\/inc\/uploads\/2019\/06\/Cartaz-Educacao.Lia-Castanho.jpg","datePublished":"2020-04-23T20:33:11+00:00","description":"Emenda foi proposta pela deputada federal S\u00e2mia Bomfim na C\u00e2mara e mantida no Senado, como outras propostas adicionadas pelo PSOL na amplia\u00e7\u00e3o do benef\u00edcio.","breadcrumb":{"@id":"https:\/\/psol50.org.br\/proposta-do-psol-e-aprovada-e-professores-com-contratos-eventuais-tambem-poderao-receber-auxilio-emergencial\/#breadcrumb"},"inLanguage":"pt-BR","potentialAction":[{"@type":"ReadAction","target":["https:\/\/psol50.org.br\/proposta-do-psol-e-aprovada-e-professores-com-contratos-eventuais-tambem-poderao-receber-auxilio-emergencial\/"]}]},{"@type":"ImageObject","inLanguage":"pt-BR","@id":"https:\/\/psol50.org.br\/proposta-do-psol-e-aprovada-e-professores-com-contratos-eventuais-tambem-poderao-receber-auxilio-emergencial\/#primaryimage","url":"https:\/\/psol50.org.br\/inc\/uploads\/2019\/06\/Cartaz-Educacao.Lia-Castanho.jpg","contentUrl":"https:\/\/psol50.org.br\/inc\/uploads\/2019\/06\/Cartaz-Educacao.Lia-Castanho.jpg","width":1084,"height":750,"caption":"Lia Castanho"},{"@type":"BreadcrumbList","@id":"https:\/\/psol50.org.br\/proposta-do-psol-e-aprovada-e-professores-com-contratos-eventuais-tambem-poderao-receber-auxilio-emergencial\/#breadcrumb","itemListElement":[{"@type":"ListItem","position":1,"name":"In\u00edcio","item":"https:\/\/psol50.org.br\/"},{"@type":"ListItem","position":2,"name":"Proposta do PSOL \u00e9 aprovada e professores com contratos eventuais tamb\u00e9m poder\u00e3o receber aux\u00edlio emergencial"}]},{"@type":"WebSite","@id":"https:\/\/psol50.org.br\/#website","url":"https:\/\/psol50.org.br\/","name":"PSOL 50","description":"Site oficial do Partido Socialismo e Liberdade","publisher":{"@id":"https:\/\/psol50.org.br\/#organization"},"alternateName":"PSOL50","potentialAction":[{"@type":"SearchAction","target":{"@type":"EntryPoint","urlTemplate":"https:\/\/psol50.org.br\/?s={search_term_string}"},"query-input":{"@type":"PropertyValueSpecification","valueRequired":true,"valueName":"search_term_string"}}],"inLanguage":"pt-BR"},{"@type":"Organization","@id":"https:\/\/psol50.org.br\/#organization","name":"PSOL 50","alternateName":"PSOL 50","url":"https:\/\/psol50.org.br\/","logo":{"@type":"ImageObject","inLanguage":"pt-BR","@id":"https:\/\/psol50.org.br\/#\/schema\/logo\/image\/","url":"https:\/\/psol50.org.br\/inc\/uploads\/2018\/07\/capa.png","contentUrl":"https:\/\/psol50.org.br\/inc\/uploads\/2018\/07\/capa.png","width":1350,"height":900,"caption":"PSOL 50"},"image":{"@id":"https:\/\/psol50.org.br\/#\/schema\/logo\/image\/"},"sameAs":["https:\/\/www.facebook.com\/psol50","https:\/\/x.com\/psol50","https:\/\/www.instagram.com\/psol50\/","https:\/\/www.youtube.com\/channel\/UC7SnJS5o1os7a6CaiNabzcg"]},{"@type":"Person","@id":"https:\/\/psol50.org.br\/#\/schema\/person\/475dfa57d0b815993c714c2e96491fcd","name":"Comunica\u00e7\u00e3o PSOL","image":{"@type":"ImageObject","inLanguage":"pt-BR","@id":"https:\/\/psol50.org.br\/#\/schema\/person\/image\/","url":"https:\/\/secure.gravatar.com\/avatar\/b34fc4f4e468a4e51785917065a3db57b841f5c95dba6ad8c73aaf8f66f8f9bf?s=96&d=mm&r=g","contentUrl":"https:\/\/secure.gravatar.com\/avatar\/b34fc4f4e468a4e51785917065a3db57b841f5c95dba6ad8c73aaf8f66f8f9bf?s=96&d=mm&r=g","caption":"Comunica\u00e7\u00e3o PSOL"}}]}},"_links":{"self":[{"href":"https:\/\/psol50.org.br\/rest\/wp\/v2\/posts\/28426","targetHints":{"allow":["GET"]}}],"collection":[{"href":"https:\/\/psol50.org.br\/rest\/wp\/v2\/posts"}],"about":[{"href":"https:\/\/psol50.org.br\/rest\/wp\/v2\/types\/post"}],"author":[{"embeddable":true,"href":"https:\/\/psol50.org.br\/rest\/wp\/v2\/users\/2"}],"replies":[{"embeddable":true,"href":"https:\/\/psol50.org.br\/rest\/wp\/v2\/comments?post=28426"}],"version-history":[{"count":0,"href":"https:\/\/psol50.org.br\/rest\/wp\/v2\/posts\/28426\/revisions"}],"wp:featuredmedia":[{"embeddable":true,"href":"https:\/\/psol50.org.br\/rest\/wp\/v2\/media\/25412"}],"wp:attachment":[{"href":"https:\/\/psol50.org.br\/rest\/wp\/v2\/media?parent=28426"}],"wp:term":[{"taxonomy":"category","embeddable":true,"href":"https:\/\/psol50.org.br\/rest\/wp\/v2\/categories?post=28426"},{"taxonomy":"post_tag","embeddable":true,"href":"https:\/\/psol50.org.br\/rest\/wp\/v2\/tags?post=28426"}],"curies":[{"name":"wp","href":"https:\/\/api.w.org\/{rel}","templated":true}]}}