{"id":28480,"date":"2020-04-27T10:23:06","date_gmt":"2020-04-27T13:23:06","guid":{"rendered":"https:\/\/psol50.org.br\/?p=28480"},"modified":"2020-04-27T10:23:06","modified_gmt":"2020-04-27T13:23:06","slug":"sede-municipal-do-psol-em-feira-de-santana-ba-foi-vandalizada","status":"publish","type":"post","link":"https:\/\/psol50.org.br\/sede-municipal-do-psol-em-feira-de-santana-ba-foi-vandalizada\/","title":{"rendered":"Sede municipal do PSOL em Feira de Santana (BA) \u00e9 vandalizada"},"content":{"rendered":"<p><a href=\"https:\/\/psol50.org.br\/coronavirus\/\" target=\"_blank\" rel=\"noopener noreferrer\"><img loading=\"lazy\" decoding=\"async\" class=\"alignnone size-full wp-image-27838\" src=\"https:\/\/psol50.org.br\/inc\/uploads\/2020\/03\/Banner-Site_3.png\" alt=\"\" width=\"1240\" height=\"331\" srcset=\"https:\/\/psol50.org.br\/inc\/uploads\/2020\/03\/Banner-Site_3.png 1240w, https:\/\/psol50.org.br\/inc\/uploads\/2020\/03\/Banner-Site_3-300x80.png 300w, https:\/\/psol50.org.br\/inc\/uploads\/2020\/03\/Banner-Site_3-1024x273.png 1024w, https:\/\/psol50.org.br\/inc\/uploads\/2020\/03\/Banner-Site_3-768x205.png 768w, https:\/\/psol50.org.br\/inc\/uploads\/2020\/03\/Banner-Site_3-150x40.png 150w, https:\/\/psol50.org.br\/inc\/uploads\/2020\/03\/Banner-Site_3-696x186.png 696w, https:\/\/psol50.org.br\/inc\/uploads\/2020\/03\/Banner-Site_3-1068x285.png 1068w\" sizes=\"auto, (max-width: 1240px) 100vw, 1240px\" \/><\/a><\/p>\n<p>No \u00faltimo domingo (26), a sede do PSOL de Feira de Santana (BA) amanheceu vandalizada, num ataque provavelmente motivado por intoler\u00e2ncia pol\u00edtica. Pinturas na fachada da sede, feitas pelo artista visual da cidade Ivan Coelho, foram pichadas em um gesto carregado de autoritarismo.<\/p>\n<p>A dire\u00e7\u00e3o do partido na cidade est\u00e1 tomando provid\u00eancias para que a amea\u00e7a seja investigada e j\u00e1 fez um boletim de ocorr\u00eancia para que a pol\u00edcia apure o ocorrido.<\/p>\n<p>A tentativa de intimida\u00e7\u00e3o se soma a outros ataques e amea\u00e7as que j\u00e1 aconteceram neste ano em sedes do PSOL pelo Brasil, como a de Niter\u00f3i (RJ), que teve amea\u00e7as expl\u00edcitas \u00e0 vida de figuras do partido na cidade.<\/p>\n<h6>Leia a nota do PSOL Feira de Santana (BA) na \u00edntegra:<\/h6>\n<p>Tomamos conhecimento hoje (26) que a fachada da sede municipal do PSOL em Feira de Santana, localizada no bairro da Queimadinha, foi vandalizada. Covarde e motivado por intoler\u00e2ncia pol\u00edtica, o ataque \u00e9 carregado dos elementos que marcam o autoritarismo de certos setores da sociedade brasileira. O gesto se caracteriza tamb\u00e9m como um ataque \u00e0 express\u00e3o art\u00edstica, j\u00e1 que o mural foi produzido pelo artista visual feirense Ivan Coelho.<\/p>\n<p>Neste momento, a milit\u00e2ncia do PSOL reafirma que a luta por uma sociedade verdadeiramente justa est\u00e1 assentada na for\u00e7a das ideias e em um profundo e compartilhado sentimento de solidariedade. Isso n\u00e3o se apaga da mesma forma que se apaga a tinta de uma parede. O gesto n\u00e3o nos intimidar\u00e1!<\/p>\n<p>A partir do relato de moradores da \u00e1rea e outros meios, a dire\u00e7\u00e3o municipal do PSOL est\u00e1 apurando o ocorrido, registrar\u00e1 um boletim de ocorr\u00eancia e acionar\u00e1 as medidas jur\u00eddicas poss\u00edveis.<\/p>\n<p>S\u00f3 a luta muda a vida e n\u00f3s seguiremos em frente!<\/p>\n<p><em><strong>PSOL Feira de Santana<\/strong><\/em><br \/>\n<em><strong>26 de abril de 2020<\/strong><\/em><\/p>\n","protected":false},"excerpt":{"rendered":"<p>No \u00faltimo domingo (26), a sede do PSOL de Feira de Santana (BA) amanheceu vandalizada, num ataque provavelmente motivado por intoler\u00e2ncia pol\u00edtica. Pinturas na fachada da sede, feitas pelo artista visual da cidade Ivan Coelho, foram pichadas em um gesto carregado de autoritarismo. A dire\u00e7\u00e3o do partido na cidade est\u00e1 tomando provid\u00eancias para que a [&hellip;]<\/p>\n","protected":false},"author":2,"featured_media":28482,"comment_status":"closed","ping_status":"open","sticky":false,"template":"","format":"standard","meta":{"_acf_changed":false,"footnotes":""},"categories":[6,14],"tags":[85,37,579,22,580,581,582],"class_list":{"0":"post-28480","1":"post","2":"type-post","3":"status-publish","4":"format-standard","5":"has-post-thumbnail","7":"category-noticias","8":"category-partido","9":"tag-autoritarismo","10":"tag-bahia","11":"tag-feira-de-santana","12":"tag-psol","13":"tag-sede","14":"tag-vandalismo","15":"tag-violencia-politica"},"acf":[],"yoast_head":"<!-- This site is optimized with the Yoast SEO plugin v26.5 - https:\/\/yoast.com\/wordpress\/plugins\/seo\/ -->\n<title>Sede municipal do PSOL em Feira de Santana (BA) \u00e9 vandalizada - PSOL 50<\/title>\n<meta name=\"description\" content=\"A tentativa de intimida\u00e7\u00e3o se soma a outros ataques e amea\u00e7as que j\u00e1 aconteceram neste ano em sedes do PSOL pelo Brasil, como a de Niter\u00f3i (RJ).\" \/>\n<meta name=\"robots\" content=\"index, follow, max-snippet:-1, max-image-preview:large, max-video-preview:-1\" \/>\n<link rel=\"canonical\" href=\"https:\/\/psol50.org.br\/sede-municipal-do-psol-em-feira-de-santana-ba-foi-vandalizada\/\" \/>\n<meta property=\"og:locale\" content=\"pt_BR\" \/>\n<meta property=\"og:type\" content=\"article\" \/>\n<meta property=\"og:title\" content=\"Sede municipal do PSOL em Feira de Santana (BA) \u00e9 vandalizada\" \/>\n<meta property=\"og:description\" content=\"A tentativa de intimida\u00e7\u00e3o se soma a outros ataques e amea\u00e7as que j\u00e1 aconteceram neste ano em sedes do PSOL pelo Brasil, como a de Niter\u00f3i (RJ).\" \/>\n<meta property=\"og:url\" content=\"https:\/\/psol50.org.br\/sede-municipal-do-psol-em-feira-de-santana-ba-foi-vandalizada\/\" \/>\n<meta property=\"og:site_name\" content=\"PSOL 50\" \/>\n<meta property=\"article:publisher\" content=\"https:\/\/www.facebook.com\/psol50\" \/>\n<meta property=\"article:published_time\" content=\"2020-04-27T13:23:06+00:00\" \/>\n<meta property=\"og:image\" content=\"https:\/\/psol50.org.br\/inc\/uploads\/2020\/04\/photo_2020-04-27_10-13-34.jpg\" \/>\n\t<meta property=\"og:image:width\" content=\"1080\" \/>\n\t<meta property=\"og:image:height\" content=\"1080\" \/>\n\t<meta property=\"og:image:type\" content=\"image\/jpeg\" \/>\n<meta name=\"author\" content=\"Comunica\u00e7\u00e3o PSOL\" \/>\n<meta name=\"twitter:card\" content=\"summary_large_image\" \/>\n<meta name=\"twitter:title\" content=\"Sede municipal do PSOL em Feira de Santana (BA) \u00e9 vandalizada\" \/>\n<meta name=\"twitter:description\" content=\"A tentativa de intimida\u00e7\u00e3o se soma a outros ataques e amea\u00e7as que j\u00e1 aconteceram neste ano em sedes do PSOL pelo Brasil, como a de Niter\u00f3i (RJ).\" \/>\n<meta name=\"twitter:image\" content=\"https:\/\/psol50.org.br\/inc\/uploads\/2020\/04\/photo_2020-04-27_10-13-34.jpg\" \/>\n<meta name=\"twitter:creator\" content=\"@psol50\" \/>\n<meta name=\"twitter:site\" content=\"@psol50\" \/>\n<meta name=\"twitter:label1\" content=\"Escrito por\" \/>\n\t<meta name=\"twitter:data1\" content=\"Comunica\u00e7\u00e3o PSOL\" \/>\n\t<meta name=\"twitter:label2\" content=\"Est. tempo de leitura\" \/>\n\t<meta name=\"twitter:data2\" content=\"2 minutos\" \/>\n<script type=\"application\/ld+json\" class=\"yoast-schema-graph\">{\"@context\":\"https:\/\/schema.org\",\"@graph\":[{\"@type\":\"Article\",\"@id\":\"https:\/\/psol50.org.br\/sede-municipal-do-psol-em-feira-de-santana-ba-foi-vandalizada\/#article\",\"isPartOf\":{\"@id\":\"https:\/\/psol50.org.br\/sede-municipal-do-psol-em-feira-de-santana-ba-foi-vandalizada\/\"},\"author\":{\"name\":\"Comunica\u00e7\u00e3o PSOL\",\"@id\":\"https:\/\/psol50.org.br\/#\/schema\/person\/475dfa57d0b815993c714c2e96491fcd\"},\"headline\":\"Sede municipal do PSOL em Feira de Santana (BA) \u00e9 vandalizada\",\"datePublished\":\"2020-04-27T13:23:06+00:00\",\"mainEntityOfPage\":{\"@id\":\"https:\/\/psol50.org.br\/sede-municipal-do-psol-em-feira-de-santana-ba-foi-vandalizada\/\"},\"wordCount\":320,\"publisher\":{\"@id\":\"https:\/\/psol50.org.br\/#organization\"},\"image\":{\"@id\":\"https:\/\/psol50.org.br\/sede-municipal-do-psol-em-feira-de-santana-ba-foi-vandalizada\/#primaryimage\"},\"thumbnailUrl\":\"https:\/\/psol50.org.br\/inc\/uploads\/2020\/04\/photo_2020-04-27_10-13-34.jpg\",\"keywords\":[\"autoritarismo\",\"Bahia\",\"feira de santana\",\"PSOL\",\"sede\",\"vandalismo\",\"viol\u00eancia pol\u00edtica\"],\"articleSection\":[\"Not\u00edcias\",\"Partido\"],\"inLanguage\":\"pt-BR\"},{\"@type\":\"WebPage\",\"@id\":\"https:\/\/psol50.org.br\/sede-municipal-do-psol-em-feira-de-santana-ba-foi-vandalizada\/\",\"url\":\"https:\/\/psol50.org.br\/sede-municipal-do-psol-em-feira-de-santana-ba-foi-vandalizada\/\",\"name\":\"Sede municipal do PSOL em Feira de Santana (BA) \u00e9 vandalizada - PSOL 50\",\"isPartOf\":{\"@id\":\"https:\/\/psol50.org.br\/#website\"},\"primaryImageOfPage\":{\"@id\":\"https:\/\/psol50.org.br\/sede-municipal-do-psol-em-feira-de-santana-ba-foi-vandalizada\/#primaryimage\"},\"image\":{\"@id\":\"https:\/\/psol50.org.br\/sede-municipal-do-psol-em-feira-de-santana-ba-foi-vandalizada\/#primaryimage\"},\"thumbnailUrl\":\"https:\/\/psol50.org.br\/inc\/uploads\/2020\/04\/photo_2020-04-27_10-13-34.jpg\",\"datePublished\":\"2020-04-27T13:23:06+00:00\",\"description\":\"A tentativa de intimida\u00e7\u00e3o se soma a outros ataques e amea\u00e7as que j\u00e1 aconteceram neste ano em sedes do PSOL pelo Brasil, como a de Niter\u00f3i (RJ).\",\"breadcrumb\":{\"@id\":\"https:\/\/psol50.org.br\/sede-municipal-do-psol-em-feira-de-santana-ba-foi-vandalizada\/#breadcrumb\"},\"inLanguage\":\"pt-BR\",\"potentialAction\":[{\"@type\":\"ReadAction\",\"target\":[\"https:\/\/psol50.org.br\/sede-municipal-do-psol-em-feira-de-santana-ba-foi-vandalizada\/\"]}]},{\"@type\":\"ImageObject\",\"inLanguage\":\"pt-BR\",\"@id\":\"https:\/\/psol50.org.br\/sede-municipal-do-psol-em-feira-de-santana-ba-foi-vandalizada\/#primaryimage\",\"url\":\"https:\/\/psol50.org.br\/inc\/uploads\/2020\/04\/photo_2020-04-27_10-13-34.jpg\",\"contentUrl\":\"https:\/\/psol50.org.br\/inc\/uploads\/2020\/04\/photo_2020-04-27_10-13-34.jpg\",\"width\":1080,\"height\":1080},{\"@type\":\"BreadcrumbList\",\"@id\":\"https:\/\/psol50.org.br\/sede-municipal-do-psol-em-feira-de-santana-ba-foi-vandalizada\/#breadcrumb\",\"itemListElement\":[{\"@type\":\"ListItem\",\"position\":1,\"name\":\"In\u00edcio\",\"item\":\"https:\/\/psol50.org.br\/\"},{\"@type\":\"ListItem\",\"position\":2,\"name\":\"Sede municipal do PSOL em Feira de Santana (BA) \u00e9 vandalizada\"}]},{\"@type\":\"WebSite\",\"@id\":\"https:\/\/psol50.org.br\/#website\",\"url\":\"https:\/\/psol50.org.br\/\",\"name\":\"PSOL 50\",\"description\":\"Site oficial do Partido Socialismo e Liberdade\",\"publisher\":{\"@id\":\"https:\/\/psol50.org.br\/#organization\"},\"alternateName\":\"PSOL50\",\"potentialAction\":[{\"@type\":\"SearchAction\",\"target\":{\"@type\":\"EntryPoint\",\"urlTemplate\":\"https:\/\/psol50.org.br\/?s={search_term_string}\"},\"query-input\":{\"@type\":\"PropertyValueSpecification\",\"valueRequired\":true,\"valueName\":\"search_term_string\"}}],\"inLanguage\":\"pt-BR\"},{\"@type\":\"Organization\",\"@id\":\"https:\/\/psol50.org.br\/#organization\",\"name\":\"PSOL 50\",\"alternateName\":\"PSOL 50\",\"url\":\"https:\/\/psol50.org.br\/\",\"logo\":{\"@type\":\"ImageObject\",\"inLanguage\":\"pt-BR\",\"@id\":\"https:\/\/psol50.org.br\/#\/schema\/logo\/image\/\",\"url\":\"https:\/\/psol50.org.br\/inc\/uploads\/2018\/07\/capa.png\",\"contentUrl\":\"https:\/\/psol50.org.br\/inc\/uploads\/2018\/07\/capa.png\",\"width\":1350,\"height\":900,\"caption\":\"PSOL 50\"},\"image\":{\"@id\":\"https:\/\/psol50.org.br\/#\/schema\/logo\/image\/\"},\"sameAs\":[\"https:\/\/www.facebook.com\/psol50\",\"https:\/\/x.com\/psol50\",\"https:\/\/www.instagram.com\/psol50\/\",\"https:\/\/www.youtube.com\/channel\/UC7SnJS5o1os7a6CaiNabzcg\"]},{\"@type\":\"Person\",\"@id\":\"https:\/\/psol50.org.br\/#\/schema\/person\/475dfa57d0b815993c714c2e96491fcd\",\"name\":\"Comunica\u00e7\u00e3o PSOL\",\"image\":{\"@type\":\"ImageObject\",\"inLanguage\":\"pt-BR\",\"@id\":\"https:\/\/psol50.org.br\/#\/schema\/person\/image\/\",\"url\":\"https:\/\/secure.gravatar.com\/avatar\/b34fc4f4e468a4e51785917065a3db57b841f5c95dba6ad8c73aaf8f66f8f9bf?s=96&d=mm&r=g\",\"contentUrl\":\"https:\/\/secure.gravatar.com\/avatar\/b34fc4f4e468a4e51785917065a3db57b841f5c95dba6ad8c73aaf8f66f8f9bf?s=96&d=mm&r=g\",\"caption\":\"Comunica\u00e7\u00e3o PSOL\"}}]}<\/script>\n<!-- \/ Yoast SEO plugin. -->","yoast_head_json":{"title":"Sede municipal do PSOL em Feira de Santana (BA) \u00e9 vandalizada - PSOL 50","description":"A tentativa de intimida\u00e7\u00e3o se soma a outros ataques e amea\u00e7as que j\u00e1 aconteceram neste ano em sedes do PSOL pelo Brasil, como a de Niter\u00f3i (RJ).","robots":{"index":"index","follow":"follow","max-snippet":"max-snippet:-1","max-image-preview":"max-image-preview:large","max-video-preview":"max-video-preview:-1"},"canonical":"https:\/\/psol50.org.br\/sede-municipal-do-psol-em-feira-de-santana-ba-foi-vandalizada\/","og_locale":"pt_BR","og_type":"article","og_title":"Sede municipal do PSOL em Feira de Santana (BA) \u00e9 vandalizada","og_description":"A tentativa de intimida\u00e7\u00e3o se soma a outros ataques e amea\u00e7as que j\u00e1 aconteceram neste ano em sedes do PSOL pelo Brasil, como a de Niter\u00f3i (RJ).","og_url":"https:\/\/psol50.org.br\/sede-municipal-do-psol-em-feira-de-santana-ba-foi-vandalizada\/","og_site_name":"PSOL 50","article_publisher":"https:\/\/www.facebook.com\/psol50","article_published_time":"2020-04-27T13:23:06+00:00","og_image":[{"width":1080,"height":1080,"url":"https:\/\/psol50.org.br\/inc\/uploads\/2020\/04\/photo_2020-04-27_10-13-34.jpg","type":"image\/jpeg"}],"author":"Comunica\u00e7\u00e3o PSOL","twitter_card":"summary_large_image","twitter_title":"Sede municipal do PSOL em Feira de Santana (BA) \u00e9 vandalizada","twitter_description":"A tentativa de intimida\u00e7\u00e3o se soma a outros ataques e amea\u00e7as que j\u00e1 aconteceram neste ano em sedes do PSOL pelo Brasil, como a de Niter\u00f3i (RJ).","twitter_image":"https:\/\/psol50.org.br\/inc\/uploads\/2020\/04\/photo_2020-04-27_10-13-34.jpg","twitter_creator":"@psol50","twitter_site":"@psol50","twitter_misc":{"Escrito por":"Comunica\u00e7\u00e3o PSOL","Est. tempo de leitura":"2 minutos"},"schema":{"@context":"https:\/\/schema.org","@graph":[{"@type":"Article","@id":"https:\/\/psol50.org.br\/sede-municipal-do-psol-em-feira-de-santana-ba-foi-vandalizada\/#article","isPartOf":{"@id":"https:\/\/psol50.org.br\/sede-municipal-do-psol-em-feira-de-santana-ba-foi-vandalizada\/"},"author":{"name":"Comunica\u00e7\u00e3o PSOL","@id":"https:\/\/psol50.org.br\/#\/schema\/person\/475dfa57d0b815993c714c2e96491fcd"},"headline":"Sede municipal do PSOL em Feira de Santana (BA) \u00e9 vandalizada","datePublished":"2020-04-27T13:23:06+00:00","mainEntityOfPage":{"@id":"https:\/\/psol50.org.br\/sede-municipal-do-psol-em-feira-de-santana-ba-foi-vandalizada\/"},"wordCount":320,"publisher":{"@id":"https:\/\/psol50.org.br\/#organization"},"image":{"@id":"https:\/\/psol50.org.br\/sede-municipal-do-psol-em-feira-de-santana-ba-foi-vandalizada\/#primaryimage"},"thumbnailUrl":"https:\/\/psol50.org.br\/inc\/uploads\/2020\/04\/photo_2020-04-27_10-13-34.jpg","keywords":["autoritarismo","Bahia","feira de santana","PSOL","sede","vandalismo","viol\u00eancia pol\u00edtica"],"articleSection":["Not\u00edcias","Partido"],"inLanguage":"pt-BR"},{"@type":"WebPage","@id":"https:\/\/psol50.org.br\/sede-municipal-do-psol-em-feira-de-santana-ba-foi-vandalizada\/","url":"https:\/\/psol50.org.br\/sede-municipal-do-psol-em-feira-de-santana-ba-foi-vandalizada\/","name":"Sede municipal do PSOL em Feira de Santana (BA) \u00e9 vandalizada - PSOL 50","isPartOf":{"@id":"https:\/\/psol50.org.br\/#website"},"primaryImageOfPage":{"@id":"https:\/\/psol50.org.br\/sede-municipal-do-psol-em-feira-de-santana-ba-foi-vandalizada\/#primaryimage"},"image":{"@id":"https:\/\/psol50.org.br\/sede-municipal-do-psol-em-feira-de-santana-ba-foi-vandalizada\/#primaryimage"},"thumbnailUrl":"https:\/\/psol50.org.br\/inc\/uploads\/2020\/04\/photo_2020-04-27_10-13-34.jpg","datePublished":"2020-04-27T13:23:06+00:00","description":"A tentativa de intimida\u00e7\u00e3o se soma a outros ataques e amea\u00e7as que j\u00e1 aconteceram neste ano em sedes do PSOL pelo Brasil, como a de Niter\u00f3i (RJ).","breadcrumb":{"@id":"https:\/\/psol50.org.br\/sede-municipal-do-psol-em-feira-de-santana-ba-foi-vandalizada\/#breadcrumb"},"inLanguage":"pt-BR","potentialAction":[{"@type":"ReadAction","target":["https:\/\/psol50.org.br\/sede-municipal-do-psol-em-feira-de-santana-ba-foi-vandalizada\/"]}]},{"@type":"ImageObject","inLanguage":"pt-BR","@id":"https:\/\/psol50.org.br\/sede-municipal-do-psol-em-feira-de-santana-ba-foi-vandalizada\/#primaryimage","url":"https:\/\/psol50.org.br\/inc\/uploads\/2020\/04\/photo_2020-04-27_10-13-34.jpg","contentUrl":"https:\/\/psol50.org.br\/inc\/uploads\/2020\/04\/photo_2020-04-27_10-13-34.jpg","width":1080,"height":1080},{"@type":"BreadcrumbList","@id":"https:\/\/psol50.org.br\/sede-municipal-do-psol-em-feira-de-santana-ba-foi-vandalizada\/#breadcrumb","itemListElement":[{"@type":"ListItem","position":1,"name":"In\u00edcio","item":"https:\/\/psol50.org.br\/"},{"@type":"ListItem","position":2,"name":"Sede municipal do PSOL em Feira de Santana (BA) \u00e9 vandalizada"}]},{"@type":"WebSite","@id":"https:\/\/psol50.org.br\/#website","url":"https:\/\/psol50.org.br\/","name":"PSOL 50","description":"Site oficial do Partido Socialismo e Liberdade","publisher":{"@id":"https:\/\/psol50.org.br\/#organization"},"alternateName":"PSOL50","potentialAction":[{"@type":"SearchAction","target":{"@type":"EntryPoint","urlTemplate":"https:\/\/psol50.org.br\/?s={search_term_string}"},"query-input":{"@type":"PropertyValueSpecification","valueRequired":true,"valueName":"search_term_string"}}],"inLanguage":"pt-BR"},{"@type":"Organization","@id":"https:\/\/psol50.org.br\/#organization","name":"PSOL 50","alternateName":"PSOL 50","url":"https:\/\/psol50.org.br\/","logo":{"@type":"ImageObject","inLanguage":"pt-BR","@id":"https:\/\/psol50.org.br\/#\/schema\/logo\/image\/","url":"https:\/\/psol50.org.br\/inc\/uploads\/2018\/07\/capa.png","contentUrl":"https:\/\/psol50.org.br\/inc\/uploads\/2018\/07\/capa.png","width":1350,"height":900,"caption":"PSOL 50"},"image":{"@id":"https:\/\/psol50.org.br\/#\/schema\/logo\/image\/"},"sameAs":["https:\/\/www.facebook.com\/psol50","https:\/\/x.com\/psol50","https:\/\/www.instagram.com\/psol50\/","https:\/\/www.youtube.com\/channel\/UC7SnJS5o1os7a6CaiNabzcg"]},{"@type":"Person","@id":"https:\/\/psol50.org.br\/#\/schema\/person\/475dfa57d0b815993c714c2e96491fcd","name":"Comunica\u00e7\u00e3o PSOL","image":{"@type":"ImageObject","inLanguage":"pt-BR","@id":"https:\/\/psol50.org.br\/#\/schema\/person\/image\/","url":"https:\/\/secure.gravatar.com\/avatar\/b34fc4f4e468a4e51785917065a3db57b841f5c95dba6ad8c73aaf8f66f8f9bf?s=96&d=mm&r=g","contentUrl":"https:\/\/secure.gravatar.com\/avatar\/b34fc4f4e468a4e51785917065a3db57b841f5c95dba6ad8c73aaf8f66f8f9bf?s=96&d=mm&r=g","caption":"Comunica\u00e7\u00e3o PSOL"}}]}},"_links":{"self":[{"href":"https:\/\/psol50.org.br\/rest\/wp\/v2\/posts\/28480","targetHints":{"allow":["GET"]}}],"collection":[{"href":"https:\/\/psol50.org.br\/rest\/wp\/v2\/posts"}],"about":[{"href":"https:\/\/psol50.org.br\/rest\/wp\/v2\/types\/post"}],"author":[{"embeddable":true,"href":"https:\/\/psol50.org.br\/rest\/wp\/v2\/users\/2"}],"replies":[{"embeddable":true,"href":"https:\/\/psol50.org.br\/rest\/wp\/v2\/comments?post=28480"}],"version-history":[{"count":0,"href":"https:\/\/psol50.org.br\/rest\/wp\/v2\/posts\/28480\/revisions"}],"wp:featuredmedia":[{"embeddable":true,"href":"https:\/\/psol50.org.br\/rest\/wp\/v2\/media\/28482"}],"wp:attachment":[{"href":"https:\/\/psol50.org.br\/rest\/wp\/v2\/media?parent=28480"}],"wp:term":[{"taxonomy":"category","embeddable":true,"href":"https:\/\/psol50.org.br\/rest\/wp\/v2\/categories?post=28480"},{"taxonomy":"post_tag","embeddable":true,"href":"https:\/\/psol50.org.br\/rest\/wp\/v2\/tags?post=28480"}],"curies":[{"name":"wp","href":"https:\/\/api.w.org\/{rel}","templated":true}]}}