{"id":28487,"date":"2020-04-27T10:56:15","date_gmt":"2020-04-27T13:56:15","guid":{"rendered":"https:\/\/psol50.org.br\/?p=28487"},"modified":"2020-04-27T10:56:15","modified_gmt":"2020-04-27T13:56:15","slug":"psol-convoca-onyx-lorenzoni-para-explicar-atrasos-no-pagamento-do-auxilio-emergencial","status":"publish","type":"post","link":"https:\/\/psol50.org.br\/psol-convoca-onyx-lorenzoni-para-explicar-atrasos-no-pagamento-do-auxilio-emergencial\/","title":{"rendered":"PSOL convoca Onyx Lorenzoni para explicar atrasos no pagamento do aux\u00edlio emergencial"},"content":{"rendered":"<p><a href=\"https:\/\/psol50.org.br\/coronavirus\/\" target=\"_blank\" rel=\"noopener noreferrer\"><img loading=\"lazy\" decoding=\"async\" class=\"alignnone size-full wp-image-27838\" src=\"https:\/\/psol50.org.br\/inc\/uploads\/2020\/03\/Banner-Site_3.png\" alt=\"\" width=\"1240\" height=\"331\" srcset=\"https:\/\/psol50.org.br\/inc\/uploads\/2020\/03\/Banner-Site_3.png 1240w, https:\/\/psol50.org.br\/inc\/uploads\/2020\/03\/Banner-Site_3-300x80.png 300w, https:\/\/psol50.org.br\/inc\/uploads\/2020\/03\/Banner-Site_3-1024x273.png 1024w, https:\/\/psol50.org.br\/inc\/uploads\/2020\/03\/Banner-Site_3-768x205.png 768w, https:\/\/psol50.org.br\/inc\/uploads\/2020\/03\/Banner-Site_3-150x40.png 150w, https:\/\/psol50.org.br\/inc\/uploads\/2020\/03\/Banner-Site_3-696x186.png 696w, https:\/\/psol50.org.br\/inc\/uploads\/2020\/03\/Banner-Site_3-1068x285.png 1068w\" sizes=\"auto, (max-width: 1240px) 100vw, 1240px\" \/><\/a><\/p>\n<p>A bancada do PSOL na C\u00e2mara dos Deputados apresentou um requerimento de convoca\u00e7\u00e3o do Ministro da Cidadania, Onyx Lorenzoni, para que ele preste esclarecimentos no parlamento sobre os atrasos no pagamento da Renda B\u00e1sica emergencial pelo governo Bolsonaro.<\/p>\n<p>O aux\u00edlio emergencial vem encontrando problemas e lentid\u00e3o exagerada na hora do pagamento, o que agrava a crise econ\u00f4mica pela qual o pa\u00eds passa durante a pandemia do novo coronav\u00edrus. <strong><a href=\"https:\/\/psol50.org.br\/esta-no-ar-o-cadastro-para-receber-a-renda-basica-emergencial-saiba-tudo-sobre-o-direito-conquistado-com-sua-luta\/\" target=\"_blank\" rel=\"noopener noreferrer\">Para saber mais sobre como pedir o benef\u00edcio, acesse aqui.<\/a><\/strong><\/p>\n<p>O Congresso aprovou um novo projeto na \u00faltima semana para desburocratizar e acelerar o processo de concess\u00e3o dos novos benef\u00edcios. <strong><a href=\"https:\/\/psol50.org.br\/propostas-do-psol-impedem-confisco-de-bancos-e-bloqueio-de-cpf-na-renda-emergencial\/\" target=\"_blank\" rel=\"noopener noreferrer\">Importantes propostas foram aprovadas pelo PSOL<\/a><\/strong>, como n\u00e3o cobrar a regulariza\u00e7\u00e3o do CPF para ter acesso ao benef\u00edcio e impedir que bancos confisquem o valor do benef\u00edcio para cobrar d\u00edvidas.<\/p>\n<p>&#8220;O benef\u00edcio, que varia de R$ 600 a R$ 1.200, objetiva mitigar a crise econ\u00f4mica provocada pela Covid-19 entre grupos mais vulner\u00e1veis. A lentid\u00e3o programada do governo exp\u00f5e a sociedade ao risco&#8221;, afirma o PSOL no pedido de convoca\u00e7\u00e3o do ministro ao parlamento.<\/p>\n","protected":false},"excerpt":{"rendered":"<p>A bancada do PSOL na C\u00e2mara dos Deputados apresentou um requerimento de convoca\u00e7\u00e3o do Ministro da Cidadania, Onyx Lorenzoni, para que ele preste esclarecimentos no parlamento sobre os atrasos no pagamento da Renda B\u00e1sica emergencial pelo governo Bolsonaro. O aux\u00edlio emergencial vem encontrando problemas e lentid\u00e3o exagerada na hora do pagamento, o que agrava a [&hellip;]<\/p>\n","protected":false},"author":2,"featured_media":28489,"comment_status":"closed","ping_status":"open","sticky":false,"template":"","format":"standard","meta":{"_acf_changed":false,"footnotes":""},"categories":[10,6],"tags":[499,212,171,371,583,367,22,366,374],"class_list":{"0":"post-28487","1":"post","2":"type-post","3":"status-publish","4":"format-standard","5":"has-post-thumbnail","7":"category-acao-parlamentares","8":"category-noticias","9":"tag-auxilio-emergencial","10":"tag-convocacao","11":"tag-coronavirus","12":"tag-covid-19","13":"tag-onyx-lorenzoni","14":"tag-pandemia","15":"tag-psol","16":"tag-psolcontraocoronavirus","17":"tag-renda-basica"},"acf":[],"yoast_head":"<!-- This site is optimized with the Yoast SEO plugin v26.5 - https:\/\/yoast.com\/wordpress\/plugins\/seo\/ -->\n<title>PSOL convoca Onyx Lorenzoni para explicar atrasos no pagamento do aux\u00edlio emergencial<\/title>\n<meta name=\"description\" content=\"Aux\u00edlio emergencial vem encontrando problemas e lentid\u00e3o exagerada na hora do pagamento, o que agrava a crise econ\u00f4mica durante a pandemia.\" \/>\n<meta name=\"robots\" content=\"index, follow, max-snippet:-1, max-image-preview:large, max-video-preview:-1\" \/>\n<link rel=\"canonical\" href=\"https:\/\/psol50.org.br\/psol-convoca-onyx-lorenzoni-para-explicar-atrasos-no-pagamento-do-auxilio-emergencial\/\" \/>\n<meta property=\"og:locale\" content=\"pt_BR\" \/>\n<meta property=\"og:type\" content=\"article\" \/>\n<meta property=\"og:title\" content=\"PSOL convoca Onyx Lorenzoni para explicar atrasos no pagamento do aux\u00edlio emergencial\" \/>\n<meta property=\"og:description\" content=\"Aux\u00edlio emergencial vem encontrando problemas e lentid\u00e3o exagerada na hora do pagamento, o que agrava a crise econ\u00f4mica durante a pandemia.\" \/>\n<meta property=\"og:url\" content=\"https:\/\/psol50.org.br\/psol-convoca-onyx-lorenzoni-para-explicar-atrasos-no-pagamento-do-auxilio-emergencial\/\" \/>\n<meta property=\"og:site_name\" content=\"PSOL 50\" \/>\n<meta property=\"article:publisher\" content=\"https:\/\/www.facebook.com\/psol50\" \/>\n<meta property=\"article:published_time\" content=\"2020-04-27T13:56:15+00:00\" \/>\n<meta property=\"og:image\" content=\"https:\/\/psol50.org.br\/inc\/uploads\/2020\/04\/civilcasaaa05-scaled-1.jpg\" \/>\n\t<meta property=\"og:image:width\" content=\"1800\" \/>\n\t<meta property=\"og:image:height\" content=\"1200\" \/>\n\t<meta property=\"og:image:type\" content=\"image\/jpeg\" \/>\n<meta name=\"author\" content=\"Comunica\u00e7\u00e3o PSOL\" \/>\n<meta name=\"twitter:card\" content=\"summary_large_image\" \/>\n<meta name=\"twitter:title\" content=\"PSOL convoca Onyx Lorenzoni para explicar atrasos no pagamento do aux\u00edlio emergencial\" \/>\n<meta name=\"twitter:description\" content=\"Aux\u00edlio emergencial vem encontrando problemas e lentid\u00e3o exagerada na hora do pagamento, o que agrava a crise econ\u00f4mica durante a pandemia.\" \/>\n<meta name=\"twitter:image\" content=\"https:\/\/psol50.org.br\/inc\/uploads\/2020\/04\/civilcasaaa05-scaled-1.jpg\" \/>\n<meta name=\"twitter:creator\" content=\"@psol50\" \/>\n<meta name=\"twitter:site\" content=\"@psol50\" \/>\n<meta name=\"twitter:label1\" content=\"Escrito por\" \/>\n\t<meta name=\"twitter:data1\" content=\"Comunica\u00e7\u00e3o PSOL\" \/>\n\t<meta name=\"twitter:label2\" content=\"Est. tempo de leitura\" \/>\n\t<meta name=\"twitter:data2\" content=\"1 minuto\" \/>\n<script type=\"application\/ld+json\" class=\"yoast-schema-graph\">{\"@context\":\"https:\/\/schema.org\",\"@graph\":[{\"@type\":\"Article\",\"@id\":\"https:\/\/psol50.org.br\/psol-convoca-onyx-lorenzoni-para-explicar-atrasos-no-pagamento-do-auxilio-emergencial\/#article\",\"isPartOf\":{\"@id\":\"https:\/\/psol50.org.br\/psol-convoca-onyx-lorenzoni-para-explicar-atrasos-no-pagamento-do-auxilio-emergencial\/\"},\"author\":{\"name\":\"Comunica\u00e7\u00e3o PSOL\",\"@id\":\"https:\/\/psol50.org.br\/#\/schema\/person\/475dfa57d0b815993c714c2e96491fcd\"},\"headline\":\"PSOL convoca Onyx Lorenzoni para explicar atrasos no pagamento do aux\u00edlio emergencial\",\"datePublished\":\"2020-04-27T13:56:15+00:00\",\"mainEntityOfPage\":{\"@id\":\"https:\/\/psol50.org.br\/psol-convoca-onyx-lorenzoni-para-explicar-atrasos-no-pagamento-do-auxilio-emergencial\/\"},\"wordCount\":204,\"publisher\":{\"@id\":\"https:\/\/psol50.org.br\/#organization\"},\"image\":{\"@id\":\"https:\/\/psol50.org.br\/psol-convoca-onyx-lorenzoni-para-explicar-atrasos-no-pagamento-do-auxilio-emergencial\/#primaryimage\"},\"thumbnailUrl\":\"https:\/\/psol50.org.br\/inc\/uploads\/2020\/04\/civilcasaaa05-scaled-1.jpg\",\"keywords\":[\"aux\u00edlio emergencial\",\"convoca\u00e7\u00e3o\",\"coronav\u00edrus\",\"covid-19\",\"Onyx Lorenzoni\",\"pandemia\",\"PSOL\",\"psolcontraocoronavirus\",\"renda b\u00e1sica\"],\"articleSection\":[\"A\u00e7\u00e3o Parlamentar\",\"Not\u00edcias\"],\"inLanguage\":\"pt-BR\"},{\"@type\":\"WebPage\",\"@id\":\"https:\/\/psol50.org.br\/psol-convoca-onyx-lorenzoni-para-explicar-atrasos-no-pagamento-do-auxilio-emergencial\/\",\"url\":\"https:\/\/psol50.org.br\/psol-convoca-onyx-lorenzoni-para-explicar-atrasos-no-pagamento-do-auxilio-emergencial\/\",\"name\":\"PSOL convoca Onyx Lorenzoni para explicar atrasos no pagamento do aux\u00edlio emergencial\",\"isPartOf\":{\"@id\":\"https:\/\/psol50.org.br\/#website\"},\"primaryImageOfPage\":{\"@id\":\"https:\/\/psol50.org.br\/psol-convoca-onyx-lorenzoni-para-explicar-atrasos-no-pagamento-do-auxilio-emergencial\/#primaryimage\"},\"image\":{\"@id\":\"https:\/\/psol50.org.br\/psol-convoca-onyx-lorenzoni-para-explicar-atrasos-no-pagamento-do-auxilio-emergencial\/#primaryimage\"},\"thumbnailUrl\":\"https:\/\/psol50.org.br\/inc\/uploads\/2020\/04\/civilcasaaa05-scaled-1.jpg\",\"datePublished\":\"2020-04-27T13:56:15+00:00\",\"description\":\"Aux\u00edlio emergencial vem encontrando problemas e lentid\u00e3o exagerada na hora do pagamento, o que agrava a crise econ\u00f4mica durante a pandemia.\",\"breadcrumb\":{\"@id\":\"https:\/\/psol50.org.br\/psol-convoca-onyx-lorenzoni-para-explicar-atrasos-no-pagamento-do-auxilio-emergencial\/#breadcrumb\"},\"inLanguage\":\"pt-BR\",\"potentialAction\":[{\"@type\":\"ReadAction\",\"target\":[\"https:\/\/psol50.org.br\/psol-convoca-onyx-lorenzoni-para-explicar-atrasos-no-pagamento-do-auxilio-emergencial\/\"]}]},{\"@type\":\"ImageObject\",\"inLanguage\":\"pt-BR\",\"@id\":\"https:\/\/psol50.org.br\/psol-convoca-onyx-lorenzoni-para-explicar-atrasos-no-pagamento-do-auxilio-emergencial\/#primaryimage\",\"url\":\"https:\/\/psol50.org.br\/inc\/uploads\/2020\/04\/civilcasaaa05-scaled-1.jpg\",\"contentUrl\":\"https:\/\/psol50.org.br\/inc\/uploads\/2020\/04\/civilcasaaa05-scaled-1.jpg\",\"width\":1800,\"height\":1200,\"caption\":\"Antonio Cruz\/Ag\u00eancia Brasil\"},{\"@type\":\"BreadcrumbList\",\"@id\":\"https:\/\/psol50.org.br\/psol-convoca-onyx-lorenzoni-para-explicar-atrasos-no-pagamento-do-auxilio-emergencial\/#breadcrumb\",\"itemListElement\":[{\"@type\":\"ListItem\",\"position\":1,\"name\":\"In\u00edcio\",\"item\":\"https:\/\/psol50.org.br\/\"},{\"@type\":\"ListItem\",\"position\":2,\"name\":\"PSOL convoca Onyx Lorenzoni para explicar atrasos no pagamento do aux\u00edlio emergencial\"}]},{\"@type\":\"WebSite\",\"@id\":\"https:\/\/psol50.org.br\/#website\",\"url\":\"https:\/\/psol50.org.br\/\",\"name\":\"PSOL 50\",\"description\":\"Site oficial do Partido Socialismo e Liberdade\",\"publisher\":{\"@id\":\"https:\/\/psol50.org.br\/#organization\"},\"alternateName\":\"PSOL50\",\"potentialAction\":[{\"@type\":\"SearchAction\",\"target\":{\"@type\":\"EntryPoint\",\"urlTemplate\":\"https:\/\/psol50.org.br\/?s={search_term_string}\"},\"query-input\":{\"@type\":\"PropertyValueSpecification\",\"valueRequired\":true,\"valueName\":\"search_term_string\"}}],\"inLanguage\":\"pt-BR\"},{\"@type\":\"Organization\",\"@id\":\"https:\/\/psol50.org.br\/#organization\",\"name\":\"PSOL 50\",\"alternateName\":\"PSOL 50\",\"url\":\"https:\/\/psol50.org.br\/\",\"logo\":{\"@type\":\"ImageObject\",\"inLanguage\":\"pt-BR\",\"@id\":\"https:\/\/psol50.org.br\/#\/schema\/logo\/image\/\",\"url\":\"https:\/\/psol50.org.br\/inc\/uploads\/2018\/07\/capa.png\",\"contentUrl\":\"https:\/\/psol50.org.br\/inc\/uploads\/2018\/07\/capa.png\",\"width\":1350,\"height\":900,\"caption\":\"PSOL 50\"},\"image\":{\"@id\":\"https:\/\/psol50.org.br\/#\/schema\/logo\/image\/\"},\"sameAs\":[\"https:\/\/www.facebook.com\/psol50\",\"https:\/\/x.com\/psol50\",\"https:\/\/www.instagram.com\/psol50\/\",\"https:\/\/www.youtube.com\/channel\/UC7SnJS5o1os7a6CaiNabzcg\"]},{\"@type\":\"Person\",\"@id\":\"https:\/\/psol50.org.br\/#\/schema\/person\/475dfa57d0b815993c714c2e96491fcd\",\"name\":\"Comunica\u00e7\u00e3o PSOL\",\"image\":{\"@type\":\"ImageObject\",\"inLanguage\":\"pt-BR\",\"@id\":\"https:\/\/psol50.org.br\/#\/schema\/person\/image\/\",\"url\":\"https:\/\/secure.gravatar.com\/avatar\/b34fc4f4e468a4e51785917065a3db57b841f5c95dba6ad8c73aaf8f66f8f9bf?s=96&d=mm&r=g\",\"contentUrl\":\"https:\/\/secure.gravatar.com\/avatar\/b34fc4f4e468a4e51785917065a3db57b841f5c95dba6ad8c73aaf8f66f8f9bf?s=96&d=mm&r=g\",\"caption\":\"Comunica\u00e7\u00e3o PSOL\"}}]}<\/script>\n<!-- \/ Yoast SEO plugin. -->","yoast_head_json":{"title":"PSOL convoca Onyx Lorenzoni para explicar atrasos no pagamento do aux\u00edlio emergencial","description":"Aux\u00edlio emergencial vem encontrando problemas e lentid\u00e3o exagerada na hora do pagamento, o que agrava a crise econ\u00f4mica durante a pandemia.","robots":{"index":"index","follow":"follow","max-snippet":"max-snippet:-1","max-image-preview":"max-image-preview:large","max-video-preview":"max-video-preview:-1"},"canonical":"https:\/\/psol50.org.br\/psol-convoca-onyx-lorenzoni-para-explicar-atrasos-no-pagamento-do-auxilio-emergencial\/","og_locale":"pt_BR","og_type":"article","og_title":"PSOL convoca Onyx Lorenzoni para explicar atrasos no pagamento do aux\u00edlio emergencial","og_description":"Aux\u00edlio emergencial vem encontrando problemas e lentid\u00e3o exagerada na hora do pagamento, o que agrava a crise econ\u00f4mica durante a pandemia.","og_url":"https:\/\/psol50.org.br\/psol-convoca-onyx-lorenzoni-para-explicar-atrasos-no-pagamento-do-auxilio-emergencial\/","og_site_name":"PSOL 50","article_publisher":"https:\/\/www.facebook.com\/psol50","article_published_time":"2020-04-27T13:56:15+00:00","og_image":[{"width":1800,"height":1200,"url":"https:\/\/psol50.org.br\/inc\/uploads\/2020\/04\/civilcasaaa05-scaled-1.jpg","type":"image\/jpeg"}],"author":"Comunica\u00e7\u00e3o PSOL","twitter_card":"summary_large_image","twitter_title":"PSOL convoca Onyx Lorenzoni para explicar atrasos no pagamento do aux\u00edlio emergencial","twitter_description":"Aux\u00edlio emergencial vem encontrando problemas e lentid\u00e3o exagerada na hora do pagamento, o que agrava a crise econ\u00f4mica durante a pandemia.","twitter_image":"https:\/\/psol50.org.br\/inc\/uploads\/2020\/04\/civilcasaaa05-scaled-1.jpg","twitter_creator":"@psol50","twitter_site":"@psol50","twitter_misc":{"Escrito por":"Comunica\u00e7\u00e3o PSOL","Est. tempo de leitura":"1 minuto"},"schema":{"@context":"https:\/\/schema.org","@graph":[{"@type":"Article","@id":"https:\/\/psol50.org.br\/psol-convoca-onyx-lorenzoni-para-explicar-atrasos-no-pagamento-do-auxilio-emergencial\/#article","isPartOf":{"@id":"https:\/\/psol50.org.br\/psol-convoca-onyx-lorenzoni-para-explicar-atrasos-no-pagamento-do-auxilio-emergencial\/"},"author":{"name":"Comunica\u00e7\u00e3o PSOL","@id":"https:\/\/psol50.org.br\/#\/schema\/person\/475dfa57d0b815993c714c2e96491fcd"},"headline":"PSOL convoca Onyx Lorenzoni para explicar atrasos no pagamento do aux\u00edlio emergencial","datePublished":"2020-04-27T13:56:15+00:00","mainEntityOfPage":{"@id":"https:\/\/psol50.org.br\/psol-convoca-onyx-lorenzoni-para-explicar-atrasos-no-pagamento-do-auxilio-emergencial\/"},"wordCount":204,"publisher":{"@id":"https:\/\/psol50.org.br\/#organization"},"image":{"@id":"https:\/\/psol50.org.br\/psol-convoca-onyx-lorenzoni-para-explicar-atrasos-no-pagamento-do-auxilio-emergencial\/#primaryimage"},"thumbnailUrl":"https:\/\/psol50.org.br\/inc\/uploads\/2020\/04\/civilcasaaa05-scaled-1.jpg","keywords":["aux\u00edlio emergencial","convoca\u00e7\u00e3o","coronav\u00edrus","covid-19","Onyx Lorenzoni","pandemia","PSOL","psolcontraocoronavirus","renda b\u00e1sica"],"articleSection":["A\u00e7\u00e3o Parlamentar","Not\u00edcias"],"inLanguage":"pt-BR"},{"@type":"WebPage","@id":"https:\/\/psol50.org.br\/psol-convoca-onyx-lorenzoni-para-explicar-atrasos-no-pagamento-do-auxilio-emergencial\/","url":"https:\/\/psol50.org.br\/psol-convoca-onyx-lorenzoni-para-explicar-atrasos-no-pagamento-do-auxilio-emergencial\/","name":"PSOL convoca Onyx Lorenzoni para explicar atrasos no pagamento do aux\u00edlio emergencial","isPartOf":{"@id":"https:\/\/psol50.org.br\/#website"},"primaryImageOfPage":{"@id":"https:\/\/psol50.org.br\/psol-convoca-onyx-lorenzoni-para-explicar-atrasos-no-pagamento-do-auxilio-emergencial\/#primaryimage"},"image":{"@id":"https:\/\/psol50.org.br\/psol-convoca-onyx-lorenzoni-para-explicar-atrasos-no-pagamento-do-auxilio-emergencial\/#primaryimage"},"thumbnailUrl":"https:\/\/psol50.org.br\/inc\/uploads\/2020\/04\/civilcasaaa05-scaled-1.jpg","datePublished":"2020-04-27T13:56:15+00:00","description":"Aux\u00edlio emergencial vem encontrando problemas e lentid\u00e3o exagerada na hora do pagamento, o que agrava a crise econ\u00f4mica durante a pandemia.","breadcrumb":{"@id":"https:\/\/psol50.org.br\/psol-convoca-onyx-lorenzoni-para-explicar-atrasos-no-pagamento-do-auxilio-emergencial\/#breadcrumb"},"inLanguage":"pt-BR","potentialAction":[{"@type":"ReadAction","target":["https:\/\/psol50.org.br\/psol-convoca-onyx-lorenzoni-para-explicar-atrasos-no-pagamento-do-auxilio-emergencial\/"]}]},{"@type":"ImageObject","inLanguage":"pt-BR","@id":"https:\/\/psol50.org.br\/psol-convoca-onyx-lorenzoni-para-explicar-atrasos-no-pagamento-do-auxilio-emergencial\/#primaryimage","url":"https:\/\/psol50.org.br\/inc\/uploads\/2020\/04\/civilcasaaa05-scaled-1.jpg","contentUrl":"https:\/\/psol50.org.br\/inc\/uploads\/2020\/04\/civilcasaaa05-scaled-1.jpg","width":1800,"height":1200,"caption":"Antonio Cruz\/Ag\u00eancia Brasil"},{"@type":"BreadcrumbList","@id":"https:\/\/psol50.org.br\/psol-convoca-onyx-lorenzoni-para-explicar-atrasos-no-pagamento-do-auxilio-emergencial\/#breadcrumb","itemListElement":[{"@type":"ListItem","position":1,"name":"In\u00edcio","item":"https:\/\/psol50.org.br\/"},{"@type":"ListItem","position":2,"name":"PSOL convoca Onyx Lorenzoni para explicar atrasos no pagamento do aux\u00edlio emergencial"}]},{"@type":"WebSite","@id":"https:\/\/psol50.org.br\/#website","url":"https:\/\/psol50.org.br\/","name":"PSOL 50","description":"Site oficial do Partido Socialismo e Liberdade","publisher":{"@id":"https:\/\/psol50.org.br\/#organization"},"alternateName":"PSOL50","potentialAction":[{"@type":"SearchAction","target":{"@type":"EntryPoint","urlTemplate":"https:\/\/psol50.org.br\/?s={search_term_string}"},"query-input":{"@type":"PropertyValueSpecification","valueRequired":true,"valueName":"search_term_string"}}],"inLanguage":"pt-BR"},{"@type":"Organization","@id":"https:\/\/psol50.org.br\/#organization","name":"PSOL 50","alternateName":"PSOL 50","url":"https:\/\/psol50.org.br\/","logo":{"@type":"ImageObject","inLanguage":"pt-BR","@id":"https:\/\/psol50.org.br\/#\/schema\/logo\/image\/","url":"https:\/\/psol50.org.br\/inc\/uploads\/2018\/07\/capa.png","contentUrl":"https:\/\/psol50.org.br\/inc\/uploads\/2018\/07\/capa.png","width":1350,"height":900,"caption":"PSOL 50"},"image":{"@id":"https:\/\/psol50.org.br\/#\/schema\/logo\/image\/"},"sameAs":["https:\/\/www.facebook.com\/psol50","https:\/\/x.com\/psol50","https:\/\/www.instagram.com\/psol50\/","https:\/\/www.youtube.com\/channel\/UC7SnJS5o1os7a6CaiNabzcg"]},{"@type":"Person","@id":"https:\/\/psol50.org.br\/#\/schema\/person\/475dfa57d0b815993c714c2e96491fcd","name":"Comunica\u00e7\u00e3o PSOL","image":{"@type":"ImageObject","inLanguage":"pt-BR","@id":"https:\/\/psol50.org.br\/#\/schema\/person\/image\/","url":"https:\/\/secure.gravatar.com\/avatar\/b34fc4f4e468a4e51785917065a3db57b841f5c95dba6ad8c73aaf8f66f8f9bf?s=96&d=mm&r=g","contentUrl":"https:\/\/secure.gravatar.com\/avatar\/b34fc4f4e468a4e51785917065a3db57b841f5c95dba6ad8c73aaf8f66f8f9bf?s=96&d=mm&r=g","caption":"Comunica\u00e7\u00e3o PSOL"}}]}},"_links":{"self":[{"href":"https:\/\/psol50.org.br\/rest\/wp\/v2\/posts\/28487","targetHints":{"allow":["GET"]}}],"collection":[{"href":"https:\/\/psol50.org.br\/rest\/wp\/v2\/posts"}],"about":[{"href":"https:\/\/psol50.org.br\/rest\/wp\/v2\/types\/post"}],"author":[{"embeddable":true,"href":"https:\/\/psol50.org.br\/rest\/wp\/v2\/users\/2"}],"replies":[{"embeddable":true,"href":"https:\/\/psol50.org.br\/rest\/wp\/v2\/comments?post=28487"}],"version-history":[{"count":0,"href":"https:\/\/psol50.org.br\/rest\/wp\/v2\/posts\/28487\/revisions"}],"wp:featuredmedia":[{"embeddable":true,"href":"https:\/\/psol50.org.br\/rest\/wp\/v2\/media\/28489"}],"wp:attachment":[{"href":"https:\/\/psol50.org.br\/rest\/wp\/v2\/media?parent=28487"}],"wp:term":[{"taxonomy":"category","embeddable":true,"href":"https:\/\/psol50.org.br\/rest\/wp\/v2\/categories?post=28487"},{"taxonomy":"post_tag","embeddable":true,"href":"https:\/\/psol50.org.br\/rest\/wp\/v2\/tags?post=28487"}],"curies":[{"name":"wp","href":"https:\/\/api.w.org\/{rel}","templated":true}]}}