{"id":2849,"date":"2014-07-10T00:00:00","date_gmt":"2014-07-10T19:14:44","guid":{"rendered":"http:\/\/psol50.org.br\/arquivo\/2014\/07\/10\/organizacoes-politicas-entregam-a-embaixador-da-palestina-carta-contra-agressoes-sionistas\/"},"modified":"2014-07-10T00:00:00","modified_gmt":"2014-07-10T19:14:44","slug":"organizacoes-politicas-entregam-a-embaixador-da-palestina-carta-contra-agressoes-sionistas","status":"publish","type":"post","link":"https:\/\/psol50.org.br\/organizacoes-politicas-entregam-a-embaixador-da-palestina-carta-contra-agressoes-sionistas\/","title":{"rendered":"Organiza\u00e7\u00f5es pol\u00edticas entregam a embaixador da Palestina carta contra agress\u00f5es sionistas"},"content":{"rendered":"<div style=\"text-align: justify;\">\n\tPartidos pol\u00edticos, entre eles o PSOL, movimentos sociais e organiza\u00e7\u00f5es em defesa dos direitos humanos entregaram, na tarde desta quinta-feira (10), ao embaixador da Palestina no Brasil, Ibrahim Alzeben, uma carta em que denunciam a ofensiva do Estado de Israel contra o povo palestino nos \u00faltimos dias. O documento, assinado pelo PSOL, pelos mandatos dos deputados Chico Alencar e Ivan Valente e por organiza\u00e7\u00f5es como o Movimento de Luta Pela Terra, Movimento Fora do Eixo, Movimento Pequenos Agricultores, Grupo Parlamentar Brasil-Pa\u00edses \u00c1rabes e Justi\u00e7a sem Fronteira, afirma que somente na ter\u00e7a-feira, 8 de julho, mais de 40 palestinos foram assassinados, incluindo crian\u00e7as, e centenas ficaram feridos em uma s\u00e9rie de ataques que j\u00e1 podem ser considerados os mais violentos desde 2012.<br \/>\n\t&nbsp;<br \/>\n\tNo total, ao menos 76 palestinos morreram e outros 500 ficaram feridos na Faixa de Gaza desde o in\u00edcio da ofensiva militar israelense &#8211; na opera\u00e7\u00e3o que ficou conhecida como Margem Protetora &#8211; que, somente na madrugada desta quinta-feira (10), atacou 108 novos alvos. Ca\u00e7as e embarca\u00e7\u00f5es de guerra das For\u00e7as Armadas israelenses continuaram pela terceira noite consecutiva com os bombardeios no territ\u00f3rio palestino, segundo as testemunhas.<br \/>\n\t&nbsp;<br \/>\n\tNa carta, as organiza\u00e7\u00f5es reafirmam a sua solidariedade total e irrestrita ao povo palestino e tamb\u00e9m reivindicam que o Estado brasileiro e a Organiza\u00e7\u00e3o das Na\u00e7\u00f5es Unidas atuem pelo fim das agress\u00f5es israelenses.<br \/>\n\t&nbsp;<br \/>\n\tO secret\u00e1rio nacional de Comunica\u00e7\u00e3o do PSOL, Juliano Medeiros, ressalta que o partido tem manifestado, reiteradas vezes, seu apoio \u00e0 causa da autodetermina\u00e7\u00e3o da Palestina. \u201cEm todos os nossos f\u00f3runs, temos reafirmado nosso compromisso com liberta\u00e7\u00e3o do povo palestino e condenado a viol\u00eancia do Estado de Israel. A \u00fanica solu\u00e7\u00e3o para o massacre que est\u00e1 em curso \u00e9 a cria\u00e7\u00e3o do Estado Palestino, s\u00f3 assim evitaremos mais mortes. Para isso, o governo brasileiro deveria ter uma postura firme, rompendo rela\u00e7\u00f5es diplom\u00e1ticas e comerciais com Israel e aumentando a corrente internacional a favor da Palestina, como fez a Venezuela, anos atr\u00e1s&#8221;, defendeu Juliano, que representou o PSOL no ato de hoje, na Embaixada da Palestina, em Bras\u00edlia.<br \/>\n\t&nbsp;<br \/>\n\tO assessor do deputado Chico Alencar Jo\u00e3o Tel\u00e9sforo tamb\u00e9m esteve na manifesta\u00e7\u00e3o, representando o mandato do deputado do PSOL do Rio.<br \/>\n\t&nbsp;<br \/>\n\tLeia abaixo a carta, entregue no ato de hoje ao embaixador Ibrahim Alzeben.<br \/>\n\t&nbsp;<br \/>\n\t<strong>Solidariedade ao povo Palestino contra as agress\u00f5es sionistas <\/strong><br \/>\n\tA ofensiva de Israel contra o povo da Palestina nos \u00faltimos dias ganhou propor\u00e7\u00f5es intoler\u00e1veis. Somente nesta ter\u00e7a-feira, 8 de julho, mais de 40 palestinos foram assassinados, incluindo crian\u00e7as, e centenas ficaram feridos em uma s\u00e9rie de ataques que j\u00e1 podem ser considerados os mais violentos desde 2012.<br \/>\n\t&nbsp;<br \/>\n\tO regime de apartheid e segrega\u00e7\u00e3o imposto por Israel ao povo palestino deve ser denunciado e \u00e9 necess\u00e1ria, mais do que nunca, a coopera\u00e7\u00e3o e a solidariedade dos povos do mundo \u00e0 causa Palestina. Este \u00e9 um momento muito delicado e dif\u00edcil, em que utiliza se, inclusive atrav\u00e9s da manipula\u00e7\u00e3o de informa\u00e7\u00f5es pela m\u00eddia, o desaparecimento de tr\u00eas jovens colonos israelenses, residentes ilegais em terras palestinas, para se justificar um massacre com o uso desproporcional das for\u00e7as israelenses contra os palestinos.<br \/>\n\t&nbsp;<br \/>\n\t\u00c9 preciso que todos os setores comprometidos com a paz e a solidariedade internacional se levantem para denunciar os bombardeios de cidades palestinas, especialmente em Gaza, as pris\u00f5es e assassinatos de seus jovens, a demoli\u00e7\u00e3o de suas casas e o total descompromisso de Israel com a constru\u00e7\u00e3o da paz na regi\u00e3o. O tom das a\u00e7\u00f5es israelenses tem sido de limpeza \u00e9tnica, crimes de guerra e genoc\u00eddio.<br \/>\n\t&nbsp;<br \/>\n\tAs entidades brasileiras que apoiam a causa palestina, suas organiza\u00e7\u00f5es e seu clamor pelo fim das agress\u00f5es de Israel, manifestam perante a <strong>Embaixada do Estado da Palestina no Brasil <\/strong>e por seu interm\u00e9dio ao povo palestino sua solidariedade total e irrestrita no mesmo momento em que clamam ao Estado brasileiro e \u00e0 Organiza\u00e7\u00e3o das Na\u00e7\u00f5es Unidas o fim das agress\u00f5es israelenses e o cumprimento das conven\u00e7\u00f5es internacionais que dizem respeito \u00e0 ocupa\u00e7\u00e3o dos territ\u00f3rios do Estado da Palestina.<br \/>\n\tBras\u00edlia, 9 de julho de 2014.<br \/>\n\t&nbsp;<br \/>\n\tCEBRAPAZ-Centro Brasileiro de Solidariedade aos Povos e Luta pela Paz, Centro de Estudos da M\u00eddia Alternativa Bar\u00e3o de Itarar\u00e9, Grupo Parlamentar Brasil-Pa\u00edses \u00c1rabes, Guerrilheiros do Cristo Revolucion\u00e1rio, Instituto de Desenvolvimento das Rela\u00e7\u00f5es Internacionais, Justi\u00e7a sem Fronteira, PSOL, Mandato Chico Alencar (PSOL-RJ), Mandato do deputado Ivan Valente (PSOL-SP), Juntos, JSol, M\u00eddia Ninja, MLT-Movimento de Luta Pela Terra, Movimento de Olho na Justi\u00e7a, MDD-Movimento Democracia Direta, Movimento Fora do Eixo, Movimento Pequenos Agricultores, Negritude Socialista, R\u00e1dio Cultura FM, Refunda\u00e7\u00e3o Comunista DF, PCdoB-DF, PSB-DF, SINDSER, TV Cidade Livre, UBES, UJS, UNE, UNEGRO, Uni\u00e3o Brasileira de Mulheres, UNIPOP-Universidade de Pol\u00edticas do Movimento Popular, Ancop (<span class=\"_5yl5\" data-reactid=\".q.$mid=11405099550270=2dc156910660b16f438.2:0.0.0.0.0\"><span class=\"null\">rticula\u00e7\u00e3o Nacional dos Comit\u00eas Populares da Copa) e <span class=\"_5yl5\" data-reactid=\".q.$mid=11405099554059=2249ace12f7c5a20d68.2:0.0.0.0.0\"><span class=\"null\">RUA &#8211; Juventude Anticapitalista.<\/span><\/span><\/span><\/span><\/p>\n<p>\t&nbsp;<\/p><\/div>\n","protected":false},"excerpt":{"rendered":"<p>\u201cEm todos os nossos f\u00f3runs, temos reafirmado nosso compromisso com liberta\u00e7\u00e3o do povo palestino e condenado a viol\u00eancia do Estado de Israel\u201d, afirma o secret\u00e1rio nacional de Comunica\u00e7\u00e3o do PSOL<\/p>\n","protected":false},"author":2,"featured_media":0,"comment_status":"open","ping_status":"open","sticky":false,"template":"","format":"standard","meta":{"_acf_changed":false,"footnotes":""},"categories":[4766,6],"tags":[],"class_list":{"0":"post-2849","1":"post","2":"type-post","3":"status-publish","4":"format-standard","6":"category-arquivo","7":"category-noticias"},"acf":[],"yoast_head":"<!-- This site is optimized with the Yoast SEO plugin v26.5 - https:\/\/yoast.com\/wordpress\/plugins\/seo\/ -->\n<title>Organiza\u00e7\u00f5es pol\u00edticas entregam a embaixador da Palestina carta contra agress\u00f5es sionistas - PSOL 50<\/title>\n<meta name=\"robots\" content=\"index, follow, max-snippet:-1, max-image-preview:large, max-video-preview:-1\" \/>\n<link rel=\"canonical\" href=\"https:\/\/psol50.org.br\/organizacoes-politicas-entregam-a-embaixador-da-palestina-carta-contra-agressoes-sionistas\/\" \/>\n<meta property=\"og:locale\" content=\"pt_BR\" \/>\n<meta property=\"og:type\" content=\"article\" \/>\n<meta property=\"og:title\" content=\"Organiza\u00e7\u00f5es pol\u00edticas entregam a embaixador da Palestina carta contra agress\u00f5es sionistas - PSOL 50\" \/>\n<meta property=\"og:description\" content=\"\u201cEm todos os nossos f\u00f3runs, temos reafirmado nosso compromisso com liberta\u00e7\u00e3o do povo palestino e condenado a viol\u00eancia do Estado de Israel\u201d, afirma o secret\u00e1rio nacional de Comunica\u00e7\u00e3o do PSOL\" \/>\n<meta property=\"og:url\" content=\"https:\/\/psol50.org.br\/organizacoes-politicas-entregam-a-embaixador-da-palestina-carta-contra-agressoes-sionistas\/\" \/>\n<meta property=\"og:site_name\" content=\"PSOL 50\" \/>\n<meta property=\"article:publisher\" content=\"https:\/\/www.facebook.com\/psol50\" \/>\n<meta property=\"article:published_time\" content=\"2014-07-10T19:14:44+00:00\" \/>\n<meta property=\"og:image\" content=\"https:\/\/psol50.org.br\/inc\/uploads\/2018\/07\/capa.png\" \/>\n\t<meta property=\"og:image:width\" content=\"1350\" \/>\n\t<meta property=\"og:image:height\" content=\"900\" \/>\n\t<meta property=\"og:image:type\" content=\"image\/png\" \/>\n<meta name=\"author\" content=\"Comunica\u00e7\u00e3o PSOL\" \/>\n<meta name=\"twitter:card\" content=\"summary_large_image\" \/>\n<meta name=\"twitter:creator\" content=\"@psol50\" \/>\n<meta name=\"twitter:site\" content=\"@psol50\" \/>\n<meta name=\"twitter:label1\" content=\"Escrito por\" \/>\n\t<meta name=\"twitter:data1\" content=\"Comunica\u00e7\u00e3o PSOL\" \/>\n\t<meta name=\"twitter:label2\" content=\"Est. tempo de leitura\" \/>\n\t<meta name=\"twitter:data2\" content=\"4 minutos\" \/>\n<script type=\"application\/ld+json\" class=\"yoast-schema-graph\">{\"@context\":\"https:\/\/schema.org\",\"@graph\":[{\"@type\":\"Article\",\"@id\":\"https:\/\/psol50.org.br\/organizacoes-politicas-entregam-a-embaixador-da-palestina-carta-contra-agressoes-sionistas\/#article\",\"isPartOf\":{\"@id\":\"https:\/\/psol50.org.br\/organizacoes-politicas-entregam-a-embaixador-da-palestina-carta-contra-agressoes-sionistas\/\"},\"author\":{\"name\":\"Comunica\u00e7\u00e3o PSOL\",\"@id\":\"https:\/\/psol50.org.br\/#\/schema\/person\/475dfa57d0b815993c714c2e96491fcd\"},\"headline\":\"Organiza\u00e7\u00f5es pol\u00edticas entregam a embaixador da Palestina carta contra agress\u00f5es sionistas\",\"datePublished\":\"2014-07-10T19:14:44+00:00\",\"mainEntityOfPage\":{\"@id\":\"https:\/\/psol50.org.br\/organizacoes-politicas-entregam-a-embaixador-da-palestina-carta-contra-agressoes-sionistas\/\"},\"wordCount\":855,\"commentCount\":0,\"publisher\":{\"@id\":\"https:\/\/psol50.org.br\/#organization\"},\"articleSection\":[\"Arquivo\",\"Not\u00edcias\"],\"inLanguage\":\"pt-BR\",\"potentialAction\":[{\"@type\":\"CommentAction\",\"name\":\"Comment\",\"target\":[\"https:\/\/psol50.org.br\/organizacoes-politicas-entregam-a-embaixador-da-palestina-carta-contra-agressoes-sionistas\/#respond\"]}]},{\"@type\":\"WebPage\",\"@id\":\"https:\/\/psol50.org.br\/organizacoes-politicas-entregam-a-embaixador-da-palestina-carta-contra-agressoes-sionistas\/\",\"url\":\"https:\/\/psol50.org.br\/organizacoes-politicas-entregam-a-embaixador-da-palestina-carta-contra-agressoes-sionistas\/\",\"name\":\"Organiza\u00e7\u00f5es pol\u00edticas entregam a embaixador da Palestina carta contra agress\u00f5es sionistas - PSOL 50\",\"isPartOf\":{\"@id\":\"https:\/\/psol50.org.br\/#website\"},\"datePublished\":\"2014-07-10T19:14:44+00:00\",\"breadcrumb\":{\"@id\":\"https:\/\/psol50.org.br\/organizacoes-politicas-entregam-a-embaixador-da-palestina-carta-contra-agressoes-sionistas\/#breadcrumb\"},\"inLanguage\":\"pt-BR\",\"potentialAction\":[{\"@type\":\"ReadAction\",\"target\":[\"https:\/\/psol50.org.br\/organizacoes-politicas-entregam-a-embaixador-da-palestina-carta-contra-agressoes-sionistas\/\"]}]},{\"@type\":\"BreadcrumbList\",\"@id\":\"https:\/\/psol50.org.br\/organizacoes-politicas-entregam-a-embaixador-da-palestina-carta-contra-agressoes-sionistas\/#breadcrumb\",\"itemListElement\":[{\"@type\":\"ListItem\",\"position\":1,\"name\":\"In\u00edcio\",\"item\":\"https:\/\/psol50.org.br\/\"},{\"@type\":\"ListItem\",\"position\":2,\"name\":\"Organiza\u00e7\u00f5es pol\u00edticas entregam a embaixador da Palestina carta contra agress\u00f5es sionistas\"}]},{\"@type\":\"WebSite\",\"@id\":\"https:\/\/psol50.org.br\/#website\",\"url\":\"https:\/\/psol50.org.br\/\",\"name\":\"PSOL 50\",\"description\":\"Site oficial do Partido Socialismo e Liberdade\",\"publisher\":{\"@id\":\"https:\/\/psol50.org.br\/#organization\"},\"alternateName\":\"PSOL50\",\"potentialAction\":[{\"@type\":\"SearchAction\",\"target\":{\"@type\":\"EntryPoint\",\"urlTemplate\":\"https:\/\/psol50.org.br\/?s={search_term_string}\"},\"query-input\":{\"@type\":\"PropertyValueSpecification\",\"valueRequired\":true,\"valueName\":\"search_term_string\"}}],\"inLanguage\":\"pt-BR\"},{\"@type\":\"Organization\",\"@id\":\"https:\/\/psol50.org.br\/#organization\",\"name\":\"PSOL 50\",\"alternateName\":\"PSOL 50\",\"url\":\"https:\/\/psol50.org.br\/\",\"logo\":{\"@type\":\"ImageObject\",\"inLanguage\":\"pt-BR\",\"@id\":\"https:\/\/psol50.org.br\/#\/schema\/logo\/image\/\",\"url\":\"https:\/\/psol50.org.br\/inc\/uploads\/2018\/07\/capa.png\",\"contentUrl\":\"https:\/\/psol50.org.br\/inc\/uploads\/2018\/07\/capa.png\",\"width\":1350,\"height\":900,\"caption\":\"PSOL 50\"},\"image\":{\"@id\":\"https:\/\/psol50.org.br\/#\/schema\/logo\/image\/\"},\"sameAs\":[\"https:\/\/www.facebook.com\/psol50\",\"https:\/\/x.com\/psol50\",\"https:\/\/www.instagram.com\/psol50\/\",\"https:\/\/www.youtube.com\/channel\/UC7SnJS5o1os7a6CaiNabzcg\"]},{\"@type\":\"Person\",\"@id\":\"https:\/\/psol50.org.br\/#\/schema\/person\/475dfa57d0b815993c714c2e96491fcd\",\"name\":\"Comunica\u00e7\u00e3o PSOL\",\"image\":{\"@type\":\"ImageObject\",\"inLanguage\":\"pt-BR\",\"@id\":\"https:\/\/psol50.org.br\/#\/schema\/person\/image\/\",\"url\":\"https:\/\/secure.gravatar.com\/avatar\/b34fc4f4e468a4e51785917065a3db57b841f5c95dba6ad8c73aaf8f66f8f9bf?s=96&d=mm&r=g\",\"contentUrl\":\"https:\/\/secure.gravatar.com\/avatar\/b34fc4f4e468a4e51785917065a3db57b841f5c95dba6ad8c73aaf8f66f8f9bf?s=96&d=mm&r=g\",\"caption\":\"Comunica\u00e7\u00e3o PSOL\"}}]}<\/script>\n<!-- \/ Yoast SEO plugin. -->","yoast_head_json":{"title":"Organiza\u00e7\u00f5es pol\u00edticas entregam a embaixador da Palestina carta contra agress\u00f5es sionistas - PSOL 50","robots":{"index":"index","follow":"follow","max-snippet":"max-snippet:-1","max-image-preview":"max-image-preview:large","max-video-preview":"max-video-preview:-1"},"canonical":"https:\/\/psol50.org.br\/organizacoes-politicas-entregam-a-embaixador-da-palestina-carta-contra-agressoes-sionistas\/","og_locale":"pt_BR","og_type":"article","og_title":"Organiza\u00e7\u00f5es pol\u00edticas entregam a embaixador da Palestina carta contra agress\u00f5es sionistas - PSOL 50","og_description":"\u201cEm todos os nossos f\u00f3runs, temos reafirmado nosso compromisso com liberta\u00e7\u00e3o do povo palestino e condenado a viol\u00eancia do Estado de Israel\u201d, afirma o secret\u00e1rio nacional de Comunica\u00e7\u00e3o do PSOL","og_url":"https:\/\/psol50.org.br\/organizacoes-politicas-entregam-a-embaixador-da-palestina-carta-contra-agressoes-sionistas\/","og_site_name":"PSOL 50","article_publisher":"https:\/\/www.facebook.com\/psol50","article_published_time":"2014-07-10T19:14:44+00:00","og_image":[{"width":1350,"height":900,"url":"https:\/\/psol50.org.br\/inc\/uploads\/2018\/07\/capa.png","type":"image\/png"}],"author":"Comunica\u00e7\u00e3o PSOL","twitter_card":"summary_large_image","twitter_creator":"@psol50","twitter_site":"@psol50","twitter_misc":{"Escrito por":"Comunica\u00e7\u00e3o PSOL","Est. tempo de leitura":"4 minutos"},"schema":{"@context":"https:\/\/schema.org","@graph":[{"@type":"Article","@id":"https:\/\/psol50.org.br\/organizacoes-politicas-entregam-a-embaixador-da-palestina-carta-contra-agressoes-sionistas\/#article","isPartOf":{"@id":"https:\/\/psol50.org.br\/organizacoes-politicas-entregam-a-embaixador-da-palestina-carta-contra-agressoes-sionistas\/"},"author":{"name":"Comunica\u00e7\u00e3o PSOL","@id":"https:\/\/psol50.org.br\/#\/schema\/person\/475dfa57d0b815993c714c2e96491fcd"},"headline":"Organiza\u00e7\u00f5es pol\u00edticas entregam a embaixador da Palestina carta contra agress\u00f5es sionistas","datePublished":"2014-07-10T19:14:44+00:00","mainEntityOfPage":{"@id":"https:\/\/psol50.org.br\/organizacoes-politicas-entregam-a-embaixador-da-palestina-carta-contra-agressoes-sionistas\/"},"wordCount":855,"commentCount":0,"publisher":{"@id":"https:\/\/psol50.org.br\/#organization"},"articleSection":["Arquivo","Not\u00edcias"],"inLanguage":"pt-BR","potentialAction":[{"@type":"CommentAction","name":"Comment","target":["https:\/\/psol50.org.br\/organizacoes-politicas-entregam-a-embaixador-da-palestina-carta-contra-agressoes-sionistas\/#respond"]}]},{"@type":"WebPage","@id":"https:\/\/psol50.org.br\/organizacoes-politicas-entregam-a-embaixador-da-palestina-carta-contra-agressoes-sionistas\/","url":"https:\/\/psol50.org.br\/organizacoes-politicas-entregam-a-embaixador-da-palestina-carta-contra-agressoes-sionistas\/","name":"Organiza\u00e7\u00f5es pol\u00edticas entregam a embaixador da Palestina carta contra agress\u00f5es sionistas - PSOL 50","isPartOf":{"@id":"https:\/\/psol50.org.br\/#website"},"datePublished":"2014-07-10T19:14:44+00:00","breadcrumb":{"@id":"https:\/\/psol50.org.br\/organizacoes-politicas-entregam-a-embaixador-da-palestina-carta-contra-agressoes-sionistas\/#breadcrumb"},"inLanguage":"pt-BR","potentialAction":[{"@type":"ReadAction","target":["https:\/\/psol50.org.br\/organizacoes-politicas-entregam-a-embaixador-da-palestina-carta-contra-agressoes-sionistas\/"]}]},{"@type":"BreadcrumbList","@id":"https:\/\/psol50.org.br\/organizacoes-politicas-entregam-a-embaixador-da-palestina-carta-contra-agressoes-sionistas\/#breadcrumb","itemListElement":[{"@type":"ListItem","position":1,"name":"In\u00edcio","item":"https:\/\/psol50.org.br\/"},{"@type":"ListItem","position":2,"name":"Organiza\u00e7\u00f5es pol\u00edticas entregam a embaixador da Palestina carta contra agress\u00f5es sionistas"}]},{"@type":"WebSite","@id":"https:\/\/psol50.org.br\/#website","url":"https:\/\/psol50.org.br\/","name":"PSOL 50","description":"Site oficial do Partido Socialismo e Liberdade","publisher":{"@id":"https:\/\/psol50.org.br\/#organization"},"alternateName":"PSOL50","potentialAction":[{"@type":"SearchAction","target":{"@type":"EntryPoint","urlTemplate":"https:\/\/psol50.org.br\/?s={search_term_string}"},"query-input":{"@type":"PropertyValueSpecification","valueRequired":true,"valueName":"search_term_string"}}],"inLanguage":"pt-BR"},{"@type":"Organization","@id":"https:\/\/psol50.org.br\/#organization","name":"PSOL 50","alternateName":"PSOL 50","url":"https:\/\/psol50.org.br\/","logo":{"@type":"ImageObject","inLanguage":"pt-BR","@id":"https:\/\/psol50.org.br\/#\/schema\/logo\/image\/","url":"https:\/\/psol50.org.br\/inc\/uploads\/2018\/07\/capa.png","contentUrl":"https:\/\/psol50.org.br\/inc\/uploads\/2018\/07\/capa.png","width":1350,"height":900,"caption":"PSOL 50"},"image":{"@id":"https:\/\/psol50.org.br\/#\/schema\/logo\/image\/"},"sameAs":["https:\/\/www.facebook.com\/psol50","https:\/\/x.com\/psol50","https:\/\/www.instagram.com\/psol50\/","https:\/\/www.youtube.com\/channel\/UC7SnJS5o1os7a6CaiNabzcg"]},{"@type":"Person","@id":"https:\/\/psol50.org.br\/#\/schema\/person\/475dfa57d0b815993c714c2e96491fcd","name":"Comunica\u00e7\u00e3o PSOL","image":{"@type":"ImageObject","inLanguage":"pt-BR","@id":"https:\/\/psol50.org.br\/#\/schema\/person\/image\/","url":"https:\/\/secure.gravatar.com\/avatar\/b34fc4f4e468a4e51785917065a3db57b841f5c95dba6ad8c73aaf8f66f8f9bf?s=96&d=mm&r=g","contentUrl":"https:\/\/secure.gravatar.com\/avatar\/b34fc4f4e468a4e51785917065a3db57b841f5c95dba6ad8c73aaf8f66f8f9bf?s=96&d=mm&r=g","caption":"Comunica\u00e7\u00e3o PSOL"}}]}},"_links":{"self":[{"href":"https:\/\/psol50.org.br\/rest\/wp\/v2\/posts\/2849","targetHints":{"allow":["GET"]}}],"collection":[{"href":"https:\/\/psol50.org.br\/rest\/wp\/v2\/posts"}],"about":[{"href":"https:\/\/psol50.org.br\/rest\/wp\/v2\/types\/post"}],"author":[{"embeddable":true,"href":"https:\/\/psol50.org.br\/rest\/wp\/v2\/users\/2"}],"replies":[{"embeddable":true,"href":"https:\/\/psol50.org.br\/rest\/wp\/v2\/comments?post=2849"}],"version-history":[{"count":0,"href":"https:\/\/psol50.org.br\/rest\/wp\/v2\/posts\/2849\/revisions"}],"wp:attachment":[{"href":"https:\/\/psol50.org.br\/rest\/wp\/v2\/media?parent=2849"}],"wp:term":[{"taxonomy":"category","embeddable":true,"href":"https:\/\/psol50.org.br\/rest\/wp\/v2\/categories?post=2849"},{"taxonomy":"post_tag","embeddable":true,"href":"https:\/\/psol50.org.br\/rest\/wp\/v2\/tags?post=2849"}],"curies":[{"name":"wp","href":"https:\/\/api.w.org\/{rel}","templated":true}]}}