{"id":28503,"date":"2020-04-27T12:12:32","date_gmt":"2020-04-27T15:12:32","guid":{"rendered":"https:\/\/psol50.org.br\/?p=28503"},"modified":"2020-04-27T12:12:32","modified_gmt":"2020-04-27T15:12:32","slug":"exigimos-justica-a-marielle-fora-bolsonaro","status":"publish","type":"post","link":"https:\/\/psol50.org.br\/exigimos-justica-a-marielle-fora-bolsonaro\/","title":{"rendered":"Exigimos justi\u00e7a \u00e0 Marielle. Fora Bolsonaro!"},"content":{"rendered":"<p><a href=\"https:\/\/psol50.org.br\/coronavirus\/\" target=\"_blank\" rel=\"noopener noreferrer\"><img loading=\"lazy\" decoding=\"async\" class=\"alignnone size-full wp-image-27838\" src=\"https:\/\/psol50.org.br\/inc\/uploads\/2020\/03\/Banner-Site_3.png\" alt=\"\" width=\"1240\" height=\"331\" srcset=\"https:\/\/psol50.org.br\/inc\/uploads\/2020\/03\/Banner-Site_3.png 1240w, https:\/\/psol50.org.br\/inc\/uploads\/2020\/03\/Banner-Site_3-300x80.png 300w, https:\/\/psol50.org.br\/inc\/uploads\/2020\/03\/Banner-Site_3-1024x273.png 1024w, https:\/\/psol50.org.br\/inc\/uploads\/2020\/03\/Banner-Site_3-768x205.png 768w, https:\/\/psol50.org.br\/inc\/uploads\/2020\/03\/Banner-Site_3-150x40.png 150w, https:\/\/psol50.org.br\/inc\/uploads\/2020\/03\/Banner-Site_3-696x186.png 696w, https:\/\/psol50.org.br\/inc\/uploads\/2020\/03\/Banner-Site_3-1068x285.png 1068w\" sizes=\"auto, (max-width: 1240px) 100vw, 1240px\" \/><\/a><\/p>\n<p>Em pronunciamento na tarde de sexta-feira, dia 24\/04, o ent\u00e3o Presidente da Rep\u00fablica Jair Bolsonaro selou sua decad\u00eancia com afirma\u00e7\u00f5es desesperadas e defensivas diante da ren\u00fancia e das den\u00fancias do ex-juiz da Opera\u00e7\u00e3o Lava-Jato e, agora, ex-Ministro da Justi\u00e7a S\u00e9rgio Moro.<\/p>\n<p>Ademais de todo o conte\u00fado revoltante de sua fala, o presidente chocou pelo escracho e desrespeito de suas refer\u00eancias \u00e0 execu\u00e7\u00e3o de Marielle Franco; al\u00e9m da par\u00f3dia grosseira de que se valeu ao perguntar pelo mandante de seu atentado durante a campanha presidencial de 2018.<\/p>\n<p>O oportunismo, despreparo e desespero de Bolsonaro fica evidente ao longo do seu discurso. Ressalte-se que sua incapacidade de responder \u00e0s den\u00fancias de Moro o levou a resgatar o epis\u00f3dio da facada que, por sua vez, j\u00e1 possui solu\u00e7\u00e3o no pr\u00f3prio inqu\u00e9rito estabelecido e encerrado pela Pol\u00edcia Federal. Para o presidente, tal epis\u00f3dio passado \u00e9 um evento de maior import\u00e2ncia que a execu\u00e7\u00e3o sum\u00e1ria de Marielle Franco, ent\u00e3o vereadora da cidade do Rio de Janeiro: mulher, preta, LGBT e favelada, que marcava seu mandato enquanto for\u00e7a de oposi\u00e7\u00e3o \u00e0s mil\u00edcias e conservadores que aparelham o legislativo carioca.<\/p>\n<p>O desprezo pela vida e a postura minimizadora da execu\u00e7\u00e3o de Marielle, al\u00e9m do esfor\u00e7o desesperado do presidente em justificar as in\u00fameras evid\u00eancias que apontam para v\u00ednculos de sua fam\u00edlia com a mil\u00edcia que matou Marielle n\u00e3o \u00e9 acidente. Bolsonaro escolheu como ferramenta de ataque a sua oposi\u00e7\u00e3o a difama\u00e7\u00e3o sistem\u00e1tica e violenta do corpo e legado de Marielle Franco. Sua escolha n\u00e3o \u00e9 ocasional, \u00e9 parte do programa nazifascista e genocida que vem reafirmando nos \u00faltimos 15 meses no Brasil.<\/p>\n<p>\u00c9 intoler\u00e1vel que num Estado que ainda se preze democr\u00e1tico, mesmo que burgu\u00eas e sob o controle do grande capital, o presidente da Rep\u00fablica, em pronunciamento oficial e com o amparo de todos os ministros de seu governo, diminua a relev\u00e2ncia e perversidade de um dos maiores crimes de motiva\u00e7\u00e3o pol\u00edtica da hist\u00f3ria recente do pa\u00eds.<\/p>\n<p>Diante do grave cen\u00e1rio de mortes em meio \u00e0 pandemia da COVID-19, do colapso econ\u00f4mico, do desemprego em larga escala de crescimento e da explos\u00e3o dos \u00edndices de viol\u00eancia dom\u00e9stica contra as mulheres, \u00e9 justamente nesse momento em que as mulheres, m\u00e3es solos , em sua maioria negra, que a sensa\u00e7\u00e3o de abandono se amplia, diante de uma mal avassalador que n\u00e3o escolhe suas v\u00edtimas, por\u00e9m as desigualdades entre g\u00eanero, ra\u00e7a e classe, revela mais uma vez quem est\u00e1 morrendo. A insist\u00eancia do Presidente em ir de contra a OMS, e estimular a quebra do isolamento social, colocando a classe trabalhadora toda em risco, onde os lucros valem mais que a vida, um genoc\u00eddio sendo promovido e o colapso da sa\u00fade p\u00fablica parece n\u00e3o ser a pauta do dia, de um presidente que trata uma pandemia como uma &#8220;gripezinha&#8221;. Al\u00e9m de ferir a constitucionalidade fazendo discurso contra a democracia, quando em um aglomera\u00e7\u00e3o que deveria ser evitada, irracionalmente clamam pela volta do AI-5.<\/p>\n<p>Bolsonaro mais uma vez escolheu defender a si pr\u00f3prio e seus filhos, provando que governa para poucos. O Brasil merece um presidente que tenha por prioridade a garantia da sobreviv\u00eancia e dignidade de seu povo frente a grande recess\u00e3o que encaramos. Por isso, \u00e9 urgente, mais do que nunca, derrubar Bolsonaro. O impeachment do presidente \u00e9 uma necessidade para a sobreviv\u00eancia do povo brasileiro. Precisamos unificar os pedidos j\u00e1 existentes &#8211; como o protocolado pelo PSOL, al\u00e9m de outros dos demais partidos de oposi\u00e7\u00e3o &#8211; com as novas iniciativas que pedem o impedimento de Bolsonaro e, junto a isso, exigir que Rodrigo Maia receba-os e inicie um processo de impeachment. A partir de ent\u00e3o, nossa tarefa ser\u00e1 construir uma alternativa popular e soberana para o pa\u00eds, que tenha como norte uma sociedade justa, igualit\u00e1ria e radicalmente diferente da que vivemos hoje.<\/p>\n<p><em><strong>Brasil, 25 de abril de 2020<\/strong><\/em><br \/>\n<em><strong>Setorial Nacional de Mulheres do PSOL<\/strong><\/em><\/p>\n","protected":false},"excerpt":{"rendered":"<p>Em pronunciamento na tarde de sexta-feira, dia 24\/04, o ent\u00e3o Presidente da Rep\u00fablica Jair Bolsonaro selou sua decad\u00eancia com afirma\u00e7\u00f5es desesperadas e defensivas diante da ren\u00fancia e das den\u00fancias do ex-juiz da Opera\u00e7\u00e3o Lava-Jato e, agora, ex-Ministro da Justi\u00e7a S\u00e9rgio Moro. Ademais de todo o conte\u00fado revoltante de sua fala, o presidente chocou pelo escracho [&hellip;]<\/p>\n","protected":false},"author":2,"featured_media":28505,"comment_status":"closed","ping_status":"open","sticky":false,"template":"","format":"standard","meta":{"_acf_changed":false,"footnotes":""},"categories":[49,20,6],"tags":[355,131,56,407,107,4,22],"class_list":{"0":"post-28503","1":"post","2":"type-post","3":"status-publish","4":"format-standard","5":"has-post-thumbnail","7":"category-mulheres","8":"category-notas","9":"category-noticias","10":"tag-anderson","11":"tag-assassinato","12":"tag-bolsonaro","13":"tag-fora-bolsonaro","14":"tag-marielle","15":"tag-mulheres","16":"tag-psol"},"acf":[],"yoast_head":"<!-- This site is optimized with the Yoast SEO plugin v26.5 - https:\/\/yoast.com\/wordpress\/plugins\/seo\/ -->\n<title>Exigimos justi\u00e7a \u00e0 Marielle. Fora Bolsonaro! - PSOL 50<\/title>\n<meta name=\"description\" content=\"O presidente chocou pelo escracho e desrespeito de suas refer\u00eancias \u00e0 execu\u00e7\u00e3o de Marielle Franco e Anderson Gomes.\" \/>\n<meta name=\"robots\" content=\"index, follow, max-snippet:-1, max-image-preview:large, max-video-preview:-1\" \/>\n<link rel=\"canonical\" href=\"https:\/\/psol50.org.br\/exigimos-justica-a-marielle-fora-bolsonaro\/\" \/>\n<meta property=\"og:locale\" content=\"pt_BR\" \/>\n<meta property=\"og:type\" content=\"article\" \/>\n<meta property=\"og:title\" content=\"Exigimos justi\u00e7a \u00e0 Marielle. Fora Bolsonaro!\" \/>\n<meta property=\"og:description\" content=\"O presidente chocou pelo escracho e desrespeito de suas refer\u00eancias \u00e0 execu\u00e7\u00e3o de Marielle Franco e Anderson Gomes.\" \/>\n<meta property=\"og:url\" content=\"https:\/\/psol50.org.br\/exigimos-justica-a-marielle-fora-bolsonaro\/\" \/>\n<meta property=\"og:site_name\" content=\"PSOL 50\" \/>\n<meta property=\"article:publisher\" content=\"https:\/\/www.facebook.com\/psol50\" \/>\n<meta property=\"article:published_time\" content=\"2020-04-27T15:12:32+00:00\" \/>\n<meta property=\"og:image\" content=\"https:\/\/psol50.org.br\/inc\/uploads\/2020\/04\/tgtgtg-5.jpg\" \/>\n\t<meta property=\"og:image:width\" content=\"1054\" \/>\n\t<meta property=\"og:image:height\" content=\"589\" \/>\n\t<meta property=\"og:image:type\" content=\"image\/jpeg\" \/>\n<meta name=\"author\" content=\"Comunica\u00e7\u00e3o PSOL\" \/>\n<meta name=\"twitter:card\" content=\"summary_large_image\" \/>\n<meta name=\"twitter:title\" content=\"Exigimos justi\u00e7a \u00e0 Marielle. Fora Bolsonaro!\" \/>\n<meta name=\"twitter:description\" content=\"O presidente chocou pelo escracho e desrespeito de suas refer\u00eancias \u00e0 execu\u00e7\u00e3o de Marielle Franco e Anderson Gomes.\" \/>\n<meta name=\"twitter:image\" content=\"https:\/\/psol50.org.br\/inc\/uploads\/2020\/04\/tgtgtg-5.jpg\" \/>\n<meta name=\"twitter:creator\" content=\"@psol50\" \/>\n<meta name=\"twitter:site\" content=\"@psol50\" \/>\n<meta name=\"twitter:label1\" content=\"Escrito por\" \/>\n\t<meta name=\"twitter:data1\" content=\"Comunica\u00e7\u00e3o PSOL\" \/>\n\t<meta name=\"twitter:label2\" content=\"Est. tempo de leitura\" \/>\n\t<meta name=\"twitter:data2\" content=\"3 minutos\" \/>\n<script type=\"application\/ld+json\" class=\"yoast-schema-graph\">{\"@context\":\"https:\/\/schema.org\",\"@graph\":[{\"@type\":\"Article\",\"@id\":\"https:\/\/psol50.org.br\/exigimos-justica-a-marielle-fora-bolsonaro\/#article\",\"isPartOf\":{\"@id\":\"https:\/\/psol50.org.br\/exigimos-justica-a-marielle-fora-bolsonaro\/\"},\"author\":{\"name\":\"Comunica\u00e7\u00e3o PSOL\",\"@id\":\"https:\/\/psol50.org.br\/#\/schema\/person\/475dfa57d0b815993c714c2e96491fcd\"},\"headline\":\"Exigimos justi\u00e7a \u00e0 Marielle. Fora Bolsonaro!\",\"datePublished\":\"2020-04-27T15:12:32+00:00\",\"mainEntityOfPage\":{\"@id\":\"https:\/\/psol50.org.br\/exigimos-justica-a-marielle-fora-bolsonaro\/\"},\"wordCount\":704,\"publisher\":{\"@id\":\"https:\/\/psol50.org.br\/#organization\"},\"image\":{\"@id\":\"https:\/\/psol50.org.br\/exigimos-justica-a-marielle-fora-bolsonaro\/#primaryimage\"},\"thumbnailUrl\":\"https:\/\/psol50.org.br\/inc\/uploads\/2020\/04\/tgtgtg-5.jpg\",\"keywords\":[\"Anderson\",\"assassinato\",\"Bolsonaro\",\"Fora Bolsonaro\",\"Marielle\",\"mulheres\",\"PSOL\"],\"articleSection\":[\"Mulheres\",\"Notas\",\"Not\u00edcias\"],\"inLanguage\":\"pt-BR\"},{\"@type\":\"WebPage\",\"@id\":\"https:\/\/psol50.org.br\/exigimos-justica-a-marielle-fora-bolsonaro\/\",\"url\":\"https:\/\/psol50.org.br\/exigimos-justica-a-marielle-fora-bolsonaro\/\",\"name\":\"Exigimos justi\u00e7a \u00e0 Marielle. Fora Bolsonaro! - PSOL 50\",\"isPartOf\":{\"@id\":\"https:\/\/psol50.org.br\/#website\"},\"primaryImageOfPage\":{\"@id\":\"https:\/\/psol50.org.br\/exigimos-justica-a-marielle-fora-bolsonaro\/#primaryimage\"},\"image\":{\"@id\":\"https:\/\/psol50.org.br\/exigimos-justica-a-marielle-fora-bolsonaro\/#primaryimage\"},\"thumbnailUrl\":\"https:\/\/psol50.org.br\/inc\/uploads\/2020\/04\/tgtgtg-5.jpg\",\"datePublished\":\"2020-04-27T15:12:32+00:00\",\"description\":\"O presidente chocou pelo escracho e desrespeito de suas refer\u00eancias \u00e0 execu\u00e7\u00e3o de Marielle Franco e Anderson Gomes.\",\"breadcrumb\":{\"@id\":\"https:\/\/psol50.org.br\/exigimos-justica-a-marielle-fora-bolsonaro\/#breadcrumb\"},\"inLanguage\":\"pt-BR\",\"potentialAction\":[{\"@type\":\"ReadAction\",\"target\":[\"https:\/\/psol50.org.br\/exigimos-justica-a-marielle-fora-bolsonaro\/\"]}]},{\"@type\":\"ImageObject\",\"inLanguage\":\"pt-BR\",\"@id\":\"https:\/\/psol50.org.br\/exigimos-justica-a-marielle-fora-bolsonaro\/#primaryimage\",\"url\":\"https:\/\/psol50.org.br\/inc\/uploads\/2020\/04\/tgtgtg-5.jpg\",\"contentUrl\":\"https:\/\/psol50.org.br\/inc\/uploads\/2020\/04\/tgtgtg-5.jpg\",\"width\":1054,\"height\":589,\"caption\":\"Foto: Carolina Antunes\/PR\"},{\"@type\":\"BreadcrumbList\",\"@id\":\"https:\/\/psol50.org.br\/exigimos-justica-a-marielle-fora-bolsonaro\/#breadcrumb\",\"itemListElement\":[{\"@type\":\"ListItem\",\"position\":1,\"name\":\"In\u00edcio\",\"item\":\"https:\/\/psol50.org.br\/\"},{\"@type\":\"ListItem\",\"position\":2,\"name\":\"Exigimos justi\u00e7a \u00e0 Marielle. Fora Bolsonaro!\"}]},{\"@type\":\"WebSite\",\"@id\":\"https:\/\/psol50.org.br\/#website\",\"url\":\"https:\/\/psol50.org.br\/\",\"name\":\"PSOL 50\",\"description\":\"Site oficial do Partido Socialismo e Liberdade\",\"publisher\":{\"@id\":\"https:\/\/psol50.org.br\/#organization\"},\"alternateName\":\"PSOL50\",\"potentialAction\":[{\"@type\":\"SearchAction\",\"target\":{\"@type\":\"EntryPoint\",\"urlTemplate\":\"https:\/\/psol50.org.br\/?s={search_term_string}\"},\"query-input\":{\"@type\":\"PropertyValueSpecification\",\"valueRequired\":true,\"valueName\":\"search_term_string\"}}],\"inLanguage\":\"pt-BR\"},{\"@type\":\"Organization\",\"@id\":\"https:\/\/psol50.org.br\/#organization\",\"name\":\"PSOL 50\",\"alternateName\":\"PSOL 50\",\"url\":\"https:\/\/psol50.org.br\/\",\"logo\":{\"@type\":\"ImageObject\",\"inLanguage\":\"pt-BR\",\"@id\":\"https:\/\/psol50.org.br\/#\/schema\/logo\/image\/\",\"url\":\"https:\/\/psol50.org.br\/inc\/uploads\/2018\/07\/capa.png\",\"contentUrl\":\"https:\/\/psol50.org.br\/inc\/uploads\/2018\/07\/capa.png\",\"width\":1350,\"height\":900,\"caption\":\"PSOL 50\"},\"image\":{\"@id\":\"https:\/\/psol50.org.br\/#\/schema\/logo\/image\/\"},\"sameAs\":[\"https:\/\/www.facebook.com\/psol50\",\"https:\/\/x.com\/psol50\",\"https:\/\/www.instagram.com\/psol50\/\",\"https:\/\/www.youtube.com\/channel\/UC7SnJS5o1os7a6CaiNabzcg\"]},{\"@type\":\"Person\",\"@id\":\"https:\/\/psol50.org.br\/#\/schema\/person\/475dfa57d0b815993c714c2e96491fcd\",\"name\":\"Comunica\u00e7\u00e3o PSOL\",\"image\":{\"@type\":\"ImageObject\",\"inLanguage\":\"pt-BR\",\"@id\":\"https:\/\/psol50.org.br\/#\/schema\/person\/image\/\",\"url\":\"https:\/\/secure.gravatar.com\/avatar\/b34fc4f4e468a4e51785917065a3db57b841f5c95dba6ad8c73aaf8f66f8f9bf?s=96&d=mm&r=g\",\"contentUrl\":\"https:\/\/secure.gravatar.com\/avatar\/b34fc4f4e468a4e51785917065a3db57b841f5c95dba6ad8c73aaf8f66f8f9bf?s=96&d=mm&r=g\",\"caption\":\"Comunica\u00e7\u00e3o PSOL\"}}]}<\/script>\n<!-- \/ Yoast SEO plugin. -->","yoast_head_json":{"title":"Exigimos justi\u00e7a \u00e0 Marielle. Fora Bolsonaro! - PSOL 50","description":"O presidente chocou pelo escracho e desrespeito de suas refer\u00eancias \u00e0 execu\u00e7\u00e3o de Marielle Franco e Anderson Gomes.","robots":{"index":"index","follow":"follow","max-snippet":"max-snippet:-1","max-image-preview":"max-image-preview:large","max-video-preview":"max-video-preview:-1"},"canonical":"https:\/\/psol50.org.br\/exigimos-justica-a-marielle-fora-bolsonaro\/","og_locale":"pt_BR","og_type":"article","og_title":"Exigimos justi\u00e7a \u00e0 Marielle. Fora Bolsonaro!","og_description":"O presidente chocou pelo escracho e desrespeito de suas refer\u00eancias \u00e0 execu\u00e7\u00e3o de Marielle Franco e Anderson Gomes.","og_url":"https:\/\/psol50.org.br\/exigimos-justica-a-marielle-fora-bolsonaro\/","og_site_name":"PSOL 50","article_publisher":"https:\/\/www.facebook.com\/psol50","article_published_time":"2020-04-27T15:12:32+00:00","og_image":[{"width":1054,"height":589,"url":"https:\/\/psol50.org.br\/inc\/uploads\/2020\/04\/tgtgtg-5.jpg","type":"image\/jpeg"}],"author":"Comunica\u00e7\u00e3o PSOL","twitter_card":"summary_large_image","twitter_title":"Exigimos justi\u00e7a \u00e0 Marielle. Fora Bolsonaro!","twitter_description":"O presidente chocou pelo escracho e desrespeito de suas refer\u00eancias \u00e0 execu\u00e7\u00e3o de Marielle Franco e Anderson Gomes.","twitter_image":"https:\/\/psol50.org.br\/inc\/uploads\/2020\/04\/tgtgtg-5.jpg","twitter_creator":"@psol50","twitter_site":"@psol50","twitter_misc":{"Escrito por":"Comunica\u00e7\u00e3o PSOL","Est. tempo de leitura":"3 minutos"},"schema":{"@context":"https:\/\/schema.org","@graph":[{"@type":"Article","@id":"https:\/\/psol50.org.br\/exigimos-justica-a-marielle-fora-bolsonaro\/#article","isPartOf":{"@id":"https:\/\/psol50.org.br\/exigimos-justica-a-marielle-fora-bolsonaro\/"},"author":{"name":"Comunica\u00e7\u00e3o PSOL","@id":"https:\/\/psol50.org.br\/#\/schema\/person\/475dfa57d0b815993c714c2e96491fcd"},"headline":"Exigimos justi\u00e7a \u00e0 Marielle. Fora Bolsonaro!","datePublished":"2020-04-27T15:12:32+00:00","mainEntityOfPage":{"@id":"https:\/\/psol50.org.br\/exigimos-justica-a-marielle-fora-bolsonaro\/"},"wordCount":704,"publisher":{"@id":"https:\/\/psol50.org.br\/#organization"},"image":{"@id":"https:\/\/psol50.org.br\/exigimos-justica-a-marielle-fora-bolsonaro\/#primaryimage"},"thumbnailUrl":"https:\/\/psol50.org.br\/inc\/uploads\/2020\/04\/tgtgtg-5.jpg","keywords":["Anderson","assassinato","Bolsonaro","Fora Bolsonaro","Marielle","mulheres","PSOL"],"articleSection":["Mulheres","Notas","Not\u00edcias"],"inLanguage":"pt-BR"},{"@type":"WebPage","@id":"https:\/\/psol50.org.br\/exigimos-justica-a-marielle-fora-bolsonaro\/","url":"https:\/\/psol50.org.br\/exigimos-justica-a-marielle-fora-bolsonaro\/","name":"Exigimos justi\u00e7a \u00e0 Marielle. Fora Bolsonaro! - PSOL 50","isPartOf":{"@id":"https:\/\/psol50.org.br\/#website"},"primaryImageOfPage":{"@id":"https:\/\/psol50.org.br\/exigimos-justica-a-marielle-fora-bolsonaro\/#primaryimage"},"image":{"@id":"https:\/\/psol50.org.br\/exigimos-justica-a-marielle-fora-bolsonaro\/#primaryimage"},"thumbnailUrl":"https:\/\/psol50.org.br\/inc\/uploads\/2020\/04\/tgtgtg-5.jpg","datePublished":"2020-04-27T15:12:32+00:00","description":"O presidente chocou pelo escracho e desrespeito de suas refer\u00eancias \u00e0 execu\u00e7\u00e3o de Marielle Franco e Anderson Gomes.","breadcrumb":{"@id":"https:\/\/psol50.org.br\/exigimos-justica-a-marielle-fora-bolsonaro\/#breadcrumb"},"inLanguage":"pt-BR","potentialAction":[{"@type":"ReadAction","target":["https:\/\/psol50.org.br\/exigimos-justica-a-marielle-fora-bolsonaro\/"]}]},{"@type":"ImageObject","inLanguage":"pt-BR","@id":"https:\/\/psol50.org.br\/exigimos-justica-a-marielle-fora-bolsonaro\/#primaryimage","url":"https:\/\/psol50.org.br\/inc\/uploads\/2020\/04\/tgtgtg-5.jpg","contentUrl":"https:\/\/psol50.org.br\/inc\/uploads\/2020\/04\/tgtgtg-5.jpg","width":1054,"height":589,"caption":"Foto: Carolina Antunes\/PR"},{"@type":"BreadcrumbList","@id":"https:\/\/psol50.org.br\/exigimos-justica-a-marielle-fora-bolsonaro\/#breadcrumb","itemListElement":[{"@type":"ListItem","position":1,"name":"In\u00edcio","item":"https:\/\/psol50.org.br\/"},{"@type":"ListItem","position":2,"name":"Exigimos justi\u00e7a \u00e0 Marielle. Fora Bolsonaro!"}]},{"@type":"WebSite","@id":"https:\/\/psol50.org.br\/#website","url":"https:\/\/psol50.org.br\/","name":"PSOL 50","description":"Site oficial do Partido Socialismo e Liberdade","publisher":{"@id":"https:\/\/psol50.org.br\/#organization"},"alternateName":"PSOL50","potentialAction":[{"@type":"SearchAction","target":{"@type":"EntryPoint","urlTemplate":"https:\/\/psol50.org.br\/?s={search_term_string}"},"query-input":{"@type":"PropertyValueSpecification","valueRequired":true,"valueName":"search_term_string"}}],"inLanguage":"pt-BR"},{"@type":"Organization","@id":"https:\/\/psol50.org.br\/#organization","name":"PSOL 50","alternateName":"PSOL 50","url":"https:\/\/psol50.org.br\/","logo":{"@type":"ImageObject","inLanguage":"pt-BR","@id":"https:\/\/psol50.org.br\/#\/schema\/logo\/image\/","url":"https:\/\/psol50.org.br\/inc\/uploads\/2018\/07\/capa.png","contentUrl":"https:\/\/psol50.org.br\/inc\/uploads\/2018\/07\/capa.png","width":1350,"height":900,"caption":"PSOL 50"},"image":{"@id":"https:\/\/psol50.org.br\/#\/schema\/logo\/image\/"},"sameAs":["https:\/\/www.facebook.com\/psol50","https:\/\/x.com\/psol50","https:\/\/www.instagram.com\/psol50\/","https:\/\/www.youtube.com\/channel\/UC7SnJS5o1os7a6CaiNabzcg"]},{"@type":"Person","@id":"https:\/\/psol50.org.br\/#\/schema\/person\/475dfa57d0b815993c714c2e96491fcd","name":"Comunica\u00e7\u00e3o PSOL","image":{"@type":"ImageObject","inLanguage":"pt-BR","@id":"https:\/\/psol50.org.br\/#\/schema\/person\/image\/","url":"https:\/\/secure.gravatar.com\/avatar\/b34fc4f4e468a4e51785917065a3db57b841f5c95dba6ad8c73aaf8f66f8f9bf?s=96&d=mm&r=g","contentUrl":"https:\/\/secure.gravatar.com\/avatar\/b34fc4f4e468a4e51785917065a3db57b841f5c95dba6ad8c73aaf8f66f8f9bf?s=96&d=mm&r=g","caption":"Comunica\u00e7\u00e3o PSOL"}}]}},"_links":{"self":[{"href":"https:\/\/psol50.org.br\/rest\/wp\/v2\/posts\/28503","targetHints":{"allow":["GET"]}}],"collection":[{"href":"https:\/\/psol50.org.br\/rest\/wp\/v2\/posts"}],"about":[{"href":"https:\/\/psol50.org.br\/rest\/wp\/v2\/types\/post"}],"author":[{"embeddable":true,"href":"https:\/\/psol50.org.br\/rest\/wp\/v2\/users\/2"}],"replies":[{"embeddable":true,"href":"https:\/\/psol50.org.br\/rest\/wp\/v2\/comments?post=28503"}],"version-history":[{"count":0,"href":"https:\/\/psol50.org.br\/rest\/wp\/v2\/posts\/28503\/revisions"}],"wp:featuredmedia":[{"embeddable":true,"href":"https:\/\/psol50.org.br\/rest\/wp\/v2\/media\/28505"}],"wp:attachment":[{"href":"https:\/\/psol50.org.br\/rest\/wp\/v2\/media?parent=28503"}],"wp:term":[{"taxonomy":"category","embeddable":true,"href":"https:\/\/psol50.org.br\/rest\/wp\/v2\/categories?post=28503"},{"taxonomy":"post_tag","embeddable":true,"href":"https:\/\/psol50.org.br\/rest\/wp\/v2\/tags?post=28503"}],"curies":[{"name":"wp","href":"https:\/\/api.w.org\/{rel}","templated":true}]}}