{"id":2851,"date":"2014-07-11T00:00:00","date_gmt":"2014-07-11T16:55:38","guid":{"rendered":"http:\/\/psol50.org.br\/arquivo\/2014\/07\/11\/p-mas-do-paraguai-lamenta-morte-de-plinio-em-carta-enviada-ao-psol\/"},"modified":"2014-07-11T00:00:00","modified_gmt":"2014-07-11T16:55:38","slug":"p-mas-do-paraguai-lamenta-morte-de-plinio-em-carta-enviada-ao-psol","status":"publish","type":"post","link":"https:\/\/psol50.org.br\/p-mas-do-paraguai-lamenta-morte-de-plinio-em-carta-enviada-ao-psol\/","title":{"rendered":"P-MAS, do Paraguai, lamenta morte de Pl\u00ednio, em carta enviada ao PSOL"},"content":{"rendered":"<p style=\"text-align: justify;\">\n\t<span style=\"font-size:12px;\"><span style=\"font-family: arial,helvetica,sans-serif;\">A morte de Pl\u00ednio de Arruda Sampaio, ocorrida na \u00faltima ter\u00e7a-feira (08), em S\u00e3o Paulo, continua tendo grande repercuss\u00e3o no Brasil e entre a esquerda internacional. Nesta quinta-feira (10), o P-MAS (Partido do Movimento ao Socialismo), do Paraguai, enviou \u00e0 dire\u00e7\u00e3o do PSOL uma carta em que lamentar o falecimento do candidato \u00e0 Presid\u00eancia da Rep\u00fablica pelo PSOL em 2010, e se solidariza com os militantes do partido e com os familiares de Pl\u00ednio.<br \/>\n\t&nbsp;<br \/>\n\tEm espanhol, o P-MAS, por meio do secret\u00e1rio de Rela\u00e7\u00f5es Internacionais, Henrique Ferreira Bueno, afirmou que o PSOL \u201cdeve ter o orgulho de ter tido em suas fileiras um grande lutador pela liberdade do povo brasileiro, e para n\u00f3s \u00e9 um grande prazer que dentro da esquerda internacional existam incans\u00e1veis como Pl\u00ednio de Arruda Sampaio\u201d.<br \/>\n\t&nbsp;<br \/>\n\tLeia abaixo a carta do P-MAS.<br \/>\n\t&nbsp;<br \/>\n\tAsunci\u00f3n, 10 de Julio de 2014<br \/>\n\t\u00a1Valeu Plinio!<br \/>\n\tPlinio de Arruda Sampaio, referente importante del Partido Socialismo e Liberdade, dejo de vivir f\u00edsicamente.<br \/>\n\t&nbsp;<br \/>\n\tPara los revolucionarios militantes por la emancipaci\u00f3n de los pueblos nuestros referentes no mueren, sino que est\u00e1n presentes en cada acci\u00f3n nuestra que abre nuevas variables de lucha, son como luces que alumbran nuestro camino.<br \/>\n\t&nbsp;<br \/>\n\tEl compa\u00f1ero de Arruda Sampaio, el joven de 83 a\u00f1os, paso por diferentes etapas y avatares del pueblo Brasile\u00f1o, le ebullici\u00f3n social previa a la dictadura del \u201964, la persecuci\u00f3n y el exilio en la dictadura, la lucha por la democracia en Brasil, la etapa del proceso democr\u00e1tico en Brasil.<br \/>\n\t&nbsp;<br \/>\n\tEl Partido Socialismo e Liberdade debe tener el orgullo de haber tenido entre sus filas a un gran luchador por la libertad del pueblo brasile\u00f1o, y para nosotros es un gran placer que dentro de la izquierda internacional existan militantes incansables como Plinio de Arruda Sampaio.<br \/>\n\t&nbsp;<br \/>\n\tEl Partido del Movimiento al Socialismo de Paraguay env\u00eda sus m\u00e1s emotivas condolencias a la militancia el PSOL, a los familiares de Plinio de Arruda Sampaio y a sus m\u00e1s cercanos \u00edntimos amigos.<br \/>\n\t&nbsp;<br \/>\n\t<em>Los que luchan no deben merecen llamarse muertos, los que luchan nunca mueren. <\/em><br \/>\n\t&nbsp;<br \/>\n\tHenrique Ferreira Bueno<br \/>\n\t&nbsp;<br \/>\n\t<strong>Secretar\u00eda de Relaciones Internacionales <\/strong><br \/>\n\t<strong>Partido del Movimento al Socialismo<\/strong><\/span><\/span><\/p>\n","protected":false},"excerpt":{"rendered":"<p>A morte de Pl\u00ednio de Arruda Sampaio, ocorrida na \u00faltima ter\u00e7a-feira (08), em S\u00e3o Paulo, continua tendo grande repercuss\u00e3o no Brasil e entre a esquerda internacional. Nesta quinta-feira (10), o P-MAS (Partido do Movimento ao Socialismo), do Paraguai, enviou \u00e0 dire\u00e7\u00e3o do PSOL uma carta em que lamentar o falecimento do candidato \u00e0 Presid\u00eancia da [&hellip;]<\/p>\n","protected":false},"author":2,"featured_media":0,"comment_status":"open","ping_status":"open","sticky":false,"template":"","format":"standard","meta":{"_acf_changed":false,"footnotes":""},"categories":[4766,6],"tags":[22],"class_list":{"0":"post-2851","1":"post","2":"type-post","3":"status-publish","4":"format-standard","6":"category-arquivo","7":"category-noticias","8":"tag-psol"},"acf":[],"yoast_head":"<!-- This site is optimized with the Yoast SEO plugin v26.5 - https:\/\/yoast.com\/wordpress\/plugins\/seo\/ -->\n<title>P-MAS, do Paraguai, lamenta morte de Pl\u00ednio, em carta enviada ao PSOL - PSOL 50<\/title>\n<meta name=\"robots\" content=\"index, follow, max-snippet:-1, max-image-preview:large, max-video-preview:-1\" \/>\n<link rel=\"canonical\" href=\"https:\/\/psol50.org.br\/p-mas-do-paraguai-lamenta-morte-de-plinio-em-carta-enviada-ao-psol\/\" \/>\n<meta property=\"og:locale\" content=\"pt_BR\" \/>\n<meta property=\"og:type\" content=\"article\" \/>\n<meta property=\"og:title\" content=\"P-MAS, do Paraguai, lamenta morte de Pl\u00ednio, em carta enviada ao PSOL - PSOL 50\" \/>\n<meta property=\"og:description\" content=\"A morte de Pl\u00ednio de Arruda Sampaio, ocorrida na \u00faltima ter\u00e7a-feira (08), em S\u00e3o Paulo, continua tendo grande repercuss\u00e3o no Brasil e entre a esquerda internacional. Nesta quinta-feira (10), o P-MAS (Partido do Movimento ao Socialismo), do Paraguai, enviou \u00e0 dire\u00e7\u00e3o do PSOL uma carta em que lamentar o falecimento do candidato \u00e0 Presid\u00eancia da [&hellip;]\" \/>\n<meta property=\"og:url\" content=\"https:\/\/psol50.org.br\/p-mas-do-paraguai-lamenta-morte-de-plinio-em-carta-enviada-ao-psol\/\" \/>\n<meta property=\"og:site_name\" content=\"PSOL 50\" \/>\n<meta property=\"article:publisher\" content=\"https:\/\/www.facebook.com\/psol50\" \/>\n<meta property=\"article:published_time\" content=\"2014-07-11T16:55:38+00:00\" \/>\n<meta property=\"og:image\" content=\"https:\/\/psol50.org.br\/inc\/uploads\/2018\/07\/capa.png\" \/>\n\t<meta property=\"og:image:width\" content=\"1350\" \/>\n\t<meta property=\"og:image:height\" content=\"900\" \/>\n\t<meta property=\"og:image:type\" content=\"image\/png\" \/>\n<meta name=\"author\" content=\"Comunica\u00e7\u00e3o PSOL\" \/>\n<meta name=\"twitter:card\" content=\"summary_large_image\" \/>\n<meta name=\"twitter:creator\" content=\"@psol50\" \/>\n<meta name=\"twitter:site\" content=\"@psol50\" \/>\n<meta name=\"twitter:label1\" content=\"Escrito por\" \/>\n\t<meta name=\"twitter:data1\" content=\"Comunica\u00e7\u00e3o PSOL\" \/>\n\t<meta name=\"twitter:label2\" content=\"Est. tempo de leitura\" \/>\n\t<meta name=\"twitter:data2\" content=\"2 minutos\" \/>\n<script type=\"application\/ld+json\" class=\"yoast-schema-graph\">{\"@context\":\"https:\/\/schema.org\",\"@graph\":[{\"@type\":\"Article\",\"@id\":\"https:\/\/psol50.org.br\/p-mas-do-paraguai-lamenta-morte-de-plinio-em-carta-enviada-ao-psol\/#article\",\"isPartOf\":{\"@id\":\"https:\/\/psol50.org.br\/p-mas-do-paraguai-lamenta-morte-de-plinio-em-carta-enviada-ao-psol\/\"},\"author\":{\"name\":\"Comunica\u00e7\u00e3o PSOL\",\"@id\":\"https:\/\/psol50.org.br\/#\/schema\/person\/475dfa57d0b815993c714c2e96491fcd\"},\"headline\":\"P-MAS, do Paraguai, lamenta morte de Pl\u00ednio, em carta enviada ao PSOL\",\"datePublished\":\"2014-07-11T16:55:38+00:00\",\"mainEntityOfPage\":{\"@id\":\"https:\/\/psol50.org.br\/p-mas-do-paraguai-lamenta-morte-de-plinio-em-carta-enviada-ao-psol\/\"},\"wordCount\":389,\"commentCount\":0,\"publisher\":{\"@id\":\"https:\/\/psol50.org.br\/#organization\"},\"keywords\":[\"PSOL\"],\"articleSection\":[\"Arquivo\",\"Not\u00edcias\"],\"inLanguage\":\"pt-BR\",\"potentialAction\":[{\"@type\":\"CommentAction\",\"name\":\"Comment\",\"target\":[\"https:\/\/psol50.org.br\/p-mas-do-paraguai-lamenta-morte-de-plinio-em-carta-enviada-ao-psol\/#respond\"]}]},{\"@type\":\"WebPage\",\"@id\":\"https:\/\/psol50.org.br\/p-mas-do-paraguai-lamenta-morte-de-plinio-em-carta-enviada-ao-psol\/\",\"url\":\"https:\/\/psol50.org.br\/p-mas-do-paraguai-lamenta-morte-de-plinio-em-carta-enviada-ao-psol\/\",\"name\":\"P-MAS, do Paraguai, lamenta morte de Pl\u00ednio, em carta enviada ao PSOL - PSOL 50\",\"isPartOf\":{\"@id\":\"https:\/\/psol50.org.br\/#website\"},\"datePublished\":\"2014-07-11T16:55:38+00:00\",\"breadcrumb\":{\"@id\":\"https:\/\/psol50.org.br\/p-mas-do-paraguai-lamenta-morte-de-plinio-em-carta-enviada-ao-psol\/#breadcrumb\"},\"inLanguage\":\"pt-BR\",\"potentialAction\":[{\"@type\":\"ReadAction\",\"target\":[\"https:\/\/psol50.org.br\/p-mas-do-paraguai-lamenta-morte-de-plinio-em-carta-enviada-ao-psol\/\"]}]},{\"@type\":\"BreadcrumbList\",\"@id\":\"https:\/\/psol50.org.br\/p-mas-do-paraguai-lamenta-morte-de-plinio-em-carta-enviada-ao-psol\/#breadcrumb\",\"itemListElement\":[{\"@type\":\"ListItem\",\"position\":1,\"name\":\"In\u00edcio\",\"item\":\"https:\/\/psol50.org.br\/\"},{\"@type\":\"ListItem\",\"position\":2,\"name\":\"P-MAS, do Paraguai, lamenta morte de Pl\u00ednio, em carta enviada ao PSOL\"}]},{\"@type\":\"WebSite\",\"@id\":\"https:\/\/psol50.org.br\/#website\",\"url\":\"https:\/\/psol50.org.br\/\",\"name\":\"PSOL 50\",\"description\":\"Site oficial do Partido Socialismo e Liberdade\",\"publisher\":{\"@id\":\"https:\/\/psol50.org.br\/#organization\"},\"alternateName\":\"PSOL50\",\"potentialAction\":[{\"@type\":\"SearchAction\",\"target\":{\"@type\":\"EntryPoint\",\"urlTemplate\":\"https:\/\/psol50.org.br\/?s={search_term_string}\"},\"query-input\":{\"@type\":\"PropertyValueSpecification\",\"valueRequired\":true,\"valueName\":\"search_term_string\"}}],\"inLanguage\":\"pt-BR\"},{\"@type\":\"Organization\",\"@id\":\"https:\/\/psol50.org.br\/#organization\",\"name\":\"PSOL 50\",\"alternateName\":\"PSOL 50\",\"url\":\"https:\/\/psol50.org.br\/\",\"logo\":{\"@type\":\"ImageObject\",\"inLanguage\":\"pt-BR\",\"@id\":\"https:\/\/psol50.org.br\/#\/schema\/logo\/image\/\",\"url\":\"https:\/\/psol50.org.br\/inc\/uploads\/2018\/07\/capa.png\",\"contentUrl\":\"https:\/\/psol50.org.br\/inc\/uploads\/2018\/07\/capa.png\",\"width\":1350,\"height\":900,\"caption\":\"PSOL 50\"},\"image\":{\"@id\":\"https:\/\/psol50.org.br\/#\/schema\/logo\/image\/\"},\"sameAs\":[\"https:\/\/www.facebook.com\/psol50\",\"https:\/\/x.com\/psol50\",\"https:\/\/www.instagram.com\/psol50\/\",\"https:\/\/www.youtube.com\/channel\/UC7SnJS5o1os7a6CaiNabzcg\"]},{\"@type\":\"Person\",\"@id\":\"https:\/\/psol50.org.br\/#\/schema\/person\/475dfa57d0b815993c714c2e96491fcd\",\"name\":\"Comunica\u00e7\u00e3o PSOL\",\"image\":{\"@type\":\"ImageObject\",\"inLanguage\":\"pt-BR\",\"@id\":\"https:\/\/psol50.org.br\/#\/schema\/person\/image\/\",\"url\":\"https:\/\/secure.gravatar.com\/avatar\/b34fc4f4e468a4e51785917065a3db57b841f5c95dba6ad8c73aaf8f66f8f9bf?s=96&d=mm&r=g\",\"contentUrl\":\"https:\/\/secure.gravatar.com\/avatar\/b34fc4f4e468a4e51785917065a3db57b841f5c95dba6ad8c73aaf8f66f8f9bf?s=96&d=mm&r=g\",\"caption\":\"Comunica\u00e7\u00e3o PSOL\"}}]}<\/script>\n<!-- \/ Yoast SEO plugin. -->","yoast_head_json":{"title":"P-MAS, do Paraguai, lamenta morte de Pl\u00ednio, em carta enviada ao PSOL - PSOL 50","robots":{"index":"index","follow":"follow","max-snippet":"max-snippet:-1","max-image-preview":"max-image-preview:large","max-video-preview":"max-video-preview:-1"},"canonical":"https:\/\/psol50.org.br\/p-mas-do-paraguai-lamenta-morte-de-plinio-em-carta-enviada-ao-psol\/","og_locale":"pt_BR","og_type":"article","og_title":"P-MAS, do Paraguai, lamenta morte de Pl\u00ednio, em carta enviada ao PSOL - PSOL 50","og_description":"A morte de Pl\u00ednio de Arruda Sampaio, ocorrida na \u00faltima ter\u00e7a-feira (08), em S\u00e3o Paulo, continua tendo grande repercuss\u00e3o no Brasil e entre a esquerda internacional. Nesta quinta-feira (10), o P-MAS (Partido do Movimento ao Socialismo), do Paraguai, enviou \u00e0 dire\u00e7\u00e3o do PSOL uma carta em que lamentar o falecimento do candidato \u00e0 Presid\u00eancia da [&hellip;]","og_url":"https:\/\/psol50.org.br\/p-mas-do-paraguai-lamenta-morte-de-plinio-em-carta-enviada-ao-psol\/","og_site_name":"PSOL 50","article_publisher":"https:\/\/www.facebook.com\/psol50","article_published_time":"2014-07-11T16:55:38+00:00","og_image":[{"width":1350,"height":900,"url":"https:\/\/psol50.org.br\/inc\/uploads\/2018\/07\/capa.png","type":"image\/png"}],"author":"Comunica\u00e7\u00e3o PSOL","twitter_card":"summary_large_image","twitter_creator":"@psol50","twitter_site":"@psol50","twitter_misc":{"Escrito por":"Comunica\u00e7\u00e3o PSOL","Est. tempo de leitura":"2 minutos"},"schema":{"@context":"https:\/\/schema.org","@graph":[{"@type":"Article","@id":"https:\/\/psol50.org.br\/p-mas-do-paraguai-lamenta-morte-de-plinio-em-carta-enviada-ao-psol\/#article","isPartOf":{"@id":"https:\/\/psol50.org.br\/p-mas-do-paraguai-lamenta-morte-de-plinio-em-carta-enviada-ao-psol\/"},"author":{"name":"Comunica\u00e7\u00e3o PSOL","@id":"https:\/\/psol50.org.br\/#\/schema\/person\/475dfa57d0b815993c714c2e96491fcd"},"headline":"P-MAS, do Paraguai, lamenta morte de Pl\u00ednio, em carta enviada ao PSOL","datePublished":"2014-07-11T16:55:38+00:00","mainEntityOfPage":{"@id":"https:\/\/psol50.org.br\/p-mas-do-paraguai-lamenta-morte-de-plinio-em-carta-enviada-ao-psol\/"},"wordCount":389,"commentCount":0,"publisher":{"@id":"https:\/\/psol50.org.br\/#organization"},"keywords":["PSOL"],"articleSection":["Arquivo","Not\u00edcias"],"inLanguage":"pt-BR","potentialAction":[{"@type":"CommentAction","name":"Comment","target":["https:\/\/psol50.org.br\/p-mas-do-paraguai-lamenta-morte-de-plinio-em-carta-enviada-ao-psol\/#respond"]}]},{"@type":"WebPage","@id":"https:\/\/psol50.org.br\/p-mas-do-paraguai-lamenta-morte-de-plinio-em-carta-enviada-ao-psol\/","url":"https:\/\/psol50.org.br\/p-mas-do-paraguai-lamenta-morte-de-plinio-em-carta-enviada-ao-psol\/","name":"P-MAS, do Paraguai, lamenta morte de Pl\u00ednio, em carta enviada ao PSOL - PSOL 50","isPartOf":{"@id":"https:\/\/psol50.org.br\/#website"},"datePublished":"2014-07-11T16:55:38+00:00","breadcrumb":{"@id":"https:\/\/psol50.org.br\/p-mas-do-paraguai-lamenta-morte-de-plinio-em-carta-enviada-ao-psol\/#breadcrumb"},"inLanguage":"pt-BR","potentialAction":[{"@type":"ReadAction","target":["https:\/\/psol50.org.br\/p-mas-do-paraguai-lamenta-morte-de-plinio-em-carta-enviada-ao-psol\/"]}]},{"@type":"BreadcrumbList","@id":"https:\/\/psol50.org.br\/p-mas-do-paraguai-lamenta-morte-de-plinio-em-carta-enviada-ao-psol\/#breadcrumb","itemListElement":[{"@type":"ListItem","position":1,"name":"In\u00edcio","item":"https:\/\/psol50.org.br\/"},{"@type":"ListItem","position":2,"name":"P-MAS, do Paraguai, lamenta morte de Pl\u00ednio, em carta enviada ao PSOL"}]},{"@type":"WebSite","@id":"https:\/\/psol50.org.br\/#website","url":"https:\/\/psol50.org.br\/","name":"PSOL 50","description":"Site oficial do Partido Socialismo e Liberdade","publisher":{"@id":"https:\/\/psol50.org.br\/#organization"},"alternateName":"PSOL50","potentialAction":[{"@type":"SearchAction","target":{"@type":"EntryPoint","urlTemplate":"https:\/\/psol50.org.br\/?s={search_term_string}"},"query-input":{"@type":"PropertyValueSpecification","valueRequired":true,"valueName":"search_term_string"}}],"inLanguage":"pt-BR"},{"@type":"Organization","@id":"https:\/\/psol50.org.br\/#organization","name":"PSOL 50","alternateName":"PSOL 50","url":"https:\/\/psol50.org.br\/","logo":{"@type":"ImageObject","inLanguage":"pt-BR","@id":"https:\/\/psol50.org.br\/#\/schema\/logo\/image\/","url":"https:\/\/psol50.org.br\/inc\/uploads\/2018\/07\/capa.png","contentUrl":"https:\/\/psol50.org.br\/inc\/uploads\/2018\/07\/capa.png","width":1350,"height":900,"caption":"PSOL 50"},"image":{"@id":"https:\/\/psol50.org.br\/#\/schema\/logo\/image\/"},"sameAs":["https:\/\/www.facebook.com\/psol50","https:\/\/x.com\/psol50","https:\/\/www.instagram.com\/psol50\/","https:\/\/www.youtube.com\/channel\/UC7SnJS5o1os7a6CaiNabzcg"]},{"@type":"Person","@id":"https:\/\/psol50.org.br\/#\/schema\/person\/475dfa57d0b815993c714c2e96491fcd","name":"Comunica\u00e7\u00e3o PSOL","image":{"@type":"ImageObject","inLanguage":"pt-BR","@id":"https:\/\/psol50.org.br\/#\/schema\/person\/image\/","url":"https:\/\/secure.gravatar.com\/avatar\/b34fc4f4e468a4e51785917065a3db57b841f5c95dba6ad8c73aaf8f66f8f9bf?s=96&d=mm&r=g","contentUrl":"https:\/\/secure.gravatar.com\/avatar\/b34fc4f4e468a4e51785917065a3db57b841f5c95dba6ad8c73aaf8f66f8f9bf?s=96&d=mm&r=g","caption":"Comunica\u00e7\u00e3o PSOL"}}]}},"_links":{"self":[{"href":"https:\/\/psol50.org.br\/rest\/wp\/v2\/posts\/2851","targetHints":{"allow":["GET"]}}],"collection":[{"href":"https:\/\/psol50.org.br\/rest\/wp\/v2\/posts"}],"about":[{"href":"https:\/\/psol50.org.br\/rest\/wp\/v2\/types\/post"}],"author":[{"embeddable":true,"href":"https:\/\/psol50.org.br\/rest\/wp\/v2\/users\/2"}],"replies":[{"embeddable":true,"href":"https:\/\/psol50.org.br\/rest\/wp\/v2\/comments?post=2851"}],"version-history":[{"count":0,"href":"https:\/\/psol50.org.br\/rest\/wp\/v2\/posts\/2851\/revisions"}],"wp:attachment":[{"href":"https:\/\/psol50.org.br\/rest\/wp\/v2\/media?parent=2851"}],"wp:term":[{"taxonomy":"category","embeddable":true,"href":"https:\/\/psol50.org.br\/rest\/wp\/v2\/categories?post=2851"},{"taxonomy":"post_tag","embeddable":true,"href":"https:\/\/psol50.org.br\/rest\/wp\/v2\/tags?post=2851"}],"curies":[{"name":"wp","href":"https:\/\/api.w.org\/{rel}","templated":true}]}}