{"id":2855,"date":"2014-07-16T00:00:00","date_gmt":"2014-07-16T10:25:44","guid":{"rendered":"http:\/\/psol50.org.br\/arquivo\/2014\/07\/16\/luciana-genro-reafirma-compromisso-com-a-luta-pela-moradia-em-visita-a-ocupacao-em-bh\/"},"modified":"2014-07-16T00:00:00","modified_gmt":"2014-07-16T10:25:44","slug":"luciana-genro-reafirma-compromisso-com-a-luta-pela-moradia-em-visita-a-ocupacao-em-bh","status":"publish","type":"post","link":"https:\/\/psol50.org.br\/luciana-genro-reafirma-compromisso-com-a-luta-pela-moradia-em-visita-a-ocupacao-em-bh\/","title":{"rendered":"Luciana Genro reafirma compromisso com a luta pela moradia em visita a ocupa\u00e7\u00e3o em BH"},"content":{"rendered":"<div style=\"text-align: justify;\">\n\tPor&nbsp;<em>Reda\u00e7\u00e3o #Equipe50<\/em>&nbsp;<\/p>\n<p>\tA candidata do PSOL \u00e0 Presid\u00eancia da Rep\u00fablica, Luciana Genro, esteve nesta ter\u00e7a-feira, 15 de julho, em Belo Horizonte. Na agenda da candidata, destacou-se a visita \u00e0 ocupa\u00e7\u00e3o urbana Eliana Silva, organizada pelo Movimento de Luta dos Bairros e Favelas (MLB). Durante a caminhada, Luciana Genro esteve acompanhada pelo candidato do PSOL a governador de Minas Gerais, Fid\u00e9lis Alc\u00e2ntara, por candidatos a deputado estadual e federal, por moradores de outras ocupa\u00e7\u00f5es urbanas como Dandara, Vit\u00f3ria, Nelson Mandela e Rosa Le\u00e3o, por militantes do Partido Comunista Revolucion\u00e1rio e das Brigadas Populares.<\/p>\n<p>\tOs moradores da ocupa\u00e7\u00e3o, na qual vivem 3 mil fam\u00edlias, mostraram a forma de organiza\u00e7\u00e3o e a creche constru\u00edda e organizada pelos pr\u00f3prios moradores, sem nenhum incentivo dos governos municipal, estadual ou federal. A receptividade \u00e0 presidenci\u00e1vel do PSOL foi bastante positiva e aumentou com o compromisso de Luciana Genro com a reorganiza\u00e7\u00e3o global do programa habitacional dos governos Lula e Dilma.&nbsp;\u201cOs governos do PT fizeram o Minha Casa, Minha Vida para atender, primeiramente, os interesses das grandes empreiteiras e construtoras, as mesmas que financiam suas campanhas. N\u00f3s queremos um programa de moradia, que atenda os sem-teto, os que vivem em condi\u00e7\u00f5es prec\u00e1rias ou de aluguel. E se faz isso muito melhor com um programa habitacional gerido pelas entidades e movimentos comprometidos com a causa da moradia\u201d<em>,<\/em>&nbsp;defendeu Luciana Genro.<\/p>\n<p>\tA ocupa\u00e7\u00e3o visitada pela milit\u00e2ncia do PSOL leva o nome de uma das dirigentes do MLB, Eliana Silva, falecida em 2009, ap\u00f3s enfrentar um c\u00e2ncer de mama, sendo um s\u00edmbolo feminista da luta popular.<\/p>\n<p>\tA agenda da candidata seguiu na capital mineira, com entrevistas ao longo do dia e a #Largada50, com bandeira\u00e7o e caminhada com os militantes do PSOL e apoiadores da campanha, com sa\u00edda da Pra\u00e7a Sete, no centro de Belo Horizonte.<\/p>\n<p>\t<strong>Bras\u00edlia\/DF<\/strong><br \/>\n\tA candidata do PSOL segue sua caravana pelo Brasil, agora no Centro-Oeste. Luciana Genro cumpre intensa agenda de atividades em Bras\u00edlia\/DF, desde as primeiras horas da manh\u00e3 desta quarta-feira, 16 de julho.<\/p>\n<p>\tPela manh\u00e3 concede entrevistas a jornais da cidade. Participa no fim da manh\u00e3 de ato p\u00fablico pelo Asilo para Edwuard Snowden no Brasil, o jovem que revelou o esquema de espionagem dos EUA ano passado, em companhia dos deputados federais do PSOL, Chico Alencar, Jean Wyllys e Ivan Valente.<\/p>\n<p>\t\u00c0 tarde, ser\u00e1 recebida pelo presidente da Ordem dos Advogados do Brasil. \u00c0s 16h, realiza visita \u00e0 Embaixada da Palestina, em solidariedade aos palestinos mortos nos recentes ataques \u00e0 Faixa de Gaza. \u00c0s 17h30, participa de caminhada de campanha na Rodovi\u00e1ria do Plano Piloto, com os candidatos ao Governo do Distrito Federal, Toninho do PSOL, e ao Senado Federal, Aldem\u00e1rio Ara\u00fajo.<\/p>\n<p>\tEncerra o dia, \u00e0s 18h30, em evento de lan\u00e7amento p\u00fablico das candidaturas do PSOL no Disitrito Federal, no Balaio Caf\u00e9, no bairro Asa Norte.<\/p><\/div>\n<p>\n\t<span style=\"font-size:12px;\">&nbsp;<\/span><\/p>\n","protected":false},"excerpt":{"rendered":"<p>\u201cOs governos do PT fizeram o Minha Casa, Minha Vida para atender, primeiramente, os interesses das grandes empreiteiras e construtoras, as mesmas que financiam suas campanhas. N\u00f3s queremos um programa de moradia, que atenda os sem-teto, os que vivem em condi\u00e7\u00f5es prec\u00e1rias ou de aluguel&#8221;, disse a candidata<\/p>\n","protected":false},"author":2,"featured_media":0,"comment_status":"open","ping_status":"open","sticky":false,"template":"","format":"standard","meta":{"_acf_changed":false,"footnotes":""},"categories":[4766,4960,6],"tags":[2506],"class_list":{"0":"post-2855","1":"post","2":"type-post","3":"status-publish","4":"format-standard","6":"category-arquivo","7":"category-eleicoes-2014","8":"category-noticias","9":"tag-eleicoes-2014"},"acf":[],"yoast_head":"<!-- This site is optimized with the Yoast SEO plugin v26.5 - https:\/\/yoast.com\/wordpress\/plugins\/seo\/ -->\n<title>Luciana Genro reafirma compromisso com a luta pela moradia em visita a ocupa\u00e7\u00e3o em BH - PSOL 50<\/title>\n<meta name=\"robots\" content=\"index, follow, max-snippet:-1, max-image-preview:large, max-video-preview:-1\" \/>\n<link rel=\"canonical\" href=\"https:\/\/psol50.org.br\/luciana-genro-reafirma-compromisso-com-a-luta-pela-moradia-em-visita-a-ocupacao-em-bh\/\" \/>\n<meta property=\"og:locale\" content=\"pt_BR\" \/>\n<meta property=\"og:type\" content=\"article\" \/>\n<meta property=\"og:title\" content=\"Luciana Genro reafirma compromisso com a luta pela moradia em visita a ocupa\u00e7\u00e3o em BH - PSOL 50\" \/>\n<meta property=\"og:description\" content=\"\u201cOs governos do PT fizeram o Minha Casa, Minha Vida para atender, primeiramente, os interesses das grandes empreiteiras e construtoras, as mesmas que financiam suas campanhas. N\u00f3s queremos um programa de moradia, que atenda os sem-teto, os que vivem em condi\u00e7\u00f5es prec\u00e1rias ou de aluguel&quot;, disse a candidata\" \/>\n<meta property=\"og:url\" content=\"https:\/\/psol50.org.br\/luciana-genro-reafirma-compromisso-com-a-luta-pela-moradia-em-visita-a-ocupacao-em-bh\/\" \/>\n<meta property=\"og:site_name\" content=\"PSOL 50\" \/>\n<meta property=\"article:publisher\" content=\"https:\/\/www.facebook.com\/psol50\" \/>\n<meta property=\"article:published_time\" content=\"2014-07-16T10:25:44+00:00\" \/>\n<meta property=\"og:image\" content=\"https:\/\/psol50.org.br\/inc\/uploads\/2018\/07\/capa.png\" \/>\n\t<meta property=\"og:image:width\" content=\"1350\" \/>\n\t<meta property=\"og:image:height\" content=\"900\" \/>\n\t<meta property=\"og:image:type\" content=\"image\/png\" \/>\n<meta name=\"author\" content=\"Comunica\u00e7\u00e3o PSOL\" \/>\n<meta name=\"twitter:card\" content=\"summary_large_image\" \/>\n<meta name=\"twitter:creator\" content=\"@psol50\" \/>\n<meta name=\"twitter:site\" content=\"@psol50\" \/>\n<meta name=\"twitter:label1\" content=\"Escrito por\" \/>\n\t<meta name=\"twitter:data1\" content=\"Comunica\u00e7\u00e3o PSOL\" \/>\n\t<meta name=\"twitter:label2\" content=\"Est. tempo de leitura\" \/>\n\t<meta name=\"twitter:data2\" content=\"2 minutos\" \/>\n<script type=\"application\/ld+json\" class=\"yoast-schema-graph\">{\"@context\":\"https:\/\/schema.org\",\"@graph\":[{\"@type\":\"Article\",\"@id\":\"https:\/\/psol50.org.br\/luciana-genro-reafirma-compromisso-com-a-luta-pela-moradia-em-visita-a-ocupacao-em-bh\/#article\",\"isPartOf\":{\"@id\":\"https:\/\/psol50.org.br\/luciana-genro-reafirma-compromisso-com-a-luta-pela-moradia-em-visita-a-ocupacao-em-bh\/\"},\"author\":{\"name\":\"Comunica\u00e7\u00e3o PSOL\",\"@id\":\"https:\/\/psol50.org.br\/#\/schema\/person\/475dfa57d0b815993c714c2e96491fcd\"},\"headline\":\"Luciana Genro reafirma compromisso com a luta pela moradia em visita a ocupa\u00e7\u00e3o em BH\",\"datePublished\":\"2014-07-16T10:25:44+00:00\",\"mainEntityOfPage\":{\"@id\":\"https:\/\/psol50.org.br\/luciana-genro-reafirma-compromisso-com-a-luta-pela-moradia-em-visita-a-ocupacao-em-bh\/\"},\"wordCount\":515,\"commentCount\":0,\"publisher\":{\"@id\":\"https:\/\/psol50.org.br\/#organization\"},\"keywords\":[\"elei\u00e7\u00f5es 2014\"],\"articleSection\":[\"Arquivo\",\"ELEI\u00c7\u00d5ES 2014\",\"Not\u00edcias\"],\"inLanguage\":\"pt-BR\",\"potentialAction\":[{\"@type\":\"CommentAction\",\"name\":\"Comment\",\"target\":[\"https:\/\/psol50.org.br\/luciana-genro-reafirma-compromisso-com-a-luta-pela-moradia-em-visita-a-ocupacao-em-bh\/#respond\"]}]},{\"@type\":\"WebPage\",\"@id\":\"https:\/\/psol50.org.br\/luciana-genro-reafirma-compromisso-com-a-luta-pela-moradia-em-visita-a-ocupacao-em-bh\/\",\"url\":\"https:\/\/psol50.org.br\/luciana-genro-reafirma-compromisso-com-a-luta-pela-moradia-em-visita-a-ocupacao-em-bh\/\",\"name\":\"Luciana Genro reafirma compromisso com a luta pela moradia em visita a ocupa\u00e7\u00e3o em BH - PSOL 50\",\"isPartOf\":{\"@id\":\"https:\/\/psol50.org.br\/#website\"},\"datePublished\":\"2014-07-16T10:25:44+00:00\",\"breadcrumb\":{\"@id\":\"https:\/\/psol50.org.br\/luciana-genro-reafirma-compromisso-com-a-luta-pela-moradia-em-visita-a-ocupacao-em-bh\/#breadcrumb\"},\"inLanguage\":\"pt-BR\",\"potentialAction\":[{\"@type\":\"ReadAction\",\"target\":[\"https:\/\/psol50.org.br\/luciana-genro-reafirma-compromisso-com-a-luta-pela-moradia-em-visita-a-ocupacao-em-bh\/\"]}]},{\"@type\":\"BreadcrumbList\",\"@id\":\"https:\/\/psol50.org.br\/luciana-genro-reafirma-compromisso-com-a-luta-pela-moradia-em-visita-a-ocupacao-em-bh\/#breadcrumb\",\"itemListElement\":[{\"@type\":\"ListItem\",\"position\":1,\"name\":\"In\u00edcio\",\"item\":\"https:\/\/psol50.org.br\/\"},{\"@type\":\"ListItem\",\"position\":2,\"name\":\"Luciana Genro reafirma compromisso com a luta pela moradia em visita a ocupa\u00e7\u00e3o em BH\"}]},{\"@type\":\"WebSite\",\"@id\":\"https:\/\/psol50.org.br\/#website\",\"url\":\"https:\/\/psol50.org.br\/\",\"name\":\"PSOL 50\",\"description\":\"Site oficial do Partido Socialismo e Liberdade\",\"publisher\":{\"@id\":\"https:\/\/psol50.org.br\/#organization\"},\"alternateName\":\"PSOL50\",\"potentialAction\":[{\"@type\":\"SearchAction\",\"target\":{\"@type\":\"EntryPoint\",\"urlTemplate\":\"https:\/\/psol50.org.br\/?s={search_term_string}\"},\"query-input\":{\"@type\":\"PropertyValueSpecification\",\"valueRequired\":true,\"valueName\":\"search_term_string\"}}],\"inLanguage\":\"pt-BR\"},{\"@type\":\"Organization\",\"@id\":\"https:\/\/psol50.org.br\/#organization\",\"name\":\"PSOL 50\",\"alternateName\":\"PSOL 50\",\"url\":\"https:\/\/psol50.org.br\/\",\"logo\":{\"@type\":\"ImageObject\",\"inLanguage\":\"pt-BR\",\"@id\":\"https:\/\/psol50.org.br\/#\/schema\/logo\/image\/\",\"url\":\"https:\/\/psol50.org.br\/inc\/uploads\/2018\/07\/capa.png\",\"contentUrl\":\"https:\/\/psol50.org.br\/inc\/uploads\/2018\/07\/capa.png\",\"width\":1350,\"height\":900,\"caption\":\"PSOL 50\"},\"image\":{\"@id\":\"https:\/\/psol50.org.br\/#\/schema\/logo\/image\/\"},\"sameAs\":[\"https:\/\/www.facebook.com\/psol50\",\"https:\/\/x.com\/psol50\",\"https:\/\/www.instagram.com\/psol50\/\",\"https:\/\/www.youtube.com\/channel\/UC7SnJS5o1os7a6CaiNabzcg\"]},{\"@type\":\"Person\",\"@id\":\"https:\/\/psol50.org.br\/#\/schema\/person\/475dfa57d0b815993c714c2e96491fcd\",\"name\":\"Comunica\u00e7\u00e3o PSOL\",\"image\":{\"@type\":\"ImageObject\",\"inLanguage\":\"pt-BR\",\"@id\":\"https:\/\/psol50.org.br\/#\/schema\/person\/image\/\",\"url\":\"https:\/\/secure.gravatar.com\/avatar\/b34fc4f4e468a4e51785917065a3db57b841f5c95dba6ad8c73aaf8f66f8f9bf?s=96&d=mm&r=g\",\"contentUrl\":\"https:\/\/secure.gravatar.com\/avatar\/b34fc4f4e468a4e51785917065a3db57b841f5c95dba6ad8c73aaf8f66f8f9bf?s=96&d=mm&r=g\",\"caption\":\"Comunica\u00e7\u00e3o PSOL\"}}]}<\/script>\n<!-- \/ Yoast SEO plugin. -->","yoast_head_json":{"title":"Luciana Genro reafirma compromisso com a luta pela moradia em visita a ocupa\u00e7\u00e3o em BH - PSOL 50","robots":{"index":"index","follow":"follow","max-snippet":"max-snippet:-1","max-image-preview":"max-image-preview:large","max-video-preview":"max-video-preview:-1"},"canonical":"https:\/\/psol50.org.br\/luciana-genro-reafirma-compromisso-com-a-luta-pela-moradia-em-visita-a-ocupacao-em-bh\/","og_locale":"pt_BR","og_type":"article","og_title":"Luciana Genro reafirma compromisso com a luta pela moradia em visita a ocupa\u00e7\u00e3o em BH - PSOL 50","og_description":"\u201cOs governos do PT fizeram o Minha Casa, Minha Vida para atender, primeiramente, os interesses das grandes empreiteiras e construtoras, as mesmas que financiam suas campanhas. N\u00f3s queremos um programa de moradia, que atenda os sem-teto, os que vivem em condi\u00e7\u00f5es prec\u00e1rias ou de aluguel\", disse a candidata","og_url":"https:\/\/psol50.org.br\/luciana-genro-reafirma-compromisso-com-a-luta-pela-moradia-em-visita-a-ocupacao-em-bh\/","og_site_name":"PSOL 50","article_publisher":"https:\/\/www.facebook.com\/psol50","article_published_time":"2014-07-16T10:25:44+00:00","og_image":[{"width":1350,"height":900,"url":"https:\/\/psol50.org.br\/inc\/uploads\/2018\/07\/capa.png","type":"image\/png"}],"author":"Comunica\u00e7\u00e3o PSOL","twitter_card":"summary_large_image","twitter_creator":"@psol50","twitter_site":"@psol50","twitter_misc":{"Escrito por":"Comunica\u00e7\u00e3o PSOL","Est. tempo de leitura":"2 minutos"},"schema":{"@context":"https:\/\/schema.org","@graph":[{"@type":"Article","@id":"https:\/\/psol50.org.br\/luciana-genro-reafirma-compromisso-com-a-luta-pela-moradia-em-visita-a-ocupacao-em-bh\/#article","isPartOf":{"@id":"https:\/\/psol50.org.br\/luciana-genro-reafirma-compromisso-com-a-luta-pela-moradia-em-visita-a-ocupacao-em-bh\/"},"author":{"name":"Comunica\u00e7\u00e3o PSOL","@id":"https:\/\/psol50.org.br\/#\/schema\/person\/475dfa57d0b815993c714c2e96491fcd"},"headline":"Luciana Genro reafirma compromisso com a luta pela moradia em visita a ocupa\u00e7\u00e3o em BH","datePublished":"2014-07-16T10:25:44+00:00","mainEntityOfPage":{"@id":"https:\/\/psol50.org.br\/luciana-genro-reafirma-compromisso-com-a-luta-pela-moradia-em-visita-a-ocupacao-em-bh\/"},"wordCount":515,"commentCount":0,"publisher":{"@id":"https:\/\/psol50.org.br\/#organization"},"keywords":["elei\u00e7\u00f5es 2014"],"articleSection":["Arquivo","ELEI\u00c7\u00d5ES 2014","Not\u00edcias"],"inLanguage":"pt-BR","potentialAction":[{"@type":"CommentAction","name":"Comment","target":["https:\/\/psol50.org.br\/luciana-genro-reafirma-compromisso-com-a-luta-pela-moradia-em-visita-a-ocupacao-em-bh\/#respond"]}]},{"@type":"WebPage","@id":"https:\/\/psol50.org.br\/luciana-genro-reafirma-compromisso-com-a-luta-pela-moradia-em-visita-a-ocupacao-em-bh\/","url":"https:\/\/psol50.org.br\/luciana-genro-reafirma-compromisso-com-a-luta-pela-moradia-em-visita-a-ocupacao-em-bh\/","name":"Luciana Genro reafirma compromisso com a luta pela moradia em visita a ocupa\u00e7\u00e3o em BH - PSOL 50","isPartOf":{"@id":"https:\/\/psol50.org.br\/#website"},"datePublished":"2014-07-16T10:25:44+00:00","breadcrumb":{"@id":"https:\/\/psol50.org.br\/luciana-genro-reafirma-compromisso-com-a-luta-pela-moradia-em-visita-a-ocupacao-em-bh\/#breadcrumb"},"inLanguage":"pt-BR","potentialAction":[{"@type":"ReadAction","target":["https:\/\/psol50.org.br\/luciana-genro-reafirma-compromisso-com-a-luta-pela-moradia-em-visita-a-ocupacao-em-bh\/"]}]},{"@type":"BreadcrumbList","@id":"https:\/\/psol50.org.br\/luciana-genro-reafirma-compromisso-com-a-luta-pela-moradia-em-visita-a-ocupacao-em-bh\/#breadcrumb","itemListElement":[{"@type":"ListItem","position":1,"name":"In\u00edcio","item":"https:\/\/psol50.org.br\/"},{"@type":"ListItem","position":2,"name":"Luciana Genro reafirma compromisso com a luta pela moradia em visita a ocupa\u00e7\u00e3o em BH"}]},{"@type":"WebSite","@id":"https:\/\/psol50.org.br\/#website","url":"https:\/\/psol50.org.br\/","name":"PSOL 50","description":"Site oficial do Partido Socialismo e Liberdade","publisher":{"@id":"https:\/\/psol50.org.br\/#organization"},"alternateName":"PSOL50","potentialAction":[{"@type":"SearchAction","target":{"@type":"EntryPoint","urlTemplate":"https:\/\/psol50.org.br\/?s={search_term_string}"},"query-input":{"@type":"PropertyValueSpecification","valueRequired":true,"valueName":"search_term_string"}}],"inLanguage":"pt-BR"},{"@type":"Organization","@id":"https:\/\/psol50.org.br\/#organization","name":"PSOL 50","alternateName":"PSOL 50","url":"https:\/\/psol50.org.br\/","logo":{"@type":"ImageObject","inLanguage":"pt-BR","@id":"https:\/\/psol50.org.br\/#\/schema\/logo\/image\/","url":"https:\/\/psol50.org.br\/inc\/uploads\/2018\/07\/capa.png","contentUrl":"https:\/\/psol50.org.br\/inc\/uploads\/2018\/07\/capa.png","width":1350,"height":900,"caption":"PSOL 50"},"image":{"@id":"https:\/\/psol50.org.br\/#\/schema\/logo\/image\/"},"sameAs":["https:\/\/www.facebook.com\/psol50","https:\/\/x.com\/psol50","https:\/\/www.instagram.com\/psol50\/","https:\/\/www.youtube.com\/channel\/UC7SnJS5o1os7a6CaiNabzcg"]},{"@type":"Person","@id":"https:\/\/psol50.org.br\/#\/schema\/person\/475dfa57d0b815993c714c2e96491fcd","name":"Comunica\u00e7\u00e3o PSOL","image":{"@type":"ImageObject","inLanguage":"pt-BR","@id":"https:\/\/psol50.org.br\/#\/schema\/person\/image\/","url":"https:\/\/secure.gravatar.com\/avatar\/b34fc4f4e468a4e51785917065a3db57b841f5c95dba6ad8c73aaf8f66f8f9bf?s=96&d=mm&r=g","contentUrl":"https:\/\/secure.gravatar.com\/avatar\/b34fc4f4e468a4e51785917065a3db57b841f5c95dba6ad8c73aaf8f66f8f9bf?s=96&d=mm&r=g","caption":"Comunica\u00e7\u00e3o PSOL"}}]}},"_links":{"self":[{"href":"https:\/\/psol50.org.br\/rest\/wp\/v2\/posts\/2855","targetHints":{"allow":["GET"]}}],"collection":[{"href":"https:\/\/psol50.org.br\/rest\/wp\/v2\/posts"}],"about":[{"href":"https:\/\/psol50.org.br\/rest\/wp\/v2\/types\/post"}],"author":[{"embeddable":true,"href":"https:\/\/psol50.org.br\/rest\/wp\/v2\/users\/2"}],"replies":[{"embeddable":true,"href":"https:\/\/psol50.org.br\/rest\/wp\/v2\/comments?post=2855"}],"version-history":[{"count":0,"href":"https:\/\/psol50.org.br\/rest\/wp\/v2\/posts\/2855\/revisions"}],"wp:attachment":[{"href":"https:\/\/psol50.org.br\/rest\/wp\/v2\/media?parent=2855"}],"wp:term":[{"taxonomy":"category","embeddable":true,"href":"https:\/\/psol50.org.br\/rest\/wp\/v2\/categories?post=2855"},{"taxonomy":"post_tag","embeddable":true,"href":"https:\/\/psol50.org.br\/rest\/wp\/v2\/tags?post=2855"}],"curies":[{"name":"wp","href":"https:\/\/api.w.org\/{rel}","templated":true}]}}